{"id":174556,"date":"2016-03-24T14:56:08","date_gmt":"2016-03-24T14:56:08","guid":{"rendered":"https:\/\/www.meydan.tv\/article\/olkemizi-nece-temsil-edirik\/"},"modified":"2016-03-24T14:56:08","modified_gmt":"2016-03-24T14:56:08","slug":"olkemizi-nece-temsil-edirik","status":"publish","type":"post","link":"https:\/\/www.meydan.tv\/az\/article\/olkemizi-nece-temsil-edirik\/","title":{"rendered":"\u00d6lk\u0259mizi nec\u0259 t\u0259msil edirik\u2026"},"content":{"rendered":"<figure class=\"wp-block-image size-large\">\n  <img decoding=\"async\" src=\"https:\/\/www.meydan.tv\/az\/51242\/\" alt=\"\" class=\"wp-image-51242\"\/><figcaption><\/figcaption><\/figure>\n<\/p>\n<figure class=\"wp-block-image size-large\">\n  <img decoding=\"async\" src=\"https:\/\/www.meydan.tv\/az\/51245\/\" alt=\"\" class=\"wp-image-51245\"\/><figcaption><\/figcaption><\/figure>\n<p>\n  \u00d6lk\u0259d\u0259n xaric\u0259 ayaq basan h\u0259r k\u0259s \u0259m\u0259ll\u0259ri, davran\u0131\u015f\u0131, s\u0259rgil\u0259diyi d\u00fcnyag\u00f6r\u00fc\u015f\u00fc v\u0259 ba\u015fqalar\u0131nda yaratd\u0131\u011f\u0131 t\u0259\u0259ss\u00fcratla t\u0259kc\u0259 \u00f6z\u00fc haqq\u0131nda deyil, \u00fcmumilikd\u0259 az\u0259rbaycanl\u0131 kimliyi haqq\u0131nda fikir formala\u015fd\u0131r\u0131r. Nec\u0259 ki, m\u0259kt\u0259bd\u0259 biz\u0259 deyirdil\u0259r, burda h\u0259r k\u0259s \u00f6z ail\u0259sinin g\u00fczg\u00fcs\u00fcd\u00fcr, el\u0259c\u0259 d\u0259 xaricd\u0259ki h\u0259r bir az\u0259rbaycanl\u0131 \u00f6z b\u00f6y\u00fck ail\u0259si &#8211; \u00f6lk\u0259sinin g\u00fczg\u00fcs\u00fcd\u00fcr. Y\u0259ni h\u0259r bir f\u0259rd t\u0259kc\u0259 \u00f6z\u00fcn\u00fc deyil, bizim ham\u0131m\u0131z\u0131 t\u0259msil edir, \u00f6lk\u0259mizin, nec\u0259 insanlar oldu\u011fumuzun, hans\u0131 d\u0259y\u0259rl\u0259rl\u0259 ya\u015fad\u0131\u011f\u0131m\u0131z\u0131n, nec\u0259 bir m\u0259d\u0259niyy\u0259t\u0259 sahib oldu\u011fumuzun t\u0259msil\u00e7isidir. \u00d6lk\u0259d\u0259n \u00e7\u0131xan h\u0259r k\u0259s, getdiyi yerd\u0259 bir az\u0259rbaycanl\u0131 kimliyi formala\u015fd\u0131r\u0131r yadda\u015flarda.\n<\/p>\n<p>\n  B\u0259db\u0259xtlikd\u0259n art\u0131q ikinci onillikdir ki, d\u00fcnyaya v\u0259 regiona insan potensial\u0131m\u0131zla, m\u0259d\u0259niyy\u0259timizl\u0259, ba\u015fqa xalqlar i\u00e7ind\u0259 biz\u0259 qar\u015f\u0131 h\u0259qiqi h\u00f6rm\u0259t v\u0259 simpatiya do\u011furacaq f\u0259rdi v\u0259 ya x\u0259lqi keyfiyy\u0259timizl\u0259 yox, neftimizl\u0259, bizd\u0259n he\u00e7 bir \u0259m\u0259k v\u0259 bacar\u0131q t\u0259l\u0259b etm\u0259y\u0259n yeralt\u0131 s\u0259rv\u0259tl\u0259rd\u0259n qazand\u0131\u011f\u0131m\u0131z pullar hesab\u0131na ke\u00e7irdiyimiz musiqi v\u0259 idman yar\u0131\u015flar\u0131 il\u0259, daha \u00e7ox is\u0259 korrupsioner, avtoritar h\u00f6kum\u0259timizl\u0259, v\u0259t\u0259nda\u015f c\u0259miyy\u0259ti \u00fczvl\u0259rin\u0259 qar\u015f\u0131 qanunsuz h\u0259bsl\u0259r il\u0259 tan\u0131nmaqday\u0131q.<\/p>\n<p>  \u00d6lk\u0259 \u0259halisi olaraq, milli kimlik olaraq, f\u0259rd olaraq biz\u0259 \u0259lav\u0259 d\u0259y\u0259r qatacaq ikinci \u00f6z\u00fcm\u00fcz\u0259 aid \u00fcst\u00fcnl\u00fcy\u00fcm\u00fcz, bacar\u0131q v\u0259 keyfiyy\u0259timiz h\u0259tta \u00f6z\u00fcm\u00fcz\u00fc t\u0259\u0259cc\u00fcbl\u0259ndir\u0259c\u0259k q\u0259d\u0259r nadir\u0259n ba\u015f verir. Ona g\u00f6r\u0259 yox ki, \u00fcmumilikd\u0259 istedads\u0131z ya bacar\u0131qs\u0131z xalq\u0131q, ona g\u00f6r\u0259 ki, bu ill\u0259r \u0259rzind\u0259 \u00f6lk\u0259mizd\u0259 insan kapital\u0131 haqq\u0131nda d\u00fc\u015f\u00fcn\u00fclm\u0259di. Keyfiyy\u0259tli insan yeti\u015fdir\u0259 bil\u0259c\u0259k t\u0259sisatlar m\u0259hv edildi, t\u0259hsil yox, azadl\u0131q yox. D\u00fcnya h\u00f6kum\u0259timizin g\u00f6z\u00fcn\u0259 kafel-metlax, par\u0131lt\u0131, idman v\u0259 musiqi yar\u0131\u015fmas\u0131 kimi g\u00f6r\u00fcnd\u00fc ancaq. \u00d6lk\u0259 i\u00e7ind\u0259 v\u0259 \u00f6lk\u0259d\u0259n k\u0259narda h\u00f6kum\u0259t ancaq siyas\u0259tini bu y\u00f6nd\u0259 qurdu.<\/p>\n<p>  Bel\u0259likl\u0259, xaric\u0259 \u00e7\u0131xan h\u0259r bir f\u0259rd bu kafel-metlax\u0131, par\u0131lt\u0131n\u0131, musiqi yar\u0131\u015fmalar\u0131n\u0131 \u00f6z\u00fcyl\u0259 da\u015f\u0131ya bilm\u0259diyi \u00fc\u00e7\u00fcn v\u0259 \u00fcmumiyy\u0259tl\u0259, bu q\u0259bil siyas\u0259tin ba\u015fqalar\u0131nda biz\u0259 qar\u015f\u0131 hans\u0131sa maraq oyadacaq \u00e7\u0259kisi olmad\u0131\u011f\u0131 \u00fc\u00e7\u00fcn, ba\u015fqalar\u0131nda Az\u0259rbaycan v\u0259 az\u0259rbaycanl\u0131lar haqq\u0131nda fikirl\u0259ri h\u0259r k\u0259sin f\u0259rd kimi \u015f\u0259xsi potensial\u0131, davran\u0131\u015f\u0131 v\u0259 m\u0259d\u0259niyy\u0259ti formala\u015fd\u0131rmal\u0131 olur. \u0130ndi xaricd\u0259, x\u00fcsusil\u0259 yax\u0131n tarixd\u0259n bir imperiyada ya\u015fad\u0131\u011f\u0131m\u0131z qon\u015fu \u00f6lk\u0259l\u0259rd\u0259 Az\u0259rbaycandan v\u0259 az\u0259rbaycanl\u0131 oldu\u011funu dey\u0259rk\u0259n \u0259n yax\u015f\u0131 halda he\u00e7 bir diqq\u0259t \u00e7\u0259kmirs\u0259n.<\/p>\n<p>  \u00c7\u00fcnki yax\u0131n tarixd\u0259 \u00f6lk\u0259ni yax\u015f\u0131 m\u0259nada tan\u0131dacaq, ba\u015fqalar\u0131nda h\u00f6rm\u0259t do\u011furacaq n\u0259 d\u00f6vl\u0259t, n\u0259 d\u0259 insanlar s\u0259viyy\u0259sind\u0259 he\u00e7 bir i\u015fimiz, \u0259s\u0259rimiz, f\u0259aliyy\u0259timiz dem\u0259k olar ki, olmay\u0131b v\u0259 ya olanlar da laz\u0131mi s\u0259viyy\u0259d\u0259 tan\u0131d\u0131lmay\u0131b. \u018fg\u0259r s\u0259nin \u00f6lk\u0259n, s\u0259nin insan\u0131n v\u0259 m\u0259d\u0259niyy\u0259tin d\u00fcnyada \u0259n az\u0131 region s\u0259viyy\u0259sind\u0259 t\u0259msil olunmursa v\u0259 ya tan\u0131nm\u0131rsa, onda s\u0259nin t\u0259\u0259ss\u00fcrat yaratmaq, diqq\u0259t \u00e7\u0259km\u0259yin daha \u00e7\u0259tin m\u0259s\u0259l\u0259dir.<\/p>\n<p>  Ona g\u00f6r\u0259 d\u0259, Az\u0259rbaycan dey\u0259nd\u0259 d\u00f6vl\u0259tinin v\u0259 mill\u0259tinin ad\u0131 xariciy\u0259 he\u00e7 n\u0259 demir, he\u00e7 bir m\u0259d\u0259ni v\u0259 intellektual s\u0259viyy\u0259d\u0259 bizi tan\u0131dacaq, t\u0259msil ed\u0259c\u0259k u\u011furumuz v\u0259 ya hekay\u0259miz yoxdu. Adi \u015f\u0259xs d\u0259 \u00f6z\u00fc n\u0259 ed\u0259, n\u0259d\u0259n dan\u0131\u015fa ki, indiy\u0259 q\u0259d\u0259r olmayan t\u0259\u0259ss\u00fcrat\u0131 yarada bil\u0259? \u018fn yax\u015f\u0131 halda, biziml\u0259 tan\u0131\u015f deyill\u0259r. Amma m\u00fctl\u0259q tez-tez o adamlara rast g\u0259lirs\u0259n ki, art\u0131q s\u0259nd\u0259n qabaq buralarda olub v\u0259 nec\u0259 laz\u0131md\u0131rsa \u00f6lk\u0259ni d\u0259, insan\u0131m\u0131z\u0131 da yax\u015f\u0131ca \u201ct\u0259msil ed\u0259 bilib\u201d, az\u0259rbaycanl\u0131 kimliyi haqq\u0131nda \u00e7ox neqativ stereotip formala\u015fd\u0131r\u0131b. V\u0259 s\u0259nin indi o formala\u015fm\u0131\u015f fikri d\u0259yi\u015fm\u0259yin \u00e7\u0259tin m\u0259s\u0259l\u0259di.<\/p>\n<p>  Uzaq v\u0259 \u00e7oxmill\u0259tli Avropa v\u0259 Amerikan\u0131 k\u0259nara qoyaq. Yax\u0131n qon\u015fu v\u0259 region \u00f6lk\u0259l\u0259ri i\u00e7\u0259risind\u0259 &#8211; harada ki, biz \u00e7ox q\u0259rib say\u0131lmar\u0131q, harada ki, yax\u0131n ke\u00e7mi\u015fd\u0259ki birliyimizd\u0259n bir-birimizi tan\u0131y\u0131r\u0131q, o \u00f6lk\u0259l\u0259rd\u0259 bizi kiml\u0259r t\u0259msil edir, o \u00f6lk\u0259l\u0259rd\u0259 bizi nec\u0259 tan\u0131y\u0131rlar? \u00c7ox zaman o \u00f6lk\u0259l\u0259rd\u0259 biz\u0259 qar\u015f\u0131 olan m\u00fcnasib\u0259td\u0259n \u015fikay\u0259t\u00e7i oluruq. Halbuki biz n\u0259inki o \u00f6lk\u0259l\u0259rin c\u0259miyy\u0259tinin hans\u0131sa \u00fcst\u00fcnl\u00fcy\u00fcn\u00fc tan\u0131m\u0131r\u0131q, h\u0259tta aram\u0131zda he\u00e7 bir f\u0259rqin olmad\u0131\u011f\u0131n\u0131 d\u00fc\u015f\u00fcn\u0259r\u0259k \u00f6z\u00fcm\u00fcz\u0259 qar\u015f\u0131 olan m\u00fcnasib\u0259ti q\u0259r\u0259zli hesab edirik, bunu o \u00f6lk\u0259l\u0259rin insanlar\u0131n\u0131n pis xarakterin\u0259 yaz\u0131r\u0131q. Ancaq bir d\u00fc\u015f\u00fcn\u0259k, o \u00f6lk\u0259l\u0259rd\u0259 biz\u0259 qar\u015f\u0131 m\u00fcnasib\u0259ti kiml\u0259r yarad\u0131r, o m\u00fcnasib\u0259t n\u0259d\u0259n qaynaqlan\u0131r? Do\u011frudanm\u0131, biz\u0259 qar\u015f\u0131 m\u00fcnasib\u0259t \u0259dal\u0259tsizdir?\n<\/p>\n<p>\n  H\u0259min o yax\u0131n region \u00f6lk\u0259l\u0259rind\u0259 bizim reputasiyam\u0131z he\u00e7 d\u0259 yax\u015f\u0131 deyil. Buna \u0259min olmaq \u00fc\u00e7\u00fcn d\u0259 bel\u0259 ciddi ara\u015fd\u0131rma-filan aparma\u011fa ehtiyac yoxdur. Birinci n\u00f6vb\u0259d\u0259, ona g\u00f6r\u0259 ki, \u00f6lk\u0259d\u0259n k\u0259nara n\u0259 c\u00fcr insanlar\u0131, kiml\u0259ri g\u00f6nd\u0259ririk, bu ham\u0131ya az-\u00e7ox ayd\u0131nd\u0131r. \u0130kinci n\u00f6vb\u0259d\u0259, o \u00f6lk\u0259l\u0259rin ist\u0259nil\u0259n birind\u0259 k\u0259nardan durub, bizimkil\u0259rin \u00f6zl\u0259rini nec\u0259 aparmaqlar\u0131na baxmaq, n\u0259 i\u015fl\u0259r g\u00f6rd\u00fckl\u0259rini \u00f6yr\u0259nm\u0259kl\u0259 bunu g\u00f6rm\u0259k olar. \u00dc\u00e7\u00fcnc\u00fcs\u00fc, o \u00f6lk\u0259l\u0259rin normal m\u0259d\u0259ni insanlar\u0131ndan soru\u015fmaq kifay\u0259t ed\u0259r. Ondan \u0259lav\u0259, o \u00f6lk\u0259l\u0259rin d\u00f6vl\u0259t strukturlar\u0131 da t\u0259fsilat\u0131 il\u0259 haqq\u0131m\u0131zda \u00e7ox \u015fey dey\u0259 bil\u0259r. \u00c7\u00fcnki qon\u015fu \u00f6lk\u0259l\u0259r\u0259 ged\u0259nl\u0259rimiz \u0259n birinci \u00f6zl\u0259rini tan\u0131tmaqlar\u0131n\u0131 d\u00f6vl\u0259t strukturlar\u0131ndan ba\u015flay\u0131r.\n<\/p>\n<p>\n  Qon\u015fu \u00f6lk\u0259l\u0259r\u0259 bizd\u0259n kiml\u0259r gedir? Bir ne\u00e7\u0259 qrup adam. M\u0259s\u0259l\u0259n, qon\u015fu \u00f6lk\u0259l\u0259r\u0259 ged\u0259nl\u0259rimizin bir qrupu t\u0259l\u0259b\u0259l\u0259rd\u0259n ibar\u0259tdir. O t\u0259l\u0259b\u0259l\u0259rin \u0259ks\u0259riyy\u0259ti \u0259sas etibaril\u0259 Az\u0259rbaycanda 200-300 bal y\u0131\u011f\u0131b, \u00f6lk\u0259 universitetl\u0259rin\u0259 d\u00fc\u015f\u0259 bilm\u0259y\u0259nl\u0259rdir, yaln\u0131z attestatla T\u00fcrkiy\u0259 universitetl\u0259rin\u0259 q\u0259bul olurlar. Y\u0259ni qon\u015fu \u00f6lk\u0259y\u0259 g\u00f6nd\u0259rdiyimiz t\u0259l\u0259b\u0259l\u0259r, \u00f6z t\u0259hsil sistemi b\u0259rbad olan \u00f6lk\u0259mizd\u0259 bel\u0259 t\u0259l\u0259b\u0259 ad\u0131n\u0131 qazana bilm\u0259y\u0259n bir t\u0259b\u0259q\u0259dir. Onlar savads\u0131zd\u0131rlar, m\u0259qs\u0259dl\u0259ri bilik arxas\u0131nca getm\u0259k yox, sad\u0259c\u0259 nec\u0259 v\u0259 hans\u0131 yolla olursa-olsun, hans\u0131sa bir universitet\u0259 ili\u015fm\u0259k v\u0259 bir ne\u00e7\u0259 il avaralanmaqd\u0131r. Bel\u0259likl\u0259, T\u00fcrkiy\u0259d\u0259ki az\u0259rbaycanl\u0131 reputasiyas\u0131n\u0131 yaradan qruplardan biri b\u0259rbad Az\u0259rbaycan t\u0259hsil sistemind\u0259 bel\u0259 u\u011fur qazana bilm\u0259y\u0259c\u0259k q\u0259d\u0259r savads\u0131z t\u0259l\u0259b\u0259l\u0259rdir. Bunlar nisb\u0259t\u0259n yax\u015f\u0131s\u0131d\u0131r, o m\u0259nada ki, T\u00fcrkiy\u0259d\u0259 oxuyan h\u0259qiq\u0259t\u0259n savadl\u0131 t\u0259l\u0259b\u0259l\u0259rimiz d\u0259 xeyli vard\u0131r. Onlar\u0131n say\u0259sind\u0259 \u00fcmumi m\u0259nz\u0259r\u0259ni bir az d\u0259yi\u015f\u0259 bilirik.\n<\/p>\n<p>\n  \u00d6z b\u0259rbad t\u0259hsil sisteminin t\u0259lim v\u0259 t\u0259rbiy\u0259 ed\u0259 bilm\u0259diyi ba\u015fqa qrup t\u0259l\u0259b\u0259l\u0259r is\u0259 G\u00fcrc\u00fcstan, Rusiya v\u0259 Ukrayna kimi \u00f6lk\u0259l\u0259r\u0259 \u00fcz tuturlar. Do\u011frudan da, bu t\u0259l\u0259b\u0259l\u0259ri az\u0259rbaycanl\u0131 kimi tan\u0131yanlar bundan sonra hans\u0131sa ba\u015fqa az\u0259rbaycanl\u0131ya normal yana\u015fmas\u0131, h\u00f6rm\u0259t qoyma\u011fa \u00e7al\u0131\u015fmas\u0131, ona inanmas\u0131 \u00f6z\u00fc bir b\u00f6y\u00fck \u015feydir. Bunu tam s\u0259mimiyy\u0259tl\u0259 dem\u0259k olar. M\u0259n bu t\u0259l\u0259b\u0259l\u0259rd\u0259n G\u00fcrc\u00fcstan v\u0259 Ukraynada g\u00f6rm\u00fc\u015f\u0259m. Normal ail\u0259, valideyn qay\u011f\u0131s\u0131 v\u0259 sevgisi g\u00f6rm\u0259y\u0259n, ilk olaraq ail\u0259d\u0259 \u015fik\u0259st edil\u0259n, sonra c\u0259miyy\u0259tin v\u0259 m\u0259kt\u0259bin pozdu\u011fu o savads\u0131z, he\u00e7 bir dil bilm\u0259y\u0259n, s\u00f6z\u00fcn \u0259sl m\u0259nas\u0131nda h\u0259yat\u0131n m\u0259nas\u0131n\u0131 avaralanmaqda g\u00f6r\u0259n, he\u00e7 vaxt b\u00f6y\u00fcm\u0259y\u0259n infantil t\u0259l\u0259b\u0259l\u0259ri g\u00f6r\u0259nd\u0259, h\u0259m sars\u0131l\u0131rsan, h\u0259m \u00fcr\u0259yin a\u011fr\u0131y\u0131r, h\u0259m nifr\u0259t edirs\u0259n, h\u0259m d\u0259 ba\u015fa d\u00fc\u015f\u00fcrs\u0259n ki, budur s\u0259nin l\u0259n\u0259tl\u0259nmi\u015f taleyin, s\u0259ni t\u0259msil ed\u0259n h\u0259mv\u0259t\u0259nlin budur.<\/p>\n<p>  S\u0131n\u0131rsan v\u0259 ba\u015fa d\u00fc\u015f\u00fcrs\u0259n ki, art\u0131q s\u0259nin nec\u0259 biri olma\u011f\u0131n, f\u0259rdiyy\u0259tin, d\u00fcnyag\u00f6r\u00fc\u015f\u00fcn- filan bunlar\u0131n he\u00e7 biri s\u0259ni tan\u0131tmaqda ke\u00e7\u0259rli olmayacaq. S\u0259ni minl\u0259rl\u0259 bel\u0259 \u00fczqaras\u0131 h\u0259mv\u0259t\u0259nlin laz\u0131mi q\u0259d\u0259r tan\u0131d\u0131b. Ona g\u00f6r\u0259 sad\u0259c\u0259 c\u0259hd el\u0259m\u0259, onlardan biri olmasan bel\u0259, bununla bar\u0131\u015f ki, s\u0259nin bir az\u0259rbaycanl\u0131 kimi \u0259trafdak\u0131 xaricinin d\u00fc\u015f\u00fcnc\u0259sind\u0259 m\u00f6hk\u0259ml\u0259nmi\u015f \u00fcmumi obraz\u0131n\u0131 s\u0131nd\u0131rmaq m\u00fc\u015fk\u00fcld\u00fc. Art\u0131q h\u0259r \u015fey \u00fc\u00e7\u00fcn \u00e7ox gecdir, onlar daima \u015f\u00fcbh\u0259li v\u0259 inams\u0131zd\u0131lar.<\/p>\n<p>  Bu bar\u0259d\u0259 Rusiya v\u0259 Ukranyada v\u0259ziyy\u0259t lap \u00fcmummilli r\u00fcsvay\u00e7\u0131l\u0131qd\u0131r. Bu c\u00fcr t\u0259l\u0259b\u0259l\u0259rin ba\u015fqa azad v\u0259 a\u00e7\u0131q c\u0259miyy\u0259t\u0259 d\u00fc\u015fm\u0259si, orada \u00f6z\u00fcn\u00fc itirm\u0259si, azadl\u0131qdan v\u0259h\u015fil\u0259\u015fm\u0259si, n\u0259zar\u0259tsizlikd\u0259n b\u00fct\u00fcn s\u0259rh\u0259dl\u0259ri a\u015fmas\u0131, aqressivlik v\u0259 sair. Sayd\u0131qca bitm\u0259z. N\u0259tic\u0259, yen\u0259 eyni. Haradansan? Az\u0259rbaycandan. \u00dczl\u0259rd\u0259 yaranan q\u0259rib\u0259 t\u0259b\u0259ss\u00fcm, \u015fikay\u0259t dolu ifad\u0259. F\u00fcrs\u0259t tapan kimi, ham\u0131s\u0131n\u0131 yum\u015faql\u0131qla \u00fcz\u00fcm\u00fcz\u0259 deyirl\u0259r. Veril\u0259si cavab da yoxdur. Haql\u0131d\u0131rlar.\n<\/p>\n<p>\n  \u0130kinci qrup is\u0259 alver ed\u0259n t\u0259b\u0259q\u0259d\u0259n ibar\u0259tdir. B\u00fct\u00fcn qay\u011f\u0131s\u0131 \u0259lveri\u015fli qiym\u0259t\u0259 laz\u0131mi mallar tap\u0131b, onlar\u0131 al\u0131b \u00f6lk\u0259y\u0259 apar\u0131b satmaqla dolan\u0131\u015f\u0131q t\u0259min etm\u0259k olan z\u0259hm\u0259tke\u015f t\u0259b\u0259q\u0259. O t\u0259b\u0259q\u0259 ki, m\u0259d\u0259niyy\u0259t da\u015f\u0131y\u0131c\u0131s\u0131 olmad\u0131\u011f\u0131 \u00fc\u00e7\u00fcn h\u0259r hans\u0131 m\u00fcsb\u0259t fikir d\u0259 formala\u015fd\u0131rmaq kimi qay\u011f\u0131s\u0131 v\u0259 \u00f6hd\u0259liyi yoxdur. Onun f\u0259aliyy\u0259ti yum\u015faq des\u0259k, biznesdir. Ancaq o getdiyi v\u0259 qald\u0131\u011f\u0131 yerl\u0259rd\u0259 geyimi, davran\u0131\u015f\u0131 il\u0259 \u00fcmumi bir fikir yaradacaq m\u00fctl\u0259q. Bunun da nec\u0259 bir fikir olaca\u011f\u0131n\u0131 g\u00fcman ki, ham\u0131m\u0131z t\u0259xmin ed\u0259 bil\u0259rik . Daim a\u011f\u0131r y\u00fckl\u0259rl\u0259 y\u00fckl\u0259nmi\u015f, narahat, b\u00fct\u00fcn qay\u011f\u0131s\u0131 ald\u0131\u011f\u0131 mallar\u0131 sa\u011f-salamat v\u0259 t\u0259hl\u00fck\u0259siz \u00f6z \u00f6lk\u0259sin\u0259 \u00e7atd\u0131rmaq olan, qazanc \u00fc\u00e7\u00fcn \u00f6mr\u00fcn\u00fc yollarda x\u0259rcl\u0259y\u0259n adamlar n\u0259 kimi simpatiya yarada bil\u0259r ki?<\/p>\n<p>  D\u00f6vl\u0259t kimi onlar\u0131 h\u0259r yer\u0259 did\u0259rgin salm\u0131\u015f\u0131q qazanc \u00fc\u00e7\u00fcn. H\u0259r d\u0259f\u0259 G\u00fcrc\u00fcstandan Az\u0259rbaycana ke\u00e7\u0259nd\u0259, s\u0259rh\u0259dd\u0259 G\u00fcrc\u00fcstan g\u00f6mr\u00fck xidm\u0259tinin \u0259m\u0259kda\u015flar\u0131n\u0131n qon\u015fu \u00f6lk\u0259d\u0259n alverd\u0259n qay\u0131dan h\u0259mv\u0259t\u0259nlil\u0259rimizl\u0259 \u015fahidi oldu\u011fumuz davran\u0131\u015f\u0131 da ba\u015fqa d\u0259rddir. Baxmayaraq ki, \u00f6z g\u00f6mr\u00fck xidm\u0259ti \u0259m\u0259kda\u015flar\u0131m\u0131z\u0131n onlarla r\u0259ftar\u0131 daha da pisdir. H\u0259m utan\u0131rsan, h\u0259m pis olursan, h\u0259m \u0259s\u0259bl\u0259\u015fib onlar\u0131 m\u00fcdafi\u0259 el\u0259m\u0259k ist\u0259yirs\u0259n, h\u0259m d\u0259 he\u00e7 bir s\u0259b\u0259b tapm\u0131rsan bunun \u00fc\u00e7\u00fcn.<\/p>\n<p>  \u018flb\u0259tt\u0259, ham\u0131s\u0131 ba\u015fa d\u00fc\u015f\u00fcl\u0259ndir, ham\u0131s\u0131n\u0131n ayd\u0131n s\u0259b\u0259bi v\u0259 n\u0259tic\u0259si var, ancaq \u00fcmumilikd\u0259 reall\u0131q bel\u0259dir. \u0130rana v\u0259 T\u00fcrkiy\u0259y\u0259 ged\u0259n alver\u00e7il\u0259rimiz d\u0259 bundan be\u015f-bet\u0259r. Rusiya is\u0259 bizim bir xalq kimi r\u0259zil oldu\u011fumuz, batd\u0131\u011f\u0131m\u0131z, t\u0259hqir olundu\u011fumuz, a\u015fa\u011f\u0131land\u0131\u011f\u0131m\u0131z bir \u00f6lk\u0259dir. Milyonlarla insan, milyonlara biab\u0131r\u00e7\u0131l\u0131q. Bak\u0131da bu yax\u0131nlarda Rusiyadan qay\u0131tm\u0131\u015f taksi s\u00fcr\u00fcc\u00fcs\u00fc il\u0259 s\u00f6hb\u0259t edirdik, sual ver\u0259nd\u0259 ki, oradak\u0131 az\u0259rbaycanl\u0131lar n\u0259 i\u015f g\u00f6r\u00fcr, cavab\u0131 bu oldu ki: \u201cBrat, bizimkil\u0259rinki bazard\u0131r, bir d\u0259 o\u011furluqdur da\u201d.\n<\/p>\n<p>\n  <br \/>\n  Bu g\u00fcn qon\u015fu \u00f6lk\u0259l\u0259rd\u0259 v\u0259 ke\u00e7mi\u015f imperiya d\u00f6vl\u0259tl\u0259ri i\u00e7ind\u0259 h\u0259qiq\u0259t\u0259n az\u0259rbaycanl\u0131 kimliyinin reputasiyas\u0131 \u00e7ox pisdir. Sovet vaxt\u0131 \u00fcmumi ax\u0131n, bizd\u0259 d\u0259 az-\u00e7ox m\u0259d\u0259ni hadis\u0259l\u0259r\u0259, elm\u0259, kinoya t\u0259sir edirdi v\u0259 bunun say\u0259sind\u0259 az da olsa bizim d\u0259 m\u0259d\u0259niyy\u0259timiz o \u00f6lk\u0259l\u0259rd\u0259 tan\u0131n\u0131r, t\u0259msil olunurdu. M\u00fcst\u0259qillik d\u00f6vr\u00fcnd\u0259n bu yana is\u0259 biz bu m\u0259nada \u00f6z\u00fcm\u00fcz he\u00e7 bir \u015fey yarada bilm\u0259dik. \u018fksin\u0259, \u00f6z \u00f6lk\u0259miz el\u0259 bir v\u0259ziyy\u0259t\u0259 d\u00fc\u015fd\u00fc ki, yax\u015f\u0131 v\u0259 u\u011furlu hesab edil\u0259c\u0259k n\u0259yimiz v\u0259 kimimiz vard\u0131sa, \u00f6lk\u0259d\u0259n \u00e7\u0131x\u0131b getdi. \u0130ndi \u0259hat\u0259mizd\u0259ki qon\u015fu mill\u0259t\u00e7i, q\u00fcrurlu az-\u00e7ox m\u00fc\u0259yy\u0259n d\u0259yi\u015fiklikl\u0259r\u0259 nail olmu\u015f mill\u0259tl\u0259rl\u0259 m\u00fcqayis\u0259d\u0259 biz yoxuq.<\/p>\n<p>  Art\u0131q ke\u00e7mi\u015fd\u0259ki olan-qalan da unudulub, bizi cazib\u0259li ed\u0259c\u0259k, bizd\u0259 maraq oyadacaq is\u0259 he\u00e7 n\u0259 ba\u015f vermir. \u00dcst\u0259lik d\u0259, qon\u015fu \u00f6lk\u0259l\u0259rd\u0259 bizi t\u0259msil ed\u0259nl\u0259rin yaratd\u0131\u011f\u0131 sivilizasiyadan k\u0259nar qalm\u0131\u015f, m\u0259d\u0259niyy\u0259tsiz, t\u0259hsilsiz az\u0259rbaycanl\u0131 kimliyi. Bu gedi\u015f bizi Sovet vaxt\u0131 s\u0131ralar\u0131na qo\u015fuldu\u011fumuz mill\u0259tl\u0259rd\u0259n \u00fcmumi s\u0259viyy\u0259c\u0259 ay\u0131r\u0131r, bir m\u0259rt\u0259b\u0259 geriy\u0259, Da\u011f\u0131stana, \u00c7e\u00e7enistana yax\u0131nla\u015fd\u0131r\u0131r. Baxmayaraq ki, bu n\u0259tic\u0259y\u0259 g\u0259tirib \u00e7\u0131xaran b\u00fct\u00fcn sadalanan neqativ hallar\u0131n s\u0259b\u0259bkar\u0131 bizim siyasi sistemimizdir, ancaq \u00f6z\u00fcm\u00fcz\u00fcn d\u0259, f\u0259rd olaraq h\u0259r bir kimliyin d\u0259 bunda g\u00fcnah\u0131 var.<\/p>\n<p>  B\u00f6y\u00fck \u0259ks\u0259riyy\u0259timiz he\u00e7 vaxt, bir mill\u0259ti t\u0259msil etdiyimizi, \u00f6z kimliyimizl\u0259 mill\u0259timizin kimliyi haqq\u0131nda fikir formala\u015fd\u0131rd\u0131\u011f\u0131m\u0131z\u0131 anlam\u0131r\u0131q. \u00d6lk\u0259d\u0259n k\u0259narda bizi \u015f\u0259xs\u0259n he\u00e7 kim tan\u0131maya bil\u0259r, bu fakt bizim \u015f\u0259xsi m\u0259nada b\u00fct\u00fcn q\u00fcsurlar\u0131m\u0131z\u0131 g\u00f6r\u00fcnm\u0259z ed\u0259 bil\u0259r, amma o q\u00fcsurlar\u0131m\u0131z, o yaratd\u0131\u011f\u0131m\u0131z t\u0259\u0259ss\u00fcrat\u0131n ham\u0131s\u0131 \u00fcmumilikd\u0259 mill\u0259timizin ad\u0131na yaz\u0131l\u0131r v\u0259 bizim milli kimliyimiz\u0259 oturur. O mill\u0259t ki, bizim ba\u015fqalar\u0131 i\u00e7ind\u0259 ilk n\u00f6vb\u0259d\u0259 \u015f\u0259xsiyy\u0259timizdir. O mill\u0259t\u0259 ki, bizim d\u0259d\u0259-babalar\u0131m\u0131z sahib olublar v\u0259 bizim g\u0259l\u0259c\u0259k o\u011ful-u\u015fa\u011f\u0131m\u0131z sahib olacaq. Dem\u0259li, ona g\u00f6r\u0259 d\u0259, bu kimliyi qorumaq, onu yax\u015f\u0131 t\u0259msil etm\u0259k h\u0259r birimizin f\u0259rd kimi b\u00f6y\u00fck \u00f6hd\u0259liyimizdir.<\/p>\n<p>  Mill\u0259tin\u0259 h\u00f6rm\u0259t \u00f6z\u00fcn\u0259 h\u00f6rm\u0259td\u0259n ba\u015flay\u0131r. Biz mill\u0259t\u00e7i, q\u00fcrurlu, \u00f6z\u00fcn\u0259 vur\u011fun mill\u0259tl\u0259rin qon\u015fulu\u011funda ya\u015fay\u0131r\u0131q, inki\u015faf etm\u0259s\u0259k, d\u0259yi\u015fm\u0259s\u0259k, \u00f6z\u00fcm\u00fcz\u0259 h\u00f6rm\u0259t qazand\u0131ra bilm\u0259s\u0259k, qon\u015fular\u0131m\u0131zdan ba\u015flayaraq d\u00fcnya bizi sad\u0259c\u0259 g\u00f6rm\u0259y\u0259c\u0259k. G\u00f6r\u00fclm\u0259y\u0259n, sezilm\u0259y\u0259n, diqq\u0259t edilm\u0259y\u0259n xalqlar\u0131n da talehi \u00e7ox ac\u0131nacaql\u0131 olur, onlar \u00fc\u00e7\u00fcn bir yol qal\u0131r, da\u011flara \u00e7\u0259kilib, terrora \u0259l atmaq. Bizim is\u0259 buna layiq olmad\u0131\u011f\u0131m\u0131za, m\u00f6vc\u00fcd durumun m\u00fcv\u0259qq\u0259ti reall\u0131qdan qaynaqland\u0131\u011f\u0131n\u0131, v\u0259ziyy\u0259t v\u0259 \u015f\u0259raitin d\u0259yi\u015fm\u0259siyl\u0259 bizim d\u0259 potensial\u0131m\u0131z\u0131n a\u00e7\u0131laca\u011f\u0131na, yax\u015f\u0131l\u0131\u011fa do\u011fru d\u0259yi\u015f\u0259c\u0259yimiz\u0259 inam\u0131m b\u00f6y\u00fckd\u00fcr. B\u00fct\u00fcn bunlar is\u0259 sad\u0259c\u0259 bir etirafd\u0131r.\n<\/p>\n<\/p>\n<p>\n  <b><br \/>\n    Yaz\u0131 m\u00fc\u0259llifin \u015f\u0259xsi m\u00f6vqeyini \u0259ks etdirir&#8230;<br \/>\n  <\/b><\/p>\n","protected":false},"excerpt":{"rendered":"<p>\u00d6z\u00fcm\u00fcz\u00fc bel\u0259 t\u0259\u0259cc\u00fcbl\u0259ndir\u0259c\u0259k hallar<\/p>\n","protected":false},"author":11,"featured_media":51242,"comment_status":"closed","ping_status":"open","sticky":false,"template":"","format":"standard","meta":{"_acf_changed":false,"_sitemap_exclude":false,"_sitemap_priority":"","_sitemap_frequency":"","footnotes":""},"categories":[57],"tags":[],"class_list":["post-174556","post","type-post","status-publish","format-standard","has-post-thumbnail","hentry","category-menim-fikrimce","infinite-scroll-item","generate-columns","tablet-grid-50","mobile-grid-100","grid-parent","grid-33","no-featured-image-padding"],"acf":[],"yoast_head":"<!-- This site is optimized with the Yoast SEO plugin v27.5 - https:\/\/yoast.com\/product\/yoast-seo-wordpress\/ -->\n<title>\u00d6lk\u0259mizi nec\u0259 t\u0259msil edirik\u2026 - MEYDAN.TV<\/title>\n<meta name=\"robots\" content=\"index, follow, max-snippet:-1, max-image-preview:large, max-video-preview:-1\" \/>\n<link rel=\"canonical\" href=\"https:\/\/www.meydan.tv\/az\/article\/olkemizi-nece-temsil-edirik\/\" \/>\n<meta property=\"og:locale\" content=\"az_AZ\" \/>\n<meta property=\"og:type\" content=\"article\" \/>\n<meta property=\"og:title\" content=\"\u00d6lk\u0259mizi nec\u0259 t\u0259msil edirik\u2026 - MEYDAN.TV\" \/>\n<meta property=\"og:description\" content=\"\u00d6z\u00fcm\u00fcz\u00fc bel\u0259 t\u0259\u0259cc\u00fcbl\u0259ndir\u0259c\u0259k hallar\" \/>\n<meta property=\"og:url\" content=\"https:\/\/www.meydan.tv\/az\/article\/olkemizi-nece-temsil-edirik\/\" \/>\n<meta property=\"og:site_name\" content=\"MEYDAN.TV\" \/>\n<meta property=\"article:published_time\" content=\"2016-03-24T14:56:08+00:00\" \/>\n<meta property=\"og:image\" content=\"https:\/\/www.meydan.tv\/wp-content\/uploads\/19369.jpg\" \/>\n\t<meta property=\"og:image:width\" content=\"500\" \/>\n\t<meta property=\"og:image:height\" content=\"500\" \/>\n\t<meta property=\"og:image:type\" content=\"image\/jpeg\" \/>\n<meta name=\"author\" content=\"user-manager\" \/>\n<meta name=\"twitter:card\" content=\"summary_large_image\" \/>\n<script type=\"application\/ld+json\" class=\"yoast-schema-graph\">{\"@context\":\"https:\\\/\\\/schema.org\",\"@graph\":[{\"@type\":\"Article\",\"@id\":\"https:\\\/\\\/www.meydan.tv\\\/az\\\/article\\\/olkemizi-nece-temsil-edirik\\\/#article\",\"isPartOf\":{\"@id\":\"https:\\\/\\\/www.meydan.tv\\\/az\\\/article\\\/olkemizi-nece-temsil-edirik\\\/\"},\"author\":{\"name\":\"user-manager\",\"@id\":\"https:\\\/\\\/www.meydan.tv\\\/az\\\/#\\\/schema\\\/person\\\/10d11eccf6da3662cf5fdab9806ea91a\"},\"headline\":\"\u00d6lk\u0259mizi nec\u0259 t\u0259msil edirik\u2026\",\"datePublished\":\"2016-03-24T14:56:08+00:00\",\"mainEntityOfPage\":{\"@id\":\"https:\\\/\\\/www.meydan.tv\\\/az\\\/article\\\/olkemizi-nece-temsil-edirik\\\/\"},\"wordCount\":2805,\"publisher\":{\"@id\":\"https:\\\/\\\/www.meydan.tv\\\/az\\\/#organization\"},\"image\":{\"@id\":\"https:\\\/\\\/www.meydan.tv\\\/az\\\/article\\\/olkemizi-nece-temsil-edirik\\\/#primaryimage\"},\"thumbnailUrl\":\"https:\\\/\\\/www.meydan.tv\\\/wp-content\\\/uploads\\\/19369.jpg\",\"articleSection\":[\"M\u0259nim Fikrimc\u0259\"],\"inLanguage\":\"az\"},{\"@type\":\"WebPage\",\"@id\":\"https:\\\/\\\/www.meydan.tv\\\/az\\\/article\\\/olkemizi-nece-temsil-edirik\\\/\",\"url\":\"https:\\\/\\\/www.meydan.tv\\\/az\\\/article\\\/olkemizi-nece-temsil-edirik\\\/\",\"name\":\"\u00d6lk\u0259mizi nec\u0259 t\u0259msil edirik\u2026 - MEYDAN.TV\",\"isPartOf\":{\"@id\":\"https:\\\/\\\/www.meydan.tv\\\/az\\\/#website\"},\"primaryImageOfPage\":{\"@id\":\"https:\\\/\\\/www.meydan.tv\\\/az\\\/article\\\/olkemizi-nece-temsil-edirik\\\/#primaryimage\"},\"image\":{\"@id\":\"https:\\\/\\\/www.meydan.tv\\\/az\\\/article\\\/olkemizi-nece-temsil-edirik\\\/#primaryimage\"},\"thumbnailUrl\":\"https:\\\/\\\/www.meydan.tv\\\/wp-content\\\/uploads\\\/19369.jpg\",\"datePublished\":\"2016-03-24T14:56:08+00:00\",\"breadcrumb\":{\"@id\":\"https:\\\/\\\/www.meydan.tv\\\/az\\\/article\\\/olkemizi-nece-temsil-edirik\\\/#breadcrumb\"},\"inLanguage\":\"az\",\"potentialAction\":[{\"@type\":\"ReadAction\",\"target\":[\"https:\\\/\\\/www.meydan.tv\\\/az\\\/article\\\/olkemizi-nece-temsil-edirik\\\/\"]}]},{\"@type\":\"ImageObject\",\"inLanguage\":\"az\",\"@id\":\"https:\\\/\\\/www.meydan.tv\\\/az\\\/article\\\/olkemizi-nece-temsil-edirik\\\/#primaryimage\",\"url\":\"https:\\\/\\\/www.meydan.tv\\\/wp-content\\\/uploads\\\/19369.jpg\",\"contentUrl\":\"https:\\\/\\\/www.meydan.tv\\\/wp-content\\\/uploads\\\/19369.jpg\",\"width\":500,\"height\":500,\"caption\":\"Source:\"},{\"@type\":\"BreadcrumbList\",\"@id\":\"https:\\\/\\\/www.meydan.tv\\\/az\\\/article\\\/olkemizi-nece-temsil-edirik\\\/#breadcrumb\",\"itemListElement\":[{\"@type\":\"ListItem\",\"position\":1,\"name\":\"Ana s\u0259hif\u0259\",\"item\":\"https:\\\/\\\/www.meydan.tv\\\/az\\\/\"},{\"@type\":\"ListItem\",\"position\":2,\"name\":\"M\u0259nim Fikrimc\u0259\",\"item\":\"https:\\\/\\\/www.meydan.tv\\\/az\\\/section\\\/menim-fikrimce\\\/\"},{\"@type\":\"ListItem\",\"position\":3,\"name\":\"\u00d6lk\u0259mizi nec\u0259 t\u0259msil edirik\u2026\"}]},{\"@type\":\"WebSite\",\"@id\":\"https:\\\/\\\/www.meydan.tv\\\/az\\\/#website\",\"url\":\"https:\\\/\\\/www.meydan.tv\\\/az\\\/\",\"name\":\"MEYDAN.TV\",\"description\":\"Meydan TV Az\u0259rbaycan\u0131n media m\u0259kan\u0131ndak\u0131 alternativ s\u0259sidir\",\"publisher\":{\"@id\":\"https:\\\/\\\/www.meydan.tv\\\/az\\\/#organization\"},\"potentialAction\":[{\"@type\":\"SearchAction\",\"target\":{\"@type\":\"EntryPoint\",\"urlTemplate\":\"https:\\\/\\\/www.meydan.tv\\\/az\\\/?s={search_term_string}\"},\"query-input\":{\"@type\":\"PropertyValueSpecification\",\"valueRequired\":true,\"valueName\":\"search_term_string\"}}],\"inLanguage\":\"az\"},{\"@type\":\"Organization\",\"@id\":\"https:\\\/\\\/www.meydan.tv\\\/az\\\/#organization\",\"name\":\"Meydan TV\",\"url\":\"https:\\\/\\\/www.meydan.tv\\\/az\\\/\",\"logo\":{\"@type\":\"ImageObject\",\"inLanguage\":\"az\",\"@id\":\"https:\\\/\\\/www.meydan.tv\\\/az\\\/#\\\/schema\\\/logo\\\/image\\\/\",\"url\":\"https:\\\/\\\/www.meydan.tv\\\/wp-content\\\/uploads\\\/2021\\\/07\\\/meydan-logo.svg\",\"contentUrl\":\"https:\\\/\\\/www.meydan.tv\\\/wp-content\\\/uploads\\\/2021\\\/07\\\/meydan-logo.svg\",\"width\":195,\"height\":46,\"caption\":\"Meydan TV\"},\"image\":{\"@id\":\"https:\\\/\\\/www.meydan.tv\\\/az\\\/#\\\/schema\\\/logo\\\/image\\\/\"}},{\"@type\":\"Person\",\"@id\":\"https:\\\/\\\/www.meydan.tv\\\/az\\\/#\\\/schema\\\/person\\\/10d11eccf6da3662cf5fdab9806ea91a\",\"name\":\"user-manager\"}]}<\/script>\n<!-- \/ Yoast SEO plugin. -->","yoast_head_json":{"title":"\u00d6lk\u0259mizi nec\u0259 t\u0259msil edirik\u2026 - MEYDAN.TV","robots":{"index":"index","follow":"follow","max-snippet":"max-snippet:-1","max-image-preview":"max-image-preview:large","max-video-preview":"max-video-preview:-1"},"canonical":"https:\/\/www.meydan.tv\/az\/article\/olkemizi-nece-temsil-edirik\/","og_locale":"az_AZ","og_type":"article","og_title":"\u00d6lk\u0259mizi nec\u0259 t\u0259msil edirik\u2026 - MEYDAN.TV","og_description":"\u00d6z\u00fcm\u00fcz\u00fc bel\u0259 t\u0259\u0259cc\u00fcbl\u0259ndir\u0259c\u0259k hallar","og_url":"https:\/\/www.meydan.tv\/az\/article\/olkemizi-nece-temsil-edirik\/","og_site_name":"MEYDAN.TV","article_published_time":"2016-03-24T14:56:08+00:00","og_image":[{"width":500,"height":500,"url":"https:\/\/www.meydan.tv\/wp-content\/uploads\/19369.jpg","type":"image\/jpeg"}],"author":"user-manager","twitter_card":"summary_large_image","schema":{"@context":"https:\/\/schema.org","@graph":[{"@type":"Article","@id":"https:\/\/www.meydan.tv\/az\/article\/olkemizi-nece-temsil-edirik\/#article","isPartOf":{"@id":"https:\/\/www.meydan.tv\/az\/article\/olkemizi-nece-temsil-edirik\/"},"author":{"name":"user-manager","@id":"https:\/\/www.meydan.tv\/az\/#\/schema\/person\/10d11eccf6da3662cf5fdab9806ea91a"},"headline":"\u00d6lk\u0259mizi nec\u0259 t\u0259msil edirik\u2026","datePublished":"2016-03-24T14:56:08+00:00","mainEntityOfPage":{"@id":"https:\/\/www.meydan.tv\/az\/article\/olkemizi-nece-temsil-edirik\/"},"wordCount":2805,"publisher":{"@id":"https:\/\/www.meydan.tv\/az\/#organization"},"image":{"@id":"https:\/\/www.meydan.tv\/az\/article\/olkemizi-nece-temsil-edirik\/#primaryimage"},"thumbnailUrl":"https:\/\/www.meydan.tv\/wp-content\/uploads\/19369.jpg","articleSection":["M\u0259nim Fikrimc\u0259"],"inLanguage":"az"},{"@type":"WebPage","@id":"https:\/\/www.meydan.tv\/az\/article\/olkemizi-nece-temsil-edirik\/","url":"https:\/\/www.meydan.tv\/az\/article\/olkemizi-nece-temsil-edirik\/","name":"\u00d6lk\u0259mizi nec\u0259 t\u0259msil edirik\u2026 - MEYDAN.TV","isPartOf":{"@id":"https:\/\/www.meydan.tv\/az\/#website"},"primaryImageOfPage":{"@id":"https:\/\/www.meydan.tv\/az\/article\/olkemizi-nece-temsil-edirik\/#primaryimage"},"image":{"@id":"https:\/\/www.meydan.tv\/az\/article\/olkemizi-nece-temsil-edirik\/#primaryimage"},"thumbnailUrl":"https:\/\/www.meydan.tv\/wp-content\/uploads\/19369.jpg","datePublished":"2016-03-24T14:56:08+00:00","breadcrumb":{"@id":"https:\/\/www.meydan.tv\/az\/article\/olkemizi-nece-temsil-edirik\/#breadcrumb"},"inLanguage":"az","potentialAction":[{"@type":"ReadAction","target":["https:\/\/www.meydan.tv\/az\/article\/olkemizi-nece-temsil-edirik\/"]}]},{"@type":"ImageObject","inLanguage":"az","@id":"https:\/\/www.meydan.tv\/az\/article\/olkemizi-nece-temsil-edirik\/#primaryimage","url":"https:\/\/www.meydan.tv\/wp-content\/uploads\/19369.jpg","contentUrl":"https:\/\/www.meydan.tv\/wp-content\/uploads\/19369.jpg","width":500,"height":500,"caption":"Source:"},{"@type":"BreadcrumbList","@id":"https:\/\/www.meydan.tv\/az\/article\/olkemizi-nece-temsil-edirik\/#breadcrumb","itemListElement":[{"@type":"ListItem","position":1,"name":"Ana s\u0259hif\u0259","item":"https:\/\/www.meydan.tv\/az\/"},{"@type":"ListItem","position":2,"name":"M\u0259nim Fikrimc\u0259","item":"https:\/\/www.meydan.tv\/az\/section\/menim-fikrimce\/"},{"@type":"ListItem","position":3,"name":"\u00d6lk\u0259mizi nec\u0259 t\u0259msil edirik\u2026"}]},{"@type":"WebSite","@id":"https:\/\/www.meydan.tv\/az\/#website","url":"https:\/\/www.meydan.tv\/az\/","name":"MEYDAN.TV","description":"Meydan TV Az\u0259rbaycan\u0131n media m\u0259kan\u0131ndak\u0131 alternativ s\u0259sidir","publisher":{"@id":"https:\/\/www.meydan.tv\/az\/#organization"},"potentialAction":[{"@type":"SearchAction","target":{"@type":"EntryPoint","urlTemplate":"https:\/\/www.meydan.tv\/az\/?s={search_term_string}"},"query-input":{"@type":"PropertyValueSpecification","valueRequired":true,"valueName":"search_term_string"}}],"inLanguage":"az"},{"@type":"Organization","@id":"https:\/\/www.meydan.tv\/az\/#organization","name":"Meydan TV","url":"https:\/\/www.meydan.tv\/az\/","logo":{"@type":"ImageObject","inLanguage":"az","@id":"https:\/\/www.meydan.tv\/az\/#\/schema\/logo\/image\/","url":"https:\/\/www.meydan.tv\/wp-content\/uploads\/2021\/07\/meydan-logo.svg","contentUrl":"https:\/\/www.meydan.tv\/wp-content\/uploads\/2021\/07\/meydan-logo.svg","width":195,"height":46,"caption":"Meydan TV"},"image":{"@id":"https:\/\/www.meydan.tv\/az\/#\/schema\/logo\/image\/"}},{"@type":"Person","@id":"https:\/\/www.meydan.tv\/az\/#\/schema\/person\/10d11eccf6da3662cf5fdab9806ea91a","name":"user-manager"}]}},"_links":{"self":[{"href":"https:\/\/www.meydan.tv\/az\/wp-json\/wp\/v2\/posts\/174556","targetHints":{"allow":["GET"]}}],"collection":[{"href":"https:\/\/www.meydan.tv\/az\/wp-json\/wp\/v2\/posts"}],"about":[{"href":"https:\/\/www.meydan.tv\/az\/wp-json\/wp\/v2\/types\/post"}],"author":[{"embeddable":true,"href":"https:\/\/www.meydan.tv\/az\/wp-json\/wp\/v2\/users\/11"}],"replies":[{"embeddable":true,"href":"https:\/\/www.meydan.tv\/az\/wp-json\/wp\/v2\/comments?post=174556"}],"version-history":[{"count":0,"href":"https:\/\/www.meydan.tv\/az\/wp-json\/wp\/v2\/posts\/174556\/revisions"}],"wp:featuredmedia":[{"embeddable":true,"href":"https:\/\/www.meydan.tv\/az\/wp-json\/wp\/v2\/media\/51242"}],"wp:attachment":[{"href":"https:\/\/www.meydan.tv\/az\/wp-json\/wp\/v2\/media?parent=174556"}],"wp:term":[{"taxonomy":"category","embeddable":true,"href":"https:\/\/www.meydan.tv\/az\/wp-json\/wp\/v2\/categories?post=174556"},{"taxonomy":"post_tag","embeddable":true,"href":"https:\/\/www.meydan.tv\/az\/wp-json\/wp\/v2\/tags?post=174556"}],"curies":[{"name":"wp","href":"https:\/\/api.w.org\/{rel}","templated":true}]}}