{"id":174523,"date":"2016-03-21T19:32:16","date_gmt":"2016-03-21T19:32:16","guid":{"rendered":"https:\/\/www.meydan.tv\/article\/homo-soveticus\/"},"modified":"2016-03-21T19:32:16","modified_gmt":"2016-03-21T19:32:16","slug":"homo-soveticus","status":"publish","type":"post","link":"https:\/\/www.meydan.tv\/az\/article\/homo-soveticus\/","title":{"rendered":"Homo Soveticus"},"content":{"rendered":"<figure class=\"wp-block-image size-large\">\n  <img decoding=\"async\" src=\"https:\/\/www.meydan.tv\/az\/51669\/\" alt=\"\" class=\"wp-image-51669\"\/><figcaption><\/figcaption><\/figure>\n<figure class=\"wp-block-image size-large\">\n  <img decoding=\"async\" src=\"https:\/\/www.meydan.tv\/az\/51671\/\" alt=\"\" class=\"wp-image-51671\"\/><figcaption><\/figcaption><\/figure>\n<p>\n  Homo soveticus &#8211; totalitar sovet rejiminin uzun ill\u0259r \u0259rzind\u0259 yeti\u015fdirdiyi x\u00fcsusi mentall\u0131\u011fa malik insan tipinin sarkastik-ri\u015fx\u0259ndli v\u0259 psevdolat\u0131n termini il\u0259 isiml\u0259ndirilm\u0259sidir.\n<\/p>\n<p>\n  Y\u0259qin ki, m\u00f6vzunun n\u0259d\u0259n b\u0259hs ed\u0259c\u0259yini art\u0131q bildiniz, lakin bu h\u0259dd\u0259n art\u0131q a\u011f\u0131r m\u00f6vzuya ke\u00e7m\u0259zd\u0259n \u0259trafdak\u0131 bayram t\u0259brikl\u0259rin\u0259 qo\u015fulmaq ist\u0259rdim.\n<\/p>\n<p>\n  U\u015faq vaxt\u0131, sovet zaman\u0131nda \u00e7oxlu bayramlar vard\u0131, ham\u0131s\u0131nda da m\u0259kt\u0259bd\u0259n he\u00e7 olmazsa 1-2 g\u00fcn t\u0259till\u0259 \u00e7\u0131x\u0131rd\u0131q v\u0259 u\u015faq \u00fc\u00e7\u00fcn t\u0259bii ki, \u0259n vacibi d\u0259 bu idi. Amma bu bayram m\u0259nim \u00fc\u00e7\u00fcn eyni zamanda n\u0259s\u0259 \u00f6z sirli atmosferi il\u0259 \u00e7ox f\u0259rqli idi. Do\u011frusu, bunu \u0130fad\u0259 etm\u0259k d\u0259 asan deyil. \u018fslind\u0259, o zaman bu bayram qeyri-formal xarakter da\u015f\u0131y\u0131rd\u0131, lakin buna r\u0259\u011fm\u0259n, h\u0259qiq\u0259t\u0259n d\u0259 n\u0259s\u0259 \u00e7ox v\u0259dedici v\u0259 sirli havas\u0131 vard\u0131, bunu n\u0259slin qad\u0131nlar\u0131 evin m\u0259tb\u0259xin\u0259 y\u0131\u011f\u0131\u015f\u0131b qeyb\u0259t ed\u0259-ed\u0259 \u015firniyyat bi\u015fir\u0259nd\u0259, evi \u0259tirli t\u00fcst\u00fc b\u00fcr\u00fcy\u0259nd\u0259, biz, n\u0259slin u\u015faqlar\u0131, m\u00fcxt\u0259lif evl\u0259rd\u0259n u\u015faqlar da qon\u015fu otaqda olmaz\u0131n d\u0259c\u0259llikd\u0259n \u00e7\u0131xanda hiss edirdim. \u0130ndiy\u0259 kimi bu bahar bayram\u0131 g\u0259ldikd\u0259, \u00f6z\u00fcm\u00fc sanki o d\u0259c\u0259l u\u015faq kimi hiss edir\u0259m, b\u0259lk\u0259 d\u0259 hiss etm\u0259k ist\u0259yir\u0259m, qeyri-ixtiyari&#8230; Y\u0259qin ki, t\u0259k m\u0259nd\u0259 deyil o hiss.\n<\/p>\n<p>\n  Q\u0131sas\u0131, bu bayram o zaman m\u00f6vcud b\u00fct\u00fcn formal bayramlardan (7-8 noyabr, 1-2 may, 23 fevral, 8 mart, h\u0259tta 9 may) tamamil\u0259 f\u0259rql\u0259nirdi v\u0259 bir n\u00f6v h\u0259min bu sovet prokrust (Procrustes &#8211; q\u0259dim yunan \u0259fsan\u0259vi tipi) \u00e7\u0259r\u00e7iv\u0259l\u0259rind\u0259n \u00e7ox f\u0259rql\u0259nirdi. B\u0259lk\u0259 d\u0259 bu bayram bizi \u0259n\u0259n\u0259vi homo soveticus&#8217;dan f\u0259rql\u0259ndir\u0259n yegan\u0259 ritual idi.\n<\/p>\n<p>\n  Homo Soveticus \u0259slind\u0259 taleyin istehzas\u0131 idi. B\u00fct\u00fcn u\u015faql\u0131q d\u00f6vr\u00fcm\u00fc Bak\u0131n\u0131n z\u0131rp\u0131 s\u0259naye obyekl\u0259rinin \u00fcst\u00fcnd\u0259 &#8220;\u0421\u043b\u0430\u0432\u0430 \u0421\u043e\u0432\u0435\u0442\u0441\u043a\u043e\u043c\u0443 \u041d\u0430\u0440\u043e\u0434\u0443!&#8221; plakat\u0131n\u0131 seyr ed\u0259n birisi kimi g\u00f6r\u00fcrd\u00fcm &#8211; bu yaz\u0131lanlar, az qala h\u0259r g\u00fcn getdiyim v\u0259 a\u011fz\u0131na kimi dolu olan 30 \u2116-li avtobusun s\u0259rni\u015finl\u0259ri \u00fc\u00e7\u00fcn \u0259n az\u0131ndan he\u00e7 n\u0259dir. \u018fg\u0259r ri\u015fx\u0259nd obyekti deyils\u0259. M\u0259n is\u0259 sovet ideologiyas\u0131 riyaziyyat\u0131na q\u0259d\u0259r gedib \u00e7\u0131xm\u0131\u015f bir m\u0259kt\u0259bin \u015fagirdi kimi d\u00fc\u015f\u00fcn\u00fcrd\u00fcm ki, \u0259slind\u0259 o yaz\u0131lanlar do\u011frudur, e\u015fq olsun sovet xalq\u0131na, bu avtobusdak\u0131lar is\u0259 \u00e7oxu sad\u0259c\u0259 bu qurulu\u015fa layiq deyill\u0259r, onlar anlam\u0131rlar ki, biz bu planetin \u0259n xo\u015fb\u0259xt sakinl\u0259riyik, x\u00fcsus\u0259n d\u0259 az\u0259rbaycanl\u0131lar bunu anlam\u0131r.\n<\/p>\n<p>\n  Yaln\u0131z sonralar anlad\u0131m ki, \u00f6z\u00fcn\u00fc t\u0259rifl\u0259m\u0259k n\u0259 q\u0259d\u0259r biab\u0131r\u00e7\u0131, kompleksli v\u0259 g\u00fclm\u0259li bir \u015fey imi\u015f. Do\u011frudur, insaf\u0259n bunun yaln\u0131z biz\u0259, y\u0259ni Homo Soveticus&#8217;a aid olmad\u0131\u011f\u0131n\u0131, ba\u015fqalar\u0131nda da oldu\u011funu (m\u0259s\u0259l\u0259n, kimimiz \u0130stanbula-Antalyaya-filana ged\u0259rk\u0259n &#8220;Ne mutlu T\u00fcrk\u00fcm diyene&#8221; plakat\u0131n\u0131 g\u00f6rm\u0259di ki?) sonra bildim, amma bundan \u00e7ox da b\u00f6y\u00fck t\u0259skinlik tapmad\u0131m.<br \/>\n  <br \/>\n  Plakatlardan ba\u015fqa sovet m\u0259tbuat\u0131nda v\u0259 eyni zamanda \u0259d\u0259biyyat\u0131nda mifik m\u00fcsb\u0259t keyfiyy\u0259tl\u0259rl\u0259 dolu &#8220;sovet insan\u0131&#8221; anlay\u0131\u015f\u0131na tez-tez rast g\u0259lm\u0259k olard\u0131. Burada \u0259sas vur\u011fu ifad\u0259nin insan deyil, sovet hiss\u0259sin\u0259 edilirdi v\u0259 bu vur\u011fu h\u0259min m\u00fcsb\u0259t insan\u0131n m\u0259hz sovet hakimiyy\u0259tinin varl\u0131\u011f\u0131na g\u00f6r\u0259 m\u00f6vcudlu\u011funa i\u015far\u0259 edirdi. Bu c\u00fcr keyfiyy\u0259tli insan\u0131 \u0259lb\u0259tt\u0259 ki, sovet hakimiyy\u0259ti yeti\u015fdir\u0259 bil\u0259rdi &#8211; m\u0259s\u0259l\u0259 bundan ibar\u0259t idi.\n<\/p>\n<p>\n  \u018flb\u0259tt\u0259 ki, istedadl\u0131 yaz\u0131\u00e7\u0131lar bu anlay\u0131\u015flar\u0131 \u0259n yax\u015f\u0131 halda satira il\u0259 qar\u015f\u0131lay\u0131rd\u0131lar, sovetl\u0259rin ilk ill\u0259rind\u0259 h\u0259l\u0259 bu imkan vard\u0131. Sovet insan\u0131 anlay\u0131\u015f\u0131n\u0131 \u0130lf v\u0259 Petrov \u00f6z romanlar\u0131nda, x\u00fcsus\u0259n M.Bulqakov &#8220;\u0130t \u00fcr\u0259yi&#8221; povestind\u0259 \u00f6ld\u00fcr\u00fcc\u00fc q\u0259hq\u0259h\u0259l\u0259r alt\u0131nda yerl\u0259-yeksan etmi\u015fdi.\n<\/p>\n<p>\n  Sovet d\u00fc\u015f\u0259rg\u0259l\u0259rind\u0259 b\u00f6y\u00fck t\u0259cr\u00fcb\u0259 ke\u00e7mi\u015f, sonra is\u0259 sovetl\u0259rd\u0259n m\u00fchacir\u0259t etmi\u015f, Sorbonne Universitetinin professoru olmu\u015f tarix\u00e7i Mixail Geller Homo Soveticus tipin\u0259 bel\u0259 bir t\u0259snifat vermi\u015fdi: Homo Soveticus \u2014 xarakter \u0259lam\u0259tl\u0259rin kompleksli keyfiyy\u0259tl\u0259ridir v\u0259 bu Sovet \u0130ttifaq\u0131nda ya\u015fayan b\u00fct\u00fcn insanlara aiddir. \u018flb\u0259tt\u0259 ki, m\u00fcxt\u0259lif nisb\u0259tl\u0259rd\u0259. Bu tip, kommunist sisteminin a\u011f\u0131r \u015f\u0259rtl\u0259ri alt\u0131nda g\u00fccl\u00fc sosial t\u0259lim ke\u00e7mi\u015f insan\u0131n b\u00fct\u00fcn refleksl\u0259rini-\u0259lam\u0259tl\u0259rini d\u0259rind\u0259n m\u0259nims\u0259mi\u015f insan tipidir. V\u0259 bu x\u00fcsusiyy\u0259tl\u0259r getdikc\u0259 bu tip insanda inki\u015faf ed\u0259r\u0259k dominant xarakter alma\u011fa ba\u015flay\u0131r.\n<\/p>\n<p>\n  Homo Soveticus&#8217;un n\u0259 q\u0259d\u0259r d\u0259h\u015f\u0259tli oldu\u011funun son 25 ild\u0259 d\u0259f\u0259l\u0259rl\u0259 \u015fahidi olduq. Zat\u0259n bizim naftalin iyi ver\u0259n partnomenklaturadan \u00e7\u0131xm\u0131\u015f hakim m\u0259murlar, kolxoz iyi ver\u0259n ziya(n)l\u0131lar\u0131m\u0131z bunun canl\u0131 m\u00fcc\u0259ssim\u0259sidir, he\u00e7 bir yer\u0259 itm\u0259yibl\u0259r, h\u0259mi\u015f\u0259 canl\u0131 muzey kimi g\u00f6z\u00fcm\u00fcz\u00fcn qar\u015f\u0131s\u0131ndad\u0131r ham\u0131s\u0131. Ma\u015fallah, he\u00e7 birin\u0259 d\u0259 he\u00e7 n\u0259 olmay\u0131b, \u0259vv\u0259lki kimi xalq\u0131n g\u00f6z\u00fcd\u00fcrl\u0259r, \u0259n aktual da bunlard\u0131r, el\u0259 \u0259n faktural da. Bu t\u0259k bizd\u0259 deyil, d\u0259rin repressiya ke\u00e7mi\u015f b\u00fct\u00fcn postsovet \u00f6lk\u0259l\u0259rind\u0259 bel\u0259dir.\n<\/p>\n<p>\n  Bu yax\u0131nlarda Pol\u015fada bir forumda idim, oradak\u0131 i\u015ftirak\u00e7\u0131lar\u0131n 90% polyaklar v\u0259 ukraynal\u0131lar idi. T\u0259bii ki, indi Ukraynada ba\u015f ver\u0259nl\u0259r b\u00fct\u00fcn Avropa \u00fc\u00e7\u00fcn \u00e7ox vacib \u0259h\u0259miyy\u0259t da\u015f\u0131y\u0131r. Pol\u015fa \u00fc\u00e7\u00fcn d\u0259 bu milli t\u0259hl\u00fck\u0259sizlik d\u0259r\u0259c\u0259li m\u0259s\u0259l\u0259dir. Orada ke\u00e7\u0259n bu 25 il \u0259rzind\u0259 n\u0259d\u0259n Pol\u015fada islahatlar apar\u0131lmas\u0131n\u0131n m\u00fcmk\u00fcnl\u00fcy\u00fc, n\u0259tic\u0259d\u0259 he\u00e7 d\u0259 z\u0259if olmayan iqtisadiyyat\u0131n yarad\u0131lmas\u0131, faktiki \u015e\u0259rqi Avropada \u0259n b\u00f6y\u00fck demokratiyan\u0131n qurulu\u015funun ba\u015f verdiyini v\u0259 tam \u0259ksin\u0259 &#8211; potensial\u0131 Pol\u015fadan he\u00e7 bir kateqoriyada geri qalmayan Ukraynada bunlar\u0131n m\u00fcmk\u00fcn olmad\u0131\u011f\u0131n\u0131 m\u00fczakir\u0259 edirdik.<br \/>\n  <br \/>\n  \u015e\u0259xs\u0259n m\u0259nim fikirimc\u0259 bunlar Ukraynadak\u0131 repressiyalar\u0131n c\u0259miyy\u0259tin sonsuz d\u0259rinlikl\u0259rin\u0259 i\u015fl\u0259m\u0259si v\u0259 sonrak\u0131 25 il \u0259rzind\u0259 l\u00fcstrasiya v\u0259 islahatlara t\u0259kan verilm\u0259m\u0259sind\u0259 idi. Bu i\u015fl\u0259rd\u0259 \u0259n ba\u015fl\u0131ca m\u0259s\u0259l\u0259 is\u0259 &#8211; insan faktoru idi. Homo Soveticus.\n<\/p>\n<p>\n  Lakin Homo Soveticus&#8217;un islahedilm\u0259z, \u0259b\u0259di oldu\u011funa son olaraq bu g\u00fcnl\u0259rd\u0259 \u0259min oldum. B\u00f6y\u00fck rejissor, el\u0259 homo soveticus&#8217;un amans\u0131zcas\u0131na if\u015fa edildiyi, milyonlar\u0131n t\u0259rbiy\u0259 edildiyi m\u00f6ht\u0259\u015f\u0259m &#8220;\u0130t \u00fcr\u0259yi&#8221; filminin m\u00fc\u0259llifi Vladimir Bortko rus televiziyas\u0131nda Stalinin repressiyalarda haql\u0131 oldu\u011funu, &#8220;laz\u0131m g\u0259l\u0259rs\u0259&#8221; d\u00f6vl\u0259t namin\u0259 insanlar\u0131 m\u0259hv etm\u0259yin g\u0259r\u0259kli oldu\u011funu s\u00f6yl\u0259yib. Bununla da rejissor el\u0259 \u00f6z filmind\u0259ki \u015earikov obraz\u0131na \u00e7evrilib, yoxsa mutasiya v\u0259ziyy\u0259tind\u0259n \u00f6z \u00f6nc\u0259ki hal\u0131na qay\u0131d\u0131b &#8211; bunu d\u0259qiq dem\u0259k \u00e7\u0259tindir. Homo Soveticus&#8217;un yaln\u0131z \u00e7ox a\u011f\u0131r v\u0259 islahedilm\u0259z bir d\u0259rd oldu\u011funu konstatasiya etm\u0259k olar.\n<\/p>\n<p>\n  G\u00f6r\u00fcn\u00fcr, ona qalib g\u0259lm\u0259k m\u00fcmk\u00fcns\u00fcz bir i\u015fdir.\n<\/p>\n<p>\n  <b><br \/>\n    Yaz\u0131 m\u00fc\u0259llifin \u015f\u0259xsi m\u00f6vqeyini \u0259ks etdirir&#8230;<br \/>\n  <\/b><\/p>\n","protected":false},"excerpt":{"rendered":"<p>Sa\u011falmaz b\u0259la<\/p>\n","protected":false},"author":11,"featured_media":51669,"comment_status":"closed","ping_status":"open","sticky":false,"template":"","format":"standard","meta":{"_acf_changed":false,"_sitemap_exclude":false,"_sitemap_priority":"","_sitemap_frequency":"","footnotes":""},"categories":[57],"tags":[],"class_list":["post-174523","post","type-post","status-publish","format-standard","has-post-thumbnail","hentry","category-menim-fikrimce","infinite-scroll-item","generate-columns","tablet-grid-50","mobile-grid-100","grid-parent","grid-33","no-featured-image-padding"],"acf":[],"yoast_head":"<!-- This site is optimized with the Yoast SEO plugin v27.5 - https:\/\/yoast.com\/product\/yoast-seo-wordpress\/ -->\n<title>Homo Soveticus - MEYDAN.TV<\/title>\n<meta name=\"robots\" content=\"index, follow, max-snippet:-1, max-image-preview:large, max-video-preview:-1\" \/>\n<link rel=\"canonical\" href=\"https:\/\/www.meydan.tv\/az\/article\/homo-soveticus\/\" \/>\n<meta property=\"og:locale\" content=\"az_AZ\" \/>\n<meta property=\"og:type\" content=\"article\" \/>\n<meta property=\"og:title\" content=\"Homo Soveticus - MEYDAN.TV\" \/>\n<meta property=\"og:description\" content=\"Sa\u011falmaz b\u0259la\" \/>\n<meta property=\"og:url\" content=\"https:\/\/www.meydan.tv\/az\/article\/homo-soveticus\/\" \/>\n<meta property=\"og:site_name\" content=\"MEYDAN.TV\" \/>\n<meta property=\"article:published_time\" content=\"2016-03-21T19:32:16+00:00\" \/>\n<meta property=\"og:image\" content=\"https:\/\/www.meydan.tv\/wp-content\/uploads\/19685.jpg\" \/>\n\t<meta property=\"og:image:width\" content=\"500\" \/>\n\t<meta property=\"og:image:height\" content=\"500\" \/>\n\t<meta property=\"og:image:type\" content=\"image\/jpeg\" \/>\n<meta name=\"author\" content=\"user-manager\" \/>\n<meta name=\"twitter:card\" content=\"summary_large_image\" \/>\n<script type=\"application\/ld+json\" class=\"yoast-schema-graph\">{\"@context\":\"https:\\\/\\\/schema.org\",\"@graph\":[{\"@type\":\"Article\",\"@id\":\"https:\\\/\\\/www.meydan.tv\\\/az\\\/article\\\/homo-soveticus\\\/#article\",\"isPartOf\":{\"@id\":\"https:\\\/\\\/www.meydan.tv\\\/az\\\/article\\\/homo-soveticus\\\/\"},\"author\":{\"name\":\"user-manager\",\"@id\":\"https:\\\/\\\/www.meydan.tv\\\/az\\\/#\\\/schema\\\/person\\\/10d11eccf6da3662cf5fdab9806ea91a\"},\"headline\":\"Homo Soveticus\",\"datePublished\":\"2016-03-21T19:32:16+00:00\",\"mainEntityOfPage\":{\"@id\":\"https:\\\/\\\/www.meydan.tv\\\/az\\\/article\\\/homo-soveticus\\\/\"},\"wordCount\":1480,\"publisher\":{\"@id\":\"https:\\\/\\\/www.meydan.tv\\\/az\\\/#organization\"},\"image\":{\"@id\":\"https:\\\/\\\/www.meydan.tv\\\/az\\\/article\\\/homo-soveticus\\\/#primaryimage\"},\"thumbnailUrl\":\"https:\\\/\\\/www.meydan.tv\\\/wp-content\\\/uploads\\\/19685.jpg\",\"articleSection\":[\"M\u0259nim Fikrimc\u0259\"],\"inLanguage\":\"az\"},{\"@type\":\"WebPage\",\"@id\":\"https:\\\/\\\/www.meydan.tv\\\/az\\\/article\\\/homo-soveticus\\\/\",\"url\":\"https:\\\/\\\/www.meydan.tv\\\/az\\\/article\\\/homo-soveticus\\\/\",\"name\":\"Homo Soveticus - MEYDAN.TV\",\"isPartOf\":{\"@id\":\"https:\\\/\\\/www.meydan.tv\\\/az\\\/#website\"},\"primaryImageOfPage\":{\"@id\":\"https:\\\/\\\/www.meydan.tv\\\/az\\\/article\\\/homo-soveticus\\\/#primaryimage\"},\"image\":{\"@id\":\"https:\\\/\\\/www.meydan.tv\\\/az\\\/article\\\/homo-soveticus\\\/#primaryimage\"},\"thumbnailUrl\":\"https:\\\/\\\/www.meydan.tv\\\/wp-content\\\/uploads\\\/19685.jpg\",\"datePublished\":\"2016-03-21T19:32:16+00:00\",\"breadcrumb\":{\"@id\":\"https:\\\/\\\/www.meydan.tv\\\/az\\\/article\\\/homo-soveticus\\\/#breadcrumb\"},\"inLanguage\":\"az\",\"potentialAction\":[{\"@type\":\"ReadAction\",\"target\":[\"https:\\\/\\\/www.meydan.tv\\\/az\\\/article\\\/homo-soveticus\\\/\"]}]},{\"@type\":\"ImageObject\",\"inLanguage\":\"az\",\"@id\":\"https:\\\/\\\/www.meydan.tv\\\/az\\\/article\\\/homo-soveticus\\\/#primaryimage\",\"url\":\"https:\\\/\\\/www.meydan.tv\\\/wp-content\\\/uploads\\\/19685.jpg\",\"contentUrl\":\"https:\\\/\\\/www.meydan.tv\\\/wp-content\\\/uploads\\\/19685.jpg\",\"width\":500,\"height\":500,\"caption\":\"Source:\"},{\"@type\":\"BreadcrumbList\",\"@id\":\"https:\\\/\\\/www.meydan.tv\\\/az\\\/article\\\/homo-soveticus\\\/#breadcrumb\",\"itemListElement\":[{\"@type\":\"ListItem\",\"position\":1,\"name\":\"Ana s\u0259hif\u0259\",\"item\":\"https:\\\/\\\/www.meydan.tv\\\/az\\\/\"},{\"@type\":\"ListItem\",\"position\":2,\"name\":\"M\u0259nim Fikrimc\u0259\",\"item\":\"https:\\\/\\\/www.meydan.tv\\\/az\\\/section\\\/menim-fikrimce\\\/\"},{\"@type\":\"ListItem\",\"position\":3,\"name\":\"Homo Soveticus\"}]},{\"@type\":\"WebSite\",\"@id\":\"https:\\\/\\\/www.meydan.tv\\\/az\\\/#website\",\"url\":\"https:\\\/\\\/www.meydan.tv\\\/az\\\/\",\"name\":\"MEYDAN.TV\",\"description\":\"Meydan TV Az\u0259rbaycan\u0131n media m\u0259kan\u0131ndak\u0131 alternativ s\u0259sidir\",\"publisher\":{\"@id\":\"https:\\\/\\\/www.meydan.tv\\\/az\\\/#organization\"},\"potentialAction\":[{\"@type\":\"SearchAction\",\"target\":{\"@type\":\"EntryPoint\",\"urlTemplate\":\"https:\\\/\\\/www.meydan.tv\\\/az\\\/?s={search_term_string}\"},\"query-input\":{\"@type\":\"PropertyValueSpecification\",\"valueRequired\":true,\"valueName\":\"search_term_string\"}}],\"inLanguage\":\"az\"},{\"@type\":\"Organization\",\"@id\":\"https:\\\/\\\/www.meydan.tv\\\/az\\\/#organization\",\"name\":\"Meydan TV\",\"url\":\"https:\\\/\\\/www.meydan.tv\\\/az\\\/\",\"logo\":{\"@type\":\"ImageObject\",\"inLanguage\":\"az\",\"@id\":\"https:\\\/\\\/www.meydan.tv\\\/az\\\/#\\\/schema\\\/logo\\\/image\\\/\",\"url\":\"https:\\\/\\\/www.meydan.tv\\\/wp-content\\\/uploads\\\/2021\\\/07\\\/meydan-logo.svg\",\"contentUrl\":\"https:\\\/\\\/www.meydan.tv\\\/wp-content\\\/uploads\\\/2021\\\/07\\\/meydan-logo.svg\",\"width\":195,\"height\":46,\"caption\":\"Meydan TV\"},\"image\":{\"@id\":\"https:\\\/\\\/www.meydan.tv\\\/az\\\/#\\\/schema\\\/logo\\\/image\\\/\"}},{\"@type\":\"Person\",\"@id\":\"https:\\\/\\\/www.meydan.tv\\\/az\\\/#\\\/schema\\\/person\\\/10d11eccf6da3662cf5fdab9806ea91a\",\"name\":\"user-manager\"}]}<\/script>\n<!-- \/ Yoast SEO plugin. -->","yoast_head_json":{"title":"Homo Soveticus - MEYDAN.TV","robots":{"index":"index","follow":"follow","max-snippet":"max-snippet:-1","max-image-preview":"max-image-preview:large","max-video-preview":"max-video-preview:-1"},"canonical":"https:\/\/www.meydan.tv\/az\/article\/homo-soveticus\/","og_locale":"az_AZ","og_type":"article","og_title":"Homo Soveticus - MEYDAN.TV","og_description":"Sa\u011falmaz b\u0259la","og_url":"https:\/\/www.meydan.tv\/az\/article\/homo-soveticus\/","og_site_name":"MEYDAN.TV","article_published_time":"2016-03-21T19:32:16+00:00","og_image":[{"width":500,"height":500,"url":"https:\/\/www.meydan.tv\/wp-content\/uploads\/19685.jpg","type":"image\/jpeg"}],"author":"user-manager","twitter_card":"summary_large_image","schema":{"@context":"https:\/\/schema.org","@graph":[{"@type":"Article","@id":"https:\/\/www.meydan.tv\/az\/article\/homo-soveticus\/#article","isPartOf":{"@id":"https:\/\/www.meydan.tv\/az\/article\/homo-soveticus\/"},"author":{"name":"user-manager","@id":"https:\/\/www.meydan.tv\/az\/#\/schema\/person\/10d11eccf6da3662cf5fdab9806ea91a"},"headline":"Homo Soveticus","datePublished":"2016-03-21T19:32:16+00:00","mainEntityOfPage":{"@id":"https:\/\/www.meydan.tv\/az\/article\/homo-soveticus\/"},"wordCount":1480,"publisher":{"@id":"https:\/\/www.meydan.tv\/az\/#organization"},"image":{"@id":"https:\/\/www.meydan.tv\/az\/article\/homo-soveticus\/#primaryimage"},"thumbnailUrl":"https:\/\/www.meydan.tv\/wp-content\/uploads\/19685.jpg","articleSection":["M\u0259nim Fikrimc\u0259"],"inLanguage":"az"},{"@type":"WebPage","@id":"https:\/\/www.meydan.tv\/az\/article\/homo-soveticus\/","url":"https:\/\/www.meydan.tv\/az\/article\/homo-soveticus\/","name":"Homo Soveticus - MEYDAN.TV","isPartOf":{"@id":"https:\/\/www.meydan.tv\/az\/#website"},"primaryImageOfPage":{"@id":"https:\/\/www.meydan.tv\/az\/article\/homo-soveticus\/#primaryimage"},"image":{"@id":"https:\/\/www.meydan.tv\/az\/article\/homo-soveticus\/#primaryimage"},"thumbnailUrl":"https:\/\/www.meydan.tv\/wp-content\/uploads\/19685.jpg","datePublished":"2016-03-21T19:32:16+00:00","breadcrumb":{"@id":"https:\/\/www.meydan.tv\/az\/article\/homo-soveticus\/#breadcrumb"},"inLanguage":"az","potentialAction":[{"@type":"ReadAction","target":["https:\/\/www.meydan.tv\/az\/article\/homo-soveticus\/"]}]},{"@type":"ImageObject","inLanguage":"az","@id":"https:\/\/www.meydan.tv\/az\/article\/homo-soveticus\/#primaryimage","url":"https:\/\/www.meydan.tv\/wp-content\/uploads\/19685.jpg","contentUrl":"https:\/\/www.meydan.tv\/wp-content\/uploads\/19685.jpg","width":500,"height":500,"caption":"Source:"},{"@type":"BreadcrumbList","@id":"https:\/\/www.meydan.tv\/az\/article\/homo-soveticus\/#breadcrumb","itemListElement":[{"@type":"ListItem","position":1,"name":"Ana s\u0259hif\u0259","item":"https:\/\/www.meydan.tv\/az\/"},{"@type":"ListItem","position":2,"name":"M\u0259nim Fikrimc\u0259","item":"https:\/\/www.meydan.tv\/az\/section\/menim-fikrimce\/"},{"@type":"ListItem","position":3,"name":"Homo Soveticus"}]},{"@type":"WebSite","@id":"https:\/\/www.meydan.tv\/az\/#website","url":"https:\/\/www.meydan.tv\/az\/","name":"MEYDAN.TV","description":"Meydan TV Az\u0259rbaycan\u0131n media m\u0259kan\u0131ndak\u0131 alternativ s\u0259sidir","publisher":{"@id":"https:\/\/www.meydan.tv\/az\/#organization"},"potentialAction":[{"@type":"SearchAction","target":{"@type":"EntryPoint","urlTemplate":"https:\/\/www.meydan.tv\/az\/?s={search_term_string}"},"query-input":{"@type":"PropertyValueSpecification","valueRequired":true,"valueName":"search_term_string"}}],"inLanguage":"az"},{"@type":"Organization","@id":"https:\/\/www.meydan.tv\/az\/#organization","name":"Meydan TV","url":"https:\/\/www.meydan.tv\/az\/","logo":{"@type":"ImageObject","inLanguage":"az","@id":"https:\/\/www.meydan.tv\/az\/#\/schema\/logo\/image\/","url":"https:\/\/www.meydan.tv\/wp-content\/uploads\/2021\/07\/meydan-logo.svg","contentUrl":"https:\/\/www.meydan.tv\/wp-content\/uploads\/2021\/07\/meydan-logo.svg","width":195,"height":46,"caption":"Meydan TV"},"image":{"@id":"https:\/\/www.meydan.tv\/az\/#\/schema\/logo\/image\/"}},{"@type":"Person","@id":"https:\/\/www.meydan.tv\/az\/#\/schema\/person\/10d11eccf6da3662cf5fdab9806ea91a","name":"user-manager"}]}},"_links":{"self":[{"href":"https:\/\/www.meydan.tv\/az\/wp-json\/wp\/v2\/posts\/174523","targetHints":{"allow":["GET"]}}],"collection":[{"href":"https:\/\/www.meydan.tv\/az\/wp-json\/wp\/v2\/posts"}],"about":[{"href":"https:\/\/www.meydan.tv\/az\/wp-json\/wp\/v2\/types\/post"}],"author":[{"embeddable":true,"href":"https:\/\/www.meydan.tv\/az\/wp-json\/wp\/v2\/users\/11"}],"replies":[{"embeddable":true,"href":"https:\/\/www.meydan.tv\/az\/wp-json\/wp\/v2\/comments?post=174523"}],"version-history":[{"count":0,"href":"https:\/\/www.meydan.tv\/az\/wp-json\/wp\/v2\/posts\/174523\/revisions"}],"wp:featuredmedia":[{"embeddable":true,"href":"https:\/\/www.meydan.tv\/az\/wp-json\/wp\/v2\/media\/51669"}],"wp:attachment":[{"href":"https:\/\/www.meydan.tv\/az\/wp-json\/wp\/v2\/media?parent=174523"}],"wp:term":[{"taxonomy":"category","embeddable":true,"href":"https:\/\/www.meydan.tv\/az\/wp-json\/wp\/v2\/categories?post=174523"},{"taxonomy":"post_tag","embeddable":true,"href":"https:\/\/www.meydan.tv\/az\/wp-json\/wp\/v2\/tags?post=174523"}],"curies":[{"name":"wp","href":"https:\/\/api.w.org\/{rel}","templated":true}]}}