{"id":174441,"date":"2016-03-17T00:04:05","date_gmt":"2016-03-17T00:04:05","guid":{"rendered":"https:\/\/www.meydan.tv\/article\/rasimsiz-ilk-novruz-video\/"},"modified":"2016-03-17T00:04:05","modified_gmt":"2016-03-17T00:04:05","slug":"rasimsiz-ilk-novruz-video","status":"publish","type":"post","link":"https:\/\/www.meydan.tv\/az\/article\/rasimsiz-ilk-novruz-video\/","title":{"rendered":"Rasimsiz ilk Novruz (V\u0130DEO)"},"content":{"rendered":"<figure class=\"wp-block-embed is-type-video is-provider-youtube wp-block-embed-youtube wp-embed-aspect-16-9 wp-has-aspect-ratio\">\n<div class=\"wp-block-embed__wrapper\">\n    <iframe loading=\"lazy\"\ttitle=\"\" width=\"1200\" height=\"675\" src=\"https:\/\/www.youtube.com\/embed\/7Ve1lURDyR8\"\tframeborder=\"0\"\tallow=\"accelerometer; autoplay; clipboard-write; encrypted-media; gyroscope; picture-in-picture\" allowfullscreen><\/iframe>\n  <\/div><figcaption><\/figcaption><\/figure>\n<p>\n  Rasim \u018fliyevin \u0259n sevdiyi bayram Novruz imi\u015f. Amma bu il birinci d\u0259f\u0259dir ki, ail\u0259si bayram\u0131 onsuz qar\u015f\u0131lay\u0131r. \u018fv\u0259zind\u0259 dostlar\u0131, h\u0259mkarlar\u0131 ail\u0259sini ziyar\u0259t\u0259 g\u0259lib. Teyfur\u0259 xan\u0131m deyir ki, Rasim \u0259n \u00e7ox \u015f\u0259k\u0259rburan\u0131 sevirdi.\n<\/p>\n<p>\n  M\u00fcsavat ba\u015fqan\u0131n m\u00fcavini Elman F\u0259ttah deyir ki, Az\u0259rbaycanda jurnalist olmaq \u00f6z\u00fcn\u00fc h\u0259d\u0259f g\u00f6st\u0259rm\u0259k kimidir. Rasim \u018fliyevin \u00f6l\u00fcm\u00fc d\u0259 adi q\u0259za deyildi.\n<\/p>\n<p>\n  Sabah Bak\u0131 A\u011f\u0131r Cinay\u0259tl\u0259r M\u0259hk\u0259m\u0259sind\u0259 jurnalistin \u00f6l\u00fcm\u00fcnd\u0259 t\u0259qsirl\u0259ndiril\u0259nl\u0259r\u0259 h\u00f6km elan olunaca\u011f\u0131 g\u00f6zl\u0259nilir. Anas\u0131 is\u0259 h\u0259l\u0259 d\u0259 onun \u00f6ld\u00fcy\u00fcn\u0259 inana bilmir.<\/p>\n","protected":false},"excerpt":{"rendered":"<p>Rasim \u018fliyevin \u0259n sevdiyi bayram Novruz imi\u015f. Amma bu il birinci d\u0259f\u0259dir ki, ail\u0259si bayram\u0131 onsuz qar\u015f\u0131lay\u0131r<\/p>\n","protected":false},"author":11,"featured_media":51762,"comment_status":"closed","ping_status":"open","sticky":false,"template":"","format":"standard","meta":{"_acf_changed":false,"_sitemap_exclude":false,"_sitemap_priority":"","_sitemap_frequency":"","footnotes":""},"categories":[63],"tags":[],"class_list":["post-174441","post","type-post","status-publish","format-standard","has-post-thumbnail","hentry","category-video-2","infinite-scroll-item","generate-columns","tablet-grid-50","mobile-grid-100","grid-parent","grid-33","no-featured-image-padding"],"acf":[],"yoast_head":"<!-- This site is optimized with the Yoast SEO plugin v28.4 - https:\/\/yoast.com\/product\/yoast-seo-wordpress\/ -->\n<title>Rasimsiz ilk Novruz (V\u0130DEO) - MEYDAN.TV<\/title>\n<meta name=\"robots\" content=\"index, follow, max-snippet:-1, max-image-preview:large, max-video-preview:-1\" \/>\n<link rel=\"canonical\" href=\"https:\/\/www.meydan.tv\/az\/article\/rasimsiz-ilk-novruz-video\/\" \/>\n<meta property=\"og:locale\" content=\"az_AZ\" \/>\n<meta property=\"og:type\" content=\"article\" \/>\n<meta property=\"og:title\" content=\"Rasimsiz ilk Novruz (V\u0130DEO) - MEYDAN.TV\" \/>\n<meta property=\"og:description\" content=\"Rasim \u018fliyevin \u0259n sevdiyi bayram Novruz imi\u015f. Amma bu il birinci d\u0259f\u0259dir ki, ail\u0259si bayram\u0131 onsuz qar\u015f\u0131lay\u0131r\" \/>\n<meta property=\"og:url\" content=\"https:\/\/www.meydan.tv\/az\/article\/rasimsiz-ilk-novruz-video\/\" \/>\n<meta property=\"og:site_name\" content=\"MEYDAN.TV\" \/>\n<meta property=\"article:published_time\" content=\"2016-03-17T00:04:05+00:00\" \/>\n<meta property=\"og:image\" content=\"https:\/\/www.meydan.tv\/wp-content\/uploads\/19532.png\" \/>\n\t<meta property=\"og:image:width\" content=\"1174\" \/>\n\t<meta property=\"og:image:height\" content=\"667\" \/>\n\t<meta property=\"og:image:type\" content=\"image\/png\" \/>\n<meta name=\"twitter:card\" content=\"summary_large_image\" \/>\n<!-- \/ Yoast SEO plugin. -->","yoast_head_json":{"title":"Rasimsiz ilk Novruz (V\u0130DEO) - MEYDAN.TV","robots":{"index":"index","follow":"follow","max-snippet":"max-snippet:-1","max-image-preview":"max-image-preview:large","max-video-preview":"max-video-preview:-1"},"canonical":"https:\/\/www.meydan.tv\/az\/article\/rasimsiz-ilk-novruz-video\/","og_locale":"az_AZ","og_type":"article","og_title":"Rasimsiz ilk Novruz (V\u0130DEO) - MEYDAN.TV","og_description":"Rasim \u018fliyevin \u0259n sevdiyi bayram Novruz imi\u015f. Amma bu il birinci d\u0259f\u0259dir ki, ail\u0259si bayram\u0131 onsuz qar\u015f\u0131lay\u0131r","og_url":"https:\/\/www.meydan.tv\/az\/article\/rasimsiz-ilk-novruz-video\/","og_site_name":"MEYDAN.TV","article_published_time":"2016-03-17T00:04:05+00:00","og_image":[{"width":1174,"height":667,"url":"https:\/\/www.meydan.tv\/wp-content\/uploads\/19532.png","type":"image\/png"}],"twitter_card":"summary_large_image","schema":{"@context":"https:\/\/schema.org","@graph":[{"@type":"Article","@id":"https:\/\/www.meydan.tv\/az\/article\/rasimsiz-ilk-novruz-video\/#article","isPartOf":{"@id":"https:\/\/www.meydan.tv\/az\/article\/rasimsiz-ilk-novruz-video\/"},"author":{"name":"user-manager","@id":"https:\/\/www.meydan.tv\/az\/#\/schema\/person\/10d11eccf6da3662cf5fdab9806ea91a"},"headline":"Rasimsiz ilk Novruz (V\u0130DEO)","datePublished":"2016-03-17T00:04:05+00:00","mainEntityOfPage":{"@id":"https:\/\/www.meydan.tv\/az\/article\/rasimsiz-ilk-novruz-video\/"},"wordCount":122,"publisher":{"@id":"https:\/\/www.meydan.tv\/az\/#organization"},"image":{"@id":"https:\/\/www.meydan.tv\/az\/article\/rasimsiz-ilk-novruz-video\/#primaryimage"},"thumbnailUrl":"https:\/\/www.meydan.tv\/wp-content\/uploads\/19532.png","articleSection":["Video"],"inLanguage":"az"},{"@type":"WebPage","@id":"https:\/\/www.meydan.tv\/az\/article\/rasimsiz-ilk-novruz-video\/","url":"https:\/\/www.meydan.tv\/az\/article\/rasimsiz-ilk-novruz-video\/","name":"Rasimsiz ilk Novruz (V\u0130DEO) - MEYDAN.TV","isPartOf":{"@id":"https:\/\/www.meydan.tv\/az\/#website"},"primaryImageOfPage":{"@id":"https:\/\/www.meydan.tv\/az\/article\/rasimsiz-ilk-novruz-video\/#primaryimage"},"image":{"@id":"https:\/\/www.meydan.tv\/az\/article\/rasimsiz-ilk-novruz-video\/#primaryimage"},"thumbnailUrl":"https:\/\/www.meydan.tv\/wp-content\/uploads\/19532.png","datePublished":"2016-03-17T00:04:05+00:00","breadcrumb":{"@id":"https:\/\/www.meydan.tv\/az\/article\/rasimsiz-ilk-novruz-video\/#breadcrumb"},"inLanguage":"az","potentialAction":[{"@type":"ReadAction","target":["https:\/\/www.meydan.tv\/az\/article\/rasimsiz-ilk-novruz-video\/"]}]},{"@type":"ImageObject","inLanguage":"az","@id":"https:\/\/www.meydan.tv\/az\/article\/rasimsiz-ilk-novruz-video\/#primaryimage","url":"https:\/\/www.meydan.tv\/wp-content\/uploads\/19532.png","contentUrl":"https:\/\/www.meydan.tv\/wp-content\/uploads\/19532.png","width":1174,"height":667,"caption":"Source:"},{"@type":"BreadcrumbList","@id":"https:\/\/www.meydan.tv\/az\/article\/rasimsiz-ilk-novruz-video\/#breadcrumb","itemListElement":[{"@type":"ListItem","position":1,"name":"Ana s\u0259hif\u0259","item":"https:\/\/www.meydan.tv\/az\/"},{"@type":"ListItem","position":2,"name":"Video","item":"https:\/\/www.meydan.tv\/az\/section\/video-2\/"},{"@type":"ListItem","position":3,"name":"Rasimsiz ilk Novruz (V\u0130DEO)"}]},{"@type":"WebSite","@id":"https:\/\/www.meydan.tv\/az\/#website","url":"https:\/\/www.meydan.tv\/az\/","name":"MEYDAN.TV","description":"Meydan TV Az\u0259rbaycan\u0131n media m\u0259kan\u0131ndak\u0131 alternativ s\u0259sidir","publisher":{"@id":"https:\/\/www.meydan.tv\/az\/#organization"},"potentialAction":[{"@type":"SearchAction","target":{"@type":"EntryPoint","urlTemplate":"https:\/\/www.meydan.tv\/az\/?s={search_term_string}"},"query-input":{"@type":"PropertyValueSpecification","valueRequired":true,"valueName":"search_term_string"}}],"inLanguage":"az"},{"@type":"Organization","@id":"https:\/\/www.meydan.tv\/az\/#organization","name":"Meydan TV","url":"https:\/\/www.meydan.tv\/az\/","logo":{"@type":"ImageObject","inLanguage":"az","@id":"https:\/\/www.meydan.tv\/az\/#\/schema\/logo\/image\/","url":"https:\/\/www.meydan.tv\/wp-content\/uploads\/2021\/07\/meydan-logo.svg","contentUrl":"https:\/\/www.meydan.tv\/wp-content\/uploads\/2021\/07\/meydan-logo.svg","width":195,"height":46,"caption":"Meydan TV"},"image":{"@id":"https:\/\/www.meydan.tv\/az\/#\/schema\/logo\/image\/"}},{"@type":"Person","@id":"https:\/\/www.meydan.tv\/az\/#\/schema\/person\/10d11eccf6da3662cf5fdab9806ea91a","name":"user-manager"}]}},"_links":{"self":[{"href":"https:\/\/www.meydan.tv\/az\/wp-json\/wp\/v2\/posts\/174441","targetHints":{"allow":["GET"]}}],"collection":[{"href":"https:\/\/www.meydan.tv\/az\/wp-json\/wp\/v2\/posts"}],"about":[{"href":"https:\/\/www.meydan.tv\/az\/wp-json\/wp\/v2\/types\/post"}],"author":[{"embeddable":true,"href":"https:\/\/www.meydan.tv\/az\/wp-json\/wp\/v2\/users\/11"}],"replies":[{"embeddable":true,"href":"https:\/\/www.meydan.tv\/az\/wp-json\/wp\/v2\/comments?post=174441"}],"version-history":[{"count":0,"href":"https:\/\/www.meydan.tv\/az\/wp-json\/wp\/v2\/posts\/174441\/revisions"}],"wp:featuredmedia":[{"embeddable":true,"href":"https:\/\/www.meydan.tv\/az\/wp-json\/wp\/v2\/media\/51762"}],"wp:attachment":[{"href":"https:\/\/www.meydan.tv\/az\/wp-json\/wp\/v2\/media?parent=174441"}],"wp:term":[{"taxonomy":"category","embeddable":true,"href":"https:\/\/www.meydan.tv\/az\/wp-json\/wp\/v2\/categories?post=174441"},{"taxonomy":"post_tag","embeddable":true,"href":"https:\/\/www.meydan.tv\/az\/wp-json\/wp\/v2\/tags?post=174441"}],"curies":[{"name":"wp","href":"https:\/\/api.w.org\/{rel}","templated":true}]}}