{"id":174405,"date":"2016-03-15T18:06:49","date_gmt":"2016-03-15T18:06:49","guid":{"rendered":"https:\/\/www.meydan.tv\/article\/biz-ne-vaxt-adamsatanlari-sevmeye-basladiq\/"},"modified":"2016-03-15T18:06:49","modified_gmt":"2016-03-15T18:06:49","slug":"biz-ne-vaxt-adamsatanlari-sevmeye-basladiq","status":"publish","type":"post","link":"https:\/\/www.meydan.tv\/az\/article\/biz-ne-vaxt-adamsatanlari-sevmeye-basladiq\/","title":{"rendered":"Biz n\u0259 vaxt adamsatanlar\u0131 sevm\u0259y\u0259 ba\u015flad\u0131q?"},"content":{"rendered":"<figure class=\"wp-block-image size-large\">\n  <img decoding=\"async\" src=\"https:\/\/www.meydan.tv\/az\/51554\/\" alt=\"\" class=\"wp-image-51554\"\/><figcaption><\/figcaption><\/figure>\n<figure class=\"wp-block-image size-large\">\n  <img decoding=\"async\" src=\"https:\/\/www.meydan.tv\/az\/51557\/\" alt=\"\" class=\"wp-image-51557\"\/><figcaption><\/figcaption><\/figure>\n<p>\n  M\u0259n birc\u0259 d\u0259f\u0259 d\u0259 g\u00f6rm\u0259dim ki, atam ev\u0259 \u0259yri yolla pul qazan\u0131b g\u0259tirsin. Bunu ed\u0259 bilm\u0259zdi. Atas\u0131 y\u0259ni babam kolxoz s\u0259dri olsa da, onun verdiyi puldan imtina etmi\u015fdi. Babam\u0131n tap\u015f\u0131rd\u0131\u011f\u0131 universitet\u0259 getm\u0259yib, ba\u015fqa yer\u0259 \u00f6z\u00fc imtahan verib. Sovet vaxt\u0131 \u00f6z biliyi il\u0259 universitet\u0259 girmi\u015fdi atam.\n<\/p>\n<p>\n  Ham\u0131s\u0131n\u0131n s\u0259b\u0259bi n\u0259n\u0259m olmu\u015fdu. Ba\u015fqas\u0131n\u0131n haqq\u0131n\u0131 yem\u0259m\u0259k m\u0259s\u0259l\u0259sind\u0259 n\u0259n\u0259m o q\u0259d\u0259r h\u0259ssas idi ki, toyuq hinind\u0259 art\u0131q yumurta tapsayd\u0131, b\u00fct\u00fcn qon\u015fulardan soraqlayard\u0131 &#8211; bu q\u0259d\u0259r x\u0131rda\u00e7\u0131 idi.\n<\/p>\n<p>\n  B\u0259lk\u0259 d\u0259 bu, Sovet rejiminin qoydu\u011fu \u0259n\u0259n\u0259 idi. Kommunizmin d\u0259y\u0259rl\u0259rini kapitalizm \u0259v\u0259z etdikd\u0259n sonra d\u0259y\u0259rl\u0259r d\u0259yi\u015fm\u0259liydi&#8230;\n<\/p>\n<p>\n  M\u0259s\u0259l\u0259 buras\u0131ndad\u0131r ki, Sovet d\u00f6vr\u00fcnd\u0259n sonra, ke\u00e7id d\u00f6vr\u00fc dediyimiz arada, insanlar \u00e7\u00f6r\u0259k tapm\u0131rd\u0131, m\u00fcharib\u0259 v\u0259ziyy\u0259ti idi. Yad\u0131mdad\u0131r, \u015eu\u015fan\u0131n al\u0131nd\u0131\u011f\u0131 g\u00fcn idi, m\u0259kt\u0259bd\u0259n ev\u0259 geldim. N\u0259n\u0259m pill\u0259k\u0259nd\u0259 oturub a\u011flay\u0131rd\u0131. Biz\u0259 s\u00fcfr\u0259 sald\u0131, amma s\u00fcfr\u0259y\u0259 \u00e7\u00f6r\u0259k qoymad\u0131. Sad\u0259c\u0259 iki-\u00fc\u00e7 quru tik\u0259 idi. A\u011flaya-a\u011flaya \u015eu\u015fan\u0131n al\u0131nd\u0131\u011f\u0131n\u0131 dedi, bir d\u0259 evd\u0259 \u00e7\u00f6r\u0259yin olmamas\u0131n\u0131. Bel\u0259 bir a\u011f\u0131r v\u0259ziyy\u0259td\u0259 ya\u015fay\u0131rd\u0131q, amma o vaxt\u0131 bel\u0259 evimiz\u0259 \u0259yri yolla pul girm\u0259di.\n<\/p>\n<p>\n  Atam \u00fc\u00e7\u00fcn n\u0259 q\u0259d\u0259r a\u011f\u0131r olsa da, n\u0259n\u0259m ona, &#8221;mill\u0259tin a\u011f\u0131r g\u00fcn\u00fcnd\u0259 alver\u00e7ilikl\u0259 varlana bilm\u0259zs\u0259n&#8221; dedi. Qad\u0131n evin yol g\u00f6st\u0259r\u0259nidir, o, \u00f6vlad\u0131 formala\u015fd\u0131r\u0131r v\u0259 y\u00f6nl\u0259ndirir. Ba\u015flan\u011f\u0131c\u0131 nec\u0259 qoysa, evd\u0259 n\u0259 g\u00f6st\u0259rs\u0259, \u00f6vlad onu g\u00f6t\u00fcr\u00fcr.\n<\/p>\n<p>\n  Bu yaz\u0131n\u0131 ona g\u00f6r\u0259 qad\u0131nlarla ba\u015flad\u0131m ki, bu f\u0259lak\u0259tin qar\u015f\u0131s\u0131n\u0131 ancaq qad\u0131nlar ala bil\u0259r. Yet\u0259r ki, etiraz etsinl\u0259r, dir\u0259ni\u015f g\u00f6st\u0259rsinl\u0259r. Bu potensial onlarda var. Dir\u0259nib, d\u0259yi\u015fdirm\u0259k. Onlar ist\u0259s\u0259, d\u00fcnya yerind\u0259n oynar.\n<\/p>\n<p>\n  Bu g\u00fcnl\u0259rd\u0259 mediada bir x\u0259b\u0259r oxudum. Polis\u0259 i\u015fl\u0259y\u0259nl\u0259r\u0259 leqal maa\u015f ver\u0259c\u0259kmi\u015fl\u0259r. Y\u0259ni, rahat-rahat s\u0259n satq\u0131nl\u0131\u011f\u0131n\u0131 el\u0259, gerisini bo\u015f ver, biz qeydin\u0259 qalaca\u011f\u0131q. Bu, insanlar\u0131 provokasiya etm\u0259kdir. \u00d6lk\u0259d\u0259 krizis oldu\u011fu, v\u0259ziyy\u0259tin a\u011f\u0131r oldu\u011fu vaxtda, f\u00fcrs\u0259td\u0259n istifad\u0259\u00e7ilikdir. Az\u0259rbaycan ki\u015fisi ba\u015fqas\u0131ndan satq\u0131nl\u0131q etm\u0259yi, s\u00f6z apar\u0131b-g\u0259tirm\u0259yi \u00f6z\u00fcn\u0259 he\u00e7 vaxt yara\u015fd\u0131rmaz. Amma bunu leqalla\u015fd\u0131rmaq, i\u015f\u0259, ixtisasa \u00e7evirm\u0259k&#8230;V\u0259ziyy\u0259t d\u0259yi\u015fir&#8230;\n<\/p>\n<p>\n  T\u0259s\u0259vv\u00fcr edin, qon\u015funun, qohumun, kimin kim oldu\u011fu bilinmir. \u00d6lk\u0259d\u0259ki v\u0259ziyy\u0259td\u0259n cana y\u0131\u011f\u0131l\u0131b, \u00fcr\u0259yini bo\u015faltma\u011fa adam axtar\u0131rsan. El\u0259 a\u011fz\u0131n\u0131 a\u00e7\u0131b, dan\u0131\u015fma\u011fa ba\u015flay\u0131rsan ki, ev\u0259 polis g\u0259lir, s\u0259ni \u015f\u00f6b\u0259y\u0259 apar\u0131r.\n<\/p>\n<p>\n  C\u0259miyy\u0259ti bu q\u0259d\u0259r murdar hala getirm\u0259yin arxas\u0131nda hans\u0131 s\u0259b\u0259b gizl\u0259nir? Bunu bilmir\u0259m, b\u0259lk\u0259 bu suala t\u0259xminl\u0259r cavab ver\u0259 bil\u0259r. Amma bu, \u00f6lk\u0259nin v\u0259t\u0259nda\u015f\u0131n\u0131n qeydin\u0259 qalmaq yox, onu h\u0259rt\u0259r\u0259fli al\u00e7atmaqd\u0131r.<br \/>\n  <br \/>\n  \u018fn a\u011f\u0131r m\u0259s\u0259l\u0259 is\u0259 qad\u0131nlar\u0131n \u00e7iynin\u0259 d\u00fc\u015f\u00fcr: V\u0259t\u0259nda\u015f yeti\u015fdirm\u0259k. \u018fsl v\u0259t\u0259nda\u015f is\u0259 n\u0259 \u201cb\u00fcsthalter\u201dind\u0259 b\u00fclleten da\u015f\u0131yan, n\u0259 d\u0259 polis\u0259 &#8216;x\u0259b\u0259r\u00e7ilik&#8217; ed\u0259ndir.\n<\/p>\n<\/p>\n<p>\n  <b><br \/>\n    Yaz\u0131 m\u00fc\u0259llifin \u015f\u0259xsi m\u00f6vqeyini \u0259ks etdirir&#8230;<br \/>\n  <\/b><\/p>\n","protected":false},"excerpt":{"rendered":"<p>Qad\u0131n\u0131n boynuna d\u00fc\u015f\u0259n y\u00fck<\/p>\n","protected":false},"author":11,"featured_media":51554,"comment_status":"closed","ping_status":"open","sticky":false,"template":"","format":"standard","meta":{"_acf_changed":false,"_sitemap_exclude":false,"_sitemap_priority":"","_sitemap_frequency":"","footnotes":""},"categories":[57],"tags":[],"class_list":["post-174405","post","type-post","status-publish","format-standard","has-post-thumbnail","hentry","category-menim-fikrimce","infinite-scroll-item","generate-columns","tablet-grid-50","mobile-grid-100","grid-parent","grid-33","no-featured-image-padding"],"acf":[],"yoast_head":"<!-- This site is optimized with the Yoast SEO plugin v27.5 - https:\/\/yoast.com\/product\/yoast-seo-wordpress\/ -->\n<title>Biz n\u0259 vaxt adamsatanlar\u0131 sevm\u0259y\u0259 ba\u015flad\u0131q? - MEYDAN.TV<\/title>\n<meta name=\"robots\" content=\"index, follow, max-snippet:-1, max-image-preview:large, max-video-preview:-1\" \/>\n<link rel=\"canonical\" href=\"https:\/\/www.meydan.tv\/az\/article\/biz-ne-vaxt-adamsatanlari-sevmeye-basladiq\/\" \/>\n<meta property=\"og:locale\" content=\"az_AZ\" \/>\n<meta property=\"og:type\" content=\"article\" \/>\n<meta property=\"og:title\" content=\"Biz n\u0259 vaxt adamsatanlar\u0131 sevm\u0259y\u0259 ba\u015flad\u0131q? - MEYDAN.TV\" \/>\n<meta property=\"og:description\" content=\"Qad\u0131n\u0131n boynuna d\u00fc\u015f\u0259n y\u00fck\" \/>\n<meta property=\"og:url\" content=\"https:\/\/www.meydan.tv\/az\/article\/biz-ne-vaxt-adamsatanlari-sevmeye-basladiq\/\" \/>\n<meta property=\"og:site_name\" content=\"MEYDAN.TV\" \/>\n<meta property=\"article:published_time\" content=\"2016-03-15T18:06:49+00:00\" \/>\n<meta property=\"og:image\" content=\"https:\/\/www.meydan.tv\/wp-content\/uploads\/19477.jpg\" \/>\n\t<meta property=\"og:image:width\" content=\"500\" \/>\n\t<meta property=\"og:image:height\" content=\"500\" \/>\n\t<meta property=\"og:image:type\" content=\"image\/jpeg\" \/>\n<meta name=\"author\" content=\"user-manager\" \/>\n<meta name=\"twitter:card\" content=\"summary_large_image\" \/>\n<script type=\"application\/ld+json\" class=\"yoast-schema-graph\">{\"@context\":\"https:\\\/\\\/schema.org\",\"@graph\":[{\"@type\":\"Article\",\"@id\":\"https:\\\/\\\/www.meydan.tv\\\/az\\\/article\\\/biz-ne-vaxt-adamsatanlari-sevmeye-basladiq\\\/#article\",\"isPartOf\":{\"@id\":\"https:\\\/\\\/www.meydan.tv\\\/az\\\/article\\\/biz-ne-vaxt-adamsatanlari-sevmeye-basladiq\\\/\"},\"author\":{\"name\":\"user-manager\",\"@id\":\"https:\\\/\\\/www.meydan.tv\\\/az\\\/#\\\/schema\\\/person\\\/10d11eccf6da3662cf5fdab9806ea91a\"},\"headline\":\"Biz n\u0259 vaxt adamsatanlar\u0131 sevm\u0259y\u0259 ba\u015flad\u0131q?\",\"datePublished\":\"2016-03-15T18:06:49+00:00\",\"mainEntityOfPage\":{\"@id\":\"https:\\\/\\\/www.meydan.tv\\\/az\\\/article\\\/biz-ne-vaxt-adamsatanlari-sevmeye-basladiq\\\/\"},\"wordCount\":644,\"publisher\":{\"@id\":\"https:\\\/\\\/www.meydan.tv\\\/az\\\/#organization\"},\"image\":{\"@id\":\"https:\\\/\\\/www.meydan.tv\\\/az\\\/article\\\/biz-ne-vaxt-adamsatanlari-sevmeye-basladiq\\\/#primaryimage\"},\"thumbnailUrl\":\"https:\\\/\\\/www.meydan.tv\\\/wp-content\\\/uploads\\\/19477.jpg\",\"articleSection\":[\"M\u0259nim Fikrimc\u0259\"],\"inLanguage\":\"az\"},{\"@type\":\"WebPage\",\"@id\":\"https:\\\/\\\/www.meydan.tv\\\/az\\\/article\\\/biz-ne-vaxt-adamsatanlari-sevmeye-basladiq\\\/\",\"url\":\"https:\\\/\\\/www.meydan.tv\\\/az\\\/article\\\/biz-ne-vaxt-adamsatanlari-sevmeye-basladiq\\\/\",\"name\":\"Biz n\u0259 vaxt adamsatanlar\u0131 sevm\u0259y\u0259 ba\u015flad\u0131q? - MEYDAN.TV\",\"isPartOf\":{\"@id\":\"https:\\\/\\\/www.meydan.tv\\\/az\\\/#website\"},\"primaryImageOfPage\":{\"@id\":\"https:\\\/\\\/www.meydan.tv\\\/az\\\/article\\\/biz-ne-vaxt-adamsatanlari-sevmeye-basladiq\\\/#primaryimage\"},\"image\":{\"@id\":\"https:\\\/\\\/www.meydan.tv\\\/az\\\/article\\\/biz-ne-vaxt-adamsatanlari-sevmeye-basladiq\\\/#primaryimage\"},\"thumbnailUrl\":\"https:\\\/\\\/www.meydan.tv\\\/wp-content\\\/uploads\\\/19477.jpg\",\"datePublished\":\"2016-03-15T18:06:49+00:00\",\"breadcrumb\":{\"@id\":\"https:\\\/\\\/www.meydan.tv\\\/az\\\/article\\\/biz-ne-vaxt-adamsatanlari-sevmeye-basladiq\\\/#breadcrumb\"},\"inLanguage\":\"az\",\"potentialAction\":[{\"@type\":\"ReadAction\",\"target\":[\"https:\\\/\\\/www.meydan.tv\\\/az\\\/article\\\/biz-ne-vaxt-adamsatanlari-sevmeye-basladiq\\\/\"]}]},{\"@type\":\"ImageObject\",\"inLanguage\":\"az\",\"@id\":\"https:\\\/\\\/www.meydan.tv\\\/az\\\/article\\\/biz-ne-vaxt-adamsatanlari-sevmeye-basladiq\\\/#primaryimage\",\"url\":\"https:\\\/\\\/www.meydan.tv\\\/wp-content\\\/uploads\\\/19477.jpg\",\"contentUrl\":\"https:\\\/\\\/www.meydan.tv\\\/wp-content\\\/uploads\\\/19477.jpg\",\"width\":500,\"height\":500,\"caption\":\"Source:\"},{\"@type\":\"BreadcrumbList\",\"@id\":\"https:\\\/\\\/www.meydan.tv\\\/az\\\/article\\\/biz-ne-vaxt-adamsatanlari-sevmeye-basladiq\\\/#breadcrumb\",\"itemListElement\":[{\"@type\":\"ListItem\",\"position\":1,\"name\":\"Ana s\u0259hif\u0259\",\"item\":\"https:\\\/\\\/www.meydan.tv\\\/az\\\/\"},{\"@type\":\"ListItem\",\"position\":2,\"name\":\"M\u0259nim Fikrimc\u0259\",\"item\":\"https:\\\/\\\/www.meydan.tv\\\/az\\\/section\\\/menim-fikrimce\\\/\"},{\"@type\":\"ListItem\",\"position\":3,\"name\":\"Biz n\u0259 vaxt adamsatanlar\u0131 sevm\u0259y\u0259 ba\u015flad\u0131q?\"}]},{\"@type\":\"WebSite\",\"@id\":\"https:\\\/\\\/www.meydan.tv\\\/az\\\/#website\",\"url\":\"https:\\\/\\\/www.meydan.tv\\\/az\\\/\",\"name\":\"MEYDAN.TV\",\"description\":\"Meydan TV Az\u0259rbaycan\u0131n media m\u0259kan\u0131ndak\u0131 alternativ s\u0259sidir\",\"publisher\":{\"@id\":\"https:\\\/\\\/www.meydan.tv\\\/az\\\/#organization\"},\"potentialAction\":[{\"@type\":\"SearchAction\",\"target\":{\"@type\":\"EntryPoint\",\"urlTemplate\":\"https:\\\/\\\/www.meydan.tv\\\/az\\\/?s={search_term_string}\"},\"query-input\":{\"@type\":\"PropertyValueSpecification\",\"valueRequired\":true,\"valueName\":\"search_term_string\"}}],\"inLanguage\":\"az\"},{\"@type\":\"Organization\",\"@id\":\"https:\\\/\\\/www.meydan.tv\\\/az\\\/#organization\",\"name\":\"Meydan TV\",\"url\":\"https:\\\/\\\/www.meydan.tv\\\/az\\\/\",\"logo\":{\"@type\":\"ImageObject\",\"inLanguage\":\"az\",\"@id\":\"https:\\\/\\\/www.meydan.tv\\\/az\\\/#\\\/schema\\\/logo\\\/image\\\/\",\"url\":\"https:\\\/\\\/www.meydan.tv\\\/wp-content\\\/uploads\\\/2021\\\/07\\\/meydan-logo.svg\",\"contentUrl\":\"https:\\\/\\\/www.meydan.tv\\\/wp-content\\\/uploads\\\/2021\\\/07\\\/meydan-logo.svg\",\"width\":195,\"height\":46,\"caption\":\"Meydan TV\"},\"image\":{\"@id\":\"https:\\\/\\\/www.meydan.tv\\\/az\\\/#\\\/schema\\\/logo\\\/image\\\/\"}},{\"@type\":\"Person\",\"@id\":\"https:\\\/\\\/www.meydan.tv\\\/az\\\/#\\\/schema\\\/person\\\/10d11eccf6da3662cf5fdab9806ea91a\",\"name\":\"user-manager\"}]}<\/script>\n<!-- \/ Yoast SEO plugin. -->","yoast_head_json":{"title":"Biz n\u0259 vaxt adamsatanlar\u0131 sevm\u0259y\u0259 ba\u015flad\u0131q? - MEYDAN.TV","robots":{"index":"index","follow":"follow","max-snippet":"max-snippet:-1","max-image-preview":"max-image-preview:large","max-video-preview":"max-video-preview:-1"},"canonical":"https:\/\/www.meydan.tv\/az\/article\/biz-ne-vaxt-adamsatanlari-sevmeye-basladiq\/","og_locale":"az_AZ","og_type":"article","og_title":"Biz n\u0259 vaxt adamsatanlar\u0131 sevm\u0259y\u0259 ba\u015flad\u0131q? - MEYDAN.TV","og_description":"Qad\u0131n\u0131n boynuna d\u00fc\u015f\u0259n y\u00fck","og_url":"https:\/\/www.meydan.tv\/az\/article\/biz-ne-vaxt-adamsatanlari-sevmeye-basladiq\/","og_site_name":"MEYDAN.TV","article_published_time":"2016-03-15T18:06:49+00:00","og_image":[{"width":500,"height":500,"url":"https:\/\/www.meydan.tv\/wp-content\/uploads\/19477.jpg","type":"image\/jpeg"}],"author":"user-manager","twitter_card":"summary_large_image","schema":{"@context":"https:\/\/schema.org","@graph":[{"@type":"Article","@id":"https:\/\/www.meydan.tv\/az\/article\/biz-ne-vaxt-adamsatanlari-sevmeye-basladiq\/#article","isPartOf":{"@id":"https:\/\/www.meydan.tv\/az\/article\/biz-ne-vaxt-adamsatanlari-sevmeye-basladiq\/"},"author":{"name":"user-manager","@id":"https:\/\/www.meydan.tv\/az\/#\/schema\/person\/10d11eccf6da3662cf5fdab9806ea91a"},"headline":"Biz n\u0259 vaxt adamsatanlar\u0131 sevm\u0259y\u0259 ba\u015flad\u0131q?","datePublished":"2016-03-15T18:06:49+00:00","mainEntityOfPage":{"@id":"https:\/\/www.meydan.tv\/az\/article\/biz-ne-vaxt-adamsatanlari-sevmeye-basladiq\/"},"wordCount":644,"publisher":{"@id":"https:\/\/www.meydan.tv\/az\/#organization"},"image":{"@id":"https:\/\/www.meydan.tv\/az\/article\/biz-ne-vaxt-adamsatanlari-sevmeye-basladiq\/#primaryimage"},"thumbnailUrl":"https:\/\/www.meydan.tv\/wp-content\/uploads\/19477.jpg","articleSection":["M\u0259nim Fikrimc\u0259"],"inLanguage":"az"},{"@type":"WebPage","@id":"https:\/\/www.meydan.tv\/az\/article\/biz-ne-vaxt-adamsatanlari-sevmeye-basladiq\/","url":"https:\/\/www.meydan.tv\/az\/article\/biz-ne-vaxt-adamsatanlari-sevmeye-basladiq\/","name":"Biz n\u0259 vaxt adamsatanlar\u0131 sevm\u0259y\u0259 ba\u015flad\u0131q? - MEYDAN.TV","isPartOf":{"@id":"https:\/\/www.meydan.tv\/az\/#website"},"primaryImageOfPage":{"@id":"https:\/\/www.meydan.tv\/az\/article\/biz-ne-vaxt-adamsatanlari-sevmeye-basladiq\/#primaryimage"},"image":{"@id":"https:\/\/www.meydan.tv\/az\/article\/biz-ne-vaxt-adamsatanlari-sevmeye-basladiq\/#primaryimage"},"thumbnailUrl":"https:\/\/www.meydan.tv\/wp-content\/uploads\/19477.jpg","datePublished":"2016-03-15T18:06:49+00:00","breadcrumb":{"@id":"https:\/\/www.meydan.tv\/az\/article\/biz-ne-vaxt-adamsatanlari-sevmeye-basladiq\/#breadcrumb"},"inLanguage":"az","potentialAction":[{"@type":"ReadAction","target":["https:\/\/www.meydan.tv\/az\/article\/biz-ne-vaxt-adamsatanlari-sevmeye-basladiq\/"]}]},{"@type":"ImageObject","inLanguage":"az","@id":"https:\/\/www.meydan.tv\/az\/article\/biz-ne-vaxt-adamsatanlari-sevmeye-basladiq\/#primaryimage","url":"https:\/\/www.meydan.tv\/wp-content\/uploads\/19477.jpg","contentUrl":"https:\/\/www.meydan.tv\/wp-content\/uploads\/19477.jpg","width":500,"height":500,"caption":"Source:"},{"@type":"BreadcrumbList","@id":"https:\/\/www.meydan.tv\/az\/article\/biz-ne-vaxt-adamsatanlari-sevmeye-basladiq\/#breadcrumb","itemListElement":[{"@type":"ListItem","position":1,"name":"Ana s\u0259hif\u0259","item":"https:\/\/www.meydan.tv\/az\/"},{"@type":"ListItem","position":2,"name":"M\u0259nim Fikrimc\u0259","item":"https:\/\/www.meydan.tv\/az\/section\/menim-fikrimce\/"},{"@type":"ListItem","position":3,"name":"Biz n\u0259 vaxt adamsatanlar\u0131 sevm\u0259y\u0259 ba\u015flad\u0131q?"}]},{"@type":"WebSite","@id":"https:\/\/www.meydan.tv\/az\/#website","url":"https:\/\/www.meydan.tv\/az\/","name":"MEYDAN.TV","description":"Meydan TV Az\u0259rbaycan\u0131n media m\u0259kan\u0131ndak\u0131 alternativ s\u0259sidir","publisher":{"@id":"https:\/\/www.meydan.tv\/az\/#organization"},"potentialAction":[{"@type":"SearchAction","target":{"@type":"EntryPoint","urlTemplate":"https:\/\/www.meydan.tv\/az\/?s={search_term_string}"},"query-input":{"@type":"PropertyValueSpecification","valueRequired":true,"valueName":"search_term_string"}}],"inLanguage":"az"},{"@type":"Organization","@id":"https:\/\/www.meydan.tv\/az\/#organization","name":"Meydan TV","url":"https:\/\/www.meydan.tv\/az\/","logo":{"@type":"ImageObject","inLanguage":"az","@id":"https:\/\/www.meydan.tv\/az\/#\/schema\/logo\/image\/","url":"https:\/\/www.meydan.tv\/wp-content\/uploads\/2021\/07\/meydan-logo.svg","contentUrl":"https:\/\/www.meydan.tv\/wp-content\/uploads\/2021\/07\/meydan-logo.svg","width":195,"height":46,"caption":"Meydan TV"},"image":{"@id":"https:\/\/www.meydan.tv\/az\/#\/schema\/logo\/image\/"}},{"@type":"Person","@id":"https:\/\/www.meydan.tv\/az\/#\/schema\/person\/10d11eccf6da3662cf5fdab9806ea91a","name":"user-manager"}]}},"_links":{"self":[{"href":"https:\/\/www.meydan.tv\/az\/wp-json\/wp\/v2\/posts\/174405","targetHints":{"allow":["GET"]}}],"collection":[{"href":"https:\/\/www.meydan.tv\/az\/wp-json\/wp\/v2\/posts"}],"about":[{"href":"https:\/\/www.meydan.tv\/az\/wp-json\/wp\/v2\/types\/post"}],"author":[{"embeddable":true,"href":"https:\/\/www.meydan.tv\/az\/wp-json\/wp\/v2\/users\/11"}],"replies":[{"embeddable":true,"href":"https:\/\/www.meydan.tv\/az\/wp-json\/wp\/v2\/comments?post=174405"}],"version-history":[{"count":0,"href":"https:\/\/www.meydan.tv\/az\/wp-json\/wp\/v2\/posts\/174405\/revisions"}],"wp:featuredmedia":[{"embeddable":true,"href":"https:\/\/www.meydan.tv\/az\/wp-json\/wp\/v2\/media\/51554"}],"wp:attachment":[{"href":"https:\/\/www.meydan.tv\/az\/wp-json\/wp\/v2\/media?parent=174405"}],"wp:term":[{"taxonomy":"category","embeddable":true,"href":"https:\/\/www.meydan.tv\/az\/wp-json\/wp\/v2\/categories?post=174405"},{"taxonomy":"post_tag","embeddable":true,"href":"https:\/\/www.meydan.tv\/az\/wp-json\/wp\/v2\/tags?post=174405"}],"curies":[{"name":"wp","href":"https:\/\/api.w.org\/{rel}","templated":true}]}}