{"id":174380,"date":"2016-03-15T02:08:50","date_gmt":"2016-03-15T02:08:50","guid":{"rendered":"https:\/\/www.meydan.tv\/article\/dalga\/"},"modified":"2016-03-15T02:08:50","modified_gmt":"2016-03-15T02:08:50","slug":"dalga","status":"publish","type":"post","link":"https:\/\/www.meydan.tv\/az\/article\/dalga\/","title":{"rendered":"Dal\u011fa"},"content":{"rendered":"<figure class=\"wp-block-image size-large\">\n  <img decoding=\"async\" src=\"https:\/\/www.meydan.tv\/az\/48259\/\" alt=\"\" class=\"wp-image-48259\"\/><figcaption><\/figcaption><\/figure>\n<figure class=\"wp-block-image size-large\">\n  <img decoding=\"async\" src=\"https:\/\/www.meydan.tv\/az\/48262\/\" alt=\"\" class=\"wp-image-48262\"\/><figcaption><\/figcaption><\/figure>\n<p>\n  T\u00fcrkiy\u0259&#8230; T\u00fcrkiy\u0259&#8230; Q\u00fcrurumuz, \u00fcmidimiz, g\u00fcv\u0259nimiz v\u0259&#8230; art\u0131q h\u0259m d\u0259 d\u0259rdimiz. M\u0259s\u0259l\u0259 t\u0259kc\u0259 son aylarda olan terrorlarda deyil. Terror ba\u015fqa \u00f6lk\u0259l\u0259rd\u0259 d\u0259 olur. Fa\u015fizmd\u0259n uzaq insanlar\u0131n e\u015fitdikl\u0259ri b\u00fct\u00fcn terrorlara \u00fcr\u0259kl\u0259ri yan\u0131r. T\u00fcrkiy\u0259 \u00f6z\u00fcm\u00fcz\u00fcnk\u00fcd\u00fcr dey\u0259, bir ba\u015fqa \u00fcr\u0259yimiz yan\u0131r.\n<\/p>\n<p>\n  Amma \u201cd\u0259rdimiz\u201d dey\u0259nd\u0259, n\u0259z\u0259rd\u0259 tutdu\u011fum t\u0259k bu deyil. T\u00fcrkiy\u0259 t\u0259k Az\u0259rbaycan\u0131n, yaxud t\u00fcrk xalqlar\u0131n\u0131n yox, m\u00fcs\u0259lman \u015e\u0259rqinin g\u00f6z\u00fcn\u00fc dikdiyi \u00fcmid, xilas olub son 100 ild\u0259. G\u0259nc T\u00fcrkl\u0259r \u0130nqilab\u0131 ba\u015flayanda \u015e\u0259rqin t\u0259r\u0259qqip\u0259rv\u0259r t\u0259b\u0259q\u0259si \u00fcmid etdi ki, \u00f6z\u00fcn\u0259 xilaf\u0259t dey\u0259n d\u00f6vl\u0259t modernl\u0259\u015f\u0259r, inki\u015faf ed\u0259r, bir s\u00f6zl\u0259, islam d\u00fcnyas\u0131na t\u0259r\u0259qqi, modernizm yolunda mayak olar. Az qala b\u00fct\u00fcn \u00fcmidl\u0259r batacaqd\u0131 ki, Atat\u00fcrk \u00e7\u0131xd\u0131 ortaya.\n<\/p>\n<p>\n  Atat\u00fcrk diktator idi, amma onun qoyub getdiyi d\u0259y\u0259rl\u0259r sistemi sekulyar respublikan\u0131 qorudu. Atat\u00fcrk he\u00e7d\u0259n T\u00fcrkiy\u0259 C\u00fcmhuriyy\u0259tini yaratd\u0131. O, el\u0259 ziddiyy\u0259tli adamd\u0131r ki, diktator ola-ola onun qoydu\u011fu d\u0259y\u0259rl\u0259ri m\u00fcdafi\u0259 etm\u0259k &#8211; T\u00fcrkiy\u0259d\u0259 demokratiyan\u0131 m\u00fcdafi\u0259 etm\u0259k anlam\u0131na g\u0259lir.\n<\/p>\n<p>\n  \u00c7oxlu eni\u015f-yoxu\u015flarla T\u00fcrkiy\u0259 bu d\u0259y\u0259rl\u0259r\u0259 sadiq olaraq, davam edirdi. Ta ki, 2002-d\u0259 siyasi islam\u00e7\u0131lar\u0131n q\u0259l\u0259b\u0259sin\u0259 q\u0259d\u0259r. Art\u0131q 14 ildir ki, hakimiyy\u0259td\u0259dirl\u0259r. T\u00fcrkiy\u0259nin b\u0259las\u0131 hal\u0131na g\u0259libl\u0259r. Hakimiyy\u0259tl\u0259rini itirm\u0259m\u0259k \u00fc\u00e7\u00fcn terrordan, tutmu\u015f d\u00f6vl\u0259tin \u0259saslar\u0131n\u0131 sars\u0131tma\u011fa q\u0259d\u0259r b\u00fct\u00fcn yollara ba\u015f vurdular v\u0259 ya ba\u015f vurmaq potensial\u0131nda olduqlar\u0131n\u0131 n\u00fcmayi\u015f etdirdil\u0259r. T\u00fcrkiy\u0259 c\u0259miyy\u0259tini ba\u015f\u0131na g\u00f6t\u00fcrm\u00fc\u015f populizm, cahillik, savads\u0131zl\u0131q is\u0259 onlara h\u0259r d\u0259f\u0259 se\u00e7kid\u0259 qalib g\u0259lm\u0259 imkan\u0131 verir. S\u0259s itir\u0259nd\u0259 d\u0259 zorak\u0131l\u0131\u011fa, qorxuya m\u00fcraci\u0259t edirl\u0259r.<br \/>\n  <br \/>\n  1 \u0259srd\u0259n \u00e7oxdur, islam \u015e\u0259rqinin \u00fcmidi, mayak\u0131 roluna iddia ed\u0259n, milyonlarla insan\u0131n m\u00fcbariz\u0259sind\u0259 \u201c\u0259n az\u0131 T\u00fcrkiy\u0259 kimi olaq\u201d \u00fcnvan\u0131n\u0131n sahibi olan d\u00f6vl\u0259t indi bir qrup geriz\u0259kal\u0131 korrupsionerin \u0259lind\u0259 aciz qal\u0131b. Demokratiyan\u0131n z\u0259if n\u00f6qt\u0259l\u0259rind\u0259n biri d\u0259 se\u00e7kinin d\u0259y\u0259rl\u0259ri m\u00fcdafi\u0259 ed\u0259 bilm\u0259m\u0259 ehtimal\u0131n\u0131n olmas\u0131d\u0131r. 1933 Almaniyas\u0131nda oldu\u011fu kimi T\u00fcrkiy\u0259d\u0259 d\u0259 bu ehtimal ard-arda realla\u015f\u0131r, t\u0259\u0259ss\u00fcf ki. \u00d6lk\u0259ni m\u00f6vhumat\u0131n, c\u0259hal\u0259tin, korrupsiyan\u0131n, get-ged\u0259 artan h\u00fcquqsuzlu\u011fun, indi is\u0259 terrorun quca\u011f\u0131na atan bir hakimiyy\u0259t 14 ildir ki, Atat\u00fcrk d\u0259y\u0259rl\u0259rini \u00f6ld\u00fcrm\u0259kl\u0259 m\u0259\u015f\u011fuldur.\n<\/p>\n<p>\n  Amma pis xasiyy\u0259tl\u0259r kimi, k\u00fctl\u0259nin yax\u015f\u0131 xasiyy\u0259tl\u0259ri d\u0259 qal\u0131c\u0131d\u0131r, silm\u0259k \u00e7ox \u00e7\u0259tindir v\u0259 uzun zaman, g\u0259rgin, planl\u0131, ard\u0131c\u0131l i\u015f t\u0259l\u0259b edir. \u018frdo\u011fan da Atat\u00fcrk d\u0259y\u0259rl\u0259rini \u2013 respublikan\u0131, sekulyarizmi, demokratiyan\u0131 silm\u0259k \u00fc\u00e7\u00fcn planl\u0131 sur\u0259td\u0259, ard\u0131c\u0131l olaraq, g\u0259rgin \u015f\u0259kild\u0259 10 ill\u0259rdir ki, \u00e7al\u0131\u015f\u0131r. Amma \u201cuzun zaman\u201d qrafas\u0131 \u00f6d\u0259nilm\u0259yib h\u0259l\u0259. Atat\u00fcrk\u0259 sadiq t\u00fcrkl\u0259r m\u00fcqavim\u0259td\u0259dir. Beyinl\u0259ri d\u0259yi\u015fm\u0259k olmur h\u0259l\u0259 ki. H\u0259r k\u0259s normal m\u00fcxalif\u0259t g\u00f6zl\u0259yir. M\u00fcxalif\u0259t d\u0259 bu az\u011f\u0131n c\u0259hal\u0259tin, y\u0131rt\u0131c\u0131 populizmin qaba\u011f\u0131nda h\u0259l\u0259 ki, acizdir. K\u00fcrdl\u0259rin s\u0259sini AKP-d\u0259n m\u00fcxalif\u0259t\u0259 y\u00f6n\u0259ld\u0259 bilm\u0259k g\u00fcc\u00fcnd\u0259 olan HDP-nin rus qoltu\u011funa s\u0131\u011f\u0131nmas\u0131, terrorun yan\u0131nda olmas\u0131 \u0259n \u00e7ox \u018frdo\u011fan\u0131n i\u015fin\u0259 yarad\u0131&#8230;\n<\/p>\n<p>\n  2011-d\u0259n sonra Ukrayna inqilab\u0131na q\u0259d\u0259r demokratiya dal\u011fas\u0131 d\u00fcnyan\u0131 vurdu. Bug\u00fcnl\u0259r\u0259 q\u0259d\u0259r d\u0259 davam etdi \u2013 G\u00fcrc\u00fcstan, Ukrayna, Tunis, Venesuela, Myanma&#8230; Amma dal\u011fadan sonra h\u0259mi\u015f\u0259 az da olsa, eni\u015f g\u0259lir (\u00e7\u00fcnki yeni dal\u011fa g\u0259l\u0259c\u0259k). 2010-lar\u0131n \u0259vv\u0259ll\u0259rind\u0259 art\u0131q bu eni\u015f arxadan \u2013 Avropadan g\u0259lirdi. Macar\u0131standa Orban, \u00c7exiyada Zeman bu eni\u015fin ilk qaranqu\u015flar\u0131 idi. Art\u0131q dal\u011fa ke\u00e7ib, biz x\u0131rda eni\u015fi ya\u015fay\u0131r\u0131q. Demokratiyan\u0131n ke\u00e7ici b\u00f6hran\u0131 ba\u015f verir haz\u0131rda. Rusiya v\u0259 onun satellit diktatorlar\u0131, \u015e\u0259rqi Avropan\u0131n geri\u00e7i k\u0259simi, Trump v\u0259 onun k\u00fcy\u00e7\u00fc k\u00fctl\u0259si, el\u0259c\u0259 d\u0259 T\u00fcrkiy\u0259d\u0259 \u201cxilaf\u0259t, islam diktaturas\u0131\u201d ist\u0259yini get-ged\u0259 a\u00e7\u0131q ifad\u0259 ed\u0259n geriz\u0259kal\u0131 k\u00fctl\u0259 v\u0259 onlar\u0131 oynadan korrupsioner hakimiyy\u0259t bu eni\u015fin \u00f6z\u0259yidir. Yeni dal\u011fa toparlan\u0131r v\u0259 tezlikl\u0259 g\u0259l\u0259c\u0259k, amma ona kimi bu qruplar at oyanadacaq, proqressiv, passionar insanlar b\u00fct\u00fcn d\u00fcnyada \u0259ndi\u015f\u0259 i\u00e7ind\u0259 olacaq, bir \u00e7oxu h\u0259tta el\u0259 bil\u0259c\u0259k ki, art\u0131q liberalizm, demokratiya s\u00fcqut edir.\n<\/p>\n<p>\n  Lakin liberalizm h\u0259mi\u015f\u0259 dal\u011fa-dal\u011fa g\u0259lib, bir b\u00f6y\u00fck \u0259razini g\u00f6t\u00fcr\u00fcb, bir az g\u00f6zl\u0259yib, sonra yeni h\u0259ml\u0259, yeni \u0259razil\u0259r. N\u00f6vb\u0259ti h\u0259ml\u0259d\u0259 demokratiya, liberalizm dal\u011fas\u0131 Az\u0259rbaycan\u0131 da g\u00f6t\u00fcr\u0259c\u0259k. Demokratiya art\u0131q s\u0259rh\u0259dl\u0259rimizd\u0259dir.\n<\/p>\n<p>\n  Yaz\u0131n\u0131n \u0259vv\u0259lind\u0259 d\u0259 \u201cd\u0259rdimiz\u201d dediyim budur. Demokratiya, d\u0259y\u0259rl\u0259ri qoruyan c\u0259miyy\u0259t d\u0259rdimiz. Biz\u0259 g\u0259lib \u00e7atmayan dal\u011fada demokratikl\u0259\u015f\u0259n \u00f6lk\u0259l\u0259rin taleyin\u0259 bax\u0131r\u0131q v\u0259 narahat\u0131q. Ukraynada, G\u00fcrc\u00fcstanda v\u0259 bir \u00e7ox c\u0259h\u0259td\u0259n biz\u0259 daha yax\u0131n T\u00fcrkiy\u0259d\u0259 d\u0259y\u0259rl\u0259rin q\u0259l\u0259b\u0259sini g\u00f6zl\u0259yirik. G\u00f6zl\u0259yirik ki, n\u00f6vb\u0259 biz\u0259 d\u0259 \u00e7ats\u0131n.<\/p>\n","protected":false},"excerpt":{"rendered":"<p>Demokratiya art\u0131q s\u0259rh\u0259dl\u0259rimizd\u0259dir.<\/p>\n","protected":false},"author":11,"featured_media":48259,"comment_status":"closed","ping_status":"open","sticky":false,"template":"","format":"standard","meta":{"_acf_changed":false,"_sitemap_exclude":false,"_sitemap_priority":"","_sitemap_frequency":"","footnotes":""},"categories":[57],"tags":[],"class_list":["post-174380","post","type-post","status-publish","format-standard","has-post-thumbnail","hentry","category-menim-fikrimce","infinite-scroll-item","generate-columns","tablet-grid-50","mobile-grid-100","grid-parent","grid-33","no-featured-image-padding"],"acf":[],"yoast_head":"<!-- This site is optimized with the Yoast SEO plugin v27.5 - https:\/\/yoast.com\/product\/yoast-seo-wordpress\/ -->\n<title>Dal\u011fa - MEYDAN.TV<\/title>\n<meta name=\"robots\" content=\"index, follow, max-snippet:-1, max-image-preview:large, max-video-preview:-1\" \/>\n<link rel=\"canonical\" href=\"https:\/\/www.meydan.tv\/az\/article\/dalga\/\" \/>\n<meta property=\"og:locale\" content=\"az_AZ\" \/>\n<meta property=\"og:type\" content=\"article\" \/>\n<meta property=\"og:title\" content=\"Dal\u011fa - MEYDAN.TV\" \/>\n<meta property=\"og:description\" content=\"Demokratiya art\u0131q s\u0259rh\u0259dl\u0259rimizd\u0259dir.\" \/>\n<meta property=\"og:url\" content=\"https:\/\/www.meydan.tv\/az\/article\/dalga\/\" \/>\n<meta property=\"og:site_name\" content=\"MEYDAN.TV\" \/>\n<meta property=\"article:published_time\" content=\"2016-03-15T02:08:50+00:00\" \/>\n<meta property=\"og:image\" content=\"https:\/\/www.meydan.tv\/wp-content\/uploads\/18121.jpg\" \/>\n\t<meta property=\"og:image:width\" content=\"500\" \/>\n\t<meta property=\"og:image:height\" content=\"500\" \/>\n\t<meta property=\"og:image:type\" content=\"image\/jpeg\" \/>\n<meta name=\"author\" content=\"user-manager\" \/>\n<meta name=\"twitter:card\" content=\"summary_large_image\" \/>\n<script type=\"application\/ld+json\" class=\"yoast-schema-graph\">{\"@context\":\"https:\\\/\\\/schema.org\",\"@graph\":[{\"@type\":\"Article\",\"@id\":\"https:\\\/\\\/www.meydan.tv\\\/az\\\/article\\\/dalga\\\/#article\",\"isPartOf\":{\"@id\":\"https:\\\/\\\/www.meydan.tv\\\/az\\\/article\\\/dalga\\\/\"},\"author\":{\"name\":\"user-manager\",\"@id\":\"https:\\\/\\\/www.meydan.tv\\\/az\\\/#\\\/schema\\\/person\\\/10d11eccf6da3662cf5fdab9806ea91a\"},\"headline\":\"Dal\u011fa\",\"datePublished\":\"2016-03-15T02:08:50+00:00\",\"mainEntityOfPage\":{\"@id\":\"https:\\\/\\\/www.meydan.tv\\\/az\\\/article\\\/dalga\\\/\"},\"wordCount\":984,\"publisher\":{\"@id\":\"https:\\\/\\\/www.meydan.tv\\\/az\\\/#organization\"},\"image\":{\"@id\":\"https:\\\/\\\/www.meydan.tv\\\/az\\\/article\\\/dalga\\\/#primaryimage\"},\"thumbnailUrl\":\"https:\\\/\\\/www.meydan.tv\\\/wp-content\\\/uploads\\\/18121.jpg\",\"articleSection\":[\"M\u0259nim Fikrimc\u0259\"],\"inLanguage\":\"az\"},{\"@type\":\"WebPage\",\"@id\":\"https:\\\/\\\/www.meydan.tv\\\/az\\\/article\\\/dalga\\\/\",\"url\":\"https:\\\/\\\/www.meydan.tv\\\/az\\\/article\\\/dalga\\\/\",\"name\":\"Dal\u011fa - MEYDAN.TV\",\"isPartOf\":{\"@id\":\"https:\\\/\\\/www.meydan.tv\\\/az\\\/#website\"},\"primaryImageOfPage\":{\"@id\":\"https:\\\/\\\/www.meydan.tv\\\/az\\\/article\\\/dalga\\\/#primaryimage\"},\"image\":{\"@id\":\"https:\\\/\\\/www.meydan.tv\\\/az\\\/article\\\/dalga\\\/#primaryimage\"},\"thumbnailUrl\":\"https:\\\/\\\/www.meydan.tv\\\/wp-content\\\/uploads\\\/18121.jpg\",\"datePublished\":\"2016-03-15T02:08:50+00:00\",\"breadcrumb\":{\"@id\":\"https:\\\/\\\/www.meydan.tv\\\/az\\\/article\\\/dalga\\\/#breadcrumb\"},\"inLanguage\":\"az\",\"potentialAction\":[{\"@type\":\"ReadAction\",\"target\":[\"https:\\\/\\\/www.meydan.tv\\\/az\\\/article\\\/dalga\\\/\"]}]},{\"@type\":\"ImageObject\",\"inLanguage\":\"az\",\"@id\":\"https:\\\/\\\/www.meydan.tv\\\/az\\\/article\\\/dalga\\\/#primaryimage\",\"url\":\"https:\\\/\\\/www.meydan.tv\\\/wp-content\\\/uploads\\\/18121.jpg\",\"contentUrl\":\"https:\\\/\\\/www.meydan.tv\\\/wp-content\\\/uploads\\\/18121.jpg\",\"width\":500,\"height\":500,\"caption\":\"Source:\"},{\"@type\":\"BreadcrumbList\",\"@id\":\"https:\\\/\\\/www.meydan.tv\\\/az\\\/article\\\/dalga\\\/#breadcrumb\",\"itemListElement\":[{\"@type\":\"ListItem\",\"position\":1,\"name\":\"Ana s\u0259hif\u0259\",\"item\":\"https:\\\/\\\/www.meydan.tv\\\/az\\\/\"},{\"@type\":\"ListItem\",\"position\":2,\"name\":\"M\u0259nim Fikrimc\u0259\",\"item\":\"https:\\\/\\\/www.meydan.tv\\\/az\\\/section\\\/menim-fikrimce\\\/\"},{\"@type\":\"ListItem\",\"position\":3,\"name\":\"Dal\u011fa\"}]},{\"@type\":\"WebSite\",\"@id\":\"https:\\\/\\\/www.meydan.tv\\\/az\\\/#website\",\"url\":\"https:\\\/\\\/www.meydan.tv\\\/az\\\/\",\"name\":\"MEYDAN.TV\",\"description\":\"Meydan TV Az\u0259rbaycan\u0131n media m\u0259kan\u0131ndak\u0131 alternativ s\u0259sidir\",\"publisher\":{\"@id\":\"https:\\\/\\\/www.meydan.tv\\\/az\\\/#organization\"},\"potentialAction\":[{\"@type\":\"SearchAction\",\"target\":{\"@type\":\"EntryPoint\",\"urlTemplate\":\"https:\\\/\\\/www.meydan.tv\\\/az\\\/?s={search_term_string}\"},\"query-input\":{\"@type\":\"PropertyValueSpecification\",\"valueRequired\":true,\"valueName\":\"search_term_string\"}}],\"inLanguage\":\"az\"},{\"@type\":\"Organization\",\"@id\":\"https:\\\/\\\/www.meydan.tv\\\/az\\\/#organization\",\"name\":\"Meydan TV\",\"url\":\"https:\\\/\\\/www.meydan.tv\\\/az\\\/\",\"logo\":{\"@type\":\"ImageObject\",\"inLanguage\":\"az\",\"@id\":\"https:\\\/\\\/www.meydan.tv\\\/az\\\/#\\\/schema\\\/logo\\\/image\\\/\",\"url\":\"https:\\\/\\\/www.meydan.tv\\\/wp-content\\\/uploads\\\/2021\\\/07\\\/meydan-logo.svg\",\"contentUrl\":\"https:\\\/\\\/www.meydan.tv\\\/wp-content\\\/uploads\\\/2021\\\/07\\\/meydan-logo.svg\",\"width\":195,\"height\":46,\"caption\":\"Meydan TV\"},\"image\":{\"@id\":\"https:\\\/\\\/www.meydan.tv\\\/az\\\/#\\\/schema\\\/logo\\\/image\\\/\"}},{\"@type\":\"Person\",\"@id\":\"https:\\\/\\\/www.meydan.tv\\\/az\\\/#\\\/schema\\\/person\\\/10d11eccf6da3662cf5fdab9806ea91a\",\"name\":\"user-manager\"}]}<\/script>\n<!-- \/ Yoast SEO plugin. -->","yoast_head_json":{"title":"Dal\u011fa - MEYDAN.TV","robots":{"index":"index","follow":"follow","max-snippet":"max-snippet:-1","max-image-preview":"max-image-preview:large","max-video-preview":"max-video-preview:-1"},"canonical":"https:\/\/www.meydan.tv\/az\/article\/dalga\/","og_locale":"az_AZ","og_type":"article","og_title":"Dal\u011fa - MEYDAN.TV","og_description":"Demokratiya art\u0131q s\u0259rh\u0259dl\u0259rimizd\u0259dir.","og_url":"https:\/\/www.meydan.tv\/az\/article\/dalga\/","og_site_name":"MEYDAN.TV","article_published_time":"2016-03-15T02:08:50+00:00","og_image":[{"width":500,"height":500,"url":"https:\/\/www.meydan.tv\/wp-content\/uploads\/18121.jpg","type":"image\/jpeg"}],"author":"user-manager","twitter_card":"summary_large_image","schema":{"@context":"https:\/\/schema.org","@graph":[{"@type":"Article","@id":"https:\/\/www.meydan.tv\/az\/article\/dalga\/#article","isPartOf":{"@id":"https:\/\/www.meydan.tv\/az\/article\/dalga\/"},"author":{"name":"user-manager","@id":"https:\/\/www.meydan.tv\/az\/#\/schema\/person\/10d11eccf6da3662cf5fdab9806ea91a"},"headline":"Dal\u011fa","datePublished":"2016-03-15T02:08:50+00:00","mainEntityOfPage":{"@id":"https:\/\/www.meydan.tv\/az\/article\/dalga\/"},"wordCount":984,"publisher":{"@id":"https:\/\/www.meydan.tv\/az\/#organization"},"image":{"@id":"https:\/\/www.meydan.tv\/az\/article\/dalga\/#primaryimage"},"thumbnailUrl":"https:\/\/www.meydan.tv\/wp-content\/uploads\/18121.jpg","articleSection":["M\u0259nim Fikrimc\u0259"],"inLanguage":"az"},{"@type":"WebPage","@id":"https:\/\/www.meydan.tv\/az\/article\/dalga\/","url":"https:\/\/www.meydan.tv\/az\/article\/dalga\/","name":"Dal\u011fa - MEYDAN.TV","isPartOf":{"@id":"https:\/\/www.meydan.tv\/az\/#website"},"primaryImageOfPage":{"@id":"https:\/\/www.meydan.tv\/az\/article\/dalga\/#primaryimage"},"image":{"@id":"https:\/\/www.meydan.tv\/az\/article\/dalga\/#primaryimage"},"thumbnailUrl":"https:\/\/www.meydan.tv\/wp-content\/uploads\/18121.jpg","datePublished":"2016-03-15T02:08:50+00:00","breadcrumb":{"@id":"https:\/\/www.meydan.tv\/az\/article\/dalga\/#breadcrumb"},"inLanguage":"az","potentialAction":[{"@type":"ReadAction","target":["https:\/\/www.meydan.tv\/az\/article\/dalga\/"]}]},{"@type":"ImageObject","inLanguage":"az","@id":"https:\/\/www.meydan.tv\/az\/article\/dalga\/#primaryimage","url":"https:\/\/www.meydan.tv\/wp-content\/uploads\/18121.jpg","contentUrl":"https:\/\/www.meydan.tv\/wp-content\/uploads\/18121.jpg","width":500,"height":500,"caption":"Source:"},{"@type":"BreadcrumbList","@id":"https:\/\/www.meydan.tv\/az\/article\/dalga\/#breadcrumb","itemListElement":[{"@type":"ListItem","position":1,"name":"Ana s\u0259hif\u0259","item":"https:\/\/www.meydan.tv\/az\/"},{"@type":"ListItem","position":2,"name":"M\u0259nim Fikrimc\u0259","item":"https:\/\/www.meydan.tv\/az\/section\/menim-fikrimce\/"},{"@type":"ListItem","position":3,"name":"Dal\u011fa"}]},{"@type":"WebSite","@id":"https:\/\/www.meydan.tv\/az\/#website","url":"https:\/\/www.meydan.tv\/az\/","name":"MEYDAN.TV","description":"Meydan TV Az\u0259rbaycan\u0131n media m\u0259kan\u0131ndak\u0131 alternativ s\u0259sidir","publisher":{"@id":"https:\/\/www.meydan.tv\/az\/#organization"},"potentialAction":[{"@type":"SearchAction","target":{"@type":"EntryPoint","urlTemplate":"https:\/\/www.meydan.tv\/az\/?s={search_term_string}"},"query-input":{"@type":"PropertyValueSpecification","valueRequired":true,"valueName":"search_term_string"}}],"inLanguage":"az"},{"@type":"Organization","@id":"https:\/\/www.meydan.tv\/az\/#organization","name":"Meydan TV","url":"https:\/\/www.meydan.tv\/az\/","logo":{"@type":"ImageObject","inLanguage":"az","@id":"https:\/\/www.meydan.tv\/az\/#\/schema\/logo\/image\/","url":"https:\/\/www.meydan.tv\/wp-content\/uploads\/2021\/07\/meydan-logo.svg","contentUrl":"https:\/\/www.meydan.tv\/wp-content\/uploads\/2021\/07\/meydan-logo.svg","width":195,"height":46,"caption":"Meydan TV"},"image":{"@id":"https:\/\/www.meydan.tv\/az\/#\/schema\/logo\/image\/"}},{"@type":"Person","@id":"https:\/\/www.meydan.tv\/az\/#\/schema\/person\/10d11eccf6da3662cf5fdab9806ea91a","name":"user-manager"}]}},"_links":{"self":[{"href":"https:\/\/www.meydan.tv\/az\/wp-json\/wp\/v2\/posts\/174380","targetHints":{"allow":["GET"]}}],"collection":[{"href":"https:\/\/www.meydan.tv\/az\/wp-json\/wp\/v2\/posts"}],"about":[{"href":"https:\/\/www.meydan.tv\/az\/wp-json\/wp\/v2\/types\/post"}],"author":[{"embeddable":true,"href":"https:\/\/www.meydan.tv\/az\/wp-json\/wp\/v2\/users\/11"}],"replies":[{"embeddable":true,"href":"https:\/\/www.meydan.tv\/az\/wp-json\/wp\/v2\/comments?post=174380"}],"version-history":[{"count":0,"href":"https:\/\/www.meydan.tv\/az\/wp-json\/wp\/v2\/posts\/174380\/revisions"}],"wp:featuredmedia":[{"embeddable":true,"href":"https:\/\/www.meydan.tv\/az\/wp-json\/wp\/v2\/media\/48259"}],"wp:attachment":[{"href":"https:\/\/www.meydan.tv\/az\/wp-json\/wp\/v2\/media?parent=174380"}],"wp:term":[{"taxonomy":"category","embeddable":true,"href":"https:\/\/www.meydan.tv\/az\/wp-json\/wp\/v2\/categories?post=174380"},{"taxonomy":"post_tag","embeddable":true,"href":"https:\/\/www.meydan.tv\/az\/wp-json\/wp\/v2\/tags?post=174380"}],"curies":[{"name":"wp","href":"https:\/\/api.w.org\/{rel}","templated":true}]}}