{"id":174357,"date":"2016-03-14T15:22:25","date_gmt":"2016-03-14T15:22:25","guid":{"rendered":"https:\/\/www.meydan.tv\/article\/hekimin-etiraflari\/"},"modified":"2016-03-14T15:22:25","modified_gmt":"2016-03-14T15:22:25","slug":"hekimin-etiraflari","status":"publish","type":"post","link":"https:\/\/www.meydan.tv\/az\/article\/hekimin-etiraflari\/","title":{"rendered":"H\u0259kimin etiraflar\u0131"},"content":{"rendered":"<figure class=\"wp-block-image size-large\">\n  <img decoding=\"async\" src=\"https:\/\/www.meydan.tv\/az\/51368\/\" alt=\"\" class=\"wp-image-51368\"\/><figcaption><\/figcaption><\/figure>\n<figure class=\"wp-block-image size-large\">\n  <img decoding=\"async\" src=\"https:\/\/www.meydan.tv\/az\/51377\/\" alt=\"\" class=\"wp-image-51377\"\/><figcaption><\/figcaption><\/figure>\n<p>\n  H\u0259kim i\u015fl\u0259diyim m\u00fcdd\u0259td\u0259, rastla\u015fd\u0131\u011f\u0131m iki hadis\u0259ni sizinl\u0259 b\u00f6l\u00fc\u015fm\u0259k ist\u0259yir\u0259m, m\u0259s\u0259l\u0259y\u0259 ba\u015flamazdan \u0259vv\u0259l.\n<\/p>\n<p>\n  Birinci hadis\u0259. Universiteti yenic\u0259 bitirib, t\u0259yinatla ya\u015fad\u0131\u011f\u0131m \u015f\u0259h\u0259r\u0259 g\u0259lmi\u015fdim. \u0130deyalara inanan, reall\u0131q hissini itirmi\u015f biri idim. Ming\u0259\u00e7evir adl\u0131 bir yerd\u0259 \u00c7exov, N\u0259rimanov kimi bir adam olmaq ist\u0259yirdim. Bir g\u00fcn n\u00f6vb\u0259ti x\u0259st\u0259m\u0259 baxan zaman, o m\u0259n\u0259 astadan, m\u0259hr\u0259man\u0259 bir sual verdi: H\u0259kim, \u00f6z\u00fcn\u00fcz oxumusunuz universiteti, yoxsa atan\u0131z? El\u0259 bel\u0259 d\u0259 soru\u015fdu: \u201c\u00d6z\u00fcn\u00fcz oxumusunuz, yoxsa atan\u0131z?\u201d\n<\/p>\n<p>\n  \u0130kinci hadis\u0259. Xarici \u00f6lk\u0259l\u0259rin birind\u0259 t\u0259cr\u00fcb\u0259d\u0259 olanda, h\u0259kim x\u0259st\u0259ni m\u00fcayin\u0259 el\u0259dikd\u0259n sonra, onu \u0259m\u0259liyyat ed\u0259c\u0259yini v\u0259 xayalar\u0131ndan birini \u00e7\u0131xard\u0131b, yerin\u0259 protez qoyaca\u011f\u0131n\u0131 dedi. X\u0259st\u0259 yan\u0131ndak\u0131 h\u0259yat yolda\u015f\u0131na d\u00f6nd\u00fc, \u00f6z aralar\u0131nda n\u0259s\u0259 p\u0131\u00e7\u0131lda\u015fd\u0131lar. Bu zaman professor g\u00fcl\u00fcb, \u201cnarahat olmay\u0131n, zarafat edir\u0259m, el\u0259 ciddi bir \u0259m\u0259liyyata ehtiyac yoxdur\u201d dey\u0259nd\u0259n sonra, adam\u0131n cavab\u0131 o oldu ki, biz narahat olmad\u0131q, sad\u0259c\u0259 \u0259m\u0259liyyat\u0131n zaman\u0131n\u0131, ondan sonrak\u0131 h\u0259yat\u0131m\u0131z\u0131 fikirl\u0259\u015fdik.\n<\/p>\n<p>\n  Yax\u015f\u0131, b\u00fct\u00fcn bunlar\u0131 yazmaqda m\u0259qs\u0259dim n\u0259dir? X\u0259st\u0259nin, m\u0259nim t\u0259hsil alma\u011f\u0131mda \u00f6z k\u0259ll\u0259min, yoxsa atam\u0131n pulunun rol oynad\u0131\u011f\u0131n\u0131 bilm\u0259k mara\u011f\u0131yla, profeesorun bel\u0259 kobud zarafat\u0131 aras\u0131nda n\u0259 \u0259laq\u0259 var? Deyim siz\u0259 &#8211; h\u0259kim\u0259 inam. H\u0259kimin savad\u0131na etibar. H\u0259kimin se\u00e7diyi diaqnoz, taktikaya inam. O c\u0259rrah, Az\u0259rbaycanda, x\u0259st\u0259y\u0259 bird\u0259n-bir\u0259 el\u0259 bir diaqnoz des\u0259ydi, el\u0259 bir c\u0259rrahi \u0259m\u0259liyyat olunaca\u011f\u0131n\u0131 des\u0259ydi, reaksiya n\u0259 olard\u0131? M\u0259nim \u00f6z\u00fcm\u0259 d\u0259 maraql\u0131d\u0131r.\n<\/p>\n<p>\n  X\u0259st\u0259y\u0259 h\u0259r hans\u0131 bir m\u00fcalic\u0259ni yazanda az qals\u0131n ki, and i\u00e7\u0259k, m\u00fcq\u0259dd\u0259sl\u0259ri, hans\u0131sa ba\u015fqa bir sah\u0259d\u0259 i\u015fl\u0259y\u0259n ke\u00e7mi\u015f t\u0259l\u0259b\u0259 yolda\u015flar\u0131m\u0131z\u0131 \u015fahid \u00e7a\u011f\u0131raq ki, x\u0259st\u0259 inans\u0131n qar\u015f\u0131s\u0131ndak\u0131 h\u0259kimin savadl\u0131 olma\u011f\u0131na. Bu \u00f6lk\u0259d\u0259 hans\u0131sa bir d\u0259rdiniz olan zaman, h\u0259kim\u0259 ged\u0259nd\u0259 \u0259vv\u0259l g\u00f6rd\u00fcy\u00fcn\u00fcz i\u015f n\u0259 olur? Getdiyiniz sah\u0259 \u00fczr\u0259, savadl\u0131 h\u0259kim axtarmaq. Ola bil\u0259r, bunu hardasa ibtidai \u00f6z\u00fcn\u00fcm\u00fcdafi\u0259 instinkti il\u0259 \u0259laq\u0259l\u0259ndir\u0259 bil\u0259rsiniz \u2013 h\u0259kim\u0259 gedir\u0259ms\u0259, ist\u0259y\u0259r\u0259m ki, savadl\u0131 h\u0259kim olsun. Amma i\u015f\u0259 ba\u015fqa prizmadan baxaq.\n<\/p>\n<p>\n  O q\u0259d\u0259r \u015fahidi oluram ki, d\u0259hlizd\u0259 kimd\u0259ns\u0259 soru\u015furlar: bu h\u0259kim savadl\u0131d\u0131rm\u0131, q\u0259buluna g\u0259l\u0259n x\u0259st\u0259l\u0259r sa\u011fal\u0131rm\u0131? \u0130nsanla risk el\u0259m\u0259k ist\u0259mirl\u0259r, inanm\u0131rlar h\u0259kiml\u0259r\u0259. X\u0259st\u0259xanaya g\u0259lib, savadl\u0131 h\u0259kim axtarmaq- yen\u0259 deyir\u0259m, bu siz\u0259 ilk bax\u0131\u015fdan adi bir \u015fey g\u00f6r\u00fcn\u0259 bil\u0259r. Amma x\u0259st\u0259 insan, d\u0259rdi azm\u0131\u015f kimi, niy\u0259 h\u0259l\u0259 bir h\u0259kim se\u00e7imi d\u0259 apars\u0131n? Niy\u0259 h\u0259kimin yan\u0131na tam inamla girm\u0259sin? H\u0259kimin dediyi h\u0259r bir s\u00f6z\u00fc qayda-qanun kimi q\u0259bul el\u0259m\u0259sin? Bu q\u0259d\u0259r inams\u0131zl\u0131q n\u0259d\u0259ndir? Tibb t\u0259hsilind\u0259 k\u00fctl\u0259vi savads\u0131zl\u0131qdan, konveyer \u00fcsulu il\u0259 h\u0259kim diplomunun verilm\u0259sind\u0259n. V\u0259 sair\u0259d\u0259n, v\u0259 ilax\u0131rdan. Saymaqla bitm\u0259z. Amma ist\u0259diyim bu deyil. Bu bar\u0259d\u0259 kifay\u0259t q\u0259d\u0259r dan\u0131\u015f\u0131blar.\n<\/p>\n<p>\n  Ola bilsin, bu yaz\u0131n\u0131 oxuyanlar aras\u0131nda h\u0259mkarlar\u0131m da olacaq. \u018fzizl\u0259rim, n\u0259yi is\u0259 d\u0259yi\u015fm\u0259k bu g\u00fcn gec deyil, amma sabah art\u0131q gec olacaq. Bu g\u00fcn g\u00f6z g\u00f6r\u0259-g\u00f6r\u0259 itirdiyimiz d\u0259y\u0259rl\u0259r, sabah ard\u0131nca bizim \u015f\u0259xsiyy\u0259timizi d\u0259 aparacaq, vicdan\u0131m\u0131z\u0131 da, sa\u011flaml\u0131\u011f\u0131m\u0131z\u0131 da. H\u0259r \u015feyimizi. Ona g\u00f6r\u0259, yen\u0259 fikirl\u0259\u015f\u0259k, fikirl\u0259\u015f\u0259k. Baxaq, g\u00f6r\u0259k x\u0259st\u0259, k\u00f6m\u0259y\u0259 ehtiyac\u0131 olan insanlar\u0131 \u201csavadl\u0131 h\u0259kim-savads\u0131z h\u0259kim\u201d sual\u0131 qar\u015f\u0131s\u0131nda qoymamaq \u00fc\u00e7\u00fcn \u0259limizd\u0259n n\u0259 g\u0259lir, neyl\u0259m\u0259liyik?\n<\/p>\n<p>\n  <b><br \/>\n    Yaz\u0131 m\u00fc\u0259llifin \u015f\u0259xsi m\u00f6vqeyini \u0259ks etdirir&#8230;<br \/>\n  <\/b><\/p>\n","protected":false},"excerpt":{"rendered":"<p>Savadl\u0131 h\u0259kim \u2013 savads\u0131z h\u0259kim.<\/p>\n","protected":false},"author":11,"featured_media":51368,"comment_status":"closed","ping_status":"open","sticky":false,"template":"","format":"standard","meta":{"_acf_changed":false,"_sitemap_exclude":false,"_sitemap_priority":"","_sitemap_frequency":"","footnotes":""},"categories":[57],"tags":[],"class_list":["post-174357","post","type-post","status-publish","format-standard","has-post-thumbnail","hentry","category-menim-fikrimce","infinite-scroll-item","generate-columns","tablet-grid-50","mobile-grid-100","grid-parent","grid-33","no-featured-image-padding"],"acf":[],"yoast_head":"<!-- This site is optimized with the Yoast SEO plugin v27.5 - https:\/\/yoast.com\/product\/yoast-seo-wordpress\/ -->\n<title>H\u0259kimin etiraflar\u0131 - MEYDAN.TV<\/title>\n<meta name=\"robots\" content=\"index, follow, max-snippet:-1, max-image-preview:large, max-video-preview:-1\" \/>\n<link rel=\"canonical\" href=\"https:\/\/www.meydan.tv\/az\/article\/hekimin-etiraflari\/\" \/>\n<meta property=\"og:locale\" content=\"az_AZ\" \/>\n<meta property=\"og:type\" content=\"article\" \/>\n<meta property=\"og:title\" content=\"H\u0259kimin etiraflar\u0131 - MEYDAN.TV\" \/>\n<meta property=\"og:description\" content=\"Savadl\u0131 h\u0259kim \u2013 savads\u0131z h\u0259kim.\" \/>\n<meta property=\"og:url\" content=\"https:\/\/www.meydan.tv\/az\/article\/hekimin-etiraflari\/\" \/>\n<meta property=\"og:site_name\" content=\"MEYDAN.TV\" \/>\n<meta property=\"article:published_time\" content=\"2016-03-14T15:22:25+00:00\" \/>\n<meta property=\"og:image\" content=\"https:\/\/www.meydan.tv\/wp-content\/uploads\/19413.jpg\" \/>\n\t<meta property=\"og:image:width\" content=\"500\" \/>\n\t<meta property=\"og:image:height\" content=\"500\" \/>\n\t<meta property=\"og:image:type\" content=\"image\/jpeg\" \/>\n<meta name=\"author\" content=\"user-manager\" \/>\n<meta name=\"twitter:card\" content=\"summary_large_image\" \/>\n<script type=\"application\/ld+json\" class=\"yoast-schema-graph\">{\"@context\":\"https:\\\/\\\/schema.org\",\"@graph\":[{\"@type\":\"Article\",\"@id\":\"https:\\\/\\\/www.meydan.tv\\\/az\\\/article\\\/hekimin-etiraflari\\\/#article\",\"isPartOf\":{\"@id\":\"https:\\\/\\\/www.meydan.tv\\\/az\\\/article\\\/hekimin-etiraflari\\\/\"},\"author\":{\"name\":\"user-manager\",\"@id\":\"https:\\\/\\\/www.meydan.tv\\\/az\\\/#\\\/schema\\\/person\\\/10d11eccf6da3662cf5fdab9806ea91a\"},\"headline\":\"H\u0259kimin etiraflar\u0131\",\"datePublished\":\"2016-03-14T15:22:25+00:00\",\"mainEntityOfPage\":{\"@id\":\"https:\\\/\\\/www.meydan.tv\\\/az\\\/article\\\/hekimin-etiraflari\\\/\"},\"wordCount\":724,\"publisher\":{\"@id\":\"https:\\\/\\\/www.meydan.tv\\\/az\\\/#organization\"},\"image\":{\"@id\":\"https:\\\/\\\/www.meydan.tv\\\/az\\\/article\\\/hekimin-etiraflari\\\/#primaryimage\"},\"thumbnailUrl\":\"https:\\\/\\\/www.meydan.tv\\\/wp-content\\\/uploads\\\/19413.jpg\",\"articleSection\":[\"M\u0259nim Fikrimc\u0259\"],\"inLanguage\":\"az\"},{\"@type\":\"WebPage\",\"@id\":\"https:\\\/\\\/www.meydan.tv\\\/az\\\/article\\\/hekimin-etiraflari\\\/\",\"url\":\"https:\\\/\\\/www.meydan.tv\\\/az\\\/article\\\/hekimin-etiraflari\\\/\",\"name\":\"H\u0259kimin etiraflar\u0131 - MEYDAN.TV\",\"isPartOf\":{\"@id\":\"https:\\\/\\\/www.meydan.tv\\\/az\\\/#website\"},\"primaryImageOfPage\":{\"@id\":\"https:\\\/\\\/www.meydan.tv\\\/az\\\/article\\\/hekimin-etiraflari\\\/#primaryimage\"},\"image\":{\"@id\":\"https:\\\/\\\/www.meydan.tv\\\/az\\\/article\\\/hekimin-etiraflari\\\/#primaryimage\"},\"thumbnailUrl\":\"https:\\\/\\\/www.meydan.tv\\\/wp-content\\\/uploads\\\/19413.jpg\",\"datePublished\":\"2016-03-14T15:22:25+00:00\",\"breadcrumb\":{\"@id\":\"https:\\\/\\\/www.meydan.tv\\\/az\\\/article\\\/hekimin-etiraflari\\\/#breadcrumb\"},\"inLanguage\":\"az\",\"potentialAction\":[{\"@type\":\"ReadAction\",\"target\":[\"https:\\\/\\\/www.meydan.tv\\\/az\\\/article\\\/hekimin-etiraflari\\\/\"]}]},{\"@type\":\"ImageObject\",\"inLanguage\":\"az\",\"@id\":\"https:\\\/\\\/www.meydan.tv\\\/az\\\/article\\\/hekimin-etiraflari\\\/#primaryimage\",\"url\":\"https:\\\/\\\/www.meydan.tv\\\/wp-content\\\/uploads\\\/19413.jpg\",\"contentUrl\":\"https:\\\/\\\/www.meydan.tv\\\/wp-content\\\/uploads\\\/19413.jpg\",\"width\":500,\"height\":500,\"caption\":\"Source:\"},{\"@type\":\"BreadcrumbList\",\"@id\":\"https:\\\/\\\/www.meydan.tv\\\/az\\\/article\\\/hekimin-etiraflari\\\/#breadcrumb\",\"itemListElement\":[{\"@type\":\"ListItem\",\"position\":1,\"name\":\"Ana s\u0259hif\u0259\",\"item\":\"https:\\\/\\\/www.meydan.tv\\\/az\\\/\"},{\"@type\":\"ListItem\",\"position\":2,\"name\":\"M\u0259nim Fikrimc\u0259\",\"item\":\"https:\\\/\\\/www.meydan.tv\\\/az\\\/section\\\/menim-fikrimce\\\/\"},{\"@type\":\"ListItem\",\"position\":3,\"name\":\"H\u0259kimin etiraflar\u0131\"}]},{\"@type\":\"WebSite\",\"@id\":\"https:\\\/\\\/www.meydan.tv\\\/az\\\/#website\",\"url\":\"https:\\\/\\\/www.meydan.tv\\\/az\\\/\",\"name\":\"MEYDAN.TV\",\"description\":\"Meydan TV Az\u0259rbaycan\u0131n media m\u0259kan\u0131ndak\u0131 alternativ s\u0259sidir\",\"publisher\":{\"@id\":\"https:\\\/\\\/www.meydan.tv\\\/az\\\/#organization\"},\"potentialAction\":[{\"@type\":\"SearchAction\",\"target\":{\"@type\":\"EntryPoint\",\"urlTemplate\":\"https:\\\/\\\/www.meydan.tv\\\/az\\\/?s={search_term_string}\"},\"query-input\":{\"@type\":\"PropertyValueSpecification\",\"valueRequired\":true,\"valueName\":\"search_term_string\"}}],\"inLanguage\":\"az\"},{\"@type\":\"Organization\",\"@id\":\"https:\\\/\\\/www.meydan.tv\\\/az\\\/#organization\",\"name\":\"Meydan TV\",\"url\":\"https:\\\/\\\/www.meydan.tv\\\/az\\\/\",\"logo\":{\"@type\":\"ImageObject\",\"inLanguage\":\"az\",\"@id\":\"https:\\\/\\\/www.meydan.tv\\\/az\\\/#\\\/schema\\\/logo\\\/image\\\/\",\"url\":\"https:\\\/\\\/www.meydan.tv\\\/wp-content\\\/uploads\\\/2021\\\/07\\\/meydan-logo.svg\",\"contentUrl\":\"https:\\\/\\\/www.meydan.tv\\\/wp-content\\\/uploads\\\/2021\\\/07\\\/meydan-logo.svg\",\"width\":195,\"height\":46,\"caption\":\"Meydan TV\"},\"image\":{\"@id\":\"https:\\\/\\\/www.meydan.tv\\\/az\\\/#\\\/schema\\\/logo\\\/image\\\/\"}},{\"@type\":\"Person\",\"@id\":\"https:\\\/\\\/www.meydan.tv\\\/az\\\/#\\\/schema\\\/person\\\/10d11eccf6da3662cf5fdab9806ea91a\",\"name\":\"user-manager\"}]}<\/script>\n<!-- \/ Yoast SEO plugin. -->","yoast_head_json":{"title":"H\u0259kimin etiraflar\u0131 - MEYDAN.TV","robots":{"index":"index","follow":"follow","max-snippet":"max-snippet:-1","max-image-preview":"max-image-preview:large","max-video-preview":"max-video-preview:-1"},"canonical":"https:\/\/www.meydan.tv\/az\/article\/hekimin-etiraflari\/","og_locale":"az_AZ","og_type":"article","og_title":"H\u0259kimin etiraflar\u0131 - MEYDAN.TV","og_description":"Savadl\u0131 h\u0259kim \u2013 savads\u0131z h\u0259kim.","og_url":"https:\/\/www.meydan.tv\/az\/article\/hekimin-etiraflari\/","og_site_name":"MEYDAN.TV","article_published_time":"2016-03-14T15:22:25+00:00","og_image":[{"width":500,"height":500,"url":"https:\/\/www.meydan.tv\/wp-content\/uploads\/19413.jpg","type":"image\/jpeg"}],"author":"user-manager","twitter_card":"summary_large_image","schema":{"@context":"https:\/\/schema.org","@graph":[{"@type":"Article","@id":"https:\/\/www.meydan.tv\/az\/article\/hekimin-etiraflari\/#article","isPartOf":{"@id":"https:\/\/www.meydan.tv\/az\/article\/hekimin-etiraflari\/"},"author":{"name":"user-manager","@id":"https:\/\/www.meydan.tv\/az\/#\/schema\/person\/10d11eccf6da3662cf5fdab9806ea91a"},"headline":"H\u0259kimin etiraflar\u0131","datePublished":"2016-03-14T15:22:25+00:00","mainEntityOfPage":{"@id":"https:\/\/www.meydan.tv\/az\/article\/hekimin-etiraflari\/"},"wordCount":724,"publisher":{"@id":"https:\/\/www.meydan.tv\/az\/#organization"},"image":{"@id":"https:\/\/www.meydan.tv\/az\/article\/hekimin-etiraflari\/#primaryimage"},"thumbnailUrl":"https:\/\/www.meydan.tv\/wp-content\/uploads\/19413.jpg","articleSection":["M\u0259nim Fikrimc\u0259"],"inLanguage":"az"},{"@type":"WebPage","@id":"https:\/\/www.meydan.tv\/az\/article\/hekimin-etiraflari\/","url":"https:\/\/www.meydan.tv\/az\/article\/hekimin-etiraflari\/","name":"H\u0259kimin etiraflar\u0131 - MEYDAN.TV","isPartOf":{"@id":"https:\/\/www.meydan.tv\/az\/#website"},"primaryImageOfPage":{"@id":"https:\/\/www.meydan.tv\/az\/article\/hekimin-etiraflari\/#primaryimage"},"image":{"@id":"https:\/\/www.meydan.tv\/az\/article\/hekimin-etiraflari\/#primaryimage"},"thumbnailUrl":"https:\/\/www.meydan.tv\/wp-content\/uploads\/19413.jpg","datePublished":"2016-03-14T15:22:25+00:00","breadcrumb":{"@id":"https:\/\/www.meydan.tv\/az\/article\/hekimin-etiraflari\/#breadcrumb"},"inLanguage":"az","potentialAction":[{"@type":"ReadAction","target":["https:\/\/www.meydan.tv\/az\/article\/hekimin-etiraflari\/"]}]},{"@type":"ImageObject","inLanguage":"az","@id":"https:\/\/www.meydan.tv\/az\/article\/hekimin-etiraflari\/#primaryimage","url":"https:\/\/www.meydan.tv\/wp-content\/uploads\/19413.jpg","contentUrl":"https:\/\/www.meydan.tv\/wp-content\/uploads\/19413.jpg","width":500,"height":500,"caption":"Source:"},{"@type":"BreadcrumbList","@id":"https:\/\/www.meydan.tv\/az\/article\/hekimin-etiraflari\/#breadcrumb","itemListElement":[{"@type":"ListItem","position":1,"name":"Ana s\u0259hif\u0259","item":"https:\/\/www.meydan.tv\/az\/"},{"@type":"ListItem","position":2,"name":"M\u0259nim Fikrimc\u0259","item":"https:\/\/www.meydan.tv\/az\/section\/menim-fikrimce\/"},{"@type":"ListItem","position":3,"name":"H\u0259kimin etiraflar\u0131"}]},{"@type":"WebSite","@id":"https:\/\/www.meydan.tv\/az\/#website","url":"https:\/\/www.meydan.tv\/az\/","name":"MEYDAN.TV","description":"Meydan TV Az\u0259rbaycan\u0131n media m\u0259kan\u0131ndak\u0131 alternativ s\u0259sidir","publisher":{"@id":"https:\/\/www.meydan.tv\/az\/#organization"},"potentialAction":[{"@type":"SearchAction","target":{"@type":"EntryPoint","urlTemplate":"https:\/\/www.meydan.tv\/az\/?s={search_term_string}"},"query-input":{"@type":"PropertyValueSpecification","valueRequired":true,"valueName":"search_term_string"}}],"inLanguage":"az"},{"@type":"Organization","@id":"https:\/\/www.meydan.tv\/az\/#organization","name":"Meydan TV","url":"https:\/\/www.meydan.tv\/az\/","logo":{"@type":"ImageObject","inLanguage":"az","@id":"https:\/\/www.meydan.tv\/az\/#\/schema\/logo\/image\/","url":"https:\/\/www.meydan.tv\/wp-content\/uploads\/2021\/07\/meydan-logo.svg","contentUrl":"https:\/\/www.meydan.tv\/wp-content\/uploads\/2021\/07\/meydan-logo.svg","width":195,"height":46,"caption":"Meydan TV"},"image":{"@id":"https:\/\/www.meydan.tv\/az\/#\/schema\/logo\/image\/"}},{"@type":"Person","@id":"https:\/\/www.meydan.tv\/az\/#\/schema\/person\/10d11eccf6da3662cf5fdab9806ea91a","name":"user-manager"}]}},"_links":{"self":[{"href":"https:\/\/www.meydan.tv\/az\/wp-json\/wp\/v2\/posts\/174357","targetHints":{"allow":["GET"]}}],"collection":[{"href":"https:\/\/www.meydan.tv\/az\/wp-json\/wp\/v2\/posts"}],"about":[{"href":"https:\/\/www.meydan.tv\/az\/wp-json\/wp\/v2\/types\/post"}],"author":[{"embeddable":true,"href":"https:\/\/www.meydan.tv\/az\/wp-json\/wp\/v2\/users\/11"}],"replies":[{"embeddable":true,"href":"https:\/\/www.meydan.tv\/az\/wp-json\/wp\/v2\/comments?post=174357"}],"version-history":[{"count":0,"href":"https:\/\/www.meydan.tv\/az\/wp-json\/wp\/v2\/posts\/174357\/revisions"}],"wp:featuredmedia":[{"embeddable":true,"href":"https:\/\/www.meydan.tv\/az\/wp-json\/wp\/v2\/media\/51368"}],"wp:attachment":[{"href":"https:\/\/www.meydan.tv\/az\/wp-json\/wp\/v2\/media?parent=174357"}],"wp:term":[{"taxonomy":"category","embeddable":true,"href":"https:\/\/www.meydan.tv\/az\/wp-json\/wp\/v2\/categories?post=174357"},{"taxonomy":"post_tag","embeddable":true,"href":"https:\/\/www.meydan.tv\/az\/wp-json\/wp\/v2\/tags?post=174357"}],"curies":[{"name":"wp","href":"https:\/\/api.w.org\/{rel}","templated":true}]}}