{"id":174344,"date":"2016-03-14T00:37:15","date_gmt":"2016-03-14T00:37:15","guid":{"rendered":"https:\/\/www.meydan.tv\/article\/xedice-ismayilin-tercume-etdiyi-kitabin-teqdimati-oldu-video\/"},"modified":"2016-03-14T00:37:15","modified_gmt":"2016-03-14T00:37:15","slug":"xedice-ismayilin-tercume-etdiyi-kitabin-teqdimati-oldu-video","status":"publish","type":"post","link":"https:\/\/www.meydan.tv\/az\/article\/xedice-ismayilin-tercume-etdiyi-kitabin-teqdimati-oldu-video\/","title":{"rendered":"X\u0259dic\u0259 \u0130smay\u0131l\u0131n t\u0259rc\u00fcm\u0259 etdiyi kitab\u0131n t\u0259qdimat\u0131 oldu (V\u0130DEO)"},"content":{"rendered":"<figure class=\"wp-block-embed is-type-video is-provider-youtube wp-block-embed-youtube wp-embed-aspect-16-9 wp-has-aspect-ratio\">\n<div class=\"wp-block-embed__wrapper\">\n    <iframe loading=\"lazy\"\ttitle=\"\" width=\"1200\" height=\"675\" src=\"https:\/\/www.youtube.com\/embed\/H-E_MIffb14\"\tframeborder=\"0\"\tallow=\"accelerometer; autoplay; clipboard-write; encrypted-media; gyroscope; picture-in-picture\" allowfullscreen><\/iframe>\n  <\/div><figcaption><\/figcaption><\/figure>\n<p>\n  N!DA v\u0259t\u0259nda\u015f h\u0259r\u0259kat\u0131n\u0131n t\u0259\u015fkilat\u00e7\u0131l\u0131\u011f\u0131 il\u0259 h\u0259bsd\u0259 olan vicdan m\u0259hbusu ara\u015fd\u0131rma\u00e7\u0131 jurnalist X\u0259dic\u0259 \u0130smay\u0131l\u0131n h\u0259bsxanada dilimiz\u0259 t\u0259rc\u00fcm\u0259 etdiyi &#8220;Cakaranda a\u011fac\u0131n\u0131n u\u015faqlar\u0131&#8221; kitab\u0131n\u0131n t\u0259qdimat m\u0259rasimi ke\u00e7irilib. T\u0259qdimatda siyasi partiya r\u0259hb\u0259rl\u0259ri v\u0259t\u0259nda\u015f c\u0259miyy\u0259tinin n\u00fcmay\u0259nd\u0259l\u0259ri v\u0259 jurnalistl\u0259r i\u015ftirak edib. Kitab\u0131n redaktoru Elnur Astanb\u0259yli X\u0259dic\u0259 \u0130smay\u0131l\u0131n m\u00fcraci\u0259ti oxuyub.\n<\/p>\n<p>\n  &#8220;\u00c7ox sa\u011f olun ki, m\u0259nim se\u00e7imimi b\u0259y\u0259nib, siz d\u0259 kitaba maraq g\u00f6st\u0259rirsiz.<br \/>\n  <br \/>\n  Bu kitab\u0131 ona g\u00f6r\u0259 se\u00e7dim ki, o, azad olmayan c\u0259miyy\u0259tl\u0259rd\u0259 insan faci\u0259l\u0259rinin n\u0259sild\u0259n n\u0259sil\u0259 ke\u00e7diyini g\u00f6st\u0259rir. \u018fn \u00f6n\u0259mlisi. El\u0259 davalar var ki, g\u0259l\u0259c\u0259k n\u0259sill\u0259r\u0259 \u00f6t\u00fcr\u00fclm\u0259m\u0259lidir!\n<\/p>\n<div>\n<p>\n      Bir g\u00fcn h\u0259r iki t\u0259r\u0259fd\u0259 olanlar\u0131n u\u015faqlar\u0131 eyni probleml\u0259rin m\u0259ng\u0259n\u0259sind\u0259 qala bil\u0259r. Evin h\u0259bsxanas\u0131ndan f\u0259rqli olaraq, ba\u015fqa siyasi m\u0259hbuslarla \u00fcnsiyy\u0259td\u0259n m\u0259hrumam. H\u0259bsxanadak\u0131 insanlar\u0131n \u00e7oxu m\u0259niml\u0259 eyni d\u0259y\u0259rl\u0259ri b\u00f6l\u00fc\u015fm\u00fcrl\u0259r v\u0259 ya he\u00e7 vaxt o d\u0259y\u0259rl\u0259r \u00fc\u00e7\u00fcn m\u00fcbariz\u0259d\u0259 olmay\u0131blar.\n    <\/p>\n<p>\n      M\u0259ni anlamaq onlar \u00fc\u00e7\u00fcn \u00e7\u0259tindir. Amma bizi \u2013 cinay\u0259tkarlar\u0131, o\u011frunu, jurnalisti, savadl\u0131, savads\u0131z, d\u0259y\u0259rl\u0259r\u0259 h\u00f6rm\u0259t ed\u0259n v\u0259 etm\u0259y\u0259n insanlar\u0131 bir \u015fey birl\u0259\u015fdirir \u2013 Biz ham\u0131m\u0131z \u0259dal\u0259tin olmad\u0131\u011f\u0131 \u00f6lk\u0259d\u0259 ya\u015fay\u0131r\u0131q.\n    <\/p>\n<p>\n      \u00c7\u0259tin olan\u0131 insanlara v\u0259 g\u0259l\u0259c\u0259y\u0259 inam\u0131 itirm\u0259m\u0259kdir.<br \/>\n      <br \/>\n      \u0130nsanl\u0131\u011f\u0131 v\u0259 sevgini itirm\u0259m\u0259yi ham\u0131n\u0131za arzulay\u0131ram.\n    <\/p>\n<p>\n      G\u0259l\u0259c\u0259k bu sevgini itirm\u0259y\u0259nl\u0259rindir.&#8221;\n    <\/p>\n<\/p><\/div><\/p>\n","protected":false},"excerpt":{"rendered":"<p>X\u0259dic\u0259 \u0130smay\u0131l t\u0259rc\u00fcm\u0259 etdiyi kitabla ba\u011fl\u0131 m\u00fcraci\u0259tind\u0259 deyir: Biz ham\u0131m\u0131z \u0259dal\u0259tin olmad\u0131\u011f\u0131 \u00f6lk\u0259d\u0259 ya\u015fay\u0131r\u0131q<\/p>\n","protected":false},"author":11,"featured_media":51416,"comment_status":"closed","ping_status":"open","sticky":false,"template":"","format":"standard","meta":{"_acf_changed":false,"_sitemap_exclude":false,"_sitemap_priority":"","_sitemap_frequency":"","footnotes":""},"categories":[63],"tags":[],"class_list":["post-174344","post","type-post","status-publish","format-standard","has-post-thumbnail","hentry","category-video-2","infinite-scroll-item","generate-columns","tablet-grid-50","mobile-grid-100","grid-parent","grid-33","no-featured-image-padding"],"acf":[],"yoast_head":"<!-- This site is optimized with the Yoast SEO plugin v28.4 - https:\/\/yoast.com\/product\/yoast-seo-wordpress\/ -->\n<title>X\u0259dic\u0259 \u0130smay\u0131l\u0131n t\u0259rc\u00fcm\u0259 etdiyi kitab\u0131n t\u0259qdimat\u0131 oldu (V\u0130DEO) - MEYDAN.TV<\/title>\n<meta name=\"robots\" content=\"index, follow, max-snippet:-1, max-image-preview:large, max-video-preview:-1\" \/>\n<link rel=\"canonical\" href=\"https:\/\/www.meydan.tv\/az\/article\/xedice-ismayilin-tercume-etdiyi-kitabin-teqdimati-oldu-video\/\" \/>\n<meta property=\"og:locale\" content=\"az_AZ\" \/>\n<meta property=\"og:type\" content=\"article\" \/>\n<meta property=\"og:title\" content=\"X\u0259dic\u0259 \u0130smay\u0131l\u0131n t\u0259rc\u00fcm\u0259 etdiyi kitab\u0131n t\u0259qdimat\u0131 oldu (V\u0130DEO) - MEYDAN.TV\" \/>\n<meta property=\"og:description\" content=\"X\u0259dic\u0259 \u0130smay\u0131l t\u0259rc\u00fcm\u0259 etdiyi kitabla ba\u011fl\u0131 m\u00fcraci\u0259tind\u0259 deyir: Biz ham\u0131m\u0131z \u0259dal\u0259tin olmad\u0131\u011f\u0131 \u00f6lk\u0259d\u0259 ya\u015fay\u0131r\u0131q\" \/>\n<meta property=\"og:url\" content=\"https:\/\/www.meydan.tv\/az\/article\/xedice-ismayilin-tercume-etdiyi-kitabin-teqdimati-oldu-video\/\" \/>\n<meta property=\"og:site_name\" content=\"MEYDAN.TV\" \/>\n<meta property=\"article:published_time\" content=\"2016-03-14T00:37:15+00:00\" \/>\n<meta property=\"og:image\" content=\"https:\/\/www.meydan.tv\/wp-content\/uploads\/19384.jpg\" \/>\n\t<meta property=\"og:image:width\" content=\"748\" \/>\n\t<meta property=\"og:image:height\" content=\"419\" \/>\n\t<meta property=\"og:image:type\" content=\"image\/jpeg\" \/>\n<meta name=\"twitter:card\" content=\"summary_large_image\" \/>\n<!-- \/ Yoast SEO plugin. -->","yoast_head_json":{"title":"X\u0259dic\u0259 \u0130smay\u0131l\u0131n t\u0259rc\u00fcm\u0259 etdiyi kitab\u0131n t\u0259qdimat\u0131 oldu (V\u0130DEO) - MEYDAN.TV","robots":{"index":"index","follow":"follow","max-snippet":"max-snippet:-1","max-image-preview":"max-image-preview:large","max-video-preview":"max-video-preview:-1"},"canonical":"https:\/\/www.meydan.tv\/az\/article\/xedice-ismayilin-tercume-etdiyi-kitabin-teqdimati-oldu-video\/","og_locale":"az_AZ","og_type":"article","og_title":"X\u0259dic\u0259 \u0130smay\u0131l\u0131n t\u0259rc\u00fcm\u0259 etdiyi kitab\u0131n t\u0259qdimat\u0131 oldu (V\u0130DEO) - MEYDAN.TV","og_description":"X\u0259dic\u0259 \u0130smay\u0131l t\u0259rc\u00fcm\u0259 etdiyi kitabla ba\u011fl\u0131 m\u00fcraci\u0259tind\u0259 deyir: Biz ham\u0131m\u0131z \u0259dal\u0259tin olmad\u0131\u011f\u0131 \u00f6lk\u0259d\u0259 ya\u015fay\u0131r\u0131q","og_url":"https:\/\/www.meydan.tv\/az\/article\/xedice-ismayilin-tercume-etdiyi-kitabin-teqdimati-oldu-video\/","og_site_name":"MEYDAN.TV","article_published_time":"2016-03-14T00:37:15+00:00","og_image":[{"width":748,"height":419,"url":"https:\/\/www.meydan.tv\/wp-content\/uploads\/19384.jpg","type":"image\/jpeg"}],"twitter_card":"summary_large_image","schema":{"@context":"https:\/\/schema.org","@graph":[{"@type":"Article","@id":"https:\/\/www.meydan.tv\/az\/article\/xedice-ismayilin-tercume-etdiyi-kitabin-teqdimati-oldu-video\/#article","isPartOf":{"@id":"https:\/\/www.meydan.tv\/az\/article\/xedice-ismayilin-tercume-etdiyi-kitabin-teqdimati-oldu-video\/"},"author":{"name":"user-manager","@id":"https:\/\/www.meydan.tv\/az\/#\/schema\/person\/10d11eccf6da3662cf5fdab9806ea91a"},"headline":"X\u0259dic\u0259 \u0130smay\u0131l\u0131n t\u0259rc\u00fcm\u0259 etdiyi kitab\u0131n t\u0259qdimat\u0131 oldu (V\u0130DEO)","datePublished":"2016-03-14T00:37:15+00:00","mainEntityOfPage":{"@id":"https:\/\/www.meydan.tv\/az\/article\/xedice-ismayilin-tercume-etdiyi-kitabin-teqdimati-oldu-video\/"},"wordCount":326,"publisher":{"@id":"https:\/\/www.meydan.tv\/az\/#organization"},"image":{"@id":"https:\/\/www.meydan.tv\/az\/article\/xedice-ismayilin-tercume-etdiyi-kitabin-teqdimati-oldu-video\/#primaryimage"},"thumbnailUrl":"https:\/\/www.meydan.tv\/wp-content\/uploads\/19384.jpg","articleSection":["Video"],"inLanguage":"az"},{"@type":"WebPage","@id":"https:\/\/www.meydan.tv\/az\/article\/xedice-ismayilin-tercume-etdiyi-kitabin-teqdimati-oldu-video\/","url":"https:\/\/www.meydan.tv\/az\/article\/xedice-ismayilin-tercume-etdiyi-kitabin-teqdimati-oldu-video\/","name":"X\u0259dic\u0259 \u0130smay\u0131l\u0131n t\u0259rc\u00fcm\u0259 etdiyi kitab\u0131n t\u0259qdimat\u0131 oldu (V\u0130DEO) - MEYDAN.TV","isPartOf":{"@id":"https:\/\/www.meydan.tv\/az\/#website"},"primaryImageOfPage":{"@id":"https:\/\/www.meydan.tv\/az\/article\/xedice-ismayilin-tercume-etdiyi-kitabin-teqdimati-oldu-video\/#primaryimage"},"image":{"@id":"https:\/\/www.meydan.tv\/az\/article\/xedice-ismayilin-tercume-etdiyi-kitabin-teqdimati-oldu-video\/#primaryimage"},"thumbnailUrl":"https:\/\/www.meydan.tv\/wp-content\/uploads\/19384.jpg","datePublished":"2016-03-14T00:37:15+00:00","breadcrumb":{"@id":"https:\/\/www.meydan.tv\/az\/article\/xedice-ismayilin-tercume-etdiyi-kitabin-teqdimati-oldu-video\/#breadcrumb"},"inLanguage":"az","potentialAction":[{"@type":"ReadAction","target":["https:\/\/www.meydan.tv\/az\/article\/xedice-ismayilin-tercume-etdiyi-kitabin-teqdimati-oldu-video\/"]}]},{"@type":"ImageObject","inLanguage":"az","@id":"https:\/\/www.meydan.tv\/az\/article\/xedice-ismayilin-tercume-etdiyi-kitabin-teqdimati-oldu-video\/#primaryimage","url":"https:\/\/www.meydan.tv\/wp-content\/uploads\/19384.jpg","contentUrl":"https:\/\/www.meydan.tv\/wp-content\/uploads\/19384.jpg","width":748,"height":419,"caption":"Source:"},{"@type":"BreadcrumbList","@id":"https:\/\/www.meydan.tv\/az\/article\/xedice-ismayilin-tercume-etdiyi-kitabin-teqdimati-oldu-video\/#breadcrumb","itemListElement":[{"@type":"ListItem","position":1,"name":"Ana s\u0259hif\u0259","item":"https:\/\/www.meydan.tv\/az\/"},{"@type":"ListItem","position":2,"name":"Video","item":"https:\/\/www.meydan.tv\/az\/section\/video-2\/"},{"@type":"ListItem","position":3,"name":"X\u0259dic\u0259 \u0130smay\u0131l\u0131n t\u0259rc\u00fcm\u0259 etdiyi kitab\u0131n t\u0259qdimat\u0131 oldu (V\u0130DEO)"}]},{"@type":"WebSite","@id":"https:\/\/www.meydan.tv\/az\/#website","url":"https:\/\/www.meydan.tv\/az\/","name":"MEYDAN.TV","description":"Meydan TV Az\u0259rbaycan\u0131n media m\u0259kan\u0131ndak\u0131 alternativ s\u0259sidir","publisher":{"@id":"https:\/\/www.meydan.tv\/az\/#organization"},"potentialAction":[{"@type":"SearchAction","target":{"@type":"EntryPoint","urlTemplate":"https:\/\/www.meydan.tv\/az\/?s={search_term_string}"},"query-input":{"@type":"PropertyValueSpecification","valueRequired":true,"valueName":"search_term_string"}}],"inLanguage":"az"},{"@type":"Organization","@id":"https:\/\/www.meydan.tv\/az\/#organization","name":"Meydan TV","url":"https:\/\/www.meydan.tv\/az\/","logo":{"@type":"ImageObject","inLanguage":"az","@id":"https:\/\/www.meydan.tv\/az\/#\/schema\/logo\/image\/","url":"https:\/\/www.meydan.tv\/wp-content\/uploads\/2021\/07\/meydan-logo.svg","contentUrl":"https:\/\/www.meydan.tv\/wp-content\/uploads\/2021\/07\/meydan-logo.svg","width":195,"height":46,"caption":"Meydan TV"},"image":{"@id":"https:\/\/www.meydan.tv\/az\/#\/schema\/logo\/image\/"}},{"@type":"Person","@id":"https:\/\/www.meydan.tv\/az\/#\/schema\/person\/10d11eccf6da3662cf5fdab9806ea91a","name":"user-manager"}]}},"_links":{"self":[{"href":"https:\/\/www.meydan.tv\/az\/wp-json\/wp\/v2\/posts\/174344","targetHints":{"allow":["GET"]}}],"collection":[{"href":"https:\/\/www.meydan.tv\/az\/wp-json\/wp\/v2\/posts"}],"about":[{"href":"https:\/\/www.meydan.tv\/az\/wp-json\/wp\/v2\/types\/post"}],"author":[{"embeddable":true,"href":"https:\/\/www.meydan.tv\/az\/wp-json\/wp\/v2\/users\/11"}],"replies":[{"embeddable":true,"href":"https:\/\/www.meydan.tv\/az\/wp-json\/wp\/v2\/comments?post=174344"}],"version-history":[{"count":0,"href":"https:\/\/www.meydan.tv\/az\/wp-json\/wp\/v2\/posts\/174344\/revisions"}],"wp:featuredmedia":[{"embeddable":true,"href":"https:\/\/www.meydan.tv\/az\/wp-json\/wp\/v2\/media\/51416"}],"wp:attachment":[{"href":"https:\/\/www.meydan.tv\/az\/wp-json\/wp\/v2\/media?parent=174344"}],"wp:term":[{"taxonomy":"category","embeddable":true,"href":"https:\/\/www.meydan.tv\/az\/wp-json\/wp\/v2\/categories?post=174344"},{"taxonomy":"post_tag","embeddable":true,"href":"https:\/\/www.meydan.tv\/az\/wp-json\/wp\/v2\/tags?post=174344"}],"curies":[{"name":"wp","href":"https:\/\/api.w.org\/{rel}","templated":true}]}}