{"id":174338,"date":"2016-03-13T16:16:55","date_gmt":"2016-03-13T16:16:55","guid":{"rendered":"https:\/\/www.meydan.tv\/article\/santaj-ve-satinalmalar\/"},"modified":"2016-03-13T16:16:55","modified_gmt":"2016-03-13T16:16:55","slug":"santaj-ve-satinalmalar","status":"publish","type":"post","link":"https:\/\/www.meydan.tv\/az\/article\/santaj-ve-satinalmalar\/","title":{"rendered":"\u015eantaj v\u0259 sat\u0131nalmalar"},"content":{"rendered":"<figure class=\"wp-block-image size-large\">\n  <img decoding=\"async\" src=\"https:\/\/www.meydan.tv\/az\/51242\/\" alt=\"\" class=\"wp-image-51242\"\/><figcaption><\/figcaption><\/figure>\n<figure class=\"wp-block-image size-large\">\n  <img decoding=\"async\" src=\"https:\/\/www.meydan.tv\/az\/51245\/\" alt=\"\" class=\"wp-image-51245\"\/><figcaption><\/figcaption><\/figure>\n<p>\n  <br \/>\n  Montesinos Venezuelada h\u0259bs edil\u0259nd\u0259 m\u00fcxt\u0259lif bank hesablar\u0131nda onun 300 milyon dollar pulu var idi. Tan\u0131nmamaq \u00fc\u00e7\u00fcn \u00fcz\u00fcn\u00fc plastik \u0259m\u0259liyyat etdirmi\u015fdi. O m\u0259hk\u0259m\u0259d\u0259 63 a\u011f\u0131r cinay\u0259t i\u015fi \u00fczr\u0259 ittiham olunurdu. Adam \u00f6ld\u00fcrm\u0259, d\u00f6vl\u0259t \u0259mlak\u0131n\u0131 m\u0259nims\u0259m\u0259, r\u00fc\u015fv\u0259t, korrupsiya, qanunsuz silah v\u0259 narkotik alveri. B\u00fct\u00fcn bunlar\u0131 o \u00e7ox maraql\u0131 v\u0259 \u00f6hd\u0259sind\u0259n ustal\u0131qla g\u0259ldiyi h\u0259rb\u00e7i v\u0259 nazir karyeras\u0131 m\u00fcdd\u0259tind\u0259 bacarm\u0131\u015fd\u0131.\n<\/p>\n<p>\n  Perulu Vladimiros Montesinos-a ad\u0131n\u0131 atas\u0131 Leninin \u015f\u0259r\u0259fin\u0259 vermi\u015fdi. Onun karyeras\u0131n\u0131n \u0259n maraql\u0131 hiss\u0259si h\u0259rb\u00e7i oldu\u011fu d\u00f6vrd\u0259n ba\u015flay\u0131r. P\u0259rd\u0259arxas\u0131 \u0259sas fiqur olma\u011f\u0131n azarl\u0131s\u0131 olan Montesinos sevimli k\u0259\u015ffiyyat m\u0259\u015f\u011fuliyy\u0259tin\u0259 el\u0259 h\u0259min Peru ordusundak\u0131 karyeras\u0131nda ba\u015flay\u0131r. O m\u00fcxt\u0259lif ill\u0259rd\u0259 v\u0259t\u0259n\u0259 x\u0259yan\u0259t, h\u0259rbi sirri yayma ittihamlar\u0131 il\u0259, h\u0259rb\u00e7i kimi \u00f6lk\u0259 \u0259razini icaz\u0259siz t\u0259kr etdiyin\u0259 g\u00f6r\u0259 ittiham olunmu\u015fdu. N\u0259hay\u0259t, ordudan rusvay\u00e7\u0131 \u015f\u0259kild\u0259 uzaqla\u015fd\u0131r\u0131lm\u0131\u015f v\u0259 h\u0259bs\u0259 g\u00f6nd\u0259rilmi\u015fdi.\n<\/p>\n<p>\n  H\u0259bsd\u0259n sonra Montesinos bir ne\u00e7\u0259 ay\u0131n i\u00e7ind\u0259 San Marcos D\u00f6vl\u0259t Universitetinin h\u00fcquq fak\u00fclt\u0259si m\u0259zunu olur, daha sonra Lima Ali M\u0259hk\u0259m\u0259sind\u0259 v\u0259kil kimi qeydiyyata da d\u00fc\u015f\u0259 bilir. V\u0259killik m\u00fcdd\u0259tind\u0259 is\u0259 narkotik mafiyas\u0131n\u0131n adamlar\u0131n\u0131 v\u0259 narkobiznesd\u0259 \u0259li olan polisl\u0259ri m\u0259hk\u0259m\u0259d\u0259 v\u0259kil kimi m\u00fcdafi\u0259 el\u0259m\u0259yi il\u0259 yadda qal\u0131r.\n<\/p>\n<p>\n  Karyeras\u0131n\u0131n \u0259n y\u00fcks\u0259k v\u0259 onun \u00fc\u00e7\u00fcn s\u0259rh\u0259dsiz imkanlar a\u00e7an pill\u0259sin\u0259 is\u0259 1990-ci ild\u0259 Perunun yeni prezidenti se\u00e7ilmi\u015f Alberto Fujimorinin onu Milli T\u0259hl\u00fck\u0259sizlik Naziri postuna t\u0259yin etm\u0259si say\u0259sind\u0259 \u00e7at\u0131r. Yeni prezidentl\u0259 tan\u0131\u015fl\u0131\u011f\u0131 Fujimorinin prezident se\u00e7kil\u0259rind\u0259 namiz\u0259d oldu\u011fu \u0259r\u0259f\u0259y\u0259 t\u0259sad\u00fcf edirdi. H\u0259min d\u00f6n\u0259md\u0259 Fujimorinin ad\u0131 saxta da\u015f\u0131nmaz \u0259mlak s\u0259n\u0259dl\u0259\u015fm\u0259sind\u0259 hallan\u0131rd\u0131, Montesinos is\u0259 Fujimorinin prezidentliy\u0259 ged\u0259n yolundak\u0131 mane\u0259 \u00e7evrilmi\u015f bu problemini \u00f6z\u00fcn\u00fcn geni\u015f \u0259laq\u0259l\u0259ri say\u0259sind\u0259 \u00f6rt-basd\u0131r ed\u0259 bilmi\u015fdi.\n<\/p>\n<p>\n  Bel\u0259likl\u0259, Fujimorinin prezident se\u00e7ilm\u0259sind\u0259n sonra Montesinos \u00f6lk\u0259nin t\u0259hl\u00fck\u0259sizlik naziri oldu, ancaq el\u0259 o vaxtdan Peruda az qala h\u0259r k\u0259s hesab edirdi ki, \u00f6lk\u0259ni prezident Fujimorinin ad\u0131ndan h\u00fcd\u00fcdsuz s\u0259lahiyy\u0259tl\u0259ri olan Montesinos idar\u0259 edir. Onlar\u0131n birg\u0259 f\u0259aliyy\u0259ti n\u0259tic\u0259sind\u0259 Perunu o d\u00f6n\u0259md\u0259 \u00f6lk\u0259y\u0259 q\u0259nim k\u0259silmi\u015f \u201cShining Path\u201d adl\u0131 Mao\u00e7u terrorist qrupla\u015fmalar\u0131ndan t\u0259mizl\u0259m\u0259k m\u00fcmk\u00fcn oldu. Daha sonra ke\u00e7mi\u015f prezidentd\u0259n miras qalm\u0131\u015f \u00f6l\u00fc iqtisadiyyat\u0131 da dir\u00e7\u0259ltm\u0259yi bacarm\u0131\u015fd\u0131 Fujimori h\u00f6k\u00fcm\u0259ti.\n<\/p>\n<p>\n  Onun beyn\u0259lxalq t\u0259\u015fkilatlarla raz\u0131la\u015fmalar\u0131 v\u0259 islahatlar\u0131 n\u0259tic\u0259sind\u0259 Peru iqtisadiyyat\u0131 \u00f6z\u00fcn\u00fcn \u00f6l\u00fcm yata\u011f\u0131ndan qalxa bilmi\u015fdi. \u00d6lk\u0259 \u00fc\u00e7\u00fcn \u00e7ox \u00f6n\u0259mli bu m\u00fcv\u0259ff\u0259qiyy\u0259t yeni h\u00f6kum\u0259tin u\u011fur hekay\u0259sin\u0259 \u00e7evrildi.\n<\/p>\n<figure class=\"wp-block-image size-large\">\n  <img decoding=\"async\" src=\"https:\/\/www.meydan.tv\/az\/vladimiro-montesinos\/\" alt=\"Vladimiro Montesinos\" class=\"wp-image-51248\"\/><figcaption>\n    Vladimiro Montesinos<br \/>\n  <\/figcaption><\/figure>\n<p>\n  Bu iki u\u011furlu siyasi x\u0259tt \u00f6lk\u0259 \u0259halisinin \u00e7oxlu\u011funu yeni h\u00f6kum\u0259td\u0259n raz\u0131 salan \u0259sas faktor idi. Ancaq \u00fcmumilikd\u0259 d\u0259 Peruda demokratik \u00f6lk\u0259 \u00fc\u00e7\u00fcn vacib olan \u0259sas t\u0259m\u0259l azadl\u0131qlar m\u00f6vcud idi. \u018fhali s\u0259s verir, m\u0259hk\u0259m\u0259l\u0259r v\u0259 media i\u015fl\u0259yir, m\u00fcxalif partiyalar parlamentd\u0259 t\u0259msil olunur, dig\u0259r bir \u00e7ox demokratik institutlar azad f\u0259aliyy\u0259t g\u00f6st\u0259rirmi\u015f t\u0259siri ba\u011f\u0131\u015flay\u0131rd\u0131.\n<\/p>\n<p>\n  Ancaq bu, m\u0259s\u0259l\u0259nin \u00fczd\u0259 olan hiss\u0259si idi. Montesinos t\u0259hl\u00fck\u0259sizlik naziri olduqdan sonra Perunun \u00fczd\u0259 laz\u0131m\u0131 demokratik azadl\u0131qlara malik olan, \u0259slind\u0259 b\u00fct\u00fcn bu t\u0259sisatlar\u0131n amans\u0131zcas\u0131na m\u0259hv edildiyi nadir siyasi sisteminin m\u00fc\u0259llifi kimi tarix\u0259 d\u00fc\u015fd\u00fc. O prezident Fujimorinin ad\u0131ndan idar\u0259 etdiyi \u00f6lk\u0259d\u0259 yaratd\u0131\u011f\u0131 gizli avtoritarizmin sor\u011fulan\u0131b \u00fcz\u0259 \u00e7\u0131xar\u0131lmas\u0131na mane olmaq \u00fc\u00e7\u00fcn a\u011flas\u0131\u011fmaz s\u0259y g\u00f6st\u0259rmi\u015f v\u0259 n\u0259yin bahas\u0131na olursa olsun buna m\u00fcyy\u0259n m\u00fcdd\u0259t \u00fc\u00e7\u00fcn nail olmu\u015f, \u00f6lk\u0259nin yalan\u00e7\u0131 demokratik m\u0259nz\u0259r\u0259sini qoruma\u011fa m\u00fcv\u0259ff\u0259q olmu\u015fdu.\n<\/p>\n<p>\n  O \u00f6lk\u0259y\u0259 total n\u0259zar\u0259t edirdi v\u0259 h\u00f6kum\u0259tin apard\u0131\u011f\u0131 siyasi sistemin qar\u015f\u0131s\u0131nda duran h\u0259r k\u0259si, el\u0259c\u0259 d\u0259 h\u0259r bir demokratik t\u0259sisat\u0131 soyuqanl\u0131l\u0131qla s\u0131radan \u00e7\u0131xar\u0131r, dekorativ demokratiyan\u0131 h\u0259r bir t\u0259hl\u00fck\u0259d\u0259n h\u0259ssasl\u0131qla qoruyur, \u00e7\u0131xan h\u0259r bir s\u0259si bat\u0131r\u0131rd\u0131. Bu yolda b\u00f6y\u00fck pullar\u0131 s\u0259xav\u0259tli x\u0259rcl\u0259y\u0259n Montesinos fiziki t\u0259hdidi \u00e7ox bahal\u0131 v\u0259 \u00e7ox t\u0259hl\u00fck\u0259li hesab edirdi, ona g\u00f6r\u0259 d\u0259 daha \u00e7ox \u00f6z\u00fcn\u00fcn dediyi kimi h\u0259r \u015feyd\u0259n \u00f6nc\u0259 \u201c\u0259m\u0259kda\u015fl\u0131\u011fa\u201d \u00e7al\u0131\u015f\u0131rd\u0131.\n<\/p>\n<p>\n  Montesinos demokratiyan\u0131n \u0259sas t\u0259m\u0259l mexanizml\u0259rini median\u0131, m\u0259hk\u0259m\u0259l\u0259ri, siyasi partiyalar\u0131 b\u00f6y\u00fck pullar m\u0259bl\u0259\u011find\u0259 sat\u0131n al\u0131r, onlar\u0131n obyektiv f\u0259aliyy\u0259tin\u0259 imkan vermirdi. Bununla da, h\u00f6kum\u0259tin \u201cdemokratik\u201d f\u0259aliyy\u0259tin\u0259 he\u00e7 bir \u015f\u00fcbh\u0259 yaranm\u0131rd\u0131. M\u0259s\u0259l\u0259nin maraql\u0131 t\u0259r\u0259fi o idi ki, Montesinos pulla sat\u0131n ald\u0131\u011f\u0131 adamlar\u0131 s\u00f6hb\u0259tl\u0259ri \u0259snas\u0131nda videoya \u00e7\u0259kir, sonra onlara m\u00fcqavil\u0259 imzalatd\u0131r\u0131rd\u0131. \u00d6z\u00fc d\u0259 etiraf edirdi ki, bununla i\u015fini sa\u011flama al\u0131r. M\u00fcqavil\u0259d\u0259 pul alan t\u0259r\u0259f pul qar\u015f\u0131l\u0131\u011f\u0131nda g\u00f6t\u00fcrd\u00fcy\u00fc \u00f6hd\u0259likl\u0259r\u0259 imza at\u0131rd\u0131.\n<\/p>\n<p>\n  Montesinos adi m\u0259hk\u0259m\u0259 hakiml\u0259rin\u0259 2500-10.000 dollar aras\u0131 ayl\u0131q pul verirdi. Ali m\u0259hk\u0259m\u0259 hakiml\u0259ri t\u0259qrib\u0259n 25.000 dollar m\u0259bl\u0259\u011find\u0259 ayl\u0131q \u00f6d\u0259ni\u015f al\u0131rd\u0131lar. Ali m\u0259hk\u0259m\u0259nin s\u0259drin\u0259 is\u0259 Montesinos ayl\u0131q 35.000 dollar pul \u00f6d\u0259yirdi. Bu, onun maa\u015f\u0131ndan 4 d\u0259f\u0259 \u00e7ox idi. Milli Se\u00e7kil\u0259r M\u0259rk\u0259zinin hakimi Luis Serpa Segua da 45.000 dollara onunla raz\u0131la\u015fm\u0131\u015fd\u0131. \u018fn b\u00f6y\u00fck m\u0259bl\u0259\u011fd\u0259 m\u00fcqavil\u0259y\u0259 is\u0259 ayl\u0131q 55.000 dollarla M\u0259hk\u0259m\u0259 Sisteminin R\u0259hb\u0259ri Ricardo Mendoza Torres imza atm\u0131\u015fd\u0131.\n<\/p>\n<p>\n  Siyas\u0259t\u00e7il\u0259rl\u0259 d\u0259 Montesinos \u201c\u0259m\u0259kda\u015fl\u0131q\u201d edir, m\u00fcqavil\u0259l\u0259r ba\u011flay\u0131r, b\u00f6y\u00fck m\u0259bl\u0259\u011fd\u0259 pullarla onlar\u0131 m\u00f6vcud ola-ola, h\u0259m d\u0259 \u00f6l\u00fc bir \u015fey\u0259 \u00e7evirirdi. M\u00fcxalif\u0259tin liderl\u0259ri, ayr\u0131-ayr\u0131 partiya \u00fczvl\u0259ri ayl\u0131q 10.000-100.000 dollar m\u0259bl\u0259\u011find\u0259 \u0259sir g\u00f6t\u00fcr\u00fcl\u00fcrd\u00fc. Bel\u0259likl\u0259, m\u00fcxalif\u0259tin vahid, birg\u0259 f\u0259aliyy\u0259ti pozulurdu, bir qrup pulla al\u0131nm\u0131\u015f adamlarla, h\u0259qiqi m\u00fcxalif olan adamlar\u0131n birliyi effektsiz bir \u015fey\u0259 \u00e7evrilirdi.\n<\/p>\n<p>\n  Jose Luiz Caceres Velasques, Roger Caceres Perez, Mario Gonzales \u0130gna-n\u0131n ayl\u0131q qiym\u0259ti 20.000, Ruby Rodriguez de Aguliar-\u0131n ayl\u0131q qiym\u0259ti is\u0259 50.000 dollar idi. 2000-ci ild\u0259 Montesinos Parlamentd\u0259 hakim partiyan\u0131n \u00e7oxlu\u011funu t\u0259min el\u0259m\u0259k \u00fc\u00e7\u00fcn 12 m\u00fcxalif deputat\u0131 sat\u0131n alm\u0131\u015fd\u0131. Onlar Prezidentin ad\u0131na \u0259riz\u0259 yaz\u0131b \u201cFujimori 2000\u201d partiyas\u0131na qo\u015fulmu\u015fdular. \u018flav\u0259 5 m\u00fcxalif deputat da Montesinosla anla\u015fm\u0131\u015fd\u0131, pul qar\u015f\u0131l\u0131\u011f\u0131nda aid olduqlar\u0131 partiyada qal\u0131b, sad\u0259c\u0259 informasiya \u00f6t\u00fcrm\u0259li idil\u0259r.\n<\/p>\n<p>\n  Maraql\u0131 m\u0259qamlardan biri d\u0259 odur ki, Montesinosdan pul alan t\u0259kc\u0259 m\u00fcxalif siyas\u0259t\u00e7il\u0259r deyildi. Sonuncu ba\u015f nazir Federico Salas da ayl\u0131q 30.000 dollar m\u0259bl\u0259\u011find\u0259 m\u00fcqavil\u0259y\u0259 imza atm\u0131\u015fd\u0131. Bu fakt Fujimori v\u0259 Montesinosun yaratd\u0131\u011f\u0131 h\u00f6k\u00fcm\u0259tin nec\u0259 pul \u00fcz\u0259rind\u0259 quruldu\u011funun, he\u00e7 bir normal t\u0259sisat v\u0259 qurumun olmad\u0131\u011f\u0131n\u0131n bariz n\u00fcm\u00fcn\u0259sidi. Milli t\u0259hl\u00fck\u0259sizlik nazirin ba\u015f naziri pulla ald\u0131\u011f\u0131 h\u00f6k\u00fcm\u0259tin nec\u0259 bir sistem\u0259 malik oldu\u011funu t\u0259s\u0259vv\u00fcr el\u0259m\u0259k \u00e7\u0259tin deyil.\n<\/p>\n<p>\n  Montesinosun \u0259n \u00e7ox \u00f6n\u0259m verdiyi v\u0259 ona g\u00f6r\u0259 d\u0259 \u0259n \u00e7ox pul x\u0259rcl\u0259yib sat\u0131n ald\u0131\u011f\u0131 is\u0259 media idi. O bir \u00e7\u0131x\u0131\u015flar\u0131n\u0131n birind\u0259 televiziyaya \u00e7\u0131xmas\u0131na imkan verm\u0259diyi m\u00fcxalif\u0259tin f\u0259aliyy\u0259ti haqq\u0131nda deyirdi, \u201c\u0259g\u0259r bu televiziyada yay\u0131mlanmay\u0131bsa, dem\u0259li, onu he\u00e7 kim bilmir, bel\u0259 \u015fey olmay\u0131b\u201d. O \u00f6lk\u0259d\u0259 f\u0259aliyy\u0259t g\u00f6st\u0259r\u0259n \u00f6z\u0259l kanallar\u0131n ham\u0131s\u0131 al\u0131nm\u0131\u015fd\u0131. Kanal 2 (Frequenca Latina) ayl\u0131q 500.000 dollar, \u00fcmumi 3 milyon dollardan art\u0131q pul alm\u0131\u015fd\u0131 iki il \u0259rzind\u0259. \u018fv\u0259zind\u0259 Montesinos h\u0259min kanal\u0131n x\u0259b\u0259rl\u0259ri efir\u0259 getm\u0259mi\u015fd\u0259n \u0259vv\u0259l onlar\u0131 yoxlay\u0131r v\u0259 ancaq o t\u0259sdiql\u0259dikd\u0259n sonra yay\u0131mlanmas\u0131na icaz\u0259 verirdi.\n<\/p>\n<p>\n  \u018fn \u00e7ox bax\u0131lan Kanal 4 (America Television) ayl\u0131q 1.5 milyon dollar, \u00fcmumi 9 milyon dollar, Kanal 5 (Panamerican Television) \u00fcmumi 10 milyon dollara yax\u0131n pul alm\u0131\u015fd\u0131lar Montesinosdan. Kanal 9 (ATV) iki \u0259m\u0259kda\u015f\u0131n\u0131 (Cecilia Valenzuela v\u0259 Luis \u0130berico) kanaldan uzaqla\u015fd\u0131r\u0131lmas\u0131 qar\u015f\u0131l\u0131\u011f\u0131nda 500.000 dollar qazanm\u0131\u015fd\u0131. Bir videoda Montesinos deyir:\u201dL\u0259n\u0259t\u0259 g\u0259lsin, h\u0259r kanala ayda bu q\u0259d\u0259r pul veririk, amma neyl\u0259m\u0259k olar, ba\u015fqa yolu yoxdur, bunun say\u0259sind\u0259 uduruq se\u00e7kil\u0259ri&#8230;\u201d.\n<\/p>\n<p>\n  \u00c7ap mediasi il\u0259 d\u0259 v\u0259ziyy\u0259t eyni idi. Ki\u00e7ik formatl\u0131 q\u0259zetl\u0259r El Chato, La Chuci, m\u00fcvafiq olaraq 2000, 8000 dollar h\u0259ft\u0259lik \u00f6d\u0259ni\u015f al\u0131rd\u0131lar. Expreso-a \u00fcmumi bir milyon dollar verilmi\u015fdi, El Tio \u00fcmumi 1.5 milyon dollar pul alm\u0131\u015fd\u0131. El Tio h\u0259r man\u015fet x\u0259b\u0259rin\u0259 g\u00f6r\u0259 3000-4000, 5000 dollar is\u0259 b\u00fctov s\u0259hif\u0259y\u0259 g\u00f6r\u0259 al\u0131rd\u0131. Bu q\u0259zetl\u0259r \u00e7oxluq t\u0259r\u0259find\u0259n oxunan ki\u00e7ik formatl\u0131 q\u0259zetl\u0259r oldu\u011fu \u00fc\u00e7\u00fcn Montesinos onlar\u0131 tamamil\u0259 \u00f6z \u0259lin\u0259 alm\u0131\u015fd\u0131.\n<\/p>\n<p>\n  Ancaq La Republica, El Comercio q\u0259zetl\u0259ri v\u0259 Caretas jurnal\u0131 Montesinosla \u0259m\u0259kda\u015fl\u0131q etm\u0259kd\u0259n imtina ed\u0259n d\u0259rgil\u0259r idi. Onlar\u0131n oxucular\u0131 nisb\u0259t\u0259n orta t\u0259b\u0259q\u0259, oxumu\u015f v\u0259 imkanl\u0131 adamlar oldu\u011fu \u00fc\u00e7\u00fcn onlar\u0131n f\u0259aliyy\u0259ti o q\u0259d\u0259r qorxulu hesab edilmirdi. Ancaq bununla bel\u0259 onlara da h\u0259r c\u00fcr mane\u0259 yarad\u0131l\u0131rd\u0131. Sat\u0131lm\u0131\u015f media t\u0259r\u0259find\u0259n t\u0259hqirl\u0259rd\u0259n tutmu\u015f, tez-tez m\u0259hk\u0259m\u0259y\u0259 verilm\u0259y\u0259 q\u0259d\u0259r.\n<\/p>\n<p>\n  Montesinos m\u00fcst\u0259qil qurumlar\u0131 v\u0259 insanlar\u0131 raz\u0131l\u0131\u011fa g\u0259tirm\u0259k \u00fc\u00e7\u00fcn b\u00fct\u00fcn yollardan istifad\u0259 edirdi. Puldan \u0259lav\u0259, o \u0259m\u0259kda\u015fl\u0131q t\u0259klif etdiyi adamlara ma\u015f\u0131n, ev h\u0259diyy\u0259 edir, bank v\u0259 vergi sistemind\u0259 qeyri-qanuni yard\u0131mlar edirdi. M\u0259s\u0259l\u0259n, buna milas olaraq, o Milli Sek\u00e7i Komissiyas\u0131n\u0131n idar\u0259 hey\u0259ti \u00fczv\u00fc Romulo Munor Arce-nin arvad\u0131 v\u0259 o\u011flunu i\u015f\u0259 d\u00fcz\u0259ltmi\u015fdi, q\u0131z\u0131n\u0131n is\u0259 Amerikadak\u0131 t\u0259hsilinin pulunu \u00f6d\u0259yirdi. O, \u015fantaj v\u0259 h\u0259d\u0259-qorxu il\u0259 d\u0259 ist\u0259diyini al\u0131rd\u0131. Milli T\u0259hl\u00fck\u0259sizlik Nazirliyi t\u0259r\u0259find\u0259n qura\u015fd\u0131r\u0131lm\u0131\u015f gizli kameralarda adamlar\u0131n intim h\u0259yatlar\u0131 lent\u0259 al\u0131n\u0131r, sonra onlara qar\u015f\u0131 istifad\u0259 edilirdi.\n<\/p>\n<p>\n  Bu i\u015fl\u0259rd\u0259 Montesinosun \u015f\u0259xs\u0259n r\u0259hb\u0259rlik el\u0259diyi komandaya 1600 n\u0259f\u0259r perulu c\u0259lb olunmu\u015fdu. \u0130nsanlar\u0131n \u015f\u0259xsi h\u0259yat\u0131 \u015fantaj m\u0259qs\u0259dil\u0259 lent\u0259 al\u0131n\u0131rd\u0131. Montesinosun \u00f6z\u00fcn\u00fcn dediyin\u0259 g\u00f6r\u0259, \u00fcmumilikd\u0259 30.000 bel\u0259 video var idi. B\u0259s sual yarana bil\u0259r ki, Montesinos bu q\u0259d\u0259r pulu hardan al\u0131rd\u0131? Bu da \u00f6lk\u0259nin nec\u0259 ibtidai \u00fcsulla par\u00e7alan\u0131b-da\u011f\u0131d\u0131ld\u0131\u011f\u0131n\u0131n dig\u0259r n\u00fcm\u00fcn\u0259siydi. M\u0259s\u0259l\u0259 onda idi ki, Montesinosun r\u0259hb\u0259rlik etdiyi Milli T\u0259hl\u00fck\u0259sizlik Naziriliyinin 10 il \u0259rzind\u0259 50-60 d\u0259f\u0259 art\u0131r\u0131lm\u0131\u015f b\u00fcdc\u0259si gizli idi v\u0259 \u00fcmumilikd\u0259 yoxlanm\u0131rd\u0131.\n<\/p>\n<p>\n  Hesablamalara g\u00f6r\u0259 2000-ci ild\u0259 ayl\u0131q 1.5 milyon dollar t\u0259\u015fkil edirdi nazirliyin g\u0259liri. Bunun yaln\u0131z d\u00f6rdd\u0259 bir hiss\u0259si nazirliyin i\u015f\u00e7il\u0259rinin \u0259m\u0259k haqqlar\u0131na v\u0259 ba\u015fqa x\u0259rcl\u0259r\u0259 gedirdi. Qalan m\u0259bl\u0259\u011f is\u0259 n\u0259zar\u0259tsiz Montesinosun s\u0259r\u0259ncam\u0131nda idi. Bundan \u0259lav\u0259 T\u0259hl\u00fck\u0259sizlik Nazirliyinin m\u00fchasibi Matilde Pinchi-y\u0259 g\u00f6r\u0259 Peru M\u00fcdafi\u0259 Nazirliyi, Daxili \u0130\u015fl\u0259r Nazirliyi, Peru Ordusu v\u0259 dig\u0259r g\u00fcc strukturlar\u0131ndan \u00fcmumulikd\u0259 Milli T\u0259hl\u00fck\u0259sizlik Nazirliyin\u0259 g\u0259l\u0259n pullar ayda 9 milyon dollar t\u0259\u015fkil edirdi.\n<\/p>\n<p>\n  V\u0259 Son\n<\/p>\n<p>\n  2000-ci ild\u0259, 14 sentyabr tarixind\u0259 Peru Televiziyalar\u0131ndan biri Montesinosun m\u00fcxalif deputat Alberto Kouri-y\u0259 ayl\u0131q 15.000 dollar verdiyi videonu yay\u0131mlad\u0131. Bununla da h\u0259r \u015fey sona yetdi. Montesinos istefa verib, Panamaya qa\u00e7d\u0131, prezident is\u0259 Milli T\u0259hl\u00fck\u0259sizlik Nazirliyini l\u0259\u011fv etm\u0259k haqq\u0131nda s\u0259r\u0259ncam imzalad\u0131. Ancaq ard\u0131nca \u201cVladividieolar\u201d adlanan silsil\u0259 videolar yay\u0131mlanma\u011fa ba\u015flad\u0131. Bu videolarda o m\u00fcxt\u0259lif adamlar\u0131, m\u00fcxalif siyas\u0259t\u00e7il\u0259r, hakiml\u0259r, telekanal r\u0259hb\u0259rl\u0259rin\u0259 b\u00f6y\u00fck m\u0259bl\u0259\u011fd\u0259 pullar verirdi. 3 ay sonra Fujimori v\u0259 Montesinosun h\u00f6k\u00fcm\u0259ti \u00e7\u00f6kd\u00fc. Onlar art\u0131q h\u0259r ikisi \u00f6lk\u0259d\u0259n qa\u00e7m\u0131\u015f, ancaq t\u00f6r\u0259tdikl\u0259ri cinay\u0259tl\u0259r\u0259 g\u00f6r\u0259 axtar\u0131l\u0131rd\u0131lar. N\u0259hay\u0259t, 2005-ci ild\u0259 Fujimori d\u0259 \u00c7ilid\u0259 h\u0259bs edilib, 2007-ci ild\u0259 Peruya ekstradisiya olundu.\n<\/p>\n<p>\n  <br \/>\n  Bununla da, Peru \u00f6z\u00fcn\u00fcn qorxunc siyasi sistemind\u0259n yaxa qurtara bildi, ancaq onlar\u0131n yaratd\u0131\u011f\u0131 v\u0259 Perunu 10 il idar\u0259 etdikl\u0259ri siyasi sistem n\u0259tic\u0259sind\u0259 \u00f6lk\u0259 h\u0259l\u0259 d\u0259 davam ed\u0259n b\u00f6y\u00fck probleml\u0259r bataql\u0131\u011f\u0131na s\u00fcr\u00fckl\u0259ndi. Bunlar \u00f6lk\u0259 \u0259halisinin demokratik siyasi sistem\u0259, m\u0259hk\u0259m\u0259 v\u0259 mediaya inam\u0131n\u0131n itirilm\u0259sind\u0259n tutmu\u015f, Fujimori h\u00f6k\u00fcm\u0259tinin ba\u015fdan-sovdu \u00f6z\u0259ll\u0259\u015fdirm\u0259 siyas\u0259ti n\u0259tic\u0259sind\u0259 \u00f6lk\u0259nin m\u00fch\u00fcm \u0259h\u0259miyy\u0259tli obyektl\u0259rinin xarici \u015firk\u0259tl\u0259r\u0259 sat\u0131lmas\u0131na q\u0259d\u0259r, h\u0259lli uzun zaman t\u0259l\u0259b ed\u0259n b\u00f6y\u00fck probleml\u0259rdi.\n<\/p>\n<p>\n  <b><br \/>\n    Yaz\u0131 m\u00fc\u0259llifin \u015f\u0259xsi m\u00f6vqeyini \u0259ks etdirir&#8230;<br \/>\n  <\/b>\n<\/p>\n<p>\n  <br \/>\n  <b><br \/>\n    Istifad\u0259 edilmi\u015f m\u0259nb\u0259l\u0259r<br \/>\n  <\/b>\n<\/p>\n<p>\n  <b><br \/>\n    (http:\/\/www.econstor.eu\/bitstream\/10419\/76612\/1\/cesifo_wp1173.pdf)<br \/>\n  <\/b><br \/>\n  <br \/>\n  <b><br \/>\n    (https:\/\/www.youtube.com\/watch?v=N1Aiq6GqrpE)<br \/>\n  <\/b><br \/>\n  <br \/>\n  <b><br \/>\n    (http:\/\/news.bbc.co.uk\/2\/hi\/americas\/1405548.stm)<br \/>\n  <\/b><br \/>\n  <br \/>\n  <b><br \/>\n    (http:\/\/www.wsws.org\/en\/articles\/2000\/09\/peru-s21.html)<br \/>\n  <\/b>\n<\/p><\/p>\n","protected":false},"excerpt":{"rendered":"<p>M\u00fcxalif\u0259t, m\u0259tbuat, m\u0259hk\u0259m\u0259l\u0259r&#8230;<\/p>\n","protected":false},"author":11,"featured_media":51242,"comment_status":"closed","ping_status":"open","sticky":false,"template":"","format":"standard","meta":{"_acf_changed":false,"_sitemap_exclude":false,"_sitemap_priority":"","_sitemap_frequency":"","footnotes":""},"categories":[57],"tags":[],"class_list":["post-174338","post","type-post","status-publish","format-standard","has-post-thumbnail","hentry","category-menim-fikrimce","infinite-scroll-item","generate-columns","tablet-grid-50","mobile-grid-100","grid-parent","grid-33","no-featured-image-padding"],"acf":[],"yoast_head":"<!-- This site is optimized with the Yoast SEO plugin v27.5 - https:\/\/yoast.com\/product\/yoast-seo-wordpress\/ -->\n<title>\u015eantaj v\u0259 sat\u0131nalmalar - MEYDAN.TV<\/title>\n<meta name=\"robots\" content=\"index, follow, max-snippet:-1, max-image-preview:large, max-video-preview:-1\" \/>\n<link rel=\"canonical\" href=\"https:\/\/www.meydan.tv\/az\/article\/santaj-ve-satinalmalar\/\" \/>\n<meta property=\"og:locale\" content=\"az_AZ\" \/>\n<meta property=\"og:type\" content=\"article\" \/>\n<meta property=\"og:title\" content=\"\u015eantaj v\u0259 sat\u0131nalmalar - MEYDAN.TV\" \/>\n<meta property=\"og:description\" content=\"M\u00fcxalif\u0259t, m\u0259tbuat, m\u0259hk\u0259m\u0259l\u0259r...\" \/>\n<meta property=\"og:url\" content=\"https:\/\/www.meydan.tv\/az\/article\/santaj-ve-satinalmalar\/\" \/>\n<meta property=\"og:site_name\" content=\"MEYDAN.TV\" \/>\n<meta property=\"article:published_time\" content=\"2016-03-13T16:16:55+00:00\" \/>\n<meta property=\"og:image\" content=\"https:\/\/www.meydan.tv\/wp-content\/uploads\/19369.jpg\" \/>\n\t<meta property=\"og:image:width\" content=\"500\" \/>\n\t<meta property=\"og:image:height\" content=\"500\" \/>\n\t<meta property=\"og:image:type\" content=\"image\/jpeg\" \/>\n<meta name=\"author\" content=\"user-manager\" \/>\n<meta name=\"twitter:card\" content=\"summary_large_image\" \/>\n<script type=\"application\/ld+json\" class=\"yoast-schema-graph\">{\"@context\":\"https:\\\/\\\/schema.org\",\"@graph\":[{\"@type\":\"Article\",\"@id\":\"https:\\\/\\\/www.meydan.tv\\\/az\\\/article\\\/santaj-ve-satinalmalar\\\/#article\",\"isPartOf\":{\"@id\":\"https:\\\/\\\/www.meydan.tv\\\/az\\\/article\\\/santaj-ve-satinalmalar\\\/\"},\"author\":{\"name\":\"user-manager\",\"@id\":\"https:\\\/\\\/www.meydan.tv\\\/az\\\/#\\\/schema\\\/person\\\/10d11eccf6da3662cf5fdab9806ea91a\"},\"headline\":\"\u015eantaj v\u0259 sat\u0131nalmalar\",\"datePublished\":\"2016-03-13T16:16:55+00:00\",\"mainEntityOfPage\":{\"@id\":\"https:\\\/\\\/www.meydan.tv\\\/az\\\/article\\\/santaj-ve-satinalmalar\\\/\"},\"wordCount\":2377,\"publisher\":{\"@id\":\"https:\\\/\\\/www.meydan.tv\\\/az\\\/#organization\"},\"image\":{\"@id\":\"https:\\\/\\\/www.meydan.tv\\\/az\\\/article\\\/santaj-ve-satinalmalar\\\/#primaryimage\"},\"thumbnailUrl\":\"https:\\\/\\\/www.meydan.tv\\\/wp-content\\\/uploads\\\/19369.jpg\",\"articleSection\":[\"M\u0259nim Fikrimc\u0259\"],\"inLanguage\":\"az\"},{\"@type\":\"WebPage\",\"@id\":\"https:\\\/\\\/www.meydan.tv\\\/az\\\/article\\\/santaj-ve-satinalmalar\\\/\",\"url\":\"https:\\\/\\\/www.meydan.tv\\\/az\\\/article\\\/santaj-ve-satinalmalar\\\/\",\"name\":\"\u015eantaj v\u0259 sat\u0131nalmalar - MEYDAN.TV\",\"isPartOf\":{\"@id\":\"https:\\\/\\\/www.meydan.tv\\\/az\\\/#website\"},\"primaryImageOfPage\":{\"@id\":\"https:\\\/\\\/www.meydan.tv\\\/az\\\/article\\\/santaj-ve-satinalmalar\\\/#primaryimage\"},\"image\":{\"@id\":\"https:\\\/\\\/www.meydan.tv\\\/az\\\/article\\\/santaj-ve-satinalmalar\\\/#primaryimage\"},\"thumbnailUrl\":\"https:\\\/\\\/www.meydan.tv\\\/wp-content\\\/uploads\\\/19369.jpg\",\"datePublished\":\"2016-03-13T16:16:55+00:00\",\"breadcrumb\":{\"@id\":\"https:\\\/\\\/www.meydan.tv\\\/az\\\/article\\\/santaj-ve-satinalmalar\\\/#breadcrumb\"},\"inLanguage\":\"az\",\"potentialAction\":[{\"@type\":\"ReadAction\",\"target\":[\"https:\\\/\\\/www.meydan.tv\\\/az\\\/article\\\/santaj-ve-satinalmalar\\\/\"]}]},{\"@type\":\"ImageObject\",\"inLanguage\":\"az\",\"@id\":\"https:\\\/\\\/www.meydan.tv\\\/az\\\/article\\\/santaj-ve-satinalmalar\\\/#primaryimage\",\"url\":\"https:\\\/\\\/www.meydan.tv\\\/wp-content\\\/uploads\\\/19369.jpg\",\"contentUrl\":\"https:\\\/\\\/www.meydan.tv\\\/wp-content\\\/uploads\\\/19369.jpg\",\"width\":500,\"height\":500,\"caption\":\"Source:\"},{\"@type\":\"BreadcrumbList\",\"@id\":\"https:\\\/\\\/www.meydan.tv\\\/az\\\/article\\\/santaj-ve-satinalmalar\\\/#breadcrumb\",\"itemListElement\":[{\"@type\":\"ListItem\",\"position\":1,\"name\":\"Ana s\u0259hif\u0259\",\"item\":\"https:\\\/\\\/www.meydan.tv\\\/az\\\/\"},{\"@type\":\"ListItem\",\"position\":2,\"name\":\"M\u0259nim Fikrimc\u0259\",\"item\":\"https:\\\/\\\/www.meydan.tv\\\/az\\\/section\\\/menim-fikrimce\\\/\"},{\"@type\":\"ListItem\",\"position\":3,\"name\":\"\u015eantaj v\u0259 sat\u0131nalmalar\"}]},{\"@type\":\"WebSite\",\"@id\":\"https:\\\/\\\/www.meydan.tv\\\/az\\\/#website\",\"url\":\"https:\\\/\\\/www.meydan.tv\\\/az\\\/\",\"name\":\"MEYDAN.TV\",\"description\":\"Meydan TV Az\u0259rbaycan\u0131n media m\u0259kan\u0131ndak\u0131 alternativ s\u0259sidir\",\"publisher\":{\"@id\":\"https:\\\/\\\/www.meydan.tv\\\/az\\\/#organization\"},\"potentialAction\":[{\"@type\":\"SearchAction\",\"target\":{\"@type\":\"EntryPoint\",\"urlTemplate\":\"https:\\\/\\\/www.meydan.tv\\\/az\\\/?s={search_term_string}\"},\"query-input\":{\"@type\":\"PropertyValueSpecification\",\"valueRequired\":true,\"valueName\":\"search_term_string\"}}],\"inLanguage\":\"az\"},{\"@type\":\"Organization\",\"@id\":\"https:\\\/\\\/www.meydan.tv\\\/az\\\/#organization\",\"name\":\"Meydan TV\",\"url\":\"https:\\\/\\\/www.meydan.tv\\\/az\\\/\",\"logo\":{\"@type\":\"ImageObject\",\"inLanguage\":\"az\",\"@id\":\"https:\\\/\\\/www.meydan.tv\\\/az\\\/#\\\/schema\\\/logo\\\/image\\\/\",\"url\":\"https:\\\/\\\/www.meydan.tv\\\/wp-content\\\/uploads\\\/2021\\\/07\\\/meydan-logo.svg\",\"contentUrl\":\"https:\\\/\\\/www.meydan.tv\\\/wp-content\\\/uploads\\\/2021\\\/07\\\/meydan-logo.svg\",\"width\":195,\"height\":46,\"caption\":\"Meydan TV\"},\"image\":{\"@id\":\"https:\\\/\\\/www.meydan.tv\\\/az\\\/#\\\/schema\\\/logo\\\/image\\\/\"}},{\"@type\":\"Person\",\"@id\":\"https:\\\/\\\/www.meydan.tv\\\/az\\\/#\\\/schema\\\/person\\\/10d11eccf6da3662cf5fdab9806ea91a\",\"name\":\"user-manager\"}]}<\/script>\n<!-- \/ Yoast SEO plugin. -->","yoast_head_json":{"title":"\u015eantaj v\u0259 sat\u0131nalmalar - MEYDAN.TV","robots":{"index":"index","follow":"follow","max-snippet":"max-snippet:-1","max-image-preview":"max-image-preview:large","max-video-preview":"max-video-preview:-1"},"canonical":"https:\/\/www.meydan.tv\/az\/article\/santaj-ve-satinalmalar\/","og_locale":"az_AZ","og_type":"article","og_title":"\u015eantaj v\u0259 sat\u0131nalmalar - MEYDAN.TV","og_description":"M\u00fcxalif\u0259t, m\u0259tbuat, m\u0259hk\u0259m\u0259l\u0259r...","og_url":"https:\/\/www.meydan.tv\/az\/article\/santaj-ve-satinalmalar\/","og_site_name":"MEYDAN.TV","article_published_time":"2016-03-13T16:16:55+00:00","og_image":[{"width":500,"height":500,"url":"https:\/\/www.meydan.tv\/wp-content\/uploads\/19369.jpg","type":"image\/jpeg"}],"author":"user-manager","twitter_card":"summary_large_image","schema":{"@context":"https:\/\/schema.org","@graph":[{"@type":"Article","@id":"https:\/\/www.meydan.tv\/az\/article\/santaj-ve-satinalmalar\/#article","isPartOf":{"@id":"https:\/\/www.meydan.tv\/az\/article\/santaj-ve-satinalmalar\/"},"author":{"name":"user-manager","@id":"https:\/\/www.meydan.tv\/az\/#\/schema\/person\/10d11eccf6da3662cf5fdab9806ea91a"},"headline":"\u015eantaj v\u0259 sat\u0131nalmalar","datePublished":"2016-03-13T16:16:55+00:00","mainEntityOfPage":{"@id":"https:\/\/www.meydan.tv\/az\/article\/santaj-ve-satinalmalar\/"},"wordCount":2377,"publisher":{"@id":"https:\/\/www.meydan.tv\/az\/#organization"},"image":{"@id":"https:\/\/www.meydan.tv\/az\/article\/santaj-ve-satinalmalar\/#primaryimage"},"thumbnailUrl":"https:\/\/www.meydan.tv\/wp-content\/uploads\/19369.jpg","articleSection":["M\u0259nim Fikrimc\u0259"],"inLanguage":"az"},{"@type":"WebPage","@id":"https:\/\/www.meydan.tv\/az\/article\/santaj-ve-satinalmalar\/","url":"https:\/\/www.meydan.tv\/az\/article\/santaj-ve-satinalmalar\/","name":"\u015eantaj v\u0259 sat\u0131nalmalar - MEYDAN.TV","isPartOf":{"@id":"https:\/\/www.meydan.tv\/az\/#website"},"primaryImageOfPage":{"@id":"https:\/\/www.meydan.tv\/az\/article\/santaj-ve-satinalmalar\/#primaryimage"},"image":{"@id":"https:\/\/www.meydan.tv\/az\/article\/santaj-ve-satinalmalar\/#primaryimage"},"thumbnailUrl":"https:\/\/www.meydan.tv\/wp-content\/uploads\/19369.jpg","datePublished":"2016-03-13T16:16:55+00:00","breadcrumb":{"@id":"https:\/\/www.meydan.tv\/az\/article\/santaj-ve-satinalmalar\/#breadcrumb"},"inLanguage":"az","potentialAction":[{"@type":"ReadAction","target":["https:\/\/www.meydan.tv\/az\/article\/santaj-ve-satinalmalar\/"]}]},{"@type":"ImageObject","inLanguage":"az","@id":"https:\/\/www.meydan.tv\/az\/article\/santaj-ve-satinalmalar\/#primaryimage","url":"https:\/\/www.meydan.tv\/wp-content\/uploads\/19369.jpg","contentUrl":"https:\/\/www.meydan.tv\/wp-content\/uploads\/19369.jpg","width":500,"height":500,"caption":"Source:"},{"@type":"BreadcrumbList","@id":"https:\/\/www.meydan.tv\/az\/article\/santaj-ve-satinalmalar\/#breadcrumb","itemListElement":[{"@type":"ListItem","position":1,"name":"Ana s\u0259hif\u0259","item":"https:\/\/www.meydan.tv\/az\/"},{"@type":"ListItem","position":2,"name":"M\u0259nim Fikrimc\u0259","item":"https:\/\/www.meydan.tv\/az\/section\/menim-fikrimce\/"},{"@type":"ListItem","position":3,"name":"\u015eantaj v\u0259 sat\u0131nalmalar"}]},{"@type":"WebSite","@id":"https:\/\/www.meydan.tv\/az\/#website","url":"https:\/\/www.meydan.tv\/az\/","name":"MEYDAN.TV","description":"Meydan TV Az\u0259rbaycan\u0131n media m\u0259kan\u0131ndak\u0131 alternativ s\u0259sidir","publisher":{"@id":"https:\/\/www.meydan.tv\/az\/#organization"},"potentialAction":[{"@type":"SearchAction","target":{"@type":"EntryPoint","urlTemplate":"https:\/\/www.meydan.tv\/az\/?s={search_term_string}"},"query-input":{"@type":"PropertyValueSpecification","valueRequired":true,"valueName":"search_term_string"}}],"inLanguage":"az"},{"@type":"Organization","@id":"https:\/\/www.meydan.tv\/az\/#organization","name":"Meydan TV","url":"https:\/\/www.meydan.tv\/az\/","logo":{"@type":"ImageObject","inLanguage":"az","@id":"https:\/\/www.meydan.tv\/az\/#\/schema\/logo\/image\/","url":"https:\/\/www.meydan.tv\/wp-content\/uploads\/2021\/07\/meydan-logo.svg","contentUrl":"https:\/\/www.meydan.tv\/wp-content\/uploads\/2021\/07\/meydan-logo.svg","width":195,"height":46,"caption":"Meydan TV"},"image":{"@id":"https:\/\/www.meydan.tv\/az\/#\/schema\/logo\/image\/"}},{"@type":"Person","@id":"https:\/\/www.meydan.tv\/az\/#\/schema\/person\/10d11eccf6da3662cf5fdab9806ea91a","name":"user-manager"}]}},"_links":{"self":[{"href":"https:\/\/www.meydan.tv\/az\/wp-json\/wp\/v2\/posts\/174338","targetHints":{"allow":["GET"]}}],"collection":[{"href":"https:\/\/www.meydan.tv\/az\/wp-json\/wp\/v2\/posts"}],"about":[{"href":"https:\/\/www.meydan.tv\/az\/wp-json\/wp\/v2\/types\/post"}],"author":[{"embeddable":true,"href":"https:\/\/www.meydan.tv\/az\/wp-json\/wp\/v2\/users\/11"}],"replies":[{"embeddable":true,"href":"https:\/\/www.meydan.tv\/az\/wp-json\/wp\/v2\/comments?post=174338"}],"version-history":[{"count":0,"href":"https:\/\/www.meydan.tv\/az\/wp-json\/wp\/v2\/posts\/174338\/revisions"}],"wp:featuredmedia":[{"embeddable":true,"href":"https:\/\/www.meydan.tv\/az\/wp-json\/wp\/v2\/media\/51242"}],"wp:attachment":[{"href":"https:\/\/www.meydan.tv\/az\/wp-json\/wp\/v2\/media?parent=174338"}],"wp:term":[{"taxonomy":"category","embeddable":true,"href":"https:\/\/www.meydan.tv\/az\/wp-json\/wp\/v2\/categories?post=174338"},{"taxonomy":"post_tag","embeddable":true,"href":"https:\/\/www.meydan.tv\/az\/wp-json\/wp\/v2\/tags?post=174338"}],"curies":[{"name":"wp","href":"https:\/\/api.w.org\/{rel}","templated":true}]}}