{"id":174259,"date":"2016-03-09T15:43:32","date_gmt":"2016-03-09T15:43:32","guid":{"rendered":"https:\/\/www.meydan.tv\/article\/bir-gun-sonra-dusunceler\/"},"modified":"2016-03-09T15:43:32","modified_gmt":"2016-03-09T15:43:32","slug":"bir-gun-sonra-dusunceler","status":"publish","type":"post","link":"https:\/\/www.meydan.tv\/az\/article\/bir-gun-sonra-dusunceler\/","title":{"rendered":"Bir g\u00fcn sonra d\u00fc\u015f\u00fcnc\u0259l\u0259r"},"content":{"rendered":"<figure class=\"wp-block-image size-large\">\n  <img decoding=\"async\" src=\"https:\/\/www.meydan.tv\/az\/51064\/\" alt=\"\" class=\"wp-image-51064\"\/><figcaption><\/figcaption><\/figure>\n<figure class=\"wp-block-image size-large\">\n  <img decoding=\"async\" src=\"https:\/\/www.meydan.tv\/az\/51070\/\" alt=\"\" class=\"wp-image-51070\"\/><figcaption><\/figcaption><\/figure>\n<p>\n  S\u0259h\u0259r-s\u0259h\u0259r oxudu\u011fum \u201carzu edir\u0259m ki, he\u00e7 bir qad\u0131n: \u201cKa\u015f, ki\u015fi do\u011fulayd\u0131m\u201d dem\u0259sin!\u201d c\u00fcml\u0259si m\u0259ni tutdu. El\u0259 pis tutdu ki, bu yaz\u0131n\u0131 yazma\u011fa q\u0259rar verdim. \u201cKa\u015f, ki\u015fi do\u011fulayd\u0131m!\u201d. Bu c\u00fcml\u0259nin arxas\u0131nda n\u0259 q\u0259d\u0259r a\u011fr\u0131, g\u00f6z ya\u015f\u0131 var, bir allah bilir&#8230;\n<\/p>\n<p>\n  Qad\u0131n haqlar\u0131 u\u011frunda sava\u015f\u0131n simvolu kimi meydana g\u0259l\u0259n 8 Mart \u00dcmumd\u00fcnya Qad\u0131nlar G\u00fcn\u00fc&#8230; Tarix yax\u0131nla\u015fma\u011fa ba\u015flayanda, g\u00fcnl\u0259rl\u0259 h\u0259m sosial \u015f\u0259b\u0259k\u0259l\u0259rd\u0259, h\u0259m d\u0259 c\u0259miyy\u0259td\u0259 yar\u0131zarafat-yar\u0131ciddi \u201c8 Mart &#8211; h\u0259diyy\u0259\u201d assosasiyas\u0131 g\u00f6r\u00fcr\u00fck. \u0130yirmi birinci \u0259srd\u0259 h\u0259l\u0259 d\u0259 &#8220;qad\u0131n da ki\u015fi il\u0259 b\u0259rab\u0259rh\u00fcquqlu insand\u0131r&#8221; davas\u0131 aparma\u011fa m\u0259cbur qalmaq n\u0259 q\u0259d\u0259r g\u00fclm\u0259lidis\u0259, qad\u0131nlar\u0131n bu g\u00fcn\u00fc h\u0259diyy\u0259 bayram\u0131 kimi g\u00f6rm\u0259si d\u0259, o q\u0259d\u0259r d\u0259h\u015f\u0259tlidir.\n<\/p>\n<p>\n  H\u0259r 8 Martda n\u0259 q\u0259d\u0259r q\u0131z g\u00f6r\u00fcr\u00fck, \u0259lind\u0259 g\u00fcl, yan\u0131ndak\u0131 o\u011flan \u00fcst\u00fcn\u0259 q\u0131\u015fq\u0131r\u0131r, k\u00fc\u00e7\u0259d\u0259 \u015fill\u0259 vurur, qolunu dart\u0131r. Q\u0131z da sanki bel\u0259 olmal\u0131ym\u0131\u015f kimi davran\u0131r. \u018fn &#8220;\u0259ziz&#8221; g\u00fcn\u00fcnd\u0259 onu t\u0259hqir ed\u0259n adama cavab ver\u0259, h\u0259diyy\u0259ni \u00fcst\u00fcn\u0259 tullay\u0131b, ged\u0259 bilmir.\n<\/p>\n<p>\n  Halbuki, qad\u0131nlar\u0131n \u0259zilm\u0259sin\u0259 \u015f\u0259xsi n\u00fcmun\u0259 il\u0259 bel\u0259 t\u00f6hf\u0259 verm\u0259k olmaz. Bu q\u0259d\u0259r inki\u015faf etmi\u015f d\u00fcnyada y\u00fczill\u0259rdir boynuna as\u0131lm\u0131\u015f z\u0259ncirl\u0259 bar\u0131\u015fmaq olmaz. F\u0259rqi yoxdur, s\u00f6hb\u0259t siyasi sferadan gedir, ictimai sferadan, yoxsa m\u0259i\u015f\u0259t s\u0259viyy\u0259sind\u0259n. M\u0259n\u0259 el\u0259 g\u0259lir ki, \u00f6lk\u0259nin az-\u00e7ox inki\u015faf ed\u0259 bilmi\u015f, buna f\u00fcrs\u0259ti olmu\u015f bir xan\u0131m olaraq, bu m\u0259qamda \u00f6lk\u0259min qad\u0131nlar\u0131na bir ne\u00e7\u0259 k\u0259lm\u0259 dem\u0259k boynumun borcudur.\n<\/p>\n<p>\n  \u018fziz xan\u0131mlar!\n<\/p>\n<p>\n  B\u0259lk\u0259 fikir verm\u0259misiz, amma biz, h\u0259yatda ya\u015fad\u0131\u011f\u0131m\u0131z probleml\u0259rin yar\u0131dan \u00e7oxunu qad\u0131n oldu\u011fumuza, cinsimiz\u0259 g\u00f6r\u0259 ya\u015fay\u0131r\u0131q. G\u0259lin, etiraf etm\u0259kd\u0259n qorxmayaq, bir problemi m\u0259hz hans\u0131sa cinsd\u0259n, irqd\u0259n, sosial statusdan v\u0259 s. oldu\u011fun \u00fc\u00e7\u00fcn ya\u015fay\u0131rsansa, dem\u0259li, \u00fcmumiyy\u0259tl\u0259ortada problem yoxdur. Bu g\u00fcn ta u\u015faql\u0131qdan c\u0259miyy\u0259t t\u0259r\u0259find\u0259n h\u0259rt\u0259r\u0259fli s\u0131x\u0131\u015fd\u0131r\u0131lan, kompleks\u0259 sal\u0131nan qad\u0131nlara \u0259n b\u00f6y\u00fck t\u00f6vsiyy\u0259m, g\u00fcc qar\u015f\u0131s\u0131nda m\u0259\u011flub olmamalar\u0131d\u0131r. Daha \u00f6n\u0259mlisi, bununla bar\u0131\u015fmamalar\u0131d\u0131r.\n<\/p>\n<p>\n  Xaricd\u0259 oxumaq ist\u0259yirsinizs\u0259, oxuyun! Geyinm\u0259k ist\u0259diyinizi geyinin! Sevi\u015fm\u0259k ist\u0259yirsinizs\u0259, sevi\u015fin! Eyn\u0259n ki\u015fil\u0259rin bunlar\u0131 rahat \u015f\u0259kild\u0259 icra ed\u0259 bildiyi kimi. Haqlar\u0131n\u0131z\u0131 he\u00e7 kim siz\u0259 haz\u0131r xon\u00e7ada verm\u0259y\u0259c\u0259k. Ya alacaqs\u0131n\u0131z, ya da ba\u015fqas\u0131n\u0131n sizin yeriniz\u0259 nec\u0259 ya\u015fayaca\u011f\u0131n\u0131z\u0131 se\u00e7m\u0259sin\u0259 icaz\u0259 ver\u0259c\u0259ksiniz. Bax, bundan oddan qorxan kimi qorxmaq laz\u0131md\u0131r.\n<\/p>\n<p>\n  Unutmay\u0131n, yenilik he\u00e7 vaxt \u0259ziyy\u0259tsiz g\u0259lm\u0259yib. Dantenin &#8220;\u0130lahi Komediya&#8221;s\u0131nda olan kimi, boynu arxaya do\u011fru bit\u0259n adamlar h\u0259mi\u015f\u0259 olacaq. Onlar sizi t\u0259hqir ed\u0259c\u0259kl\u0259r, la\u011fa qoyacaqlar, h\u0259r \u00fcsulla al\u00e7altma\u011fa \u00e7al\u0131\u015facaqlar, \u00e7\u00fcnki ya art\u0131q m\u0259\u011flub olublar, ya da sizi \u00f6zl\u0259rin\u0259 haz\u0131r \u015f\u0259kild\u0259 \u00f6t\u00fcr\u00fclm\u00fc\u015f avtoritet\u0259 t\u0259hl\u00fck\u0259 kimi g\u00f6r\u00fcrl\u0259r. H\u0259r\u0259ki olaraq bir m\u00fcdd\u0259tlik dayanmaq olar, amma beyind\u0259 t\u0259slim oldunsa, v\u0259ssalam, bitdin. Ondan sonra g\u0259lir kompleks\u0259 d\u00fc\u015fm\u0259k v\u0259 m\u00fchafiz\u0259karl\u0131q.\n<\/p>\n<p>\n  200 il \u0259vv\u0259l ulu n\u0259n\u0259nizi nec\u0259 \u0259zibl\u0259rs\u0259, sizi d\u0259 el\u0259 \u0259z\u0259c\u0259kl\u0259r. \u00d6zg\u00fcv\u0259ninizi yerl\u0259-yeksan ed\u0259c\u0259kl\u0259r. Sonra da ba\u015flayacaqs\u0131n\u0131z az-\u00e7ox s\u0259rb\u0259st g\u00f6rd\u00fcy\u00fcn\u00fcz qad\u0131nlar\u0131 t\u0259hqir etm\u0259y\u0259. Bir g\u00fcn \u00f6z\u00fcn\u00fcz\u00fc kim\u0259s\u0259: \u201cSevgilisi yax\u015f\u0131 edib, \u00f6ld\u00fcr\u00fcb\u201d dey\u0259n yerd\u0259 d\u0259 g\u00f6r\u0259 bil\u0259c\u0259ksiniz.\n<\/p>\n<p>\n  M\u00fchafiz\u0259karlar\u0131n siz\u0259 t\u0259qdim etdikl\u0259ri il\u0259 raz\u0131la\u015fmay\u0131n, m\u0259\u011flub olmu\u015flara v\u0259 f\u00fcrs\u0259tcill\u0259r\u0259 ox\u015famay\u0131n. G\u00fccl\u00fc olun v\u0259 h\u0259r \u015feyin \u0259n yax\u015f\u0131s\u0131n\u0131 al\u0131n. \u018fn pis ehtimalda, ideya icra\u00e7\u0131s\u0131 ola bilm\u0259s\u0259niz d\u0259, ideya da\u015f\u0131y\u0131c\u0131s\u0131 olun.\n<\/p>\n<p>\n  T\u0259slim olmaq olmaz!\n<\/p>\n<p>\n  Dir\u0259ni\u015f bayram\u0131m\u0131z m\u00fcbar\u0259k!\n<\/p>\n<p>\n  <b><br \/>\n    Yaz\u0131 m\u00fc\u0259llifin \u015f\u0259xsi m\u00f6vqeyini \u0259ks etdirir&#8230;<br \/>\n  <\/b><\/p>\n","protected":false},"excerpt":{"rendered":"<p>&#8220;Qad\u0131n dir\u0259ni\u015fi&#8221; bayram\u0131m\u0131z&#8230;<\/p>\n","protected":false},"author":11,"featured_media":51064,"comment_status":"closed","ping_status":"open","sticky":false,"template":"","format":"standard","meta":{"_acf_changed":false,"_sitemap_exclude":false,"_sitemap_priority":"","_sitemap_frequency":"","footnotes":""},"categories":[57],"tags":[],"class_list":["post-174259","post","type-post","status-publish","format-standard","has-post-thumbnail","hentry","category-menim-fikrimce","infinite-scroll-item","generate-columns","tablet-grid-50","mobile-grid-100","grid-parent","grid-33","no-featured-image-padding"],"acf":[],"yoast_head":"<!-- This site is optimized with the Yoast SEO plugin v27.5 - https:\/\/yoast.com\/product\/yoast-seo-wordpress\/ -->\n<title>Bir g\u00fcn sonra d\u00fc\u015f\u00fcnc\u0259l\u0259r - MEYDAN.TV<\/title>\n<meta name=\"robots\" content=\"index, follow, max-snippet:-1, max-image-preview:large, max-video-preview:-1\" \/>\n<link rel=\"canonical\" href=\"https:\/\/www.meydan.tv\/az\/article\/bir-gun-sonra-dusunceler\/\" \/>\n<meta property=\"og:locale\" content=\"az_AZ\" \/>\n<meta property=\"og:type\" content=\"article\" \/>\n<meta property=\"og:title\" content=\"Bir g\u00fcn sonra d\u00fc\u015f\u00fcnc\u0259l\u0259r - MEYDAN.TV\" \/>\n<meta property=\"og:description\" content=\"&quot;Qad\u0131n dir\u0259ni\u015fi&quot; bayram\u0131m\u0131z...\" \/>\n<meta property=\"og:url\" content=\"https:\/\/www.meydan.tv\/az\/article\/bir-gun-sonra-dusunceler\/\" \/>\n<meta property=\"og:site_name\" content=\"MEYDAN.TV\" \/>\n<meta property=\"article:published_time\" content=\"2016-03-09T15:43:32+00:00\" \/>\n<meta property=\"og:image\" content=\"https:\/\/www.meydan.tv\/wp-content\/uploads\/19244.jpg\" \/>\n\t<meta property=\"og:image:width\" content=\"400\" \/>\n\t<meta property=\"og:image:height\" content=\"400\" \/>\n\t<meta property=\"og:image:type\" content=\"image\/jpeg\" \/>\n<meta name=\"author\" content=\"user-manager\" \/>\n<meta name=\"twitter:card\" content=\"summary_large_image\" \/>\n<script type=\"application\/ld+json\" class=\"yoast-schema-graph\">{\"@context\":\"https:\\\/\\\/schema.org\",\"@graph\":[{\"@type\":\"Article\",\"@id\":\"https:\\\/\\\/www.meydan.tv\\\/az\\\/article\\\/bir-gun-sonra-dusunceler\\\/#article\",\"isPartOf\":{\"@id\":\"https:\\\/\\\/www.meydan.tv\\\/az\\\/article\\\/bir-gun-sonra-dusunceler\\\/\"},\"author\":{\"name\":\"user-manager\",\"@id\":\"https:\\\/\\\/www.meydan.tv\\\/az\\\/#\\\/schema\\\/person\\\/10d11eccf6da3662cf5fdab9806ea91a\"},\"headline\":\"Bir g\u00fcn sonra d\u00fc\u015f\u00fcnc\u0259l\u0259r\",\"datePublished\":\"2016-03-09T15:43:32+00:00\",\"mainEntityOfPage\":{\"@id\":\"https:\\\/\\\/www.meydan.tv\\\/az\\\/article\\\/bir-gun-sonra-dusunceler\\\/\"},\"wordCount\":786,\"publisher\":{\"@id\":\"https:\\\/\\\/www.meydan.tv\\\/az\\\/#organization\"},\"image\":{\"@id\":\"https:\\\/\\\/www.meydan.tv\\\/az\\\/article\\\/bir-gun-sonra-dusunceler\\\/#primaryimage\"},\"thumbnailUrl\":\"https:\\\/\\\/www.meydan.tv\\\/wp-content\\\/uploads\\\/19244.jpg\",\"articleSection\":[\"M\u0259nim Fikrimc\u0259\"],\"inLanguage\":\"az\"},{\"@type\":\"WebPage\",\"@id\":\"https:\\\/\\\/www.meydan.tv\\\/az\\\/article\\\/bir-gun-sonra-dusunceler\\\/\",\"url\":\"https:\\\/\\\/www.meydan.tv\\\/az\\\/article\\\/bir-gun-sonra-dusunceler\\\/\",\"name\":\"Bir g\u00fcn sonra d\u00fc\u015f\u00fcnc\u0259l\u0259r - MEYDAN.TV\",\"isPartOf\":{\"@id\":\"https:\\\/\\\/www.meydan.tv\\\/az\\\/#website\"},\"primaryImageOfPage\":{\"@id\":\"https:\\\/\\\/www.meydan.tv\\\/az\\\/article\\\/bir-gun-sonra-dusunceler\\\/#primaryimage\"},\"image\":{\"@id\":\"https:\\\/\\\/www.meydan.tv\\\/az\\\/article\\\/bir-gun-sonra-dusunceler\\\/#primaryimage\"},\"thumbnailUrl\":\"https:\\\/\\\/www.meydan.tv\\\/wp-content\\\/uploads\\\/19244.jpg\",\"datePublished\":\"2016-03-09T15:43:32+00:00\",\"breadcrumb\":{\"@id\":\"https:\\\/\\\/www.meydan.tv\\\/az\\\/article\\\/bir-gun-sonra-dusunceler\\\/#breadcrumb\"},\"inLanguage\":\"az\",\"potentialAction\":[{\"@type\":\"ReadAction\",\"target\":[\"https:\\\/\\\/www.meydan.tv\\\/az\\\/article\\\/bir-gun-sonra-dusunceler\\\/\"]}]},{\"@type\":\"ImageObject\",\"inLanguage\":\"az\",\"@id\":\"https:\\\/\\\/www.meydan.tv\\\/az\\\/article\\\/bir-gun-sonra-dusunceler\\\/#primaryimage\",\"url\":\"https:\\\/\\\/www.meydan.tv\\\/wp-content\\\/uploads\\\/19244.jpg\",\"contentUrl\":\"https:\\\/\\\/www.meydan.tv\\\/wp-content\\\/uploads\\\/19244.jpg\",\"width\":400,\"height\":400,\"caption\":\"Source:\"},{\"@type\":\"BreadcrumbList\",\"@id\":\"https:\\\/\\\/www.meydan.tv\\\/az\\\/article\\\/bir-gun-sonra-dusunceler\\\/#breadcrumb\",\"itemListElement\":[{\"@type\":\"ListItem\",\"position\":1,\"name\":\"Ana s\u0259hif\u0259\",\"item\":\"https:\\\/\\\/www.meydan.tv\\\/az\\\/\"},{\"@type\":\"ListItem\",\"position\":2,\"name\":\"M\u0259nim Fikrimc\u0259\",\"item\":\"https:\\\/\\\/www.meydan.tv\\\/az\\\/section\\\/menim-fikrimce\\\/\"},{\"@type\":\"ListItem\",\"position\":3,\"name\":\"Bir g\u00fcn sonra d\u00fc\u015f\u00fcnc\u0259l\u0259r\"}]},{\"@type\":\"WebSite\",\"@id\":\"https:\\\/\\\/www.meydan.tv\\\/az\\\/#website\",\"url\":\"https:\\\/\\\/www.meydan.tv\\\/az\\\/\",\"name\":\"MEYDAN.TV\",\"description\":\"Meydan TV Az\u0259rbaycan\u0131n media m\u0259kan\u0131ndak\u0131 alternativ s\u0259sidir\",\"publisher\":{\"@id\":\"https:\\\/\\\/www.meydan.tv\\\/az\\\/#organization\"},\"potentialAction\":[{\"@type\":\"SearchAction\",\"target\":{\"@type\":\"EntryPoint\",\"urlTemplate\":\"https:\\\/\\\/www.meydan.tv\\\/az\\\/?s={search_term_string}\"},\"query-input\":{\"@type\":\"PropertyValueSpecification\",\"valueRequired\":true,\"valueName\":\"search_term_string\"}}],\"inLanguage\":\"az\"},{\"@type\":\"Organization\",\"@id\":\"https:\\\/\\\/www.meydan.tv\\\/az\\\/#organization\",\"name\":\"Meydan TV\",\"url\":\"https:\\\/\\\/www.meydan.tv\\\/az\\\/\",\"logo\":{\"@type\":\"ImageObject\",\"inLanguage\":\"az\",\"@id\":\"https:\\\/\\\/www.meydan.tv\\\/az\\\/#\\\/schema\\\/logo\\\/image\\\/\",\"url\":\"https:\\\/\\\/www.meydan.tv\\\/wp-content\\\/uploads\\\/2021\\\/07\\\/meydan-logo.svg\",\"contentUrl\":\"https:\\\/\\\/www.meydan.tv\\\/wp-content\\\/uploads\\\/2021\\\/07\\\/meydan-logo.svg\",\"width\":195,\"height\":46,\"caption\":\"Meydan TV\"},\"image\":{\"@id\":\"https:\\\/\\\/www.meydan.tv\\\/az\\\/#\\\/schema\\\/logo\\\/image\\\/\"}},{\"@type\":\"Person\",\"@id\":\"https:\\\/\\\/www.meydan.tv\\\/az\\\/#\\\/schema\\\/person\\\/10d11eccf6da3662cf5fdab9806ea91a\",\"name\":\"user-manager\"}]}<\/script>\n<!-- \/ Yoast SEO plugin. -->","yoast_head_json":{"title":"Bir g\u00fcn sonra d\u00fc\u015f\u00fcnc\u0259l\u0259r - MEYDAN.TV","robots":{"index":"index","follow":"follow","max-snippet":"max-snippet:-1","max-image-preview":"max-image-preview:large","max-video-preview":"max-video-preview:-1"},"canonical":"https:\/\/www.meydan.tv\/az\/article\/bir-gun-sonra-dusunceler\/","og_locale":"az_AZ","og_type":"article","og_title":"Bir g\u00fcn sonra d\u00fc\u015f\u00fcnc\u0259l\u0259r - MEYDAN.TV","og_description":"\"Qad\u0131n dir\u0259ni\u015fi\" bayram\u0131m\u0131z...","og_url":"https:\/\/www.meydan.tv\/az\/article\/bir-gun-sonra-dusunceler\/","og_site_name":"MEYDAN.TV","article_published_time":"2016-03-09T15:43:32+00:00","og_image":[{"width":400,"height":400,"url":"https:\/\/www.meydan.tv\/wp-content\/uploads\/19244.jpg","type":"image\/jpeg"}],"author":"user-manager","twitter_card":"summary_large_image","schema":{"@context":"https:\/\/schema.org","@graph":[{"@type":"Article","@id":"https:\/\/www.meydan.tv\/az\/article\/bir-gun-sonra-dusunceler\/#article","isPartOf":{"@id":"https:\/\/www.meydan.tv\/az\/article\/bir-gun-sonra-dusunceler\/"},"author":{"name":"user-manager","@id":"https:\/\/www.meydan.tv\/az\/#\/schema\/person\/10d11eccf6da3662cf5fdab9806ea91a"},"headline":"Bir g\u00fcn sonra d\u00fc\u015f\u00fcnc\u0259l\u0259r","datePublished":"2016-03-09T15:43:32+00:00","mainEntityOfPage":{"@id":"https:\/\/www.meydan.tv\/az\/article\/bir-gun-sonra-dusunceler\/"},"wordCount":786,"publisher":{"@id":"https:\/\/www.meydan.tv\/az\/#organization"},"image":{"@id":"https:\/\/www.meydan.tv\/az\/article\/bir-gun-sonra-dusunceler\/#primaryimage"},"thumbnailUrl":"https:\/\/www.meydan.tv\/wp-content\/uploads\/19244.jpg","articleSection":["M\u0259nim Fikrimc\u0259"],"inLanguage":"az"},{"@type":"WebPage","@id":"https:\/\/www.meydan.tv\/az\/article\/bir-gun-sonra-dusunceler\/","url":"https:\/\/www.meydan.tv\/az\/article\/bir-gun-sonra-dusunceler\/","name":"Bir g\u00fcn sonra d\u00fc\u015f\u00fcnc\u0259l\u0259r - MEYDAN.TV","isPartOf":{"@id":"https:\/\/www.meydan.tv\/az\/#website"},"primaryImageOfPage":{"@id":"https:\/\/www.meydan.tv\/az\/article\/bir-gun-sonra-dusunceler\/#primaryimage"},"image":{"@id":"https:\/\/www.meydan.tv\/az\/article\/bir-gun-sonra-dusunceler\/#primaryimage"},"thumbnailUrl":"https:\/\/www.meydan.tv\/wp-content\/uploads\/19244.jpg","datePublished":"2016-03-09T15:43:32+00:00","breadcrumb":{"@id":"https:\/\/www.meydan.tv\/az\/article\/bir-gun-sonra-dusunceler\/#breadcrumb"},"inLanguage":"az","potentialAction":[{"@type":"ReadAction","target":["https:\/\/www.meydan.tv\/az\/article\/bir-gun-sonra-dusunceler\/"]}]},{"@type":"ImageObject","inLanguage":"az","@id":"https:\/\/www.meydan.tv\/az\/article\/bir-gun-sonra-dusunceler\/#primaryimage","url":"https:\/\/www.meydan.tv\/wp-content\/uploads\/19244.jpg","contentUrl":"https:\/\/www.meydan.tv\/wp-content\/uploads\/19244.jpg","width":400,"height":400,"caption":"Source:"},{"@type":"BreadcrumbList","@id":"https:\/\/www.meydan.tv\/az\/article\/bir-gun-sonra-dusunceler\/#breadcrumb","itemListElement":[{"@type":"ListItem","position":1,"name":"Ana s\u0259hif\u0259","item":"https:\/\/www.meydan.tv\/az\/"},{"@type":"ListItem","position":2,"name":"M\u0259nim Fikrimc\u0259","item":"https:\/\/www.meydan.tv\/az\/section\/menim-fikrimce\/"},{"@type":"ListItem","position":3,"name":"Bir g\u00fcn sonra d\u00fc\u015f\u00fcnc\u0259l\u0259r"}]},{"@type":"WebSite","@id":"https:\/\/www.meydan.tv\/az\/#website","url":"https:\/\/www.meydan.tv\/az\/","name":"MEYDAN.TV","description":"Meydan TV Az\u0259rbaycan\u0131n media m\u0259kan\u0131ndak\u0131 alternativ s\u0259sidir","publisher":{"@id":"https:\/\/www.meydan.tv\/az\/#organization"},"potentialAction":[{"@type":"SearchAction","target":{"@type":"EntryPoint","urlTemplate":"https:\/\/www.meydan.tv\/az\/?s={search_term_string}"},"query-input":{"@type":"PropertyValueSpecification","valueRequired":true,"valueName":"search_term_string"}}],"inLanguage":"az"},{"@type":"Organization","@id":"https:\/\/www.meydan.tv\/az\/#organization","name":"Meydan TV","url":"https:\/\/www.meydan.tv\/az\/","logo":{"@type":"ImageObject","inLanguage":"az","@id":"https:\/\/www.meydan.tv\/az\/#\/schema\/logo\/image\/","url":"https:\/\/www.meydan.tv\/wp-content\/uploads\/2021\/07\/meydan-logo.svg","contentUrl":"https:\/\/www.meydan.tv\/wp-content\/uploads\/2021\/07\/meydan-logo.svg","width":195,"height":46,"caption":"Meydan TV"},"image":{"@id":"https:\/\/www.meydan.tv\/az\/#\/schema\/logo\/image\/"}},{"@type":"Person","@id":"https:\/\/www.meydan.tv\/az\/#\/schema\/person\/10d11eccf6da3662cf5fdab9806ea91a","name":"user-manager"}]}},"_links":{"self":[{"href":"https:\/\/www.meydan.tv\/az\/wp-json\/wp\/v2\/posts\/174259","targetHints":{"allow":["GET"]}}],"collection":[{"href":"https:\/\/www.meydan.tv\/az\/wp-json\/wp\/v2\/posts"}],"about":[{"href":"https:\/\/www.meydan.tv\/az\/wp-json\/wp\/v2\/types\/post"}],"author":[{"embeddable":true,"href":"https:\/\/www.meydan.tv\/az\/wp-json\/wp\/v2\/users\/11"}],"replies":[{"embeddable":true,"href":"https:\/\/www.meydan.tv\/az\/wp-json\/wp\/v2\/comments?post=174259"}],"version-history":[{"count":0,"href":"https:\/\/www.meydan.tv\/az\/wp-json\/wp\/v2\/posts\/174259\/revisions"}],"wp:featuredmedia":[{"embeddable":true,"href":"https:\/\/www.meydan.tv\/az\/wp-json\/wp\/v2\/media\/51064"}],"wp:attachment":[{"href":"https:\/\/www.meydan.tv\/az\/wp-json\/wp\/v2\/media?parent=174259"}],"wp:term":[{"taxonomy":"category","embeddable":true,"href":"https:\/\/www.meydan.tv\/az\/wp-json\/wp\/v2\/categories?post=174259"},{"taxonomy":"post_tag","embeddable":true,"href":"https:\/\/www.meydan.tv\/az\/wp-json\/wp\/v2\/tags?post=174259"}],"curies":[{"name":"wp","href":"https:\/\/api.w.org\/{rel}","templated":true}]}}