{"id":174249,"date":"2016-03-08T22:12:03","date_gmt":"2016-03-08T22:12:03","guid":{"rendered":"https:\/\/www.meydan.tv\/article\/vetendas-nece-ictimai-polis-oldu\/"},"modified":"2016-03-08T22:12:03","modified_gmt":"2016-03-08T22:12:03","slug":"vetendas-nece-ictimai-polis-oldu","status":"publish","type":"post","link":"https:\/\/www.meydan.tv\/az\/article\/vetendas-nece-ictimai-polis-oldu\/","title":{"rendered":"V\u0259t\u0259nda\u015f nec\u0259 \u201cictimai polis\u201d oldu&#8230;"},"content":{"rendered":"<figure class=\"wp-block-image size-large\">\n  <img decoding=\"async\" src=\"https:\/\/www.meydan.tv\/az\/50344\/\" alt=\"\" class=\"wp-image-50344\"\/><figcaption><\/figcaption><\/figure>\n<figure class=\"wp-block-image size-large\">\n  <img decoding=\"async\" src=\"https:\/\/www.meydan.tv\/az\/50353\/\" alt=\"\" class=\"wp-image-50353\"\/><figcaption><\/figcaption><\/figure>\n<p>\n  H\u0259l\u0259 bu \u201cictimai polis\u201d m\u0259s\u0259l\u0259si ortaya \u00e7\u0131xmam\u0131\u015f, yax\u0131n bir dostla g\u00f6r\u00fc\u015f\u00fcb, s\u00f6hb\u0259t edirdik. Qarda\u015f \u00fc\u00e7 il\u0259 yax\u0131nd\u0131r, d\u00f6vl\u0259tin g\u00fcc nazirlikl\u0259rind\u0259n birind\u0259, orta t\u0259b\u0259q\u0259li m\u0259murdur. Q\u0131sas\u0131, h\u00f6kum\u0259tin qullu\u011fundad\u0131r.\n<\/p>\n<p>\n  Dem\u0259li, bu yolda\u015f n\u0259ql etdi ki, h\u0259r g\u00fcn i\u015fd\u0259 kabinetinin qap\u0131s\u0131 arxas\u0131nda ortabab t\u0131xac olur. Qap\u0131 \u00f6n\u00fcnd\u0259 topla\u015fan insanlar\u0131n \u00e7oxusu s\u0259n\u0259d, ka\u011f\u0131z, aray\u0131\u015f \u00fc\u00e7\u00fcn g\u0259lirs\u0259, qalanlar\u0131 ota\u011fa ke\u00e7ib \u201ci\u015fver\u0259n\u201d olmaq ist\u0259dikl\u0259rini s\u00f6yl\u0259yirl\u0259r. Ki\u015fi, qad\u0131n, cavan, qoca ota\u011fa ke\u00e7ib deyirl\u0259r ki, pul ver \u201ctorba tikim\u201d, pul ver \u00fcz\u0259 durum, pul ver satq\u0131nl\u0131q edim, pul ver \u201ci\u015fver\u0259n\u201d olum.\n<\/p>\n<p>\n  T\u0259\u0259cc\u00fcb edib, soru\u015fdum:\n<\/p>\n<p>\n  &#8211; Onlar\u0131 kims\u0259 bunu dem\u0259y\u0259 vadar edir?\n<\/p>\n<p>\n  Qarda\u015f dedi:\n<\/p>\n<p>\n  &#8211; Yox, n\u0259 dan\u0131\u015f\u0131rsan? He\u00e7 onlar\u0131 tan\u0131yan yoxdur. Sad\u0259c\u0259 g\u0259lib deyirl\u0259r ki, pulumuzu verin, \u0259v\u0259zind\u0259 n\u0259 deyirsiniz, \u0259limizd\u0259n g\u0259lir. \u00d6z\u00fc d\u0259 bir deyil, iki deyil, \u0259m\u0259lli-ba\u015fl\u0131 \u201ci\u015fver\u0259n\u201d s\u0131ras\u0131 y\u0131\u011f\u0131l\u0131r.\n<\/p>\n<p>\n  Ad\u0259t\u0259n bina evl\u0259rind\u0259, h\u0259r h\u0259y\u0259tin \u00f6z \u201cictimai polis\u201d-i olur. Bina evind\u0259 ya\u015fayan oxucular bunu yax\u015f\u0131 bil\u0259r. \u00d6z\u00fc d\u0259 n\u0259d\u0259ns\u0259, bu insan \u0259ks\u0259r hallarda binan\u0131n birinci m\u0259rt\u0259b\u0259sind\u0259 ya\u015fay\u0131r. B\u00fct\u00fcn g\u00fcn\u00fc p\u0259nc\u0259r\u0259 qar\u015f\u0131s\u0131nda oturub, s\u00fcbh ert\u0259d\u0259n d\u00fcz ax\u015fama q\u0259d\u0259r m\u0259h\u0259ll\u0259 camaat\u0131n\u0131 g\u00fcd\u00fcr. Kim g\u0259ldi, n\u0259 g\u0259tirdi, hara apard\u0131, kiml\u0259 getdi? Bu qon\u015funun bir n\u00f6mr\u0259li v\u0259zif\u0259si, h\u0259yat m\u0259suliyy\u0259ti, \u00f6mr\u00fcn\u00fcn m\u0259nas\u0131, ya\u015fay\u0131\u015f\u0131n\u0131n anlam\u0131 &#8211; i\u015fver\u0259nlikdir.\n<\/p>\n<p>\n  Pe\u015fmansan, evi t\u0259mir etm\u0259y\u0259. Usta g\u0259lm\u0259mi\u015f, ev\u0259 sah\u0259 r\u0259isi g\u0259lir. Ard\u0131nca K\u0130X-nin n\u00fcmay\u0259nd\u0259si. Soru\u015fursan, m\u0259lumat haradan g\u0259lib, ikisi d\u0259 bir a\u011f\u0131zdan deyirl\u0259r ki, filan adamdan. S\u0259nin i\u015fver\u0259n qon\u015fundan&#8230;\n<\/p>\n<p>\n  H\u0259min i\u015fver\u0259n sakind\u0259n ham\u0131 \u00e7\u0259kinir. H\u0259l\u0259 b\u0259zi qon\u015fular, bu i\u015fver\u0259n\u0259 h\u00f6rm\u0259tl\u0259, \u0259d\u0259b-\u0259rkanla \u201csalam-sa\u011fol\u201d edirl\u0259r. \u0130\u015fver\u0259n qon\u015fu da yeri g\u0259ldi, g\u0259lm\u0259di, ham\u0131n\u0131 polisl\u0259 h\u0259d\u0259l\u0259yir: \u201cBalkonumun alt\u0131nda durmay\u0131n, s\u0259s salmay\u0131n, dan\u0131\u015fmay\u0131n, siqaret \u00e7\u0259km\u0259yin, sizi tutduraram! Ba\u015f\u0131ma su ax\u0131tmay\u0131n, eyvandan paltar asmay\u0131n, sizi polis\u0259 ver\u0259r\u0259m!\u201d&#8230;\n<\/p>\n<p>\n  Camaat\u0131m\u0131z da ba\u015f\u0131n a\u015fa\u011f\u0131 sal\u0131b, onu yola verir. \u00d6vlada, dosta, yolda\u015fa deyirl\u0259r ki, fikir verm\u0259yin, xata adamd\u0131r, \u015f\u0259rdir, m\u0259rdimazard\u0131r, polis\u0259 i\u015fl\u0259yir.\n<\/p>\n<p>\n  Bu g\u00fcnl\u0259rd\u0259 m\u0259lum oldu ki, art\u0131q v\u0259t\u0259nda\u015flar\u0131m\u0131z leqal olaraq polis\u0259 ictimai asayi\u015fin qorunmas\u0131nda yard\u0131m\u00e7\u0131 olacaqlar. Laz\u0131m olsa, m\u00fckafat da alacaqlar.\n<\/p>\n<p>\n  \u018fslind\u0259 bu c\u00fcr siyasi gedi\u015fl\u0259r, \u201cictimai polis\u201d anlam\u0131 bineyi-q\u0259dimd\u0259n m\u00f6vcud olub. Az\u0259rbaycan bu m\u0259s\u0259l\u0259d\u0259 n\u0259 birinci, n\u0259 d\u0259 sonuncudur. Totalitar, avtoritar \u00f6lk\u0259l\u0259rd\u0259 bu gedi\u015fl\u0259r vacibdir. \u00c7\u00fcnki, d\u0259y\u0259n\u0259yin g\u00fcc\u00fcn\u0259 idar\u0259 olunan \u00f6lk\u0259l\u0259rd\u0259, zaman-zaman d\u0259y\u0259n\u0259yi tutan \u0259l yoruldu\u011fu t\u0259qdird\u0259, d\u0259yi\u015film\u0259lidir. \u00d6lk\u0259d\u0259 \u201cd\u0259y\u0259n\u0259k kultu\u201d olmal\u0131d\u0131r. D\u0259y\u0259n\u0259y\u0259 \u0259ll\u0259r uzanmal\u0131d\u0131r. D\u0259y\u0259n\u0259y\u0259 ibad\u0259t olunmal\u0131d\u0131r.\n<\/p>\n<p>\n  B\u0259s c\u0259miyy\u0259t bundan xeyir g\u00f6r\u0259c\u0259kmi? Bu, ayr\u0131 m\u00f6vzudur. G\u0259lin, q\u0131saca tarix\u0259 n\u0259z\u0259r salaq.\n<\/p>\n<p>\n  \u00c7ar Rusiyas\u0131 d\u00f6vr\u00fcnd\u0259 \u201coxranka\u201d adl\u0131 gizli qurum var idi. Stalin \u00f6z\u00fc bu qurumun \u00fczv\u00fc olmu\u015fdu. T\u0259kc\u0259 Birinci D\u00fcnya m\u00fcharib\u0259si d\u00f6vr\u00fcnd\u0259 \u201coxranka\u201d-n\u0131n 70.000-d\u0259n \u00e7ox gizli \u0259m\u0259kda\u015f\u0131 var idi. G\u00fcn \u0259rzind\u0259, 100-200 gizli \u0259m\u0259kda\u015f Rusiyan\u0131n ayr\u0131-ayr\u0131 \u015f\u0259h\u0259rl\u0259rin\u0259 ax\u0131\u015faraq, i\u015f\u0259 ba\u015flay\u0131rd\u0131. Bu i\u015fver\u0259nl\u0259r k\u00fctl\u0259si cavan, ya\u015f\u0131 otuzdan a\u015fa\u011f\u0131, g\u00f6r\u00fcn\u00fc\u015f\u00fc g\u00f6z\u0259 \u00e7arpmayan insanlardan t\u0259\u015fkil olunmu\u015fdu.\n<\/p>\n<p>\n  Onlar\u0131n aras\u0131nda m\u00fcxt\u0259lif pe\u015f\u0259 sahibl\u0259ri var idi. Q\u0259ssab, ayaqqab\u0131 ustas\u0131, k\u00fc\u00e7\u0259 s\u00fcp\u00fcr\u0259n, ofisiant, \u00e7iling\u0259r, bazarda alver\u00e7i, po\u00e7talyon, fayton\u00e7u, dil\u0259n\u00e7i, q\u0259zet satan. \u00c7ar polisi bu insanlar\u0131n yard\u0131m\u0131 il\u0259 inqilab\u00e7\u0131lara qar\u015f\u0131 daha amans\u0131z, s\u0259rt m\u00fcbariz\u0259 aparmaq ist\u0259yirdi. D\u0259y\u0259rli x\u0259b\u0259r, informasiya ver\u0259nl\u0259r\u0259 is\u0259 \u00c7ar polisi 10-15 rubl m\u00fckafat verirdi. M\u00fcharib\u0259nin sonuna gizli i\u015fver\u0259nl\u0259rin say\u0131 100.000 ke\u00e7s\u0259 d\u0259, bu Rusiya imperiyas\u0131n\u0131 oktyabr inqilab\u0131ndan qoruya bilm\u0259di.\n<\/p>\n<p>\n  Bol\u015fevikl\u0259rin d\u00f6n\u0259mind\u0259 is\u0259 \u201coxranka\u201d-n\u0131n gizli informatorlar\u0131n\u0131, NKVD (KQB)-nin seksotlar\u0131 \u0259v\u0259zl\u0259di. \u00d6lk\u0259ni total seksotizm duman\u0131 b\u00fcr\u00fcd\u00fc. Seksot (\u0441\u0435\u043a\u0440\u0435\u0442\u043d\u044b\u0439 \u0441\u043e\u0442\u0440\u0443\u0434\u043d\u0438\u043a) gizli \u0259m\u0259kda\u015f dem\u0259k idi.\n<\/p>\n<p>\n  \u00c7ar Rusiyas\u0131n\u0131n i\u015fver\u0259nl\u0259rind\u0259n, dem\u0259k olar ki, f\u0259rql\u0259nmirdil\u0259r. KGB-nin t\u0259rkibind\u0259 informatorlar\u0131n, seksotlar\u0131n say\u0131 haqq\u0131nda d\u0259qiq m\u0259lumat\u0131m yoxdur. Amma \u201cdonos\u201d yazmaq ideologiyas\u0131n\u0131 c\u0259miyy\u0259t\u0259 yeritdikd\u0259n sonra, n\u0259l\u0259r ba\u015f verdiyini, n\u0259tic\u0259nin n\u0259 oldu\u011funu \u00e7oxlar\u0131n\u0131z bilirsiniz. Stalin, Beriya repressiyalar\u0131 d\u00f6vr\u00fcnd\u0259, m\u0259hz h\u0259min \u201cdonos\u201d-lardan, informatorlardan, i\u015fver\u0259nl\u0259rd\u0259n gen-bol istifad\u0259 olundu. Milyonlarla insan, yaz\u0131\u00e7\u0131, r\u0259ssam, musiqi\u00e7i, alim, elm adam\u0131 s\u00fcrg\u00fcn olundu, g\u00fcll\u0259l\u0259ndi.\n<\/p>\n<p>\n  Talel\u0259r da\u011f\u0131ld\u0131. Evl\u0259r y\u0131x\u0131ld\u0131. Ail\u0259l\u0259r m\u0259hv oldu.\n<\/p>\n<p>\n  Bol\u015fevikl\u0259r seksot olma\u011f\u0131, i\u015fver\u0259nliyi k\u00fctl\u0259y\u0259, beyinl\u0259r\u0259 yeridirdil\u0259r. Bunun \u00fc\u00e7\u00fcn \u0259ll\u0259rind\u0259 olan b\u00fct\u00fcn imkanlardan istifad\u0259 edirdil\u0259r. \u201cDonos\u201d yazmaq, qon\u015funu, dostu, yax\u0131n\u0131, h\u0259tta ata-anan\u0131 satmaq k\u00fctl\u0259vil\u0259\u015firdi, d\u0259st\u0259kl\u0259nirdi, gurultulu alq\u0131\u015flan\u0131rd\u0131. \u0130\u015fver\u0259nliyin reklam v\u0259 t\u0259bli\u011f olunmas\u0131nda, kino, \u0259d\u0259biyyat, teatr m\u00fcst\u0259sna rol oynay\u0131rd\u0131.\n<\/p>\n<p>\n  M\u0259s\u0259l\u0259n, Stalinin \u0259n \u00e7ox b\u0259y\u0259ndiyi iki pyesd\u0259n biri MXAT-\u0131n s\u0259hn\u0259sind\u0259 qoyulmu\u015f \u201cLyubov Yarovaya\u201d idi. Pyesd\u0259 hadis\u0259l\u0259r Kr\u0131mda, v\u0259t\u0259nda\u015f m\u00fcharib\u0259si zaman\u0131 c\u0259r\u0259yan edir. Yerli m\u00fc\u0259llim\u0259 Lyubov Yarovaya, \u015f\u0259h\u0259ri m\u00fchasir\u0259y\u0259 almaq ist\u0259y\u0259n a\u011flar\u0131n aras\u0131nda, komissar formas\u0131ndak\u0131 \u0259rini tan\u0131y\u0131r. Onlar\u0131 bir ne\u00e7\u0259 il qabaq Birinci D\u00fcnya M\u00fcharib\u0259si did\u0259rgin salm\u0131\u015fd\u0131.\n<\/p>\n<p>\n  Buna baxmayaraq, m\u00fc\u0259llim\u0259 \u00f6z \u0259rini q\u0131rm\u0131z\u0131lara t\u0259hvil verir. Vaxt\u0131nda laz\u0131mi informasiyan\u0131 q\u0131rm\u0131z\u0131lara \u00e7atd\u0131r\u0131b, \u0259rini sat\u0131r. Bel\u0259likl\u0259, a\u011flar\u0131n xain plan\u0131n\u0131 alt-\u00fcst edir. Sonda m\u00fc\u0259llim\u0259nin komissar \u0259rini, q\u0131rm\u0131z\u0131lar g\u00fcll\u0259l\u0259yir. Bu pyes \u00f6t\u0259n \u0259srin 80-ci ill\u0259rin\u0259d\u0259k, Sovet m\u0259kt\u0259b \u0259d\u0259biyyat\u0131 d\u0259rslikl\u0259rind\u0259 yer al\u0131rd\u0131.\n<\/p>\n<p>\n  Bol\u015fevikl\u0259rin daha bir \u0259b\u0259dil\u0259\u015fmi\u015f g\u0259nc q\u0259hr\u0259man\u0131, \u00fcnl\u00fc pioner, m\u0259\u015fhur m\u0259kt\u0259bli \u201cdonos\u201d\u00e7u, Moskvada iki abid\u0259si qoyulmu\u015f, \u015f\u0259nin\u0259 mahn\u0131lar, \u015feirl\u0259r, pyesl\u0259r yaz\u0131lm\u0131\u015f, ad\u0131na k\u00fc\u00e7\u0259l\u0259r, k\u0259ndl\u0259r olan Pavlik Morozovdur. Bol\u015fevikl\u0259rin z\u0259h\u0259rli komunist ideologiyas\u0131, propaqandas\u0131 say\u0259sind\u0259, Sibirli m\u0259kt\u0259bli Pavlik Morozov xalq q\u0259hr\u0259man\u0131na, el o\u011fluna \u00e7evrilmi\u015fdir.\n<\/p>\n<p>\n  Can\u0131, qan\u0131 bahas\u0131na, totalitar \u00f6lk\u0259, q\u0131rm\u0131z\u0131 rejim u\u011frunda \u00f6lm\u0259y\u0259 d\u00fc\u015f\u00fcnm\u0259d\u0259n raz\u0131 olan Pavlik kultu yarad\u0131l\u0131b.\n<\/p>\n<p>\n  Pavlik Morozovun atas\u0131, k\u0259nd sovetinin s\u0259dri idi. Qoluzorlu k\u0259ndxudalarla dostluq edirdi, onlar\u0131n mal\u0131n\u0131 vergid\u0259n gizl\u0259dirdi. Ki\u015fi i\u015fd\u0259n \u00e7\u0131xandan sonra pulunu al\u0131b, \u0259v\u0259zind\u0259 s\u00fcrg\u00fcn olunmu\u015flara saxta aray\u0131\u015f d\u00fcz\u0259ld\u0259r\u0259k, qa\u00e7ma\u011fa k\u00f6m\u0259klik g\u00f6st\u0259rirmi\u015f. Pavlik Morozov, on iki ya\u015fl\u0131 k\u0259nd m\u0259kt\u0259blisi, atas\u0131n\u0131, h\u0259min ke\u00e7mi\u015f k\u0259nd sovetinin s\u0259drini if\u015fa edir. Onu bol\u015fevikl\u0259r\u0259 sat\u0131r. Pavlikin atas\u0131 on illik s\u00fcrg\u00fcn\u0259 g\u00f6nd\u0259rilir.\n<\/p>\n<p>\n  Sonda Pavlik v\u0259 qarda\u015f\u0131 me\u015f\u0259d\u0259 g\u00f6b\u0259l\u0259k y\u0131\u011fark\u0259n, nam\u0259lum \u015f\u0259xs t\u0259r\u0259find\u0259n b\u0131\u00e7aqlanaraq \u00f6ld\u00fcr\u00fcl\u00fcr. Bel\u0259likl\u0259, Pavlik Morozov b\u00fct\u00fc yarad\u0131l\u0131r. Art\u0131q \u201cdonos\u201d yazmaq, satq\u0131nl\u0131q, i\u015fver\u0259nlik alq\u0131\u015flan\u0131r, d\u0259st\u0259kl\u0259nir. \u0130deologiya ma\u015f\u0131n\u0131 uzun ill\u0259r sonra miliyonlarla u\u015fa\u011f\u0131n qibt\u0259 ed\u0259c\u0259yi, h\u0259s\u0259d aparaca\u011f\u0131, qorxmazl\u0131q allah\u0131 sand\u0131qlar\u0131, b\u0259nz\u0259m\u0259k ist\u0259dikl\u0259ri ata satq\u0131n\u0131, Pavlik Morozov zirv\u0259si yarad\u0131r.\n<\/p>\n<p>\n  \u0130kinci D\u00fcnya M\u00fcharib\u0259sinin \u0259vv\u0259lind\u0259 Hitler Almaniyas\u0131nda Himler t\u0259klif edir ki, qanun q\u0259bul olunsun v\u0259 Reyx camaat\u0131, m\u0259cburi olaraq b\u00fct\u00fcn \u015f\u00fcbh\u0259li insanlar, situasiyalar haqq\u0131nda laz\u0131mi idar\u0259l\u0259r\u0259 d\u0259rhal bildiri\u015f versinl\u0259r. Nasist hakimiyy\u0259ti bu qanundan imtina edir. \u00c7\u00fcnki o zaman nasist h\u00f6kum\u0259tinin i\u015fver\u0259nl\u0259r\u0259 neqativ yana\u015fmas\u0131, s\u0131rf ideoloji xarakter da\u015f\u0131y\u0131rd\u0131. Nasional-sosializm ideologiyas\u0131n\u0131n b\u00fcnovr\u0259si, \u201cBir f\u00fcrer, bir xalq, bir reyx\u201d \u00fc\u00e7buca\u011f\u0131 \u00fcz\u0259rind\u0259 qurulmu\u015fdur. Gizli informatorlar, i\u015fver\u0259nl\u0259r, satq\u0131nlar xalq aras\u0131nda \u00fcmumi inams\u0131zl\u0131q, qar\u015f\u0131l\u0131ql\u0131 \u015f\u00fcbh\u0259 yarada bil\u0259rdi. Bu is\u0259 alman xalq\u0131n\u0131n aras\u0131nda nizams\u0131zl\u0131q yaradar, xalq\u0131n birliyin\u0259 ziyan g\u0259tir\u0259rdi, daxild\u0259n c\u0259miyy\u0259td\u0259 par\u00e7alanma yaranard\u0131. Buna baxmayaraq, i\u015fver\u0259nl\u0259r\u0259, \u201cdonos\u201d-\u00e7ulara nifr\u0259t yaln\u0131z qiyabi idi.\n<\/p>\n<p>\n  Reall\u0131qda, Hitler Almaniyas\u0131nda says\u0131z-hesabs\u0131z i\u015fver\u0259nl\u0259r, informatorlar, satq\u0131nlar, \u201cictimai polis\u201dl\u0259r yeti\u015fdirilirdi. Ham\u0131 bir-birini sat\u0131rd\u0131, \u0259r arvad\u0131, qohum qarda\u015f\u0131, qarda\u015f bac\u0131n\u0131, qon\u015fu qon\u015funu&#8230; \u018fn \u00e7ox sat\u0131lanlar is\u0259, \u0259lb\u0259tt\u0259, y\u0259hudil\u0259r, polyaklar idi. Alman \u201cgestapo\u201dsunun i\u015fver\u0259nl\u0259rin k\u00f6m\u0259yi say\u0259sind\u0259 tutduqlar\u0131 insanlar, ad\u0259t\u0259n piv\u0259 i\u00e7\u0259nd\u0259 kefl\u0259nib, kafel\u0259rd\u0259 Hitler h\u00f6kum\u0259tin\u0259 qar\u015f\u0131 dan\u0131\u015fanlar olurdu.\n<\/p>\n<p>\n  Yaz\u0131n\u0131n sonunda balaca ha\u015fiy\u0259 \u00e7\u0131xmaq ist\u0259yir\u0259m. Dantenin \u201c\u0130lahi komediya\u201d poemas\u0131nda t\u0259svir olunan c\u0259h\u0259nn\u0259min sonuncu, doqquzuncu t\u0259b\u0259q\u0259sind\u0259, m\u0259hz satq\u0131nlar yerl\u0259\u015fdirilmi\u015fdi. Bu doqquzuncu \u00e7evr\u0259 &#8211; inanm\u0131\u015flar\u0131 aldadanlard\u0131r. Atas\u0131na, anas\u0131na, qohumuna, qon\u015fusuna k\u0259l\u0259k g\u0259lmi\u015f, v\u0259t\u0259nini, Allah\u0131n\u0131 v\u0259 vicdan\u0131n\u0131 satm\u0131\u015f insanlar orada, buzlu g\u00f6l\u00fcn i\u00e7ind\u0259, Lyusifer t\u0259r\u0259find\u0259n didilir, tik\u0259l\u0259r\u0259 b\u00f6l\u00fcn\u00fcr, \u0259b\u0259di \u0259zab \u00e7\u0259kirl\u0259r.\n<\/p>\n<p>\n  \u018fsrl\u0259r boyu insanlar d\u00f6vl\u0259tl\u0259r qurub. \u018fsrl\u0259r boyu qurulan hakimiyy\u0259tl\u0259r insanl\u0131q \u00fcz\u0259rind\u0259 deyil, satq\u0131nl\u0131q, i\u015fver\u0259nlik adlanan ideloji doktorina \u0259sas\u0131nda qurulub. Bu doktrinan\u0131n g\u0259tirdiyi is\u0259 k\u00fctl\u0259vi nihilizimd\u0259n, total sinizimd\u0259n ba\u015fqa bir \u015fey olmay\u0131b.\n<\/p>\n<p>\n  Sonda is\u0259 c\u0259miyy\u0259tl\u0259r \u00e7ox vaxt Qavro\u015flar yerin\u0259, Pavlik Morozovlar yeti\u015fdirib.\n<\/p>\n<\/p>\n<p>\n  <b><br \/>\n    Yaz\u0131 m\u00fc\u0259llifin \u015f\u0259xsi m\u00f6vqeyini \u0259ks etdirir&#8230;<br \/>\n  <\/b><\/p>\n","protected":false},"excerpt":{"rendered":"<p>Qavro\u015f yox, Pavlik Morozov olmaq ist\u0259y\u0259nl\u0259r&#8230;<\/p>\n","protected":false},"author":11,"featured_media":50344,"comment_status":"closed","ping_status":"open","sticky":false,"template":"","format":"standard","meta":{"_acf_changed":false,"_sitemap_exclude":false,"_sitemap_priority":"","_sitemap_frequency":"","footnotes":""},"categories":[57],"tags":[],"class_list":["post-174249","post","type-post","status-publish","format-standard","has-post-thumbnail","hentry","category-menim-fikrimce","infinite-scroll-item","generate-columns","tablet-grid-50","mobile-grid-100","grid-parent","grid-33","no-featured-image-padding"],"acf":[],"yoast_head":"<!-- This site is optimized with the Yoast SEO plugin v27.5 - https:\/\/yoast.com\/product\/yoast-seo-wordpress\/ -->\n<title>V\u0259t\u0259nda\u015f nec\u0259 \u201cictimai polis\u201d oldu... - MEYDAN.TV<\/title>\n<meta name=\"robots\" content=\"index, follow, max-snippet:-1, max-image-preview:large, max-video-preview:-1\" \/>\n<link rel=\"canonical\" href=\"https:\/\/www.meydan.tv\/az\/article\/vetendas-nece-ictimai-polis-oldu\/\" \/>\n<meta property=\"og:locale\" content=\"az_AZ\" \/>\n<meta property=\"og:type\" content=\"article\" \/>\n<meta property=\"og:title\" content=\"V\u0259t\u0259nda\u015f nec\u0259 \u201cictimai polis\u201d oldu... - MEYDAN.TV\" \/>\n<meta property=\"og:description\" content=\"Qavro\u015f yox, Pavlik Morozov olmaq ist\u0259y\u0259nl\u0259r...\" \/>\n<meta property=\"og:url\" content=\"https:\/\/www.meydan.tv\/az\/article\/vetendas-nece-ictimai-polis-oldu\/\" \/>\n<meta property=\"og:site_name\" content=\"MEYDAN.TV\" \/>\n<meta property=\"article:published_time\" content=\"2016-03-08T22:12:03+00:00\" \/>\n<meta property=\"og:image\" content=\"https:\/\/www.meydan.tv\/wp-content\/uploads\/19219.jpg\" \/>\n\t<meta property=\"og:image:width\" content=\"400\" \/>\n\t<meta property=\"og:image:height\" content=\"400\" \/>\n\t<meta property=\"og:image:type\" content=\"image\/jpeg\" \/>\n<meta name=\"author\" content=\"user-manager\" \/>\n<meta name=\"twitter:card\" content=\"summary_large_image\" \/>\n<script type=\"application\/ld+json\" class=\"yoast-schema-graph\">{\"@context\":\"https:\\\/\\\/schema.org\",\"@graph\":[{\"@type\":\"Article\",\"@id\":\"https:\\\/\\\/www.meydan.tv\\\/az\\\/article\\\/vetendas-nece-ictimai-polis-oldu\\\/#article\",\"isPartOf\":{\"@id\":\"https:\\\/\\\/www.meydan.tv\\\/az\\\/article\\\/vetendas-nece-ictimai-polis-oldu\\\/\"},\"author\":{\"name\":\"user-manager\",\"@id\":\"https:\\\/\\\/www.meydan.tv\\\/az\\\/#\\\/schema\\\/person\\\/10d11eccf6da3662cf5fdab9806ea91a\"},\"headline\":\"V\u0259t\u0259nda\u015f nec\u0259 \u201cictimai polis\u201d oldu&#8230;\",\"datePublished\":\"2016-03-08T22:12:03+00:00\",\"mainEntityOfPage\":{\"@id\":\"https:\\\/\\\/www.meydan.tv\\\/az\\\/article\\\/vetendas-nece-ictimai-polis-oldu\\\/\"},\"wordCount\":2186,\"publisher\":{\"@id\":\"https:\\\/\\\/www.meydan.tv\\\/az\\\/#organization\"},\"image\":{\"@id\":\"https:\\\/\\\/www.meydan.tv\\\/az\\\/article\\\/vetendas-nece-ictimai-polis-oldu\\\/#primaryimage\"},\"thumbnailUrl\":\"https:\\\/\\\/www.meydan.tv\\\/wp-content\\\/uploads\\\/19219.jpg\",\"articleSection\":[\"M\u0259nim Fikrimc\u0259\"],\"inLanguage\":\"az\"},{\"@type\":\"WebPage\",\"@id\":\"https:\\\/\\\/www.meydan.tv\\\/az\\\/article\\\/vetendas-nece-ictimai-polis-oldu\\\/\",\"url\":\"https:\\\/\\\/www.meydan.tv\\\/az\\\/article\\\/vetendas-nece-ictimai-polis-oldu\\\/\",\"name\":\"V\u0259t\u0259nda\u015f nec\u0259 \u201cictimai polis\u201d oldu... - MEYDAN.TV\",\"isPartOf\":{\"@id\":\"https:\\\/\\\/www.meydan.tv\\\/az\\\/#website\"},\"primaryImageOfPage\":{\"@id\":\"https:\\\/\\\/www.meydan.tv\\\/az\\\/article\\\/vetendas-nece-ictimai-polis-oldu\\\/#primaryimage\"},\"image\":{\"@id\":\"https:\\\/\\\/www.meydan.tv\\\/az\\\/article\\\/vetendas-nece-ictimai-polis-oldu\\\/#primaryimage\"},\"thumbnailUrl\":\"https:\\\/\\\/www.meydan.tv\\\/wp-content\\\/uploads\\\/19219.jpg\",\"datePublished\":\"2016-03-08T22:12:03+00:00\",\"breadcrumb\":{\"@id\":\"https:\\\/\\\/www.meydan.tv\\\/az\\\/article\\\/vetendas-nece-ictimai-polis-oldu\\\/#breadcrumb\"},\"inLanguage\":\"az\",\"potentialAction\":[{\"@type\":\"ReadAction\",\"target\":[\"https:\\\/\\\/www.meydan.tv\\\/az\\\/article\\\/vetendas-nece-ictimai-polis-oldu\\\/\"]}]},{\"@type\":\"ImageObject\",\"inLanguage\":\"az\",\"@id\":\"https:\\\/\\\/www.meydan.tv\\\/az\\\/article\\\/vetendas-nece-ictimai-polis-oldu\\\/#primaryimage\",\"url\":\"https:\\\/\\\/www.meydan.tv\\\/wp-content\\\/uploads\\\/19219.jpg\",\"contentUrl\":\"https:\\\/\\\/www.meydan.tv\\\/wp-content\\\/uploads\\\/19219.jpg\",\"width\":400,\"height\":400,\"caption\":\"Source:\"},{\"@type\":\"BreadcrumbList\",\"@id\":\"https:\\\/\\\/www.meydan.tv\\\/az\\\/article\\\/vetendas-nece-ictimai-polis-oldu\\\/#breadcrumb\",\"itemListElement\":[{\"@type\":\"ListItem\",\"position\":1,\"name\":\"Ana s\u0259hif\u0259\",\"item\":\"https:\\\/\\\/www.meydan.tv\\\/az\\\/\"},{\"@type\":\"ListItem\",\"position\":2,\"name\":\"M\u0259nim Fikrimc\u0259\",\"item\":\"https:\\\/\\\/www.meydan.tv\\\/az\\\/section\\\/menim-fikrimce\\\/\"},{\"@type\":\"ListItem\",\"position\":3,\"name\":\"V\u0259t\u0259nda\u015f nec\u0259 \u201cictimai polis\u201d oldu&#8230;\"}]},{\"@type\":\"WebSite\",\"@id\":\"https:\\\/\\\/www.meydan.tv\\\/az\\\/#website\",\"url\":\"https:\\\/\\\/www.meydan.tv\\\/az\\\/\",\"name\":\"MEYDAN.TV\",\"description\":\"Meydan TV Az\u0259rbaycan\u0131n media m\u0259kan\u0131ndak\u0131 alternativ s\u0259sidir\",\"publisher\":{\"@id\":\"https:\\\/\\\/www.meydan.tv\\\/az\\\/#organization\"},\"potentialAction\":[{\"@type\":\"SearchAction\",\"target\":{\"@type\":\"EntryPoint\",\"urlTemplate\":\"https:\\\/\\\/www.meydan.tv\\\/az\\\/?s={search_term_string}\"},\"query-input\":{\"@type\":\"PropertyValueSpecification\",\"valueRequired\":true,\"valueName\":\"search_term_string\"}}],\"inLanguage\":\"az\"},{\"@type\":\"Organization\",\"@id\":\"https:\\\/\\\/www.meydan.tv\\\/az\\\/#organization\",\"name\":\"Meydan TV\",\"url\":\"https:\\\/\\\/www.meydan.tv\\\/az\\\/\",\"logo\":{\"@type\":\"ImageObject\",\"inLanguage\":\"az\",\"@id\":\"https:\\\/\\\/www.meydan.tv\\\/az\\\/#\\\/schema\\\/logo\\\/image\\\/\",\"url\":\"https:\\\/\\\/www.meydan.tv\\\/wp-content\\\/uploads\\\/2021\\\/07\\\/meydan-logo.svg\",\"contentUrl\":\"https:\\\/\\\/www.meydan.tv\\\/wp-content\\\/uploads\\\/2021\\\/07\\\/meydan-logo.svg\",\"width\":195,\"height\":46,\"caption\":\"Meydan TV\"},\"image\":{\"@id\":\"https:\\\/\\\/www.meydan.tv\\\/az\\\/#\\\/schema\\\/logo\\\/image\\\/\"}},{\"@type\":\"Person\",\"@id\":\"https:\\\/\\\/www.meydan.tv\\\/az\\\/#\\\/schema\\\/person\\\/10d11eccf6da3662cf5fdab9806ea91a\",\"name\":\"user-manager\"}]}<\/script>\n<!-- \/ Yoast SEO plugin. -->","yoast_head_json":{"title":"V\u0259t\u0259nda\u015f nec\u0259 \u201cictimai polis\u201d oldu... - MEYDAN.TV","robots":{"index":"index","follow":"follow","max-snippet":"max-snippet:-1","max-image-preview":"max-image-preview:large","max-video-preview":"max-video-preview:-1"},"canonical":"https:\/\/www.meydan.tv\/az\/article\/vetendas-nece-ictimai-polis-oldu\/","og_locale":"az_AZ","og_type":"article","og_title":"V\u0259t\u0259nda\u015f nec\u0259 \u201cictimai polis\u201d oldu... - MEYDAN.TV","og_description":"Qavro\u015f yox, Pavlik Morozov olmaq ist\u0259y\u0259nl\u0259r...","og_url":"https:\/\/www.meydan.tv\/az\/article\/vetendas-nece-ictimai-polis-oldu\/","og_site_name":"MEYDAN.TV","article_published_time":"2016-03-08T22:12:03+00:00","og_image":[{"width":400,"height":400,"url":"https:\/\/www.meydan.tv\/wp-content\/uploads\/19219.jpg","type":"image\/jpeg"}],"author":"user-manager","twitter_card":"summary_large_image","schema":{"@context":"https:\/\/schema.org","@graph":[{"@type":"Article","@id":"https:\/\/www.meydan.tv\/az\/article\/vetendas-nece-ictimai-polis-oldu\/#article","isPartOf":{"@id":"https:\/\/www.meydan.tv\/az\/article\/vetendas-nece-ictimai-polis-oldu\/"},"author":{"name":"user-manager","@id":"https:\/\/www.meydan.tv\/az\/#\/schema\/person\/10d11eccf6da3662cf5fdab9806ea91a"},"headline":"V\u0259t\u0259nda\u015f nec\u0259 \u201cictimai polis\u201d oldu&#8230;","datePublished":"2016-03-08T22:12:03+00:00","mainEntityOfPage":{"@id":"https:\/\/www.meydan.tv\/az\/article\/vetendas-nece-ictimai-polis-oldu\/"},"wordCount":2186,"publisher":{"@id":"https:\/\/www.meydan.tv\/az\/#organization"},"image":{"@id":"https:\/\/www.meydan.tv\/az\/article\/vetendas-nece-ictimai-polis-oldu\/#primaryimage"},"thumbnailUrl":"https:\/\/www.meydan.tv\/wp-content\/uploads\/19219.jpg","articleSection":["M\u0259nim Fikrimc\u0259"],"inLanguage":"az"},{"@type":"WebPage","@id":"https:\/\/www.meydan.tv\/az\/article\/vetendas-nece-ictimai-polis-oldu\/","url":"https:\/\/www.meydan.tv\/az\/article\/vetendas-nece-ictimai-polis-oldu\/","name":"V\u0259t\u0259nda\u015f nec\u0259 \u201cictimai polis\u201d oldu... - MEYDAN.TV","isPartOf":{"@id":"https:\/\/www.meydan.tv\/az\/#website"},"primaryImageOfPage":{"@id":"https:\/\/www.meydan.tv\/az\/article\/vetendas-nece-ictimai-polis-oldu\/#primaryimage"},"image":{"@id":"https:\/\/www.meydan.tv\/az\/article\/vetendas-nece-ictimai-polis-oldu\/#primaryimage"},"thumbnailUrl":"https:\/\/www.meydan.tv\/wp-content\/uploads\/19219.jpg","datePublished":"2016-03-08T22:12:03+00:00","breadcrumb":{"@id":"https:\/\/www.meydan.tv\/az\/article\/vetendas-nece-ictimai-polis-oldu\/#breadcrumb"},"inLanguage":"az","potentialAction":[{"@type":"ReadAction","target":["https:\/\/www.meydan.tv\/az\/article\/vetendas-nece-ictimai-polis-oldu\/"]}]},{"@type":"ImageObject","inLanguage":"az","@id":"https:\/\/www.meydan.tv\/az\/article\/vetendas-nece-ictimai-polis-oldu\/#primaryimage","url":"https:\/\/www.meydan.tv\/wp-content\/uploads\/19219.jpg","contentUrl":"https:\/\/www.meydan.tv\/wp-content\/uploads\/19219.jpg","width":400,"height":400,"caption":"Source:"},{"@type":"BreadcrumbList","@id":"https:\/\/www.meydan.tv\/az\/article\/vetendas-nece-ictimai-polis-oldu\/#breadcrumb","itemListElement":[{"@type":"ListItem","position":1,"name":"Ana s\u0259hif\u0259","item":"https:\/\/www.meydan.tv\/az\/"},{"@type":"ListItem","position":2,"name":"M\u0259nim Fikrimc\u0259","item":"https:\/\/www.meydan.tv\/az\/section\/menim-fikrimce\/"},{"@type":"ListItem","position":3,"name":"V\u0259t\u0259nda\u015f nec\u0259 \u201cictimai polis\u201d oldu&#8230;"}]},{"@type":"WebSite","@id":"https:\/\/www.meydan.tv\/az\/#website","url":"https:\/\/www.meydan.tv\/az\/","name":"MEYDAN.TV","description":"Meydan TV Az\u0259rbaycan\u0131n media m\u0259kan\u0131ndak\u0131 alternativ s\u0259sidir","publisher":{"@id":"https:\/\/www.meydan.tv\/az\/#organization"},"potentialAction":[{"@type":"SearchAction","target":{"@type":"EntryPoint","urlTemplate":"https:\/\/www.meydan.tv\/az\/?s={search_term_string}"},"query-input":{"@type":"PropertyValueSpecification","valueRequired":true,"valueName":"search_term_string"}}],"inLanguage":"az"},{"@type":"Organization","@id":"https:\/\/www.meydan.tv\/az\/#organization","name":"Meydan TV","url":"https:\/\/www.meydan.tv\/az\/","logo":{"@type":"ImageObject","inLanguage":"az","@id":"https:\/\/www.meydan.tv\/az\/#\/schema\/logo\/image\/","url":"https:\/\/www.meydan.tv\/wp-content\/uploads\/2021\/07\/meydan-logo.svg","contentUrl":"https:\/\/www.meydan.tv\/wp-content\/uploads\/2021\/07\/meydan-logo.svg","width":195,"height":46,"caption":"Meydan TV"},"image":{"@id":"https:\/\/www.meydan.tv\/az\/#\/schema\/logo\/image\/"}},{"@type":"Person","@id":"https:\/\/www.meydan.tv\/az\/#\/schema\/person\/10d11eccf6da3662cf5fdab9806ea91a","name":"user-manager"}]}},"_links":{"self":[{"href":"https:\/\/www.meydan.tv\/az\/wp-json\/wp\/v2\/posts\/174249","targetHints":{"allow":["GET"]}}],"collection":[{"href":"https:\/\/www.meydan.tv\/az\/wp-json\/wp\/v2\/posts"}],"about":[{"href":"https:\/\/www.meydan.tv\/az\/wp-json\/wp\/v2\/types\/post"}],"author":[{"embeddable":true,"href":"https:\/\/www.meydan.tv\/az\/wp-json\/wp\/v2\/users\/11"}],"replies":[{"embeddable":true,"href":"https:\/\/www.meydan.tv\/az\/wp-json\/wp\/v2\/comments?post=174249"}],"version-history":[{"count":0,"href":"https:\/\/www.meydan.tv\/az\/wp-json\/wp\/v2\/posts\/174249\/revisions"}],"wp:featuredmedia":[{"embeddable":true,"href":"https:\/\/www.meydan.tv\/az\/wp-json\/wp\/v2\/media\/50344"}],"wp:attachment":[{"href":"https:\/\/www.meydan.tv\/az\/wp-json\/wp\/v2\/media?parent=174249"}],"wp:term":[{"taxonomy":"category","embeddable":true,"href":"https:\/\/www.meydan.tv\/az\/wp-json\/wp\/v2\/categories?post=174249"},{"taxonomy":"post_tag","embeddable":true,"href":"https:\/\/www.meydan.tv\/az\/wp-json\/wp\/v2\/tags?post=174249"}],"curies":[{"name":"wp","href":"https:\/\/api.w.org\/{rel}","templated":true}]}}