{"id":174237,"date":"2016-03-08T00:19:04","date_gmt":"2016-03-08T00:19:04","guid":{"rendered":"https:\/\/www.meydan.tv\/article\/bu-kimin-bayramidir\/"},"modified":"2016-03-08T00:19:04","modified_gmt":"2016-03-08T00:19:04","slug":"bu-kimin-bayramidir","status":"publish","type":"post","link":"https:\/\/www.meydan.tv\/az\/article\/bu-kimin-bayramidir\/","title":{"rendered":"Bu, kimin bayram\u0131d\u0131r\u2026"},"content":{"rendered":"<figure class=\"wp-block-image size-large\">\n  <img decoding=\"async\" src=\"https:\/\/www.meydan.tv\/az\/49361\/\" alt=\"\" class=\"wp-image-49361\"\/><figcaption><\/figcaption><\/figure>\n<figure class=\"wp-block-image size-large\">\n  <img decoding=\"async\" src=\"https:\/\/www.meydan.tv\/az\/49355\/\" alt=\"\" class=\"wp-image-49355\"\/><figcaption><\/figcaption><\/figure>\n<p>\n  1908-ci il\u0259 dayanan 8 mart tarixi, Nyu-Yorkda sosial-demokrat qad\u0131n t\u0259\u015fkilat\u0131n\u0131n t\u0259\u015fkilat\u00e7\u0131l\u0131\u011f\u0131 il\u0259 qad\u0131nlar\u0131n da ki\u015fil\u0259rl\u0259 b\u0259rab\u0259rh\u00fcquqlu olaraq se\u00e7kil\u0259r\u0259 qat\u0131lmas\u0131, \u0259m\u0259k h\u00fcququnun tan\u0131nmas\u0131 \u015f\u00fcarlar\u0131 ke\u00e7irilmi\u015f y\u00fcr\u00fc\u015fl\u0259 \u0259laqd\u0259rd\u0131r. Bir ne\u00e7\u0259 il \u0259rzind\u0259 Avstriya, \u0130sve\u00e7r\u0259, Almaniya v\u0259 Hollandiyaya yay\u0131lan bu dal\u011fa 1917-ci ild\u0259 Rusiyada ba\u015f vermi\u015f Oktyabr inqilab\u0131ndan sonra Sovetl\u0259r Birliyind\u0259 d\u0259 ( Sovetl\u0259r Birliyinin \u00fczv\u00fc olan Az\u0259rbaycanda da ) populyarla\u015fm\u0131\u015f, 1921-ci ild\u0259 ke\u00e7irilmi\u015f 2-ci Kommunist Qad\u0131nlar\u0131 Konfrans\u0131nda q\u0259bul olunmu\u015f q\u0259rardan sonra 8 mart Sovetl\u0259rd\u0259 d\u0259 r\u0259smi bayram olmu\u015fdur.\n<\/p>\n<p>\n  &#8220;Beyn\u0259lxalq qad\u0131n h\u00fcquqlar\u0131 u\u011frunda m\u00fcbariz\u0259 g\u00fcn\u00fc&#8221; kimi qeyd olunan bu bayram \u00f6lk\u0259mizd\u0259 d\u0259 m\u0259\u015fhurdur. 25-30 il \u00f6nc\u0259 &#8220;q\u0259hr\u0259man Sovet qad\u0131n\u0131&#8221;, &#8220;\u0259m\u0259k\u00e7i Sovet qad\u0131n\u0131&#8221; say\u0131lan Az\u0259rbaycan qad\u0131nlar\u0131 da b\u0259z\u0259n \u015fi\u015firtm\u0259, b\u0259z\u0259n pafoslu s\u00f6zl\u0259rl\u0259 ifad\u0259 olunmaqla ( Sovetl\u0259rin h\u0259r \u015feyi pafosa ba\u011flamas\u0131 fonunda, bu, t\u0259bii idi ) g\u00f6st\u0259rdiyi h\u00fcn\u0259rl\u0259r\u0259, c\u0259miyy\u0259t\u0259 verdiyi faydalar\u0131na g\u00f6r\u0259 t\u0259brikl\u0259r al\u0131rd\u0131.\n<\/p>\n<p>\n  \u015e\u0259xs\u0259n m\u0259nim bu tarix\u0259 yana\u015fmam bir q\u0259d\u0259r f\u0259rqlidir. Bug\u00fcn sevgilil\u0259r aras\u0131nda oyuncaq ay\u0131 il\u0259, kafey\u0259 getm\u0259kl\u0259 qeyd olunan g\u00fcn deyil. Bu g\u00fcn ail\u0259 daxilind\u0259 \u00f6z h\u0259yat yolda\u015f\u0131ndan &#8220;h\u0259diyy\u0259 t\u0259l\u0259b ed\u0259n&#8221; qad\u0131nlar\u0131n da g\u00fcn\u00fc deyil. Haqs\u0131zl\u0131\u011fa susan, h\u0259yat yolda\u015f\u0131n\u0131n b\u00fct\u00fcn t\u0259hqir v\u0259 t\u0259zyiql\u0259rin\u0259 d\u00f6z\u0259n, \u00f6z \u00f6mr\u00fcnd\u0259n k\u0259sib hans\u0131sa m\u0259mura &#8220;ba\u011f\u0131\u015flayan&#8221; qad\u0131nlar\u0131n da bayram\u0131 deyil.\n<\/p>\n<p>\n  8 mart \u0130ran hakimiyy\u0259ti t\u0259r\u0259find\u0259n \u00f6ld\u00fcr\u00fcl\u0259n, 2009-cu ild\u0259 \u0130randa prezident se\u00e7kil\u0259ri zaman\u0131 ba\u015f vermi\u015f etirazlara qat\u0131lm\u0131\u015f, saxtala\u015fd\u0131r\u0131lm\u0131\u015f se\u00e7ki n\u0259tic\u0259l\u0259rin\u0259 etiraz ed\u0259rk\u0259n ( r\u0259sm\u0259n 21, qeyri r\u0259smi m\u0259nb\u0259l\u0259rin is\u0259 100-d\u0259n \u00e7ox \u00f6l\u0259nl\u0259rin oldu\u011fu bildirilmi\u015fdi ) h\u0259lak olmu\u015f Neda A\u011fa-Soltaninin bayram\u0131d\u0131r. Bu g\u00fcn t\u0259cav\u00fcz\u0259 m\u0259ruz qal\u0131b, \u0259dal\u0259tsiz v\u0259 insafs\u0131z \u0130ran m\u0259hk\u0259m\u0259si t\u0259r\u0259find\u0259n t\u0259cav\u00fcz ed\u0259ni yox, t\u0259cav\u00fcz\u0259 m\u0259ruz qalan\u0131 t\u0259qsirli bilib, bu s\u0259b\u0259bd\u0259n edam etdiril\u0259n P\u0259rvan\u0259 Cabbarinin bayram\u0131d\u0131r. Bu g\u00fcn \u0259dal\u0259tli c\u0259miyy\u0259t, h\u00fcququ c\u0259miyy\u0259td\u0259 v\u0259t\u0259nda\u015flar\u0131n ya\u015fad\u0131\u011f\u0131, sivil inki\u015faf yoluna q\u0259d\u0259m qoymu\u015f, insan h\u00fcquq v\u0259 azadl\u0131qlar\u0131n\u0131n icra olundu\u011fu, qad\u0131nlar\u0131n da b\u0259rab\u0259rh\u00fcquqlu oldu\u011fu \u018ffqan\u0131stan u\u011frunda m\u00fcbariz\u0259 aparan h\u00fcquq m\u00fcdafi\u0259\u00e7isi N\u0259cib\u0259 \u018fyyubinin bayram\u0131d\u0131r. 8 mart d\u00fczg\u00fcn apar\u0131lmam\u0131\u015f (\u0259slind\u0259 he\u00e7 apar\u0131lmam\u0131\u015f ) istintaq v\u0259 \u0259fqan m\u0259hk\u0259m\u0259sinin \u0259dal\u0259tsiz h\u00f6km\u00fc n\u0259tic\u0259sind\u0259 edam edilmi\u015f Ferhunde Muhammadin g\u00fcn\u00fcd\u00fcr. Bu g\u00fcn atas\u0131n\u0131n b\u0259ra\u0259t verib, etdiyi cinay\u0259tl\u0259 \u00f6v\u00fcnd\u00fcy\u00fc o\u011flu Murad Adais adl\u0131 yeniyetm\u0259 \u0259r\u0259bin, s\u0131rf yahudi oldu\u011fu \u00fc\u00e7\u00fcn \u00f6z \u00f6vladlar\u0131n\u0131n g\u00f6z\u00fc qar\u015f\u0131s\u0131nda \u00f6ld\u00fcr\u00fcl\u0259n 6 \u00f6vlad anas\u0131 olan Dafna Meirin an\u0131lmal\u0131 oldu\u011fu g\u00fcnd\u00fcr. Bu g\u00fcn \u00c7in hakimiyy\u0259ti t\u0259r\u0259find\u0259n h\u0259yat yolda\u015f\u0131 il\u0259 birg\u0259 h\u0259bs olunmu\u015f, \u00f6vlad\u0131n\u0131n is\u0259 x\u00fcsusi n\u0259zar\u0259t alt\u0131nda saxlan\u0131ld\u0131\u011fl h\u00fcquq m\u00fcdafi\u0259\u00e7isi Van Yuyun t\u0259brik olunmal\u0131 oldu\u011fu g\u00fcnd\u00fcr.\n<\/p>\n<p>\n  Az\u0259rbaycanda da yuxar\u0131da dediyim kimi qad\u0131nlar var. X\u0259dic\u0259 \u0130smay\u0131l&#8230; G\u00f6z\u0259l ara\u015fd\u0131rma\u00e7\u0131, jurnalist, h\u0259qiqi v\u0259t\u0259nda\u015f v\u0259 haqq\u0131 m\u00fcdafi\u0259 etdiyi \u00fc\u00e7\u00fcn h\u0259bs edil\u0259n X\u0259dic\u0259. Bu g\u00fcn m\u0259hz onun bayram\u0131d\u0131r. 8 mart Az\u0259rbaycan\u0131n demokratik v\u0259 h\u00fcquqi d\u00f6vl\u0259t olmas\u0131, v\u0259t\u0259nda\u015flar\u0131n b\u0259rab\u0259rh\u00fcquqlu olmas\u0131, onlar\u0131n h\u00fcquqlar\u0131n\u0131n m\u00fcdafi\u0259si \u00fc\u00e7\u00fcn b\u00fct\u00fcn \u00e7\u0259tinlikl\u0259r\u0259 r\u0259\u011fm\u0259n m\u00fcbariz\u0259 aparan Arzu xan\u0131m\u0131n, M\u0259tan\u0259t xan\u0131m\u0131n, L\u0259taf\u0259t xan\u0131m\u0131n bayram\u0131d\u0131r.\n<\/p>\n<p>\n  Bu g\u00fcn \u00f6z\u00fcn\u00fcn, \u0259traf\u0131n\u0131n, ya\u015fad\u0131\u011f\u0131 c\u0259miyy\u0259tin h\u0259r bir f\u0259rdinin h\u00fcquqlar\u0131 u\u011frunda sava\u015fan, haqq\u0131m\u0131 t\u0259l\u0259b ed\u0259n, c\u0259miyy\u0259tin\u0259, d\u00f6vl\u0259tin\u0259 v\u0259 b\u00fct\u00fcn d\u00fcnyaya t\u00f6hf\u0259 verm\u0259y\u0259 \u00e7al\u0131\u015fan qad\u0131nlar\u0131n bayram\u0131d\u0131r. Bayram\u0131n\u0131z m\u00fcbar\u0259k, m\u00fcbariz Az\u0259rbaycan v\u0259 d\u00fcnya qad\u0131nlar\u0131 !\n<\/p>\n<p>\n  <b><br \/>\n    Yaz\u0131 m\u00fc\u0259llifin \u015f\u0259xsi m\u00f6vqeyini \u0259ks etdirir&#8230;<br \/>\n  <\/b><\/p>\n","protected":false},"excerpt":{"rendered":"<p>\u00d6ld\u00fcr\u00fcl\u0259n, t\u0259hqir olunan, i\u015fg\u0259nc\u0259 veril\u0259n\u2026<\/p>\n","protected":false},"author":11,"featured_media":49361,"comment_status":"closed","ping_status":"open","sticky":false,"template":"","format":"standard","meta":{"_acf_changed":false,"_sitemap_exclude":false,"_sitemap_priority":"","_sitemap_frequency":"","footnotes":""},"categories":[57],"tags":[],"class_list":["post-174237","post","type-post","status-publish","format-standard","has-post-thumbnail","hentry","category-menim-fikrimce","infinite-scroll-item","generate-columns","tablet-grid-50","mobile-grid-100","grid-parent","grid-33","no-featured-image-padding"],"acf":[],"yoast_head":"<!-- This site is optimized with the Yoast SEO plugin v27.5 - https:\/\/yoast.com\/product\/yoast-seo-wordpress\/ -->\n<title>Bu, kimin bayram\u0131d\u0131r\u2026 - MEYDAN.TV<\/title>\n<meta name=\"robots\" content=\"index, follow, max-snippet:-1, max-image-preview:large, max-video-preview:-1\" \/>\n<link rel=\"canonical\" href=\"https:\/\/www.meydan.tv\/az\/article\/bu-kimin-bayramidir\/\" \/>\n<meta property=\"og:locale\" content=\"az_AZ\" \/>\n<meta property=\"og:type\" content=\"article\" \/>\n<meta property=\"og:title\" content=\"Bu, kimin bayram\u0131d\u0131r\u2026 - MEYDAN.TV\" \/>\n<meta property=\"og:description\" content=\"\u00d6ld\u00fcr\u00fcl\u0259n, t\u0259hqir olunan, i\u015fg\u0259nc\u0259 veril\u0259n\u2026\" \/>\n<meta property=\"og:url\" content=\"https:\/\/www.meydan.tv\/az\/article\/bu-kimin-bayramidir\/\" \/>\n<meta property=\"og:site_name\" content=\"MEYDAN.TV\" \/>\n<meta property=\"article:published_time\" content=\"2016-03-08T00:19:04+00:00\" \/>\n<meta property=\"og:image\" content=\"https:\/\/www.meydan.tv\/wp-content\/uploads\/18541.jpg\" \/>\n\t<meta property=\"og:image:width\" content=\"500\" \/>\n\t<meta property=\"og:image:height\" content=\"500\" \/>\n\t<meta property=\"og:image:type\" content=\"image\/jpeg\" \/>\n<meta name=\"author\" content=\"user-manager\" \/>\n<meta name=\"twitter:card\" content=\"summary_large_image\" \/>\n<script type=\"application\/ld+json\" class=\"yoast-schema-graph\">{\"@context\":\"https:\\\/\\\/schema.org\",\"@graph\":[{\"@type\":\"Article\",\"@id\":\"https:\\\/\\\/www.meydan.tv\\\/az\\\/article\\\/bu-kimin-bayramidir\\\/#article\",\"isPartOf\":{\"@id\":\"https:\\\/\\\/www.meydan.tv\\\/az\\\/article\\\/bu-kimin-bayramidir\\\/\"},\"author\":{\"name\":\"user-manager\",\"@id\":\"https:\\\/\\\/www.meydan.tv\\\/az\\\/#\\\/schema\\\/person\\\/10d11eccf6da3662cf5fdab9806ea91a\"},\"headline\":\"Bu, kimin bayram\u0131d\u0131r\u2026\",\"datePublished\":\"2016-03-08T00:19:04+00:00\",\"mainEntityOfPage\":{\"@id\":\"https:\\\/\\\/www.meydan.tv\\\/az\\\/article\\\/bu-kimin-bayramidir\\\/\"},\"wordCount\":813,\"publisher\":{\"@id\":\"https:\\\/\\\/www.meydan.tv\\\/az\\\/#organization\"},\"image\":{\"@id\":\"https:\\\/\\\/www.meydan.tv\\\/az\\\/article\\\/bu-kimin-bayramidir\\\/#primaryimage\"},\"thumbnailUrl\":\"https:\\\/\\\/www.meydan.tv\\\/wp-content\\\/uploads\\\/18541.jpg\",\"articleSection\":[\"M\u0259nim Fikrimc\u0259\"],\"inLanguage\":\"az\"},{\"@type\":\"WebPage\",\"@id\":\"https:\\\/\\\/www.meydan.tv\\\/az\\\/article\\\/bu-kimin-bayramidir\\\/\",\"url\":\"https:\\\/\\\/www.meydan.tv\\\/az\\\/article\\\/bu-kimin-bayramidir\\\/\",\"name\":\"Bu, kimin bayram\u0131d\u0131r\u2026 - MEYDAN.TV\",\"isPartOf\":{\"@id\":\"https:\\\/\\\/www.meydan.tv\\\/az\\\/#website\"},\"primaryImageOfPage\":{\"@id\":\"https:\\\/\\\/www.meydan.tv\\\/az\\\/article\\\/bu-kimin-bayramidir\\\/#primaryimage\"},\"image\":{\"@id\":\"https:\\\/\\\/www.meydan.tv\\\/az\\\/article\\\/bu-kimin-bayramidir\\\/#primaryimage\"},\"thumbnailUrl\":\"https:\\\/\\\/www.meydan.tv\\\/wp-content\\\/uploads\\\/18541.jpg\",\"datePublished\":\"2016-03-08T00:19:04+00:00\",\"breadcrumb\":{\"@id\":\"https:\\\/\\\/www.meydan.tv\\\/az\\\/article\\\/bu-kimin-bayramidir\\\/#breadcrumb\"},\"inLanguage\":\"az\",\"potentialAction\":[{\"@type\":\"ReadAction\",\"target\":[\"https:\\\/\\\/www.meydan.tv\\\/az\\\/article\\\/bu-kimin-bayramidir\\\/\"]}]},{\"@type\":\"ImageObject\",\"inLanguage\":\"az\",\"@id\":\"https:\\\/\\\/www.meydan.tv\\\/az\\\/article\\\/bu-kimin-bayramidir\\\/#primaryimage\",\"url\":\"https:\\\/\\\/www.meydan.tv\\\/wp-content\\\/uploads\\\/18541.jpg\",\"contentUrl\":\"https:\\\/\\\/www.meydan.tv\\\/wp-content\\\/uploads\\\/18541.jpg\",\"width\":500,\"height\":500,\"caption\":\"Source:\"},{\"@type\":\"BreadcrumbList\",\"@id\":\"https:\\\/\\\/www.meydan.tv\\\/az\\\/article\\\/bu-kimin-bayramidir\\\/#breadcrumb\",\"itemListElement\":[{\"@type\":\"ListItem\",\"position\":1,\"name\":\"Ana s\u0259hif\u0259\",\"item\":\"https:\\\/\\\/www.meydan.tv\\\/az\\\/\"},{\"@type\":\"ListItem\",\"position\":2,\"name\":\"M\u0259nim Fikrimc\u0259\",\"item\":\"https:\\\/\\\/www.meydan.tv\\\/az\\\/section\\\/menim-fikrimce\\\/\"},{\"@type\":\"ListItem\",\"position\":3,\"name\":\"Bu, kimin bayram\u0131d\u0131r\u2026\"}]},{\"@type\":\"WebSite\",\"@id\":\"https:\\\/\\\/www.meydan.tv\\\/az\\\/#website\",\"url\":\"https:\\\/\\\/www.meydan.tv\\\/az\\\/\",\"name\":\"MEYDAN.TV\",\"description\":\"Meydan TV Az\u0259rbaycan\u0131n media m\u0259kan\u0131ndak\u0131 alternativ s\u0259sidir\",\"publisher\":{\"@id\":\"https:\\\/\\\/www.meydan.tv\\\/az\\\/#organization\"},\"potentialAction\":[{\"@type\":\"SearchAction\",\"target\":{\"@type\":\"EntryPoint\",\"urlTemplate\":\"https:\\\/\\\/www.meydan.tv\\\/az\\\/?s={search_term_string}\"},\"query-input\":{\"@type\":\"PropertyValueSpecification\",\"valueRequired\":true,\"valueName\":\"search_term_string\"}}],\"inLanguage\":\"az\"},{\"@type\":\"Organization\",\"@id\":\"https:\\\/\\\/www.meydan.tv\\\/az\\\/#organization\",\"name\":\"Meydan TV\",\"url\":\"https:\\\/\\\/www.meydan.tv\\\/az\\\/\",\"logo\":{\"@type\":\"ImageObject\",\"inLanguage\":\"az\",\"@id\":\"https:\\\/\\\/www.meydan.tv\\\/az\\\/#\\\/schema\\\/logo\\\/image\\\/\",\"url\":\"https:\\\/\\\/www.meydan.tv\\\/wp-content\\\/uploads\\\/2021\\\/07\\\/meydan-logo.svg\",\"contentUrl\":\"https:\\\/\\\/www.meydan.tv\\\/wp-content\\\/uploads\\\/2021\\\/07\\\/meydan-logo.svg\",\"width\":195,\"height\":46,\"caption\":\"Meydan TV\"},\"image\":{\"@id\":\"https:\\\/\\\/www.meydan.tv\\\/az\\\/#\\\/schema\\\/logo\\\/image\\\/\"}},{\"@type\":\"Person\",\"@id\":\"https:\\\/\\\/www.meydan.tv\\\/az\\\/#\\\/schema\\\/person\\\/10d11eccf6da3662cf5fdab9806ea91a\",\"name\":\"user-manager\"}]}<\/script>\n<!-- \/ Yoast SEO plugin. -->","yoast_head_json":{"title":"Bu, kimin bayram\u0131d\u0131r\u2026 - MEYDAN.TV","robots":{"index":"index","follow":"follow","max-snippet":"max-snippet:-1","max-image-preview":"max-image-preview:large","max-video-preview":"max-video-preview:-1"},"canonical":"https:\/\/www.meydan.tv\/az\/article\/bu-kimin-bayramidir\/","og_locale":"az_AZ","og_type":"article","og_title":"Bu, kimin bayram\u0131d\u0131r\u2026 - MEYDAN.TV","og_description":"\u00d6ld\u00fcr\u00fcl\u0259n, t\u0259hqir olunan, i\u015fg\u0259nc\u0259 veril\u0259n\u2026","og_url":"https:\/\/www.meydan.tv\/az\/article\/bu-kimin-bayramidir\/","og_site_name":"MEYDAN.TV","article_published_time":"2016-03-08T00:19:04+00:00","og_image":[{"width":500,"height":500,"url":"https:\/\/www.meydan.tv\/wp-content\/uploads\/18541.jpg","type":"image\/jpeg"}],"author":"user-manager","twitter_card":"summary_large_image","schema":{"@context":"https:\/\/schema.org","@graph":[{"@type":"Article","@id":"https:\/\/www.meydan.tv\/az\/article\/bu-kimin-bayramidir\/#article","isPartOf":{"@id":"https:\/\/www.meydan.tv\/az\/article\/bu-kimin-bayramidir\/"},"author":{"name":"user-manager","@id":"https:\/\/www.meydan.tv\/az\/#\/schema\/person\/10d11eccf6da3662cf5fdab9806ea91a"},"headline":"Bu, kimin bayram\u0131d\u0131r\u2026","datePublished":"2016-03-08T00:19:04+00:00","mainEntityOfPage":{"@id":"https:\/\/www.meydan.tv\/az\/article\/bu-kimin-bayramidir\/"},"wordCount":813,"publisher":{"@id":"https:\/\/www.meydan.tv\/az\/#organization"},"image":{"@id":"https:\/\/www.meydan.tv\/az\/article\/bu-kimin-bayramidir\/#primaryimage"},"thumbnailUrl":"https:\/\/www.meydan.tv\/wp-content\/uploads\/18541.jpg","articleSection":["M\u0259nim Fikrimc\u0259"],"inLanguage":"az"},{"@type":"WebPage","@id":"https:\/\/www.meydan.tv\/az\/article\/bu-kimin-bayramidir\/","url":"https:\/\/www.meydan.tv\/az\/article\/bu-kimin-bayramidir\/","name":"Bu, kimin bayram\u0131d\u0131r\u2026 - MEYDAN.TV","isPartOf":{"@id":"https:\/\/www.meydan.tv\/az\/#website"},"primaryImageOfPage":{"@id":"https:\/\/www.meydan.tv\/az\/article\/bu-kimin-bayramidir\/#primaryimage"},"image":{"@id":"https:\/\/www.meydan.tv\/az\/article\/bu-kimin-bayramidir\/#primaryimage"},"thumbnailUrl":"https:\/\/www.meydan.tv\/wp-content\/uploads\/18541.jpg","datePublished":"2016-03-08T00:19:04+00:00","breadcrumb":{"@id":"https:\/\/www.meydan.tv\/az\/article\/bu-kimin-bayramidir\/#breadcrumb"},"inLanguage":"az","potentialAction":[{"@type":"ReadAction","target":["https:\/\/www.meydan.tv\/az\/article\/bu-kimin-bayramidir\/"]}]},{"@type":"ImageObject","inLanguage":"az","@id":"https:\/\/www.meydan.tv\/az\/article\/bu-kimin-bayramidir\/#primaryimage","url":"https:\/\/www.meydan.tv\/wp-content\/uploads\/18541.jpg","contentUrl":"https:\/\/www.meydan.tv\/wp-content\/uploads\/18541.jpg","width":500,"height":500,"caption":"Source:"},{"@type":"BreadcrumbList","@id":"https:\/\/www.meydan.tv\/az\/article\/bu-kimin-bayramidir\/#breadcrumb","itemListElement":[{"@type":"ListItem","position":1,"name":"Ana s\u0259hif\u0259","item":"https:\/\/www.meydan.tv\/az\/"},{"@type":"ListItem","position":2,"name":"M\u0259nim Fikrimc\u0259","item":"https:\/\/www.meydan.tv\/az\/section\/menim-fikrimce\/"},{"@type":"ListItem","position":3,"name":"Bu, kimin bayram\u0131d\u0131r\u2026"}]},{"@type":"WebSite","@id":"https:\/\/www.meydan.tv\/az\/#website","url":"https:\/\/www.meydan.tv\/az\/","name":"MEYDAN.TV","description":"Meydan TV Az\u0259rbaycan\u0131n media m\u0259kan\u0131ndak\u0131 alternativ s\u0259sidir","publisher":{"@id":"https:\/\/www.meydan.tv\/az\/#organization"},"potentialAction":[{"@type":"SearchAction","target":{"@type":"EntryPoint","urlTemplate":"https:\/\/www.meydan.tv\/az\/?s={search_term_string}"},"query-input":{"@type":"PropertyValueSpecification","valueRequired":true,"valueName":"search_term_string"}}],"inLanguage":"az"},{"@type":"Organization","@id":"https:\/\/www.meydan.tv\/az\/#organization","name":"Meydan TV","url":"https:\/\/www.meydan.tv\/az\/","logo":{"@type":"ImageObject","inLanguage":"az","@id":"https:\/\/www.meydan.tv\/az\/#\/schema\/logo\/image\/","url":"https:\/\/www.meydan.tv\/wp-content\/uploads\/2021\/07\/meydan-logo.svg","contentUrl":"https:\/\/www.meydan.tv\/wp-content\/uploads\/2021\/07\/meydan-logo.svg","width":195,"height":46,"caption":"Meydan TV"},"image":{"@id":"https:\/\/www.meydan.tv\/az\/#\/schema\/logo\/image\/"}},{"@type":"Person","@id":"https:\/\/www.meydan.tv\/az\/#\/schema\/person\/10d11eccf6da3662cf5fdab9806ea91a","name":"user-manager"}]}},"_links":{"self":[{"href":"https:\/\/www.meydan.tv\/az\/wp-json\/wp\/v2\/posts\/174237","targetHints":{"allow":["GET"]}}],"collection":[{"href":"https:\/\/www.meydan.tv\/az\/wp-json\/wp\/v2\/posts"}],"about":[{"href":"https:\/\/www.meydan.tv\/az\/wp-json\/wp\/v2\/types\/post"}],"author":[{"embeddable":true,"href":"https:\/\/www.meydan.tv\/az\/wp-json\/wp\/v2\/users\/11"}],"replies":[{"embeddable":true,"href":"https:\/\/www.meydan.tv\/az\/wp-json\/wp\/v2\/comments?post=174237"}],"version-history":[{"count":0,"href":"https:\/\/www.meydan.tv\/az\/wp-json\/wp\/v2\/posts\/174237\/revisions"}],"wp:featuredmedia":[{"embeddable":true,"href":"https:\/\/www.meydan.tv\/az\/wp-json\/wp\/v2\/media\/49361"}],"wp:attachment":[{"href":"https:\/\/www.meydan.tv\/az\/wp-json\/wp\/v2\/media?parent=174237"}],"wp:term":[{"taxonomy":"category","embeddable":true,"href":"https:\/\/www.meydan.tv\/az\/wp-json\/wp\/v2\/categories?post=174237"},{"taxonomy":"post_tag","embeddable":true,"href":"https:\/\/www.meydan.tv\/az\/wp-json\/wp\/v2\/tags?post=174237"}],"curies":[{"name":"wp","href":"https:\/\/api.w.org\/{rel}","templated":true}]}}