{"id":174198,"date":"2016-03-06T01:08:59","date_gmt":"2016-03-06T01:08:59","guid":{"rendered":"https:\/\/www.meydan.tv\/article\/senet-don-kixotlugu\/"},"modified":"2016-03-06T01:08:59","modified_gmt":"2016-03-06T01:08:59","slug":"senet-don-kixotlugu","status":"publish","type":"post","link":"https:\/\/www.meydan.tv\/az\/article\/senet-don-kixotlugu\/","title":{"rendered":"S\u0259n\u0259t Don Kixotlu\u011fu"},"content":{"rendered":"<figure class=\"wp-block-image size-large\">\n  <img decoding=\"async\" src=\"https:\/\/www.meydan.tv\/az\/50830\/\" alt=\"\" class=\"wp-image-50830\"\/><figcaption><\/figcaption><\/figure>\n<figure class=\"wp-block-image size-large\">\n  <img decoding=\"async\" src=\"https:\/\/www.meydan.tv\/az\/50833\/\" alt=\"\" class=\"wp-image-50833\"\/><figcaption><\/figcaption><\/figure>\n<p>\n  90-c\u0131 ill\u0259r\u0259 d\u00fc\u015f\u0259n u\u015faql\u0131\u011f\u0131mda indiki z\u00f6vq c\u0259nn\u0259ti yox idi. N\u0259 kitablar bu q\u0259d\u0259r \u0259l\u00e7atan idi, n\u0259 informasiya, n\u0259 d\u0259 ki, s\u0259n\u0259t. Kinodan he\u00e7 dan\u0131\u015fm\u0131ram. Bizim ona baxmaq \u00fc\u00e7\u00fcn birc\u0259 imkan\u0131m\u0131z vard\u0131. Televiziya. \u0130ndiki g\u0259ncl\u0259r\u0259 ba\u015fqa bir kosmos, ba\u015fqa reall\u0131q kimi g\u0259l\u0259r b\u0259lk\u0259 d\u0259. Ax\u0131 nec\u0259 ola bil\u0259r ki, insan bu ay d\u00f6vriyy\u0259y\u0259 burax\u0131lan film\u0259 baxa bilm\u0259sin: \u201cNiy\u0259 kinoteatrlar o filmi g\u00f6st\u0259rmir, niy\u0259 filmi internetd\u0259n y\u00fckl\u0259yib baxm\u0131rd\u0131n\u0131z?\u201d. Senzuran\u0131, idologiyaya ziyan olan filml\u0259ri (h\u0259l\u0259 film niy\u0259 ideologiyaya z\u0259r\u0259r ola bil\u0259r \u2013 bunu bir ayr\u0131 anlatmaq laz\u0131m&#8230;.), ist\u0259diyimiz filml\u0259r\u0259 deyil, ba\u015fqalar\u0131nn se\u00e7diyi filml\u0259r\u0259 baxmal\u0131 oldu\u011fumuzu uzun-uzun izah etm\u0259k laz\u0131md\u0131r.\n<\/p>\n<p>\n  Uzun-uzun yaz\u0131larla&#8230;\n<\/p>\n<p>\n  G\u00fcn uzunu oturub, g\u00f6zl\u0259m\u0259li, ax\u015fam da \u201cm\u00fcbar\u0259k\u201d insanlar\u0131n bizim, y\u0259ni sonuncu \u201csovetyonok\u201dlar \u00fc\u00e7\u00fcn se\u00e7dikl\u0259ri filml\u0259r\u0259 baxmal\u0131 idik. Hind filml\u0259ri, \u00f6p\u00fc\u015fs\u00fcz, sevi\u015fm\u0259siz melodramlar, \u201cdaval\u0131 kinolar\u201d&#8230;N\u0259 bilim, b\u0259lk\u0259 u\u015faql\u0131\u011f\u0131m\u0131n x\u0259trin\u0259 d\u0259ym\u0259k ist\u0259mir\u0259m dey\u0259, bu tip filml\u0259r\u0259 \u00fcst\u0259n-a\u015fa\u011f\u0131 baxa bilmir\u0259m. D\u00fczd\u00fcr, m\u0259qs\u0259dy\u00f6nl\u00fc se\u00e7ib, baxm\u0131ram, amma t\u0259sad\u00fcf\u0259n qar\u015f\u0131ma \u00e7\u0131xanda da, kanal\u0131 d\u0259yi\u015fmir\u0259m, oturub bax\u0131ram ax\u0131racan. Bir az u\u015faql\u0131\u011f\u0131m\u0131 xat\u0131rlay\u0131ram, bir az \u0259s\u0259bl\u0259rim dinc\u0259lir. A\u011f\u0131r m\u00f6vzulardan u\u015faqla\u015f\u0131ram bir az. Seymur Baycan demi\u015fk\u0259n, \u201cnovo-passit\u201d kimi t\u0259sir edir bel\u0259 filml\u0259r m\u0259n\u0259&#8230;\n<\/p>\n<p>\n  Romantikaya dald\u0131m, u\u015faql\u0131\u011f\u0131m\u0131n, g\u0259ncliyimin kino problemini unutdum. \u0130ndi d\u00fc\u015f\u00fcn\u00fcr\u0259m ki, o ill\u0259rd\u0259 \u201cRetro\u201d verili\u015fi il\u0259 b\u00fct\u00fcn bir xalqa t\u0259kba\u015f\u0131na kinonu tan\u0131tmaq, sevdirm\u0259k ist\u0259y\u0259n Ayaz Salayev n\u0259 hiss edirdi? N\u0259y\u0259 nail olmaq ist\u0259yirdi? Ist\u0259yir\u0259m, indi bax\u0131\u015f reytinql\u0259rini \u00f6l\u00e7\u0259n cihazlar\u0131n geriy\u0259 d\u0259 q\u00fcvv\u0259si olsun, g\u00f6r\u0259k o ill\u0259rd\u0259 ne\u00e7\u0259 insan Retro Kinozal\u0131nda Ayaz Salayevin dan\u0131\u015fd\u0131qlar\u0131n\u0131 dinl\u0259yirdi? Ne\u00e7\u0259 insan s\u0259birsizlikl\u0259 g\u00f6zl\u0259mirdi ki, Ayaz Salayev dan\u0131\u015f\u0131b-qurtars\u0131n, sonra onlar film\u0259 baxs\u0131nlar?\n<\/p>\n<p>\n  Ne\u00e7\u0259 adam onun se\u00e7diyi filml\u0259ri b\u0259y\u0259nirdi?\n<\/p>\n<p>\n  Ke\u00e7mi\u015fi bel\u0259 ritorik suallarla xat\u0131rlamaq \u0259lb\u0259tt\u0259, k\u0259d\u0259rlidir. Sual i\u015far\u0259si il\u0259 bit\u0259n c\u00fcml\u0259l\u0259ri yazmaq is\u0259 he\u00e7 d\u0259 \u0259n xo\u015f \u015feyl\u0259rd\u0259n deyil. Amma h\u0259rd\u0259n d\u00fc\u015f\u00fcn\u00fcr\u0259m ki, bir adam\u0131n b\u00fct\u00fcn bir s\u0259n\u0259t n\u00f6v\u00fcn\u00fcn t\u0259\u0259ss\u00fcb\u00fcn\u00fc t\u0259kba\u015f\u0131na \u00e7\u0259km\u0259yi d\u0259 \u00e7ox k\u0259d\u0259rlidir. Amma daha k\u0259d\u0259rlisi budur ki, kinoya senzuran\u0131n (b\u00fct\u00fcn s\u0259n\u0259t n\u00f6vl\u0259rin\u0259 oldu\u011fu kimi) t\u00fc\u011fyan el\u0259diyi bir d\u00f6vrd\u0259, s\u0259ni dinl\u0259s\u0259l\u0259r d\u0259, dinl\u0259m\u0259s\u0259l\u0259r d\u0259, az ya \u00e7ox dinl\u0259s\u0259l\u0259r d\u0259, i\u015fin funksionald\u0131r, kim\u0259s\u0259 az da olsa, laz\u0131md\u0131r.\n<\/p>\n<p>\n  Amma bir g\u00fcn \u00f6lk\u0259 d\u00fcnyaya a\u00e7\u0131l\u0131r. B\u00fct\u00fcn filml\u0259r, film t\u0259nqidi, r\u0259yl\u0259r tama\u015fa\u00e7\u0131ya \u0259l\u00e7atan olur. S\u0259nin is\u0259 kino Don Kixotlu\u011fun \u0259vv\u0259l d\u0259 \u00e7ox adama laz\u0131m deyildi, indi is\u0259 \u00fcmumiyy\u0259tl\u0259 he\u00e7 kim\u0259 laz\u0131m olmur.\n<\/p>\n<p>\n  V\u0259 s\u0259n Don Kixotlu\u011funu bitirirs\u0259n, realist adam olursan. A\u011f\u0131l romantikan\u0131, m\u0259nf\u0259\u0259t s\u0259n\u0259t t\u0259\u0259ss\u00fcbke\u015fliyini \u00fcst\u0259l\u0259yir.\n<\/p>\n<p>\n  Amma bir sual a\u00e7\u0131q qal\u0131r: insanlar\u0131m\u0131z kinonu, s\u0259n\u0259ti ciddi, s\u0259mimi bir sevgi il\u0259 sevs\u0259ydi, yen\u0259 d\u0259 bel\u0259 olacaqd\u0131?\n<\/p>\n<\/p>\n<p>\n  <b><br \/>\n    Yaz\u0131 m\u00fc\u0259llifin \u015f\u0259xsi m\u00f6vqeyini \u0259ks etdirir&#8230;<br \/>\n  <\/b><\/p>\n","protected":false},"excerpt":{"rendered":"<p>T\u0259nha romantikin d\u00fc\u015f\u00fcnc\u0259l\u0259ri&#8230;<\/p>\n","protected":false},"author":11,"featured_media":50830,"comment_status":"closed","ping_status":"open","sticky":false,"template":"","format":"standard","meta":{"_acf_changed":false,"_sitemap_exclude":false,"_sitemap_priority":"","_sitemap_frequency":"","footnotes":""},"categories":[57],"tags":[],"class_list":["post-174198","post","type-post","status-publish","format-standard","has-post-thumbnail","hentry","category-menim-fikrimce","infinite-scroll-item","generate-columns","tablet-grid-50","mobile-grid-100","grid-parent","grid-33","no-featured-image-padding"],"acf":[],"yoast_head":"<!-- This site is optimized with the Yoast SEO plugin v27.5 - https:\/\/yoast.com\/product\/yoast-seo-wordpress\/ -->\n<title>S\u0259n\u0259t Don Kixotlu\u011fu - MEYDAN.TV<\/title>\n<meta name=\"robots\" content=\"index, follow, max-snippet:-1, max-image-preview:large, max-video-preview:-1\" \/>\n<link rel=\"canonical\" href=\"https:\/\/www.meydan.tv\/az\/article\/senet-don-kixotlugu\/\" \/>\n<meta property=\"og:locale\" content=\"az_AZ\" \/>\n<meta property=\"og:type\" content=\"article\" \/>\n<meta property=\"og:title\" content=\"S\u0259n\u0259t Don Kixotlu\u011fu - MEYDAN.TV\" \/>\n<meta property=\"og:description\" content=\"T\u0259nha romantikin d\u00fc\u015f\u00fcnc\u0259l\u0259ri...\" \/>\n<meta property=\"og:url\" content=\"https:\/\/www.meydan.tv\/az\/article\/senet-don-kixotlugu\/\" \/>\n<meta property=\"og:site_name\" content=\"MEYDAN.TV\" \/>\n<meta property=\"article:published_time\" content=\"2016-03-06T01:08:59+00:00\" \/>\n<meta property=\"og:image\" content=\"https:\/\/www.meydan.tv\/wp-content\/uploads\/19159.jpg\" \/>\n\t<meta property=\"og:image:width\" content=\"500\" \/>\n\t<meta property=\"og:image:height\" content=\"500\" \/>\n\t<meta property=\"og:image:type\" content=\"image\/jpeg\" \/>\n<meta name=\"author\" content=\"user-manager\" \/>\n<meta name=\"twitter:card\" content=\"summary_large_image\" \/>\n<script type=\"application\/ld+json\" class=\"yoast-schema-graph\">{\"@context\":\"https:\\\/\\\/schema.org\",\"@graph\":[{\"@type\":\"Article\",\"@id\":\"https:\\\/\\\/www.meydan.tv\\\/az\\\/article\\\/senet-don-kixotlugu\\\/#article\",\"isPartOf\":{\"@id\":\"https:\\\/\\\/www.meydan.tv\\\/az\\\/article\\\/senet-don-kixotlugu\\\/\"},\"author\":{\"name\":\"user-manager\",\"@id\":\"https:\\\/\\\/www.meydan.tv\\\/az\\\/#\\\/schema\\\/person\\\/10d11eccf6da3662cf5fdab9806ea91a\"},\"headline\":\"S\u0259n\u0259t Don Kixotlu\u011fu\",\"datePublished\":\"2016-03-06T01:08:59+00:00\",\"mainEntityOfPage\":{\"@id\":\"https:\\\/\\\/www.meydan.tv\\\/az\\\/article\\\/senet-don-kixotlugu\\\/\"},\"wordCount\":656,\"publisher\":{\"@id\":\"https:\\\/\\\/www.meydan.tv\\\/az\\\/#organization\"},\"image\":{\"@id\":\"https:\\\/\\\/www.meydan.tv\\\/az\\\/article\\\/senet-don-kixotlugu\\\/#primaryimage\"},\"thumbnailUrl\":\"https:\\\/\\\/www.meydan.tv\\\/wp-content\\\/uploads\\\/19159.jpg\",\"articleSection\":[\"M\u0259nim Fikrimc\u0259\"],\"inLanguage\":\"az\"},{\"@type\":\"WebPage\",\"@id\":\"https:\\\/\\\/www.meydan.tv\\\/az\\\/article\\\/senet-don-kixotlugu\\\/\",\"url\":\"https:\\\/\\\/www.meydan.tv\\\/az\\\/article\\\/senet-don-kixotlugu\\\/\",\"name\":\"S\u0259n\u0259t Don Kixotlu\u011fu - MEYDAN.TV\",\"isPartOf\":{\"@id\":\"https:\\\/\\\/www.meydan.tv\\\/az\\\/#website\"},\"primaryImageOfPage\":{\"@id\":\"https:\\\/\\\/www.meydan.tv\\\/az\\\/article\\\/senet-don-kixotlugu\\\/#primaryimage\"},\"image\":{\"@id\":\"https:\\\/\\\/www.meydan.tv\\\/az\\\/article\\\/senet-don-kixotlugu\\\/#primaryimage\"},\"thumbnailUrl\":\"https:\\\/\\\/www.meydan.tv\\\/wp-content\\\/uploads\\\/19159.jpg\",\"datePublished\":\"2016-03-06T01:08:59+00:00\",\"breadcrumb\":{\"@id\":\"https:\\\/\\\/www.meydan.tv\\\/az\\\/article\\\/senet-don-kixotlugu\\\/#breadcrumb\"},\"inLanguage\":\"az\",\"potentialAction\":[{\"@type\":\"ReadAction\",\"target\":[\"https:\\\/\\\/www.meydan.tv\\\/az\\\/article\\\/senet-don-kixotlugu\\\/\"]}]},{\"@type\":\"ImageObject\",\"inLanguage\":\"az\",\"@id\":\"https:\\\/\\\/www.meydan.tv\\\/az\\\/article\\\/senet-don-kixotlugu\\\/#primaryimage\",\"url\":\"https:\\\/\\\/www.meydan.tv\\\/wp-content\\\/uploads\\\/19159.jpg\",\"contentUrl\":\"https:\\\/\\\/www.meydan.tv\\\/wp-content\\\/uploads\\\/19159.jpg\",\"width\":500,\"height\":500,\"caption\":\"Source:\"},{\"@type\":\"BreadcrumbList\",\"@id\":\"https:\\\/\\\/www.meydan.tv\\\/az\\\/article\\\/senet-don-kixotlugu\\\/#breadcrumb\",\"itemListElement\":[{\"@type\":\"ListItem\",\"position\":1,\"name\":\"Ana s\u0259hif\u0259\",\"item\":\"https:\\\/\\\/www.meydan.tv\\\/az\\\/\"},{\"@type\":\"ListItem\",\"position\":2,\"name\":\"M\u0259nim Fikrimc\u0259\",\"item\":\"https:\\\/\\\/www.meydan.tv\\\/az\\\/section\\\/menim-fikrimce\\\/\"},{\"@type\":\"ListItem\",\"position\":3,\"name\":\"S\u0259n\u0259t Don Kixotlu\u011fu\"}]},{\"@type\":\"WebSite\",\"@id\":\"https:\\\/\\\/www.meydan.tv\\\/az\\\/#website\",\"url\":\"https:\\\/\\\/www.meydan.tv\\\/az\\\/\",\"name\":\"MEYDAN.TV\",\"description\":\"Meydan TV Az\u0259rbaycan\u0131n media m\u0259kan\u0131ndak\u0131 alternativ s\u0259sidir\",\"publisher\":{\"@id\":\"https:\\\/\\\/www.meydan.tv\\\/az\\\/#organization\"},\"potentialAction\":[{\"@type\":\"SearchAction\",\"target\":{\"@type\":\"EntryPoint\",\"urlTemplate\":\"https:\\\/\\\/www.meydan.tv\\\/az\\\/?s={search_term_string}\"},\"query-input\":{\"@type\":\"PropertyValueSpecification\",\"valueRequired\":true,\"valueName\":\"search_term_string\"}}],\"inLanguage\":\"az\"},{\"@type\":\"Organization\",\"@id\":\"https:\\\/\\\/www.meydan.tv\\\/az\\\/#organization\",\"name\":\"Meydan TV\",\"url\":\"https:\\\/\\\/www.meydan.tv\\\/az\\\/\",\"logo\":{\"@type\":\"ImageObject\",\"inLanguage\":\"az\",\"@id\":\"https:\\\/\\\/www.meydan.tv\\\/az\\\/#\\\/schema\\\/logo\\\/image\\\/\",\"url\":\"https:\\\/\\\/www.meydan.tv\\\/wp-content\\\/uploads\\\/2021\\\/07\\\/meydan-logo.svg\",\"contentUrl\":\"https:\\\/\\\/www.meydan.tv\\\/wp-content\\\/uploads\\\/2021\\\/07\\\/meydan-logo.svg\",\"width\":195,\"height\":46,\"caption\":\"Meydan TV\"},\"image\":{\"@id\":\"https:\\\/\\\/www.meydan.tv\\\/az\\\/#\\\/schema\\\/logo\\\/image\\\/\"}},{\"@type\":\"Person\",\"@id\":\"https:\\\/\\\/www.meydan.tv\\\/az\\\/#\\\/schema\\\/person\\\/10d11eccf6da3662cf5fdab9806ea91a\",\"name\":\"user-manager\"}]}<\/script>\n<!-- \/ Yoast SEO plugin. -->","yoast_head_json":{"title":"S\u0259n\u0259t Don Kixotlu\u011fu - MEYDAN.TV","robots":{"index":"index","follow":"follow","max-snippet":"max-snippet:-1","max-image-preview":"max-image-preview:large","max-video-preview":"max-video-preview:-1"},"canonical":"https:\/\/www.meydan.tv\/az\/article\/senet-don-kixotlugu\/","og_locale":"az_AZ","og_type":"article","og_title":"S\u0259n\u0259t Don Kixotlu\u011fu - MEYDAN.TV","og_description":"T\u0259nha romantikin d\u00fc\u015f\u00fcnc\u0259l\u0259ri...","og_url":"https:\/\/www.meydan.tv\/az\/article\/senet-don-kixotlugu\/","og_site_name":"MEYDAN.TV","article_published_time":"2016-03-06T01:08:59+00:00","og_image":[{"width":500,"height":500,"url":"https:\/\/www.meydan.tv\/wp-content\/uploads\/19159.jpg","type":"image\/jpeg"}],"author":"user-manager","twitter_card":"summary_large_image","schema":{"@context":"https:\/\/schema.org","@graph":[{"@type":"Article","@id":"https:\/\/www.meydan.tv\/az\/article\/senet-don-kixotlugu\/#article","isPartOf":{"@id":"https:\/\/www.meydan.tv\/az\/article\/senet-don-kixotlugu\/"},"author":{"name":"user-manager","@id":"https:\/\/www.meydan.tv\/az\/#\/schema\/person\/10d11eccf6da3662cf5fdab9806ea91a"},"headline":"S\u0259n\u0259t Don Kixotlu\u011fu","datePublished":"2016-03-06T01:08:59+00:00","mainEntityOfPage":{"@id":"https:\/\/www.meydan.tv\/az\/article\/senet-don-kixotlugu\/"},"wordCount":656,"publisher":{"@id":"https:\/\/www.meydan.tv\/az\/#organization"},"image":{"@id":"https:\/\/www.meydan.tv\/az\/article\/senet-don-kixotlugu\/#primaryimage"},"thumbnailUrl":"https:\/\/www.meydan.tv\/wp-content\/uploads\/19159.jpg","articleSection":["M\u0259nim Fikrimc\u0259"],"inLanguage":"az"},{"@type":"WebPage","@id":"https:\/\/www.meydan.tv\/az\/article\/senet-don-kixotlugu\/","url":"https:\/\/www.meydan.tv\/az\/article\/senet-don-kixotlugu\/","name":"S\u0259n\u0259t Don Kixotlu\u011fu - MEYDAN.TV","isPartOf":{"@id":"https:\/\/www.meydan.tv\/az\/#website"},"primaryImageOfPage":{"@id":"https:\/\/www.meydan.tv\/az\/article\/senet-don-kixotlugu\/#primaryimage"},"image":{"@id":"https:\/\/www.meydan.tv\/az\/article\/senet-don-kixotlugu\/#primaryimage"},"thumbnailUrl":"https:\/\/www.meydan.tv\/wp-content\/uploads\/19159.jpg","datePublished":"2016-03-06T01:08:59+00:00","breadcrumb":{"@id":"https:\/\/www.meydan.tv\/az\/article\/senet-don-kixotlugu\/#breadcrumb"},"inLanguage":"az","potentialAction":[{"@type":"ReadAction","target":["https:\/\/www.meydan.tv\/az\/article\/senet-don-kixotlugu\/"]}]},{"@type":"ImageObject","inLanguage":"az","@id":"https:\/\/www.meydan.tv\/az\/article\/senet-don-kixotlugu\/#primaryimage","url":"https:\/\/www.meydan.tv\/wp-content\/uploads\/19159.jpg","contentUrl":"https:\/\/www.meydan.tv\/wp-content\/uploads\/19159.jpg","width":500,"height":500,"caption":"Source:"},{"@type":"BreadcrumbList","@id":"https:\/\/www.meydan.tv\/az\/article\/senet-don-kixotlugu\/#breadcrumb","itemListElement":[{"@type":"ListItem","position":1,"name":"Ana s\u0259hif\u0259","item":"https:\/\/www.meydan.tv\/az\/"},{"@type":"ListItem","position":2,"name":"M\u0259nim Fikrimc\u0259","item":"https:\/\/www.meydan.tv\/az\/section\/menim-fikrimce\/"},{"@type":"ListItem","position":3,"name":"S\u0259n\u0259t Don Kixotlu\u011fu"}]},{"@type":"WebSite","@id":"https:\/\/www.meydan.tv\/az\/#website","url":"https:\/\/www.meydan.tv\/az\/","name":"MEYDAN.TV","description":"Meydan TV Az\u0259rbaycan\u0131n media m\u0259kan\u0131ndak\u0131 alternativ s\u0259sidir","publisher":{"@id":"https:\/\/www.meydan.tv\/az\/#organization"},"potentialAction":[{"@type":"SearchAction","target":{"@type":"EntryPoint","urlTemplate":"https:\/\/www.meydan.tv\/az\/?s={search_term_string}"},"query-input":{"@type":"PropertyValueSpecification","valueRequired":true,"valueName":"search_term_string"}}],"inLanguage":"az"},{"@type":"Organization","@id":"https:\/\/www.meydan.tv\/az\/#organization","name":"Meydan TV","url":"https:\/\/www.meydan.tv\/az\/","logo":{"@type":"ImageObject","inLanguage":"az","@id":"https:\/\/www.meydan.tv\/az\/#\/schema\/logo\/image\/","url":"https:\/\/www.meydan.tv\/wp-content\/uploads\/2021\/07\/meydan-logo.svg","contentUrl":"https:\/\/www.meydan.tv\/wp-content\/uploads\/2021\/07\/meydan-logo.svg","width":195,"height":46,"caption":"Meydan TV"},"image":{"@id":"https:\/\/www.meydan.tv\/az\/#\/schema\/logo\/image\/"}},{"@type":"Person","@id":"https:\/\/www.meydan.tv\/az\/#\/schema\/person\/10d11eccf6da3662cf5fdab9806ea91a","name":"user-manager"}]}},"_links":{"self":[{"href":"https:\/\/www.meydan.tv\/az\/wp-json\/wp\/v2\/posts\/174198","targetHints":{"allow":["GET"]}}],"collection":[{"href":"https:\/\/www.meydan.tv\/az\/wp-json\/wp\/v2\/posts"}],"about":[{"href":"https:\/\/www.meydan.tv\/az\/wp-json\/wp\/v2\/types\/post"}],"author":[{"embeddable":true,"href":"https:\/\/www.meydan.tv\/az\/wp-json\/wp\/v2\/users\/11"}],"replies":[{"embeddable":true,"href":"https:\/\/www.meydan.tv\/az\/wp-json\/wp\/v2\/comments?post=174198"}],"version-history":[{"count":0,"href":"https:\/\/www.meydan.tv\/az\/wp-json\/wp\/v2\/posts\/174198\/revisions"}],"wp:featuredmedia":[{"embeddable":true,"href":"https:\/\/www.meydan.tv\/az\/wp-json\/wp\/v2\/media\/50830"}],"wp:attachment":[{"href":"https:\/\/www.meydan.tv\/az\/wp-json\/wp\/v2\/media?parent=174198"}],"wp:term":[{"taxonomy":"category","embeddable":true,"href":"https:\/\/www.meydan.tv\/az\/wp-json\/wp\/v2\/categories?post=174198"},{"taxonomy":"post_tag","embeddable":true,"href":"https:\/\/www.meydan.tv\/az\/wp-json\/wp\/v2\/tags?post=174198"}],"curies":[{"name":"wp","href":"https:\/\/api.w.org\/{rel}","templated":true}]}}