{"id":174185,"date":"2016-03-04T22:00:05","date_gmt":"2016-03-04T22:00:05","guid":{"rendered":"https:\/\/www.meydan.tv\/article\/evim-dukanim-masinim-getdi\/"},"modified":"2016-03-04T22:00:05","modified_gmt":"2016-03-04T22:00:05","slug":"evim-dukanim-masinim-getdi","status":"publish","type":"post","link":"https:\/\/www.meydan.tv\/az\/article\/evim-dukanim-masinim-getdi\/","title":{"rendered":"Evim, d\u00fckan\u0131m, ma\u015f\u0131n\u0131m getdi"},"content":{"rendered":"<figure class=\"wp-block-image size-large\">\n  <img decoding=\"async\" src=\"https:\/\/www.meydan.tv\/az\/50806\/\" alt=\"\" class=\"wp-image-50806\"\/><figcaption><\/figcaption><\/figure>\n<figure class=\"wp-block-image size-large\">\n  <img decoding=\"async\" src=\"https:\/\/www.meydan.tv\/az\/50812\/\" alt=\"\" class=\"wp-image-50812\"\/><figcaption><\/figcaption><\/figure>\n<p>\n  M\u0259n Qaraba\u011f k\u00f6\u00e7k\u00fcnl\u0259rind\u0259n\u0259m. 1993-c\u00fc ild\u0259 g\u0259lib, Sumqay\u0131ta s\u0131\u011f\u0131nm\u0131\u015fd\u0131m. Atam rayonumuzun say\u0131l\u0131b- se\u00e7il\u0259n adamlar\u0131ndan idi. Di\u015f h\u0259kimi olmu\u015fdu, vaxt\u0131nda da balalar\u0131na bir az g\u00fcn a\u011flam\u0131\u015fd\u0131. Q\u0131r-q\u0131z\u0131l alm\u0131\u015fd\u0131, xeyli d\u0259 mal-qaras\u0131 vard\u0131 ki, at\u0131\u015fma ba\u015flayanda \u0130rana adlad\u0131b, ordan da Az\u0259rbaycana, t\u0259hl\u00fck\u0259siz rayonlara g\u0259tirmi\u015fdi, sat\u0131b sovmu\u015fdu. \u018flind\u0259 xeyli pul vard\u0131, a\u011f\u0131ll\u0131 adam idi, bilirdi ki, pul tez \u00f6l\u0259c\u0259k.\n<\/p>\n<p>\n  Sumqay\u0131tdan iki ev ald\u0131q. Birind\u0259 atam, anam v\u0259 qarda\u015flar\u0131m, birind\u0259 d\u0259 ail\u0259ml\u0259 m\u0259n yerl\u0259\u015fdik. \u00d6z\u00fcm gec evl\u0259nmi\u015fdim, u\u015faqlar\u0131m\u0131z da gec oldu. Sumqay\u0131tda \u0259vv\u0259l iki q\u0131z\u0131m, sonra iki o\u011flum d\u00fcnyaya g\u0259ldi. O ill\u0259r acl\u0131q, kas\u0131bl\u0131q idi, atam qohum-qon\u015funun, e\u015fidib g\u0259l\u0259nin di\u015fl\u0259rini m\u00fcalic\u0259 edirdi, onlar da pul varsa pul, yoxsa \u0259rzaqdan-zaddan g\u0259tirirdil\u0259r. Dem\u0259k olar ki, ham\u0131m\u0131z onun qazanc\u0131 il\u0259 dolan\u0131rd\u0131q. \u0130ll\u0259rl\u0259 bel\u0259 davam el\u0259di. \u018fslind\u0259, m\u0259nim art\u0131q \u00e7oxdan ata \u0259lin\u0259 baxan ya\u015f\u0131m deyildi. Amma o ill\u0259rd\u0259 atan\u0131n \u0259lin\u0259, anan\u0131n t\u0259qa\u00fcd\u00fcn\u0259 m\u00f6htac olanlar \u00e7ox idi&#8230;\n<\/p>\n<p>\n  U\u015faqlar\u0131m b\u00f6y\u00fcd\u00fc, \u00fc\u00e7\u00fc m\u0259kt\u0259b\u0259 gedirdi art\u0131q. M\u0259n d\u0259 bu ill\u0259r \u0259rzind\u0259 h\u0259y\u0259td\u0259 bir balaca d\u00fckan a\u00e7m\u0131\u015fd\u0131m. Yava\u015f-yava\u015f dolan\u0131rd\u0131q. Bir m\u00fcdd\u0259td\u0259n sonra atam d\u00fcnyas\u0131n\u0131 d\u0259yi\u015fdi. Biz onun k\u00f6m\u0259yin\u0259, varl\u0131\u011f\u0131na \u00e7ox \u00f6yr\u0259\u015fmi\u015fdik. O \u00f6l\u0259nd\u0259n sonra qarda\u015flar\u0131m da, ail\u0259m, u\u015faqlar\u0131m \u2013 ham\u0131m\u0131z \u015foka d\u00fc\u015fd\u00fck. Sars\u0131ld\u0131q. Arxas\u0131z, dayaqs\u0131z qald\u0131q.\n<\/p>\n<p>\n  Atam\u0131n \u00f6l\u00fcm\u00fc il\u0259 ail\u0259mizin qara g\u00fcnl\u0259ri ba\u015flad\u0131. Baxd\u0131m ki, balaca d\u00fckan bizi doland\u0131rm\u0131r, u\u015faqlar da g\u00fcnd\u0259n-g\u00fcn\u0259 b\u00f6y\u00fcy\u00fcr, x\u0259rcl\u0259ri art\u0131r. Art\u0131q balaca o\u011flum da m\u0259kt\u0259b\u0259 gedirdi. Qon\u015fudan 10 min dollar pul ald\u0131m faizi il\u0259. H\u0259min g\u00fcnd\u0259n ail\u0259min b\u00fct\u00fcn faci\u0259si ba\u015flad\u0131.\n<\/p>\n<p>\n  Pulu al\u0131b, d\u00fckan\u0131 bir az geni\u015fl\u0259ndirdim. Yeni mallar, \u00e7e\u015fidl\u0259r g\u0259tizdirdim, bir az b\u0259r-b\u0259z\u0259yin\u0259 pul x\u0259rcl\u0259dim. U\u015faqlar \u00e7ox h\u0259v\u0259si idili\u0259r. D\u0259rsd\u0259n sonra g\u0259lib m\u0259n\u0259 k\u00f6m\u0259k edirdil\u0259r. Yolda\u015f\u0131m da \u0259lind\u0259n g\u0259l\u0259ni edirdi, d\u00fckan\u0131 silib-s\u00fcp\u00fcr\u00fcrd\u00fc. D\u00fckan bir az b\u00f6y\u00fcy\u0259n kimi, qeyri-r\u0259smi x\u0259rcl\u0259r d\u0259 art\u0131, h\u0259r yerd\u0259n g\u0259lirdil\u0259r ki, yek\u0259 marketdi, bunun x\u0259rci ayr\u0131d\u0131. Qazand\u0131qlar\u0131m\u0131z\u0131n \u00e7oxu el\u0259 x\u0259rcl\u0259r\u0259 gedirdi. Qalan\u0131n\u0131 da faiz\u0259 verirdik. \u00d6z\u00fcm\u00fcz\u0259 dolanma\u011fa c\u00fczi bir m\u0259bl\u0259\u011f qal\u0131rd\u0131.\n<\/p>\n<p>\n  Bir m\u00fcdd\u0259td\u0259n sonra faizi \u00f6d\u0259m\u0259y\u0259 pul \u00e7atm\u0131rd\u0131. Bu vaxt qon\u015fu dedi ki, \u00f6z\u00fcn bil, hardan al\u0131rsan al, m\u0259nim pulumu ver. Verm\u0259s\u0259n, faizin d\u0259 faizini hesablayacam. Dediyi kimi d\u0259 el\u0259di. Bir m\u00fcdd\u0259td\u0259n sonra baxd\u0131m ki, g\u00fcnd\u0259n-g\u00fcn\u0259 daha \u00e7ox borclan\u0131ram ona. Tan\u0131\u015f adam vard\u0131, k\u00f6m\u0259k el\u0259di, bankdan pul g\u00f6t\u00fcrd\u00fcm, qon\u015funun borcunun bir hiss\u0259sini \u00f6d\u0259dim. Amma \u00e7ox m\u0259ntiqsiz h\u0259r\u0259k\u0259t etmi\u015fdim. Indi d\u0259 banka faiz \u00f6d\u0259yirdim.\n<\/p>\n<p>\n  U\u015faqlar\u0131m, yolda\u015f\u0131m, m\u0259n \u2013 i\u015fl\u0259m\u0259kd\u0259n \u0259ld\u0259n d\u00fc\u015fm\u00fc\u015fd\u00fck. Bununla bel\u0259, ail\u0259 daha pis v\u0259ziyy\u0259td\u0259 ya\u015fay\u0131rd\u0131. Yolda\u015f\u0131m\u0131n q\u0131z\u0131llar\u0131n\u0131 satd\u0131q. Bel\u0259 bir \u015fey\u0259 m\u0259cbur qalma\u011f\u0131m\u0131z u\u015faqlara \u00e7ox pis t\u0259sir edirdi. \u018fvv\u0259ll\u0259r h\u0259r g\u00fcn evd\u0259n \u00e7\u0131xanda, u\u015faqlar m\u0259n\u0259 n\u0259s\u0259 tap\u015f\u0131r\u0131rd\u0131lar, n\u0259s\u0259 ist\u0259yirdil\u0259r. Son vaxtlar daha u\u015faqlar he\u00e7 n\u0259 ist\u0259mirdil\u0259r. Deyirdil\u0259r ki, ata he\u00e7 n\u0259 ist\u0259mirik, t\u0259ki s\u0259n borclar\u0131m\u0131z\u0131 qaytar. Yolda\u015f\u0131m az qala h\u0259r g\u00fcn a\u011flay\u0131rd\u0131. Son vaxtlar o q\u0259d\u0259r dal\u011f\u0131n, diqq\u0259tsiz olmu\u015fdu ki, u\u015faqlara da baxa bilmirdi. B\u00f6y\u00fck q\u0131zlar art\u0131q g\u0259nc q\u0131z olmu\u015fdular, balaca qarda\u015flar\u0131na bax\u0131rd\u0131lar. Q\u0131zlar olmasayd\u0131, o\u011flanlar\u0131m \u00e7irkin i\u00e7ind\u0259 bat\u0131b qalard\u0131lar.\n<\/p>\n<p>\n  B\u00fct\u00fcn ail\u0259 i\u015fl\u0259yirdik, amma g\u00fcnd\u0259n-g\u00fcn\u0259 daha pis ya\u015fay\u0131rd\u0131q. Ax\u0131rda q\u0259rara g\u0259ldim ki, he\u00e7 n\u0259 ail\u0259md\u0259n art\u0131q deyil. D\u00fckan\u0131 da, evimi d\u0259 satd\u0131m. H\u0259l\u0259 atam sa\u011f olan vaxtlarda bir ma\u015f\u0131n\u0131m vard\u0131, art\u0131q k\u00f6hn\u0259lmi\u015fdi. Onu da q\u0259pik-quru\u015fa satd\u0131m. Borclar\u0131n ham\u0131s\u0131n\u0131 \u00f6d\u0259dik. \u0130nan\u0131rs\u0131n\u0131z, borc o q\u0259d\u0259r \u015fi\u015fmi\u015fdi ki, az qala b\u00fct\u00fcn \u0259limd\u0259 olan pulu borca verdim. Evin mebelini bel\u0259 qon\u015fu borcdan qalan qal\u0131\u011f\u0131n \u0259v\u0259zin\u0259 y\u0131\u011f\u0131b, apard\u0131. O mebell\u0259ri aparanda, utand\u0131\u011f\u0131mdan u\u015faqlar\u0131m\u0131n \u00fcz\u00fcn\u0259 baxa bilmirdim.\n<\/p>\n<p>\n  Qarda\u015flar\u0131m atam\u0131n ald\u0131\u011f\u0131 evi satd\u0131lar. O pula Coratdan torpaq sah\u0259si ald\u0131q. H\u0259r\u0259miz\u0259 bir balaca par\u00e7a. M\u0259n\u0259 k\u00f6m\u0259k el\u0259dil\u0259r, balaca bir ev tikdik. Ev dem\u0259k olarsa \u0259g\u0259r. Amma m\u0259n sevinir\u0259m. Sevinir\u0259m ki, ail\u0259mi o kredit, borc b\u0259las\u0131ndan qurtard\u0131m. Indi kas\u0131b ya\u015fay\u0131r\u0131q, amma u\u015faqlar\u0131m rahat n\u0259f\u0259s al\u0131r.\n<\/p>\n<p>\n  Borc, kredit m\u0259ni h\u0259r \u015feyimd\u0259n el\u0259di. N\u0259yim varsa, \u0259limd\u0259n \u00e7\u0131xd\u0131. U\u015faqlar\u0131m\u0131n u\u015faql\u0131\u011f\u0131 z\u0259h\u0259r\u0259 d\u00f6nd\u00fc, m\u0259n, arvad\u0131m vaxts\u0131z qocald\u0131q.\n<\/p>\n<p>\n  Indi bir manat bel\u0259 borc almaqdan d\u0259h\u015f\u0259tli d\u0259r\u0259c\u0259d\u0259 qorxuram. U\u015faqlar\u0131ma \u0259n davaml\u0131 m\u0259sl\u0259h\u0259tim budur ki, bird\u0259n kredirl\u0259 telefon, komp\u00fcter g\u00f6t\u00fcr\u0259siniz, \u00fcz\u00fcn\u00fcz\u0259 baxmaram. Yaz\u0131qlar\u0131n g\u00f6zl\u0259ri o q\u0259d\u0259r qorxub ki, he\u00e7 g\u00f6t\u00fcr\u0259n d\u0259 deyill\u0259r.\n<\/p>\n<p>\n  <b><br \/>\n    Yaz\u0131 m\u00fc\u0259llifin \u015f\u0259xsi m\u00f6vqeyini \u0259ks etdirir&#8230;<br \/>\n  <\/b><\/p>\n","protected":false},"excerpt":{"rendered":"<p>Kredit qurban\u0131 dan\u0131\u015f\u0131r<\/p>\n","protected":false},"author":11,"featured_media":50806,"comment_status":"closed","ping_status":"open","sticky":false,"template":"","format":"standard","meta":{"_acf_changed":false,"_sitemap_exclude":false,"_sitemap_priority":"","_sitemap_frequency":"","footnotes":""},"categories":[57],"tags":[],"class_list":["post-174185","post","type-post","status-publish","format-standard","has-post-thumbnail","hentry","category-menim-fikrimce","infinite-scroll-item","generate-columns","tablet-grid-50","mobile-grid-100","grid-parent","grid-33","no-featured-image-padding"],"acf":[],"yoast_head":"<!-- This site is optimized with the Yoast SEO plugin v27.5 - https:\/\/yoast.com\/product\/yoast-seo-wordpress\/ -->\n<title>Evim, d\u00fckan\u0131m, ma\u015f\u0131n\u0131m getdi - MEYDAN.TV<\/title>\n<meta name=\"robots\" content=\"index, follow, max-snippet:-1, max-image-preview:large, max-video-preview:-1\" \/>\n<link rel=\"canonical\" href=\"https:\/\/www.meydan.tv\/az\/article\/evim-dukanim-masinim-getdi\/\" \/>\n<meta property=\"og:locale\" content=\"az_AZ\" \/>\n<meta property=\"og:type\" content=\"article\" \/>\n<meta property=\"og:title\" content=\"Evim, d\u00fckan\u0131m, ma\u015f\u0131n\u0131m getdi - MEYDAN.TV\" \/>\n<meta property=\"og:description\" content=\"Kredit qurban\u0131 dan\u0131\u015f\u0131r\" \/>\n<meta property=\"og:url\" content=\"https:\/\/www.meydan.tv\/az\/article\/evim-dukanim-masinim-getdi\/\" \/>\n<meta property=\"og:site_name\" content=\"MEYDAN.TV\" \/>\n<meta property=\"article:published_time\" content=\"2016-03-04T22:00:05+00:00\" \/>\n<meta property=\"og:image\" content=\"https:\/\/www.meydan.tv\/wp-content\/uploads\/19139.jpg\" \/>\n\t<meta property=\"og:image:width\" content=\"400\" \/>\n\t<meta property=\"og:image:height\" content=\"400\" \/>\n\t<meta property=\"og:image:type\" content=\"image\/jpeg\" \/>\n<meta name=\"author\" content=\"user-manager\" \/>\n<meta name=\"twitter:card\" content=\"summary_large_image\" \/>\n<script type=\"application\/ld+json\" class=\"yoast-schema-graph\">{\"@context\":\"https:\\\/\\\/schema.org\",\"@graph\":[{\"@type\":\"Article\",\"@id\":\"https:\\\/\\\/www.meydan.tv\\\/az\\\/article\\\/evim-dukanim-masinim-getdi\\\/#article\",\"isPartOf\":{\"@id\":\"https:\\\/\\\/www.meydan.tv\\\/az\\\/article\\\/evim-dukanim-masinim-getdi\\\/\"},\"author\":{\"name\":\"user-manager\",\"@id\":\"https:\\\/\\\/www.meydan.tv\\\/az\\\/#\\\/schema\\\/person\\\/10d11eccf6da3662cf5fdab9806ea91a\"},\"headline\":\"Evim, d\u00fckan\u0131m, ma\u015f\u0131n\u0131m getdi\",\"datePublished\":\"2016-03-04T22:00:05+00:00\",\"mainEntityOfPage\":{\"@id\":\"https:\\\/\\\/www.meydan.tv\\\/az\\\/article\\\/evim-dukanim-masinim-getdi\\\/\"},\"wordCount\":1084,\"publisher\":{\"@id\":\"https:\\\/\\\/www.meydan.tv\\\/az\\\/#organization\"},\"image\":{\"@id\":\"https:\\\/\\\/www.meydan.tv\\\/az\\\/article\\\/evim-dukanim-masinim-getdi\\\/#primaryimage\"},\"thumbnailUrl\":\"https:\\\/\\\/www.meydan.tv\\\/wp-content\\\/uploads\\\/19139.jpg\",\"articleSection\":[\"M\u0259nim Fikrimc\u0259\"],\"inLanguage\":\"az\"},{\"@type\":\"WebPage\",\"@id\":\"https:\\\/\\\/www.meydan.tv\\\/az\\\/article\\\/evim-dukanim-masinim-getdi\\\/\",\"url\":\"https:\\\/\\\/www.meydan.tv\\\/az\\\/article\\\/evim-dukanim-masinim-getdi\\\/\",\"name\":\"Evim, d\u00fckan\u0131m, ma\u015f\u0131n\u0131m getdi - MEYDAN.TV\",\"isPartOf\":{\"@id\":\"https:\\\/\\\/www.meydan.tv\\\/az\\\/#website\"},\"primaryImageOfPage\":{\"@id\":\"https:\\\/\\\/www.meydan.tv\\\/az\\\/article\\\/evim-dukanim-masinim-getdi\\\/#primaryimage\"},\"image\":{\"@id\":\"https:\\\/\\\/www.meydan.tv\\\/az\\\/article\\\/evim-dukanim-masinim-getdi\\\/#primaryimage\"},\"thumbnailUrl\":\"https:\\\/\\\/www.meydan.tv\\\/wp-content\\\/uploads\\\/19139.jpg\",\"datePublished\":\"2016-03-04T22:00:05+00:00\",\"breadcrumb\":{\"@id\":\"https:\\\/\\\/www.meydan.tv\\\/az\\\/article\\\/evim-dukanim-masinim-getdi\\\/#breadcrumb\"},\"inLanguage\":\"az\",\"potentialAction\":[{\"@type\":\"ReadAction\",\"target\":[\"https:\\\/\\\/www.meydan.tv\\\/az\\\/article\\\/evim-dukanim-masinim-getdi\\\/\"]}]},{\"@type\":\"ImageObject\",\"inLanguage\":\"az\",\"@id\":\"https:\\\/\\\/www.meydan.tv\\\/az\\\/article\\\/evim-dukanim-masinim-getdi\\\/#primaryimage\",\"url\":\"https:\\\/\\\/www.meydan.tv\\\/wp-content\\\/uploads\\\/19139.jpg\",\"contentUrl\":\"https:\\\/\\\/www.meydan.tv\\\/wp-content\\\/uploads\\\/19139.jpg\",\"width\":400,\"height\":400,\"caption\":\"Source:\"},{\"@type\":\"BreadcrumbList\",\"@id\":\"https:\\\/\\\/www.meydan.tv\\\/az\\\/article\\\/evim-dukanim-masinim-getdi\\\/#breadcrumb\",\"itemListElement\":[{\"@type\":\"ListItem\",\"position\":1,\"name\":\"Ana s\u0259hif\u0259\",\"item\":\"https:\\\/\\\/www.meydan.tv\\\/az\\\/\"},{\"@type\":\"ListItem\",\"position\":2,\"name\":\"M\u0259nim Fikrimc\u0259\",\"item\":\"https:\\\/\\\/www.meydan.tv\\\/az\\\/section\\\/menim-fikrimce\\\/\"},{\"@type\":\"ListItem\",\"position\":3,\"name\":\"Evim, d\u00fckan\u0131m, ma\u015f\u0131n\u0131m getdi\"}]},{\"@type\":\"WebSite\",\"@id\":\"https:\\\/\\\/www.meydan.tv\\\/az\\\/#website\",\"url\":\"https:\\\/\\\/www.meydan.tv\\\/az\\\/\",\"name\":\"MEYDAN.TV\",\"description\":\"Meydan TV Az\u0259rbaycan\u0131n media m\u0259kan\u0131ndak\u0131 alternativ s\u0259sidir\",\"publisher\":{\"@id\":\"https:\\\/\\\/www.meydan.tv\\\/az\\\/#organization\"},\"potentialAction\":[{\"@type\":\"SearchAction\",\"target\":{\"@type\":\"EntryPoint\",\"urlTemplate\":\"https:\\\/\\\/www.meydan.tv\\\/az\\\/?s={search_term_string}\"},\"query-input\":{\"@type\":\"PropertyValueSpecification\",\"valueRequired\":true,\"valueName\":\"search_term_string\"}}],\"inLanguage\":\"az\"},{\"@type\":\"Organization\",\"@id\":\"https:\\\/\\\/www.meydan.tv\\\/az\\\/#organization\",\"name\":\"Meydan TV\",\"url\":\"https:\\\/\\\/www.meydan.tv\\\/az\\\/\",\"logo\":{\"@type\":\"ImageObject\",\"inLanguage\":\"az\",\"@id\":\"https:\\\/\\\/www.meydan.tv\\\/az\\\/#\\\/schema\\\/logo\\\/image\\\/\",\"url\":\"https:\\\/\\\/www.meydan.tv\\\/wp-content\\\/uploads\\\/2021\\\/07\\\/meydan-logo.svg\",\"contentUrl\":\"https:\\\/\\\/www.meydan.tv\\\/wp-content\\\/uploads\\\/2021\\\/07\\\/meydan-logo.svg\",\"width\":195,\"height\":46,\"caption\":\"Meydan TV\"},\"image\":{\"@id\":\"https:\\\/\\\/www.meydan.tv\\\/az\\\/#\\\/schema\\\/logo\\\/image\\\/\"}},{\"@type\":\"Person\",\"@id\":\"https:\\\/\\\/www.meydan.tv\\\/az\\\/#\\\/schema\\\/person\\\/10d11eccf6da3662cf5fdab9806ea91a\",\"name\":\"user-manager\"}]}<\/script>\n<!-- \/ Yoast SEO plugin. -->","yoast_head_json":{"title":"Evim, d\u00fckan\u0131m, ma\u015f\u0131n\u0131m getdi - MEYDAN.TV","robots":{"index":"index","follow":"follow","max-snippet":"max-snippet:-1","max-image-preview":"max-image-preview:large","max-video-preview":"max-video-preview:-1"},"canonical":"https:\/\/www.meydan.tv\/az\/article\/evim-dukanim-masinim-getdi\/","og_locale":"az_AZ","og_type":"article","og_title":"Evim, d\u00fckan\u0131m, ma\u015f\u0131n\u0131m getdi - MEYDAN.TV","og_description":"Kredit qurban\u0131 dan\u0131\u015f\u0131r","og_url":"https:\/\/www.meydan.tv\/az\/article\/evim-dukanim-masinim-getdi\/","og_site_name":"MEYDAN.TV","article_published_time":"2016-03-04T22:00:05+00:00","og_image":[{"width":400,"height":400,"url":"https:\/\/www.meydan.tv\/wp-content\/uploads\/19139.jpg","type":"image\/jpeg"}],"author":"user-manager","twitter_card":"summary_large_image","schema":{"@context":"https:\/\/schema.org","@graph":[{"@type":"Article","@id":"https:\/\/www.meydan.tv\/az\/article\/evim-dukanim-masinim-getdi\/#article","isPartOf":{"@id":"https:\/\/www.meydan.tv\/az\/article\/evim-dukanim-masinim-getdi\/"},"author":{"name":"user-manager","@id":"https:\/\/www.meydan.tv\/az\/#\/schema\/person\/10d11eccf6da3662cf5fdab9806ea91a"},"headline":"Evim, d\u00fckan\u0131m, ma\u015f\u0131n\u0131m getdi","datePublished":"2016-03-04T22:00:05+00:00","mainEntityOfPage":{"@id":"https:\/\/www.meydan.tv\/az\/article\/evim-dukanim-masinim-getdi\/"},"wordCount":1084,"publisher":{"@id":"https:\/\/www.meydan.tv\/az\/#organization"},"image":{"@id":"https:\/\/www.meydan.tv\/az\/article\/evim-dukanim-masinim-getdi\/#primaryimage"},"thumbnailUrl":"https:\/\/www.meydan.tv\/wp-content\/uploads\/19139.jpg","articleSection":["M\u0259nim Fikrimc\u0259"],"inLanguage":"az"},{"@type":"WebPage","@id":"https:\/\/www.meydan.tv\/az\/article\/evim-dukanim-masinim-getdi\/","url":"https:\/\/www.meydan.tv\/az\/article\/evim-dukanim-masinim-getdi\/","name":"Evim, d\u00fckan\u0131m, ma\u015f\u0131n\u0131m getdi - MEYDAN.TV","isPartOf":{"@id":"https:\/\/www.meydan.tv\/az\/#website"},"primaryImageOfPage":{"@id":"https:\/\/www.meydan.tv\/az\/article\/evim-dukanim-masinim-getdi\/#primaryimage"},"image":{"@id":"https:\/\/www.meydan.tv\/az\/article\/evim-dukanim-masinim-getdi\/#primaryimage"},"thumbnailUrl":"https:\/\/www.meydan.tv\/wp-content\/uploads\/19139.jpg","datePublished":"2016-03-04T22:00:05+00:00","breadcrumb":{"@id":"https:\/\/www.meydan.tv\/az\/article\/evim-dukanim-masinim-getdi\/#breadcrumb"},"inLanguage":"az","potentialAction":[{"@type":"ReadAction","target":["https:\/\/www.meydan.tv\/az\/article\/evim-dukanim-masinim-getdi\/"]}]},{"@type":"ImageObject","inLanguage":"az","@id":"https:\/\/www.meydan.tv\/az\/article\/evim-dukanim-masinim-getdi\/#primaryimage","url":"https:\/\/www.meydan.tv\/wp-content\/uploads\/19139.jpg","contentUrl":"https:\/\/www.meydan.tv\/wp-content\/uploads\/19139.jpg","width":400,"height":400,"caption":"Source:"},{"@type":"BreadcrumbList","@id":"https:\/\/www.meydan.tv\/az\/article\/evim-dukanim-masinim-getdi\/#breadcrumb","itemListElement":[{"@type":"ListItem","position":1,"name":"Ana s\u0259hif\u0259","item":"https:\/\/www.meydan.tv\/az\/"},{"@type":"ListItem","position":2,"name":"M\u0259nim Fikrimc\u0259","item":"https:\/\/www.meydan.tv\/az\/section\/menim-fikrimce\/"},{"@type":"ListItem","position":3,"name":"Evim, d\u00fckan\u0131m, ma\u015f\u0131n\u0131m getdi"}]},{"@type":"WebSite","@id":"https:\/\/www.meydan.tv\/az\/#website","url":"https:\/\/www.meydan.tv\/az\/","name":"MEYDAN.TV","description":"Meydan TV Az\u0259rbaycan\u0131n media m\u0259kan\u0131ndak\u0131 alternativ s\u0259sidir","publisher":{"@id":"https:\/\/www.meydan.tv\/az\/#organization"},"potentialAction":[{"@type":"SearchAction","target":{"@type":"EntryPoint","urlTemplate":"https:\/\/www.meydan.tv\/az\/?s={search_term_string}"},"query-input":{"@type":"PropertyValueSpecification","valueRequired":true,"valueName":"search_term_string"}}],"inLanguage":"az"},{"@type":"Organization","@id":"https:\/\/www.meydan.tv\/az\/#organization","name":"Meydan TV","url":"https:\/\/www.meydan.tv\/az\/","logo":{"@type":"ImageObject","inLanguage":"az","@id":"https:\/\/www.meydan.tv\/az\/#\/schema\/logo\/image\/","url":"https:\/\/www.meydan.tv\/wp-content\/uploads\/2021\/07\/meydan-logo.svg","contentUrl":"https:\/\/www.meydan.tv\/wp-content\/uploads\/2021\/07\/meydan-logo.svg","width":195,"height":46,"caption":"Meydan TV"},"image":{"@id":"https:\/\/www.meydan.tv\/az\/#\/schema\/logo\/image\/"}},{"@type":"Person","@id":"https:\/\/www.meydan.tv\/az\/#\/schema\/person\/10d11eccf6da3662cf5fdab9806ea91a","name":"user-manager"}]}},"_links":{"self":[{"href":"https:\/\/www.meydan.tv\/az\/wp-json\/wp\/v2\/posts\/174185","targetHints":{"allow":["GET"]}}],"collection":[{"href":"https:\/\/www.meydan.tv\/az\/wp-json\/wp\/v2\/posts"}],"about":[{"href":"https:\/\/www.meydan.tv\/az\/wp-json\/wp\/v2\/types\/post"}],"author":[{"embeddable":true,"href":"https:\/\/www.meydan.tv\/az\/wp-json\/wp\/v2\/users\/11"}],"replies":[{"embeddable":true,"href":"https:\/\/www.meydan.tv\/az\/wp-json\/wp\/v2\/comments?post=174185"}],"version-history":[{"count":0,"href":"https:\/\/www.meydan.tv\/az\/wp-json\/wp\/v2\/posts\/174185\/revisions"}],"wp:featuredmedia":[{"embeddable":true,"href":"https:\/\/www.meydan.tv\/az\/wp-json\/wp\/v2\/media\/50806"}],"wp:attachment":[{"href":"https:\/\/www.meydan.tv\/az\/wp-json\/wp\/v2\/media?parent=174185"}],"wp:term":[{"taxonomy":"category","embeddable":true,"href":"https:\/\/www.meydan.tv\/az\/wp-json\/wp\/v2\/categories?post=174185"},{"taxonomy":"post_tag","embeddable":true,"href":"https:\/\/www.meydan.tv\/az\/wp-json\/wp\/v2\/tags?post=174185"}],"curies":[{"name":"wp","href":"https:\/\/api.w.org\/{rel}","templated":true}]}}