{"id":174164,"date":"2016-03-04T15:35:17","date_gmt":"2016-03-04T15:35:17","guid":{"rendered":"https:\/\/www.meydan.tv\/article\/elovset-eliyev-saxta-sened-istehsal-edenler-haqqinda-hesabat-hazirlayacam\/"},"modified":"2016-03-04T15:35:17","modified_gmt":"2016-03-04T15:35:17","slug":"elovset-eliyev-saxta-sened-istehsal-edenler-haqqinda-hesabat-hazirlayacam","status":"publish","type":"post","link":"https:\/\/www.meydan.tv\/az\/article\/elovset-eliyev-saxta-sened-istehsal-edenler-haqqinda-hesabat-hazirlayacam\/","title":{"rendered":"\u018fl\u00f6vs\u0259t \u018fliyev: &#8221;Saxta s\u0259n\u0259d &#8221;istehsal&#8221; ed\u0259nl\u0259r haqq\u0131nda hesabat haz\u0131rlayacam&#8221;"},"content":{"rendered":"<figure class=\"wp-block-image size-large\">\n  <img decoding=\"async\" src=\"https:\/\/www.meydan.tv\/az\/50730\/\" alt=\"\" class=\"wp-image-50730\"\/><figcaption><\/figcaption><\/figure>\n<figure class=\"wp-block-image size-large\">\n  <img decoding=\"async\" src=\"https:\/\/www.meydan.tv\/az\/50730\/\" alt=\"\" class=\"wp-image-50730\"\/><figcaption>\n    \u018fl\u00f6vs\u0259t \u018fliyev<br \/>\n  <\/figcaption><\/figure>\n<p>\n  <i><br \/>\n    &#8221;Prezidentd\u0259n sinif yolda\u015f\u0131 Emin \u015e\u0259kinskinin qanunsuz davran\u0131\u015flar\u0131na son qoyulmas\u0131na yard\u0131m etm\u0259sini xahi\u015f etmi\u015f\u0259m&#8221;<br \/>\n  <\/i>\n<\/p>\n<\/p>\n<p>\n  <b><br \/>\n    <i><br \/>\n      Son zamanlar m\u00fchacir\u0259td\u0259 olan b\u0259zi \u015f\u0259xsl\u0259r \u0259traf\u0131nda m\u00fczakir\u0259l\u0259r s\u0259ngimir. \u018fsas\u0259n d\u0259 Az\u0259rbaycanda t\u0259zyiq\u0259 m\u0259ruz qalmayan insanlar\u0131n xaricd\u0259 siyasi s\u0131\u011f\u0131nacaq almaq\u00a0 ist\u0259m\u0259si ictimaiyy\u0259td\u0259 naraz\u0131l\u0131q yarad\u0131r, onlara yard\u0131m\u00e7\u0131 olanlar h\u0259d\u0259f\u0259 al\u0131n\u0131r. H\u0259d\u0259f\u0259 tu\u015f g\u0259l\u0259n \u015f\u0259xsl\u0259rd\u0259n biri d\u0259 \u201cAvropa Az\u0259rbaycanl\u0131lar\u0131 \u0130nteqrasiya v\u0259 \u0130nki\u015faf M\u0259rk\u0259zi\u201dnin r\u0259hb\u0259ri \u018fl\u00f6vs\u0259t \u018fliyevdir. Meydan TV \u018fl\u00f6vs\u0259t \u018fliyevl\u0259 m\u00fcsahib\u0259d\u0259 bu v\u0259 dig\u0259r suallara cavab tapma\u011fa \u00e7al\u0131\u015f\u0131b&#8230;<br \/>\n    <\/i><br \/>\n  <\/b>\n<\/p>\n<p>\n  &#8211;<br \/>\n  <b><br \/>\n    \u018fl\u00f6vs\u0259t b\u0259y, xeyli vaxtd\u0131r \u00f6lk\u0259d\u0259n uzaqdas\u0131z. Bu g\u00fcn Az\u0259rbaycan uzaqdan nec\u0259 g\u00f6r\u00fcn\u00fcr?<br \/>\n  <\/b>\n<\/p>\n<p>\n  &#8211; \u00a020 aydan \u00e7oxdur v\u0259t\u0259nd\u0259n k\u0259nardayam. Lakin Az\u0259rbaycandan he\u00e7 zaman uzaq olmaq m\u00fcmk\u00fcn deyil. \u0130nsan do\u011fuldu\u011fu, b\u00f6y\u00fcd\u00fcy\u00fc, t\u0259hsil ald\u0131\u011f\u0131, m\u00fcst\u0259qilliyi u\u011frunda m\u00fcbariz\u0259 apard\u0131\u011f\u0131, \u0259razi b\u00fct\u00f6vl\u00fcy\u00fc u\u011frunda d\u00f6y\u00fc\u015fd\u00fcy\u00fc, pis- yax\u015f\u0131 \u00f6mr\u00fcn\u00fcn 53 ilini ya\u015fad\u0131\u011f\u0131, \u00f6z\u00fcn\u0259 b\u0259lli bir i\u015f qura bildiyi \u00f6lk\u0259d\u0259n uzaqda yaln\u0131z cism\u0259n ola bil\u0259r. M\u0259n ruh\u0259n daim do\u011fmalar\u0131mla v\u0259 dostlar\u0131mlayam. M\u00fcasir d\u00fcnya sanki qlobal bir k\u0259nd\u0259 \u00e7evrilib, \u00fcnsiyy\u0259t v\u0259 rabit\u0259 vasit\u0259l\u0259ri \u00e7e\u015fidlidir, \u00e7ox \u0259l\u00e7atan v\u0259 intensivdir. Sanki d\u00fcnyan\u0131n miqyaslar\u0131 \u00e7ox ki\u00e7ilib v\u0259 bu ki\u00e7ik d\u00fcnyan\u0131n ki\u00e7ik bir hiss\u0259si olan Az\u0259rbaycan nec\u0259 varsa, el\u0259 d\u0259 g\u00f6r\u00fcn\u00fcr. M\u0259lumdur ki, h\u0259r bir c\u0259miyy\u0259t h\u00fcquq v\u0259 \u0259xlaq normalar\u0131 il\u0259 idar\u0259 edilir. Bu g\u00fcn \u00e7ox t\u0259\u0259ss\u00fcf ki, \u00f6lk\u0259miz h\u00fcquqi v\u0259 m\u0259n\u0259vi-\u0259xlaqi nihilizm, b\u00f6hran ke\u00e7irm\u0259kd\u0259dir. V\u0259t\u0259nda\u015f c\u0259miyy\u0259tinin b\u0259rq\u0259rar olmas\u0131 v\u0259 qanunun aliliyinin t\u0259min edilm\u0259si sah\u0259sind\u0259 k\u0259skin probleml\u0259r m\u00f6vcuddur. Az\u0259rbaycan h\u00f6kum\u0259ti insan h\u00fcquq v\u0259 azadl\u0131qlar\u0131n\u0131n qorunmas\u0131n\u0131 t\u0259l\u0259b ed\u0259n d\u00f6vl\u0259tl\u0259r\u0259, beyn\u0259lxalq t\u0259\u015fkilatlara, bu sah\u0259d\u0259 tan\u0131nm\u0131\u015f beyn\u0259lxalq ekspertl\u0259r\u0259 v\u0259 Az\u0259rbaycanda bu sah\u0259d\u0259 f\u0259all\u0131q ed\u0259nl\u0259r\u0259 m\u00fcnasib\u0259td\u0259 bar\u0131\u015fmaz m\u00f6vqe s\u0259rgil\u0259nm\u0259kd\u0259 davam edir.\n<\/p>\n<p>\n  &#8211;<br \/>\n  <b><br \/>\n    \u018fl\u00f6vs\u0259t b\u0259y, orada hans\u0131 i\u015fl\u0259rl\u0259 m\u0259\u015f\u011fulsuz? F\u0259aliyy\u0259tinizi hans\u0131sa formada davam etdirirsizmi?<br \/>\n  <\/b>\n<\/p>\n<p>\n  &#8211; \u00a0Bildiyiniz kimi, m\u0259n Almaniyadayam. \u018fsas qay\u011f\u0131lar\u0131mdan biri alman dilini \u00f6yr\u0259nm\u0259kl\u0259 ba\u011fl\u0131d\u0131r. \u00c7al\u0131\u015f\u0131ram ki, alman dilini daha m\u00fck\u0259mm\u0259l \u00f6yr\u0259nim. G\u00fcnd\u0259lik d\u0259rsl\u0259r davam edir. Eyni zamanda bir h\u00fcquq firmas\u0131 yaratm\u0131\u015fam. Firman\u0131n m\u0259qs\u0259di az\u0259rbaycanl\u0131lar\u0131n Avropada sahibkarl\u0131q f\u0259aliyy\u0259ti il\u0259 m\u0259\u015f\u011ful olmas\u0131na, da\u015f\u0131nmaz \u0259mlak almas\u0131na, Avropaya s\u00fcr\u0259tli inteqrasiyas\u0131na, Az\u0259rbaycan s\u0259firlikl\u0259ri il\u0259 yaranan probleml\u0259rinin h\u0259llin\u0259, h\u0259mv\u0259t\u0259nl\u0259rimizin t\u0259\u015fkilatlanmas\u0131na, Almaniyada t\u0259hsil almas\u0131na, Az\u0259rbaycana k\u00f6n\u00fcll\u00fc qay\u0131d\u0131\u015f\u0131n t\u0259\u015fkilin\u0259 v\u0259 s. sah\u0259l\u0259rd\u0259 yard\u0131m etm\u0259kd\u0259n ibar\u0259tdir. Amma firma h\u0259l\u0259 tam aktiv f\u0259aliyy\u0259t\u0259 ba\u015flamay\u0131b. Ofis axtar\u0131\u015f\u0131nday\u0131q. M\u00fcraci\u0259t ed\u0259n h\u0259r bir \u015f\u0259xs\u0259 t\u0259bii ki, h\u00fcquqi m\u0259sl\u0259h\u0259tl\u0259r veririk. Qeyd edim ki, bu \u00f6lk\u0259d\u0259 az\u0259rbaycanl\u0131lar kifay\u0259t q\u0259d\u0259r \u00e7oxdur v\u0259 onlar\u0131n t\u0259\u015fkilatlanmas\u0131 sah\u0259sind\u0259 ciddi probleml\u0259r var. M\u00fc\u015fahid\u0259l\u0259rimd\u0259n b\u0259z\u0259n bel\u0259 bir q\u0259na\u0259t\u0259 g\u0259lir\u0259m ki, sanki bir-birl\u0259rind\u0259n uzaq olsunlar dey\u0259 onlar\u0131n \u0259ks\u0259riyy\u0259ti il\u0259 h\u0259r g\u00fcn kiml\u0259rs\u0259 i\u015f apar\u0131r. T\u0259bii ki, kifay\u0259t q\u0259d\u0259r g\u0259nc v\u0259 t\u0259r\u0259fsiz insanlar da var v\u0259 onlar az\u0259rbaycanl\u0131lar\u0131n t\u0259\u015fkilatlanmas\u0131 sah\u0259sind\u0259 \u00e7ox f\u0259al, m\u0259qs\u0259dy\u00f6nl\u00fc i\u015f g\u00f6r\u00fcrl\u0259r. Bu kimi hallar m\u0259ni d\u0259 ruhland\u0131r\u0131r. \u0130mkan\u0131m olanda az\u0259rbaycanl\u0131lar\u0131n t\u0259dbirl\u0259rin\u0259 qat\u0131l\u0131ram v\u0259 ya t\u0259dbirl\u0259rin t\u0259\u015fkilin\u0259 d\u0259st\u0259k verir\u0259m. 55 ya\u015fada olan bir \u015f\u0259xsin iki il\u0259 inteqrasiya olunmas\u0131, dil \u00f6yr\u0259nm\u0259si v\u0259 ard\u0131c\u0131l olaraq n\u0259 il\u0259 is\u0259 m\u0259\u015f\u011ful olmas\u0131 \u00e7ox \u00e7\u0259tindir. Amma bura Az\u0259rbaycan deyil v\u0259 hesab edir\u0259m ki, 2017-ci ild\u0259n sonra \u00e7ox ciddi f\u0259aliyy\u0259tl\u0259 m\u0259\u015f\u011ful olmaq imkanlar\u0131na sahib olaca\u011f\u0131q. T\u0259bii ki, kifay\u0259t q\u0259d\u0259r mane\u0259l\u0259r d\u0259 var. Bu mane\u0259l\u0259r is\u0259 ilk olaraq Az\u0259rbaycan hakimiyy\u0259tinin f\u0259aliyy\u0259ti il\u0259 ba\u011fl\u0131d\u0131r. \u00d6lk\u0259d\u0259 birba\u015fa, xaricd\u0259 is\u0259 \u00f6z \u0259lalt\u0131lar\u0131 vasit\u0259sil\u0259 soyda\u015flar\u0131m\u0131z\u0131n bir araya g\u0259lm\u0259sin\u0259 mane olma\u011fa \u00e7al\u0131\u015f\u0131r. \u00c7ox t\u0259\u0259ss\u00fcf ki, bu i\u015fd\u0259 m\u00fc\u0259yy\u0259n qrup \u00f6lk\u0259 v\u0259t\u0259nda\u015f\u0131n\u0131 v\u0259 h\u0259tta media t\u0259msil\u00e7il\u0259rini d\u0259 inand\u0131r\u0131r v\u0259 insanlar\u0131n t\u0259\u015fkilatlanmas\u0131na \u0259ng\u0259l yarada bilirl\u0259r.\n<\/p>\n<p>\n  &#8211;<br \/>\n  <b><br \/>\n    Sizd\u0259n sonra da \u00f6lk\u0259d\u0259n xeyli insan getdi. Bu g\u00fcn d\u0259 ged\u0259nl\u0259r var. V\u0259 bu m\u00fchacir\u0259t m\u0259s\u0259l\u0259sind\u0259 sizin ad\u0131n\u0131z daha \u00e7ox hallan\u0131r. Deyirl\u0259r, sizin vasit\u0259nizl\u0259 \u00f6lk\u0259d\u0259n ged\u0259nl\u0259r daha \u00e7oxdur. Do\u011frudurmu?<br \/>\n  <\/b>\n<\/p>\n<p>\n  &#8211; \u00a0Birincisi, sual d\u0259qiql\u0259\u015fdirilmi\u015f sual deyil v\u0259 daha \u00e7ox m\u0259nfi fikir yaratma\u011fa xidm\u0259t edir. Sizin \u0259linizd\u0259 hans\u0131 ara\u015fd\u0131rma n\u0259tic\u0259l\u0259ri, s\u00fcbutlar var ki, m\u0259nd\u0259n sonra Az\u0259rbaycan\u0131 t\u0259rk ed\u0259nl\u0259rin xeyli oldu\u011fu q\u0259na\u0259tin\u0259 g\u0259lmisiniz? Bu, birm\u0259nal\u0131 olaraq yanl\u0131\u015fd\u0131r. M\u0259n QHT-l\u0259r\u0259 olan h\u00fccum zaman\u0131 \u00f6lk\u0259d\u0259n getmi\u015f\u0259m. Yad\u0131mdad\u0131r ki, Az\u0259rbaycandan xaric\u0259 getdiyim g\u00fcnl\u0259rd\u0259 50-y\u0259 yax\u0131n jurnalistin v\u0259 QHT t\u0259msil\u00e7isinin \u00f6lk\u0259d\u0259n \u00e7\u0131x\u0131\u015f\u0131na v\u0259 \u00f6lk\u0259y\u0259 giri\u015fin\u0259 qada\u011fa qoyuldu. D\u0259qiq xat\u0131rlay\u0131ram ki, m\u0259hz m\u0259nim Az\u0259rbaycandan \u00e7\u0131xd\u0131\u011f\u0131m g\u00fcn Rauf Mirq\u0259dirov s\u0259rh\u0259dd\u0259 saxlan\u0131ld\u0131 v\u0259 h\u0259bs edildi, dig\u0259r QHT r\u0259hb\u0259rl\u0259ri is\u0259 bir g\u00fcn sonra \u00f6lk\u0259d\u0259n burax\u0131lmad\u0131. Bir daha bildirir\u0259m ki, m\u0259nd\u0259n sonra \u00f6lk\u0259d\u0259n xeyli insan\u0131n getm\u0259si haqda m\u00fclahiz\u0259niz \u0259sass\u0131zd\u0131. Sizin m\u00fclahiz\u0259nizin \u0259ksin\u0259 olan ba\u015fqa bir arqument is\u0259 budur ki, miqrasiya sah\u0259sind\u0259 haz\u0131rlanm\u0131\u015f b\u00fct\u00fcn hesabatlarda 2014-c\u00fc ilin birinci yar\u0131s\u0131nda Az\u0259rbaycan v\u0259t\u0259nda\u015flar\u0131n\u0131n \u00f6lk\u0259y\u0259 qay\u0131d\u0131\u015f\u0131n\u0131n daha \u00e7ox olmas\u0131 qeyd edilib. Bu, do\u011frudur ki, b\u0259zi siyasi f\u0259allar, K\u0130V t\u0259msil\u00e7il\u0259ri, QHT r\u0259hb\u0259rl\u0259ri \u00f6lk\u0259ni t\u0259rk edibl\u0259r. \u0130kincisi, bu sual hakimiyy\u0259td\u0259 olan \u015f\u0259xsl\u0259r\u0259 \u00fcnvanlanmal\u0131d\u0131r. Onlardan soru\u015fmaq laz\u0131md\u0131r ki, ad\u0131n\u0131 \u00e7\u0259kdiyimiz sah\u0259l\u0259rd\u0259 \u00e7al\u0131\u015fan f\u0259al insanlar niy\u0259 k\u00fctl\u0259vi sur\u0259td\u0259 \u00f6lk\u0259ni t\u0259rk etm\u0259k ist\u0259yirl\u0259r. \u00dc\u00e7\u00fcnc\u00fcs\u00fc, h\u0259r k\u0259sin Az\u0259rbaycan Respublikas\u0131n\u0131n qanunlar\u0131na \u0259m\u0259l etm\u0259kl\u0259, \u00f6lk\u0259ni t\u0259rk etm\u0259k h\u00fcququ var v\u0259 bu kimi hallara qanunsuz qada\u011falar qoyula bilm\u0259z. \u00d6lk\u0259d\u0259 oldugum zaman r\u0259hb\u0259rlik etdiyim Az\u0259rbaycan Miqrasiya M\u0259rk\u0259zi h\u0259r il \u201cAz\u0259rbaycandan Miqrasiya v\u0259 Az\u0259rbaycana Miqrasiya\u201d il\u0259 ba\u011fl\u0131 illik hesabatlar haz\u0131rlay\u0131rd\u0131. M\u0259nim t\u0259\u015fkilatdan istefamdan sonra h\u0259min qurumun bu tip hesabatlar haz\u0131rlamas\u0131ndan x\u0259b\u0259rsiz\u0259m. Birm\u0259nal\u0131 olaraq t\u0259sdiq edir\u0259m ki, Almaniyada v\u0259 dig\u0259r Avropa \u00f6lk\u0259l\u0259rd\u0259 tan\u0131d\u0131\u011f\u0131m \u015f\u0259xsl\u0259rin 95 faizind\u0259n \u00e7oxu m\u0259nim m\u00fchacir\u0259t\u0259 getdiyimd\u0259n \u0259vv\u0259lki d\u00f6vrl\u0259rd\u0259 Az\u0259rbaycan\u0131 t\u0259rk edibl\u0259r. \u0130nsanlar m\u0259nim vasit\u0259ml\u0259 Az\u0259rbaycan\u0131 nec\u0259 t\u0259rk ed\u0259 bil\u0259rl\u0259r? Bu sual, \u00fcmumiyy\u0259tl\u0259, m\u0259ntiqli deyil, qeyri-reald\u0131r v\u0259 m\u00fc\u0259yy\u0259n m\u0259nada q\u0259r\u0259zlidir. Hans\u0131 m\u0259nb\u0259d\u0259n bu m\u0259lumat\u0131 alman\u0131z m\u0259n\u0259 maraql\u0131d\u0131r. Dem\u0259k olar h\u0259r g\u00fcn \u00f6lk\u0259d\u0259n getm\u0259k \u00fc\u00e7\u00fcn (investisiya yat\u0131rmaq ist\u0259yi, ail\u0259 birl\u0259\u015fm\u0259si, y\u0259hudi immiqrasiyas\u0131, t\u0259hsil proqramlar\u0131, m\u00fcalic\u0259 \u00fc\u00e7\u00fcn h\u0259kim tap\u0131lmas\u0131, ail\u0259 zorak\u0131l\u0131\u011f\u0131n\u0131n v\u0259 insan alverinin qurbanlar\u0131, v\u0259t\u0259nda\u015fl\u0131qdan imtina etm\u0259k ist\u0259y\u0259n \u015f\u0259xsl\u0259r v\u0259 s.) m\u00fcxt\u0259lif suallarla m\u0259n\u0259 m\u00fcraci\u0259tl\u0259r olur. Bilik v\u0259 t\u0259cr\u00fcb\u0259m\u0259 \u0259saslanaraq onlara m\u0259sl\u0259h\u0259t verir\u0259m. M\u0259qs\u0259dim bu insanlar\u0131n \u00f6lk\u0259d\u0259n getm\u0259sin\u0259 d\u0259st\u0259k verm\u0259k yox, onlar\u0131 Avropa qanunvericiliyi haqq\u0131nda m\u0259lumatland\u0131rmaqd\u0131r. V\u0259 bu xeyirxah bir i\u015fdir. M\u0259nc\u0259, h\u0259r k\u0259s, o c\u00fcml\u0259d\u0259n h\u0259r bir m\u0259tbuat t\u0259msil\u00e7isi \u00f6z v\u0259t\u0259nda\u015flar\u0131n\u0131n bu sah\u0259d\u0259 m\u0259lumatland\u0131r\u0131lmas\u0131nda maraql\u0131 olmal\u0131d\u0131r. Bel\u0259 m\u0259lumatland\u0131rmalar insanlar\u0131n qanunsuz olaraq \u00f6lk\u0259ni t\u0259rk etm\u0259sinin qar\u015f\u0131s\u0131n\u0131 alma\u011fa, insanlar\u0131n \u015f\u00fcurlu q\u0259rar q\u0259bul etm\u0259sin\u0259 k\u00f6m\u0259k edir. M\u0259n h\u00fcquq\u015f\u00fcnasam, miqrasiya h\u00fcququ sah\u0259sind\u0259 ixtisasla\u015fm\u0131\u015fam v\u0259 bu sah\u0259 il\u0259 problemi olanlar \u0259n m\u00fcxt\u0259lif \u00f6lk\u0259l\u0259rd\u0259n m\u0259n\u0259 m\u00fcraci\u0259tl\u0259r edir. M\u0259n d\u0259 biliyim v\u0259 t\u0259cr\u00fcb\u0259m\u0259uy\u011fun onlar\u0131 cavabland\u0131r\u0131ram. Sual\u0131n\u0131z\u0131n \u201cdeyirl\u0259r sizin vasit\u0259nizl\u0259 \u00f6lk\u0259d\u0259n ged\u0259nl\u0259r daha \u00e7oxdur\u201d hiss\u0259si m\u0259n\u0259 hakimiyy\u0259td\u0259 olanlar\u0131n \u201cetibarl\u0131 m\u0259nb\u0259l\u0259rd\u0259n \u0259ld\u0259 etdiyimiz m\u0259lumata g\u00f6r\u0259\u201d yana\u015fmas\u0131n\u0131 xat\u0131rlatd\u0131. Bu m\u0259lumatlar\u0131 dey\u0259nl\u0259r\u0259 deyin ki, siz\u0259 deyil, h\u00fcquq-m\u00fchafiz\u0259 orqanlar\u0131na m\u00fcraci\u0259t etsinl\u0259r. Yaxud \u00f6z\u00fcn\u00fcz jurnalist t\u0259hqiqat\u0131 apar\u0131n, m\u0259nim v\u0259 ya m\u0259nim v\u0259ziyy\u0259timd\u0259 olan \u015f\u0259xsl\u0259rin Az\u0259rbaycandan kimins\u0259 xaric\u0259 apar\u0131lmas\u0131 imkanlar\u0131n\u0131 d\u0259qiql\u0259\u015fdirin. Bu sah\u0259d\u0259 t\u0259hqiqat aparmasan\u0131z,sizd\u0259 formala\u015fan q\u0259na\u0259ti m\u0259nim suallar\u0131m d\u0259yi\u015f\u0259 bilm\u0259z. Bunun \u00fc\u00e7\u00fcn m\u00fctl\u0259q ara\u015fd\u0131rma aparman\u0131z laz\u0131md\u0131r v\u0259 bu i\u015fd\u0259 siz\u0259 d\u0259st\u0259k verm\u0259y\u0259 haz\u0131ram.\n<\/p>\n<p>\n  &#8211;<br \/>\n  <b><br \/>\n    Bel\u0259 s\u00f6hb\u0259tl\u0259r g\u0259zir ki, m\u00fchacir\u0259t, miqrasiya m\u0259s\u0259l\u0259l\u0259ri d\u0259 monopoliyadad\u0131r. H\u0259tta monopoliyalardan birin\u0259 sizin r\u0259hb\u0259rlik etdiyiniz d\u0259 deyilir. M\u0259s\u0259l\u0259n, deyilir ki, siz b\u0259zi saxta m\u00fcxalif\u0259t\u00e7il\u0259ri, h\u00f6kum\u0259tin n\u0259zar\u0259tind\u0259 olan media orqanlar\u0131nda \u00e7al\u0131\u015fan jurnalistl\u0259ri t\u0259qib\u0259 m\u0259ruz qalan \u015f\u0259xs kimi q\u0259l\u0259m\u0259 verib, onlar\u0131n status almas\u0131na \u015f\u0259rait yarad\u0131rs\u0131z. Bu s\u00f6hb\u0259tl\u0259r n\u0259 d\u0259r\u0259c\u0259d\u0259 do\u011frudur?<br \/>\n  <\/b>\n<\/p>\n<p>\n  &#8211; \u00a0Bu sah\u0259d\u0259 monopolist f\u0259aliyy\u0259tl\u0259 m\u0259\u015f\u011ful olmaq \u00fc\u00e7\u00fcn (mono poliya \u2013 yunan s\u00f6z\u00fcd\u00fcr t\u0259k sat\u0131ram anlam\u0131ndad\u0131r) hakimiyy\u0259td\u0259 t\u0259msil olunmal\u0131san, r\u0259qibl\u0259rini s\u0131radan \u00e7\u0131xarmaq g\u00fcc\u00fcnd\u0259 olmal\u0131, bunun \u00fc\u00e7\u00fcn \u0259n az\u0131ndan turist firmalar\u0131na, \u00f6lk\u0259d\u0259n giri\u015f-\u00e7\u0131x\u0131\u015fa, hakimiyy\u0259tin yuxar\u0131 e\u015felonunda t\u0259msil olunanlar aras\u0131nda m\u00fck\u0259mm\u0259l d\u0259st\u0259y\u0259 malik olmal\u0131san. M\u0259n is\u0259 Az\u0259rbaycanda r\u0259smi axtar\u0131\u015fdayam v\u0259 iqtidarla he\u00e7 bir ba\u011fl\u0131l\u0131\u011f\u0131m yoxdur. \u018fmin\u0259m ki he\u00e7 siz d\u0259 m\u0259nim haqq\u0131mda o fikird\u0259 deyilsiniz&#8230;.. M\u00fchacir\u0259t \u2013 emiqrasiya is\u0259 \u015f\u0259xsin hans\u0131sa \u00f6lk\u0259d\u0259 daimi ya\u015famaq h\u00fcququ alandan sonra h\u0259min \u00f6lk\u0259y\u0259 getm\u0259si prosesidir. Bu \u00f6lk\u0259l\u0259r\u0259 is\u0259 AB\u015e, Avstraliya, Kanada kimi \u00f6lk\u0259l\u0259r daxildir v\u0259 h\u0259min \u00f6lk\u0259l\u0259rl\u0259 m\u0259nim he\u00e7 bir \u0259laq\u0259m yoxdur. H\u0259min \u00f6lk\u0259l\u0259r\u0259 \u00e7oxlu sayda insanlar gedir v\u0259 Az\u0259rbaycanda \u0259ks\u0259r insanlar \u00f6zl\u0259ri birba\u015fa m\u00fcraci\u0259t ed\u0259r\u0259k, buna nail olurlar. Eyni zamanda immiqrasiya normal hald\u0131r, yeni h\u0259yat\u0131n ba\u015flan\u011f\u0131c\u0131d\u0131r, inki\u015fafd\u0131r, insanlar\u0131n inteqrasiyas\u0131d\u0131r. \u00dc\u00e7\u00fcnc\u00fcs\u00fc, \u0259g\u0259r siz insanlar\u0131n qanunsuz xaric\u0259 da\u015f\u0131nmas\u0131n\u0131 n\u0259z\u0259rd\u0259 tutursunuzsa, bu ba\u015fqa suald\u0131r. B\u0259li, insanlar\u0131n qanunsuz xaric\u0259 da\u015f\u0131nmas\u0131 v\u0259 onlar\u0131n qanunsuz olaraq saxta s\u0259n\u0259dl\u0259rl\u0259 t\u0259min olunmas\u0131n\u0131 h\u0259yata ke\u00e7ir\u0259n \u015f\u0259xsl\u0259r v\u0259 cinay\u0259tkar qruplar var. Bel\u0259 cinay\u0259tkar qruplar is\u0259 hakimiyy\u0259td\u0259 olan \u015f\u0259xsl\u0259rin himay\u0259si il\u0259 f\u0259aliyy\u0259t g\u00f6st\u0259rirl\u0259r. Az\u0259rbaycanda oldu\u011fum zaman d\u0259f\u0259l\u0259rl\u0259 hakimiyy\u0259td\u0259 olan s\u0259lahiyy\u0259t sahibl\u0259rin\u0259 insanlar\u0131n qanunsuz da\u015f\u0131nmas\u0131n\u0131n cinay\u0259t m\u0259suliyy\u0259ti yaradan \u0259m\u0259l kimi sanksiyala\u015fd\u0131r\u0131lmas\u0131 \u00fc\u00e7\u00fcn m\u0259s\u0259l\u0259 qald\u0131rm\u0131\u015fam v\u0259 r\u0259smi orqanlara m\u00fcraci\u0259tl\u0259r etmi\u015f\u0259m. Haz\u0131rlad\u0131\u011f\u0131m\u0131z b\u00fct\u00fcn hesabatlarda da bu t\u0259klifl\u0259r \u0259ks olub. Amma hakimiyy\u0259t t\u0259msil\u00e7il\u0259ri bundan imtina edibl\u0259r. Baxmayaraq ki, Az\u0259rbaycan bununla ba\u011fl\u0131 beyn\u0259lxalq s\u0259n\u0259dl\u0259r\u0259 qo\u015fulub v\u0259 \u00f6hd\u0259lik g\u00f6t\u00fcr\u00fcb. \u00c7ox t\u0259\u0259ss\u00fcf edir\u0259m ki, bu yax\u0131nlarda Milli \u015eurada da m\u0259nim t\u0259\u015fkilat\u00e7\u0131l\u0131\u011f\u0131mla 18 dekabrda &#8211; Beyn\u0259lxalq Miqrant G\u00fcn\u00fcd\u0259 ke\u00e7iril\u0259n t\u0259dbird\u0259 \u201c\u015f\u00fcbh\u0259li\u201d adamlar\u0131n olmas\u0131na i\u015far\u0259 edilib. Hakimiyy\u0259tin v\u0259t\u0259nda\u015flar\u0131na bu q\u0259d\u0259r problem yaratd\u0131\u011f\u0131 m\u0259ml\u0259k\u0259td\u0259,\u201c\u018fl\u00f6vs\u0259tin t\u0259\u015fkil etdiyi t\u0259dbird\u0259 niy\u0259 filank\u0259s d\u0259 olub\u201d kimi m\u0259s\u0259l\u0259l\u0259rin m\u00fczakir\u0259sin\u0259 vaxt ay\u0131rma\u011f\u0131 m\u0259qbul hesab etmir\u0259m. Ke\u00e7iril\u0259n t\u0259dbirl\u0259r\u0259 qara yaxanlar orada m\u00fczakir\u0259 olunan m\u0259s\u0259l\u0259l\u0259ri deyil, xaricd\u0259 t\u0259\u015fkilatlanma\u011f\u0131m\u0131z\u0131n, \u0259m\u0259kda\u015fl\u0131\u011f\u0131m\u0131z\u0131n z\u0259ruriliyini deyil, t\u0259dbird\u0259 kimin i\u015ftirak\u0131n\u0131 g\u00fcnd\u0259m\u0259 g\u0259tirm\u0259kl\u0259 \u00f6zl\u0259rini g\u00fcl\u00fc\u015f obyektin\u0259 \u00e7evirirl\u0259r. Ke\u00e7irdiyimiz t\u0259dbirl\u0259r\u0259 kiml\u0259rin d\u0259v\u0259t olunmas\u0131 haqq\u0131nda q\u0259rar\u0131 dig\u0259r t\u0259\u015fkilat\u00e7\u0131larla birlikd\u0259 veririk. 18 dekabr t\u0259dbiri siyasi m\u00fchacirl\u0259rin deyil, Avropada m\u0259skunla\u015fan az\u0259rbaycanl\u0131lar\u0131n t\u0259dbiri idi. Orada Almaniya, Hollandiya, Avstriya v\u0259 dig\u0259r \u00f6lk\u0259l\u0259rin v\u0259t\u0259nda\u015flar\u0131 il\u0259 b\u0259rab\u0259r t\u0259l\u0259b\u0259l\u0259r, eyni zamanda m\u00f6vcud hakimiyy\u0259tl\u0259 he\u00e7 bir problemi olmayan m\u00fchacirl\u0259r, Az\u0259rbaycan v\u0259t\u0259nda\u015flar\u0131 da vard\u0131. M\u0259qs\u0259d is\u0259 t\u0259\u015fkilatlanma sah\u0259sind\u0259 m\u00f6vcud probleml\u0259rin m\u00fczakir\u0259sini aparmaq, soyda\u015flarla yax\u0131ndan tan\u0131\u015fl\u0131q v\u0259 yaratd\u0131\u011f\u0131m t\u0259\u015fkilat\u0131n t\u0259qdimat\u0131n\u0131 ke\u00e7irm\u0259k idi. Bundan ba\u015fqa, kim\u0259s\u0259 qa\u00e7q\u0131n statusunun verilm\u0259si haqq\u0131nda q\u0259rar q\u0259bul etm\u0259k s\u0259lahiyy\u0259tin\u0259 malik olan \u015f\u0259xs m\u0259murdur v\u0259 o, q\u0259rar\u0131n\u0131 Az\u0259rbaycan iqtidar\u0131, m\u00fcxalif\u0259ti v\u0259 ya dig\u0259r \u015f\u0259xsl\u0259rl\u0259 m\u00fczakir\u0259 etmir. \u0130nsanlar Az\u0259rbaycanda hakimiyy\u0259tl\u0259 olan probleml\u0259rin\u0259 g\u00f6r\u0259 ba\u015fqa \u00f6lk\u0259y\u0259 qa\u00e7q\u0131n statusu almaq \u00fc\u00e7\u00fcn ba\u015f vururlar. H\u0259min probleml\u0259rin ham\u0131s\u0131n\u0131n jurnalistl\u0259r\u0259 b\u0259lli olmas\u0131 m\u00fcmk\u00fcn deyil. O ki qald\u0131 saxta m\u00fcxalif\u0259t\u00e7il\u0259r v\u0259 saxta s\u0259n\u0259dl\u0259r m\u0259s\u0259l\u0259sin\u0259, m\u0259n soyda\u015flar\u0131m\u0131zla olan b\u00fct\u00fcn g\u00f6r\u00fc\u015fl\u0259rimd\u0259onlardan saxta s\u0259n\u0259dl\u0259rd\u0259n istifad\u0259 etm\u0259m\u0259yi xahi\u015f edir\u0259m v\u0259 bunun t\u0259hl\u00fck\u0259li t\u0259r\u0259fl\u0259rini onlara izah edir\u0259m. \u018fn yax\u0131n g\u0259l\u0259c\u0259kd\u0259 Az\u0259rbaycanda saxta s\u0259n\u0259dl\u0259r v\u0259 s\u00fcbutlar \u201cistehsal\u201d ed\u0259nl\u0259r haqq\u0131nda hesabat haz\u0131rlama\u011f\u0131 planla\u015fd\u0131r\u0131ram. H\u0259min hesabatda Az\u0259rbaycanda v\u0259 Avropada bu saxta s\u0259n\u0259dl\u0259rl\u0259 insanlar\u0131 t\u0259min ed\u0259nl\u0259rin if\u015fa olunmas\u0131 sah\u0259sind\u0259 \u00e7ox qaranl\u0131qlara ayd\u0131nl\u0131q g\u0259tirm\u0259y\u0259 \u00e7al\u0131\u015faca\u011fam. Bizim, eyni zamanda Almaniyada v\u0259 qon\u015fu d\u00f6vl\u0259tl\u0259rd\u0259 ya\u015fayan dostlar\u0131m\u0131n b\u0259lli h\u0259d\u0259fl\u0259ri var v\u0259 h\u0259min h\u0259d\u0259fl\u0259r\u0259 do\u011fru ir\u0259lil\u0259m\u0259kd\u0259yik v\u0259 hakimiyy\u0259tin yaratd\u0131\u011f\u0131 mane\u0259l\u0259r bizi dayand\u0131rmaq g\u00fcc\u00fcnd\u0259 deyil.\n<\/p>\n<p>\n  &#8211;<br \/>\n  <b><br \/>\n    \u018fl\u00f6vs\u0259t b\u0259y, qarda\u015f\u0131n\u0131z Sabir R\u00fcst\u0259mxanl\u0131 bu d\u0259f\u0259 parlament\u0259 d\u00fc\u015fm\u0259di. B\u0259zil\u0259ri bunu qohum oldu\u011fu nazir Ziya M\u0259mm\u0259dovun \u201cvurulmas\u0131\u201d il\u0259 \u0259laq\u0259l\u0259ndirir, dig\u0259r qismi is\u0259 sizi m\u0259sul tutur. Y\u0259ni siz \u00f6lk\u0259d\u0259n getm\u0259s\u0259ydiz, o add\u0131mlar\u0131 atmasayd\u0131z, Sabir b\u0259y d\u0259 bu g\u00fcn i\u015fin\u0259 davam ed\u0259rdi. Sizin bu deyil\u0259nl\u0259r\u0259 m\u00fcnasib\u0259tiniz nec\u0259dir?<br \/>\n  <\/b>\n<\/p>\n<p>\n  &#8211; \u00a0Fikrin \u201cparlament\u0259 d\u00fc\u015fm\u0259di\u201d kimi ifad\u0259 olunmas\u0131 il\u0259 raz\u0131 deyil\u0259m. H\u0259qiq\u0259t odur ki, Sabir R\u00fcst\u0259mxanl\u0131 sad\u0259c\u0259 deputatl\u0131\u011fa namiz\u0259dliyini verm\u0259di v\u0259 \u00e7ox da d\u00fczg\u00fcn add\u0131m atd\u0131. Eyni zamanda Sabir R\u00fcst\u0259mxanl\u0131 Ziya M\u0259mm\u0259dovla deyil, onun qarda\u015f\u0131 il\u0259 qohumdur. Sabir b\u0259yin qohumu rayonda ya\u015fay\u0131r v\u0259 bildiyim\u0259 g\u00f6r\u0259, k\u0259nd t\u0259s\u0259rr\u00fcfat\u0131 il\u0259 m\u0259\u015f\u011ful olur. Sabir R\u00fcs\u0259mxanl\u0131 Ziya M\u0259mm\u0259dovdan \u0259vv\u0259l var idi v\u0259 ondan sonra da olacaq. Onu hans\u0131sa formada Ziya M\u0259mm\u0259dovla, daha do\u011frusu, onun m\u0259mur \u015f\u0259b\u0259k\u0259si il\u0259 ba\u011flamaq yaln\u0131z Az\u0259rbaycan jurnalistikas\u0131na, bu hakimiyy\u0259t\u0259 xidm\u0259t ed\u0259n insanlara xas olan hald\u0131r. Onlar\u0131n qohumlu\u011fu is\u0259 indi d\u0259bd\u0259 olan v\u0259zif\u0259 h\u0259risliyin\u0259, pula, \u015f\u00f6hr\u0259t\u0259, kommersiya maraqlar\u0131na hesablanan qohumluq deyil. Bu g\u0259ncl\u0259rin q\u0259rar\u0131d\u0131r v\u0259 valideynl\u0259ri d\u0259 d\u0259st\u0259k verib. Namiz\u0259dliyini verm\u0259m\u0259y\u0259 g\u0259ldikd\u0259 is\u0259, m\u0259nc\u0259, Sabir R\u00fcs\u0259mxanl\u0131 \u201cAz\u0259rbaycansaya\u011f\u0131 c\u0259hd\u201d ets\u0259ydi, namiz\u0259dliyini ir\u0259li s\u00fcr\u0259 v\u0259 deputat se\u00e7il\u0259 bil\u0259rdi. Amma bunu etm\u0259di. Onun deputatl\u0131\u011fa namiz\u0259dliyini verm\u0259m\u0259si Ziya M\u0259mm\u0259dova olan h\u00fccumlar, m\u0259nim haqq\u0131mda olan cinay\u0259t i\u015fi v\u0259 ya xaricd\u0259 olma\u011f\u0131mla ba\u011fl\u0131 deyil, Sabir R\u00fcst\u0259mxanl\u0131n\u0131n \u00f6z\u00fcn\u00fcn \u00f6z\u00fcn\u0259 verdiyi d\u0259y\u0259rl\u0259 ba\u011fl\u0131d\u0131r v\u0259 bu, m\u0259n\u0259 \u00e7ox xo\u015fdur.\n<\/p>\n<p>\n  &#8211;<br \/>\n  <b><br \/>\n    \u00d6lk\u0259y\u0259 qay\u0131tmaq \u015fans\u0131n\u0131z varm\u0131? Bunun \u00fc\u00e7\u00fcn hans\u0131sa dan\u0131\u015f\u0131qlar apar\u0131l\u0131rm\u0131?<br \/>\n  <\/b>\n<\/p>\n<p>\n  &#8211; \u00a0T\u0259bii ki, Az\u0259rbaycana qay\u0131dacam v\u0259 m\u0259n t\u0259k deyil\u0259m, eyni v\u0259ziyy\u0259td\u0259 olanlar\u0131n say\u0131 y\u00fczl\u0259rl\u0259, b\u0259lk\u0259 d\u0259 minl\u0259rl\u0259dir. Bunun \u00fc\u00e7\u00fcn Az\u0259rbaycan hakimiyy\u0259ti il\u0259 he\u00e7 bir dan\u0131\u015f\u0131q aparmaq niyy\u0259tim yoxdur. \u00d6lk\u0259 ba\u015f\u00e7\u0131s\u0131na bir nec\u0259 \u0259riz\u0259 yazm\u0131\u015fam. Prezidentd\u0259n sinif yolda\u015f\u0131 Emin \u015e\u0259kinskinin qanunsuz davran\u0131\u015flar\u0131na son qoyulmas\u0131na yard\u0131m etm\u0259sini xahi\u015f etmi\u015f\u0259m. Lakin cavab almam\u0131\u015fam. Bu tipli qondarma cinay\u0259t i\u015fl\u0259rinin \u00f6mr\u00fc, \u0259n uzun m\u00fcdd\u0259t\u0259 g\u00f6t\u00fcrs\u0259k, tutdu\u011fu v\u0259zif\u0259l\u0259rd\u0259n \u00f6z maraqlar\u0131na xidm\u0259t ed\u0259n yaramaz m\u0259murlar\u0131n i\u015fd\u0259n getm\u0259sin\u0259d\u0259k ola bil\u0259r. \u00d6lk\u0259d\u0259ki buzlar\u0131n m\u0259n\u0259 m\u00fcnasib\u0259td\u0259 deyil, \u00fcmumiyy\u0259tl\u0259, \u0259ridil\u0259misi haqq\u0131nda d\u00fc\u015f\u00fcn\u00fcr\u00fck, yollar ara\u015fd\u0131r\u0131r\u0131q v\u0259 buna nail olaca\u011f\u0131m\u0131za \u00e7ox \u00fcmidliy\u0259m. Hakimiyy\u0259td\u0259 olanlar\u0131n n\u0259z\u0259rin\u0259 \u00e7atd\u0131r\u0131ram ki, Az\u0259rbaycan v\u0259t\u0259nda\u015flar\u0131 t\u0259kc\u0259 sizin k\u00f6l\u0259niz\u0259 \u00e7evrilmi\u015f insanlardan ibar\u0259t deyil. D\u00fcnyaya s\u0259p\u0259l\u0259nmi\u015f v\u0259 s\u0259sl\u0259rinin Az\u0259rbaycanda e\u015fidilm\u0259sin\u0259 ehtiyac duydu\u011fumuz insanlar kifay\u0259t q\u0259d\u0259rdir v\u0259 onlar\u0131n qar\u015f\u0131s\u0131nda bu hakimiyy\u0259t duru\u015f g\u0259tir\u0259 bilm\u0259y\u0259c\u0259k. O g\u00fcn is\u0259 o q\u0259d\u0259r d\u0259 uzaqda deyil.<\/p>\n","protected":false},"excerpt":{"rendered":"<p>&#8221;Prezidentd\u0259n sinif yolda\u015f\u0131 Emin \u015e\u0259kinskinin qanunsuz davran\u0131\u015flar\u0131na son qoyulmas\u0131na yard\u0131m etm\u0259sini xahi\u015f etmi\u015f\u0259m&#8221;<\/p>\n","protected":false},"author":11,"featured_media":50730,"comment_status":"closed","ping_status":"open","sticky":false,"template":"","format":"standard","meta":{"_acf_changed":false,"_sitemap_exclude":false,"_sitemap_priority":"","_sitemap_frequency":"","footnotes":""},"categories":[63],"tags":[],"class_list":["post-174164","post","type-post","status-publish","format-standard","has-post-thumbnail","hentry","category-video-2","infinite-scroll-item","generate-columns","tablet-grid-50","mobile-grid-100","grid-parent","grid-33","no-featured-image-padding"],"acf":[],"yoast_head":"<!-- This site is optimized with the Yoast SEO plugin v27.4 - https:\/\/yoast.com\/product\/yoast-seo-wordpress\/ -->\n<title>\u018fl\u00f6vs\u0259t \u018fliyev: &#039;&#039;Saxta s\u0259n\u0259d &#039;&#039;istehsal&#039;&#039; ed\u0259nl\u0259r haqq\u0131nda hesabat haz\u0131rlayacam&#039;&#039; - MEYDAN.TV<\/title>\n<meta name=\"robots\" content=\"index, follow, max-snippet:-1, max-image-preview:large, max-video-preview:-1\" \/>\n<link rel=\"canonical\" href=\"https:\/\/www.meydan.tv\/az\/article\/elovset-eliyev-saxta-sened-istehsal-edenler-haqqinda-hesabat-hazirlayacam\/\" \/>\n<meta property=\"og:locale\" content=\"az_AZ\" \/>\n<meta property=\"og:type\" content=\"article\" \/>\n<meta property=\"og:title\" content=\"\u018fl\u00f6vs\u0259t \u018fliyev: &#039;&#039;Saxta s\u0259n\u0259d &#039;&#039;istehsal&#039;&#039; ed\u0259nl\u0259r haqq\u0131nda hesabat haz\u0131rlayacam&#039;&#039; - MEYDAN.TV\" \/>\n<meta property=\"og:description\" content=\"&#039;&#039;Prezidentd\u0259n sinif yolda\u015f\u0131 Emin \u015e\u0259kinskinin qanunsuz davran\u0131\u015flar\u0131na son qoyulmas\u0131na yard\u0131m etm\u0259sini xahi\u015f etmi\u015f\u0259m&#039;&#039;\" \/>\n<meta property=\"og:url\" content=\"https:\/\/www.meydan.tv\/az\/article\/elovset-eliyev-saxta-sened-istehsal-edenler-haqqinda-hesabat-hazirlayacam\/\" \/>\n<meta property=\"og:site_name\" content=\"MEYDAN.TV\" \/>\n<meta property=\"article:published_time\" content=\"2016-03-04T15:35:17+00:00\" \/>\n<meta property=\"og:image\" content=\"https:\/\/www.meydan.tv\/wp-content\/uploads\/19101.jpg\" \/>\n\t<meta property=\"og:image:width\" content=\"626\" \/>\n\t<meta property=\"og:image:height\" content=\"400\" \/>\n\t<meta property=\"og:image:type\" content=\"image\/jpeg\" \/>\n<meta name=\"author\" content=\"user-manager\" \/>\n<meta name=\"twitter:card\" content=\"summary_large_image\" \/>\n<script type=\"application\/ld+json\" class=\"yoast-schema-graph\">{\"@context\":\"https:\\\/\\\/schema.org\",\"@graph\":[{\"@type\":\"Article\",\"@id\":\"https:\\\/\\\/www.meydan.tv\\\/az\\\/article\\\/elovset-eliyev-saxta-sened-istehsal-edenler-haqqinda-hesabat-hazirlayacam\\\/#article\",\"isPartOf\":{\"@id\":\"https:\\\/\\\/www.meydan.tv\\\/az\\\/article\\\/elovset-eliyev-saxta-sened-istehsal-edenler-haqqinda-hesabat-hazirlayacam\\\/\"},\"author\":{\"name\":\"user-manager\",\"@id\":\"https:\\\/\\\/www.meydan.tv\\\/az\\\/#\\\/schema\\\/person\\\/10d11eccf6da3662cf5fdab9806ea91a\"},\"headline\":\"\u018fl\u00f6vs\u0259t \u018fliyev: &#8221;Saxta s\u0259n\u0259d &#8221;istehsal&#8221; ed\u0259nl\u0259r haqq\u0131nda hesabat haz\u0131rlayacam&#8221;\",\"datePublished\":\"2016-03-04T15:35:17+00:00\",\"mainEntityOfPage\":{\"@id\":\"https:\\\/\\\/www.meydan.tv\\\/az\\\/article\\\/elovset-eliyev-saxta-sened-istehsal-edenler-haqqinda-hesabat-hazirlayacam\\\/\"},\"wordCount\":3411,\"publisher\":{\"@id\":\"https:\\\/\\\/www.meydan.tv\\\/az\\\/#organization\"},\"image\":{\"@id\":\"https:\\\/\\\/www.meydan.tv\\\/az\\\/article\\\/elovset-eliyev-saxta-sened-istehsal-edenler-haqqinda-hesabat-hazirlayacam\\\/#primaryimage\"},\"thumbnailUrl\":\"https:\\\/\\\/www.meydan.tv\\\/wp-content\\\/uploads\\\/19101.jpg\",\"articleSection\":[\"Video\"],\"inLanguage\":\"az\"},{\"@type\":\"WebPage\",\"@id\":\"https:\\\/\\\/www.meydan.tv\\\/az\\\/article\\\/elovset-eliyev-saxta-sened-istehsal-edenler-haqqinda-hesabat-hazirlayacam\\\/\",\"url\":\"https:\\\/\\\/www.meydan.tv\\\/az\\\/article\\\/elovset-eliyev-saxta-sened-istehsal-edenler-haqqinda-hesabat-hazirlayacam\\\/\",\"name\":\"\u018fl\u00f6vs\u0259t \u018fliyev: ''Saxta s\u0259n\u0259d ''istehsal'' ed\u0259nl\u0259r haqq\u0131nda hesabat haz\u0131rlayacam'' - MEYDAN.TV\",\"isPartOf\":{\"@id\":\"https:\\\/\\\/www.meydan.tv\\\/az\\\/#website\"},\"primaryImageOfPage\":{\"@id\":\"https:\\\/\\\/www.meydan.tv\\\/az\\\/article\\\/elovset-eliyev-saxta-sened-istehsal-edenler-haqqinda-hesabat-hazirlayacam\\\/#primaryimage\"},\"image\":{\"@id\":\"https:\\\/\\\/www.meydan.tv\\\/az\\\/article\\\/elovset-eliyev-saxta-sened-istehsal-edenler-haqqinda-hesabat-hazirlayacam\\\/#primaryimage\"},\"thumbnailUrl\":\"https:\\\/\\\/www.meydan.tv\\\/wp-content\\\/uploads\\\/19101.jpg\",\"datePublished\":\"2016-03-04T15:35:17+00:00\",\"breadcrumb\":{\"@id\":\"https:\\\/\\\/www.meydan.tv\\\/az\\\/article\\\/elovset-eliyev-saxta-sened-istehsal-edenler-haqqinda-hesabat-hazirlayacam\\\/#breadcrumb\"},\"inLanguage\":\"az\",\"potentialAction\":[{\"@type\":\"ReadAction\",\"target\":[\"https:\\\/\\\/www.meydan.tv\\\/az\\\/article\\\/elovset-eliyev-saxta-sened-istehsal-edenler-haqqinda-hesabat-hazirlayacam\\\/\"]}]},{\"@type\":\"ImageObject\",\"inLanguage\":\"az\",\"@id\":\"https:\\\/\\\/www.meydan.tv\\\/az\\\/article\\\/elovset-eliyev-saxta-sened-istehsal-edenler-haqqinda-hesabat-hazirlayacam\\\/#primaryimage\",\"url\":\"https:\\\/\\\/www.meydan.tv\\\/wp-content\\\/uploads\\\/19101.jpg\",\"contentUrl\":\"https:\\\/\\\/www.meydan.tv\\\/wp-content\\\/uploads\\\/19101.jpg\",\"width\":626,\"height\":400,\"caption\":\"Source:\"},{\"@type\":\"BreadcrumbList\",\"@id\":\"https:\\\/\\\/www.meydan.tv\\\/az\\\/article\\\/elovset-eliyev-saxta-sened-istehsal-edenler-haqqinda-hesabat-hazirlayacam\\\/#breadcrumb\",\"itemListElement\":[{\"@type\":\"ListItem\",\"position\":1,\"name\":\"Ana s\u0259hif\u0259\",\"item\":\"https:\\\/\\\/www.meydan.tv\\\/az\\\/\"},{\"@type\":\"ListItem\",\"position\":2,\"name\":\"Video\",\"item\":\"https:\\\/\\\/www.meydan.tv\\\/az\\\/section\\\/video-2\\\/\"},{\"@type\":\"ListItem\",\"position\":3,\"name\":\"\u018fl\u00f6vs\u0259t \u018fliyev: &#8221;Saxta s\u0259n\u0259d &#8221;istehsal&#8221; ed\u0259nl\u0259r haqq\u0131nda hesabat haz\u0131rlayacam&#8221;\"}]},{\"@type\":\"WebSite\",\"@id\":\"https:\\\/\\\/www.meydan.tv\\\/az\\\/#website\",\"url\":\"https:\\\/\\\/www.meydan.tv\\\/az\\\/\",\"name\":\"MEYDAN.TV\",\"description\":\"Meydan TV Az\u0259rbaycan\u0131n media m\u0259kan\u0131ndak\u0131 alternativ s\u0259sidir\",\"publisher\":{\"@id\":\"https:\\\/\\\/www.meydan.tv\\\/az\\\/#organization\"},\"potentialAction\":[{\"@type\":\"SearchAction\",\"target\":{\"@type\":\"EntryPoint\",\"urlTemplate\":\"https:\\\/\\\/www.meydan.tv\\\/az\\\/?s={search_term_string}\"},\"query-input\":{\"@type\":\"PropertyValueSpecification\",\"valueRequired\":true,\"valueName\":\"search_term_string\"}}],\"inLanguage\":\"az\"},{\"@type\":\"Organization\",\"@id\":\"https:\\\/\\\/www.meydan.tv\\\/az\\\/#organization\",\"name\":\"Meydan TV\",\"url\":\"https:\\\/\\\/www.meydan.tv\\\/az\\\/\",\"logo\":{\"@type\":\"ImageObject\",\"inLanguage\":\"az\",\"@id\":\"https:\\\/\\\/www.meydan.tv\\\/az\\\/#\\\/schema\\\/logo\\\/image\\\/\",\"url\":\"https:\\\/\\\/www.meydan.tv\\\/wp-content\\\/uploads\\\/2021\\\/07\\\/meydan-logo.svg\",\"contentUrl\":\"https:\\\/\\\/www.meydan.tv\\\/wp-content\\\/uploads\\\/2021\\\/07\\\/meydan-logo.svg\",\"width\":195,\"height\":46,\"caption\":\"Meydan TV\"},\"image\":{\"@id\":\"https:\\\/\\\/www.meydan.tv\\\/az\\\/#\\\/schema\\\/logo\\\/image\\\/\"}},{\"@type\":\"Person\",\"@id\":\"https:\\\/\\\/www.meydan.tv\\\/az\\\/#\\\/schema\\\/person\\\/10d11eccf6da3662cf5fdab9806ea91a\",\"name\":\"user-manager\"}]}<\/script>\n<!-- \/ Yoast SEO plugin. -->","yoast_head_json":{"title":"\u018fl\u00f6vs\u0259t \u018fliyev: ''Saxta s\u0259n\u0259d ''istehsal'' ed\u0259nl\u0259r haqq\u0131nda hesabat haz\u0131rlayacam'' - MEYDAN.TV","robots":{"index":"index","follow":"follow","max-snippet":"max-snippet:-1","max-image-preview":"max-image-preview:large","max-video-preview":"max-video-preview:-1"},"canonical":"https:\/\/www.meydan.tv\/az\/article\/elovset-eliyev-saxta-sened-istehsal-edenler-haqqinda-hesabat-hazirlayacam\/","og_locale":"az_AZ","og_type":"article","og_title":"\u018fl\u00f6vs\u0259t \u018fliyev: ''Saxta s\u0259n\u0259d ''istehsal'' ed\u0259nl\u0259r haqq\u0131nda hesabat haz\u0131rlayacam'' - MEYDAN.TV","og_description":"''Prezidentd\u0259n sinif yolda\u015f\u0131 Emin \u015e\u0259kinskinin qanunsuz davran\u0131\u015flar\u0131na son qoyulmas\u0131na yard\u0131m etm\u0259sini xahi\u015f etmi\u015f\u0259m''","og_url":"https:\/\/www.meydan.tv\/az\/article\/elovset-eliyev-saxta-sened-istehsal-edenler-haqqinda-hesabat-hazirlayacam\/","og_site_name":"MEYDAN.TV","article_published_time":"2016-03-04T15:35:17+00:00","og_image":[{"width":626,"height":400,"url":"https:\/\/www.meydan.tv\/wp-content\/uploads\/19101.jpg","type":"image\/jpeg"}],"author":"user-manager","twitter_card":"summary_large_image","schema":{"@context":"https:\/\/schema.org","@graph":[{"@type":"Article","@id":"https:\/\/www.meydan.tv\/az\/article\/elovset-eliyev-saxta-sened-istehsal-edenler-haqqinda-hesabat-hazirlayacam\/#article","isPartOf":{"@id":"https:\/\/www.meydan.tv\/az\/article\/elovset-eliyev-saxta-sened-istehsal-edenler-haqqinda-hesabat-hazirlayacam\/"},"author":{"name":"user-manager","@id":"https:\/\/www.meydan.tv\/az\/#\/schema\/person\/10d11eccf6da3662cf5fdab9806ea91a"},"headline":"\u018fl\u00f6vs\u0259t \u018fliyev: &#8221;Saxta s\u0259n\u0259d &#8221;istehsal&#8221; ed\u0259nl\u0259r haqq\u0131nda hesabat haz\u0131rlayacam&#8221;","datePublished":"2016-03-04T15:35:17+00:00","mainEntityOfPage":{"@id":"https:\/\/www.meydan.tv\/az\/article\/elovset-eliyev-saxta-sened-istehsal-edenler-haqqinda-hesabat-hazirlayacam\/"},"wordCount":3411,"publisher":{"@id":"https:\/\/www.meydan.tv\/az\/#organization"},"image":{"@id":"https:\/\/www.meydan.tv\/az\/article\/elovset-eliyev-saxta-sened-istehsal-edenler-haqqinda-hesabat-hazirlayacam\/#primaryimage"},"thumbnailUrl":"https:\/\/www.meydan.tv\/wp-content\/uploads\/19101.jpg","articleSection":["Video"],"inLanguage":"az"},{"@type":"WebPage","@id":"https:\/\/www.meydan.tv\/az\/article\/elovset-eliyev-saxta-sened-istehsal-edenler-haqqinda-hesabat-hazirlayacam\/","url":"https:\/\/www.meydan.tv\/az\/article\/elovset-eliyev-saxta-sened-istehsal-edenler-haqqinda-hesabat-hazirlayacam\/","name":"\u018fl\u00f6vs\u0259t \u018fliyev: ''Saxta s\u0259n\u0259d ''istehsal'' ed\u0259nl\u0259r haqq\u0131nda hesabat haz\u0131rlayacam'' - MEYDAN.TV","isPartOf":{"@id":"https:\/\/www.meydan.tv\/az\/#website"},"primaryImageOfPage":{"@id":"https:\/\/www.meydan.tv\/az\/article\/elovset-eliyev-saxta-sened-istehsal-edenler-haqqinda-hesabat-hazirlayacam\/#primaryimage"},"image":{"@id":"https:\/\/www.meydan.tv\/az\/article\/elovset-eliyev-saxta-sened-istehsal-edenler-haqqinda-hesabat-hazirlayacam\/#primaryimage"},"thumbnailUrl":"https:\/\/www.meydan.tv\/wp-content\/uploads\/19101.jpg","datePublished":"2016-03-04T15:35:17+00:00","breadcrumb":{"@id":"https:\/\/www.meydan.tv\/az\/article\/elovset-eliyev-saxta-sened-istehsal-edenler-haqqinda-hesabat-hazirlayacam\/#breadcrumb"},"inLanguage":"az","potentialAction":[{"@type":"ReadAction","target":["https:\/\/www.meydan.tv\/az\/article\/elovset-eliyev-saxta-sened-istehsal-edenler-haqqinda-hesabat-hazirlayacam\/"]}]},{"@type":"ImageObject","inLanguage":"az","@id":"https:\/\/www.meydan.tv\/az\/article\/elovset-eliyev-saxta-sened-istehsal-edenler-haqqinda-hesabat-hazirlayacam\/#primaryimage","url":"https:\/\/www.meydan.tv\/wp-content\/uploads\/19101.jpg","contentUrl":"https:\/\/www.meydan.tv\/wp-content\/uploads\/19101.jpg","width":626,"height":400,"caption":"Source:"},{"@type":"BreadcrumbList","@id":"https:\/\/www.meydan.tv\/az\/article\/elovset-eliyev-saxta-sened-istehsal-edenler-haqqinda-hesabat-hazirlayacam\/#breadcrumb","itemListElement":[{"@type":"ListItem","position":1,"name":"Ana s\u0259hif\u0259","item":"https:\/\/www.meydan.tv\/az\/"},{"@type":"ListItem","position":2,"name":"Video","item":"https:\/\/www.meydan.tv\/az\/section\/video-2\/"},{"@type":"ListItem","position":3,"name":"\u018fl\u00f6vs\u0259t \u018fliyev: &#8221;Saxta s\u0259n\u0259d &#8221;istehsal&#8221; ed\u0259nl\u0259r haqq\u0131nda hesabat haz\u0131rlayacam&#8221;"}]},{"@type":"WebSite","@id":"https:\/\/www.meydan.tv\/az\/#website","url":"https:\/\/www.meydan.tv\/az\/","name":"MEYDAN.TV","description":"Meydan TV Az\u0259rbaycan\u0131n media m\u0259kan\u0131ndak\u0131 alternativ s\u0259sidir","publisher":{"@id":"https:\/\/www.meydan.tv\/az\/#organization"},"potentialAction":[{"@type":"SearchAction","target":{"@type":"EntryPoint","urlTemplate":"https:\/\/www.meydan.tv\/az\/?s={search_term_string}"},"query-input":{"@type":"PropertyValueSpecification","valueRequired":true,"valueName":"search_term_string"}}],"inLanguage":"az"},{"@type":"Organization","@id":"https:\/\/www.meydan.tv\/az\/#organization","name":"Meydan TV","url":"https:\/\/www.meydan.tv\/az\/","logo":{"@type":"ImageObject","inLanguage":"az","@id":"https:\/\/www.meydan.tv\/az\/#\/schema\/logo\/image\/","url":"https:\/\/www.meydan.tv\/wp-content\/uploads\/2021\/07\/meydan-logo.svg","contentUrl":"https:\/\/www.meydan.tv\/wp-content\/uploads\/2021\/07\/meydan-logo.svg","width":195,"height":46,"caption":"Meydan TV"},"image":{"@id":"https:\/\/www.meydan.tv\/az\/#\/schema\/logo\/image\/"}},{"@type":"Person","@id":"https:\/\/www.meydan.tv\/az\/#\/schema\/person\/10d11eccf6da3662cf5fdab9806ea91a","name":"user-manager"}]}},"_links":{"self":[{"href":"https:\/\/www.meydan.tv\/az\/wp-json\/wp\/v2\/posts\/174164","targetHints":{"allow":["GET"]}}],"collection":[{"href":"https:\/\/www.meydan.tv\/az\/wp-json\/wp\/v2\/posts"}],"about":[{"href":"https:\/\/www.meydan.tv\/az\/wp-json\/wp\/v2\/types\/post"}],"author":[{"embeddable":true,"href":"https:\/\/www.meydan.tv\/az\/wp-json\/wp\/v2\/users\/11"}],"replies":[{"embeddable":true,"href":"https:\/\/www.meydan.tv\/az\/wp-json\/wp\/v2\/comments?post=174164"}],"version-history":[{"count":0,"href":"https:\/\/www.meydan.tv\/az\/wp-json\/wp\/v2\/posts\/174164\/revisions"}],"wp:featuredmedia":[{"embeddable":true,"href":"https:\/\/www.meydan.tv\/az\/wp-json\/wp\/v2\/media\/50730"}],"wp:attachment":[{"href":"https:\/\/www.meydan.tv\/az\/wp-json\/wp\/v2\/media?parent=174164"}],"wp:term":[{"taxonomy":"category","embeddable":true,"href":"https:\/\/www.meydan.tv\/az\/wp-json\/wp\/v2\/categories?post=174164"},{"taxonomy":"post_tag","embeddable":true,"href":"https:\/\/www.meydan.tv\/az\/wp-json\/wp\/v2\/tags?post=174164"}],"curies":[{"name":"wp","href":"https:\/\/api.w.org\/{rel}","templated":true}]}}