{"id":174151,"date":"2016-03-03T23:13:02","date_gmt":"2016-03-03T23:13:02","guid":{"rendered":"https:\/\/www.meydan.tv\/article\/yerli-tolerantliq\/"},"modified":"2016-03-03T23:13:02","modified_gmt":"2016-03-03T23:13:02","slug":"yerli-tolerantliq","status":"publish","type":"post","link":"https:\/\/www.meydan.tv\/az\/article\/yerli-tolerantliq\/","title":{"rendered":"Yerli tolerantl\u0131q"},"content":{"rendered":"<figure class=\"wp-block-image size-large\">\n  <img decoding=\"async\" src=\"https:\/\/www.meydan.tv\/az\/50594\/\" alt=\"\" class=\"wp-image-50594\"\/><figcaption><\/figcaption><\/figure>\n<figure class=\"wp-block-image size-large\">\n  <img decoding=\"async\" src=\"https:\/\/www.meydan.tv\/az\/50597\/\" alt=\"\" class=\"wp-image-50597\"\/><figcaption><\/figcaption><\/figure>\n<\/p>\n<p>\n  H\u0259l\u0259 XVI-XVII \u0259srl\u0259rd\u0259 Avropada yaranm\u0131\u015f tolerantl\u0131q dini-siyasi termini \u0259vv\u0259ll\u0259r insanlar\u0131, \u0259sas\u0259n \u00a0dini v\u0259 siyasi d\u00f6z\u00fcml\u00fcl\u00fcy\u0259 \u00e7a\u011f\u0131rsa da, sonralar ksenofobiya v\u0259 irq\u00e7ilikl\u0259 m\u00fcbariz\u0259y\u0259 d\u0259 ciddi d\u0259st\u0259k oldu. Zamanla tolerantl\u0131q f\u0259rqliliyi konfliktd\u0259n uzaqla\u015fd\u0131ran, f\u0259rdl\u0259rin barab\u0259r h\u00fcquqlu olmas\u0131n\u0131n vacibliyini bildir\u0259n b\u0259lk\u0259 d\u0259 \u0259n \u0259sas \u00a0anlay\u0131\u015f modelin\u0259 \u00e7evrildi.\n<\/p>\n<p>\n  Doqmatizm\u0259 yox dey\u0259r\u0259k, b\u00fct\u00fcn insanlar\u0131n f\u0259rqli t\u0259rzin\u0259 h\u00f6rm\u0259tl\u0259 yana\u015fmaq, onlara fikirl\u0259rinin bizim fikirl\u0259rimizd\u0259n f\u0259rqli olmas\u0131na r\u0259\u011fm\u0259n, d\u00f6z\u00fcm n\u00fcmayi\u015f etdirm\u0259k tolerantl\u0131q ad\u0131n\u0131 ald\u0131 v\u0259 bu f\u0259ls\u0259f\u0259 ba\u015flan\u011f\u0131c m\u0259rh\u0259l\u0259sind\u0259 \u00e7\u0259tin olsa da, sosial h\u0259yatda \u00f6z\u00fcn\u00fc t\u0259sdiq etdi.\n<\/p>\n<p>\n  Tolerantl\u0131q s\u0259nin kimi d\u00fc\u015f\u00fcnm\u0259y\u0259nin fikirl\u0259rin\u0259 qo\u015fulmaq deyil. \u018fksin\u0259, onunla raz\u0131 olmad\u0131\u011f\u0131na baxmayaraq, s\u0259nin kimi fikirl\u0259\u015fm\u0259y\u0259ni oldu\u011fu kimi q\u0259bul etm\u0259k, onunla konflikt\u0259 girm\u0259m\u0259k, yax\u015f\u0131 davranmaq dem\u0259kdir. B\u0259li, y\u0259ni m\u0259nim \u00fc\u00e7\u00fcn q\u0259buledilm\u0259z bir \u015fey, ba\u015fqas\u0131 t\u0259r\u0259find\u0259n \u00e7ox asanl\u0131qla q\u0259bul edil\u0259 bil\u0259r. Yaxud m\u0259nim \u00fc\u00e7\u00fcn \u00e7ox sevimli, d\u0259y\u0259rli, m\u00fcq\u0259dd\u0259s olan n\u0259s\u0259 ba\u015fqas\u0131 \u00fc\u00e7\u00fcn axmaql\u0131q v\u0259 ya c\u0259hal\u0259t say\u0131la bil\u0259r. \u00c7ox sad\u0259&#8230;\n<\/p>\n<p>\n  Tolerantl\u0131q insanlar\u0131n aras\u0131ndak\u0131 \u00a0b\u00fct\u00fcn ziddiyy\u0259tl\u0259r\u0259, fikir m\u00fcxt\u0259lifliyin\u0259 baxmayaraq, bir-biril\u0259rini dinl\u0259m\u0259k bacar\u0131\u011f\u0131d\u0131r. \u018fs\u0259bil\u0259\u015fm\u0259d\u0259n, aqressiya n\u00fcmayi\u015f etdirm\u0259d\u0259n, qar\u015f\u0131s\u0131ndak\u0131 insanlar\u0131 oldu\u011fu kimi q\u0259bul etm\u0259k prinsipidir.\n<\/p>\n<p>\n  Amma bizim c\u0259miyy\u0259td\u0259 b\u00fct\u00fcn normall\u0131qlar mutasiyaya m\u0259ruz qald\u0131\u011f\u0131 kimi, tolerantl\u0131q da mutasiyaya u\u011fray\u0131b. Ad\u0131 var, dad\u0131 yox. Eyn\u0259n demokratiya kimi. Az\u0259rbaycanda onlar\u0131n h\u0259r ikisini el\u0259 \u00a0hala sal\u0131blar ki, bu adlar\u0131 ver\u0259nl\u0259r onlar\u0131 g\u00f6rs\u0259l\u0259r, tan\u0131mazlar.\n<\/p>\n<p>\n  Tanr\u0131lardan biri \u201cAz\u0259rbaycan xalq\u0131 \u00e7ox d\u00f6z\u00fcml\u00fc xalqd\u0131r\u201d s\u00f6zl\u0259rini dey\u0259nd\u0259 m\u0259n balaca u\u015faq idim. O vaxt bunu e\u015fid\u0259nd\u0259, i\u00e7imd\u0259 bir i\u015f\u0131q yanm\u0131\u015fd\u0131 ki, adam bunu dem\u0259kl\u0259 y\u0259qin ki, bir-birimizin f\u0259rqliliyin\u0259 olan h\u00f6rm\u0259ti v\u0259 d\u00f6z\u00fcml\u00fcl\u00fcy\u00fc n\u0259z\u0259rd\u0259 tutur. Bizi bir-birimiz\u0259 f\u0259rqliliyimizd\u0259n as\u0131l\u0131 olmayaraq, h\u00f6rm\u0259t etm\u0259y\u0259 s\u0259sl\u0259yir. Bir az b\u00f6y\u00fcy\u0259n kimi, bel\u0259 olmad\u0131\u011f\u0131n\u0131, tamamil\u0259 c\u0259f\u0259ngiyyat oldu\u011funu v\u0259 he\u00e7 d\u0259 bunu n\u0259z\u0259rd\u0259 tutmad\u0131\u011f\u0131n\u0131 ba\u015fa d\u00fc\u015fd\u00fcm.\n<\/p>\n<p>\n  O ifad\u0259 xalq\u0131m\u0131z\u0131n bir-birin\u0259 qar\u015f\u0131 d\u00f6z\u00fcml\u00fcl\u00fck n\u00fcmayi\u015f etdirdiyini, tolerant oldu\u011funu deyil, z\u00fclm\u0259 v\u0259 z\u00fclmkarlara qar\u015f\u0131 tolerant oldu\u011funu, zal\u0131mlara v\u0259 z\u00fclm\u0259 d\u00f6z\u00fcml\u00fc oldu\u011funu n\u0259z\u0259rd\u0259 tuturmu\u015f. \u0130ndi m\u0259n\u0259 el\u0259 g\u0259lir ki, o vaxt bunu m\u0259nd\u0259n ba\u015fqa \u00e7ox adam ba\u015fa d\u00fc\u015f\u00fcrm\u00fc\u015f.\n<\/p>\n<p>\n  \u018flb\u0259tt\u0259, \u00e7ox adam. \u00c7\u00fcnki m\u0259n g\u00f6z\u00fcm\u00fc a\u00e7andan, Az\u0259rbaycanda \u00e7oxunun ba\u015fqa adamlar\u0131n f\u0259rqli fikirl\u0259rin\u0259 h\u00f6rm\u0259t etdiyini g\u00f6rm\u0259mi\u015f\u0259m. Bir onu e\u015fitmi\u015f\u0259m ki, b\u00fct\u00fcn g\u00fcn\u00fc bir-biril\u0259rinin arxalar\u0131yca dan\u0131\u015f\u0131blar. Bir-biril\u0259rinin t\u0259rzini, se\u00e7imini pisl\u0259yibl\u0259r. S\u0259h\u0259rd\u0259n-ax\u015fama kimi bir-birinin \u0259tini didibl\u0259r. Sanki yar\u0131\u015fa \u00e7\u0131x\u0131blar \u2013 kim kimin t\u0259rzini v\u0259 se\u00e7imini daha \u00e7ox pisl\u0259di dey\u0259&#8230;\n<\/p>\n<p>\n  Bir d\u00fc\u015f\u00fcn\u00fcn, onlar buna s\u0259rf etdikl\u0259ri zaman\u0131 xalq\u0131n v\u0259 v\u0259t\u0259nin rifah\u0131 \u00fc\u00e7\u00fcn s\u0259m\u0259r\u0259li istifad\u0259 ets\u0259ydil\u0259r, b\u0259lk\u0259 d\u0259, indi biz b\u00fct\u00fcn d\u00fcnya banklar\u0131na kredit\u0259 pul verirdik. \u018fn az\u0131ndan, h\u0259min vaxt\u0131 kitab oxuma\u011fa s\u0259rf etm\u0259k olard\u0131. T\u0259s\u0259vv\u00fcr edirsiz, o zaman \u0259rzind\u0259 oxunan kitablar \u00fc\u00e7\u00fcn ne\u00e7\u0259 min m\u0259rt\u0259b\u0259li kitabxana laz\u0131m olard\u0131?\n<\/p>\n<p>\n  Kitablar demi\u015fk\u0259n, biz d\u0259 dini kitablar\u0131n \u0259n ideal yeri he\u00e7 d\u0259 masa v\u0259 ya kinolarda g\u00f6rd\u00fcy\u00fcm\u00fcz kimi yatanda oxumaq \u00fc\u00e7\u00fcn yata\u011f\u0131n yan\u0131ndak\u0131 ki\u00e7ik dolab deyil. Bizim dini kitab, ad\u0259t\u0259n, \u0259l\u00e7atmaz yerd\u0259 bir b\u00fct kimi dayan\u0131r v\u0259 ill\u0259rl\u0259 tozlan\u0131r. Din demi\u015fk\u0259n, indi bizim ill\u0259rdir ki, yeni tanr\u0131m\u0131z var.\n<\/p>\n<p>\n  K\u00f6hn\u0259 tanr\u0131n\u0131n \u00f6l\u00fcm\u00fcnd\u0259n sonra m\u0259ddahlar\u0131m\u0131z indi d\u0259 ona qurban apar\u0131r. S\u0259fal\u0259tin \u0259lind\u0259n intihar ed\u0259nl\u0259rin simas\u0131nda, kredit\u0259 g\u00f6r\u0259 \u00f6z\u00fcn\u0259 q\u0259sd ed\u0259nl\u0259rin simas\u0131nda, yaxud az qala h\u0259r g\u00fcn \u00f6z\u00fcm\u00fcz\u00fcnk\u00fcl\u0259r t\u0259r\u0259find\u0259n \u00f6ld\u00fcr\u00fcl\u0259n \u0259sg\u0259rl\u0259rimizin simas\u0131nda&#8230;\n<\/p>\n<p>\n  N\u0259 bilmi\u015fdiniz? B\u00fct\u00fcn bunlar qurban deyil, b\u0259s n\u0259dir? \u018flb\u0259tt\u0259, qurband\u0131r v\u0259 bu qurbanlar\u0131 bizim siys\u0259t\u0259 qar\u0131\u015fmayan m\u0259ddah h\u0259mv\u0259t\u0259nl\u0259rimiz \u00f6z tanr\u0131lar\u0131na \u0259rma\u011fan edirl\u0259r.\n<\/p>\n<p>\n  Dem\u0259li, Az\u0259rbaycan xalq\u0131 tanr\u0131lar\u0131 \u00e7ox sev\u0259n xalqd\u0131r. Tanr\u0131 olmasa bel\u0259, onu min-bir \u0259ziyy\u0259tl\u0259 yaradar v\u0259 h\u00f6km\u0259n kiml\u0259ris\u0259 ona qurban ver\u0259r. F\u0259dail\u0259rin, s\u0259n\u0259tkarlar\u0131n, yaz\u0131\u00e7\u0131lar\u0131n simas\u0131nda&#8230;\n<\/p>\n<p>\n  Amma h\u0259r \u015feyd\u0259n \u00f6nc\u0259, Az\u0259rbaycan xalq\u0131 h\u0259m d\u0259 \u00e7ox d\u00f6z\u00fcml\u00fc xalqd\u0131r, \u00e7ox! Ba\u015fqalar\u0131n\u0131n f\u0259rqliliyin\u0259 yox, tanr\u0131lar\u0131n z\u00fclm\u00fcn\u0259&#8230;\n<\/p>\n<p>\n  <b><br \/>\n    Yaz\u0131 m\u00fc\u0259llifin \u015f\u0259xsi m\u00f6vqeyini \u0259ks etdirir&#8230;<br \/>\n  <\/b><\/p>\n","protected":false},"excerpt":{"rendered":"<p>Qurban bahas\u0131na<\/p>\n","protected":false},"author":11,"featured_media":50594,"comment_status":"closed","ping_status":"open","sticky":false,"template":"","format":"standard","meta":{"_acf_changed":false,"_sitemap_exclude":false,"_sitemap_priority":"","_sitemap_frequency":"","footnotes":""},"categories":[57],"tags":[],"class_list":["post-174151","post","type-post","status-publish","format-standard","has-post-thumbnail","hentry","category-menim-fikrimce","infinite-scroll-item","generate-columns","tablet-grid-50","mobile-grid-100","grid-parent","grid-33","no-featured-image-padding"],"acf":[],"yoast_head":"<!-- This site is optimized with the Yoast SEO plugin v27.5 - https:\/\/yoast.com\/product\/yoast-seo-wordpress\/ -->\n<title>Yerli tolerantl\u0131q - MEYDAN.TV<\/title>\n<meta name=\"robots\" content=\"index, follow, max-snippet:-1, max-image-preview:large, max-video-preview:-1\" \/>\n<link rel=\"canonical\" href=\"https:\/\/www.meydan.tv\/az\/article\/yerli-tolerantliq\/\" \/>\n<meta property=\"og:locale\" content=\"az_AZ\" \/>\n<meta property=\"og:type\" content=\"article\" \/>\n<meta property=\"og:title\" content=\"Yerli tolerantl\u0131q - MEYDAN.TV\" \/>\n<meta property=\"og:description\" content=\"Qurban bahas\u0131na\" \/>\n<meta property=\"og:url\" content=\"https:\/\/www.meydan.tv\/az\/article\/yerli-tolerantliq\/\" \/>\n<meta property=\"og:site_name\" content=\"MEYDAN.TV\" \/>\n<meta property=\"article:published_time\" content=\"2016-03-03T23:13:02+00:00\" \/>\n<meta property=\"og:image\" content=\"https:\/\/www.meydan.tv\/wp-content\/uploads\/19075.jpg\" \/>\n\t<meta property=\"og:image:width\" content=\"500\" \/>\n\t<meta property=\"og:image:height\" content=\"500\" \/>\n\t<meta property=\"og:image:type\" content=\"image\/jpeg\" \/>\n<meta name=\"author\" content=\"user-manager\" \/>\n<meta name=\"twitter:card\" content=\"summary_large_image\" \/>\n<script type=\"application\/ld+json\" class=\"yoast-schema-graph\">{\"@context\":\"https:\\\/\\\/schema.org\",\"@graph\":[{\"@type\":\"Article\",\"@id\":\"https:\\\/\\\/www.meydan.tv\\\/az\\\/article\\\/yerli-tolerantliq\\\/#article\",\"isPartOf\":{\"@id\":\"https:\\\/\\\/www.meydan.tv\\\/az\\\/article\\\/yerli-tolerantliq\\\/\"},\"author\":{\"name\":\"user-manager\",\"@id\":\"https:\\\/\\\/www.meydan.tv\\\/az\\\/#\\\/schema\\\/person\\\/10d11eccf6da3662cf5fdab9806ea91a\"},\"headline\":\"Yerli tolerantl\u0131q\",\"datePublished\":\"2016-03-03T23:13:02+00:00\",\"mainEntityOfPage\":{\"@id\":\"https:\\\/\\\/www.meydan.tv\\\/az\\\/article\\\/yerli-tolerantliq\\\/\"},\"wordCount\":939,\"publisher\":{\"@id\":\"https:\\\/\\\/www.meydan.tv\\\/az\\\/#organization\"},\"image\":{\"@id\":\"https:\\\/\\\/www.meydan.tv\\\/az\\\/article\\\/yerli-tolerantliq\\\/#primaryimage\"},\"thumbnailUrl\":\"https:\\\/\\\/www.meydan.tv\\\/wp-content\\\/uploads\\\/19075.jpg\",\"articleSection\":[\"M\u0259nim Fikrimc\u0259\"],\"inLanguage\":\"az\"},{\"@type\":\"WebPage\",\"@id\":\"https:\\\/\\\/www.meydan.tv\\\/az\\\/article\\\/yerli-tolerantliq\\\/\",\"url\":\"https:\\\/\\\/www.meydan.tv\\\/az\\\/article\\\/yerli-tolerantliq\\\/\",\"name\":\"Yerli tolerantl\u0131q - MEYDAN.TV\",\"isPartOf\":{\"@id\":\"https:\\\/\\\/www.meydan.tv\\\/az\\\/#website\"},\"primaryImageOfPage\":{\"@id\":\"https:\\\/\\\/www.meydan.tv\\\/az\\\/article\\\/yerli-tolerantliq\\\/#primaryimage\"},\"image\":{\"@id\":\"https:\\\/\\\/www.meydan.tv\\\/az\\\/article\\\/yerli-tolerantliq\\\/#primaryimage\"},\"thumbnailUrl\":\"https:\\\/\\\/www.meydan.tv\\\/wp-content\\\/uploads\\\/19075.jpg\",\"datePublished\":\"2016-03-03T23:13:02+00:00\",\"breadcrumb\":{\"@id\":\"https:\\\/\\\/www.meydan.tv\\\/az\\\/article\\\/yerli-tolerantliq\\\/#breadcrumb\"},\"inLanguage\":\"az\",\"potentialAction\":[{\"@type\":\"ReadAction\",\"target\":[\"https:\\\/\\\/www.meydan.tv\\\/az\\\/article\\\/yerli-tolerantliq\\\/\"]}]},{\"@type\":\"ImageObject\",\"inLanguage\":\"az\",\"@id\":\"https:\\\/\\\/www.meydan.tv\\\/az\\\/article\\\/yerli-tolerantliq\\\/#primaryimage\",\"url\":\"https:\\\/\\\/www.meydan.tv\\\/wp-content\\\/uploads\\\/19075.jpg\",\"contentUrl\":\"https:\\\/\\\/www.meydan.tv\\\/wp-content\\\/uploads\\\/19075.jpg\",\"width\":500,\"height\":500,\"caption\":\"Source:\"},{\"@type\":\"BreadcrumbList\",\"@id\":\"https:\\\/\\\/www.meydan.tv\\\/az\\\/article\\\/yerli-tolerantliq\\\/#breadcrumb\",\"itemListElement\":[{\"@type\":\"ListItem\",\"position\":1,\"name\":\"Ana s\u0259hif\u0259\",\"item\":\"https:\\\/\\\/www.meydan.tv\\\/az\\\/\"},{\"@type\":\"ListItem\",\"position\":2,\"name\":\"M\u0259nim Fikrimc\u0259\",\"item\":\"https:\\\/\\\/www.meydan.tv\\\/az\\\/section\\\/menim-fikrimce\\\/\"},{\"@type\":\"ListItem\",\"position\":3,\"name\":\"Yerli tolerantl\u0131q\"}]},{\"@type\":\"WebSite\",\"@id\":\"https:\\\/\\\/www.meydan.tv\\\/az\\\/#website\",\"url\":\"https:\\\/\\\/www.meydan.tv\\\/az\\\/\",\"name\":\"MEYDAN.TV\",\"description\":\"Meydan TV Az\u0259rbaycan\u0131n media m\u0259kan\u0131ndak\u0131 alternativ s\u0259sidir\",\"publisher\":{\"@id\":\"https:\\\/\\\/www.meydan.tv\\\/az\\\/#organization\"},\"potentialAction\":[{\"@type\":\"SearchAction\",\"target\":{\"@type\":\"EntryPoint\",\"urlTemplate\":\"https:\\\/\\\/www.meydan.tv\\\/az\\\/?s={search_term_string}\"},\"query-input\":{\"@type\":\"PropertyValueSpecification\",\"valueRequired\":true,\"valueName\":\"search_term_string\"}}],\"inLanguage\":\"az\"},{\"@type\":\"Organization\",\"@id\":\"https:\\\/\\\/www.meydan.tv\\\/az\\\/#organization\",\"name\":\"Meydan TV\",\"url\":\"https:\\\/\\\/www.meydan.tv\\\/az\\\/\",\"logo\":{\"@type\":\"ImageObject\",\"inLanguage\":\"az\",\"@id\":\"https:\\\/\\\/www.meydan.tv\\\/az\\\/#\\\/schema\\\/logo\\\/image\\\/\",\"url\":\"https:\\\/\\\/www.meydan.tv\\\/wp-content\\\/uploads\\\/2021\\\/07\\\/meydan-logo.svg\",\"contentUrl\":\"https:\\\/\\\/www.meydan.tv\\\/wp-content\\\/uploads\\\/2021\\\/07\\\/meydan-logo.svg\",\"width\":195,\"height\":46,\"caption\":\"Meydan TV\"},\"image\":{\"@id\":\"https:\\\/\\\/www.meydan.tv\\\/az\\\/#\\\/schema\\\/logo\\\/image\\\/\"}},{\"@type\":\"Person\",\"@id\":\"https:\\\/\\\/www.meydan.tv\\\/az\\\/#\\\/schema\\\/person\\\/10d11eccf6da3662cf5fdab9806ea91a\",\"name\":\"user-manager\"}]}<\/script>\n<!-- \/ Yoast SEO plugin. -->","yoast_head_json":{"title":"Yerli tolerantl\u0131q - MEYDAN.TV","robots":{"index":"index","follow":"follow","max-snippet":"max-snippet:-1","max-image-preview":"max-image-preview:large","max-video-preview":"max-video-preview:-1"},"canonical":"https:\/\/www.meydan.tv\/az\/article\/yerli-tolerantliq\/","og_locale":"az_AZ","og_type":"article","og_title":"Yerli tolerantl\u0131q - MEYDAN.TV","og_description":"Qurban bahas\u0131na","og_url":"https:\/\/www.meydan.tv\/az\/article\/yerli-tolerantliq\/","og_site_name":"MEYDAN.TV","article_published_time":"2016-03-03T23:13:02+00:00","og_image":[{"width":500,"height":500,"url":"https:\/\/www.meydan.tv\/wp-content\/uploads\/19075.jpg","type":"image\/jpeg"}],"author":"user-manager","twitter_card":"summary_large_image","schema":{"@context":"https:\/\/schema.org","@graph":[{"@type":"Article","@id":"https:\/\/www.meydan.tv\/az\/article\/yerli-tolerantliq\/#article","isPartOf":{"@id":"https:\/\/www.meydan.tv\/az\/article\/yerli-tolerantliq\/"},"author":{"name":"user-manager","@id":"https:\/\/www.meydan.tv\/az\/#\/schema\/person\/10d11eccf6da3662cf5fdab9806ea91a"},"headline":"Yerli tolerantl\u0131q","datePublished":"2016-03-03T23:13:02+00:00","mainEntityOfPage":{"@id":"https:\/\/www.meydan.tv\/az\/article\/yerli-tolerantliq\/"},"wordCount":939,"publisher":{"@id":"https:\/\/www.meydan.tv\/az\/#organization"},"image":{"@id":"https:\/\/www.meydan.tv\/az\/article\/yerli-tolerantliq\/#primaryimage"},"thumbnailUrl":"https:\/\/www.meydan.tv\/wp-content\/uploads\/19075.jpg","articleSection":["M\u0259nim Fikrimc\u0259"],"inLanguage":"az"},{"@type":"WebPage","@id":"https:\/\/www.meydan.tv\/az\/article\/yerli-tolerantliq\/","url":"https:\/\/www.meydan.tv\/az\/article\/yerli-tolerantliq\/","name":"Yerli tolerantl\u0131q - MEYDAN.TV","isPartOf":{"@id":"https:\/\/www.meydan.tv\/az\/#website"},"primaryImageOfPage":{"@id":"https:\/\/www.meydan.tv\/az\/article\/yerli-tolerantliq\/#primaryimage"},"image":{"@id":"https:\/\/www.meydan.tv\/az\/article\/yerli-tolerantliq\/#primaryimage"},"thumbnailUrl":"https:\/\/www.meydan.tv\/wp-content\/uploads\/19075.jpg","datePublished":"2016-03-03T23:13:02+00:00","breadcrumb":{"@id":"https:\/\/www.meydan.tv\/az\/article\/yerli-tolerantliq\/#breadcrumb"},"inLanguage":"az","potentialAction":[{"@type":"ReadAction","target":["https:\/\/www.meydan.tv\/az\/article\/yerli-tolerantliq\/"]}]},{"@type":"ImageObject","inLanguage":"az","@id":"https:\/\/www.meydan.tv\/az\/article\/yerli-tolerantliq\/#primaryimage","url":"https:\/\/www.meydan.tv\/wp-content\/uploads\/19075.jpg","contentUrl":"https:\/\/www.meydan.tv\/wp-content\/uploads\/19075.jpg","width":500,"height":500,"caption":"Source:"},{"@type":"BreadcrumbList","@id":"https:\/\/www.meydan.tv\/az\/article\/yerli-tolerantliq\/#breadcrumb","itemListElement":[{"@type":"ListItem","position":1,"name":"Ana s\u0259hif\u0259","item":"https:\/\/www.meydan.tv\/az\/"},{"@type":"ListItem","position":2,"name":"M\u0259nim Fikrimc\u0259","item":"https:\/\/www.meydan.tv\/az\/section\/menim-fikrimce\/"},{"@type":"ListItem","position":3,"name":"Yerli tolerantl\u0131q"}]},{"@type":"WebSite","@id":"https:\/\/www.meydan.tv\/az\/#website","url":"https:\/\/www.meydan.tv\/az\/","name":"MEYDAN.TV","description":"Meydan TV Az\u0259rbaycan\u0131n media m\u0259kan\u0131ndak\u0131 alternativ s\u0259sidir","publisher":{"@id":"https:\/\/www.meydan.tv\/az\/#organization"},"potentialAction":[{"@type":"SearchAction","target":{"@type":"EntryPoint","urlTemplate":"https:\/\/www.meydan.tv\/az\/?s={search_term_string}"},"query-input":{"@type":"PropertyValueSpecification","valueRequired":true,"valueName":"search_term_string"}}],"inLanguage":"az"},{"@type":"Organization","@id":"https:\/\/www.meydan.tv\/az\/#organization","name":"Meydan TV","url":"https:\/\/www.meydan.tv\/az\/","logo":{"@type":"ImageObject","inLanguage":"az","@id":"https:\/\/www.meydan.tv\/az\/#\/schema\/logo\/image\/","url":"https:\/\/www.meydan.tv\/wp-content\/uploads\/2021\/07\/meydan-logo.svg","contentUrl":"https:\/\/www.meydan.tv\/wp-content\/uploads\/2021\/07\/meydan-logo.svg","width":195,"height":46,"caption":"Meydan TV"},"image":{"@id":"https:\/\/www.meydan.tv\/az\/#\/schema\/logo\/image\/"}},{"@type":"Person","@id":"https:\/\/www.meydan.tv\/az\/#\/schema\/person\/10d11eccf6da3662cf5fdab9806ea91a","name":"user-manager"}]}},"_links":{"self":[{"href":"https:\/\/www.meydan.tv\/az\/wp-json\/wp\/v2\/posts\/174151","targetHints":{"allow":["GET"]}}],"collection":[{"href":"https:\/\/www.meydan.tv\/az\/wp-json\/wp\/v2\/posts"}],"about":[{"href":"https:\/\/www.meydan.tv\/az\/wp-json\/wp\/v2\/types\/post"}],"author":[{"embeddable":true,"href":"https:\/\/www.meydan.tv\/az\/wp-json\/wp\/v2\/users\/11"}],"replies":[{"embeddable":true,"href":"https:\/\/www.meydan.tv\/az\/wp-json\/wp\/v2\/comments?post=174151"}],"version-history":[{"count":0,"href":"https:\/\/www.meydan.tv\/az\/wp-json\/wp\/v2\/posts\/174151\/revisions"}],"wp:featuredmedia":[{"embeddable":true,"href":"https:\/\/www.meydan.tv\/az\/wp-json\/wp\/v2\/media\/50594"}],"wp:attachment":[{"href":"https:\/\/www.meydan.tv\/az\/wp-json\/wp\/v2\/media?parent=174151"}],"wp:term":[{"taxonomy":"category","embeddable":true,"href":"https:\/\/www.meydan.tv\/az\/wp-json\/wp\/v2\/categories?post=174151"},{"taxonomy":"post_tag","embeddable":true,"href":"https:\/\/www.meydan.tv\/az\/wp-json\/wp\/v2\/tags?post=174151"}],"curies":[{"name":"wp","href":"https:\/\/api.w.org\/{rel}","templated":true}]}}