{"id":174136,"date":"2016-03-03T16:41:17","date_gmt":"2016-03-03T16:41:17","guid":{"rendered":"https:\/\/www.meydan.tv\/article\/legitimlik\/"},"modified":"2016-03-03T16:41:17","modified_gmt":"2016-03-03T16:41:17","slug":"legitimlik","status":"publish","type":"post","link":"https:\/\/www.meydan.tv\/az\/article\/legitimlik\/","title":{"rendered":"Legitimlik"},"content":{"rendered":"<figure class=\"wp-block-image size-large\">\n  <img decoding=\"async\" src=\"https:\/\/www.meydan.tv\/az\/50579\/\" alt=\"\" class=\"wp-image-50579\"\/><figcaption><\/figcaption><\/figure>\n<figure class=\"wp-block-image size-large\">\n  <img decoding=\"async\" src=\"https:\/\/www.meydan.tv\/az\/50582\/\" alt=\"\" class=\"wp-image-50582\"\/><figcaption><\/figcaption><\/figure>\n<p>\n  Az\u0259rbaycan h\u00f6kum\u0259tinin haz\u0131rda ya\u015fad\u0131\u011f\u0131 \u0259n b\u00f6y\u00fck probleml\u0259rd\u0259n biri, onun \u00f6z legitimliyini itirm\u0259si il\u0259 ba\u011fl\u0131d\u0131r. H\u00fcquqi m\u0259nada legtimlik m\u0259s\u0259l\u0259sin\u0259;\n<\/p>\n<p>\n  https:\/\/www.meydan.tv\/az\/article\/azerbaycan-hakimiyeti-nece-qeyri-legitim-oldu\/\n<\/p>\n<p>\n  ayd\u0131nl\u0131q g\u0259tirdiyimd\u0259n, indi siyasi olaraq bunun hans\u0131 m\u0259nada problem do\u011furdu\u011funu ayd\u0131nla\u015fd\u0131rma\u011fa \u00e7al\u0131\u015faq.\n<\/p>\n<p>\n  Bu probleml\u0259 ba\u011fl\u0131 Fransis Fukuyama \u201cTarixin Sonu v\u0259 Son \u0130nsan\u201d adl\u0131 \u0259s\u0259rind\u0259 yaz\u0131r: \u201cG\u00fccl\u00fc d\u00f6vl\u0259tl\u0259rin sonunda \u00e7\u00f6km\u0259sinin s\u0259b\u0259bi h\u0259lledilm\u0259z legitimlik problemi idi, fikirl\u0259r v\u0259 d\u00fcnya bax\u0131\u015f\u0131nda yaranan b\u00f6hran idi&#8230;\u0130st\u0259nil\u0259n rejiml\u0259r h\u0259r hans\u0131sa m\u00fctl\u0259q bir legitimliy\u0259 ehtiyac\u0131 var. Bir rejimin varl\u0131\u011f\u0131n\u0131 davam etdir\u0259 bilm\u0259si \u00fc\u00e7\u00fcn n\u00fcfuzun \u00e7oxluq t\u0259r\u0259find\u0259n legitim q\u0259bul edilm\u0259sin\u0259 g\u0259r\u0259k yoxdur. Xalq\u0131n b\u00f6y\u00fck \u0259ks\u0259riyy\u0259tinin m\u00fctl\u0259q nifr\u0259tini qazanm\u0131\u015f diktaturalar\u0131n, yen\u0259 d\u0259 on ill\u0259rl\u0259 iqtidarda qalmas\u0131 il\u0259 ba\u011fl\u0131 onlarla misal var. Bir rejimin \u00e7oxluq t\u0259r\u0259find\u0259n legitim q\u0259bul edilm\u0259m\u0259si, h\u0259l\u0259 onun legtimlik b\u00f6hran\u0131 ya\u015fad\u0131\u011f\u0131 m\u0259nas\u0131na g\u0259lm\u0259m\u0259lidir. Bunun \u00fc\u00e7\u00fcn, bu bax\u0131\u015f\u0131n rejim\u0259 ba\u011fl\u0131 m\u0259\u015fhur insanlara, \u00f6z\u0259llikl\u0259 rejimin g\u00fcc strukturlar\u0131n\u0131 \u0259lind\u0259 saxlayan g\u00fccl\u0259r\u0259, h\u00f6k\u00fcm\u0259t partiyas\u0131na, orduya v\u0259 polis\u0259 d\u0259 siray\u0259t etm\u0259lidir. Avtoritar bir rejimd\u0259 legitimlik b\u00f6hran\u0131ndan s\u00f6hb\u0259t ed\u0259rk\u0259n, bununla bir yerd\u0259 olmalar\u0131 rejimin f\u0259aliyy\u0259ti \u00fc\u00e7\u00fcn vacib olan m\u0259\u015fhurlar\u0131n aralar\u0131nda ya\u015fanan b\u00f6hran\u0131 n\u0259z\u0259rd\u0259 tuturuq\u201d.\n<\/p>\n<p>\n  Fransis Fukuyama hesab edir ki, \u201cbir rejimin legitimliyi bir ordunun \u015f\u0259xsi s\u0259daq\u0259tind\u0259n tutmu\u015f, idar\u0259\u00e7iliyi haql\u0131 ed\u0259n idealogiyaya q\u0259d\u0259r f\u0259rqli qaynaqlardan qidalana bil\u0259r. M\u0259s\u0259l\u0259n, fa\u015fizm \u00fc\u00e7\u00fcn legitimlik qayna\u011f\u0131 irqi v\u0259 ya milli ba\u011f idi. Nasional-Sosializim insanlar\u0131n g\u00f6z\u00fcnd\u0259ki h\u00f6rm\u0259tini ancaq m\u0259\u011flub olduqdan sonra itirdi, \u00e7\u00fcnki Hitler legitimlik iddias\u0131n\u0131 almanlara d\u00fcnya a\u011fal\u0131\u011f\u0131n\u0131 v\u0259d etm\u0259kl\u0259 ba\u011flam\u0131\u015fd\u0131\u201d\n<\/p>\n<p>\n  SSR\u0130 \u00fc\u00e7\u00fcn g\u0259l\u0259c\u0259kd\u0259 qurulacaq \u201ckommunist c\u0259miyy\u0259t\u201d legitimlik yarad\u0131rd\u0131. Sovet h\u00f6k\u00fcm\u0259ti \u00f6z legitimliyini Sovet insan\u0131na v\u0259d etdiyi y\u00fcks\u0259k iqtisadi-sosial ya\u015fay\u0131\u015f v\u0259din\u0259 ba\u011flam\u0131\u015fd\u0131. O bunun \u00f6hd\u0259sind\u0259n g\u0259l\u0259 bilm\u0259diyi \u00fc\u00e7\u00fcn, insanlar\u0131n g\u00f6z\u00fcnd\u0259 d\u0259rhal etibar\u0131n\u0131 itirdi v\u0259 \u00e7\u00f6kd\u00fc.\u201d\n<\/p>\n<p>\n  F.Fukuyam hesab edir ki, sa\u011f avtoritar rejiml\u0259rin hakimiyy\u0259t\u0259 g\u0259lm\u0259si \u00e7ox zaman \u00f6k\u0259d\u0259 ya\u015fanan \u201cba\u015f\u0131pozuqlu\u011fu qaydaya salmaq\u201d v\u0259 \u201ciqtisadiyyat\u0131 intizama salmaq\u201d v\u0259di il\u0259 m\u00fc\u015faiy\u0259t olunur. \u00c7oxlu\u011fun legitimliyin\u0259 dayanan demokratik hakimiyy\u0259tl\u0259rd\u0259 d\u0259 legitimlik b\u00f6hran\u0131n\u0131n ya\u015fand\u0131\u011f\u0131n\u0131, amma onlar\u0131n bu b\u00f6hrandan h\u00f6kum\u0259tin istefa ver\u0259r\u0259k, \u00e7\u0131xa bildiyini, bunun \u0259ksin\u0259 avtoritar rejiml\u0259r \u00fc\u00e7\u00fcn bu b\u00f6hran\u0131n \u00e7\u00f6k\u00fc\u015fl\u0259 n\u0259tic\u0259l\u0259ndiyi q\u0259na\u0259tin\u0259 g\u0259lir v\u0259 bunu avtoritar rejiml\u0259rin \u0259n ciddi z\u0259ifliyi hesab edir.\n<\/p>\n<p>\n  F.Fukuyamaya bu uzun istinaddan sonra, ke\u00e7\u0259k Az\u0259rbaycan hakimiyy\u0259tinin siyasi olaraq haz\u0131rda ya\u015fad\u0131\u011f\u0131 b\u00f6hrana. He\u00e7 kim\u0259 sirr deyil ki, Az\u0259rbaycan\u0131n indiki iqtidar\u0131 \u201c92-93-c\u00fc ill\u0259rin b\u00f6hran\u0131\u201d-ndan sonra hakimiyy\u0259t\u0259, \u00fcmumi olaraq ifad\u0259 ets\u0259k:\n<\/p>\n<p>\n  a) \u201cxaosa son qoymaq\u201d\n<\/p>\n<p>\n  b) \u00f6lk\u0259d\u0259 \u201cstabilliyi\u201d t\u0259min etm\u0259k (birinci b\u0259ndl\u0259 s\u0131x ba\u011fl\u0131)\n<\/p>\n<p>\n  c) \u201cDa\u011fl\u0131q Qaraba\u011f v\u0259 \u0259traf rayonlar\u0131\u201d qaytarmaq\n<\/p>\n<p>\n  d) neft pullar\u0131 il\u0259 insanlar\u0131n rifah\u0131n\u0131 t\u0259min etm\u0259k\n<\/p>\n<p>\n  e) demokratik d\u00f6vl\u0259t qurmaq v\u0259 insan haqqlar\u0131n\u0131 t\u0259min etm\u0259k v\u0259dl\u0259ri il\u0259 g\u0259lib.\n<\/p>\n<p>\n  Siyasi qeyri-m\u00fc\u0259yy\u0259nliy\u0259 son qoyulur v\u0259 \u00f6lk\u0259d\u0259 stabillik t\u0259min olunur.\n<\/p>\n<p>\n  Raz\u0131la\u015fmaq lazmd\u0131r ki, Heyd\u0259r \u018fliyev hakimiyy\u0259t\u0259 he\u00e7 d\u0259 iddia edildiyi kimi azl\u0131\u011f\u0131n zorak\u0131l\u0131\u011f\u0131 il\u0259 g\u0259lm\u0259yib, onun arxas\u0131nda kifay\u0259t q\u0259d\u0259r, aktiv olmasa da, passiv formada xalq\u0131n laz\u0131mi \u00e7oxlu\u011fu dururdu. Bu, art\u0131q onu \u00e7oxlu\u011fun g\u00f6z\u00fcnd\u0259 legitim etmi\u015fdi v\u0259 onun iqtidar\u0131na m\u00fcxalif olan qruplar hakimiyy\u0259ti xalq\u0131n g\u00f6z\u00fcnd\u0259 itirdikl\u0259rind\u0259n, bu onlar\u0131n uzun m\u00fcdd\u0259t Heyd\u0259r \u018fliyev\u0259 qar\u015f\u0131 ciddi m\u00fcxalif g\u00fcc t\u0259\u015fkil etm\u0259sinin qar\u015f\u0131s\u0131n\u0131 al\u0131rd\u0131. Heyd\u0259r \u018fliyev hakimiyy\u0259t\u0259 g\u0259ldikd\u0259n sonra \u00f6lk\u0259d\u0259 olan siyasi iqtidars\u0131zl\u0131\u011fa son qoyuldu v\u0259 stabillik t\u0259min olundu.\n<\/p>\n<p>\n  <b><br \/>\n    Geri qaytar\u0131lmam\u0131\u015f torpaqlar v\u0259 demokratiyan\u0131n imitiasiyas\u0131<br \/>\n  <\/b>\n<\/p>\n<p>\n  Lakin zaman ke\u00e7dikc\u0259, Az\u0259rbaycan hakimiyy\u0259ti legitimlik qazand\u0131\u011f\u0131 \u00e7oxlu\u011fun s\u0259sl\u0259rini v\u0259 etibar\u0131n\u0131 itirm\u0259y\u0259 ba\u015flad\u0131. Buna s\u0259b\u0259b yuxar\u0131da sadalanan v\u0259dl\u0259rd\u0259n \u00e7oxuna \u0259m\u0259l olunmamas\u0131 idi. Da\u011fl\u0131q Qaraba\u011f v\u0259 \u0259traf rayonlar\u0131n h\u0259r il qay\u0131daca\u011f\u0131 inam\u0131 xalqa a\u015f\u0131lan\u0131r, amma bu i\u015fin \u201cb\u00f6y\u00fck g\u00fccl\u0259rin\u201d \u0259lind\u0259 olmas\u0131 il\u0259 ba\u011fl\u0131 da xalqa altdan-alta m\u0259lumat s\u0131zd\u0131rl\u0131r v\u0259 bel\u0259c\u0259 insanlar\u0131n hissl\u0259ri il\u0259 oynan\u0131l\u0131r, inamlar\u0131 \u00f6ld\u00fcr\u00fcl\u00fcrd\u00fc. Demokratiyaya ke\u00e7id is\u0259 \u00f6lk\u0259nin h\u0259l\u0259 \u201cke\u00e7id m\u0259rh\u0259l\u0259sind\u0259 olmas\u0131, xalq\u0131n demokratiyaya haz\u0131r olmad\u0131\u011f\u0131\u201d formas\u0131nda propaqanda edilir v\u0259 bel\u0259c\u0259 proses uzad\u0131ld\u0131qca, uzad\u0131l\u0131rd\u0131.\n<\/p>\n<p>\n  1998-ci ild\u0259 ke\u00e7iril\u0259n se\u00e7kil\u0259rd\u0259 hakimiyy\u0259t, tam \u00f6z\u00fcn\u0259 \u0259min olmad\u0131\u011f\u0131ndan, total saxtakarl\u0131\u011fa getdi v\u0259 bununla da \u0259vv\u0259l\u0259r \u00e7oxlu\u011fa dayanan legitimliyini itirdi. Bu, Az\u0259rbaycan tarixind\u0259 yeni s\u0259hif\u0259 idi, bel\u0259 ki, siyasi hakimiyy\u0259t art\u0131q legitimliyini azl\u0131q olan se\u00e7ilmi\u015f qrupa, m\u00fcxt\u0259lif sah\u0259l\u0259rd\u0259 olan m\u0259\u015fhurlar\u0131n loyall\u0131\u011f\u0131na, x\u00fcsus\u0259n d\u0259 polis v\u0259 g\u00fcc sturukturlar\u0131na (H\u0259rb\u00e7il\u0259rin Az\u0259rbaycan tarixind\u0259 oynad\u0131\u011f\u0131 rolu n\u0259z\u0259r\u0259 alan siyasi hakmiyy\u0259t, onlara etibar etm\u0259di v\u0259 onlar b\u00fct\u00fcn m\u00fcst\u0259qillik tariximz boyu z\u0259if tutma\u011fa \u00e7al\u0131\u015fd\u0131 ki, indi biz bunun a\u011fr\u0131s\u0131n\u0131 ordumuzda ba\u015f ver\u0259n \u00f6zba\u015fnal\u0131qlarda yax\u0131ndan hiss edirik) ba\u011flad\u0131. Bu da, sonra g\u0259l\u0259c\u0259kl\u0259r\u0259 qap\u0131 a\u00e7d\u0131, \u00f6lk\u0259 avtoritarizimin yeni m\u0259rh\u0259l\u0259sin\u0259 q\u0259d\u0259m qoydu.\n<\/p>\n<p>\n  Bu arada, siyasi hakimiyy\u0259t \u201cHeyd\u0259r \u018fliyev yolu\u201d deyil\u0259n ideoloji dayaq formala\u015fd\u0131rma\u011fa \u00e7al\u0131\u015fsa da, zamanla bu iflas etdi, \u00e7\u00fcnki ideoloji olan \u00f6z\u00fc-\u00f6zl\u00fcy\u00fcnd\u0259 m\u00fc\u0259yy\u0259n d\u0259y\u0259rl\u0259r sistemini \u00f6z\u00fcnd\u0259 ehtiva edir ki, bu h\u0259min siyasi hakimiyy\u0259tin he\u00e7 bir siyas\u0259tind\u0259 hiss edilmirdi. Bu daha \u00e7ox \u015f\u0259xsiyy\u0259t\u0259 p\u0259r\u0259sti\u015f m\u0259hfumu idi ki, onun da uzun zaman ayaqda durmas\u0131 m\u00fcmk\u00fcns\u00fcz idi.\n<\/p>\n<p>\n  <b><br \/>\n    Rifah\u0131n ill\u00fcziyas\u0131 \u2013 \u00c7i\u00e7\u0259kl\u0259n\u0259n Az\u0259rbaycan<br \/>\n  <\/b>\n<\/p>\n<p>\n  Heyd\u0259r \u018fliyev hakmiyy\u0259tinin o\u011flu \u0130lham \u018fliyev\u0259 t\u0259hvil verlm\u0259si Az\u0259rbaycan \u00fc\u00e7\u00fcn yeni s\u0259hif\u0259 a\u00e7\u0131rd\u0131.<br \/>\n  <br \/>\n  T\u0259ff\u0259rruata girm\u0259d\u0259n onu deyim ki, \u0130lham \u018fliyevin d\u00f6vr\u00fc siyasi legitimlik bax\u0131m\u0131ndan Heyd\u0259r \u018fliyevin hakimiyy\u0259tind\u0259n f\u0259rl\u0259qnmirdi. Amma h\u0259min bu d\u00f6vrd\u0259 \u00f6lk\u0259y\u0259 ciddi neft pullar\u0131 g\u0259lm\u0259y\u0259 ba\u015flad\u0131\u011f\u0131 \u00fc\u00e7\u00fcn siyasi hakimiyy\u0259t k\u00f6vr\u0259lmi\u015f v\u0259 \u00fcz\u00fclm\u0259k m\u0259rh\u0259l\u0259sin\u0259 \u00e7atm\u0131\u015f (2003-c\u00fc ild\u0259 ba\u015f ver\u0259n k\u00fctl\u0259vi etirazlar\u0131, m\u0259tbuatda yaz\u0131lanlara diqq\u0259t atsaq, bunu a\u00e7\u0131q g\u00f6r\u0259rik) legitimlik dayaqlar\u0131na bir ne\u00e7\u0259 punkt \u0259lav\u0259 etdi.\n<\/p>\n<p>\n  Bunlar\u0131n s\u0131ras\u0131nda \u201cAz\u0259rbaycan\u0131n tez bir zamanda d\u00fcnyan\u0131n \u0259n inki\u015faf etmi\u015f \u00f6lk\u0259l\u0259rind\u0259n biri etm\u0259k\u201d v\u0259di dururdu. \u00dcmumilikd\u0259 bu siyas\u0259tin ad\u0131n\u0131 \u201c\u00c7i\u00e7\u0259kl\u0259n\u0259n Az\u0259rbaycan\u201d qoymaq olar. Bu v\u0259d g\u0259l\u0259n b\u00f6y\u00fck pullar v\u0259 \u00f6lk\u0259d\u0259 ya\u015fanan tikitinti \u201cbumu\u201d il\u0259 bir n\u00f6v sanki yerin\u0259 yetirilirdi, inki\u015faf\u0131n ill\u00fcziyas\u0131 insanlar\u0131 \u00e7a\u015fd\u0131rm\u0131\u015fd\u0131. Onlar do\u011furdan da, t\u0259\u0259cc\u00fcb i\u00e7\u0259risind\u0259 idil\u0259r. H\u0259tta \u0259n kas\u0131b insanlar bel\u0259, \u00f6z real ya\u015fay\u0131\u015f\u0131 il\u0259 \u0259traf\u0131nda g\u00f6rd\u00fcy\u00fc parlaql\u0131q il\u0259 ziddiy\u0259ti tam \u00e7\u00f6z\u0259 bilm\u0259yib, \u015f\u00fcbh\u0259y\u0259 d\u00fc\u015f\u00fcrd\u00fcl\u0259r.\n<\/p>\n<p>\n  Ham\u0131 bir a\u011f\u0131zdan deyirdi ki, n\u0259s\u0259 inki\u015faf edir v\u0259 bunun tez bir zamanda televiziyalarda deyildiyi kimi, onlar\u0131n h\u0259yat\u0131nda \u0259ks olunaca\u011f\u0131 v\u0259d edilirdi. Amma insanlar g\u00f6zl\u0259yir, ba\u015f ver\u0259n \u201ctikinti inki\u015faf\u0131\u201d is\u0259 onlar\u0131n h\u0259yatlar\u0131nda real olaraq ciddi he\u00e7 bir d\u0259yi\u015fiklik yaratm\u0131rd\u0131. \u018fksin\u0259, \u00f6lk\u0259 g\u00fcn\u00fc-g\u00fcnd\u0259n bahala\u015f\u0131r, x\u0131rda v\u0259 orta sahibkarl\u0131q bo\u011fulur, iri m\u0259mur-monopoliyas\u0131 d\u0259rmandan tutmu\u015f, \u0259rzaqa kimi \u00f6lk\u0259ni h\u0259bs edirdi. \u0130nsanlar \u015f\u0259h\u0259rin m\u0259rk\u0259zind\u0259 ba\u015f verib, el\u0259 ordaca bit\u0259n parlaql\u0131\u011f\u0131n onlar\u0131n rayonlar\u0131na, evl\u0259rin\u0259, \u00e7atmayaca\u011f\u0131n\u0131 yava\u015f-yava\u015f anlama\u011fa ba\u015flay\u0131rd\u0131.\n<\/p>\n<p>\n  \u00c7oxlu\u011fun itirilmi\u015f d\u0259st\u0259yini az da olsa, geri qazanmaq \u00fc\u00e7\u00fcn h\u00f6k\u00fcm\u0259t ortaya yeni iki layih\u0259 il\u0259 \u00e7\u0131xd\u0131: \u0130\u015fsizliyin minumuma endirilm\u0259si v\u0259 \u201cRegionlar\u0131n sosial-iqtisadi inki\u015faf proqram\u0131\u201d. Bu proqarmlar il\u0259 siyasi hakimiyy\u0259t \u00f6lk\u0259d\u0259 bir milyon yar\u0131m i\u015f yeri yarada bildiyini \u00f6z\u00fcn\u00fcn proqaqanda vasit\u0259sin\u0259 \u00e7evirir, bundan \u00f6z legitimlik g\u00fcc\u00fcn\u00fc al\u0131rd\u0131. Do\u011furdan da, \u00f6lk\u0259y\u0259 g\u0259l\u0259n neft pullar\u0131 hesab\u0131na \u00f6lk\u0259d\u0259, x\u00fcsus\u0259n d\u0259 paytaxtda tikinti s\u00fcr\u0259tl\u0259 yay\u0131lm\u0131\u015fd\u0131. \u0130\u015f o yer\u0259 \u00e7atm\u0131\u015fd\u0131 ki, bir ay \u0259vv\u0259l t\u0259mir olunan yol, bir aydan sonra yenid\u0259n t\u0259mir edilir, bel\u0259c\u0259 bununla \u201cyarad\u0131lm\u0131\u015f i\u015f yerl\u0259rinin\u201d statsitikas\u0131na yeni i\u015fl\u0259r \u0259lav\u0259 olunur, bununla da m\u0259\u015f\u011fullu\u011fun ill\u00fcziyas\u0131 yarad\u0131l\u0131rd\u0131.\n<\/p>\n<p>\n  <b><br \/>\n    Devalvasiya v\u0259 \u00c7i\u00e7\u0259kl\u0259n\u0259n Az\u0259rbaycan\u0131n solmas\u0131<br \/>\n  <\/b>\n<\/p>\n<p>\n  Amma \u201c\u00c7i\u00e7\u0259kl\u0259n\u0259n Az\u0259rbaycan\u201d q\u0259fil soldu. \u00d6lk\u0259 iqtisadi b\u00f6hranla \u00fczb\u0259\u00fcz g\u0259ldi. M\u00fcnhen T\u0259hl\u00fck\u0259sizlik Konfrans\u0131 \u00e7\u0259r\u00e7iv\u0259sind\u0259 \u201cNeftin qiym\u0259tinin a\u015fa\u011f\u0131 d\u00fc\u015fm\u0259si geosiyasi m\u0259s\u0259l\u0259l\u0259ri \u00fczr\u0259 enerji t\u0259hl\u00fck\u0259sizliyi\u201d m\u00f6vzusunda ke\u00e7iril\u0259n D\u0259yirmi masada prezident \u0130lham \u018fliyev &#8220;Biz indi ya\u015fad\u0131\u011f\u0131m\u0131z v\u0259ziyy\u0259ti neft hasilat\u0131n\u0131n azalma\u011fa ba\u015flad\u0131\u011f\u0131 bir d\u00f6vrd\u0259 &#8211; ola bilsin, 15-20 il bundan sonra proqnozla\u015fd\u0131rma\u011fa \u00e7al\u0131\u015f\u0131rd\u0131q. Biz bu d\u00f6vr\u0259 haz\u0131r deyildik\u201d dem\u0259si v\u0259ziyy\u0259tin \u0259slind\u0259 n\u0259 q\u0259d\u0259r q\u0259liz oldu\u011funu g\u00f6st\u0259rir.\n<\/p>\n<p>\n  D\u00fcnyada neftin qiym\u0259tinin d\u00fc\u015fm\u0259si, Az\u0259rbaycan\u0131n \u00f6z\u00fcn\u00fcn \u00e7\u0131xartd\u0131\u011f\u0131 neftin azalmas\u0131 \u00f6lk\u0259ni tamamil\u0259 neft-qazdan as\u0131l\u0131 hala g\u0259tir\u0259n siyasi hakimiyy\u0259tin ona legitimlik qazand\u0131ra bil\u0259c\u0259k layih\u0259l\u0259rini iflasa u\u011fratd\u0131. Siyasi hakimiyy\u0259t indi \u00f6z\u00fcn\u00fcn v\u0259dl\u0259rinin qurban\u0131na \u00e7evrilmi\u015fdi. M\u0259lum oldu ki, regionlar\u0131n sosial-iqtisadi inki\u015faf proqram\u0131na 30 millyard dollara yax\u0131n pul x\u0259rcl\u0259nib.\n<\/p>\n<p>\n  Amma Ab\u015feron yar\u0131madas\u0131 h\u0259l\u0259 d\u0259 \u00f6lk\u0259nin \u00dcmumi Daxili M\u0259hsulunun 98%-ni verir v\u0259 rayonlar\u0131n \u00f6lk\u0259 iqtisadiyyat\u0131nda pay\u0131 2% civar\u0131ndad\u0131r. Yarad\u0131lan 1.5 milyon yar\u0131m i\u015f yerl\u0259rinin \u0259slind\u0259 ka\u011f\u0131z \u00fcz\u0259rind\u0259 olmas\u0131, i\u015fsizlikl\u0259 ba\u011fl\u0131 rayonlarda ba\u015flanan k\u00fctl\u0259vi etirazlar il\u0259 \u00f6z\u00fcn\u00fc biruz\u0259 verm\u0259y\u0259 ba\u015flay\u0131rd\u0131. Siyasi iqtidar F.Fukuyaman\u0131n dediyi kimi, legitimlik b\u00f6hran\u0131 il\u0259 \u00fczb\u0259\u00fcz qalm\u0131\u015fd\u0131.\n<\/p>\n<p>\n  Siyasi iqtdidar\u0131n daxild\u0259n d\u0259 m\u00f6hk\u0259m olmamas\u0131n\u0131 oryata qoyan \u00e7ox ciddi hadis\u0259 MTN-nin faktiki olaraq, tamamil\u0259 da\u011f\u0131d\u0131l\u0131b, yenid\u0259n qurulmas\u0131 oldu. Bundan \u0259vv\u0259l is\u0259 iki nazirin h\u0259bs edilm\u0259si siyasi elitan\u0131n daxilind\u0259 qar\u015f\u0131l\u0131ql\u0131 inams\u0131zl\u0131\u011f\u0131n h\u00f6km s\u00fcrd\u00fcy\u00fcn\u00fc a\u00e7\u0131q-a\u015fkar n\u00fcmayi\u015f etdirmi\u015fdi. H\u0259r k\u0259sin h\u0259r an \u00e7\u00f6l\u0259 at\u0131la bil\u0259c\u0259yini, kimins\u0259 toplad\u0131\u011f\u0131 s\u0259rv\u0259tin laz\u0131m olan anda onun \u0259lind\u0259n al\u0131na bil\u0259c\u0259yini hiss etm\u0259si, \u0259slind\u0259 azl\u0131\u011f\u0131n zorak\u0131l\u0131\u011f\u0131na dayanan siyasi hakimiy\u0259tin \u00f6z\u00fcn\u00fcn d\u0259 b\u00f6hranda oldu\u011funu g\u00f6st\u0259rir.\n<\/p>\n<p>\n  G\u00f6r\u00fcn\u0259n odur ki, azl\u0131\u011f\u0131n daxilind\u0259 d\u0259 q\u0259nim\u0259ti b\u00f6l\u00fc\u015fd\u00fcrm\u0259kd\u0259 ciddi fikir ayr\u0131l\u0131\u011f\u0131 var.\n<\/p>\n<p>\n  <b><br \/>\n    Yaz\u0131 m\u00fc\u0259llifin \u015f\u0259xsi m\u00f6vqeyini \u0259ks etdirir&#8230;<br \/>\n  <\/b><\/p>\n","protected":false},"excerpt":{"rendered":"<p>&#8220;\u00c7i\u00e7\u0259kl\u0259n\u0259n Az\u0259rbaycan&#8221; mifinin sonu<\/p>\n","protected":false},"author":11,"featured_media":50579,"comment_status":"closed","ping_status":"open","sticky":false,"template":"","format":"standard","meta":{"_acf_changed":false,"_sitemap_exclude":false,"_sitemap_priority":"","_sitemap_frequency":"","footnotes":""},"categories":[57],"tags":[],"class_list":["post-174136","post","type-post","status-publish","format-standard","has-post-thumbnail","hentry","category-menim-fikrimce","infinite-scroll-item","generate-columns","tablet-grid-50","mobile-grid-100","grid-parent","grid-33","no-featured-image-padding"],"acf":[],"yoast_head":"<!-- This site is optimized with the Yoast SEO plugin v27.5 - https:\/\/yoast.com\/product\/yoast-seo-wordpress\/ -->\n<title>Legitimlik - MEYDAN.TV<\/title>\n<meta name=\"robots\" content=\"index, follow, max-snippet:-1, max-image-preview:large, max-video-preview:-1\" \/>\n<link rel=\"canonical\" href=\"https:\/\/www.meydan.tv\/az\/article\/legitimlik\/\" \/>\n<meta property=\"og:locale\" content=\"az_AZ\" \/>\n<meta property=\"og:type\" content=\"article\" \/>\n<meta property=\"og:title\" content=\"Legitimlik - MEYDAN.TV\" \/>\n<meta property=\"og:description\" content=\"&quot;\u00c7i\u00e7\u0259kl\u0259n\u0259n Az\u0259rbaycan&quot; mifinin sonu\" \/>\n<meta property=\"og:url\" content=\"https:\/\/www.meydan.tv\/az\/article\/legitimlik\/\" \/>\n<meta property=\"og:site_name\" content=\"MEYDAN.TV\" \/>\n<meta property=\"article:published_time\" content=\"2016-03-03T16:41:17+00:00\" \/>\n<meta property=\"og:image\" content=\"https:\/\/www.meydan.tv\/wp-content\/uploads\/19047.jpg\" \/>\n\t<meta property=\"og:image:width\" content=\"400\" \/>\n\t<meta property=\"og:image:height\" content=\"400\" \/>\n\t<meta property=\"og:image:type\" content=\"image\/jpeg\" \/>\n<meta name=\"author\" content=\"user-manager\" \/>\n<meta name=\"twitter:card\" content=\"summary_large_image\" \/>\n<script type=\"application\/ld+json\" class=\"yoast-schema-graph\">{\"@context\":\"https:\\\/\\\/schema.org\",\"@graph\":[{\"@type\":\"Article\",\"@id\":\"https:\\\/\\\/www.meydan.tv\\\/az\\\/article\\\/legitimlik\\\/#article\",\"isPartOf\":{\"@id\":\"https:\\\/\\\/www.meydan.tv\\\/az\\\/article\\\/legitimlik\\\/\"},\"author\":{\"name\":\"user-manager\",\"@id\":\"https:\\\/\\\/www.meydan.tv\\\/az\\\/#\\\/schema\\\/person\\\/10d11eccf6da3662cf5fdab9806ea91a\"},\"headline\":\"Legitimlik\",\"datePublished\":\"2016-03-03T16:41:17+00:00\",\"mainEntityOfPage\":{\"@id\":\"https:\\\/\\\/www.meydan.tv\\\/az\\\/article\\\/legitimlik\\\/\"},\"wordCount\":2053,\"publisher\":{\"@id\":\"https:\\\/\\\/www.meydan.tv\\\/az\\\/#organization\"},\"image\":{\"@id\":\"https:\\\/\\\/www.meydan.tv\\\/az\\\/article\\\/legitimlik\\\/#primaryimage\"},\"thumbnailUrl\":\"https:\\\/\\\/www.meydan.tv\\\/wp-content\\\/uploads\\\/19047.jpg\",\"articleSection\":[\"M\u0259nim Fikrimc\u0259\"],\"inLanguage\":\"az\"},{\"@type\":\"WebPage\",\"@id\":\"https:\\\/\\\/www.meydan.tv\\\/az\\\/article\\\/legitimlik\\\/\",\"url\":\"https:\\\/\\\/www.meydan.tv\\\/az\\\/article\\\/legitimlik\\\/\",\"name\":\"Legitimlik - MEYDAN.TV\",\"isPartOf\":{\"@id\":\"https:\\\/\\\/www.meydan.tv\\\/az\\\/#website\"},\"primaryImageOfPage\":{\"@id\":\"https:\\\/\\\/www.meydan.tv\\\/az\\\/article\\\/legitimlik\\\/#primaryimage\"},\"image\":{\"@id\":\"https:\\\/\\\/www.meydan.tv\\\/az\\\/article\\\/legitimlik\\\/#primaryimage\"},\"thumbnailUrl\":\"https:\\\/\\\/www.meydan.tv\\\/wp-content\\\/uploads\\\/19047.jpg\",\"datePublished\":\"2016-03-03T16:41:17+00:00\",\"breadcrumb\":{\"@id\":\"https:\\\/\\\/www.meydan.tv\\\/az\\\/article\\\/legitimlik\\\/#breadcrumb\"},\"inLanguage\":\"az\",\"potentialAction\":[{\"@type\":\"ReadAction\",\"target\":[\"https:\\\/\\\/www.meydan.tv\\\/az\\\/article\\\/legitimlik\\\/\"]}]},{\"@type\":\"ImageObject\",\"inLanguage\":\"az\",\"@id\":\"https:\\\/\\\/www.meydan.tv\\\/az\\\/article\\\/legitimlik\\\/#primaryimage\",\"url\":\"https:\\\/\\\/www.meydan.tv\\\/wp-content\\\/uploads\\\/19047.jpg\",\"contentUrl\":\"https:\\\/\\\/www.meydan.tv\\\/wp-content\\\/uploads\\\/19047.jpg\",\"width\":400,\"height\":400,\"caption\":\"Source:\"},{\"@type\":\"BreadcrumbList\",\"@id\":\"https:\\\/\\\/www.meydan.tv\\\/az\\\/article\\\/legitimlik\\\/#breadcrumb\",\"itemListElement\":[{\"@type\":\"ListItem\",\"position\":1,\"name\":\"Ana s\u0259hif\u0259\",\"item\":\"https:\\\/\\\/www.meydan.tv\\\/az\\\/\"},{\"@type\":\"ListItem\",\"position\":2,\"name\":\"M\u0259nim Fikrimc\u0259\",\"item\":\"https:\\\/\\\/www.meydan.tv\\\/az\\\/section\\\/menim-fikrimce\\\/\"},{\"@type\":\"ListItem\",\"position\":3,\"name\":\"Legitimlik\"}]},{\"@type\":\"WebSite\",\"@id\":\"https:\\\/\\\/www.meydan.tv\\\/az\\\/#website\",\"url\":\"https:\\\/\\\/www.meydan.tv\\\/az\\\/\",\"name\":\"MEYDAN.TV\",\"description\":\"Meydan TV Az\u0259rbaycan\u0131n media m\u0259kan\u0131ndak\u0131 alternativ s\u0259sidir\",\"publisher\":{\"@id\":\"https:\\\/\\\/www.meydan.tv\\\/az\\\/#organization\"},\"potentialAction\":[{\"@type\":\"SearchAction\",\"target\":{\"@type\":\"EntryPoint\",\"urlTemplate\":\"https:\\\/\\\/www.meydan.tv\\\/az\\\/?s={search_term_string}\"},\"query-input\":{\"@type\":\"PropertyValueSpecification\",\"valueRequired\":true,\"valueName\":\"search_term_string\"}}],\"inLanguage\":\"az\"},{\"@type\":\"Organization\",\"@id\":\"https:\\\/\\\/www.meydan.tv\\\/az\\\/#organization\",\"name\":\"Meydan TV\",\"url\":\"https:\\\/\\\/www.meydan.tv\\\/az\\\/\",\"logo\":{\"@type\":\"ImageObject\",\"inLanguage\":\"az\",\"@id\":\"https:\\\/\\\/www.meydan.tv\\\/az\\\/#\\\/schema\\\/logo\\\/image\\\/\",\"url\":\"https:\\\/\\\/www.meydan.tv\\\/wp-content\\\/uploads\\\/2021\\\/07\\\/meydan-logo.svg\",\"contentUrl\":\"https:\\\/\\\/www.meydan.tv\\\/wp-content\\\/uploads\\\/2021\\\/07\\\/meydan-logo.svg\",\"width\":195,\"height\":46,\"caption\":\"Meydan TV\"},\"image\":{\"@id\":\"https:\\\/\\\/www.meydan.tv\\\/az\\\/#\\\/schema\\\/logo\\\/image\\\/\"}},{\"@type\":\"Person\",\"@id\":\"https:\\\/\\\/www.meydan.tv\\\/az\\\/#\\\/schema\\\/person\\\/10d11eccf6da3662cf5fdab9806ea91a\",\"name\":\"user-manager\"}]}<\/script>\n<!-- \/ Yoast SEO plugin. -->","yoast_head_json":{"title":"Legitimlik - MEYDAN.TV","robots":{"index":"index","follow":"follow","max-snippet":"max-snippet:-1","max-image-preview":"max-image-preview:large","max-video-preview":"max-video-preview:-1"},"canonical":"https:\/\/www.meydan.tv\/az\/article\/legitimlik\/","og_locale":"az_AZ","og_type":"article","og_title":"Legitimlik - MEYDAN.TV","og_description":"\"\u00c7i\u00e7\u0259kl\u0259n\u0259n Az\u0259rbaycan\" mifinin sonu","og_url":"https:\/\/www.meydan.tv\/az\/article\/legitimlik\/","og_site_name":"MEYDAN.TV","article_published_time":"2016-03-03T16:41:17+00:00","og_image":[{"width":400,"height":400,"url":"https:\/\/www.meydan.tv\/wp-content\/uploads\/19047.jpg","type":"image\/jpeg"}],"author":"user-manager","twitter_card":"summary_large_image","schema":{"@context":"https:\/\/schema.org","@graph":[{"@type":"Article","@id":"https:\/\/www.meydan.tv\/az\/article\/legitimlik\/#article","isPartOf":{"@id":"https:\/\/www.meydan.tv\/az\/article\/legitimlik\/"},"author":{"name":"user-manager","@id":"https:\/\/www.meydan.tv\/az\/#\/schema\/person\/10d11eccf6da3662cf5fdab9806ea91a"},"headline":"Legitimlik","datePublished":"2016-03-03T16:41:17+00:00","mainEntityOfPage":{"@id":"https:\/\/www.meydan.tv\/az\/article\/legitimlik\/"},"wordCount":2053,"publisher":{"@id":"https:\/\/www.meydan.tv\/az\/#organization"},"image":{"@id":"https:\/\/www.meydan.tv\/az\/article\/legitimlik\/#primaryimage"},"thumbnailUrl":"https:\/\/www.meydan.tv\/wp-content\/uploads\/19047.jpg","articleSection":["M\u0259nim Fikrimc\u0259"],"inLanguage":"az"},{"@type":"WebPage","@id":"https:\/\/www.meydan.tv\/az\/article\/legitimlik\/","url":"https:\/\/www.meydan.tv\/az\/article\/legitimlik\/","name":"Legitimlik - MEYDAN.TV","isPartOf":{"@id":"https:\/\/www.meydan.tv\/az\/#website"},"primaryImageOfPage":{"@id":"https:\/\/www.meydan.tv\/az\/article\/legitimlik\/#primaryimage"},"image":{"@id":"https:\/\/www.meydan.tv\/az\/article\/legitimlik\/#primaryimage"},"thumbnailUrl":"https:\/\/www.meydan.tv\/wp-content\/uploads\/19047.jpg","datePublished":"2016-03-03T16:41:17+00:00","breadcrumb":{"@id":"https:\/\/www.meydan.tv\/az\/article\/legitimlik\/#breadcrumb"},"inLanguage":"az","potentialAction":[{"@type":"ReadAction","target":["https:\/\/www.meydan.tv\/az\/article\/legitimlik\/"]}]},{"@type":"ImageObject","inLanguage":"az","@id":"https:\/\/www.meydan.tv\/az\/article\/legitimlik\/#primaryimage","url":"https:\/\/www.meydan.tv\/wp-content\/uploads\/19047.jpg","contentUrl":"https:\/\/www.meydan.tv\/wp-content\/uploads\/19047.jpg","width":400,"height":400,"caption":"Source:"},{"@type":"BreadcrumbList","@id":"https:\/\/www.meydan.tv\/az\/article\/legitimlik\/#breadcrumb","itemListElement":[{"@type":"ListItem","position":1,"name":"Ana s\u0259hif\u0259","item":"https:\/\/www.meydan.tv\/az\/"},{"@type":"ListItem","position":2,"name":"M\u0259nim Fikrimc\u0259","item":"https:\/\/www.meydan.tv\/az\/section\/menim-fikrimce\/"},{"@type":"ListItem","position":3,"name":"Legitimlik"}]},{"@type":"WebSite","@id":"https:\/\/www.meydan.tv\/az\/#website","url":"https:\/\/www.meydan.tv\/az\/","name":"MEYDAN.TV","description":"Meydan TV Az\u0259rbaycan\u0131n media m\u0259kan\u0131ndak\u0131 alternativ s\u0259sidir","publisher":{"@id":"https:\/\/www.meydan.tv\/az\/#organization"},"potentialAction":[{"@type":"SearchAction","target":{"@type":"EntryPoint","urlTemplate":"https:\/\/www.meydan.tv\/az\/?s={search_term_string}"},"query-input":{"@type":"PropertyValueSpecification","valueRequired":true,"valueName":"search_term_string"}}],"inLanguage":"az"},{"@type":"Organization","@id":"https:\/\/www.meydan.tv\/az\/#organization","name":"Meydan TV","url":"https:\/\/www.meydan.tv\/az\/","logo":{"@type":"ImageObject","inLanguage":"az","@id":"https:\/\/www.meydan.tv\/az\/#\/schema\/logo\/image\/","url":"https:\/\/www.meydan.tv\/wp-content\/uploads\/2021\/07\/meydan-logo.svg","contentUrl":"https:\/\/www.meydan.tv\/wp-content\/uploads\/2021\/07\/meydan-logo.svg","width":195,"height":46,"caption":"Meydan TV"},"image":{"@id":"https:\/\/www.meydan.tv\/az\/#\/schema\/logo\/image\/"}},{"@type":"Person","@id":"https:\/\/www.meydan.tv\/az\/#\/schema\/person\/10d11eccf6da3662cf5fdab9806ea91a","name":"user-manager"}]}},"_links":{"self":[{"href":"https:\/\/www.meydan.tv\/az\/wp-json\/wp\/v2\/posts\/174136","targetHints":{"allow":["GET"]}}],"collection":[{"href":"https:\/\/www.meydan.tv\/az\/wp-json\/wp\/v2\/posts"}],"about":[{"href":"https:\/\/www.meydan.tv\/az\/wp-json\/wp\/v2\/types\/post"}],"author":[{"embeddable":true,"href":"https:\/\/www.meydan.tv\/az\/wp-json\/wp\/v2\/users\/11"}],"replies":[{"embeddable":true,"href":"https:\/\/www.meydan.tv\/az\/wp-json\/wp\/v2\/comments?post=174136"}],"version-history":[{"count":0,"href":"https:\/\/www.meydan.tv\/az\/wp-json\/wp\/v2\/posts\/174136\/revisions"}],"wp:featuredmedia":[{"embeddable":true,"href":"https:\/\/www.meydan.tv\/az\/wp-json\/wp\/v2\/media\/50579"}],"wp:attachment":[{"href":"https:\/\/www.meydan.tv\/az\/wp-json\/wp\/v2\/media?parent=174136"}],"wp:term":[{"taxonomy":"category","embeddable":true,"href":"https:\/\/www.meydan.tv\/az\/wp-json\/wp\/v2\/categories?post=174136"},{"taxonomy":"post_tag","embeddable":true,"href":"https:\/\/www.meydan.tv\/az\/wp-json\/wp\/v2\/tags?post=174136"}],"curies":[{"name":"wp","href":"https:\/\/api.w.org\/{rel}","templated":true}]}}