{"id":174110,"date":"2016-03-02T16:49:17","date_gmt":"2016-03-02T16:49:17","guid":{"rendered":"https:\/\/www.meydan.tv\/article\/kepez-azarkesleri-etiraz-edir\/"},"modified":"2016-03-02T16:49:17","modified_gmt":"2016-03-02T16:49:17","slug":"kepez-azarkesleri-etiraz-edir","status":"publish","type":"post","link":"https:\/\/www.meydan.tv\/az\/article\/kepez-azarkesleri-etiraz-edir\/","title":{"rendered":"&#8221;K\u0259p\u0259z&#8221; azarke\u015fl\u0259ri etiraz edir"},"content":{"rendered":"<figure class=\"wp-block-image size-large\">\n  <img decoding=\"async\" src=\"https:\/\/www.meydan.tv\/az\/50456\/\" alt=\"\" class=\"wp-image-50456\"\/><figcaption><\/figcaption><\/figure>\n<figure class=\"wp-block-image size-large\">\n  <img decoding=\"async\" src=\"https:\/\/www.meydan.tv\/az\/50456\/\" alt=\"\" class=\"wp-image-50456\"\/><figcaption><\/figcaption><\/figure>\n<p>\n  <i><br \/>\n    &#8221;G\u0259nc\u0259d\u0259 m\u00fcasir stadion ist\u0259yirik&#8221;<br \/>\n  <\/i>\n<\/p>\n<p>\n  &#8220;K\u0259p\u0259z&#8221; futbol klubunun azarke\u015fl\u0259ri G\u0259nc\u0259 \u015f\u0259h\u0259r stadionunun pis v\u0259ziyy\u0259td\u0259 olmas\u0131ndan \u015fikay\u0259t\u00e7idirl\u0259r. Onlar bununla ba\u011fl\u0131 b\u0259yanat yay\u0131b, sosial \u015f\u0259b\u0259k\u0259l\u0259rd\u0259 aksiyalara ba\u015flay\u0131blar. Bildirirl\u0259r ki, yar\u0131m milyon \u0259halisi olan \u015f\u0259h\u0259rd\u0259 bir d\u0259n\u0259 normal futbol meydan\u0131 v\u0259 m\u00fcasir idman kompleksi yoxdursa, AFFA, PFL, MOK, \u0130dman v\u0259 G\u0259ncl\u0259r Nazirliyi hans\u0131 haqla \u00f6lk\u0259d\u0259 futbolun v\u0259 idman\u0131n inki\u015faf\u0131ndan dan\u0131\u015f\u0131r?\n<\/p>\n<p>\n  G\u0259nc\u0259li fanatlar komandan\u0131n ev oyunlar\u0131n\u0131 ke\u00e7irdiyi stadionun m\u00fcasir standartlara cavab ver\u0259c\u0259k s\u0259viyy\u0259y\u0259 g\u0259tirilm\u0259sini t\u0259l\u0259b edirl\u0259r. Onlar\u0131n aksiyas\u0131 da &#8220;G\u0259nc\u0259d\u0259 m\u00fcasir stadion ist\u0259yirik&#8221; ad\u0131 alt\u0131nda h\u0259yata ke\u00e7irilir:\n<\/p>\n<p>\n  \u201cHam\u0131m\u0131z\u0131n g\u00f6rd\u00fcy\u00fc kimi &#8220;K\u0259p\u0259z&#8221; Avrokuboklara v\u0259siq\u0259 u\u011frunda b\u00f6y\u00fck add\u0131mlar at\u0131r. &#8220;\u0130nter&#8221; UEFA t\u0259r\u0259find\u0259n qada\u011faya m\u0259ruz qala bil\u0259r, &#8220;Zir\u0259&#8221; is\u0259 y\u00fcks\u0259k liqada ilk d\u0259f\u0259 \u00e7\u0131x\u0131\u015f etdiyi \u00fc\u00e7\u00fcn 2016\/2017 m\u00f6vs\u00fcm\u00fcnd\u0259 Avroliqada \u00e7\u0131x\u0131\u015f ed\u0259 bilm\u0259z. Bu is\u0259 onsuz da y\u00fcks\u0259k olan \u015fanslar\u0131m\u0131z\u0131 daha da art\u0131r\u0131r. T\u0259\u0259ss\u00fcf ki, Avroliqaya qat\u0131laca\u011f\u0131 halda, &#8220;K\u0259p\u0259z&#8221; ev oyunlar\u0131n\u0131 Bak\u0131da ke\u00e7irm\u0259k m\u0259cburiyy\u0259tind\u0259 qalacaq. \u00c7\u00fcnki stadionumuzun haz\u0131rk\u0131 v\u0259ziyy\u0259ti standartlar\u0131n qat-qat alt\u0131ndad\u0131r\u201d.\n<\/p>\n<\/p>\n<figure class=\"wp-block-image size-large\">\n  <img decoding=\"async\" src=\"https:\/\/www.meydan.tv\/az\/50459\/\" alt=\"\" class=\"wp-image-50459\"\/><figcaption><\/figcaption><\/figure>\n<p>\n  <b><br \/>\n    \u201cBel\u0259 gets\u0259, n\u0259inki Avroliqa, h\u0259m\u00e7inin ev oyunlar\u0131n\u0131 da Bak\u0131da ke\u00e7irm\u0259li olaca\u011f\u0131q\u201d<br \/>\n  <\/b>\n<\/p>\n<\/p>\n<p>\n  Azarke\u015fl\u0259r bel\u0259 olan halda oyunlar\u0131 izl\u0259m\u0259k \u015fanslar\u0131n\u0131n az oldu\u011funu bildirirl\u0259r:\n<\/p>\n<p>\n  \u201cBak\u0131ya ham\u0131 ged\u0259 bilmir. \u0130\u015f, g\u00fcc, probleml\u0259r, imkan\u0131 olmayanlar da var. Ona g\u00f6r\u0259 xahi\u015f edirik ki, G\u0259nc\u0259 stadionunu t\u0259mir etsinl\u0259r. \u018fvv\u0259lki oyunlarda \u201cCBC Sport\u201d \u015f\u0259rh\u00e7il\u0259ri bu m\u0259qama d\u0259f\u0259l\u0259rl\u0259 toxunublar. \u018fslind\u0259, bu m\u00f6vzunu \u0259sas g\u00fcnd\u0259m\u0259 g\u0259tir\u0259 bils\u0259k, bu i\u015fl\u0259 ba\u011fl\u0131 ciddi t\u0259mir ba\u015flansa, yaya kimi stadionu UEFA-n\u0131n t\u0259l\u0259bl\u0259rin\u0259 uy\u011fun v\u0259ziyy\u0259t\u0259 g\u0259tirm\u0259k olar. Nec\u0259 ki, Bak\u0131 Olimpiya stadionunu q\u0131sa m\u00fcdd\u0259td\u0259 tikib t\u0259hvil verdil\u0259r. \u00d6lk\u0259nin ikinci b\u00f6y\u00fck \u015f\u0259h\u0259rinin stadionu da yaya kimi yax\u015f\u0131 hala g\u0259tiril\u0259 bil\u0259r. Oyununa 1000 n\u0259f\u0259r azarke\u015f g\u0259lm\u0259y\u0259n komandalar\u0131n stadionu azarke\u015f rekordlar\u0131 q\u0131ran &#8220;K\u0259p\u0259z&#8221;imizin stadionundan qat-qat yax\u015f\u0131 v\u0259ziyy\u0259td\u0259dir. Bel\u0259 gets\u0259, n\u0259inki Avroliqa, h\u0259m\u00e7inin ev oyunlar\u0131n\u0131 da Bak\u0131da ke\u00e7irm\u0259li olaca\u011f\u0131q. G\u00fcn\u00fc-g\u00fcnd\u0259n stadionun v\u0259ziyy\u0259ti b\u0259rbad hala d\u00fc\u015f\u00fcr. H\u0259l\u0259lik az da olsa vaxt\u0131m\u0131z var&#8221;.\n<\/p>\n<p>\n  <b><\/b>\n<\/p>\n<figure class=\"wp-block-image size-large\">\n  <img decoding=\"async\" src=\"https:\/\/www.meydan.tv\/az\/50462\/\" alt=\"\" class=\"wp-image-50462\"\/><figcaption><\/figcaption><\/figure>\n<p>\n  <b><br \/>\n    \u201cStadion AFFA-n\u0131n balans\u0131nda deyil\u201d<br \/>\n  <\/b>\n<\/p>\n<\/p>\n<p>\n  G\u0259ncl\u0259r v\u0259 \u0130dman Nazirliyind\u0259n Meydan TV-y\u0259 bildirdil\u0259r ki, bununla ba\u011fl\u0131 AFFA-ya m\u00fcraci\u0259t etm\u0259lisiniz. AFFA-dan is\u0259 bildirildi ki, \u201cK\u0259p\u0259z\u201din stadionu onlar\u0131n balans\u0131nda deyil:\n<\/p>\n<p>\n  \u201cG\u0259nc\u0259 \u015e\u0259h\u0259r G\u0259ncl\u0259r v\u0259 \u0130dman Ba\u015f \u0130dar\u0259si il\u0259 \u0259laq\u0259 saxlay\u0131n. M\u0259lumat\u0131 onlardan al\u0131n\u201d.\n<\/p>\n<\/p>\n<figure class=\"wp-block-image size-large\">\n  <img decoding=\"async\" src=\"https:\/\/www.meydan.tv\/az\/50465\/\" alt=\"\" class=\"wp-image-50465\"\/><figcaption><\/figcaption><\/figure>\n<p>\n  <b><br \/>\n    \u201cBak\u0131dak\u0131 stadionlar\u0131 g\u00f6r\u00fcb, burdak\u0131n\u0131 b\u0259y\u0259nmirl\u0259r\u201d<br \/>\n  <\/b>\n<\/p>\n<p>\n  <b><\/b>\n<\/p>\n<p>\n  G\u0259nc\u0259 \u015e\u0259h\u0259r G\u0259ncl\u0259r v\u0259 \u0130dman Ba\u015f \u0130dar\u0259sinin idman b\u00f6lm\u0259sinin \u0259m\u0259kda\u015f\u0131 Rasim H\u0259s\u0259nov is\u0259 deyir ki, \u015f\u0259h\u0259r r\u0259hb\u0259rliyi v\u0259 idar\u0259nin daxili imkanlar\u0131 hesab\u0131na stadionda bir xeyli i\u015f g\u00f6r\u00fcl\u00fcb: \u201cDo\u011frudur, \u0259sasl\u0131 t\u0259mir edilm\u0259yib. Amma b\u0259rbad v\u0259ziyy\u0259td\u0259 d\u0259 deyil. Biri var s\u0131f\u0131rdan, Bak\u0131dak\u0131 stadionlar kimi s\u00f6k\u00fcl\u00fcb, yenid\u0259n tikil\u0259. Biri d\u0259 var, sad\u0259c\u0259 t\u0259mir edil\u0259. B\u00f6y\u00fck t\u0259mir i\u015fl\u0259ri g\u00f6rm\u00fc\u015f\u00fck. Haz\u0131rda stadionda oyunlar ke\u00e7irilir. M\u0259s\u0259l\u0259n, 5-ci g\u00fcn g\u0259ncl\u0259rin oyunu var. Sad\u0259c\u0259, onlar gedib Bak\u0131dak\u0131 stadionlar\u0131 g\u00f6r\u00fcrl\u0259r v\u0259 g\u0259lib burdak\u0131n\u0131 b\u0259y\u0259nmirl\u0259r. \u0130st\u0259yirl\u0259r lap \u0259la olsun. Avroliqayaya g\u0259linc\u0259, b\u0259ri ba\u015fdan n\u0259s\u0259 dem\u0259k \u00e7\u0259tindir. B\u0259lk\u0259 o vaxta q\u0259d\u0259r kims\u0259 k\u00f6m\u0259k ed\u0259c\u0259k, n\u0259s\u0259 olacaq, b\u0259lk\u0259 stadion t\u0259mir edil\u0259c\u0259k. Bel\u0259 olsa, oyunlar G\u0259nc\u0259d\u0259 ke\u00e7iril\u0259c\u0259k\u201d.\n<\/p>\n<p>\n  <b><\/b>\n<\/p>\n<figure class=\"wp-block-image size-large\">\n  <img decoding=\"async\" src=\"https:\/\/www.meydan.tv\/az\/50468\/\" alt=\"\" class=\"wp-image-50468\"\/><figcaption><\/figcaption><\/figure>\n<p>\n  <b><br \/>\n    1 il\u0259 \u00e7\u0131xmayan t\u0259mir<br \/>\n  <\/b>\n<\/p>\n<p>\n  Klubun prezidenti Mehman Allahverdiyev d\u0259 bir m\u00fcdd\u0259t \u0259vv\u0259l G\u0259nc\u0259 \u015f\u0259h\u0259r stadionun v\u0259ziyy\u0259tinin \u00fcr\u0259ka\u00e7an olmad\u0131\u011f\u0131n\u0131 demi\u015fdi:\n<\/p>\n<p>\n  \u201c\u00dcmid edir\u0259m ki, G\u0259nc\u0259d\u0259ki stadionun v\u0259ziyy\u0259ti q\u0131sa m\u00fcdd\u0259td\u0259 d\u00fcz\u0259l\u0259c\u0259k v\u0259 oyunlar\u0131m\u0131z\u0131 orada ke\u00e7ir\u0259c\u0259yik\u201d.\n<\/p>\n<p>\n  \u018fslind\u0259, 2015-ci ild\u0259 G\u0259nc\u0259 \u015f\u0259h\u0259r stadionunun t\u0259mirin\u0259 ba\u015flanm\u0131\u015fd\u0131. O zaman Mehman Allahverdiyev a\u00e7\u0131qlama ver\u0259r\u0259k bildirmi\u015fdi ki, oturacaqlar\u0131n qura\u015fd\u0131r\u0131lmas\u0131nda x\u0259rcl\u0259ri AFFA qar\u015f\u0131lay\u0131r: \u201c25 minlik tutumu olan stadiona h\u0259r g\u00fcn 1000-\u0259 yax\u0131n oturacaq qura\u015fd\u0131r\u0131l\u0131r. Eyni zamanda stadionun ot \u00f6rt\u00fcy\u00fc d\u0259 yax\u015f\u0131 v\u0259ziyy\u0259t\u0259 g\u0259tirilib.Bu, Sovet vaxt\u0131ndan indiy\u0259d\u0259k ot \u00f6rt\u00fcy\u00fcn\u00fcn \u0259n yax\u015f\u0131 hala sal\u0131nd\u0131\u011f\u0131 vaxtd\u0131r\u201d.\n<\/p>\n<figure class=\"wp-block-image size-large\">\n  <img decoding=\"async\" src=\"https:\/\/www.meydan.tv\/az\/50474\/\" alt=\"\" class=\"wp-image-50474\"\/><figcaption><\/figcaption><\/figure>\n<figure class=\"wp-block-image size-large\">\n  <img decoding=\"async\" src=\"https:\/\/www.meydan.tv\/az\/50471\/\" alt=\"\" class=\"wp-image-50471\"\/><figcaption><\/figcaption><\/figure>\n<\/p><\/p>\n","protected":false},"excerpt":{"rendered":"<p>&#8221;G\u0259nc\u0259d\u0259 m\u00fcasir stadion ist\u0259yirik&#8221;<\/p>\n","protected":false},"author":11,"featured_media":50456,"comment_status":"closed","ping_status":"open","sticky":false,"template":"","format":"standard","meta":{"_acf_changed":false,"_sitemap_exclude":false,"_sitemap_priority":"","_sitemap_frequency":"","footnotes":""},"categories":[56],"tags":[],"class_list":["post-174110","post","type-post","status-publish","format-standard","has-post-thumbnail","hentry","category-xeberler","infinite-scroll-item","generate-columns","tablet-grid-50","mobile-grid-100","grid-parent","grid-33","no-featured-image-padding"],"acf":[],"yoast_head":"<!-- This site is optimized with the Yoast SEO plugin v27.5 - https:\/\/yoast.com\/product\/yoast-seo-wordpress\/ -->\n<title>&#039;&#039;K\u0259p\u0259z&#039;&#039; azarke\u015fl\u0259ri etiraz edir - MEYDAN.TV<\/title>\n<meta name=\"robots\" content=\"index, follow, max-snippet:-1, max-image-preview:large, max-video-preview:-1\" \/>\n<link rel=\"canonical\" href=\"https:\/\/www.meydan.tv\/az\/article\/kepez-azarkesleri-etiraz-edir\/\" \/>\n<meta property=\"og:locale\" content=\"az_AZ\" \/>\n<meta property=\"og:type\" content=\"article\" \/>\n<meta property=\"og:title\" content=\"&#039;&#039;K\u0259p\u0259z&#039;&#039; azarke\u015fl\u0259ri etiraz edir - MEYDAN.TV\" \/>\n<meta property=\"og:description\" content=\"&#039;&#039;G\u0259nc\u0259d\u0259 m\u00fcasir stadion ist\u0259yirik&#039;&#039;\" \/>\n<meta property=\"og:url\" content=\"https:\/\/www.meydan.tv\/az\/article\/kepez-azarkesleri-etiraz-edir\/\" \/>\n<meta property=\"og:site_name\" content=\"MEYDAN.TV\" \/>\n<meta property=\"article:published_time\" content=\"2016-03-02T16:49:17+00:00\" \/>\n<meta property=\"og:image\" content=\"https:\/\/www.meydan.tv\/wp-content\/uploads\/19001.jpg\" \/>\n\t<meta property=\"og:image:width\" content=\"668\" \/>\n\t<meta property=\"og:image:height\" content=\"500\" \/>\n\t<meta property=\"og:image:type\" content=\"image\/jpeg\" \/>\n<meta name=\"author\" content=\"user-manager\" \/>\n<meta name=\"twitter:card\" content=\"summary_large_image\" \/>\n<script type=\"application\/ld+json\" class=\"yoast-schema-graph\">{\"@context\":\"https:\\\/\\\/schema.org\",\"@graph\":[{\"@type\":\"Article\",\"@id\":\"https:\\\/\\\/www.meydan.tv\\\/az\\\/article\\\/kepez-azarkesleri-etiraz-edir\\\/#article\",\"isPartOf\":{\"@id\":\"https:\\\/\\\/www.meydan.tv\\\/az\\\/article\\\/kepez-azarkesleri-etiraz-edir\\\/\"},\"author\":{\"name\":\"user-manager\",\"@id\":\"https:\\\/\\\/www.meydan.tv\\\/az\\\/#\\\/schema\\\/person\\\/10d11eccf6da3662cf5fdab9806ea91a\"},\"headline\":\"&#8221;K\u0259p\u0259z&#8221; azarke\u015fl\u0259ri etiraz edir\",\"datePublished\":\"2016-03-02T16:49:17+00:00\",\"mainEntityOfPage\":{\"@id\":\"https:\\\/\\\/www.meydan.tv\\\/az\\\/article\\\/kepez-azarkesleri-etiraz-edir\\\/\"},\"wordCount\":889,\"publisher\":{\"@id\":\"https:\\\/\\\/www.meydan.tv\\\/az\\\/#organization\"},\"image\":{\"@id\":\"https:\\\/\\\/www.meydan.tv\\\/az\\\/article\\\/kepez-azarkesleri-etiraz-edir\\\/#primaryimage\"},\"thumbnailUrl\":\"https:\\\/\\\/www.meydan.tv\\\/wp-content\\\/uploads\\\/19001.jpg\",\"articleSection\":[\"X\u0259b\u0259rl\u0259r\"],\"inLanguage\":\"az\"},{\"@type\":\"WebPage\",\"@id\":\"https:\\\/\\\/www.meydan.tv\\\/az\\\/article\\\/kepez-azarkesleri-etiraz-edir\\\/\",\"url\":\"https:\\\/\\\/www.meydan.tv\\\/az\\\/article\\\/kepez-azarkesleri-etiraz-edir\\\/\",\"name\":\"''K\u0259p\u0259z'' azarke\u015fl\u0259ri etiraz edir - MEYDAN.TV\",\"isPartOf\":{\"@id\":\"https:\\\/\\\/www.meydan.tv\\\/az\\\/#website\"},\"primaryImageOfPage\":{\"@id\":\"https:\\\/\\\/www.meydan.tv\\\/az\\\/article\\\/kepez-azarkesleri-etiraz-edir\\\/#primaryimage\"},\"image\":{\"@id\":\"https:\\\/\\\/www.meydan.tv\\\/az\\\/article\\\/kepez-azarkesleri-etiraz-edir\\\/#primaryimage\"},\"thumbnailUrl\":\"https:\\\/\\\/www.meydan.tv\\\/wp-content\\\/uploads\\\/19001.jpg\",\"datePublished\":\"2016-03-02T16:49:17+00:00\",\"breadcrumb\":{\"@id\":\"https:\\\/\\\/www.meydan.tv\\\/az\\\/article\\\/kepez-azarkesleri-etiraz-edir\\\/#breadcrumb\"},\"inLanguage\":\"az\",\"potentialAction\":[{\"@type\":\"ReadAction\",\"target\":[\"https:\\\/\\\/www.meydan.tv\\\/az\\\/article\\\/kepez-azarkesleri-etiraz-edir\\\/\"]}]},{\"@type\":\"ImageObject\",\"inLanguage\":\"az\",\"@id\":\"https:\\\/\\\/www.meydan.tv\\\/az\\\/article\\\/kepez-azarkesleri-etiraz-edir\\\/#primaryimage\",\"url\":\"https:\\\/\\\/www.meydan.tv\\\/wp-content\\\/uploads\\\/19001.jpg\",\"contentUrl\":\"https:\\\/\\\/www.meydan.tv\\\/wp-content\\\/uploads\\\/19001.jpg\",\"width\":668,\"height\":500,\"caption\":\"Source:\"},{\"@type\":\"BreadcrumbList\",\"@id\":\"https:\\\/\\\/www.meydan.tv\\\/az\\\/article\\\/kepez-azarkesleri-etiraz-edir\\\/#breadcrumb\",\"itemListElement\":[{\"@type\":\"ListItem\",\"position\":1,\"name\":\"Ana s\u0259hif\u0259\",\"item\":\"https:\\\/\\\/www.meydan.tv\\\/az\\\/\"},{\"@type\":\"ListItem\",\"position\":2,\"name\":\"X\u0259b\u0259rl\u0259r\",\"item\":\"https:\\\/\\\/www.meydan.tv\\\/az\\\/section\\\/xeberler\\\/\"},{\"@type\":\"ListItem\",\"position\":3,\"name\":\"&#8221;K\u0259p\u0259z&#8221; azarke\u015fl\u0259ri etiraz edir\"}]},{\"@type\":\"WebSite\",\"@id\":\"https:\\\/\\\/www.meydan.tv\\\/az\\\/#website\",\"url\":\"https:\\\/\\\/www.meydan.tv\\\/az\\\/\",\"name\":\"MEYDAN.TV\",\"description\":\"Meydan TV Az\u0259rbaycan\u0131n media m\u0259kan\u0131ndak\u0131 alternativ s\u0259sidir\",\"publisher\":{\"@id\":\"https:\\\/\\\/www.meydan.tv\\\/az\\\/#organization\"},\"potentialAction\":[{\"@type\":\"SearchAction\",\"target\":{\"@type\":\"EntryPoint\",\"urlTemplate\":\"https:\\\/\\\/www.meydan.tv\\\/az\\\/?s={search_term_string}\"},\"query-input\":{\"@type\":\"PropertyValueSpecification\",\"valueRequired\":true,\"valueName\":\"search_term_string\"}}],\"inLanguage\":\"az\"},{\"@type\":\"Organization\",\"@id\":\"https:\\\/\\\/www.meydan.tv\\\/az\\\/#organization\",\"name\":\"Meydan TV\",\"url\":\"https:\\\/\\\/www.meydan.tv\\\/az\\\/\",\"logo\":{\"@type\":\"ImageObject\",\"inLanguage\":\"az\",\"@id\":\"https:\\\/\\\/www.meydan.tv\\\/az\\\/#\\\/schema\\\/logo\\\/image\\\/\",\"url\":\"https:\\\/\\\/www.meydan.tv\\\/wp-content\\\/uploads\\\/2021\\\/07\\\/meydan-logo.svg\",\"contentUrl\":\"https:\\\/\\\/www.meydan.tv\\\/wp-content\\\/uploads\\\/2021\\\/07\\\/meydan-logo.svg\",\"width\":195,\"height\":46,\"caption\":\"Meydan TV\"},\"image\":{\"@id\":\"https:\\\/\\\/www.meydan.tv\\\/az\\\/#\\\/schema\\\/logo\\\/image\\\/\"}},{\"@type\":\"Person\",\"@id\":\"https:\\\/\\\/www.meydan.tv\\\/az\\\/#\\\/schema\\\/person\\\/10d11eccf6da3662cf5fdab9806ea91a\",\"name\":\"user-manager\"}]}<\/script>\n<!-- \/ Yoast SEO plugin. -->","yoast_head_json":{"title":"''K\u0259p\u0259z'' azarke\u015fl\u0259ri etiraz edir - MEYDAN.TV","robots":{"index":"index","follow":"follow","max-snippet":"max-snippet:-1","max-image-preview":"max-image-preview:large","max-video-preview":"max-video-preview:-1"},"canonical":"https:\/\/www.meydan.tv\/az\/article\/kepez-azarkesleri-etiraz-edir\/","og_locale":"az_AZ","og_type":"article","og_title":"''K\u0259p\u0259z'' azarke\u015fl\u0259ri etiraz edir - MEYDAN.TV","og_description":"''G\u0259nc\u0259d\u0259 m\u00fcasir stadion ist\u0259yirik''","og_url":"https:\/\/www.meydan.tv\/az\/article\/kepez-azarkesleri-etiraz-edir\/","og_site_name":"MEYDAN.TV","article_published_time":"2016-03-02T16:49:17+00:00","og_image":[{"width":668,"height":500,"url":"https:\/\/www.meydan.tv\/wp-content\/uploads\/19001.jpg","type":"image\/jpeg"}],"author":"user-manager","twitter_card":"summary_large_image","schema":{"@context":"https:\/\/schema.org","@graph":[{"@type":"Article","@id":"https:\/\/www.meydan.tv\/az\/article\/kepez-azarkesleri-etiraz-edir\/#article","isPartOf":{"@id":"https:\/\/www.meydan.tv\/az\/article\/kepez-azarkesleri-etiraz-edir\/"},"author":{"name":"user-manager","@id":"https:\/\/www.meydan.tv\/az\/#\/schema\/person\/10d11eccf6da3662cf5fdab9806ea91a"},"headline":"&#8221;K\u0259p\u0259z&#8221; azarke\u015fl\u0259ri etiraz edir","datePublished":"2016-03-02T16:49:17+00:00","mainEntityOfPage":{"@id":"https:\/\/www.meydan.tv\/az\/article\/kepez-azarkesleri-etiraz-edir\/"},"wordCount":889,"publisher":{"@id":"https:\/\/www.meydan.tv\/az\/#organization"},"image":{"@id":"https:\/\/www.meydan.tv\/az\/article\/kepez-azarkesleri-etiraz-edir\/#primaryimage"},"thumbnailUrl":"https:\/\/www.meydan.tv\/wp-content\/uploads\/19001.jpg","articleSection":["X\u0259b\u0259rl\u0259r"],"inLanguage":"az"},{"@type":"WebPage","@id":"https:\/\/www.meydan.tv\/az\/article\/kepez-azarkesleri-etiraz-edir\/","url":"https:\/\/www.meydan.tv\/az\/article\/kepez-azarkesleri-etiraz-edir\/","name":"''K\u0259p\u0259z'' azarke\u015fl\u0259ri etiraz edir - MEYDAN.TV","isPartOf":{"@id":"https:\/\/www.meydan.tv\/az\/#website"},"primaryImageOfPage":{"@id":"https:\/\/www.meydan.tv\/az\/article\/kepez-azarkesleri-etiraz-edir\/#primaryimage"},"image":{"@id":"https:\/\/www.meydan.tv\/az\/article\/kepez-azarkesleri-etiraz-edir\/#primaryimage"},"thumbnailUrl":"https:\/\/www.meydan.tv\/wp-content\/uploads\/19001.jpg","datePublished":"2016-03-02T16:49:17+00:00","breadcrumb":{"@id":"https:\/\/www.meydan.tv\/az\/article\/kepez-azarkesleri-etiraz-edir\/#breadcrumb"},"inLanguage":"az","potentialAction":[{"@type":"ReadAction","target":["https:\/\/www.meydan.tv\/az\/article\/kepez-azarkesleri-etiraz-edir\/"]}]},{"@type":"ImageObject","inLanguage":"az","@id":"https:\/\/www.meydan.tv\/az\/article\/kepez-azarkesleri-etiraz-edir\/#primaryimage","url":"https:\/\/www.meydan.tv\/wp-content\/uploads\/19001.jpg","contentUrl":"https:\/\/www.meydan.tv\/wp-content\/uploads\/19001.jpg","width":668,"height":500,"caption":"Source:"},{"@type":"BreadcrumbList","@id":"https:\/\/www.meydan.tv\/az\/article\/kepez-azarkesleri-etiraz-edir\/#breadcrumb","itemListElement":[{"@type":"ListItem","position":1,"name":"Ana s\u0259hif\u0259","item":"https:\/\/www.meydan.tv\/az\/"},{"@type":"ListItem","position":2,"name":"X\u0259b\u0259rl\u0259r","item":"https:\/\/www.meydan.tv\/az\/section\/xeberler\/"},{"@type":"ListItem","position":3,"name":"&#8221;K\u0259p\u0259z&#8221; azarke\u015fl\u0259ri etiraz edir"}]},{"@type":"WebSite","@id":"https:\/\/www.meydan.tv\/az\/#website","url":"https:\/\/www.meydan.tv\/az\/","name":"MEYDAN.TV","description":"Meydan TV Az\u0259rbaycan\u0131n media m\u0259kan\u0131ndak\u0131 alternativ s\u0259sidir","publisher":{"@id":"https:\/\/www.meydan.tv\/az\/#organization"},"potentialAction":[{"@type":"SearchAction","target":{"@type":"EntryPoint","urlTemplate":"https:\/\/www.meydan.tv\/az\/?s={search_term_string}"},"query-input":{"@type":"PropertyValueSpecification","valueRequired":true,"valueName":"search_term_string"}}],"inLanguage":"az"},{"@type":"Organization","@id":"https:\/\/www.meydan.tv\/az\/#organization","name":"Meydan TV","url":"https:\/\/www.meydan.tv\/az\/","logo":{"@type":"ImageObject","inLanguage":"az","@id":"https:\/\/www.meydan.tv\/az\/#\/schema\/logo\/image\/","url":"https:\/\/www.meydan.tv\/wp-content\/uploads\/2021\/07\/meydan-logo.svg","contentUrl":"https:\/\/www.meydan.tv\/wp-content\/uploads\/2021\/07\/meydan-logo.svg","width":195,"height":46,"caption":"Meydan TV"},"image":{"@id":"https:\/\/www.meydan.tv\/az\/#\/schema\/logo\/image\/"}},{"@type":"Person","@id":"https:\/\/www.meydan.tv\/az\/#\/schema\/person\/10d11eccf6da3662cf5fdab9806ea91a","name":"user-manager"}]}},"_links":{"self":[{"href":"https:\/\/www.meydan.tv\/az\/wp-json\/wp\/v2\/posts\/174110","targetHints":{"allow":["GET"]}}],"collection":[{"href":"https:\/\/www.meydan.tv\/az\/wp-json\/wp\/v2\/posts"}],"about":[{"href":"https:\/\/www.meydan.tv\/az\/wp-json\/wp\/v2\/types\/post"}],"author":[{"embeddable":true,"href":"https:\/\/www.meydan.tv\/az\/wp-json\/wp\/v2\/users\/11"}],"replies":[{"embeddable":true,"href":"https:\/\/www.meydan.tv\/az\/wp-json\/wp\/v2\/comments?post=174110"}],"version-history":[{"count":0,"href":"https:\/\/www.meydan.tv\/az\/wp-json\/wp\/v2\/posts\/174110\/revisions"}],"wp:featuredmedia":[{"embeddable":true,"href":"https:\/\/www.meydan.tv\/az\/wp-json\/wp\/v2\/media\/50456"}],"wp:attachment":[{"href":"https:\/\/www.meydan.tv\/az\/wp-json\/wp\/v2\/media?parent=174110"}],"wp:term":[{"taxonomy":"category","embeddable":true,"href":"https:\/\/www.meydan.tv\/az\/wp-json\/wp\/v2\/categories?post=174110"},{"taxonomy":"post_tag","embeddable":true,"href":"https:\/\/www.meydan.tv\/az\/wp-json\/wp\/v2\/tags?post=174110"}],"curies":[{"name":"wp","href":"https:\/\/api.w.org\/{rel}","templated":true}]}}