{"id":174108,"date":"2016-03-02T16:15:25","date_gmt":"2016-03-02T16:15:25","guid":{"rendered":"https:\/\/www.meydan.tv\/article\/ilhame-ve-xocali\/"},"modified":"2016-03-02T16:15:25","modified_gmt":"2016-03-02T16:15:25","slug":"ilhame-ve-xocali","status":"publish","type":"post","link":"https:\/\/www.meydan.tv\/az\/article\/ilhame-ve-xocali\/","title":{"rendered":"Ilham\u0259 v\u0259 Xocal\u0131"},"content":{"rendered":"<figure class=\"wp-block-image size-large\">\n  <img decoding=\"async\" src=\"https:\/\/www.meydan.tv\/az\/50411\/\" alt=\"\" class=\"wp-image-50411\"\/><figcaption><\/figcaption><\/figure>\n<figure class=\"wp-block-image size-large\">\n  <img decoding=\"async\" src=\"https:\/\/www.meydan.tv\/az\/50417\/\" alt=\"\" class=\"wp-image-50417\"\/><figcaption><\/figcaption><\/figure>\n<p>\n  O g\u00fcn Xocal\u0131 faci\u0259si t\u0259dbirl\u0259ri bar\u0259sind\u0259 olan x\u0259b\u0259rl\u0259r\u0259 ancaq ax\u015fam f\u00fcrs\u0259t tap\u0131b, baxa bildim.\u018fks\u0259r x\u0259b\u0259rl\u0259r\u0259 bax\u0131\u015f say\u0131, bir g\u00fcn \u0259vv\u0259l d\u00fcnyas\u0131n\u0131 d\u0259yi\u015fmi\u015f \u0130lham\u0259 Quliyeva haqq\u0131ndak\u0131 x\u0259b\u0259rl\u0259rd\u0259n qat-qat az idi.\n<\/p>\n<p>\n  Daha sonra qar\u015f\u0131ma &#8220;Sevi\u015fm\u0259 sonras\u0131 qad\u0131n olmad\u0131m m\u0259n!&#8221; ba\u015fl\u0131ql\u0131 yaz\u0131 \u00e7\u0131xd\u0131.Yaz\u0131n\u0131n h\u0259r zamank\u0131 kimi bo\u015f cins\u0259llik m\u00f6vzular\u0131na aid olan yaz\u0131lardan oldu\u011funu g\u00fcman edib, daxil olub oxumad\u0131m. Sonra t\u0259sad\u00fcf n\u0259tic\u0259sind\u0259 oxudum v\u0259 \u00f6yr\u0259ndim ki,bu yaz\u0131 a\u011f\u0131r i\u015fg\u0259nc\u0259l\u0259r\u0259 m\u0259ruz qalm\u0131\u015f q\u0131zc\u0131\u011faz\u0131n, Xocal\u0131da g\u00f6rd\u00fcy\u00fc d\u0259h\u015f\u0259t\u0259 h\u0259sr edilmi\u015f hekay\u0259dir.\n<\/p>\n<p>\n  B\u0259lli ki, yaz\u0131ya ad fikirl\u0259\u015f\u0259nl\u0259r \u0259ks\u0259r oxuyucular\u0131m\u0131z\u0131n n\u0259l\u0259r\u0259 maraq g\u00f6st\u0259rdiyin\u0259 b\u0259l\u0259dmi\u015f. Amma toxunaca\u011f\u0131m m\u00f6vzu bu deyil.\n<\/p>\n<p>\n  Daha sonra M\u0259d\u0259niyy\u0259t v\u0259 Turizm Naziri \u018fbulf\u0259s Qarayevin m\u0259lum \u201c\u015f\u0259hid\u201d ifad\u0259sin\u0259 rast g\u0259ldim. \u00d6z\u00fcmd\u0259n \u00e7\u0131xd\u0131m, \u0259s\u0259bil\u0259\u015fdim, s\u00f6yd\u00fcm-s\u00f6yl\u0259ndim. Amma \u00e7ox \u00e7\u0259km\u0259di, m\u0259tb\u0259x\u0259 gedib, \u00e7ay s\u00fcz\u00fcb g\u0259l\u0259nd\u0259n sonra art\u0131q unutmu\u015fdum.Sonradan bu a\u011f\u0131r ifad\u0259nin nec\u0259 b\u00f6y\u00fck saymazl\u0131q oldu\u011fu bar\u0259sind\u0259 fikirl\u0259\u015fdim. Bunu niy\u0259 bel\u0259 tez unutdu\u011fum, niy\u0259 rahat h\u0259zm el\u0259diyim bar\u0259sind\u0259 d\u00fc\u015f\u00fcnm\u0259y\u0259 ba\u015flad\u0131m.\n<\/p>\n<p>\n  \u00c7\u00fcnki m\u0259nim kimi, \u0259ks\u0259r insanlar\u0131m\u0131zda da bu duy\u011fular ani v\u0259 ke\u00e7ici olurdu. He\u00e7 n\u0259 olmam\u0131\u015f kimi, unudulurdu.T\u0259kc\u0259 M\u0259d\u0259niyy\u0259t v\u0259 Turizm Nazirinin h\u0259min g\u00fcn s\u0259sl\u0259ndirdiyi ifad\u0259ni n\u0259z\u0259rd\u0259 tutmuram. \u00c7\u00fcnki indiy\u0259 q\u0259d\u0259r h\u00f6k\u00fcm\u0259t r\u0259smil\u0259rind\u0259n v\u0259 onlara yax\u0131n inc\u0259s\u0259n\u0259t n\u00fcmay\u0259nd\u0259l\u0259rind\u0259n xalq \u0259leyhin\u0259 \u00e7oxlu t\u0259hqirl\u0259r g\u00f6rm\u00fc\u015f\u00fck v\u0259 g\u00f6r\u00fcn\u0259n o ki, o g\u00fcn edil\u0259n saymazl\u0131q da sonuncu deyil.\n<\/p>\n<p>\n  B\u0259s, n\u0259dir b\u00fct\u00fcn bunlar\u0131 rahatca h\u0259zm etm\u0259yimiz\u0259 s\u0259b\u0259b?\n<\/p>\n<p>\n  S\u0259b\u0259b insan\u0131m\u0131zda milli kimliyin formala\u015fmamas\u0131 ola bil\u0259rmi? Y\u0259ni bizi xalq olaraq bir tutan d\u0259y\u0259r, bir az\u0259rbaycanl\u0131 kimliyinin olmamas\u0131?\n<\/p>\n<p>\n  Bax\u0131n, h\u0259tta do\u011fuldu\u011fumuz b\u00f6lg\u0259l\u0259r\u0259 olan ba\u011fl\u0131l\u0131q, bu milli kimlikd\u0259n daha \u00f6nd\u0259 g\u0259lir. Bir b\u00f6lg\u0259 v\u0259 ya b\u00f6lg\u0259 insan\u0131n\u0131n t\u0259hqir olunmas\u0131, xalq\u0131n t\u0259hqir olunmas\u0131ndan daha \u00e7ox hidd\u0259tl\u0259ndirir bir az\u0259rbaycanl\u0131n\u0131.\n<\/p>\n<p>\n  Bunun \u0259yani s\u00fcbutlar\u0131n\u0131 yax\u0131n ill\u0259rd\u0259 g\u00f6rm\u00fc\u015f\u00fck.\n<\/p>\n<p>\n  B\u0259s, n\u0259 mane olur biz\u0259 xalq olma\u011fa?\n<\/p>\n<p>\n  Bunun cavab\u0131n\u0131 h\u0259l\u0259 tapa bilm\u0259mi\u015f\u0259m, amma \u0259v\u0259zind\u0259 biz\u0259 \u201cd\u00fc\u015fm\u0259n xalq\u201d olaraq t\u0259qdim olunan erm\u0259nil\u0259r\u0259 baxa bil\u0259rik.\n<\/p>\n<p>\n  M\u0259s\u0259l\u0259n, bir ne\u00e7\u0259 il \u00f6nc\u0259 sui-q\u0259sd n\u0259tic\u0259sind\u0259 \u00f6ld\u00fcr\u00fcl\u0259n Hrant Dink, &#8220;Erm\u0259ni soyq\u0131r\u0131m\u0131&#8221; iddias\u0131n\u0131 birm\u0259nal\u0131 qar\u015f\u0131lam\u0131rd\u0131. H\u0259tta erm\u0259nil\u0259rin 1918-ci ild\u0259 az\u0259rbaycanl\u0131lar\u0131 q\u0259tl el\u0259diyini b\u0259yan edirdi. &#8220;Erm\u0259ni soyq\u0131r\u0131m\u0131&#8221; onun \u00fc\u00e7\u00fcn \u00f6n\u0259msiz v\u0259 \u00fcst\u00fcnd\u0259 durulmayacaq bir m\u0259s\u0259l\u0259 idi v\u0259 b\u0259zi \u00e7\u0131x\u0131\u015flar\u0131nda da Erm\u0259ni Diasporas\u0131na bu iddialar\u0131ndan \u0259l \u00e7\u0259km\u0259sini,\u201dsoyq\u0131r\u0131m-soyq\u0131r\u0131m\u201d deyib, israr etm\u0259m\u0259l\u0259rini m\u0259sl\u0259h\u0259t g\u00f6rm\u00fc\u015fd\u00fc.\n<\/p>\n<p>\n  Onu kimin v\u0259 n\u0259 \u00fc\u00e7\u00fcn \u00f6ld\u00fcrd\u00fcy\u00fcn\u00fc d\u0259qiq dey\u0259 bilm\u0259r\u0259m. Amma g\u00f6r\u00fcn\u0259n budur ki, onun xalq\u0131 Hrant Dinki &#8220;Erm\u0259ni d\u0259y\u0259rl\u0259ri u\u011frunda h\u0259lak olan bir q\u0259hr\u0259man&#8221; kimi d\u00fcnyaya t\u0259qdim ed\u0259 bilibl\u0259r. Y\u0259ni, \u00e7oxlu\u011fa \u0259ks fikirli bir erm\u0259nini k\u0259sib, at\u0131b, uzaqla\u015fd\u0131rmay\u0131blar.\n<\/p>\n<p>\n  Niyy\u0259tim erm\u0259nil\u0259ri t\u0259rifl\u0259m\u0259k deyil. Sad\u0259c\u0259, ciddi, tolerant xalq olma\u011f\u0131m\u0131z\u0131n lab\u00fcdl\u00fcy\u00fcn\u00fc \u00e7atd\u0131rmaqd\u0131r. Erm\u0259nil\u0259r biz q\u0259bul ets\u0259k d\u0259, etm\u0259s\u0259k d\u0259 xalqd\u0131r. Ortaq h\u0259d\u0259fl\u0259ri, maraqlar\u0131, d\u0259y\u0259rl\u0259ri var.<br \/>\n  <br \/>\n  Biz is\u0259 \u00e7ox t\u0259\u0259ss\u00fcf ki, p\u0259r\u0259n-p\u0259r\u0259n olmu\u015f, b\u00f6lg\u0259l\u0259r\u0259, yurdlara q\u0259d\u0259r b\u00f6l\u00fcnm\u00fc\u015f v\u0259 xalq olma\u011f\u0131 g\u00fcn\u00fc-g\u00fcnd\u0259n unutma\u011fa \u00fcz tutmu\u015fuq.\n<\/p>\n<p>\n  M\u0259nc\u0259, art\u0131q xalq olmaq yoluna q\u0259d\u0259m qoymal\u0131y\u0131q.\n<\/p>\n<p>\n  <b><br \/>\n    Yaz\u0131 m\u00fc\u0259llifin \u015f\u0259xsi m\u00f6vqeyini \u0259ks etdirir&#8230;<br \/>\n  <\/b><\/p>\n","protected":false},"excerpt":{"rendered":"<p>\u0130ki itkinin \u0259ks-s\u0259das\u0131<\/p>\n","protected":false},"author":11,"featured_media":50411,"comment_status":"closed","ping_status":"open","sticky":false,"template":"","format":"standard","meta":{"_acf_changed":false,"_sitemap_exclude":false,"_sitemap_priority":"","_sitemap_frequency":"","footnotes":""},"categories":[57],"tags":[],"class_list":["post-174108","post","type-post","status-publish","format-standard","has-post-thumbnail","hentry","category-menim-fikrimce","infinite-scroll-item","generate-columns","tablet-grid-50","mobile-grid-100","grid-parent","grid-33","no-featured-image-padding"],"acf":[],"yoast_head":"<!-- This site is optimized with the Yoast SEO plugin v27.5 - https:\/\/yoast.com\/product\/yoast-seo-wordpress\/ -->\n<title>Ilham\u0259 v\u0259 Xocal\u0131 - MEYDAN.TV<\/title>\n<meta name=\"robots\" content=\"index, follow, max-snippet:-1, max-image-preview:large, max-video-preview:-1\" \/>\n<link rel=\"canonical\" href=\"https:\/\/www.meydan.tv\/az\/article\/ilhame-ve-xocali\/\" \/>\n<meta property=\"og:locale\" content=\"az_AZ\" \/>\n<meta property=\"og:type\" content=\"article\" \/>\n<meta property=\"og:title\" content=\"Ilham\u0259 v\u0259 Xocal\u0131 - MEYDAN.TV\" \/>\n<meta property=\"og:description\" content=\"\u0130ki itkinin \u0259ks-s\u0259das\u0131\" \/>\n<meta property=\"og:url\" content=\"https:\/\/www.meydan.tv\/az\/article\/ilhame-ve-xocali\/\" \/>\n<meta property=\"og:site_name\" content=\"MEYDAN.TV\" \/>\n<meta property=\"article:published_time\" content=\"2016-03-02T16:15:25+00:00\" \/>\n<meta property=\"og:image\" content=\"https:\/\/www.meydan.tv\/wp-content\/uploads\/18999.jpg\" \/>\n\t<meta property=\"og:image:width\" content=\"500\" \/>\n\t<meta property=\"og:image:height\" content=\"500\" \/>\n\t<meta property=\"og:image:type\" content=\"image\/jpeg\" \/>\n<meta name=\"author\" content=\"user-manager\" \/>\n<meta name=\"twitter:card\" content=\"summary_large_image\" \/>\n<script type=\"application\/ld+json\" class=\"yoast-schema-graph\">{\"@context\":\"https:\\\/\\\/schema.org\",\"@graph\":[{\"@type\":\"Article\",\"@id\":\"https:\\\/\\\/www.meydan.tv\\\/az\\\/article\\\/ilhame-ve-xocali\\\/#article\",\"isPartOf\":{\"@id\":\"https:\\\/\\\/www.meydan.tv\\\/az\\\/article\\\/ilhame-ve-xocali\\\/\"},\"author\":{\"name\":\"user-manager\",\"@id\":\"https:\\\/\\\/www.meydan.tv\\\/az\\\/#\\\/schema\\\/person\\\/10d11eccf6da3662cf5fdab9806ea91a\"},\"headline\":\"Ilham\u0259 v\u0259 Xocal\u0131\",\"datePublished\":\"2016-03-02T16:15:25+00:00\",\"mainEntityOfPage\":{\"@id\":\"https:\\\/\\\/www.meydan.tv\\\/az\\\/article\\\/ilhame-ve-xocali\\\/\"},\"wordCount\":788,\"publisher\":{\"@id\":\"https:\\\/\\\/www.meydan.tv\\\/az\\\/#organization\"},\"image\":{\"@id\":\"https:\\\/\\\/www.meydan.tv\\\/az\\\/article\\\/ilhame-ve-xocali\\\/#primaryimage\"},\"thumbnailUrl\":\"https:\\\/\\\/www.meydan.tv\\\/wp-content\\\/uploads\\\/18999.jpg\",\"articleSection\":[\"M\u0259nim Fikrimc\u0259\"],\"inLanguage\":\"az\"},{\"@type\":\"WebPage\",\"@id\":\"https:\\\/\\\/www.meydan.tv\\\/az\\\/article\\\/ilhame-ve-xocali\\\/\",\"url\":\"https:\\\/\\\/www.meydan.tv\\\/az\\\/article\\\/ilhame-ve-xocali\\\/\",\"name\":\"Ilham\u0259 v\u0259 Xocal\u0131 - MEYDAN.TV\",\"isPartOf\":{\"@id\":\"https:\\\/\\\/www.meydan.tv\\\/az\\\/#website\"},\"primaryImageOfPage\":{\"@id\":\"https:\\\/\\\/www.meydan.tv\\\/az\\\/article\\\/ilhame-ve-xocali\\\/#primaryimage\"},\"image\":{\"@id\":\"https:\\\/\\\/www.meydan.tv\\\/az\\\/article\\\/ilhame-ve-xocali\\\/#primaryimage\"},\"thumbnailUrl\":\"https:\\\/\\\/www.meydan.tv\\\/wp-content\\\/uploads\\\/18999.jpg\",\"datePublished\":\"2016-03-02T16:15:25+00:00\",\"breadcrumb\":{\"@id\":\"https:\\\/\\\/www.meydan.tv\\\/az\\\/article\\\/ilhame-ve-xocali\\\/#breadcrumb\"},\"inLanguage\":\"az\",\"potentialAction\":[{\"@type\":\"ReadAction\",\"target\":[\"https:\\\/\\\/www.meydan.tv\\\/az\\\/article\\\/ilhame-ve-xocali\\\/\"]}]},{\"@type\":\"ImageObject\",\"inLanguage\":\"az\",\"@id\":\"https:\\\/\\\/www.meydan.tv\\\/az\\\/article\\\/ilhame-ve-xocali\\\/#primaryimage\",\"url\":\"https:\\\/\\\/www.meydan.tv\\\/wp-content\\\/uploads\\\/18999.jpg\",\"contentUrl\":\"https:\\\/\\\/www.meydan.tv\\\/wp-content\\\/uploads\\\/18999.jpg\",\"width\":500,\"height\":500,\"caption\":\"Source:\"},{\"@type\":\"BreadcrumbList\",\"@id\":\"https:\\\/\\\/www.meydan.tv\\\/az\\\/article\\\/ilhame-ve-xocali\\\/#breadcrumb\",\"itemListElement\":[{\"@type\":\"ListItem\",\"position\":1,\"name\":\"Ana s\u0259hif\u0259\",\"item\":\"https:\\\/\\\/www.meydan.tv\\\/az\\\/\"},{\"@type\":\"ListItem\",\"position\":2,\"name\":\"M\u0259nim Fikrimc\u0259\",\"item\":\"https:\\\/\\\/www.meydan.tv\\\/az\\\/section\\\/menim-fikrimce\\\/\"},{\"@type\":\"ListItem\",\"position\":3,\"name\":\"Ilham\u0259 v\u0259 Xocal\u0131\"}]},{\"@type\":\"WebSite\",\"@id\":\"https:\\\/\\\/www.meydan.tv\\\/az\\\/#website\",\"url\":\"https:\\\/\\\/www.meydan.tv\\\/az\\\/\",\"name\":\"MEYDAN.TV\",\"description\":\"Meydan TV Az\u0259rbaycan\u0131n media m\u0259kan\u0131ndak\u0131 alternativ s\u0259sidir\",\"publisher\":{\"@id\":\"https:\\\/\\\/www.meydan.tv\\\/az\\\/#organization\"},\"potentialAction\":[{\"@type\":\"SearchAction\",\"target\":{\"@type\":\"EntryPoint\",\"urlTemplate\":\"https:\\\/\\\/www.meydan.tv\\\/az\\\/?s={search_term_string}\"},\"query-input\":{\"@type\":\"PropertyValueSpecification\",\"valueRequired\":true,\"valueName\":\"search_term_string\"}}],\"inLanguage\":\"az\"},{\"@type\":\"Organization\",\"@id\":\"https:\\\/\\\/www.meydan.tv\\\/az\\\/#organization\",\"name\":\"Meydan TV\",\"url\":\"https:\\\/\\\/www.meydan.tv\\\/az\\\/\",\"logo\":{\"@type\":\"ImageObject\",\"inLanguage\":\"az\",\"@id\":\"https:\\\/\\\/www.meydan.tv\\\/az\\\/#\\\/schema\\\/logo\\\/image\\\/\",\"url\":\"https:\\\/\\\/www.meydan.tv\\\/wp-content\\\/uploads\\\/2021\\\/07\\\/meydan-logo.svg\",\"contentUrl\":\"https:\\\/\\\/www.meydan.tv\\\/wp-content\\\/uploads\\\/2021\\\/07\\\/meydan-logo.svg\",\"width\":195,\"height\":46,\"caption\":\"Meydan TV\"},\"image\":{\"@id\":\"https:\\\/\\\/www.meydan.tv\\\/az\\\/#\\\/schema\\\/logo\\\/image\\\/\"}},{\"@type\":\"Person\",\"@id\":\"https:\\\/\\\/www.meydan.tv\\\/az\\\/#\\\/schema\\\/person\\\/10d11eccf6da3662cf5fdab9806ea91a\",\"name\":\"user-manager\"}]}<\/script>\n<!-- \/ Yoast SEO plugin. -->","yoast_head_json":{"title":"Ilham\u0259 v\u0259 Xocal\u0131 - MEYDAN.TV","robots":{"index":"index","follow":"follow","max-snippet":"max-snippet:-1","max-image-preview":"max-image-preview:large","max-video-preview":"max-video-preview:-1"},"canonical":"https:\/\/www.meydan.tv\/az\/article\/ilhame-ve-xocali\/","og_locale":"az_AZ","og_type":"article","og_title":"Ilham\u0259 v\u0259 Xocal\u0131 - MEYDAN.TV","og_description":"\u0130ki itkinin \u0259ks-s\u0259das\u0131","og_url":"https:\/\/www.meydan.tv\/az\/article\/ilhame-ve-xocali\/","og_site_name":"MEYDAN.TV","article_published_time":"2016-03-02T16:15:25+00:00","og_image":[{"width":500,"height":500,"url":"https:\/\/www.meydan.tv\/wp-content\/uploads\/18999.jpg","type":"image\/jpeg"}],"author":"user-manager","twitter_card":"summary_large_image","schema":{"@context":"https:\/\/schema.org","@graph":[{"@type":"Article","@id":"https:\/\/www.meydan.tv\/az\/article\/ilhame-ve-xocali\/#article","isPartOf":{"@id":"https:\/\/www.meydan.tv\/az\/article\/ilhame-ve-xocali\/"},"author":{"name":"user-manager","@id":"https:\/\/www.meydan.tv\/az\/#\/schema\/person\/10d11eccf6da3662cf5fdab9806ea91a"},"headline":"Ilham\u0259 v\u0259 Xocal\u0131","datePublished":"2016-03-02T16:15:25+00:00","mainEntityOfPage":{"@id":"https:\/\/www.meydan.tv\/az\/article\/ilhame-ve-xocali\/"},"wordCount":788,"publisher":{"@id":"https:\/\/www.meydan.tv\/az\/#organization"},"image":{"@id":"https:\/\/www.meydan.tv\/az\/article\/ilhame-ve-xocali\/#primaryimage"},"thumbnailUrl":"https:\/\/www.meydan.tv\/wp-content\/uploads\/18999.jpg","articleSection":["M\u0259nim Fikrimc\u0259"],"inLanguage":"az"},{"@type":"WebPage","@id":"https:\/\/www.meydan.tv\/az\/article\/ilhame-ve-xocali\/","url":"https:\/\/www.meydan.tv\/az\/article\/ilhame-ve-xocali\/","name":"Ilham\u0259 v\u0259 Xocal\u0131 - MEYDAN.TV","isPartOf":{"@id":"https:\/\/www.meydan.tv\/az\/#website"},"primaryImageOfPage":{"@id":"https:\/\/www.meydan.tv\/az\/article\/ilhame-ve-xocali\/#primaryimage"},"image":{"@id":"https:\/\/www.meydan.tv\/az\/article\/ilhame-ve-xocali\/#primaryimage"},"thumbnailUrl":"https:\/\/www.meydan.tv\/wp-content\/uploads\/18999.jpg","datePublished":"2016-03-02T16:15:25+00:00","breadcrumb":{"@id":"https:\/\/www.meydan.tv\/az\/article\/ilhame-ve-xocali\/#breadcrumb"},"inLanguage":"az","potentialAction":[{"@type":"ReadAction","target":["https:\/\/www.meydan.tv\/az\/article\/ilhame-ve-xocali\/"]}]},{"@type":"ImageObject","inLanguage":"az","@id":"https:\/\/www.meydan.tv\/az\/article\/ilhame-ve-xocali\/#primaryimage","url":"https:\/\/www.meydan.tv\/wp-content\/uploads\/18999.jpg","contentUrl":"https:\/\/www.meydan.tv\/wp-content\/uploads\/18999.jpg","width":500,"height":500,"caption":"Source:"},{"@type":"BreadcrumbList","@id":"https:\/\/www.meydan.tv\/az\/article\/ilhame-ve-xocali\/#breadcrumb","itemListElement":[{"@type":"ListItem","position":1,"name":"Ana s\u0259hif\u0259","item":"https:\/\/www.meydan.tv\/az\/"},{"@type":"ListItem","position":2,"name":"M\u0259nim Fikrimc\u0259","item":"https:\/\/www.meydan.tv\/az\/section\/menim-fikrimce\/"},{"@type":"ListItem","position":3,"name":"Ilham\u0259 v\u0259 Xocal\u0131"}]},{"@type":"WebSite","@id":"https:\/\/www.meydan.tv\/az\/#website","url":"https:\/\/www.meydan.tv\/az\/","name":"MEYDAN.TV","description":"Meydan TV Az\u0259rbaycan\u0131n media m\u0259kan\u0131ndak\u0131 alternativ s\u0259sidir","publisher":{"@id":"https:\/\/www.meydan.tv\/az\/#organization"},"potentialAction":[{"@type":"SearchAction","target":{"@type":"EntryPoint","urlTemplate":"https:\/\/www.meydan.tv\/az\/?s={search_term_string}"},"query-input":{"@type":"PropertyValueSpecification","valueRequired":true,"valueName":"search_term_string"}}],"inLanguage":"az"},{"@type":"Organization","@id":"https:\/\/www.meydan.tv\/az\/#organization","name":"Meydan TV","url":"https:\/\/www.meydan.tv\/az\/","logo":{"@type":"ImageObject","inLanguage":"az","@id":"https:\/\/www.meydan.tv\/az\/#\/schema\/logo\/image\/","url":"https:\/\/www.meydan.tv\/wp-content\/uploads\/2021\/07\/meydan-logo.svg","contentUrl":"https:\/\/www.meydan.tv\/wp-content\/uploads\/2021\/07\/meydan-logo.svg","width":195,"height":46,"caption":"Meydan TV"},"image":{"@id":"https:\/\/www.meydan.tv\/az\/#\/schema\/logo\/image\/"}},{"@type":"Person","@id":"https:\/\/www.meydan.tv\/az\/#\/schema\/person\/10d11eccf6da3662cf5fdab9806ea91a","name":"user-manager"}]}},"_links":{"self":[{"href":"https:\/\/www.meydan.tv\/az\/wp-json\/wp\/v2\/posts\/174108","targetHints":{"allow":["GET"]}}],"collection":[{"href":"https:\/\/www.meydan.tv\/az\/wp-json\/wp\/v2\/posts"}],"about":[{"href":"https:\/\/www.meydan.tv\/az\/wp-json\/wp\/v2\/types\/post"}],"author":[{"embeddable":true,"href":"https:\/\/www.meydan.tv\/az\/wp-json\/wp\/v2\/users\/11"}],"replies":[{"embeddable":true,"href":"https:\/\/www.meydan.tv\/az\/wp-json\/wp\/v2\/comments?post=174108"}],"version-history":[{"count":0,"href":"https:\/\/www.meydan.tv\/az\/wp-json\/wp\/v2\/posts\/174108\/revisions"}],"wp:featuredmedia":[{"embeddable":true,"href":"https:\/\/www.meydan.tv\/az\/wp-json\/wp\/v2\/media\/50411"}],"wp:attachment":[{"href":"https:\/\/www.meydan.tv\/az\/wp-json\/wp\/v2\/media?parent=174108"}],"wp:term":[{"taxonomy":"category","embeddable":true,"href":"https:\/\/www.meydan.tv\/az\/wp-json\/wp\/v2\/categories?post=174108"},{"taxonomy":"post_tag","embeddable":true,"href":"https:\/\/www.meydan.tv\/az\/wp-json\/wp\/v2\/tags?post=174108"}],"curies":[{"name":"wp","href":"https:\/\/api.w.org\/{rel}","templated":true}]}}