{"id":174095,"date":"2016-03-01T21:57:16","date_gmt":"2016-03-01T21:57:16","guid":{"rendered":"https:\/\/www.meydan.tv\/article\/boyuk-koc\/"},"modified":"2016-03-01T21:57:16","modified_gmt":"2016-03-01T21:57:16","slug":"boyuk-koc","status":"publish","type":"post","link":"https:\/\/www.meydan.tv\/az\/article\/boyuk-koc\/","title":{"rendered":"B\u00f6y\u00fck k\u00f6\u00e7"},"content":{"rendered":"<figure class=\"wp-block-image size-large\">\n  <img decoding=\"async\" src=\"https:\/\/www.meydan.tv\/az\/50408\/\" alt=\"\" class=\"wp-image-50408\"\/><figcaption><\/figcaption><\/figure>\n<figure class=\"wp-block-image size-large\">\n  <img decoding=\"async\" src=\"https:\/\/www.meydan.tv\/az\/50266\/\" alt=\"\" class=\"wp-image-50266\"\/><figcaption><\/figcaption><\/figure>\n<p>\n  K\u00f6\u00e7k\u00fcnl\u0259r v\u0259 qa\u00e7q\u0131nlar Avropa Birliyinin ax\u0131r\u0131na \u00e7\u0131x\u0131rlar. \u0130qtisadi v\u0259 siyasi m\u00fc\u015fk\u00fcll\u0259ri dan\u0131\u015f\u0131q v\u0259 g\u00fcz\u0259\u015ftl\u0259 yoluna qoyan Avropa miqrant ax\u0131n\u0131 qar\u015f\u0131s\u0131nda orta \u0259sr divarlar\u0131 \u00e7\u0259km\u0259y\u0259 ba\u015flay\u0131r. Sanki Berlin divar\u0131n\u0131n s\u00f6k\u00fclm\u0259sini yeni demokratiya d\u00f6vr\u00fcn\u00fcn r\u0259mzi elan etmi\u015f Avropa deyil bu&#8230;\n<\/p>\n<p>\n  Bu \u0259snada xalq\u0131m\u0131z k\u0259d\u0259rli bir x\u0259b\u0259r e\u015fitdi. N\u0259qliyyat naziri Ziya M\u0259mm\u0259dovun o\u011flu Anar M\u0259mm\u0259dov \u0130ngilt\u0259r\u0259y\u0259 k\u00f6\u00e7d\u00fc. \u018fvv\u0259l ail\u0259sini g\u00f6nd\u0259rdi, sonra is\u0259 \u00f6z\u00fc k\u00f6\u00e7d\u00fc.\n<\/p>\n<p>\n  Hac\u0131 \u018fbd\u00fcl\u0259 bu x\u0259b\u0259ri \u00e7atd\u0131randa, o bel\u0259 \u015f\u0259rh verdi ki: \u201cGav\u0259r \u00f6lk\u0259d\u0259 ay\u0131 qurtar\u0131b, u\u015fa\u011fa yem\u0259y\u0259 he\u00e7 n\u0259 qalmay\u0131b, ac\u0131ndan k\u00f6\u00e7\u00fcb \u00f6lk\u0259d\u0259n\u201d.\n<\/p>\n<p>\n  B\u0259zil\u0259ri is\u0259 deyir ki, m\u0259s\u0259l\u0259 ay\u0131da deyil, m\u0259s\u0259l\u0259 hakimiyy\u0259tin onun d\u0259d\u0259sin\u0259 m\u00fcnasib\u0259tind\u0259dir. Anara a\u011fr\u0131l\u0131 g\u0259lir ki, onlar\u0131n bu q\u0259d\u0259r yax\u015f\u0131l\u0131q etdiyi hakimiyy\u0259t bu q\u0259d\u0259r nankorluq edib d\u0259d\u0259sinin halal qazanc m\u0259nb\u0259l\u0259rini onun \u0259lind\u0259n al\u0131r. Hakimiyy\u0259t bel\u0259 nankor i\u015fl\u0259rl\u0259 m\u0259\u015f\u011ful olanda he\u00e7 xat\u0131rlam\u0131r ki, ail\u0259 n\u0259 q\u0259d\u0259r x\u0259rc v\u0259 z\u0259hm\u0259t \u00e7\u0259kib Amerikada Az\u0259rbaycan\u0131 t\u0259bli\u011f edib! Onun u\u011furlu daxili v\u0259 xarici siyas\u0259tini l\u0259ziz yem\u0259kl\u0259rl\u0259 v\u0259 dadl\u0131 i\u00e7kil\u0259rl\u0259 Va\u015finqtonun xeyli siyas\u0259t\u00e7isin\u0259 anlad\u0131b.\n<\/p>\n<blockquote><p>\n  M\u0259mm\u0259dovlar inciyib. K\u00fcs\u00fcb. Cavab z\u0259rb\u0259si t\u0259sirlidir: \u00f6lk\u0259ni Anars\u0131z qoymaq! Bilsinl\u0259r indi ail\u0259nin q\u0259drini. \u0130ndi kim Va\u015finqtonda kefkomlar\u0131 bir yer\u0259 toplay\u0131b, bir gec\u0259d\u0259 iki milyon dollar\u0131 g\u00f6y\u0259 sovura bil\u0259c\u0259k?\n<\/p><\/blockquote>\n<p>\n  Yay\u0131nd\u0131q m\u00f6vzudan. S\u00f6hb\u0259t k\u00f6\u00e7d\u0259n gedirdi. Kosmosdan Yer\u0259 baxanda g\u00f6r\u00fcrs\u0259n ki, insan seli ba\u015flay\u0131r Afrikan\u0131n ortas\u0131ndan, yava\u015f-yava\u015f yavuqla\u015f\u0131r \u015eimali Afrikaya v\u0259 yax\u0131n \u015e\u0259rq\u0259, oradan quru yolu il\u0259 s\u0131z\u0131l\u0131r T\u00fcrkiy\u0259y\u0259 v\u0259 Yunan\u0131stana, su yolu il\u0259 ax\u0131r \u0130taliyaya, oradan da hopur Avropan\u0131n m\u00fcxt\u0259lif \u00f6lk\u0259l\u0259rin\u0259.\n<\/p>\n<p>\n  Bu k\u00f6\u00e7d\u0259n he\u00e7 kim qurtula bilm\u0259z. \u018fg\u0259r Avropa Birliyinin \u00fczv\u00fcs\u0259ns\u0259: \u201c A\u00e7 qap\u0131n\u0131! G\u0259l\u0259k s\u0259ni \u00f6ld\u00fcr\u0259k!\u201d\n<\/p>\n<p>\n  Avropa \u00e7a\u015f\u0131b, qal\u0131b. He\u00e7 c\u00fcr anlam\u0131r ki, n\u0259 ba\u015f verib. Ax\u0131 Avropa, do\u011frudan da, n\u0259 edib ki? He\u00e7 n\u0259! Yaz\u0131q Avropa!<br \/>\n  <br \/>\n  B\u0259dxahlar deyir ki, Avropa \u00f6z acg\u00f6zl\u00fcy\u00fcn\u00fcn v\u0259 s\u0259fehliyinin b\u0259d\u0259lini \u00f6d\u0259yir. \u018fg\u0259r Avropa gedib Liviyan\u0131 bombalamasayd\u0131 v\u0259 t\u0131xac kimi Afrikan\u0131n l\u00fcl\u0259sini qapam\u0131\u015f \u0259l-Q\u0259zzafini devirib \u00f6ld\u00fcrm\u0259s\u0259ydi, he\u00e7 bir k\u00f6\u00e7 ba\u015flamayacaqd\u0131. Bombalad\u0131lar, Muammar\u0131n x\u0259b\u0259rdarl\u0131qlar\u0131n\u0131 qulaqard\u0131na vurdular, devirib -\u201cVau!\u201d &#8211; \u00f6ld\u00fcrd\u00fcl\u0259r, indi al g\u0259lsin!\n<\/p>\n<p>\n  \u015e\u0259rqd\u0259 yeni y\u00fcks\u0259kg\u0259lirli texnoloji sah\u0259 yaran\u0131b. Miqrant ixrac\u0131 qa\u00e7aqmal\u00e7\u0131lara milyardlarla dollar g\u0259lir g\u0259tirir. \u00d6z\u00fcn\u00fcz hesablay\u0131n, h\u0259r il 1,5 milyon qa\u00e7q\u0131n\u0131n h\u0259r\u0259si az\u0131 10 min avro haqq \u00f6d\u0259yib Avropa sahill\u0259rin\u0259 \u00e7at\u0131rsa, bu, n\u0259 q\u0259d\u0259r pul edir? M\u0259sr\u0259f c\u00fczi, dem\u0259k olar ki, q\u0259pik-quru\u015f, \u00e7\u0131xda\u015f edilmi\u015f k\u00f6hn\u0259 t\u0259kn\u0259l\u0259r, yamanm\u0131\u015f rezin qay\u0131qlar, \u00fcz\u0259n n\u0259 varsa, h\u0259r \u015fey i\u015f\u0259 yaray\u0131r. Qa\u00e7aqmal\u00e7\u0131lar b\u0259z\u0259n \u0259vv\u0259lc\u0259d\u0259n pul \u00f6d\u0259mi\u015f qa\u00e7q\u0131nlar\u0131 he\u00e7 Avropa sahill\u0259rin\u0259 \u00e7atd\u0131rmam\u0131\u015f, d\u0259nizin ortas\u0131nda t\u0259rk edib, s\u00fcr\u0259tli qay\u0131qlarla aradan \u00e7\u0131x\u0131rlar. Qa\u00e7q\u0131nlar ya bat\u0131r, ya da onlar\u0131 sahil xidm\u0259tinin g\u0259mil\u0259ri xilas edib, qa\u00e7q\u0131n d\u00fc\u015f\u0259rg\u0259sin\u0259 g\u0259tirir.\n<\/p>\n<p>\n  Avropa Molla N\u0259sr\u0259ddinin v\u0259ziyy\u0259tin\u0259 d\u00fc\u015f\u00fcb. \u201cG\u0259l, ba\u011fla dilim\u0259!\u201d B\u00fct\u00fcn d\u00fcnyaya car \u00e7\u0259kmi\u015fdi ki, \u201c\u0130nsanlar\u0131n h\u00fcquqlar\u0131, o c\u00fcml\u0259d\u0259n ya\u015famaq h\u00fcququ var!\u201d Budur, yad insanlar g\u0259lib soru\u015fur: \u201cBiz insan\u0131qm\u0131?\u201d Avropa f\u0259xrl\u0259 deyir: \u201c\u018flb\u0259tt\u0259!\u201d Onda da qa\u00e7q\u0131n-k\u00f6\u00e7k\u00fcn deyir: \u201cSizin siyas\u0259tinizin sayeyi-m\u0259rh\u0259m\u0259tinizd\u0259n m\u0259nim b\u0259rbad \u00f6lk\u0259m d\u00f6n\u00fcb d\u0259lixanaya, ham\u0131 bir-birini q\u0131r\u0131r. M\u0259n is\u0259 insanam, m\u0259nim ya\u015famaq h\u00fcququm var, \u00f6z\u00fc d\u0259 bu h\u00fcquq universal h\u00fcquqdur, m\u0259n harada olsam, el\u0259 orada da h\u00fcququm tan\u0131n\u0131r, budur, g\u0259lmi\u015f\u0259m Avropaya, m\u0259nim ya\u015famaq h\u00fcququmu t\u0259min edin!\u201d\n<\/p>\n<p>\n  Xan\u0131m Merkel deyir ki, \u201cneyn\u0259k, madam ki, g\u0259lmisiniz, biz d\u0259 \u00f6z d\u0259y\u0259rl\u0259rimiz\u0259 uy\u011fun olaraq, g\u0259r\u0259k sizin ya\u015famaq h\u00fcququnuzu t\u0259min ed\u0259k\u201d. Deyir v\u0259 edir, Almaniyaya g\u0259l\u0259nl\u0259ri xalq\u0131n hesab\u0131na yedizdirib-i\u00e7izdirir, ev-e\u015fik verir, dil \u00f6yr\u0259dir, m\u0259kt\u0259b\u0259 qoyur.\n<\/p>\n<p>\n  K\u00f6\u00e7k\u00fcnl\u0259rin \u00e7oxu t\u0259\u015f\u0259kk\u00fcr edir v\u0259 ba\u015flay\u0131r yeni m\u00fchit\u0259 \u00f6yr\u0259\u015fm\u0259y\u0259. B\u0259zil\u0259ri is\u0259 el\u0259 hesab edir ki,onlar \u00f6z batini milli hissl\u0259rini ifad\u0259 etm\u0259k \u00fc\u00e7\u00fcn g\u0259lib d\u00fc\u015f\u00fcbl\u0259r c\u0259nn\u0259t\u0259. V\u0259 ba\u015flay\u0131rlar \u00f6z milli-m\u0259n\u0259vi d\u0259y\u0259rl\u0259rini yerli camaata n\u00fcmayi\u015f etdirm\u0259y\u0259. N\u0259 edirl\u0259r, daha demir\u0259m, ham\u0131 bilir.\n<\/p>\n<p>\n  N\u0259tic\u0259d\u0259 yerli mill\u0259t\u00e7il\u0259r dir\u00e7\u0259lib deyirl\u0259r ki, daha b\u0259sdir, k\u00f6\u00e7\u00fcn qar\u015f\u0131s\u0131n\u0131 al\u0131n, biz ist\u0259mirik abad v\u0259t\u0259nimiz g\u0259lm\u0259l\u0259rin say\u0259sind\u0259 onlar\u0131n \u00f6lk\u0259l\u0259rin\u0259 d\u00f6ns\u00fcn. Deyirl\u0259r v\u0259 ba\u015flay\u0131rlar se\u00e7kil\u0259rd\u0259 s\u0259sl\u0259rini art\u0131rma\u011fa. Avropa dal\u0131r d\u0259rin fikr\u0259: \u201cAya, bu n\u0259 i\u015fdir, dayanan yerd\u0259 bu mill\u0259t\u00e7il\u0259r niy\u0259 bel\u0259 g\u00fccl\u0259ndil\u0259r?\u201d\n<\/p>\n<p>\n  Avropada 508 milyon insan ya\u015fay\u0131r. 1,5 milyon k\u00f6\u00e7k\u00fcn\u00fc q\u0259bul v\u0259 h\u0259zm ed\u0259 bilmir. 1,5 milyon \u0259halisi olan Estoniyaya bir n\u0259f\u0259r k\u00f6\u00e7k\u00fcn h\u0259l\u0259 ayaq basmay\u0131b, b\u00fct\u00fcn eston xalq\u0131 vahim\u0259 i\u00e7ind\u0259dir. \u00dcmummilli m\u00fczakir\u0259 gedir.\n<\/p>\n<p>\n  La-Man\u015f\u0131n Fransa sahilind\u0259 Kale \u015f\u0259h\u0259rinin k\u0259nar\u0131nda 5-6 min k\u00f6\u00e7k\u00fcn y\u0131\u011f\u0131l\u0131b \u0130ngilt\u0259r\u0259y\u0259 ke\u00e7m\u0259k ist\u0259yir. Bunu e\u015fid\u0259n ingilisl\u0259r Avropa Birliyind\u0259n \u00e7\u0131xmaq m\u0259s\u0259l\u0259sini referenduma \u00e7\u0131xar\u0131rlar. \u00d6zl\u0259rininkil\u0259r b\u0259s edir.\n<\/p>\n<p>\n  Macar jurnalist xan\u0131m quca\u011f\u0131nda u\u015faq qa\u00e7an \u015f\u0259rqli k\u00f6\u00e7k\u00fcn\u0259 badalaq verib y\u0131xd\u0131\u011f\u0131na g\u00f6r\u0259 ictimai q\u0131na\u011fa m\u0259ruz qalm\u0131\u015fd\u0131. N\u0259 bilm\u0259k olar, bir azdan ona m\u00fcnasib\u0259t nec\u0259 olacaq, \u00e7\u00fcnki bu \u00f6lk\u0259 d\u0259 daha k\u00f6\u00e7k\u00fcn q\u0259bul etm\u0259k ist\u0259mir.<br \/>\n  <br \/>\n  Yunan\u0131stan, Makedoniya, Serbiya, Avstriya, Monteneqro, \u00c7exiya, Bolqar\u0131stan v\u0259 Rum\u0131niya az qala h\u0259rbi v\u0259ziyy\u0259t\u0259 ke\u00e7m\u0259y\u0259 haz\u0131rla\u015f\u0131rlar. N\u0259 olub? K\u00f6\u00e7k\u00fcn g\u0259lir! K\u00f6\u00e7 g\u0259lir!\n<\/p>\n<p>\n  Yunan\u0131stan\u0131n sabiq maliyy\u0259 naziri Varufakis deyir ki, \u201cAvropa, bel\u0259 gets\u0259, da\u011f\u0131lacaq.\u201d\n<\/p>\n<p>\n  Bizim m\u00fcxalif\u0259t is\u0259 deyir ki, \u201cBizim strateji yolumuz Avropaya inteqrasiyadan ke\u00e7ir\u201d. \u201cS\u0259ni sev\u0259c\u0259y\u0259m, s\u0259n sevm\u0259s\u0259n d\u0259!\u201d\n<\/p>\n<p>\n  Avropa T\u00fcrkiy\u0259y\u0259 3 milyard avro t\u0259klif etdi ki, \u201cS\u0259n Allah, ba\u011fla yolu, saxla onlar\u0131 \u00f6z\u00fcnd\u0259, biz pulunu ver\u0259rik\u201d. T\u00fcrkiy\u0259 raz\u0131la\u015fd\u0131. 2,5 milyon k\u00f6\u00e7k\u00fcn\u0259 s\u0131\u011f\u0131nacaq verdi. Avropa 3 milyard avronu h\u0259l\u0259 d\u0259 tapamm\u0131r.\n<\/p>\n<p>\n  Yay m\u00f6vs\u00fcm\u00fc, isti havalar yax\u0131nla\u015f\u0131r. Qa\u00e7q\u0131n dal\u011fas\u0131 t\u0259krar k\u00fckr\u0259y\u0259c\u0259k. Q\u0259rb siyas\u0259tinin v\u0259 yerli hakiml\u0259rin tamahkarl\u0131\u011f\u0131n\u0131n qurban\u0131 olan insanlar\u0131n ax\u0131n\u0131 sel dal\u011fas\u0131 kimi a\u015f\u0131b-da\u015f\u0131b Avropa Birliyini yuyub, aparacaqm\u0131?\n<\/p>\n<p>\n  Q\u0259rib\u0259 adamlard\u0131r. G\u0259lib bizim hakimiyy\u0259td\u0259n soru\u015fmurlar ki, \u201cSiz n\u0259yi v\u0259 nec\u0259 edirsiniz ki, qa\u00e7q\u0131nlar Az\u0259rbaycana g\u0259lmir v\u0259 \u0259ksin\u0259, buradan gedir?\u201d\n<\/p>\n<p>\n  Soru\u015fsunlar, dey\u0259k&#8230;\n<\/p>\n<p>\n  <b><br \/>\n    Yaz\u0131 m\u00fc\u0259llifin \u015f\u0259xsi m\u00f6vqeyini \u0259ks etdirir&#8230;<br \/>\n  <\/b><\/p>\n","protected":false},"excerpt":{"rendered":"<p>Sizin \u00f6lk\u0259y\u0259 niy\u0259 k\u00f6\u00e7k\u00fcnl\u0259r g\u0259lmir?<\/p>\n","protected":false},"author":11,"featured_media":50408,"comment_status":"closed","ping_status":"open","sticky":false,"template":"","format":"standard","meta":{"_acf_changed":false,"_sitemap_exclude":false,"_sitemap_priority":"","_sitemap_frequency":"","footnotes":""},"categories":[57],"tags":[],"class_list":["post-174095","post","type-post","status-publish","format-standard","has-post-thumbnail","hentry","category-menim-fikrimce","infinite-scroll-item","generate-columns","tablet-grid-50","mobile-grid-100","grid-parent","grid-33","no-featured-image-padding"],"acf":[],"yoast_head":"<!-- This site is optimized with the Yoast SEO plugin v27.5 - https:\/\/yoast.com\/product\/yoast-seo-wordpress\/ -->\n<title>B\u00f6y\u00fck k\u00f6\u00e7 - MEYDAN.TV<\/title>\n<meta name=\"robots\" content=\"index, follow, max-snippet:-1, max-image-preview:large, max-video-preview:-1\" \/>\n<link rel=\"canonical\" href=\"https:\/\/www.meydan.tv\/az\/article\/boyuk-koc\/\" \/>\n<meta property=\"og:locale\" content=\"az_AZ\" \/>\n<meta property=\"og:type\" content=\"article\" \/>\n<meta property=\"og:title\" content=\"B\u00f6y\u00fck k\u00f6\u00e7 - MEYDAN.TV\" \/>\n<meta property=\"og:description\" content=\"Sizin \u00f6lk\u0259y\u0259 niy\u0259 k\u00f6\u00e7k\u00fcnl\u0259r g\u0259lmir?\" \/>\n<meta property=\"og:url\" content=\"https:\/\/www.meydan.tv\/az\/article\/boyuk-koc\/\" \/>\n<meta property=\"og:site_name\" content=\"MEYDAN.TV\" \/>\n<meta property=\"article:published_time\" content=\"2016-03-01T21:57:16+00:00\" \/>\n<meta property=\"og:image\" content=\"https:\/\/www.meydan.tv\/wp-content\/uploads\/18982.jpg\" \/>\n\t<meta property=\"og:image:width\" content=\"500\" \/>\n\t<meta property=\"og:image:height\" content=\"500\" \/>\n\t<meta property=\"og:image:type\" content=\"image\/jpeg\" \/>\n<meta name=\"author\" content=\"user-manager\" \/>\n<meta name=\"twitter:card\" content=\"summary_large_image\" \/>\n<script type=\"application\/ld+json\" class=\"yoast-schema-graph\">{\"@context\":\"https:\\\/\\\/schema.org\",\"@graph\":[{\"@type\":\"Article\",\"@id\":\"https:\\\/\\\/www.meydan.tv\\\/az\\\/article\\\/boyuk-koc\\\/#article\",\"isPartOf\":{\"@id\":\"https:\\\/\\\/www.meydan.tv\\\/az\\\/article\\\/boyuk-koc\\\/\"},\"author\":{\"name\":\"user-manager\",\"@id\":\"https:\\\/\\\/www.meydan.tv\\\/az\\\/#\\\/schema\\\/person\\\/10d11eccf6da3662cf5fdab9806ea91a\"},\"headline\":\"B\u00f6y\u00fck k\u00f6\u00e7\",\"datePublished\":\"2016-03-01T21:57:16+00:00\",\"mainEntityOfPage\":{\"@id\":\"https:\\\/\\\/www.meydan.tv\\\/az\\\/article\\\/boyuk-koc\\\/\"},\"wordCount\":1369,\"publisher\":{\"@id\":\"https:\\\/\\\/www.meydan.tv\\\/az\\\/#organization\"},\"image\":{\"@id\":\"https:\\\/\\\/www.meydan.tv\\\/az\\\/article\\\/boyuk-koc\\\/#primaryimage\"},\"thumbnailUrl\":\"https:\\\/\\\/www.meydan.tv\\\/wp-content\\\/uploads\\\/18982.jpg\",\"articleSection\":[\"M\u0259nim Fikrimc\u0259\"],\"inLanguage\":\"az\"},{\"@type\":\"WebPage\",\"@id\":\"https:\\\/\\\/www.meydan.tv\\\/az\\\/article\\\/boyuk-koc\\\/\",\"url\":\"https:\\\/\\\/www.meydan.tv\\\/az\\\/article\\\/boyuk-koc\\\/\",\"name\":\"B\u00f6y\u00fck k\u00f6\u00e7 - MEYDAN.TV\",\"isPartOf\":{\"@id\":\"https:\\\/\\\/www.meydan.tv\\\/az\\\/#website\"},\"primaryImageOfPage\":{\"@id\":\"https:\\\/\\\/www.meydan.tv\\\/az\\\/article\\\/boyuk-koc\\\/#primaryimage\"},\"image\":{\"@id\":\"https:\\\/\\\/www.meydan.tv\\\/az\\\/article\\\/boyuk-koc\\\/#primaryimage\"},\"thumbnailUrl\":\"https:\\\/\\\/www.meydan.tv\\\/wp-content\\\/uploads\\\/18982.jpg\",\"datePublished\":\"2016-03-01T21:57:16+00:00\",\"breadcrumb\":{\"@id\":\"https:\\\/\\\/www.meydan.tv\\\/az\\\/article\\\/boyuk-koc\\\/#breadcrumb\"},\"inLanguage\":\"az\",\"potentialAction\":[{\"@type\":\"ReadAction\",\"target\":[\"https:\\\/\\\/www.meydan.tv\\\/az\\\/article\\\/boyuk-koc\\\/\"]}]},{\"@type\":\"ImageObject\",\"inLanguage\":\"az\",\"@id\":\"https:\\\/\\\/www.meydan.tv\\\/az\\\/article\\\/boyuk-koc\\\/#primaryimage\",\"url\":\"https:\\\/\\\/www.meydan.tv\\\/wp-content\\\/uploads\\\/18982.jpg\",\"contentUrl\":\"https:\\\/\\\/www.meydan.tv\\\/wp-content\\\/uploads\\\/18982.jpg\",\"width\":500,\"height\":500,\"caption\":\"Source:\"},{\"@type\":\"BreadcrumbList\",\"@id\":\"https:\\\/\\\/www.meydan.tv\\\/az\\\/article\\\/boyuk-koc\\\/#breadcrumb\",\"itemListElement\":[{\"@type\":\"ListItem\",\"position\":1,\"name\":\"Ana s\u0259hif\u0259\",\"item\":\"https:\\\/\\\/www.meydan.tv\\\/az\\\/\"},{\"@type\":\"ListItem\",\"position\":2,\"name\":\"M\u0259nim Fikrimc\u0259\",\"item\":\"https:\\\/\\\/www.meydan.tv\\\/az\\\/section\\\/menim-fikrimce\\\/\"},{\"@type\":\"ListItem\",\"position\":3,\"name\":\"B\u00f6y\u00fck k\u00f6\u00e7\"}]},{\"@type\":\"WebSite\",\"@id\":\"https:\\\/\\\/www.meydan.tv\\\/az\\\/#website\",\"url\":\"https:\\\/\\\/www.meydan.tv\\\/az\\\/\",\"name\":\"MEYDAN.TV\",\"description\":\"Meydan TV Az\u0259rbaycan\u0131n media m\u0259kan\u0131ndak\u0131 alternativ s\u0259sidir\",\"publisher\":{\"@id\":\"https:\\\/\\\/www.meydan.tv\\\/az\\\/#organization\"},\"potentialAction\":[{\"@type\":\"SearchAction\",\"target\":{\"@type\":\"EntryPoint\",\"urlTemplate\":\"https:\\\/\\\/www.meydan.tv\\\/az\\\/?s={search_term_string}\"},\"query-input\":{\"@type\":\"PropertyValueSpecification\",\"valueRequired\":true,\"valueName\":\"search_term_string\"}}],\"inLanguage\":\"az\"},{\"@type\":\"Organization\",\"@id\":\"https:\\\/\\\/www.meydan.tv\\\/az\\\/#organization\",\"name\":\"Meydan TV\",\"url\":\"https:\\\/\\\/www.meydan.tv\\\/az\\\/\",\"logo\":{\"@type\":\"ImageObject\",\"inLanguage\":\"az\",\"@id\":\"https:\\\/\\\/www.meydan.tv\\\/az\\\/#\\\/schema\\\/logo\\\/image\\\/\",\"url\":\"https:\\\/\\\/www.meydan.tv\\\/wp-content\\\/uploads\\\/2021\\\/07\\\/meydan-logo.svg\",\"contentUrl\":\"https:\\\/\\\/www.meydan.tv\\\/wp-content\\\/uploads\\\/2021\\\/07\\\/meydan-logo.svg\",\"width\":195,\"height\":46,\"caption\":\"Meydan TV\"},\"image\":{\"@id\":\"https:\\\/\\\/www.meydan.tv\\\/az\\\/#\\\/schema\\\/logo\\\/image\\\/\"}},{\"@type\":\"Person\",\"@id\":\"https:\\\/\\\/www.meydan.tv\\\/az\\\/#\\\/schema\\\/person\\\/10d11eccf6da3662cf5fdab9806ea91a\",\"name\":\"user-manager\"}]}<\/script>\n<!-- \/ Yoast SEO plugin. -->","yoast_head_json":{"title":"B\u00f6y\u00fck k\u00f6\u00e7 - MEYDAN.TV","robots":{"index":"index","follow":"follow","max-snippet":"max-snippet:-1","max-image-preview":"max-image-preview:large","max-video-preview":"max-video-preview:-1"},"canonical":"https:\/\/www.meydan.tv\/az\/article\/boyuk-koc\/","og_locale":"az_AZ","og_type":"article","og_title":"B\u00f6y\u00fck k\u00f6\u00e7 - MEYDAN.TV","og_description":"Sizin \u00f6lk\u0259y\u0259 niy\u0259 k\u00f6\u00e7k\u00fcnl\u0259r g\u0259lmir?","og_url":"https:\/\/www.meydan.tv\/az\/article\/boyuk-koc\/","og_site_name":"MEYDAN.TV","article_published_time":"2016-03-01T21:57:16+00:00","og_image":[{"width":500,"height":500,"url":"https:\/\/www.meydan.tv\/wp-content\/uploads\/18982.jpg","type":"image\/jpeg"}],"author":"user-manager","twitter_card":"summary_large_image","schema":{"@context":"https:\/\/schema.org","@graph":[{"@type":"Article","@id":"https:\/\/www.meydan.tv\/az\/article\/boyuk-koc\/#article","isPartOf":{"@id":"https:\/\/www.meydan.tv\/az\/article\/boyuk-koc\/"},"author":{"name":"user-manager","@id":"https:\/\/www.meydan.tv\/az\/#\/schema\/person\/10d11eccf6da3662cf5fdab9806ea91a"},"headline":"B\u00f6y\u00fck k\u00f6\u00e7","datePublished":"2016-03-01T21:57:16+00:00","mainEntityOfPage":{"@id":"https:\/\/www.meydan.tv\/az\/article\/boyuk-koc\/"},"wordCount":1369,"publisher":{"@id":"https:\/\/www.meydan.tv\/az\/#organization"},"image":{"@id":"https:\/\/www.meydan.tv\/az\/article\/boyuk-koc\/#primaryimage"},"thumbnailUrl":"https:\/\/www.meydan.tv\/wp-content\/uploads\/18982.jpg","articleSection":["M\u0259nim Fikrimc\u0259"],"inLanguage":"az"},{"@type":"WebPage","@id":"https:\/\/www.meydan.tv\/az\/article\/boyuk-koc\/","url":"https:\/\/www.meydan.tv\/az\/article\/boyuk-koc\/","name":"B\u00f6y\u00fck k\u00f6\u00e7 - MEYDAN.TV","isPartOf":{"@id":"https:\/\/www.meydan.tv\/az\/#website"},"primaryImageOfPage":{"@id":"https:\/\/www.meydan.tv\/az\/article\/boyuk-koc\/#primaryimage"},"image":{"@id":"https:\/\/www.meydan.tv\/az\/article\/boyuk-koc\/#primaryimage"},"thumbnailUrl":"https:\/\/www.meydan.tv\/wp-content\/uploads\/18982.jpg","datePublished":"2016-03-01T21:57:16+00:00","breadcrumb":{"@id":"https:\/\/www.meydan.tv\/az\/article\/boyuk-koc\/#breadcrumb"},"inLanguage":"az","potentialAction":[{"@type":"ReadAction","target":["https:\/\/www.meydan.tv\/az\/article\/boyuk-koc\/"]}]},{"@type":"ImageObject","inLanguage":"az","@id":"https:\/\/www.meydan.tv\/az\/article\/boyuk-koc\/#primaryimage","url":"https:\/\/www.meydan.tv\/wp-content\/uploads\/18982.jpg","contentUrl":"https:\/\/www.meydan.tv\/wp-content\/uploads\/18982.jpg","width":500,"height":500,"caption":"Source:"},{"@type":"BreadcrumbList","@id":"https:\/\/www.meydan.tv\/az\/article\/boyuk-koc\/#breadcrumb","itemListElement":[{"@type":"ListItem","position":1,"name":"Ana s\u0259hif\u0259","item":"https:\/\/www.meydan.tv\/az\/"},{"@type":"ListItem","position":2,"name":"M\u0259nim Fikrimc\u0259","item":"https:\/\/www.meydan.tv\/az\/section\/menim-fikrimce\/"},{"@type":"ListItem","position":3,"name":"B\u00f6y\u00fck k\u00f6\u00e7"}]},{"@type":"WebSite","@id":"https:\/\/www.meydan.tv\/az\/#website","url":"https:\/\/www.meydan.tv\/az\/","name":"MEYDAN.TV","description":"Meydan TV Az\u0259rbaycan\u0131n media m\u0259kan\u0131ndak\u0131 alternativ s\u0259sidir","publisher":{"@id":"https:\/\/www.meydan.tv\/az\/#organization"},"potentialAction":[{"@type":"SearchAction","target":{"@type":"EntryPoint","urlTemplate":"https:\/\/www.meydan.tv\/az\/?s={search_term_string}"},"query-input":{"@type":"PropertyValueSpecification","valueRequired":true,"valueName":"search_term_string"}}],"inLanguage":"az"},{"@type":"Organization","@id":"https:\/\/www.meydan.tv\/az\/#organization","name":"Meydan TV","url":"https:\/\/www.meydan.tv\/az\/","logo":{"@type":"ImageObject","inLanguage":"az","@id":"https:\/\/www.meydan.tv\/az\/#\/schema\/logo\/image\/","url":"https:\/\/www.meydan.tv\/wp-content\/uploads\/2021\/07\/meydan-logo.svg","contentUrl":"https:\/\/www.meydan.tv\/wp-content\/uploads\/2021\/07\/meydan-logo.svg","width":195,"height":46,"caption":"Meydan TV"},"image":{"@id":"https:\/\/www.meydan.tv\/az\/#\/schema\/logo\/image\/"}},{"@type":"Person","@id":"https:\/\/www.meydan.tv\/az\/#\/schema\/person\/10d11eccf6da3662cf5fdab9806ea91a","name":"user-manager"}]}},"_links":{"self":[{"href":"https:\/\/www.meydan.tv\/az\/wp-json\/wp\/v2\/posts\/174095","targetHints":{"allow":["GET"]}}],"collection":[{"href":"https:\/\/www.meydan.tv\/az\/wp-json\/wp\/v2\/posts"}],"about":[{"href":"https:\/\/www.meydan.tv\/az\/wp-json\/wp\/v2\/types\/post"}],"author":[{"embeddable":true,"href":"https:\/\/www.meydan.tv\/az\/wp-json\/wp\/v2\/users\/11"}],"replies":[{"embeddable":true,"href":"https:\/\/www.meydan.tv\/az\/wp-json\/wp\/v2\/comments?post=174095"}],"version-history":[{"count":0,"href":"https:\/\/www.meydan.tv\/az\/wp-json\/wp\/v2\/posts\/174095\/revisions"}],"wp:featuredmedia":[{"embeddable":true,"href":"https:\/\/www.meydan.tv\/az\/wp-json\/wp\/v2\/media\/50408"}],"wp:attachment":[{"href":"https:\/\/www.meydan.tv\/az\/wp-json\/wp\/v2\/media?parent=174095"}],"wp:term":[{"taxonomy":"category","embeddable":true,"href":"https:\/\/www.meydan.tv\/az\/wp-json\/wp\/v2\/categories?post=174095"},{"taxonomy":"post_tag","embeddable":true,"href":"https:\/\/www.meydan.tv\/az\/wp-json\/wp\/v2\/tags?post=174095"}],"curies":[{"name":"wp","href":"https:\/\/api.w.org\/{rel}","templated":true}]}}