{"id":174069,"date":"2016-03-01T02:42:15","date_gmt":"2016-03-01T02:42:15","guid":{"rendered":"https:\/\/www.meydan.tv\/article\/qapanmis-serhedler\/"},"modified":"2016-03-01T02:42:15","modified_gmt":"2016-03-01T02:42:15","slug":"qapanmis-serhedler","status":"publish","type":"post","link":"https:\/\/www.meydan.tv\/az\/article\/qapanmis-serhedler\/","title":{"rendered":"Qapanm\u0131\u015f s\u0259rh\u0259dl\u0259r"},"content":{"rendered":"<figure class=\"wp-block-image size-large\">\n  <img decoding=\"async\" src=\"https:\/\/www.meydan.tv\/az\/50287\/\" alt=\"\" class=\"wp-image-50287\"\/><figcaption><\/figcaption><\/figure>\n<figure class=\"wp-block-image size-large\">\n  <img decoding=\"async\" src=\"https:\/\/www.meydan.tv\/az\/50290\/\" alt=\"\" class=\"wp-image-50290\"\/><figcaption><\/figcaption><\/figure>\n<p>\n  Ke\u00e7\u0259n yay\u0131n avqustunun c\u0131rhac\u0131r\u0131 idi, Berlinin m\u0259rk\u0259zind\u0259ki bir kafed\u0259, \u00e7oxdan g\u00f6r\u00fc\u015fm\u0259diyim bir alman dostla t\u0259r t\u00f6k\u0259-t\u00f6k\u0259 qaynar kofed\u0259n i\u00e7ib, s\u00f6hb\u0259tl\u0259\u015firdik. Dostum diplomatik sah\u0259d\u0259 \u00e7al\u0131\u015fd\u0131\u011f\u0131ndan s\u00f6hb\u0259t t\u0259bii ki, alman siyasi arenas\u0131ndan, SPD-CDU-Pegida-filan, sonra Ukrayna-Suriya-geosiyas\u0259td\u0259n-filandan f\u0131rland\u0131, ke\u00e7di Az\u0259rbaycana.<br \/>\n  <br \/>\n  &#8211; X\u0259b\u0259rin var ki, sizin vizan\u0131 almaq m\u00fcmk\u00fcns\u00fcz i\u015fdir? &#8211; dostum daz ba\u015f\u0131nda d\u00fcz oturmu\u015f d\u00fczbucaql\u0131 eyn\u0259yinin \u015f\u00fc\u015f\u0259l\u0259ri alt\u0131ndan g\u00f6zl\u0259rini b\u0259r\u0259ltdi &#8211; M\u0259n\u0259 b\u00fct\u00fcn dostlar\u0131m bunu deyib. Deyir, sizin s\u0259firliy\u0259 g\u0259l\u0259nd\u0259, orda adama el\u0259 bax\u0131rlar! Viza ist\u0259y\u0259n d\u00fc\u015f\u00fcn\u00fcr ki, ona sanki dem\u0259k ist\u0259yirl\u0259r: yax\u015f\u0131 adamsansa, Az\u0259rbaycanda n\u0259 i\u015fin var?!<br \/>\n  <br \/>\n  Ac\u0131-ac\u0131 g\u00fcl\u00fcms\u0259dim. Ax\u0131 uzun ill\u0259r g\u00f6r\u00fc\u015fm\u0259diyim bu adama n\u0259 ba\u015fa salayd\u0131m, hardan ba\u015flay\u0131b, harda bitir\u0259ydim? Birt\u0259h\u0259r:<br \/>\n  <br \/>\n  &#8211; Yax\u015f\u0131, n\u0259 ist\u0259yirl\u0259r ki? &#8211; dey\u0259 dill\u0259ndim.<br \/>\n  <br \/>\n  &#8211; N\u0259l\u0259r ist\u0259mirl\u0259r ki? Bizim alman b\u00fcrokratiyas\u0131 m\u0259\u015fhurdur. Amma orada ba\u015f ver\u0259nl\u0259ri he\u00e7 n\u0259y\u0259 s\u0131\u011fm\u0131r. Q\u0131sas\u0131, y\u0259ni dem\u0259k ist\u0259yirl\u0259r ki, g\u0259lm\u0259.<br \/>\n  <br \/>\n  &#8211; &#8230; o zaman&#8230; getm\u0259yin&#8230;\n<\/p>\n<p>\n  Bu haqda \u00e7ox d\u00fc\u015f\u00fcnm\u00fc\u015f\u0259m. Ha\u0131zrk\u0131 iqtidar\u0131n &#8220;n\u0259l\u0259r etmirik ki, \u00f6lk\u0259y\u0259 turist ax\u0131n\u0131 baslas\u0131n&#8221; s\u00f6zl\u0259rin\u0259 r\u0259\u011fm\u0259n, 2010-c\u00fc ild\u0259n ba\u015flayaraq, bu hakimiyy\u0259t \u00f6lk\u0259mizi inadla, t\u0259dric\u0259n qapal\u0131 bir rejim \u00f6lk\u0259sin\u0259 \u00e7evirdi. Xatirimd\u0259dir, bunun nec\u0259 ba\u015f verdiyinin \u0130stanbul-Atat\u00fcrk aeroportunda \u015fahidi olmu\u015f, h\u0259tta t\u0259sirl\u0259n\u0259r\u0259k o haqda &#8220;Viza, yoxsa \u00c7\u0259p\u0259r?&#8221; adl\u0131 yaz\u0131 da yazm\u0131\u015fd\u0131m. O zaman bu ilk &#8220;qaranqu\u015f&#8221; idi, sonra is\u0259 bu proses b\u00f6y\u00fcd\u00fc, \u015fax\u0259l\u0259ndi v\u0259 haz\u0131rda \u00f6lk\u0259 real izolyasiya qar\u015f\u0131s\u0131nda durur.\n<\/p>\n<p>\n  Ad\u0131 \u00e7\u0259kilmi\u015f yaz\u0131dan ki\u00e7icik bir sitat\u0131 burada g\u0259tirm\u0259k is\u0259trdim:<br \/>\n  <br \/>\n  &#8220;Bu add\u0131m viza rejiminin ba\u015fqa \u00f6lk\u0259l\u0259rl\u0259 qar\u0131\u015f\u0131l\u0131ql\u0131 olmas\u0131 kimi n\u0259 q\u0259d\u0259r m\u0259sumcas\u0131na g\u00f6r\u00fcns\u0259 d\u0259, \u0259slind\u0259 bu, bel\u0259 deyil. Hakimiyy\u0259ti v\u0259t\u0259nda\u015f\u0131n\u0131n v\u0259ziyy\u0259tinin \u0259sla ilgil\u0259ndirm\u0259diyi he\u00e7 bir kims\u0259y\u0259 sirr deyildir. V\u0259 bu add\u0131m yaln\u0131z se\u00e7kil\u0259rd\u0259ki (2010-cu il noyabr parlament se\u00e7kil\u0259ri n\u0259z\u0259rd\u0259 tutulurdu) total saxtakarl\u0131q v\u0259 n\u00f6vb\u0259ti biab\u0131r\u00e7\u0131l\u0131qlar \u00fc\u00e7\u00fcn deyildir, bu \u00f6lk\u0259mizin t\u0259dricl\u0259, \u0259halisi faktiki rejim t\u0259r\u0259find\u0259n terrora m\u0259ruz qalm\u0131\u015f qapal\u0131 c\u0131rtdan d\u00f6vl\u0259t modelin\u0259 \u2013 ke\u00e7mi\u015f Albaniya v\u0259 ya \u00e7a\u011fda\u015f \u015eimali Koreyaya \u00e7evrilm\u0259si yolundak\u0131 n\u00f6vb\u0259ti add\u0131md\u0131r.T\u00fcrkm\u0259nistan da uzaqlarda deyil, \u0259f\u0259ndil\u0259r, d\u0259nizin o tay\u0131ndad\u0131r sad\u0259c\u0259!&#8221;\n<\/p>\n<p>\n  Haz\u0131rda is\u0259 bu izolyasiyan\u0131n n\u0259 \u00fc\u00e7\u00fcn g\u0259r\u0259k oldu\u011fu art\u0131q ham\u0131ya ayd\u0131nd\u0131r m\u0259nc\u0259 &#8211; bu bir n\u00f6v g\u00fcnd\u0259lik qanunsuzluq v\u0259 \u00f6zba\u015f\u0131nal\u0131\u011f\u0131n legitiml\u0259\u015fdirilm\u0259sidir, \u00e7\u00fcnki \u0259g\u0259r m\u00fcmk\u00fcn q\u0259d\u0259r izolyasiya edilmi\u015f bir qapal\u0131 \u00f6lk\u0259d\u0259 olsaq, daha kimd\u0259n \u00e7\u0259kinm\u0259liyik ki? Nec\u0259 dey\u0259rl\u0259r, &#8220;utanmasan, oynama\u011fa n\u0259 var ki?&#8221;\n<\/p>\n<p>\n  \u015e\u00fcbh\u0259siz ki, bu izolyasiya eyni zamanda \u00e7ox d\u0259rin bir sosial mahiyy\u0259t da\u015f\u0131y\u0131r. Hakim dair\u0259l\u0259r, onlar\u0131n yax\u0131nlar\u0131, \u0259sab\u0259l\u0259ri, qo\u00e7ular\u0131, qulluq\u00e7ular\u0131 bu izolyasiyadan m\u00fcmk\u00fcn q\u0259d\u0259r k\u0259nar tutulur. Bu g\u00fcnl\u0259rd\u0259 d\u00fcnyas\u0131n\u0131 d\u0259yi\u015fmi\u015f \u0130lham\u0259nin cibind\u0259n diplomatik pasportun \u00e7\u0131xmas\u0131 bunun \u0259yani s\u00fcbutu idi.\n<\/p>\n<p>\n  Bu, \u0259sla yeni bir \u015fey deyil, xan\u0131mlar v\u0259 c\u0259nablar, Aleksandr Soljenits\u0131n\u0131 v\u0259 ya Varlam \u015ealamovu (ist\u0259nil\u0259n \u0259s\u0259rl\u0259rini) oxumu\u015f olsan\u0131z, g\u00f6r\u0259c\u0259ksiniz ki, bu izolyasiya &#8211; sad\u0259c\u0259 konslager etikas\u0131 v\u0259 eyni zamanda, estetikas\u0131d\u0131r. \u018flah\u0259zr\u0259t \u0259d\u0259biyyat bu prosesl\u0259rin ham\u0131s\u0131n\u0131n daxili anatomiyas\u0131n\u0131 \u00e7ox d\u0259rin v\u0259 obrazl\u0131 bir sur\u0259td\u0259 a\u00e7\u0131b, g\u00f6st\u0259rmi\u015fdir. Bu m\u0259nada Seymur Baycan haql\u0131d\u0131r, xatirimd\u0259dir, bir zaman bel\u0259 bir c\u00fcml\u0259 i\u015fl\u0259tmi\u015fdi: &#8220;B\u00fct\u00fcn d\u00fcnya \u0259d\u0259biyyat\u0131 bu rejimin \u0259leyhin\u0259dir&#8221;.\n<\/p>\n<p>\n  Haz\u0131rda da elan edilmi\u015f &#8220;Multikulturalizm ili&#8221; m\u0259hz bu etika v\u0259 estetikan\u0131n bariz t\u0259zah\u00fcr\u00fcd\u00fcr. Qap\u0131lar\u0131 kip ba\u011fl\u0131 \u00f6lk\u0259 bel\u0259 bir il edir v\u0259 onsuz da g\u00fclm\u0259li v\u0259ziyy\u0259td\u0259n daha g\u00fcl\u00fcnc obraza d\u00fc\u015f\u00fcr. Bu, yaln\u0131z \u00f6lk\u0259sinin s\u0259rh\u0259dl\u0259rin\u0259 az qala \u00e7\u0259p\u0259rl\u0259r \u00e7\u0259kmi\u015f bir rejimin a\u011fl\u0131na g\u0259l\u0259 bil\u0259rdi.\n<\/p>\n<p>\n  <b><br \/>\n    Yaz\u0131 m\u00fc\u0259llifin \u015f\u0259xsi m\u00f6vqeyini \u0259ks etdirir&#8230;<br \/>\n  <\/b><\/p>\n","protected":false},"excerpt":{"rendered":"<p>Multikulturalizm ili<\/p>\n","protected":false},"author":11,"featured_media":50287,"comment_status":"closed","ping_status":"open","sticky":false,"template":"","format":"standard","meta":{"_acf_changed":false,"_sitemap_exclude":false,"_sitemap_priority":"","_sitemap_frequency":"","footnotes":""},"categories":[57],"tags":[],"class_list":["post-174069","post","type-post","status-publish","format-standard","has-post-thumbnail","hentry","category-menim-fikrimce","infinite-scroll-item","generate-columns","tablet-grid-50","mobile-grid-100","grid-parent","grid-33","no-featured-image-padding"],"acf":[],"yoast_head":"<!-- This site is optimized with the Yoast SEO plugin v27.5 - https:\/\/yoast.com\/product\/yoast-seo-wordpress\/ -->\n<title>Qapanm\u0131\u015f s\u0259rh\u0259dl\u0259r - MEYDAN.TV<\/title>\n<meta name=\"robots\" content=\"index, follow, max-snippet:-1, max-image-preview:large, max-video-preview:-1\" \/>\n<link rel=\"canonical\" href=\"https:\/\/www.meydan.tv\/az\/article\/qapanmis-serhedler\/\" \/>\n<meta property=\"og:locale\" content=\"az_AZ\" \/>\n<meta property=\"og:type\" content=\"article\" \/>\n<meta property=\"og:title\" content=\"Qapanm\u0131\u015f s\u0259rh\u0259dl\u0259r - MEYDAN.TV\" \/>\n<meta property=\"og:description\" content=\"Multikulturalizm ili\" \/>\n<meta property=\"og:url\" content=\"https:\/\/www.meydan.tv\/az\/article\/qapanmis-serhedler\/\" \/>\n<meta property=\"og:site_name\" content=\"MEYDAN.TV\" \/>\n<meta property=\"article:published_time\" content=\"2016-03-01T02:42:15+00:00\" \/>\n<meta property=\"og:image\" content=\"https:\/\/www.meydan.tv\/wp-content\/uploads\/18941.jpg\" \/>\n\t<meta property=\"og:image:width\" content=\"500\" \/>\n\t<meta property=\"og:image:height\" content=\"500\" \/>\n\t<meta property=\"og:image:type\" content=\"image\/jpeg\" \/>\n<meta name=\"author\" content=\"user-manager\" \/>\n<meta name=\"twitter:card\" content=\"summary_large_image\" \/>\n<script type=\"application\/ld+json\" class=\"yoast-schema-graph\">{\"@context\":\"https:\\\/\\\/schema.org\",\"@graph\":[{\"@type\":\"Article\",\"@id\":\"https:\\\/\\\/www.meydan.tv\\\/az\\\/article\\\/qapanmis-serhedler\\\/#article\",\"isPartOf\":{\"@id\":\"https:\\\/\\\/www.meydan.tv\\\/az\\\/article\\\/qapanmis-serhedler\\\/\"},\"author\":{\"name\":\"user-manager\",\"@id\":\"https:\\\/\\\/www.meydan.tv\\\/az\\\/#\\\/schema\\\/person\\\/10d11eccf6da3662cf5fdab9806ea91a\"},\"headline\":\"Qapanm\u0131\u015f s\u0259rh\u0259dl\u0259r\",\"datePublished\":\"2016-03-01T02:42:15+00:00\",\"mainEntityOfPage\":{\"@id\":\"https:\\\/\\\/www.meydan.tv\\\/az\\\/article\\\/qapanmis-serhedler\\\/\"},\"wordCount\":818,\"publisher\":{\"@id\":\"https:\\\/\\\/www.meydan.tv\\\/az\\\/#organization\"},\"image\":{\"@id\":\"https:\\\/\\\/www.meydan.tv\\\/az\\\/article\\\/qapanmis-serhedler\\\/#primaryimage\"},\"thumbnailUrl\":\"https:\\\/\\\/www.meydan.tv\\\/wp-content\\\/uploads\\\/18941.jpg\",\"articleSection\":[\"M\u0259nim Fikrimc\u0259\"],\"inLanguage\":\"az\"},{\"@type\":\"WebPage\",\"@id\":\"https:\\\/\\\/www.meydan.tv\\\/az\\\/article\\\/qapanmis-serhedler\\\/\",\"url\":\"https:\\\/\\\/www.meydan.tv\\\/az\\\/article\\\/qapanmis-serhedler\\\/\",\"name\":\"Qapanm\u0131\u015f s\u0259rh\u0259dl\u0259r - MEYDAN.TV\",\"isPartOf\":{\"@id\":\"https:\\\/\\\/www.meydan.tv\\\/az\\\/#website\"},\"primaryImageOfPage\":{\"@id\":\"https:\\\/\\\/www.meydan.tv\\\/az\\\/article\\\/qapanmis-serhedler\\\/#primaryimage\"},\"image\":{\"@id\":\"https:\\\/\\\/www.meydan.tv\\\/az\\\/article\\\/qapanmis-serhedler\\\/#primaryimage\"},\"thumbnailUrl\":\"https:\\\/\\\/www.meydan.tv\\\/wp-content\\\/uploads\\\/18941.jpg\",\"datePublished\":\"2016-03-01T02:42:15+00:00\",\"breadcrumb\":{\"@id\":\"https:\\\/\\\/www.meydan.tv\\\/az\\\/article\\\/qapanmis-serhedler\\\/#breadcrumb\"},\"inLanguage\":\"az\",\"potentialAction\":[{\"@type\":\"ReadAction\",\"target\":[\"https:\\\/\\\/www.meydan.tv\\\/az\\\/article\\\/qapanmis-serhedler\\\/\"]}]},{\"@type\":\"ImageObject\",\"inLanguage\":\"az\",\"@id\":\"https:\\\/\\\/www.meydan.tv\\\/az\\\/article\\\/qapanmis-serhedler\\\/#primaryimage\",\"url\":\"https:\\\/\\\/www.meydan.tv\\\/wp-content\\\/uploads\\\/18941.jpg\",\"contentUrl\":\"https:\\\/\\\/www.meydan.tv\\\/wp-content\\\/uploads\\\/18941.jpg\",\"width\":500,\"height\":500,\"caption\":\"Source:\"},{\"@type\":\"BreadcrumbList\",\"@id\":\"https:\\\/\\\/www.meydan.tv\\\/az\\\/article\\\/qapanmis-serhedler\\\/#breadcrumb\",\"itemListElement\":[{\"@type\":\"ListItem\",\"position\":1,\"name\":\"Ana s\u0259hif\u0259\",\"item\":\"https:\\\/\\\/www.meydan.tv\\\/az\\\/\"},{\"@type\":\"ListItem\",\"position\":2,\"name\":\"M\u0259nim Fikrimc\u0259\",\"item\":\"https:\\\/\\\/www.meydan.tv\\\/az\\\/section\\\/menim-fikrimce\\\/\"},{\"@type\":\"ListItem\",\"position\":3,\"name\":\"Qapanm\u0131\u015f s\u0259rh\u0259dl\u0259r\"}]},{\"@type\":\"WebSite\",\"@id\":\"https:\\\/\\\/www.meydan.tv\\\/az\\\/#website\",\"url\":\"https:\\\/\\\/www.meydan.tv\\\/az\\\/\",\"name\":\"MEYDAN.TV\",\"description\":\"Meydan TV Az\u0259rbaycan\u0131n media m\u0259kan\u0131ndak\u0131 alternativ s\u0259sidir\",\"publisher\":{\"@id\":\"https:\\\/\\\/www.meydan.tv\\\/az\\\/#organization\"},\"potentialAction\":[{\"@type\":\"SearchAction\",\"target\":{\"@type\":\"EntryPoint\",\"urlTemplate\":\"https:\\\/\\\/www.meydan.tv\\\/az\\\/?s={search_term_string}\"},\"query-input\":{\"@type\":\"PropertyValueSpecification\",\"valueRequired\":true,\"valueName\":\"search_term_string\"}}],\"inLanguage\":\"az\"},{\"@type\":\"Organization\",\"@id\":\"https:\\\/\\\/www.meydan.tv\\\/az\\\/#organization\",\"name\":\"Meydan TV\",\"url\":\"https:\\\/\\\/www.meydan.tv\\\/az\\\/\",\"logo\":{\"@type\":\"ImageObject\",\"inLanguage\":\"az\",\"@id\":\"https:\\\/\\\/www.meydan.tv\\\/az\\\/#\\\/schema\\\/logo\\\/image\\\/\",\"url\":\"https:\\\/\\\/www.meydan.tv\\\/wp-content\\\/uploads\\\/2021\\\/07\\\/meydan-logo.svg\",\"contentUrl\":\"https:\\\/\\\/www.meydan.tv\\\/wp-content\\\/uploads\\\/2021\\\/07\\\/meydan-logo.svg\",\"width\":195,\"height\":46,\"caption\":\"Meydan TV\"},\"image\":{\"@id\":\"https:\\\/\\\/www.meydan.tv\\\/az\\\/#\\\/schema\\\/logo\\\/image\\\/\"}},{\"@type\":\"Person\",\"@id\":\"https:\\\/\\\/www.meydan.tv\\\/az\\\/#\\\/schema\\\/person\\\/10d11eccf6da3662cf5fdab9806ea91a\",\"name\":\"user-manager\"}]}<\/script>\n<!-- \/ Yoast SEO plugin. -->","yoast_head_json":{"title":"Qapanm\u0131\u015f s\u0259rh\u0259dl\u0259r - MEYDAN.TV","robots":{"index":"index","follow":"follow","max-snippet":"max-snippet:-1","max-image-preview":"max-image-preview:large","max-video-preview":"max-video-preview:-1"},"canonical":"https:\/\/www.meydan.tv\/az\/article\/qapanmis-serhedler\/","og_locale":"az_AZ","og_type":"article","og_title":"Qapanm\u0131\u015f s\u0259rh\u0259dl\u0259r - MEYDAN.TV","og_description":"Multikulturalizm ili","og_url":"https:\/\/www.meydan.tv\/az\/article\/qapanmis-serhedler\/","og_site_name":"MEYDAN.TV","article_published_time":"2016-03-01T02:42:15+00:00","og_image":[{"width":500,"height":500,"url":"https:\/\/www.meydan.tv\/wp-content\/uploads\/18941.jpg","type":"image\/jpeg"}],"author":"user-manager","twitter_card":"summary_large_image","schema":{"@context":"https:\/\/schema.org","@graph":[{"@type":"Article","@id":"https:\/\/www.meydan.tv\/az\/article\/qapanmis-serhedler\/#article","isPartOf":{"@id":"https:\/\/www.meydan.tv\/az\/article\/qapanmis-serhedler\/"},"author":{"name":"user-manager","@id":"https:\/\/www.meydan.tv\/az\/#\/schema\/person\/10d11eccf6da3662cf5fdab9806ea91a"},"headline":"Qapanm\u0131\u015f s\u0259rh\u0259dl\u0259r","datePublished":"2016-03-01T02:42:15+00:00","mainEntityOfPage":{"@id":"https:\/\/www.meydan.tv\/az\/article\/qapanmis-serhedler\/"},"wordCount":818,"publisher":{"@id":"https:\/\/www.meydan.tv\/az\/#organization"},"image":{"@id":"https:\/\/www.meydan.tv\/az\/article\/qapanmis-serhedler\/#primaryimage"},"thumbnailUrl":"https:\/\/www.meydan.tv\/wp-content\/uploads\/18941.jpg","articleSection":["M\u0259nim Fikrimc\u0259"],"inLanguage":"az"},{"@type":"WebPage","@id":"https:\/\/www.meydan.tv\/az\/article\/qapanmis-serhedler\/","url":"https:\/\/www.meydan.tv\/az\/article\/qapanmis-serhedler\/","name":"Qapanm\u0131\u015f s\u0259rh\u0259dl\u0259r - MEYDAN.TV","isPartOf":{"@id":"https:\/\/www.meydan.tv\/az\/#website"},"primaryImageOfPage":{"@id":"https:\/\/www.meydan.tv\/az\/article\/qapanmis-serhedler\/#primaryimage"},"image":{"@id":"https:\/\/www.meydan.tv\/az\/article\/qapanmis-serhedler\/#primaryimage"},"thumbnailUrl":"https:\/\/www.meydan.tv\/wp-content\/uploads\/18941.jpg","datePublished":"2016-03-01T02:42:15+00:00","breadcrumb":{"@id":"https:\/\/www.meydan.tv\/az\/article\/qapanmis-serhedler\/#breadcrumb"},"inLanguage":"az","potentialAction":[{"@type":"ReadAction","target":["https:\/\/www.meydan.tv\/az\/article\/qapanmis-serhedler\/"]}]},{"@type":"ImageObject","inLanguage":"az","@id":"https:\/\/www.meydan.tv\/az\/article\/qapanmis-serhedler\/#primaryimage","url":"https:\/\/www.meydan.tv\/wp-content\/uploads\/18941.jpg","contentUrl":"https:\/\/www.meydan.tv\/wp-content\/uploads\/18941.jpg","width":500,"height":500,"caption":"Source:"},{"@type":"BreadcrumbList","@id":"https:\/\/www.meydan.tv\/az\/article\/qapanmis-serhedler\/#breadcrumb","itemListElement":[{"@type":"ListItem","position":1,"name":"Ana s\u0259hif\u0259","item":"https:\/\/www.meydan.tv\/az\/"},{"@type":"ListItem","position":2,"name":"M\u0259nim Fikrimc\u0259","item":"https:\/\/www.meydan.tv\/az\/section\/menim-fikrimce\/"},{"@type":"ListItem","position":3,"name":"Qapanm\u0131\u015f s\u0259rh\u0259dl\u0259r"}]},{"@type":"WebSite","@id":"https:\/\/www.meydan.tv\/az\/#website","url":"https:\/\/www.meydan.tv\/az\/","name":"MEYDAN.TV","description":"Meydan TV Az\u0259rbaycan\u0131n media m\u0259kan\u0131ndak\u0131 alternativ s\u0259sidir","publisher":{"@id":"https:\/\/www.meydan.tv\/az\/#organization"},"potentialAction":[{"@type":"SearchAction","target":{"@type":"EntryPoint","urlTemplate":"https:\/\/www.meydan.tv\/az\/?s={search_term_string}"},"query-input":{"@type":"PropertyValueSpecification","valueRequired":true,"valueName":"search_term_string"}}],"inLanguage":"az"},{"@type":"Organization","@id":"https:\/\/www.meydan.tv\/az\/#organization","name":"Meydan TV","url":"https:\/\/www.meydan.tv\/az\/","logo":{"@type":"ImageObject","inLanguage":"az","@id":"https:\/\/www.meydan.tv\/az\/#\/schema\/logo\/image\/","url":"https:\/\/www.meydan.tv\/wp-content\/uploads\/2021\/07\/meydan-logo.svg","contentUrl":"https:\/\/www.meydan.tv\/wp-content\/uploads\/2021\/07\/meydan-logo.svg","width":195,"height":46,"caption":"Meydan TV"},"image":{"@id":"https:\/\/www.meydan.tv\/az\/#\/schema\/logo\/image\/"}},{"@type":"Person","@id":"https:\/\/www.meydan.tv\/az\/#\/schema\/person\/10d11eccf6da3662cf5fdab9806ea91a","name":"user-manager"}]}},"_links":{"self":[{"href":"https:\/\/www.meydan.tv\/az\/wp-json\/wp\/v2\/posts\/174069","targetHints":{"allow":["GET"]}}],"collection":[{"href":"https:\/\/www.meydan.tv\/az\/wp-json\/wp\/v2\/posts"}],"about":[{"href":"https:\/\/www.meydan.tv\/az\/wp-json\/wp\/v2\/types\/post"}],"author":[{"embeddable":true,"href":"https:\/\/www.meydan.tv\/az\/wp-json\/wp\/v2\/users\/11"}],"replies":[{"embeddable":true,"href":"https:\/\/www.meydan.tv\/az\/wp-json\/wp\/v2\/comments?post=174069"}],"version-history":[{"count":0,"href":"https:\/\/www.meydan.tv\/az\/wp-json\/wp\/v2\/posts\/174069\/revisions"}],"wp:featuredmedia":[{"embeddable":true,"href":"https:\/\/www.meydan.tv\/az\/wp-json\/wp\/v2\/media\/50287"}],"wp:attachment":[{"href":"https:\/\/www.meydan.tv\/az\/wp-json\/wp\/v2\/media?parent=174069"}],"wp:term":[{"taxonomy":"category","embeddable":true,"href":"https:\/\/www.meydan.tv\/az\/wp-json\/wp\/v2\/categories?post=174069"},{"taxonomy":"post_tag","embeddable":true,"href":"https:\/\/www.meydan.tv\/az\/wp-json\/wp\/v2\/tags?post=174069"}],"curies":[{"name":"wp","href":"https:\/\/api.w.org\/{rel}","templated":true}]}}