{"id":174067,"date":"2016-02-29T22:20:50","date_gmt":"2016-02-29T22:20:50","guid":{"rendered":"https:\/\/www.meydan.tv\/article\/yersiz-muhakime\/"},"modified":"2016-02-29T22:20:50","modified_gmt":"2016-02-29T22:20:50","slug":"yersiz-muhakime","status":"publish","type":"post","link":"https:\/\/www.meydan.tv\/az\/article\/yersiz-muhakime\/","title":{"rendered":"Yersiz m\u00fchakim\u0259"},"content":{"rendered":"<figure class=\"wp-block-image size-large\">\n  <img decoding=\"async\" src=\"https:\/\/www.meydan.tv\/az\/50278\/\" alt=\"\" class=\"wp-image-50278\"\/><figcaption><\/figcaption><\/figure>\n<figure class=\"wp-block-image size-large\">\n  <img decoding=\"async\" src=\"https:\/\/www.meydan.tv\/az\/50281\/\" alt=\"\" class=\"wp-image-50281\"\/><figcaption><\/figcaption><\/figure>\n<p>\n  M\u0259n yenic\u0259 q\u0259za ke\u00e7irib, a\u011f\u0131r travman\u0131n n\u0259tic\u0259si olaraq bir m\u00fcdd\u0259t, y\u0259ni t\u0259xmin\u0259n 11 aya yax\u0131n yataqda olmu\u015fam. \u018flil arabas\u0131na otura bilmirdim. T\u0259zyiqim \u00e7ox a\u015fa\u011f\u0131, orqanizmim z\u0259if idi. Arabaya oturan kimi g\u00f6zl\u0259rim qaral\u0131r, \u00fcr\u0259yim gedirdi. El\u0259 indi d\u0259 m\u0259hz z\u0259d\u0259l\u0259n\u0259n onur\u011fan\u0131n yuxar\u0131 \u0259traf\u0131 \u00fc\u00e7\u00fcn xarakterik olan a\u015fa\u011f\u0131 t\u0259zyiq yaxam\u0131 buraxm\u0131r. H\u0259tta bu yaz\u0131n\u0131 yazark\u0259n, \u015firin \u00e7ay i\u00e7m\u0259yim\u0259 baxmayaraq, az-az ba\u015f\u0131m gic\u0259ll\u0259nir. B\u0259d\u0259nimd\u0259 q\u0259rib\u0259 uyu\u015fma hiss edir\u0259m.\n<\/p>\n<p>\n  H\u0259min \u0259r\u0259f\u0259l\u0259rd\u0259 ziyar\u0259tim\u0259 g\u0259l\u0259n iki qohumum m\u0259ni y\u0131x\u0131l\u0131b, z\u0259d\u0259 alma\u011f\u0131ma v\u0259 bu duruma d\u00fc\u015fm\u0259yim\u0259 g\u00f6r\u0259 q\u0131nay\u0131r, m\u00fchakim\u0259 edirdil\u0259r. \u00c7aya k\u0259ll\u0259 vurark\u0259n, dayaz yer\u0259 d\u00fc\u015f\u00fcb, onur\u011fam\u0131 z\u0259d\u0259l\u0259mi\u015f\u0259m ax\u0131. B\u0259li, s\u0259hvimi etiraf edir\u0259m. 19 ya\u015f\u0131mda \u00e7ox \u00e7\u0131l\u011f\u0131n idim. Risk etm\u0259yi v\u0259 ekstrimi sevirdim. \u018fn t\u0259hl\u00fck\u0259li sularda da \u00fczm\u0259y\u0259, \u00e7imm\u0259y\u0259 meylli idim. N\u0259tic\u0259 d\u0259 bel\u0259 oldu.\n<\/p>\n<p>\n  Amma m\u0259n ke\u00e7mi\u015fd\u0259 ili\u015fib-qalan deyil\u0259m. H\u0259min qohumlar\u0131m is\u0259 n\u0259 yataq \u015f\u0259raitimi, n\u0259 psixoloji durumumu, n\u0259 d\u0259 \u0259s\u0259bd\u0259n tutulma riski olan sinirl\u0259rimi n\u0259z\u0259r\u0259 almadan, h\u0259r ziyar\u0259td\u0259 m\u0259ni q\u0131c\u0131qland\u0131ran \u201cr\u0131\u00e7aqlar\u0131n\u0131\u201d i\u015f\u0259 sal\u0131r, eyni v\u0259 f\u0259rqli aspektd\u0259 m\u0259nim ke\u00e7irdiyim q\u0259zan\u0131 m\u00fczakir\u0259 edirdil\u0259r.\n<\/p>\n<p>\n  \u00d6z\u00fcm\u00fc \u201ckriminalistika\u201d \u015f\u00f6b\u0259sind\u0259 dindiril\u0259n \u015f\u00fcbh\u0259li kimi hiss edirdim. \u00d6z-\u00f6zl\u00fcy\u00fcmd\u0259 \u00e7al\u0131\u015f\u0131rd\u0131m ki, o hadis\u0259ni \u00e7ox yad\u0131ma salmay\u0131m, n\u0259 il\u0259s\u0259 ba\u015f\u0131m qat\u0131m ki, dar\u0131xmay\u0131m. Bunlar is\u0259 eyni il\u0259 National Geografic kanal\u0131nda yay\u0131mlanan \u201cAir crash investigation\u201d(Avia q\u0259zalar\u0131n t\u0259hqiqat\u0131) s\u0259n\u0259dli serial\u0131n ixtisasla\u015fm\u0131\u015f analitikl\u0259ri kimi c\u00fcrb\u0259c\u00fcr yana\u015fmalarla m\u0259nim \u201c\u015f\u00fcursuzlu\u011fuma\u201d \u00f6z fikirl\u0259rini bildirirdil\u0259r. B\u0259li, a\u00e7\u0131q v\u0259 dolay\u0131 s\u00f6zl\u0259rl\u0259 m\u0259ni h\u0259min olaya g\u00f6r\u0259 \u201c\u015f\u00fcursuz\u201d adland\u0131r\u0131rd\u0131lar.\n<\/p>\n<p>\n  Bils\u0259niz, onlar\u0131n h\u0259min s\u00f6hb\u0259tl\u0259ri m\u0259nd\u0259 nec\u0259 ikrah hissi yarad\u0131rd\u0131?! \u018fs\u0259bl\u0259rim tar\u0131ma \u00e7\u0259kilir, \u00e7ox pis sars\u0131nt\u0131 ke\u00e7irirdim. \u018fd\u0259bimi saxlay\u0131b, onlara pis s\u00f6z demirdim. \u00dcr\u0259yimd\u0259 yan\u0131mdan tez getm\u0259l\u0259rini ist\u0259yirdim. D\u00fczd\u00fcr, irad\u0131m\u0131 bildirir, \u00f6z\u00fcm\u00fc m\u00fcdafi\u0259y\u0259 qalx\u0131rd\u0131m, amma onlar \u00f6z arqumentl\u0259ri, birlikl\u0259ri il\u0259 m\u0259ni \u201cyeyirdil\u0259r\u201d. \u018fs\u0259bd\u0259n t\u0259zyiqim d\u00fc\u015f\u00fcrd\u00fc, dolub qal\u0131rd\u0131m. Bir ne\u00e7\u0259 d\u0259f\u0259 onlar ged\u0259nd\u0259n sonra \u00f6z\u00fcm\u0259 hakim ola bilm\u0259yib, a\u011flam\u0131\u015fd\u0131m da. S\u0259b\u0259b is\u0259 o s\u00f6zl\u0259ri onlardan duyark\u0259n yata\u011fa ili\u015fib, m\u0259hkum olma\u011f\u0131m, onlar\u0131n yan\u0131ndan qa\u00e7a bilm\u0259m\u0259yim olurdu.\n<\/p>\n<p>\n  Ya\u015flar\u0131 50-y\u0259 \u00e7atan yetkin insanlar\u0131n h\u0259l\u0259 20 ya\u015fa q\u0259d\u0259m qoymam\u0131\u015f, onlar\u0131n t\u0259birinc\u0259 des\u0259m, \u015f\u00fcuru h\u0259l\u0259 formala\u015fmam\u0131\u015f v\u0259 ke\u00e7irdiyi q\u0259zan\u0131n a\u011f\u0131r \u015fokundan h\u0259l\u0259 tam \u00e7\u0131xmam\u0131\u015f g\u0259nci h\u0259r d\u0259f\u0259 bel\u0259 m\u00fchakim\u0259l\u0259ri ba\u015fa d\u00fc\u015f\u00fcl\u0259n deyil. Ax\u0131rda bu q\u0259na\u0259t\u0259 g\u0259ldim ki, onlar sad\u0259c\u0259 r\u0259sm\u0259n \u0259yl\u0259nir v\u0259 kimis\u0259 s\u0259hvin\u0259 g\u00f6r\u0259 q\u0131nay\u0131b, m\u00fchakim\u0259 etm\u0259kd\u0259n l\u0259zz\u0259t al\u0131rlar. \u00c7\u00fcnki d\u0259f\u0259l\u0259rl\u0259 dig\u0259rl\u0259rini bu c\u00fcr h\u0259d\u0259f ald\u0131qlar\u0131n\u0131, bel\u0259 tipd\u0259 dedi-qodu etdikl\u0259rini e\u015fitmi\u015fdim. T\u0259\u0259ss\u00fcf etdiyim o idi ki, h\u0259r iki \u015f\u0259xs oxumu\u015f, d\u00fcnya g\u00f6rm\u00fc\u015f adamlard\u0131r.\n<\/p>\n<p>\n  Sonra n\u0259 ba\u015f verdi? Onlardan birinin he\u00e7 ummad\u0131\u011f\u0131 \u015f\u0259kild\u0259 ayaqlar\u0131 tutuldu. Uzun m\u00fcdd\u0259t x\u0259st\u0259xanada m\u00fcalic\u0259 ald\u0131. \u018flil arabas\u0131na d\u00fc\u015fm\u0259kd\u0259n zorla qurtuldu. \u0130ndi d\u0259 b\u0259zi rahats\u0131zl\u0131qlar\u0131 qalmaqdad\u0131r. Yen\u0259 d\u0259 \u00e7ox \u015f\u00fck\u00fcr, g\u0259zir. O biri is\u0259, m\u0259ni \u0259n \u00e7ox \u201c\u015f\u00fcursuz\u201d adland\u0131ran eyni m\u0259nim kimi h\u00fcnd\u00fcrd\u0259n ba\u015f\u0131 \u00fcst\u0259 y\u0131x\u0131lm\u0131\u015f, xo\u015fb\u0259xtlikd\u0259n ancaq bil\u0259yini q\u0131rm\u0131\u015fd\u0131. \u0130ndi h\u0259r ikisi yax\u015f\u0131d\u0131r. \u0130nan\u0131n, onlara qar\u015f\u0131 he\u00e7 bir q\u0259r\u0259z-kin b\u0259sl\u0259m\u0259mi\u015f v\u0259 he\u00e7 vaxt el\u0259 duruma d\u00fc\u015fm\u0259l\u0259rini arzu etm\u0259mi\u015fdim. \u018fksin\u0259, el\u0259 olduqlar\u0131n\u0131 bil\u0259nd\u0259 onlar\u0131 dualar\u0131mla yad etmi\u015fdim.\n<\/p>\n<p>\n  \u0130ndi onlarla g\u00f6r\u00fc\u015f\u0259nd\u0259, he\u00e7 biri m\u0259ni \u0259vv\u0259lki kimi \u201c\u015f\u00fcursuz\u201d adland\u0131r\u0131b, ke\u00e7irdiyim q\u0259zan\u0131n motivl\u0259rin\u0259 toxunmur. M\u0259n is\u0259 h\u0259r iki qohumumun ba\u015f\u0131na qaxm\u0131ram ki, \u201cg\u00f6rd\u00fcn\u00fcz, y\u00fcks\u0259k \u015f\u00fcurunuz sizi ox\u015far durumdan qoruya bilm\u0259di\u201d&#8230;<br \/>\n  <br \/>\n  H\u0259r ikisi bunu \u00e7ox yax\u015f\u0131 ba\u015fa d\u00fc\u015f\u00fcb. Bunu onlar\u0131n g\u00f6zl\u0259rin\u0259 baxanda da ayd\u0131n ba\u015fa d\u00fc\u015f\u00fcr\u0259m.\n<\/p>\n<p>\n  \u018fziz insanlar l\u00fctf\u0259n kimis\u0259 m\u00fchakim\u0259 etm\u0259mi\u015fd\u0259n \u00f6nc\u0259 d\u00fc\u015f\u00fcn\u00fcn. \u018fyl\u0259nc\u0259 v\u0259 enerji da\u011f\u0131tma x\u0259trin\u0259 v\u0259 ya el\u0259 \u0259s\u0259bd\u0259n bunu ed\u0259rk\u0259n sizin d\u0259 o c\u00fcr \u015feyl\u0259r ya\u015faya bil\u0259c\u0259yinizi idrak edin. Tanr\u0131 sizi qorusun!\n<\/p>\n<p>\n  <b><br \/>\n    Yaz\u0131 m\u00fc\u0259llifin \u015f\u0259xsi m\u00f6vqeyini \u0259ks etdirir&#8230;<br \/>\n  <\/b>\n<\/p><\/p>\n","protected":false},"excerpt":{"rendered":"<p>B\u0259z\u0259n \u015f\u00fcur da qorumur&#8230;<\/p>\n","protected":false},"author":11,"featured_media":50278,"comment_status":"closed","ping_status":"open","sticky":false,"template":"","format":"standard","meta":{"_acf_changed":false,"_sitemap_exclude":false,"_sitemap_priority":"","_sitemap_frequency":"","footnotes":""},"categories":[57],"tags":[],"class_list":["post-174067","post","type-post","status-publish","format-standard","has-post-thumbnail","hentry","category-menim-fikrimce","infinite-scroll-item","generate-columns","tablet-grid-50","mobile-grid-100","grid-parent","grid-33","no-featured-image-padding"],"acf":[],"yoast_head":"<!-- This site is optimized with the Yoast SEO plugin v27.5 - https:\/\/yoast.com\/product\/yoast-seo-wordpress\/ -->\n<title>Yersiz m\u00fchakim\u0259 - MEYDAN.TV<\/title>\n<meta name=\"robots\" content=\"index, follow, max-snippet:-1, max-image-preview:large, max-video-preview:-1\" \/>\n<link rel=\"canonical\" href=\"https:\/\/www.meydan.tv\/az\/article\/yersiz-muhakime\/\" \/>\n<meta property=\"og:locale\" content=\"az_AZ\" \/>\n<meta property=\"og:type\" content=\"article\" \/>\n<meta property=\"og:title\" content=\"Yersiz m\u00fchakim\u0259 - MEYDAN.TV\" \/>\n<meta property=\"og:description\" content=\"B\u0259z\u0259n \u015f\u00fcur da qorumur...\" \/>\n<meta property=\"og:url\" content=\"https:\/\/www.meydan.tv\/az\/article\/yersiz-muhakime\/\" \/>\n<meta property=\"og:site_name\" content=\"MEYDAN.TV\" \/>\n<meta property=\"article:published_time\" content=\"2016-02-29T22:20:50+00:00\" \/>\n<meta property=\"og:image\" content=\"https:\/\/www.meydan.tv\/wp-content\/uploads\/18938.jpg\" \/>\n\t<meta property=\"og:image:width\" content=\"500\" \/>\n\t<meta property=\"og:image:height\" content=\"500\" \/>\n\t<meta property=\"og:image:type\" content=\"image\/jpeg\" \/>\n<meta name=\"author\" content=\"user-manager\" \/>\n<meta name=\"twitter:card\" content=\"summary_large_image\" \/>\n<script type=\"application\/ld+json\" class=\"yoast-schema-graph\">{\"@context\":\"https:\\\/\\\/schema.org\",\"@graph\":[{\"@type\":\"Article\",\"@id\":\"https:\\\/\\\/www.meydan.tv\\\/az\\\/article\\\/yersiz-muhakime\\\/#article\",\"isPartOf\":{\"@id\":\"https:\\\/\\\/www.meydan.tv\\\/az\\\/article\\\/yersiz-muhakime\\\/\"},\"author\":{\"name\":\"user-manager\",\"@id\":\"https:\\\/\\\/www.meydan.tv\\\/az\\\/#\\\/schema\\\/person\\\/10d11eccf6da3662cf5fdab9806ea91a\"},\"headline\":\"Yersiz m\u00fchakim\u0259\",\"datePublished\":\"2016-02-29T22:20:50+00:00\",\"mainEntityOfPage\":{\"@id\":\"https:\\\/\\\/www.meydan.tv\\\/az\\\/article\\\/yersiz-muhakime\\\/\"},\"wordCount\":902,\"publisher\":{\"@id\":\"https:\\\/\\\/www.meydan.tv\\\/az\\\/#organization\"},\"image\":{\"@id\":\"https:\\\/\\\/www.meydan.tv\\\/az\\\/article\\\/yersiz-muhakime\\\/#primaryimage\"},\"thumbnailUrl\":\"https:\\\/\\\/www.meydan.tv\\\/wp-content\\\/uploads\\\/18938.jpg\",\"articleSection\":[\"M\u0259nim Fikrimc\u0259\"],\"inLanguage\":\"az\"},{\"@type\":\"WebPage\",\"@id\":\"https:\\\/\\\/www.meydan.tv\\\/az\\\/article\\\/yersiz-muhakime\\\/\",\"url\":\"https:\\\/\\\/www.meydan.tv\\\/az\\\/article\\\/yersiz-muhakime\\\/\",\"name\":\"Yersiz m\u00fchakim\u0259 - MEYDAN.TV\",\"isPartOf\":{\"@id\":\"https:\\\/\\\/www.meydan.tv\\\/az\\\/#website\"},\"primaryImageOfPage\":{\"@id\":\"https:\\\/\\\/www.meydan.tv\\\/az\\\/article\\\/yersiz-muhakime\\\/#primaryimage\"},\"image\":{\"@id\":\"https:\\\/\\\/www.meydan.tv\\\/az\\\/article\\\/yersiz-muhakime\\\/#primaryimage\"},\"thumbnailUrl\":\"https:\\\/\\\/www.meydan.tv\\\/wp-content\\\/uploads\\\/18938.jpg\",\"datePublished\":\"2016-02-29T22:20:50+00:00\",\"breadcrumb\":{\"@id\":\"https:\\\/\\\/www.meydan.tv\\\/az\\\/article\\\/yersiz-muhakime\\\/#breadcrumb\"},\"inLanguage\":\"az\",\"potentialAction\":[{\"@type\":\"ReadAction\",\"target\":[\"https:\\\/\\\/www.meydan.tv\\\/az\\\/article\\\/yersiz-muhakime\\\/\"]}]},{\"@type\":\"ImageObject\",\"inLanguage\":\"az\",\"@id\":\"https:\\\/\\\/www.meydan.tv\\\/az\\\/article\\\/yersiz-muhakime\\\/#primaryimage\",\"url\":\"https:\\\/\\\/www.meydan.tv\\\/wp-content\\\/uploads\\\/18938.jpg\",\"contentUrl\":\"https:\\\/\\\/www.meydan.tv\\\/wp-content\\\/uploads\\\/18938.jpg\",\"width\":500,\"height\":500,\"caption\":\"Source:\"},{\"@type\":\"BreadcrumbList\",\"@id\":\"https:\\\/\\\/www.meydan.tv\\\/az\\\/article\\\/yersiz-muhakime\\\/#breadcrumb\",\"itemListElement\":[{\"@type\":\"ListItem\",\"position\":1,\"name\":\"Ana s\u0259hif\u0259\",\"item\":\"https:\\\/\\\/www.meydan.tv\\\/az\\\/\"},{\"@type\":\"ListItem\",\"position\":2,\"name\":\"M\u0259nim Fikrimc\u0259\",\"item\":\"https:\\\/\\\/www.meydan.tv\\\/az\\\/section\\\/menim-fikrimce\\\/\"},{\"@type\":\"ListItem\",\"position\":3,\"name\":\"Yersiz m\u00fchakim\u0259\"}]},{\"@type\":\"WebSite\",\"@id\":\"https:\\\/\\\/www.meydan.tv\\\/az\\\/#website\",\"url\":\"https:\\\/\\\/www.meydan.tv\\\/az\\\/\",\"name\":\"MEYDAN.TV\",\"description\":\"Meydan TV Az\u0259rbaycan\u0131n media m\u0259kan\u0131ndak\u0131 alternativ s\u0259sidir\",\"publisher\":{\"@id\":\"https:\\\/\\\/www.meydan.tv\\\/az\\\/#organization\"},\"potentialAction\":[{\"@type\":\"SearchAction\",\"target\":{\"@type\":\"EntryPoint\",\"urlTemplate\":\"https:\\\/\\\/www.meydan.tv\\\/az\\\/?s={search_term_string}\"},\"query-input\":{\"@type\":\"PropertyValueSpecification\",\"valueRequired\":true,\"valueName\":\"search_term_string\"}}],\"inLanguage\":\"az\"},{\"@type\":\"Organization\",\"@id\":\"https:\\\/\\\/www.meydan.tv\\\/az\\\/#organization\",\"name\":\"Meydan TV\",\"url\":\"https:\\\/\\\/www.meydan.tv\\\/az\\\/\",\"logo\":{\"@type\":\"ImageObject\",\"inLanguage\":\"az\",\"@id\":\"https:\\\/\\\/www.meydan.tv\\\/az\\\/#\\\/schema\\\/logo\\\/image\\\/\",\"url\":\"https:\\\/\\\/www.meydan.tv\\\/wp-content\\\/uploads\\\/2021\\\/07\\\/meydan-logo.svg\",\"contentUrl\":\"https:\\\/\\\/www.meydan.tv\\\/wp-content\\\/uploads\\\/2021\\\/07\\\/meydan-logo.svg\",\"width\":195,\"height\":46,\"caption\":\"Meydan TV\"},\"image\":{\"@id\":\"https:\\\/\\\/www.meydan.tv\\\/az\\\/#\\\/schema\\\/logo\\\/image\\\/\"}},{\"@type\":\"Person\",\"@id\":\"https:\\\/\\\/www.meydan.tv\\\/az\\\/#\\\/schema\\\/person\\\/10d11eccf6da3662cf5fdab9806ea91a\",\"name\":\"user-manager\"}]}<\/script>\n<!-- \/ Yoast SEO plugin. -->","yoast_head_json":{"title":"Yersiz m\u00fchakim\u0259 - MEYDAN.TV","robots":{"index":"index","follow":"follow","max-snippet":"max-snippet:-1","max-image-preview":"max-image-preview:large","max-video-preview":"max-video-preview:-1"},"canonical":"https:\/\/www.meydan.tv\/az\/article\/yersiz-muhakime\/","og_locale":"az_AZ","og_type":"article","og_title":"Yersiz m\u00fchakim\u0259 - MEYDAN.TV","og_description":"B\u0259z\u0259n \u015f\u00fcur da qorumur...","og_url":"https:\/\/www.meydan.tv\/az\/article\/yersiz-muhakime\/","og_site_name":"MEYDAN.TV","article_published_time":"2016-02-29T22:20:50+00:00","og_image":[{"width":500,"height":500,"url":"https:\/\/www.meydan.tv\/wp-content\/uploads\/18938.jpg","type":"image\/jpeg"}],"author":"user-manager","twitter_card":"summary_large_image","schema":{"@context":"https:\/\/schema.org","@graph":[{"@type":"Article","@id":"https:\/\/www.meydan.tv\/az\/article\/yersiz-muhakime\/#article","isPartOf":{"@id":"https:\/\/www.meydan.tv\/az\/article\/yersiz-muhakime\/"},"author":{"name":"user-manager","@id":"https:\/\/www.meydan.tv\/az\/#\/schema\/person\/10d11eccf6da3662cf5fdab9806ea91a"},"headline":"Yersiz m\u00fchakim\u0259","datePublished":"2016-02-29T22:20:50+00:00","mainEntityOfPage":{"@id":"https:\/\/www.meydan.tv\/az\/article\/yersiz-muhakime\/"},"wordCount":902,"publisher":{"@id":"https:\/\/www.meydan.tv\/az\/#organization"},"image":{"@id":"https:\/\/www.meydan.tv\/az\/article\/yersiz-muhakime\/#primaryimage"},"thumbnailUrl":"https:\/\/www.meydan.tv\/wp-content\/uploads\/18938.jpg","articleSection":["M\u0259nim Fikrimc\u0259"],"inLanguage":"az"},{"@type":"WebPage","@id":"https:\/\/www.meydan.tv\/az\/article\/yersiz-muhakime\/","url":"https:\/\/www.meydan.tv\/az\/article\/yersiz-muhakime\/","name":"Yersiz m\u00fchakim\u0259 - MEYDAN.TV","isPartOf":{"@id":"https:\/\/www.meydan.tv\/az\/#website"},"primaryImageOfPage":{"@id":"https:\/\/www.meydan.tv\/az\/article\/yersiz-muhakime\/#primaryimage"},"image":{"@id":"https:\/\/www.meydan.tv\/az\/article\/yersiz-muhakime\/#primaryimage"},"thumbnailUrl":"https:\/\/www.meydan.tv\/wp-content\/uploads\/18938.jpg","datePublished":"2016-02-29T22:20:50+00:00","breadcrumb":{"@id":"https:\/\/www.meydan.tv\/az\/article\/yersiz-muhakime\/#breadcrumb"},"inLanguage":"az","potentialAction":[{"@type":"ReadAction","target":["https:\/\/www.meydan.tv\/az\/article\/yersiz-muhakime\/"]}]},{"@type":"ImageObject","inLanguage":"az","@id":"https:\/\/www.meydan.tv\/az\/article\/yersiz-muhakime\/#primaryimage","url":"https:\/\/www.meydan.tv\/wp-content\/uploads\/18938.jpg","contentUrl":"https:\/\/www.meydan.tv\/wp-content\/uploads\/18938.jpg","width":500,"height":500,"caption":"Source:"},{"@type":"BreadcrumbList","@id":"https:\/\/www.meydan.tv\/az\/article\/yersiz-muhakime\/#breadcrumb","itemListElement":[{"@type":"ListItem","position":1,"name":"Ana s\u0259hif\u0259","item":"https:\/\/www.meydan.tv\/az\/"},{"@type":"ListItem","position":2,"name":"M\u0259nim Fikrimc\u0259","item":"https:\/\/www.meydan.tv\/az\/section\/menim-fikrimce\/"},{"@type":"ListItem","position":3,"name":"Yersiz m\u00fchakim\u0259"}]},{"@type":"WebSite","@id":"https:\/\/www.meydan.tv\/az\/#website","url":"https:\/\/www.meydan.tv\/az\/","name":"MEYDAN.TV","description":"Meydan TV Az\u0259rbaycan\u0131n media m\u0259kan\u0131ndak\u0131 alternativ s\u0259sidir","publisher":{"@id":"https:\/\/www.meydan.tv\/az\/#organization"},"potentialAction":[{"@type":"SearchAction","target":{"@type":"EntryPoint","urlTemplate":"https:\/\/www.meydan.tv\/az\/?s={search_term_string}"},"query-input":{"@type":"PropertyValueSpecification","valueRequired":true,"valueName":"search_term_string"}}],"inLanguage":"az"},{"@type":"Organization","@id":"https:\/\/www.meydan.tv\/az\/#organization","name":"Meydan TV","url":"https:\/\/www.meydan.tv\/az\/","logo":{"@type":"ImageObject","inLanguage":"az","@id":"https:\/\/www.meydan.tv\/az\/#\/schema\/logo\/image\/","url":"https:\/\/www.meydan.tv\/wp-content\/uploads\/2021\/07\/meydan-logo.svg","contentUrl":"https:\/\/www.meydan.tv\/wp-content\/uploads\/2021\/07\/meydan-logo.svg","width":195,"height":46,"caption":"Meydan TV"},"image":{"@id":"https:\/\/www.meydan.tv\/az\/#\/schema\/logo\/image\/"}},{"@type":"Person","@id":"https:\/\/www.meydan.tv\/az\/#\/schema\/person\/10d11eccf6da3662cf5fdab9806ea91a","name":"user-manager"}]}},"_links":{"self":[{"href":"https:\/\/www.meydan.tv\/az\/wp-json\/wp\/v2\/posts\/174067","targetHints":{"allow":["GET"]}}],"collection":[{"href":"https:\/\/www.meydan.tv\/az\/wp-json\/wp\/v2\/posts"}],"about":[{"href":"https:\/\/www.meydan.tv\/az\/wp-json\/wp\/v2\/types\/post"}],"author":[{"embeddable":true,"href":"https:\/\/www.meydan.tv\/az\/wp-json\/wp\/v2\/users\/11"}],"replies":[{"embeddable":true,"href":"https:\/\/www.meydan.tv\/az\/wp-json\/wp\/v2\/comments?post=174067"}],"version-history":[{"count":0,"href":"https:\/\/www.meydan.tv\/az\/wp-json\/wp\/v2\/posts\/174067\/revisions"}],"wp:featuredmedia":[{"embeddable":true,"href":"https:\/\/www.meydan.tv\/az\/wp-json\/wp\/v2\/media\/50278"}],"wp:attachment":[{"href":"https:\/\/www.meydan.tv\/az\/wp-json\/wp\/v2\/media?parent=174067"}],"wp:term":[{"taxonomy":"category","embeddable":true,"href":"https:\/\/www.meydan.tv\/az\/wp-json\/wp\/v2\/categories?post=174067"},{"taxonomy":"post_tag","embeddable":true,"href":"https:\/\/www.meydan.tv\/az\/wp-json\/wp\/v2\/tags?post=174067"}],"curies":[{"name":"wp","href":"https:\/\/api.w.org\/{rel}","templated":true}]}}