{"id":174026,"date":"2016-02-28T16:09:04","date_gmt":"2016-02-28T16:09:04","guid":{"rendered":"https:\/\/www.meydan.tv\/article\/permanent-ikiuzluluk-ve-ya-ilhamenin-olumu\/"},"modified":"2016-02-28T16:09:04","modified_gmt":"2016-02-28T16:09:04","slug":"permanent-ikiuzluluk-ve-ya-ilhamenin-olumu","status":"publish","type":"post","link":"https:\/\/www.meydan.tv\/az\/article\/permanent-ikiuzluluk-ve-ya-ilhamenin-olumu\/","title":{"rendered":"Permanent iki\u00fczl\u00fcl\u00fck v\u0259 ya \u0130lham\u0259nin \u00f6l\u00fcm\u00fc"},"content":{"rendered":"<figure class=\"wp-block-image size-large\">\n  <img decoding=\"async\" src=\"https:\/\/www.meydan.tv\/az\/50080\/\" alt=\"\" class=\"wp-image-50080\"\/><figcaption><\/figcaption><\/figure>\n<figure class=\"wp-block-image size-large\">\n  <img decoding=\"async\" src=\"https:\/\/www.meydan.tv\/az\/50083\/\" alt=\"\" class=\"wp-image-50083\"\/><figcaption><\/figcaption><\/figure>\n<p>\n  <br \/>\n  \u0130lham\u0259 Quliyevadan bu g\u00fcnl\u0259rd\u0259 yazmayan, dem\u0259y\u0259n qalmad\u0131. Bu yax\u0131nlarda yazm\u0131\u015fd\u0131m ki, yek\u0259 bir era bitm\u0259kd\u0259dir v\u0259 bu era bizim c\u0259miyy\u0259t \u00fc\u00e7\u00fcn n\u0259 neft eras\u0131, n\u0259 totalitarizm d\u00f6vr\u00fc, n\u0259 d\u0259 bel\u0259 \u0259sasl\u0131 bir avtoritarizm eras\u0131 da olmay\u0131b. Bu era olsa-olsa ya &#8220;Man\u0131s eras\u0131&#8221; oldu, ya da bir az akademik-filan tarix\u00e7il\u0259r \u00fc\u00e7\u00fcn daha quru &#8220;D\u00fc\u015f\u00fck era&#8221; adlana bil\u0259r. Bu erada c\u0259miyy\u0259td\u0259 man\u0131slarla t\u0259lx\u0259kl\u0259rin dominasiyas\u0131 ba\u015f verdi, ba\u015fqalar\u0131n\u0131n yox. \u0130nsanlar man\u0131slarla t\u0259lx\u0259kl\u0259r\u0259 heyran idi b\u00fct\u00fcn bu era d\u00f6vr\u00fc.\n<\/p>\n<p>\n  \u0130lham\u0259nin \u00f6l\u00fcm\u00fcnd\u0259 ba\u015f vermi\u015f ajiotaj\u0131 da yaln\u0131z bu t\u0259may\u00fcl\u0259 yozmaq olar, ba\u015fqa he\u00e7 yer\u0259.\n<\/p>\n<p>\n  N\u0259s\u0259, g\u0259r\u0259k anlayaq ki, yen\u0259 d\u0259 m\u0259s\u0259l\u0259 \u0130lham\u0259d\u0259-filanda deyil. \u0130lham\u0259 bizim c\u0259miyy\u0259tin he\u00e7 olmazsa g\u00fczg\u00fcs\u00fc idi v\u0259 ona bax\u0131b bir kims\u0259nin utanc-filan hissi ke\u00e7irdiyinin \u00e7ox az \u015fahidi olmu\u015fam. B\u0259s niy\u0259 bel\u0259dir, s\u0259b\u0259b n\u0259d\u0259dir?\n<\/p>\n<p>\n  Bu yax\u0131nlarda \u015f\u0259rq \u015f\u0259h\u0259rinin birind\u0259 moskval\u0131 bir xan\u0131mla \u015fam edirdik. O da inc\u0259s\u0259n\u0259t sferas\u0131ndan oldu\u011fu \u00fc\u00e7\u00fcn s\u00f6hb\u0259timiz al\u0131n\u0131rd\u0131 &#8211; m\u00fcxt\u0259lif \u00f6lk\u0259l\u0259ri, m\u00fcxt\u0259lif h\u0259yat t\u0259rzl\u0259rini m\u00fczakir\u0259 edirdik. Ona Moskvan\u0131 \u0259sla b\u0259y\u0259nm\u0259diyimi, oradak\u0131 c\u0259miyy\u0259tin b\u00f6y\u00fck \u0259ks\u0259riyy\u0259tinin &#8220;birba\u015fa \u00fcnsiyy\u0259tinin&#8221; kobudluqdan (\u0445\u0430\u043c\u0441\u0442\u0432\u043e) \u0259sla f\u0259rql\u0259nm\u0259diyini, v\u0259 sonda bu c\u00fcr \u00fcnsiyy\u0259tin \u0259n az\u0131ndan n\u0259zak\u0259tsiz, kobud v\u0259 sinik bir insan tipi yeti\u015fdirdiyini bildirdim. Qeyd etdim ki, bu tip insan\u0131n h\u0259yat t\u0259rzi \u00fc\u00e7\u00fcn, \u00fcnsiyy\u0259td\u0259 dominasiya m\u0259hz o kobudlu\u011fun \u00fcz\u0259rind\u0259 qurulub. \u0130stisnalar \u0259lb\u0259tt\u0259 ki, var, lakin bu yaln\u0131z \u00fcmumi t\u0259may\u00fcl\u00fc bir daha t\u0259sdiql\u0259ryir.\n<\/p>\n<p>\n  G\u00fcl\u00fcms\u0259di. Bu tirada he\u00e7 xo\u015funa g\u0259lm\u0259mi\u015fdi. Cavab olaraq sordu:\n<\/p>\n<p>\n  &#8211; Yax\u015f\u0131, b\u0259s onda sizin &#8220;n\u0259zak\u0259tli&#8221; \u015e\u0259rqd\u0259 dominasiya n\u0259 \u00fcz\u0259rind\u0259dir?\n<\/p>\n<p>\n  Fikirl\u0259\u015fdim. S\u0259mimi olmaq laz\u0131m idi. \u018fn az\u0131ndan, \u00f6z qar\u015f\u0131nda. Bir n\u00f6v psixoanaliz \u00fc\u00e7\u00fcn.\n<\/p>\n<p>\n  &#8211; \u0130ki\u00fczl\u00fcl\u00fck. Total iki\u00fczl\u00fcl\u00fck. B\u00fct\u00fcn sah\u0259l\u0259rd\u0259. Permanent iki\u00fczl\u00fcl\u00fck.\n<\/p>\n<p>\n  B\u0259li, t\u0259\u0259ss\u00fcf ki, bizim c\u0259miyy\u0259tin apar\u0131c\u0131 trendi m\u0259hz iki\u00fczl\u00fcl\u00fckd\u00fcr. \u0130ki\u00fczl\u00fcl\u00fck bizim c\u0259miyy\u0259td\u0259 b\u00fct\u00fcn sah\u0259l\u0259rd\u0259dir &#8211; evd\u0259, i\u015fd\u0259, m\u0259i\u015f\u0259td\u0259, ictimai h\u0259yatda, inc\u0259s\u0259n\u0259t sferas\u0131nda v\u0259 siyas\u0259td\u0259, qad\u0131n-ki\u015fi m\u00fcnasib\u0259tind\u0259 v\u0259 qohumluq \u0259laq\u0259l\u0259rind\u0259, toyda-yasda, h\u0259r yerd\u0259. V\u0259 \u0259n ba\u015fl\u0131cas\u0131 odur ki, bizim c\u0259miyy\u0259td\u0259 iki\u00fczl\u00fcl\u00fck \u00e7ox &#8220;s\u0259mimi&#8221;, rahat v\u0259 t\u0259bii sur\u0259td\u0259 edilir. Ba\u015fa d\u00fc\u015f\u00fcr\u0259m ki, indic\u0259 dey\u0259c\u0259kl\u0259r &#8211; bu yaln\u0131z biz\u0259 xas olan q\u00fcsur deyil, &#8220;\u00fcmumb\u0259\u015f\u0259ri tap\u0131nt\u0131d\u0131r&#8221;.\n<\/p>\n<figure class=\"wp-block-image size-large\">\n  <img decoding=\"async\" src=\"https:\/\/www.meydan.tv\/az\/50086\/\" alt=\"\" class=\"wp-image-50086\"\/><figcaption><\/figcaption><\/figure>\n<p>\n  Xeyr \u0259zizl\u0259rim, \u0259lb\u0259tt\u0259 haql\u0131s\u0131n\u0131z, amma \u00dczeyir b\u0259y demi\u015f, &#8220;bir o q\u0259d\u0259r d\u0259 yox&#8221;. Bu sosial \u015f\u0259b\u0259k\u0259l\u0259r c\u0259miyy\u0259tin b\u00fct\u00fcn pax\u0131rlar\u0131n\u0131 a\u00e7\u0131b qoydu ortaya, m\u00fcasir texnologiyalara haz\u0131r olmayan b\u00fct\u00fcn c\u0259miyy\u0259tl\u0259rd\u0259 bel\u0259 olur. Bunlar\u0131 g\u00f6r\u0259nd\u0259n sonra, v\u0259ziyy\u0259tin do\u011frudan da bizim d\u00fc\u015f\u00fcnd\u00fcy\u00fcm\u00fczd\u0259n qat-qat ac\u0131nacaql\u0131 oldu\u011funu anlay\u0131r, az qala b\u00fct\u00fcn ill\u00fcziyalar\u0131n\u0131 itirirs\u0259n&#8230;\n<\/p>\n<p>\n  Kim bil\u0259ydi ki, dahi Sabirin yazd\u0131\u011f\u0131 &#8211; &#8220;\u018fcn\u0259bi seyr\u0259 balonlarla \u00e7\u0131x\u0131r, biz h\u0259l\u0259 aftomobil minm\u0259yiriz&#8221; &#8211; ba\u015f\u0131m\u0131zda nec\u0259 pis \u00e7atlayacaq. H\u0259rd\u0259n d\u00fc\u015f\u00fcn\u00fcrs\u0259n ki, t\u0259ki \u00e7\u0131xmayayd\u0131lar bu seyr\u0259, minm\u0259y\u0259ydil\u0259r avtomobil\u0259, el\u0259 \u015feirin ard\u0131nda deyildiyi kimi &#8220;yer\u0259 g\u00f6m\u00fclm\u00fc\u015f&#8221; hal\u0131nda qalayd\u0131lar. \u0130ndi bunlar n\u0259inki avtomobil minir, h\u0259tta &#8220;seyr\u0259 d\u0259 balonlarla \u00e7\u0131x\u0131r&#8221;, amma \u00e7ifayda? \u00c7\u00fcnki evd\u0259 d\u00f6rd divar aras\u0131nda saxlan\u0131lan q\u0131za pe\u015fk\u0259\u015f edilmi\u015f plan\u015fet\u0259 kims\u0259 ismar\u0131\u015f yollarsa (zat\u0259n bu cihazlar el\u0259 buna g\u00f6r\u0259, y\u0259ni \u00fcnsiyy\u0259t \u00fc\u00e7\u00fcn yarad\u0131l\u0131b), buna g\u00f6r\u0259 el\u0259 h\u0259min h\u0259diyy\u0259ni alm\u0131\u015f xan\u0131m yax\u0131nlar\u0131 t\u0259r\u0259find\u0259n n\u0259y\u0259 m\u0259ruz qala bil\u0259r, onu art\u0131q d\u00fc\u015f\u00fcnm\u0259k d\u0259 ist\u0259mir\u0259m. Fantaziyalar\u0131n\u0131z\u0131 i\u015f\u0259 sal\u0131n, k\u00f6t\u0259kd\u0259n baltaya kimi olan spektrd\u0259 ist\u0259diyinizi se\u00e7\u0259 bil\u0259rsiniz. Lap bu yax\u0131nlarda bir 26 ya\u015fl\u0131 qaqa\u015f \u00f6z\u00fcnd\u0259n iki ya\u015f b\u00f6y\u00fck (y\u0259ni 28 ya\u015fl\u0131 qad\u0131n\u0131!) k\u00fc\u00e7\u0259y\u0259 ondan icaz\u0259siz \u00e7\u0131xma\u011f\u0131na (!) g\u00f6r\u0259 b\u0131\u00e7aqlay\u0131b (!) reanimasiyaya salmam\u0131\u015fd\u0131?\n<\/p>\n<p>\n  Bu g\u00fcnl\u0259rd\u0259 r\u0259ssam G\u00fcnd\u00fcz A\u011fayev Parisd\u0259n, Notr-Dam kils\u0259sinin \u00f6n\u00fcnd\u0259n bir foto payla\u015fd\u0131, alt\u0131nda yazm\u0131\u015fd\u0131 ki, bu kils\u0259l\u0259rd\u0259 bir \u00e7ox zaman musiqi d\u0259 s\u0259sl\u0259nir, bu m\u0259scidd\u0259 ola bil\u0259rmi? G\u00fcnd\u00fcz orada simfonik-filan musiqi n\u0259z\u0259rd\u0259 tutmurdu, \u0259lb\u0259tt\u0259 ki, yox, bel\u0259 is\u0259 b\u0259zi m\u0259scidl\u0259rd\u0259 ilahil\u0259r &#8211; dini musiqi s\u0259sl\u0259ndirilir. M\u0259s\u0259l\u0259 \u0259sla bunda deyildir. Birc\u0259 o fotonun alt\u0131nda t\u00f6k\u00fclm\u00fc\u015f z\u0259h\u0259ri, kini-k\u00fcdur\u0259ti, aqressiyan\u0131 g\u00f6r\u0259ydiniz, bu insana, onun xan\u0131m\u0131na v\u0259 t\u0259bii ki, &#8220;\u015feytan Q\u0259rb\u0259&#8221; olan s\u00f6y\u00fc\u015fl\u0259r, qar\u011f\u0131\u015flar, k\u00fcfr &#8211; h\u0259r\u0259si bir q\u0259pik. \u018fvv\u0259l bir d\u00fc\u015f\u00fcnd\u00fcm, m\u0259n d\u0259 yaz\u0131m ki, \u0259f\u0259ndil\u0259r, xan\u0131m bac\u0131lar, vallah bunu he\u00e7 bu q\u0259d\u0259r s\u00f6ym\u0259yin yeri d\u0259 yoxdu, zat\u0259n bu adam el\u0259 birc\u0259 r\u0259ssam oldu\u011fu \u00fc\u00e7\u00fcn \u201cm\u0259kruh-m\u0259kruh\u201d i\u015fl\u0259rl\u0259 m\u0259\u015f\u011fuldu, dem\u0259k qan\u0131 halald\u0131, ba\u015f\u0131 k\u0259silm\u0259lidi, v\u0259ssalam, tay \u00f6z\u00fcn\u00fcz\u00fc niy\u0259 \u00f6ld\u00fcr\u00fcrs\u00fcn\u00fcz. Bird\u0259f\u0259lik k\u0259sin ba\u015f\u0131n\u0131 getsin, daha n\u0259yin s\u00f6hb\u0259tini edib ucuzlu\u011fa gedirsiz&#8230;\n<\/p>\n<p>\n  Maraql\u0131s\u0131 bu deyil, bunlar\u0131 n\u0259 q\u0259d\u0259r g\u00f6rd\u00fck. \u018fn maraql\u0131s\u0131 odur ki, h\u0259min bu s\u00f6hb\u0259tl\u0259ri ed\u0259nl\u0259rin maksimal \u00e7oxu he\u00e7 biri, he\u00e7 bir koqnitiv dissonans ke\u00e7irm\u0259d\u0259n ehtirasla s\u00f6y\u00fcb-l\u0259n\u0259tl\u0259dikl\u0259ri Q\u0259rb\u0259 ist\u0259nil\u0259n yolla m\u00fchaci\u0259t etm\u0259k \u00fc\u00e7\u00fcn b\u00fct\u00fcn d\u0259rid\u0259n-qab\u0131qdan \u00e7\u0131xma\u011fa, h\u0259r dona girm\u0259y\u0259 haz\u0131rd\u0131rlar. Onlar \u00e7ox g\u00f6z\u0259l bilir ki, u\u015faqlar\u0131n\u0131n t\u0259hsilini, sa\u011flaml\u0131qlar\u0131, bir s\u00f6zl\u0259r rahat ya\u015fay\u0131\u015f v\u0259 g\u0259l\u0259c\u0259kl\u0259rini t\u0259min ed\u0259 bil\u0259c\u0259kl\u0259ri yer yaln\u0131z orad\u0131r, bunu \u00e7ox g\u00f6z\u0259l bilirl\u0259r, G\u00fcnd\u00fcz\u00fc v\u0259 Q\u0259rbi s\u00f6ym\u0259kl\u0259rin\u0259 r\u0259\u011fm\u0259n.\n<\/p>\n<p>\n  Q\u0131sas\u0131, d\u0259f\u0259l\u0259rl\u0259 yazd\u0131\u011f\u0131m\u0131z kimi, bu &#8220;c\u0259miyy\u0259t&#8221;, sad\u0259c\u0259 ba\u015fdan-aya\u011fa b\u00f6y\u00fck bir saxtal\u0131q imperatividir, saxtal\u0131q v\u0259 iki\u00fczl\u00fcl\u00fck individuumlar\u0131m\u0131zda art\u0131q bir n\u00f6v instink hal\u0131n\u0131 al\u0131b. Bunu da bir q\u0259d\u0259r akademik hala sal\u0131b &#8211; Permanent iki\u00fczl\u00fcl\u00fck adland\u0131raq, ba\u015fqa deyil\u0259c\u0259k bir s\u00f6z qalmad\u0131, xan\u0131mlar v\u0259 c\u0259nablar.\n<\/p>\n<p>\n  P.S. H\u0259, bir d\u0259 onu qeyd edim ki, Elman R\u00fcst\u0259mov bir daha deyib ki, 3-c\u00fc d\u0259f\u0259 devalvasiya olmayacaq. Bil\u0259siz y\u0259ni&#8230;\n<\/p>\n<p>\n  <b><br \/>\n    Yaz\u0131 m\u00fc\u0259llifin \u015f\u0259xsi m\u00f6vqeyini \u0259ks etdirir&#8230;<br \/>\n  <\/b><\/p>\n","protected":false},"excerpt":{"rendered":"<p>\u015e\u0259rq &#8220;n\u0259zak\u0259ti&#8221; ya n\u0259?<\/p>\n","protected":false},"author":11,"featured_media":50080,"comment_status":"closed","ping_status":"open","sticky":false,"template":"","format":"standard","meta":{"_acf_changed":false,"_sitemap_exclude":false,"_sitemap_priority":"","_sitemap_frequency":"","footnotes":""},"categories":[57],"tags":[],"class_list":["post-174026","post","type-post","status-publish","format-standard","has-post-thumbnail","hentry","category-menim-fikrimce","infinite-scroll-item","generate-columns","tablet-grid-50","mobile-grid-100","grid-parent","grid-33","no-featured-image-padding"],"acf":[],"yoast_head":"<!-- This site is optimized with the Yoast SEO plugin v27.5 - https:\/\/yoast.com\/product\/yoast-seo-wordpress\/ -->\n<title>Permanent iki\u00fczl\u00fcl\u00fck v\u0259 ya \u0130lham\u0259nin \u00f6l\u00fcm\u00fc - MEYDAN.TV<\/title>\n<meta name=\"robots\" content=\"index, follow, max-snippet:-1, max-image-preview:large, max-video-preview:-1\" \/>\n<link rel=\"canonical\" href=\"https:\/\/www.meydan.tv\/az\/article\/permanent-ikiuzluluk-ve-ya-ilhamenin-olumu\/\" \/>\n<meta property=\"og:locale\" content=\"az_AZ\" \/>\n<meta property=\"og:type\" content=\"article\" \/>\n<meta property=\"og:title\" content=\"Permanent iki\u00fczl\u00fcl\u00fck v\u0259 ya \u0130lham\u0259nin \u00f6l\u00fcm\u00fc - MEYDAN.TV\" \/>\n<meta property=\"og:description\" content=\"\u015e\u0259rq &quot;n\u0259zak\u0259ti&quot; ya n\u0259?\" \/>\n<meta property=\"og:url\" content=\"https:\/\/www.meydan.tv\/az\/article\/permanent-ikiuzluluk-ve-ya-ilhamenin-olumu\/\" \/>\n<meta property=\"og:site_name\" content=\"MEYDAN.TV\" \/>\n<meta property=\"article:published_time\" content=\"2016-02-28T16:09:04+00:00\" \/>\n<meta property=\"og:image\" content=\"https:\/\/www.meydan.tv\/wp-content\/uploads\/18859.jpg\" \/>\n\t<meta property=\"og:image:width\" content=\"500\" \/>\n\t<meta property=\"og:image:height\" content=\"500\" \/>\n\t<meta property=\"og:image:type\" content=\"image\/jpeg\" \/>\n<meta name=\"author\" content=\"user-manager\" \/>\n<meta name=\"twitter:card\" content=\"summary_large_image\" \/>\n<script type=\"application\/ld+json\" class=\"yoast-schema-graph\">{\"@context\":\"https:\\\/\\\/schema.org\",\"@graph\":[{\"@type\":\"Article\",\"@id\":\"https:\\\/\\\/www.meydan.tv\\\/az\\\/article\\\/permanent-ikiuzluluk-ve-ya-ilhamenin-olumu\\\/#article\",\"isPartOf\":{\"@id\":\"https:\\\/\\\/www.meydan.tv\\\/az\\\/article\\\/permanent-ikiuzluluk-ve-ya-ilhamenin-olumu\\\/\"},\"author\":{\"name\":\"user-manager\",\"@id\":\"https:\\\/\\\/www.meydan.tv\\\/az\\\/#\\\/schema\\\/person\\\/10d11eccf6da3662cf5fdab9806ea91a\"},\"headline\":\"Permanent iki\u00fczl\u00fcl\u00fck v\u0259 ya \u0130lham\u0259nin \u00f6l\u00fcm\u00fc\",\"datePublished\":\"2016-02-28T16:09:04+00:00\",\"mainEntityOfPage\":{\"@id\":\"https:\\\/\\\/www.meydan.tv\\\/az\\\/article\\\/permanent-ikiuzluluk-ve-ya-ilhamenin-olumu\\\/\"},\"wordCount\":1485,\"publisher\":{\"@id\":\"https:\\\/\\\/www.meydan.tv\\\/az\\\/#organization\"},\"image\":{\"@id\":\"https:\\\/\\\/www.meydan.tv\\\/az\\\/article\\\/permanent-ikiuzluluk-ve-ya-ilhamenin-olumu\\\/#primaryimage\"},\"thumbnailUrl\":\"https:\\\/\\\/www.meydan.tv\\\/wp-content\\\/uploads\\\/18859.jpg\",\"articleSection\":[\"M\u0259nim Fikrimc\u0259\"],\"inLanguage\":\"az\"},{\"@type\":\"WebPage\",\"@id\":\"https:\\\/\\\/www.meydan.tv\\\/az\\\/article\\\/permanent-ikiuzluluk-ve-ya-ilhamenin-olumu\\\/\",\"url\":\"https:\\\/\\\/www.meydan.tv\\\/az\\\/article\\\/permanent-ikiuzluluk-ve-ya-ilhamenin-olumu\\\/\",\"name\":\"Permanent iki\u00fczl\u00fcl\u00fck v\u0259 ya \u0130lham\u0259nin \u00f6l\u00fcm\u00fc - MEYDAN.TV\",\"isPartOf\":{\"@id\":\"https:\\\/\\\/www.meydan.tv\\\/az\\\/#website\"},\"primaryImageOfPage\":{\"@id\":\"https:\\\/\\\/www.meydan.tv\\\/az\\\/article\\\/permanent-ikiuzluluk-ve-ya-ilhamenin-olumu\\\/#primaryimage\"},\"image\":{\"@id\":\"https:\\\/\\\/www.meydan.tv\\\/az\\\/article\\\/permanent-ikiuzluluk-ve-ya-ilhamenin-olumu\\\/#primaryimage\"},\"thumbnailUrl\":\"https:\\\/\\\/www.meydan.tv\\\/wp-content\\\/uploads\\\/18859.jpg\",\"datePublished\":\"2016-02-28T16:09:04+00:00\",\"breadcrumb\":{\"@id\":\"https:\\\/\\\/www.meydan.tv\\\/az\\\/article\\\/permanent-ikiuzluluk-ve-ya-ilhamenin-olumu\\\/#breadcrumb\"},\"inLanguage\":\"az\",\"potentialAction\":[{\"@type\":\"ReadAction\",\"target\":[\"https:\\\/\\\/www.meydan.tv\\\/az\\\/article\\\/permanent-ikiuzluluk-ve-ya-ilhamenin-olumu\\\/\"]}]},{\"@type\":\"ImageObject\",\"inLanguage\":\"az\",\"@id\":\"https:\\\/\\\/www.meydan.tv\\\/az\\\/article\\\/permanent-ikiuzluluk-ve-ya-ilhamenin-olumu\\\/#primaryimage\",\"url\":\"https:\\\/\\\/www.meydan.tv\\\/wp-content\\\/uploads\\\/18859.jpg\",\"contentUrl\":\"https:\\\/\\\/www.meydan.tv\\\/wp-content\\\/uploads\\\/18859.jpg\",\"width\":500,\"height\":500,\"caption\":\"Source:\"},{\"@type\":\"BreadcrumbList\",\"@id\":\"https:\\\/\\\/www.meydan.tv\\\/az\\\/article\\\/permanent-ikiuzluluk-ve-ya-ilhamenin-olumu\\\/#breadcrumb\",\"itemListElement\":[{\"@type\":\"ListItem\",\"position\":1,\"name\":\"Ana s\u0259hif\u0259\",\"item\":\"https:\\\/\\\/www.meydan.tv\\\/az\\\/\"},{\"@type\":\"ListItem\",\"position\":2,\"name\":\"M\u0259nim Fikrimc\u0259\",\"item\":\"https:\\\/\\\/www.meydan.tv\\\/az\\\/section\\\/menim-fikrimce\\\/\"},{\"@type\":\"ListItem\",\"position\":3,\"name\":\"Permanent iki\u00fczl\u00fcl\u00fck v\u0259 ya \u0130lham\u0259nin \u00f6l\u00fcm\u00fc\"}]},{\"@type\":\"WebSite\",\"@id\":\"https:\\\/\\\/www.meydan.tv\\\/az\\\/#website\",\"url\":\"https:\\\/\\\/www.meydan.tv\\\/az\\\/\",\"name\":\"MEYDAN.TV\",\"description\":\"Meydan TV Az\u0259rbaycan\u0131n media m\u0259kan\u0131ndak\u0131 alternativ s\u0259sidir\",\"publisher\":{\"@id\":\"https:\\\/\\\/www.meydan.tv\\\/az\\\/#organization\"},\"potentialAction\":[{\"@type\":\"SearchAction\",\"target\":{\"@type\":\"EntryPoint\",\"urlTemplate\":\"https:\\\/\\\/www.meydan.tv\\\/az\\\/?s={search_term_string}\"},\"query-input\":{\"@type\":\"PropertyValueSpecification\",\"valueRequired\":true,\"valueName\":\"search_term_string\"}}],\"inLanguage\":\"az\"},{\"@type\":\"Organization\",\"@id\":\"https:\\\/\\\/www.meydan.tv\\\/az\\\/#organization\",\"name\":\"Meydan TV\",\"url\":\"https:\\\/\\\/www.meydan.tv\\\/az\\\/\",\"logo\":{\"@type\":\"ImageObject\",\"inLanguage\":\"az\",\"@id\":\"https:\\\/\\\/www.meydan.tv\\\/az\\\/#\\\/schema\\\/logo\\\/image\\\/\",\"url\":\"https:\\\/\\\/www.meydan.tv\\\/wp-content\\\/uploads\\\/2021\\\/07\\\/meydan-logo.svg\",\"contentUrl\":\"https:\\\/\\\/www.meydan.tv\\\/wp-content\\\/uploads\\\/2021\\\/07\\\/meydan-logo.svg\",\"width\":195,\"height\":46,\"caption\":\"Meydan TV\"},\"image\":{\"@id\":\"https:\\\/\\\/www.meydan.tv\\\/az\\\/#\\\/schema\\\/logo\\\/image\\\/\"}},{\"@type\":\"Person\",\"@id\":\"https:\\\/\\\/www.meydan.tv\\\/az\\\/#\\\/schema\\\/person\\\/10d11eccf6da3662cf5fdab9806ea91a\",\"name\":\"user-manager\"}]}<\/script>\n<!-- \/ Yoast SEO plugin. -->","yoast_head_json":{"title":"Permanent iki\u00fczl\u00fcl\u00fck v\u0259 ya \u0130lham\u0259nin \u00f6l\u00fcm\u00fc - MEYDAN.TV","robots":{"index":"index","follow":"follow","max-snippet":"max-snippet:-1","max-image-preview":"max-image-preview:large","max-video-preview":"max-video-preview:-1"},"canonical":"https:\/\/www.meydan.tv\/az\/article\/permanent-ikiuzluluk-ve-ya-ilhamenin-olumu\/","og_locale":"az_AZ","og_type":"article","og_title":"Permanent iki\u00fczl\u00fcl\u00fck v\u0259 ya \u0130lham\u0259nin \u00f6l\u00fcm\u00fc - MEYDAN.TV","og_description":"\u015e\u0259rq \"n\u0259zak\u0259ti\" ya n\u0259?","og_url":"https:\/\/www.meydan.tv\/az\/article\/permanent-ikiuzluluk-ve-ya-ilhamenin-olumu\/","og_site_name":"MEYDAN.TV","article_published_time":"2016-02-28T16:09:04+00:00","og_image":[{"width":500,"height":500,"url":"https:\/\/www.meydan.tv\/wp-content\/uploads\/18859.jpg","type":"image\/jpeg"}],"author":"user-manager","twitter_card":"summary_large_image","schema":{"@context":"https:\/\/schema.org","@graph":[{"@type":"Article","@id":"https:\/\/www.meydan.tv\/az\/article\/permanent-ikiuzluluk-ve-ya-ilhamenin-olumu\/#article","isPartOf":{"@id":"https:\/\/www.meydan.tv\/az\/article\/permanent-ikiuzluluk-ve-ya-ilhamenin-olumu\/"},"author":{"name":"user-manager","@id":"https:\/\/www.meydan.tv\/az\/#\/schema\/person\/10d11eccf6da3662cf5fdab9806ea91a"},"headline":"Permanent iki\u00fczl\u00fcl\u00fck v\u0259 ya \u0130lham\u0259nin \u00f6l\u00fcm\u00fc","datePublished":"2016-02-28T16:09:04+00:00","mainEntityOfPage":{"@id":"https:\/\/www.meydan.tv\/az\/article\/permanent-ikiuzluluk-ve-ya-ilhamenin-olumu\/"},"wordCount":1485,"publisher":{"@id":"https:\/\/www.meydan.tv\/az\/#organization"},"image":{"@id":"https:\/\/www.meydan.tv\/az\/article\/permanent-ikiuzluluk-ve-ya-ilhamenin-olumu\/#primaryimage"},"thumbnailUrl":"https:\/\/www.meydan.tv\/wp-content\/uploads\/18859.jpg","articleSection":["M\u0259nim Fikrimc\u0259"],"inLanguage":"az"},{"@type":"WebPage","@id":"https:\/\/www.meydan.tv\/az\/article\/permanent-ikiuzluluk-ve-ya-ilhamenin-olumu\/","url":"https:\/\/www.meydan.tv\/az\/article\/permanent-ikiuzluluk-ve-ya-ilhamenin-olumu\/","name":"Permanent iki\u00fczl\u00fcl\u00fck v\u0259 ya \u0130lham\u0259nin \u00f6l\u00fcm\u00fc - MEYDAN.TV","isPartOf":{"@id":"https:\/\/www.meydan.tv\/az\/#website"},"primaryImageOfPage":{"@id":"https:\/\/www.meydan.tv\/az\/article\/permanent-ikiuzluluk-ve-ya-ilhamenin-olumu\/#primaryimage"},"image":{"@id":"https:\/\/www.meydan.tv\/az\/article\/permanent-ikiuzluluk-ve-ya-ilhamenin-olumu\/#primaryimage"},"thumbnailUrl":"https:\/\/www.meydan.tv\/wp-content\/uploads\/18859.jpg","datePublished":"2016-02-28T16:09:04+00:00","breadcrumb":{"@id":"https:\/\/www.meydan.tv\/az\/article\/permanent-ikiuzluluk-ve-ya-ilhamenin-olumu\/#breadcrumb"},"inLanguage":"az","potentialAction":[{"@type":"ReadAction","target":["https:\/\/www.meydan.tv\/az\/article\/permanent-ikiuzluluk-ve-ya-ilhamenin-olumu\/"]}]},{"@type":"ImageObject","inLanguage":"az","@id":"https:\/\/www.meydan.tv\/az\/article\/permanent-ikiuzluluk-ve-ya-ilhamenin-olumu\/#primaryimage","url":"https:\/\/www.meydan.tv\/wp-content\/uploads\/18859.jpg","contentUrl":"https:\/\/www.meydan.tv\/wp-content\/uploads\/18859.jpg","width":500,"height":500,"caption":"Source:"},{"@type":"BreadcrumbList","@id":"https:\/\/www.meydan.tv\/az\/article\/permanent-ikiuzluluk-ve-ya-ilhamenin-olumu\/#breadcrumb","itemListElement":[{"@type":"ListItem","position":1,"name":"Ana s\u0259hif\u0259","item":"https:\/\/www.meydan.tv\/az\/"},{"@type":"ListItem","position":2,"name":"M\u0259nim Fikrimc\u0259","item":"https:\/\/www.meydan.tv\/az\/section\/menim-fikrimce\/"},{"@type":"ListItem","position":3,"name":"Permanent iki\u00fczl\u00fcl\u00fck v\u0259 ya \u0130lham\u0259nin \u00f6l\u00fcm\u00fc"}]},{"@type":"WebSite","@id":"https:\/\/www.meydan.tv\/az\/#website","url":"https:\/\/www.meydan.tv\/az\/","name":"MEYDAN.TV","description":"Meydan TV Az\u0259rbaycan\u0131n media m\u0259kan\u0131ndak\u0131 alternativ s\u0259sidir","publisher":{"@id":"https:\/\/www.meydan.tv\/az\/#organization"},"potentialAction":[{"@type":"SearchAction","target":{"@type":"EntryPoint","urlTemplate":"https:\/\/www.meydan.tv\/az\/?s={search_term_string}"},"query-input":{"@type":"PropertyValueSpecification","valueRequired":true,"valueName":"search_term_string"}}],"inLanguage":"az"},{"@type":"Organization","@id":"https:\/\/www.meydan.tv\/az\/#organization","name":"Meydan TV","url":"https:\/\/www.meydan.tv\/az\/","logo":{"@type":"ImageObject","inLanguage":"az","@id":"https:\/\/www.meydan.tv\/az\/#\/schema\/logo\/image\/","url":"https:\/\/www.meydan.tv\/wp-content\/uploads\/2021\/07\/meydan-logo.svg","contentUrl":"https:\/\/www.meydan.tv\/wp-content\/uploads\/2021\/07\/meydan-logo.svg","width":195,"height":46,"caption":"Meydan TV"},"image":{"@id":"https:\/\/www.meydan.tv\/az\/#\/schema\/logo\/image\/"}},{"@type":"Person","@id":"https:\/\/www.meydan.tv\/az\/#\/schema\/person\/10d11eccf6da3662cf5fdab9806ea91a","name":"user-manager"}]}},"_links":{"self":[{"href":"https:\/\/www.meydan.tv\/az\/wp-json\/wp\/v2\/posts\/174026","targetHints":{"allow":["GET"]}}],"collection":[{"href":"https:\/\/www.meydan.tv\/az\/wp-json\/wp\/v2\/posts"}],"about":[{"href":"https:\/\/www.meydan.tv\/az\/wp-json\/wp\/v2\/types\/post"}],"author":[{"embeddable":true,"href":"https:\/\/www.meydan.tv\/az\/wp-json\/wp\/v2\/users\/11"}],"replies":[{"embeddable":true,"href":"https:\/\/www.meydan.tv\/az\/wp-json\/wp\/v2\/comments?post=174026"}],"version-history":[{"count":0,"href":"https:\/\/www.meydan.tv\/az\/wp-json\/wp\/v2\/posts\/174026\/revisions"}],"wp:featuredmedia":[{"embeddable":true,"href":"https:\/\/www.meydan.tv\/az\/wp-json\/wp\/v2\/media\/50080"}],"wp:attachment":[{"href":"https:\/\/www.meydan.tv\/az\/wp-json\/wp\/v2\/media?parent=174026"}],"wp:term":[{"taxonomy":"category","embeddable":true,"href":"https:\/\/www.meydan.tv\/az\/wp-json\/wp\/v2\/categories?post=174026"},{"taxonomy":"post_tag","embeddable":true,"href":"https:\/\/www.meydan.tv\/az\/wp-json\/wp\/v2\/tags?post=174026"}],"curies":[{"name":"wp","href":"https:\/\/api.w.org\/{rel}","templated":true}]}}