{"id":173925,"date":"2016-02-24T21:34:09","date_gmt":"2016-02-24T21:34:09","guid":{"rendered":"https:\/\/www.meydan.tv\/article\/amasov-ne-isteyir\/"},"modified":"2016-02-24T21:34:09","modified_gmt":"2016-02-24T21:34:09","slug":"amasov-ne-isteyir","status":"publish","type":"post","link":"https:\/\/www.meydan.tv\/az\/article\/amasov-ne-isteyir\/","title":{"rendered":"Ama\u015fov n\u0259 ist\u0259yir?"},"content":{"rendered":"<figure class=\"wp-block-image size-large\">\n  <img decoding=\"async\" src=\"https:\/\/www.meydan.tv\/az\/49649\/\" alt=\"\" class=\"wp-image-49649\"\/><figcaption><\/figcaption><\/figure>\n<figure class=\"wp-block-image size-large\">\n  <img decoding=\"async\" src=\"https:\/\/www.meydan.tv\/az\/49652\/\" alt=\"\" class=\"wp-image-49652\"\/><figcaption><\/figcaption><\/figure>\n<p>\n  M\u0259tbuat \u015euras\u0131n\u0131n \u0259z\u0259li v\u0259 \u0259b\u0259di s\u0259dri \u018fflatun Ama\u015fov deputatxanada m\u00fcbar\u0259k q\u0259d\u0259ml\u0259rini m\u0259tbuat\u0131m\u0131z\u0131n xeyrin\u0259 at\u0131b. Yeni deputat\u0131m\u0131z deyib ki, b\u0259s devalvasiya median\u0131n durumuna ciddi t\u0259sir etdiyind\u0259n, m\u00fctl\u0259q K\u0130VDF-y\u0259 ayr\u0131lan v\u0259sait artmal\u0131d\u0131r: \u201cQ\u0259zet ka\u011f\u0131z\u0131 100 faizd\u0259n \u00e7ox bahala\u015f\u0131b, \u00e7ap x\u0259rcl\u0259ri yar\u0131bayar\u0131 art\u0131b.\n<\/p>\n<p>\n  \u00dcmum\u0259n K\u0130V-l\u0259rimizin sat\u0131\u015f\u0131 \u00e7ox z\u0259ifdir. Reklam g\u0259lirl\u0259ri d\u0259 kifay\u0259t q\u0259d\u0259r a\u015fa\u011f\u0131d\u0131r. \u00d6lk\u0259nin apar\u0131c\u0131 K\u0130V-l\u0259rinin illik b\u00fcdc\u0259l\u0259rinin t\u0259qrib\u0259n 70 faizi K\u0130VDF-nin hesab\u0131na formala\u015f\u0131r.\n<\/p>\n<p>\n  G\u00f6r\u00fcnd\u00fcy\u00fc kimi, mediam\u0131z bazar m\u00fcnasib\u0259tl\u0259ri sistemind\u0259 oturu\u015fmad\u0131\u011f\u0131ndan kommersiya qurumlar\u0131 kimi f\u0259aliyy\u0259t g\u00f6st\u0259rmir, daha \u00e7ox ictimai missiya yerin\u0259 yetirir. Bu missiya is\u0259 h\u0259m c\u0259miyy\u0259t, h\u0259m d\u0259 d\u00f6vl\u0259t \u00fc\u00e7\u00fcn son d\u0259r\u0259c\u0259 vacibdir. Buna g\u00f6r\u0259 d\u0259 K\u0130V-l\u0259rimiz qar\u015f\u0131la\u015fd\u0131qlar\u0131 iqtisadi \u00e7\u0259tinlikl\u0259r\u0259 baxmayaraq, ayaqda qalmal\u0131d\u0131rlar\u201d.\n<\/p>\n<p>\n  C\u0259nab deputat\u0131n s\u00f6z\u00fcnd\u0259n bel\u0259 \u00e7\u0131x\u0131r ki, m\u0259tbuat\u0131 bu g\u00fcn\u0259 qoyan devalvasiyad\u0131r. \u015e\u0259xs\u0259n m\u0259n bu \u201cm\u00fcdrik\u201d a\u00e7\u0131qlamas\u0131na g\u00f6r\u0259 Ama\u015fovu q\u0131namaya bilmir\u0259m. \u00c7\u00fcnki o, \u00f6lk\u0259nin b\u00f6hran i\u00e7ind\u0259 oldu\u011fu bir vaxtda b\u00fcdc\u0259d\u0259n pul qopar\u0131b, yazd\u0131\u011f\u0131n\u0131 \u00f6z m\u00fcxbirl\u0259rind\u0259n savay\u0131 kims\u0259nin oxumad\u0131\u011f\u0131 bu q\u0259zetl\u0259r\u0259 verdirm\u0259k ist\u0259yir ki, anbarlarda qal\u0131b kif ats\u0131n. Bunun birc\u0259 ad\u0131 var \u2013 onminl\u0259rl\u0259 v\u0259saitin \u00e7\u00f6l\u0259 at\u0131lmas\u0131.\n<\/p>\n<p>\n  \u018fg\u0259r niy\u0259si ayd\u0131n deyils\u0259, izah edim. C\u0259nab Ama\u015fov bilm\u0259s\u0259 d\u0259, vergi \u00f6d\u0259yicil\u0259ri bilsin. M\u0259s\u0259l\u0259 bel\u0259dir ki, \u00f6lk\u0259d\u0259 lap \u00e7oxdan, h\u0259l\u0259 devalvasiya s\u00f6z\u00fcn\u00fc dilimiz tutmad\u0131\u011f\u0131 zamanlardan q\u0259zet oxuyan yoxdur. \u00c7\u00fcnki he\u00e7 kim gec\u0259-g\u00fcnd\u00fcz q\u0131r\u0131q val kimi eyni s\u00f6zl\u0259ri t\u0259krarlayan telekanallar\u0131m\u0131zda deyil\u0259nl\u0259ri bir d\u0259 pul verib, q\u0259zetd\u0259n oxumaq ist\u0259mir. Y\u0259ni bu q\u0259zetin qabartd\u0131\u011f\u0131 probleml\u0259r M\u0130S s\u0259viyy\u0259sind\u0259n yuxar\u0131 qalxa bilmir.\n<\/p>\n<p>\n  T\u0259bii ki, alternativ fikir g\u00f6rm\u0259y\u0259n, problemini o q\u0259zetin s\u0259hif\u0259l\u0259ri aras\u0131nda tapmayan oxucu da 40 q\u0259piyi q\u0259zet\u0259 yox, t\u0259ndir \u00e7\u00f6y\u0259rin\u0259 ver\u0259r. Onsuz da \u00e7\u00f6r\u0259kl\u0259r isti oldu\u011fundan h\u0259min q\u0259zetl\u0259r\u0259 b\u00fck\u00fcl\u00fcr. N\u0259tic\u0259d\u0259 h\u0259m qarn\u0131 doyur, h\u0259m d\u0259 o s\u0259hif\u0259l\u0259rd\u0259 yaz\u0131lanlar\u0131n bir mahiyy\u0259t k\u0259sb etm\u0259diyini g\u00f6r\u00fcb, pulunu havaya sovurmad\u0131\u011f\u0131na \u015f\u00fckr edir.\n<\/p>\n<p>\n  Ba\u015fqa bir misal deyim: M\u0259m\u0259 dey\u0259nd\u0259n p\u0259p\u0259 yey\u0259n\u0259 q\u0259d\u0259r h\u0259r k\u0259s \u00f6lk\u0259d\u0259ki v\u0259ziyy\u0259tin a\u011f\u0131r oldu\u011funun f\u0259rqind\u0259dir. M\u0259tbuat\u0131 bir k\u0259nara qoyuram, ictimai-siyasi sektorda adam qalmay\u0131b, yar\u0131s\u0131 did\u0259rgindi, yar\u0131s\u0131 m\u0259hbus. Amma \u201c525-ci q\u0259zet\u201din ba\u015f redaktoru deyir ki, \u00f6lk\u0259d\u0259 siyasi m\u0259hbus yoxdur. Bunu dey\u0259nd\u0259 he\u00e7 \u00fcz\u00fc d\u0259 q\u0131zarm\u0131r. Oxucu da haql\u0131 olaraq d\u00fc\u015f\u00fcn\u00fcr ki, nec\u0259 olur b\u00fct\u00fcn d\u00fcnya \u201cAz\u0259rbaycanda siyasi m\u0259hbuslar azad edilm\u0259lidir\u201d deyib haray \u00e7\u0259kir, 25 ilin ba\u015f redaktoru h\u0259l\u0259 x\u0259b\u0259r tutmay\u0131b?! Bel\u0259 olan halda oxucu niy\u0259 gedib onun r\u0259hb\u0259rlik etdiyi q\u0259zeti als\u0131n ki?\n<\/p>\n<p>\n  \u018flb\u0259tt\u0259, bir m\u0259s\u0259l\u0259 d\u0259 var ki, onu t\u0259z\u0259 deputat\u0131m\u0131z m\u0259nd\u0259n d\u0259 yax\u015f\u0131 bilir. O da bu q\u0259zetl\u0259rin m\u0259hz K\u0130VDF-d\u0259n ayr\u0131lan pulu yem\u0259k \u00fc\u00e7\u00fcn var olduqlar\u0131d\u0131r. Ba\u015f redaktorlar\u0131n h\u0259r\u0259si bir sayt a\u00e7\u0131b, arxas\u0131n\u0131 da hans\u0131sa m\u0259mura s\u00f6yk\u0259yib h\u0259yat\u0131n\u0131 s\u00fcr\u00fcr. Yard\u0131m \u0259sas\u0259n q\u0259zet\u0259 ayr\u0131ld\u0131\u011f\u0131ndan onlar\u0131n he\u00e7 biri ka\u011f\u0131z \u0259sri il\u0259 vidala\u015fm\u0131r. Art\u0131q pul kimin cibini de\u015fib ki?\n<\/p>\n<p>\n  Bel\u0259 dey\u0259nd\u0259 d\u0259 ad\u0131n\u0131 qoyurlar q\u0259r\u0259zli. Yax\u015f\u0131, m\u0259n q\u0259r\u0259zliy\u0259m, onda siz d\u00fc\u015f\u00fcn bu \u015f\u0259h\u0259rin can\u0131na, \u00e7ox yox, 6 adam\u0131n \u0259lind\u0259 \u201cM\u00f6vqe\u201d q\u0259zeti g\u00f6r\u00fcn, dey\u0259k, V\u00fcqar S\u0259f\u0259rlinin \u00f6z q\u0259zetin\u0259 ay\u0131rd\u0131\u011f\u0131 o 60 min halal xo\u015fu olsun. G\u00f6r\u0259 bilm\u0259zsiz. \u00dcmumiyy\u0259tl\u0259, n\u0259inki \u201cM\u00f6vqe\u201d oxuyan, hec g\u00fcn \u0259rzind\u0259 6 n\u0259f\u0259r q\u0259zet oxuyan g\u00f6r\u0259 bilm\u0259zsiniz.\n<\/p>\n<p>\n  B\u0259s onda M\u0259tbuat \u015euras\u0131n\u0131n s\u0259dri niy\u0259 bu q\u0259zetl\u0259rin sahibini yeml\u0259m\u0259k ist\u0259yir? \u018fg\u0259r m\u0259qs\u0259d median\u0131n inki\u015faf\u0131d\u0131rsa, o zaman bunu daha asan yolu var ax\u0131. M\u0259s\u0259l\u0259n, \u00f6nc\u0259 \u018fflatun m\u00fc\u0259llim bilm\u0259lidir ki, q\u0259zet h\u0259m d\u0259 bir biznesdir. Q\u0259zet\u00e7inin i\u015fi haz\u0131rlad\u0131\u011f\u0131 m\u0259hsulu satmaqd\u0131r. Bunun \u00fc\u00e7\u00fcn onun bazara yolunu a\u00e7maq laz\u0131md\u0131r. Daha sat\u0131\u015f m\u0259rk\u0259zl\u0259rini ba\u011flay\u0131b, \u0259l yay\u0131m\u0131n\u0131 l\u0259\u011fv edib, q\u0259zet k\u00f6\u015fkl\u0259rini sancaq-muncuq \u201cma\u011faza\u201ds\u0131na \u00e7evirm\u0259kl\u0259, K\u0130VDF \u00fcmidin\u0259 qoymaqla yox.\n<\/p>\n<p>\n  C\u0259nab deputat deyir ki, q\u0259zet ictimai missiya yerin\u0259 yetirir. Niy\u0259? V\u0259 ya nec\u0259? Lap yuxar\u0131dan g\u00f6t\u00fcr\u00fcr\u0259m, min n\u00fcsx\u0259si sat\u0131lmayan q\u0259zet nec\u0259 ictimai r\u0259y formala\u015fd\u0131ra bil\u0259r. \u00dcst\u0259lik, onun m\u0259qs\u0259di bilavasit\u0259 olay\u0131 oldu\u011fu kimi \u00e7atd\u0131rmaqd\u0131, r\u0259y yaratmaq, fikir formala\u015fd\u0131rmaq yox. Ona g\u00f6r\u0259 d\u0259 yax\u015f\u0131 olar ki, Ama\u015fov kimil\u0259r he\u00e7 olmasa bu b\u00f6hranl\u0131 g\u00fcnl\u0259rd\u0259 \u00f6zl\u0259rini yox, xalq\u0131 d\u00fc\u015f\u00fcns\u00fcnl\u0259r.\n<\/p>\n<p>\n  Ax\u0131 b\u00fcdc\u0259 xalq\u0131nd\u0131r&#8230;<\/p>\n","protected":false},"excerpt":{"rendered":"<p>Bunun ad\u0131 b\u00fcdc\u0259 talamaqd\u0131r<\/p>\n","protected":false},"author":11,"featured_media":49649,"comment_status":"closed","ping_status":"open","sticky":false,"template":"","format":"standard","meta":{"_acf_changed":false,"_sitemap_exclude":false,"_sitemap_priority":"","_sitemap_frequency":"","footnotes":""},"categories":[57],"tags":[],"class_list":["post-173925","post","type-post","status-publish","format-standard","has-post-thumbnail","hentry","category-menim-fikrimce","infinite-scroll-item","generate-columns","tablet-grid-50","mobile-grid-100","grid-parent","grid-33","no-featured-image-padding"],"acf":[],"yoast_head":"<!-- This site is optimized with the Yoast SEO plugin v27.5 - https:\/\/yoast.com\/product\/yoast-seo-wordpress\/ -->\n<title>Ama\u015fov n\u0259 ist\u0259yir? - MEYDAN.TV<\/title>\n<meta name=\"robots\" content=\"index, follow, max-snippet:-1, max-image-preview:large, max-video-preview:-1\" \/>\n<link rel=\"canonical\" href=\"https:\/\/www.meydan.tv\/az\/article\/amasov-ne-isteyir\/\" \/>\n<meta property=\"og:locale\" content=\"az_AZ\" \/>\n<meta property=\"og:type\" content=\"article\" \/>\n<meta property=\"og:title\" content=\"Ama\u015fov n\u0259 ist\u0259yir? - MEYDAN.TV\" \/>\n<meta property=\"og:description\" content=\"Bunun ad\u0131 b\u00fcdc\u0259 talamaqd\u0131r\" \/>\n<meta property=\"og:url\" content=\"https:\/\/www.meydan.tv\/az\/article\/amasov-ne-isteyir\/\" \/>\n<meta property=\"og:site_name\" content=\"MEYDAN.TV\" \/>\n<meta property=\"article:published_time\" content=\"2016-02-24T21:34:09+00:00\" \/>\n<meta property=\"og:image\" content=\"https:\/\/www.meydan.tv\/wp-content\/uploads\/18678.jpg\" \/>\n\t<meta property=\"og:image:width\" content=\"400\" \/>\n\t<meta property=\"og:image:height\" content=\"400\" \/>\n\t<meta property=\"og:image:type\" content=\"image\/jpeg\" \/>\n<meta name=\"author\" content=\"user-manager\" \/>\n<meta name=\"twitter:card\" content=\"summary_large_image\" \/>\n<script type=\"application\/ld+json\" class=\"yoast-schema-graph\">{\"@context\":\"https:\\\/\\\/schema.org\",\"@graph\":[{\"@type\":\"Article\",\"@id\":\"https:\\\/\\\/www.meydan.tv\\\/az\\\/article\\\/amasov-ne-isteyir\\\/#article\",\"isPartOf\":{\"@id\":\"https:\\\/\\\/www.meydan.tv\\\/az\\\/article\\\/amasov-ne-isteyir\\\/\"},\"author\":{\"name\":\"user-manager\",\"@id\":\"https:\\\/\\\/www.meydan.tv\\\/az\\\/#\\\/schema\\\/person\\\/10d11eccf6da3662cf5fdab9806ea91a\"},\"headline\":\"Ama\u015fov n\u0259 ist\u0259yir?\",\"datePublished\":\"2016-02-24T21:34:09+00:00\",\"mainEntityOfPage\":{\"@id\":\"https:\\\/\\\/www.meydan.tv\\\/az\\\/article\\\/amasov-ne-isteyir\\\/\"},\"wordCount\":982,\"publisher\":{\"@id\":\"https:\\\/\\\/www.meydan.tv\\\/az\\\/#organization\"},\"image\":{\"@id\":\"https:\\\/\\\/www.meydan.tv\\\/az\\\/article\\\/amasov-ne-isteyir\\\/#primaryimage\"},\"thumbnailUrl\":\"https:\\\/\\\/www.meydan.tv\\\/wp-content\\\/uploads\\\/18678.jpg\",\"articleSection\":[\"M\u0259nim Fikrimc\u0259\"],\"inLanguage\":\"az\"},{\"@type\":\"WebPage\",\"@id\":\"https:\\\/\\\/www.meydan.tv\\\/az\\\/article\\\/amasov-ne-isteyir\\\/\",\"url\":\"https:\\\/\\\/www.meydan.tv\\\/az\\\/article\\\/amasov-ne-isteyir\\\/\",\"name\":\"Ama\u015fov n\u0259 ist\u0259yir? - MEYDAN.TV\",\"isPartOf\":{\"@id\":\"https:\\\/\\\/www.meydan.tv\\\/az\\\/#website\"},\"primaryImageOfPage\":{\"@id\":\"https:\\\/\\\/www.meydan.tv\\\/az\\\/article\\\/amasov-ne-isteyir\\\/#primaryimage\"},\"image\":{\"@id\":\"https:\\\/\\\/www.meydan.tv\\\/az\\\/article\\\/amasov-ne-isteyir\\\/#primaryimage\"},\"thumbnailUrl\":\"https:\\\/\\\/www.meydan.tv\\\/wp-content\\\/uploads\\\/18678.jpg\",\"datePublished\":\"2016-02-24T21:34:09+00:00\",\"breadcrumb\":{\"@id\":\"https:\\\/\\\/www.meydan.tv\\\/az\\\/article\\\/amasov-ne-isteyir\\\/#breadcrumb\"},\"inLanguage\":\"az\",\"potentialAction\":[{\"@type\":\"ReadAction\",\"target\":[\"https:\\\/\\\/www.meydan.tv\\\/az\\\/article\\\/amasov-ne-isteyir\\\/\"]}]},{\"@type\":\"ImageObject\",\"inLanguage\":\"az\",\"@id\":\"https:\\\/\\\/www.meydan.tv\\\/az\\\/article\\\/amasov-ne-isteyir\\\/#primaryimage\",\"url\":\"https:\\\/\\\/www.meydan.tv\\\/wp-content\\\/uploads\\\/18678.jpg\",\"contentUrl\":\"https:\\\/\\\/www.meydan.tv\\\/wp-content\\\/uploads\\\/18678.jpg\",\"width\":400,\"height\":400,\"caption\":\"Source:\"},{\"@type\":\"BreadcrumbList\",\"@id\":\"https:\\\/\\\/www.meydan.tv\\\/az\\\/article\\\/amasov-ne-isteyir\\\/#breadcrumb\",\"itemListElement\":[{\"@type\":\"ListItem\",\"position\":1,\"name\":\"Ana s\u0259hif\u0259\",\"item\":\"https:\\\/\\\/www.meydan.tv\\\/az\\\/\"},{\"@type\":\"ListItem\",\"position\":2,\"name\":\"M\u0259nim Fikrimc\u0259\",\"item\":\"https:\\\/\\\/www.meydan.tv\\\/az\\\/section\\\/menim-fikrimce\\\/\"},{\"@type\":\"ListItem\",\"position\":3,\"name\":\"Ama\u015fov n\u0259 ist\u0259yir?\"}]},{\"@type\":\"WebSite\",\"@id\":\"https:\\\/\\\/www.meydan.tv\\\/az\\\/#website\",\"url\":\"https:\\\/\\\/www.meydan.tv\\\/az\\\/\",\"name\":\"MEYDAN.TV\",\"description\":\"Meydan TV Az\u0259rbaycan\u0131n media m\u0259kan\u0131ndak\u0131 alternativ s\u0259sidir\",\"publisher\":{\"@id\":\"https:\\\/\\\/www.meydan.tv\\\/az\\\/#organization\"},\"potentialAction\":[{\"@type\":\"SearchAction\",\"target\":{\"@type\":\"EntryPoint\",\"urlTemplate\":\"https:\\\/\\\/www.meydan.tv\\\/az\\\/?s={search_term_string}\"},\"query-input\":{\"@type\":\"PropertyValueSpecification\",\"valueRequired\":true,\"valueName\":\"search_term_string\"}}],\"inLanguage\":\"az\"},{\"@type\":\"Organization\",\"@id\":\"https:\\\/\\\/www.meydan.tv\\\/az\\\/#organization\",\"name\":\"Meydan TV\",\"url\":\"https:\\\/\\\/www.meydan.tv\\\/az\\\/\",\"logo\":{\"@type\":\"ImageObject\",\"inLanguage\":\"az\",\"@id\":\"https:\\\/\\\/www.meydan.tv\\\/az\\\/#\\\/schema\\\/logo\\\/image\\\/\",\"url\":\"https:\\\/\\\/www.meydan.tv\\\/wp-content\\\/uploads\\\/2021\\\/07\\\/meydan-logo.svg\",\"contentUrl\":\"https:\\\/\\\/www.meydan.tv\\\/wp-content\\\/uploads\\\/2021\\\/07\\\/meydan-logo.svg\",\"width\":195,\"height\":46,\"caption\":\"Meydan TV\"},\"image\":{\"@id\":\"https:\\\/\\\/www.meydan.tv\\\/az\\\/#\\\/schema\\\/logo\\\/image\\\/\"}},{\"@type\":\"Person\",\"@id\":\"https:\\\/\\\/www.meydan.tv\\\/az\\\/#\\\/schema\\\/person\\\/10d11eccf6da3662cf5fdab9806ea91a\",\"name\":\"user-manager\"}]}<\/script>\n<!-- \/ Yoast SEO plugin. -->","yoast_head_json":{"title":"Ama\u015fov n\u0259 ist\u0259yir? - MEYDAN.TV","robots":{"index":"index","follow":"follow","max-snippet":"max-snippet:-1","max-image-preview":"max-image-preview:large","max-video-preview":"max-video-preview:-1"},"canonical":"https:\/\/www.meydan.tv\/az\/article\/amasov-ne-isteyir\/","og_locale":"az_AZ","og_type":"article","og_title":"Ama\u015fov n\u0259 ist\u0259yir? - MEYDAN.TV","og_description":"Bunun ad\u0131 b\u00fcdc\u0259 talamaqd\u0131r","og_url":"https:\/\/www.meydan.tv\/az\/article\/amasov-ne-isteyir\/","og_site_name":"MEYDAN.TV","article_published_time":"2016-02-24T21:34:09+00:00","og_image":[{"width":400,"height":400,"url":"https:\/\/www.meydan.tv\/wp-content\/uploads\/18678.jpg","type":"image\/jpeg"}],"author":"user-manager","twitter_card":"summary_large_image","schema":{"@context":"https:\/\/schema.org","@graph":[{"@type":"Article","@id":"https:\/\/www.meydan.tv\/az\/article\/amasov-ne-isteyir\/#article","isPartOf":{"@id":"https:\/\/www.meydan.tv\/az\/article\/amasov-ne-isteyir\/"},"author":{"name":"user-manager","@id":"https:\/\/www.meydan.tv\/az\/#\/schema\/person\/10d11eccf6da3662cf5fdab9806ea91a"},"headline":"Ama\u015fov n\u0259 ist\u0259yir?","datePublished":"2016-02-24T21:34:09+00:00","mainEntityOfPage":{"@id":"https:\/\/www.meydan.tv\/az\/article\/amasov-ne-isteyir\/"},"wordCount":982,"publisher":{"@id":"https:\/\/www.meydan.tv\/az\/#organization"},"image":{"@id":"https:\/\/www.meydan.tv\/az\/article\/amasov-ne-isteyir\/#primaryimage"},"thumbnailUrl":"https:\/\/www.meydan.tv\/wp-content\/uploads\/18678.jpg","articleSection":["M\u0259nim Fikrimc\u0259"],"inLanguage":"az"},{"@type":"WebPage","@id":"https:\/\/www.meydan.tv\/az\/article\/amasov-ne-isteyir\/","url":"https:\/\/www.meydan.tv\/az\/article\/amasov-ne-isteyir\/","name":"Ama\u015fov n\u0259 ist\u0259yir? - MEYDAN.TV","isPartOf":{"@id":"https:\/\/www.meydan.tv\/az\/#website"},"primaryImageOfPage":{"@id":"https:\/\/www.meydan.tv\/az\/article\/amasov-ne-isteyir\/#primaryimage"},"image":{"@id":"https:\/\/www.meydan.tv\/az\/article\/amasov-ne-isteyir\/#primaryimage"},"thumbnailUrl":"https:\/\/www.meydan.tv\/wp-content\/uploads\/18678.jpg","datePublished":"2016-02-24T21:34:09+00:00","breadcrumb":{"@id":"https:\/\/www.meydan.tv\/az\/article\/amasov-ne-isteyir\/#breadcrumb"},"inLanguage":"az","potentialAction":[{"@type":"ReadAction","target":["https:\/\/www.meydan.tv\/az\/article\/amasov-ne-isteyir\/"]}]},{"@type":"ImageObject","inLanguage":"az","@id":"https:\/\/www.meydan.tv\/az\/article\/amasov-ne-isteyir\/#primaryimage","url":"https:\/\/www.meydan.tv\/wp-content\/uploads\/18678.jpg","contentUrl":"https:\/\/www.meydan.tv\/wp-content\/uploads\/18678.jpg","width":400,"height":400,"caption":"Source:"},{"@type":"BreadcrumbList","@id":"https:\/\/www.meydan.tv\/az\/article\/amasov-ne-isteyir\/#breadcrumb","itemListElement":[{"@type":"ListItem","position":1,"name":"Ana s\u0259hif\u0259","item":"https:\/\/www.meydan.tv\/az\/"},{"@type":"ListItem","position":2,"name":"M\u0259nim Fikrimc\u0259","item":"https:\/\/www.meydan.tv\/az\/section\/menim-fikrimce\/"},{"@type":"ListItem","position":3,"name":"Ama\u015fov n\u0259 ist\u0259yir?"}]},{"@type":"WebSite","@id":"https:\/\/www.meydan.tv\/az\/#website","url":"https:\/\/www.meydan.tv\/az\/","name":"MEYDAN.TV","description":"Meydan TV Az\u0259rbaycan\u0131n media m\u0259kan\u0131ndak\u0131 alternativ s\u0259sidir","publisher":{"@id":"https:\/\/www.meydan.tv\/az\/#organization"},"potentialAction":[{"@type":"SearchAction","target":{"@type":"EntryPoint","urlTemplate":"https:\/\/www.meydan.tv\/az\/?s={search_term_string}"},"query-input":{"@type":"PropertyValueSpecification","valueRequired":true,"valueName":"search_term_string"}}],"inLanguage":"az"},{"@type":"Organization","@id":"https:\/\/www.meydan.tv\/az\/#organization","name":"Meydan TV","url":"https:\/\/www.meydan.tv\/az\/","logo":{"@type":"ImageObject","inLanguage":"az","@id":"https:\/\/www.meydan.tv\/az\/#\/schema\/logo\/image\/","url":"https:\/\/www.meydan.tv\/wp-content\/uploads\/2021\/07\/meydan-logo.svg","contentUrl":"https:\/\/www.meydan.tv\/wp-content\/uploads\/2021\/07\/meydan-logo.svg","width":195,"height":46,"caption":"Meydan TV"},"image":{"@id":"https:\/\/www.meydan.tv\/az\/#\/schema\/logo\/image\/"}},{"@type":"Person","@id":"https:\/\/www.meydan.tv\/az\/#\/schema\/person\/10d11eccf6da3662cf5fdab9806ea91a","name":"user-manager"}]}},"_links":{"self":[{"href":"https:\/\/www.meydan.tv\/az\/wp-json\/wp\/v2\/posts\/173925","targetHints":{"allow":["GET"]}}],"collection":[{"href":"https:\/\/www.meydan.tv\/az\/wp-json\/wp\/v2\/posts"}],"about":[{"href":"https:\/\/www.meydan.tv\/az\/wp-json\/wp\/v2\/types\/post"}],"author":[{"embeddable":true,"href":"https:\/\/www.meydan.tv\/az\/wp-json\/wp\/v2\/users\/11"}],"replies":[{"embeddable":true,"href":"https:\/\/www.meydan.tv\/az\/wp-json\/wp\/v2\/comments?post=173925"}],"version-history":[{"count":0,"href":"https:\/\/www.meydan.tv\/az\/wp-json\/wp\/v2\/posts\/173925\/revisions"}],"wp:featuredmedia":[{"embeddable":true,"href":"https:\/\/www.meydan.tv\/az\/wp-json\/wp\/v2\/media\/49649"}],"wp:attachment":[{"href":"https:\/\/www.meydan.tv\/az\/wp-json\/wp\/v2\/media?parent=173925"}],"wp:term":[{"taxonomy":"category","embeddable":true,"href":"https:\/\/www.meydan.tv\/az\/wp-json\/wp\/v2\/categories?post=173925"},{"taxonomy":"post_tag","embeddable":true,"href":"https:\/\/www.meydan.tv\/az\/wp-json\/wp\/v2\/tags?post=173925"}],"curies":[{"name":"wp","href":"https:\/\/api.w.org\/{rel}","templated":true}]}}