{"id":173835,"date":"2016-02-21T23:26:17","date_gmt":"2016-02-21T23:26:17","guid":{"rendered":"https:\/\/www.meydan.tv\/article\/siyasi-biseksualliq\/"},"modified":"2016-02-21T23:26:17","modified_gmt":"2016-02-21T23:26:17","slug":"siyasi-biseksualliq","status":"publish","type":"post","link":"https:\/\/www.meydan.tv\/az\/article\/siyasi-biseksualliq\/","title":{"rendered":"Siyasi biseksuall\u0131q"},"content":{"rendered":"<figure class=\"wp-block-image size-large\">\n  <img decoding=\"async\" src=\"https:\/\/www.meydan.tv\/az\/49361\/\" alt=\"\" class=\"wp-image-49361\"\/><figcaption><\/figcaption><\/figure>\n<\/p>\n<figure class=\"wp-block-image size-large\">\n  <img decoding=\"async\" src=\"https:\/\/www.meydan.tv\/az\/49355\/\" alt=\"\" class=\"wp-image-49355\"\/><figcaption><\/figcaption><\/figure>\n<p>\n  Son g\u00fcnl\u0259r sosial \u015f\u0259b\u0259k\u0259l\u0259rd\u0259 \u0259n \u00e7ox m\u00fczakir\u0259 olunan m\u00f6vzulardan biri d\u0259 Nigar K\u00f6\u00e7\u0259rlinin ya\u015fad\u0131\u011f\u0131 olaylard\u0131r. Nigar xan\u0131ma t\u0259r\u0259f olanlar q\u0259d\u0259r, \u0259leyhdarlar\u0131 da az deyildi. \u018fslind\u0259 is\u0259 m\u0259s\u0259l\u0259, obyektiv yana\u015fsaq, \u00e7ox b\u0259sitdir. Ancaq bununla yana\u015f\u0131 hadis\u0259nin k\u00f6k\u00fcn\u0259 getdikd\u0259 bir o q\u0259d\u0259r d\u0259 b\u00f6y\u00fck bir m\u00f6vzu il\u0259 qar\u015f\u0131la\u015f\u0131r\u0131q.\n<\/p>\n<p>\n  Z\u0259r\u0259r\u00e7\u0259kmi\u015fin sahib oldu\u011fu &#8220;Ali v\u0259 Nino&#8221; kitab ma\u011fazas\u0131n\u0131n daimi m\u00fc\u015ft\u0259ril\u0259rind\u0259n biriy\u0259m. Kitab alma\u011fa q\u0259rar verdiyim zaman \u0259n \u0259vv\u0259l ba\u015f \u00e7\u0259kdiyim kitab ma\u011fazas\u0131 m\u0259hz &#8220;Ali v\u0259 Nino&#8221;dur. \u00c7e\u015fid bollu\u011fu, s\u0259liq\u0259lilik, qiym\u0259t v\u0259 s.bax\u0131mdan xeyli kitab ma\u011fazas\u0131ndan \u00f6nd\u0259dir. Lakin iradlar\u0131m da az deyil. \u018fn ba\u015fda is\u0259 i\u015f\u00e7il\u0259rin rusdillil\u0259rd\u0259n ibar\u0259t olmas\u0131, m\u00fc\u015ft\u0259ri il\u0259 \u00fcnsiyy\u0259td\u0259 rus dilind\u0259n istifad\u0259y\u0259 \u00fcst\u00fcnl\u00fck verm\u0259l\u0259ri g\u0259lir. Xidm\u0259t sah\u0259sind\u0259 \u00e7al\u0131\u015fan i\u015f\u00e7inin xarici dil biliyinin olmas\u0131 \u00fcst\u00fcnl\u00fckd\u00fcr. Bak\u0131 sakinl\u0259rinin i\u00e7ind\u0259 rusdillil\u0259rin d\u0259 olmas\u0131 s\u0259b\u0259bil\u0259 ma\u011fazada rus dilini bil\u0259n i\u015f\u00e7il\u0259rin \u00e7al\u0131\u015fmas\u0131 da yax\u015f\u0131d\u0131r.\n<\/p>\n<p>\n  Ancaq etnik az\u0259rbaycanl\u0131larla (t\u00fcrk, tal\u0131\u015f, l\u0259zgi &#8211; f\u0259rq etm\u0259z) \u00fcnsiyy\u0259td\u0259 rus dilind\u0259n istifad\u0259 v\u0259 ya az\u0259rbaycan dilind\u0259 k\u00f6n\u00fcls\u00fcz olaraq dan\u0131\u015fma\u011fa he\u00e7 bir halda b\u0259ra\u0259t qazand\u0131r\u0131la bilm\u0259z.\n<\/p>\n<p>\n  D\u0259y\u0259rli oxucu he\u00e7 d\u0259 z\u0259nn etm\u0259sin ki, rus dilin\u0259 v\u0259 ya rusdillil\u0259r\u0259 antipatiyam var. Rus dilinin t\u0259hsild\u0259n \u00e7\u0131xar\u0131lmas\u0131 v\u0259 s.kimi fikirl\u0259r\u0259 d\u0259 q\u0259ti qar\u015f\u0131yam. Rus dilini bilm\u0259liyik. Ancaq xarici dil kimi&#8230;\n<\/p>\n<p>\n  Qald\u0131, Nigar K\u00f6\u00e7\u0259rlinin \u015f\u0259xsin\u0259. Nigar xan\u0131m f\u0259aliyy\u0259t\u0259 ba\u015flad\u0131\u011f\u0131 ilk g\u00fcnd\u0259n siyasi m\u0259s\u0259l\u0259l\u0259r\u0259 qar\u0131\u015fmay\u0131b, neytral m\u00f6vqe tutub. Z\u0259nn edir\u0259m ki, bununla o h\u0259m iqtidar\u0131 q\u0131c\u0131qland\u0131rmamaq, h\u0259m d\u0259 m\u00fcxalif oxucu k\u00fctl\u0259ni m\u00fc\u015ft\u0259ri kimi itirm\u0259m\u0259k \u00fc\u00e7\u00fcn edib. Bir n\u00f6v he\u00e7 bir t\u0259r\u0259fin ittihamlar\u0131 \u00fczl\u0259\u015fm\u0259m\u0259k \u00fc\u00e7\u00fcn bel\u0259 bir se\u00e7im edib. \u0130lk ba\u015fda bu u\u011fur qazand\u0131ran add\u0131md\u0131r, effektiv \u00fcsuldur. Lakin m\u00fc\u0259yy\u0259n zaman \u00f6td\u00fckd\u0259, art\u0131q se\u00e7im etm\u0259k z\u0259rur\u0259ti ortaya \u00e7\u0131x\u0131r. \u015eay\u0259d, f\u0259rdin \u00f6z\u00fc bu se\u00e7imi etm\u0259s\u0259, art\u0131q onun yerin\u0259 bu se\u00e7im edilmi\u015f olur. Ancaq g\u00fcn\u00fcn birind\u0259 bu neytrall\u0131\u011f\u0131n art\u0131q i\u015f\u0259 yaramayaca\u011f\u0131, &#8220;ya biziml\u0259, ya qar\u015f\u0131 t\u0259r\u0259f\u0259&#8221; se\u00e7iminin qar\u015f\u0131s\u0131na qoyulaca\u011f\u0131n\u0131 g\u00f6zl\u0259mirdi. \u0130st\u0259nil\u0259n avtoritar idar\u0259etm\u0259d\u0259 bel\u0259dir. \u0130dar\u0259\u00e7ilik &#8220;dalana dir\u0259ndikc\u0259&#8221; v\u0259ziyy\u0259t biraz da k\u0259skinl\u0259\u015fir, yuxar\u0131 elita daha da q\u0259ddarla\u015f\u0131r.\n<\/p>\n<p>\n  Bir q\u0259d\u0259r m\u0259s\u0259l\u0259ni geni\u015f g\u00f6t\u00fcr\u0259r\u0259k, misal\u0131 Az\u0259rbaycan\u0131n timsal\u0131nda verim. Haz\u0131rki iqtidar m\u0259nsublar\u0131 daima neytral siyas\u0259t y\u00fcr\u00fctd\u00fckl\u0259rini, &#8220;balansla\u015fd\u0131r\u0131lm\u0131\u015f siyas\u0259t&#8221; \u015f\u00fcar\u0131n\u0131n \u00f6z\u00fcn\u00fcn xarici siyas\u0259tind\u0259 prioritet oldu\u011funu \u00f6n\u0259 \u00e7\u0259km\u0259y\u0259 \u00e7al\u0131\u015f\u0131rlar. Zaman\u0131nda bu \u00e7ox effektiv se\u00e7im idi, Az\u0259rbaycan\u0131n bir d\u00f6vl\u0259t kimi xarici siyas\u0259t istiqam\u0259tinin tam m\u00fc\u0259yy\u0259nl\u0259\u015fdirm\u0259si \u00fc\u00e7\u00fcn zaman qazand\u0131r\u0131rd\u0131. Ancaq haz\u0131rda g\u00f6r\u00fcr\u00fck ki, bu balans siyas\u0259ti \u0259ksin\u0259 ba\u015fda iqtidar m\u0259nsublar\u0131 olmaqla, b\u00fct\u00f6vl\u00fckd\u0259 \u00f6lk\u0259y\u0259 ziyan vurur.\n<\/p>\n<p>\n  Bu g\u00fcn C\u0259nubi Qafqaz \u00f6lk\u0259l\u0259rind\u0259n G\u00fcrc\u00fcstan Avroatlantik m\u0259kana, Erm\u0259nistan is\u0259 G\u00f6mr\u00fck \u0130ttifaq\u0131 v\u0259 dig\u0259r antiq\u0259rb koalisiyalar\u0131na \u00fczv olma\u011fa meyll\u0259nib. Kimimiz Q\u0259rb, kimimiz is\u0259 Q\u0259rb \u0259leyhin\u0259 ola, onlar\u0131n siyas\u0259ti il\u0259 raz\u0131la\u015fa v\u0259 ya raz\u0131la\u015fmaya bil\u0259rik. Lakin haz\u0131rki durumda, Yax\u0131n \u015e\u0259rqd\u0259 c\u0259r\u0259yan ed\u0259n prosesl\u0259rin fonunda m\u00f6vqe tutmaq vacibdir. T\u0259k Az\u0259rbaycand\u0131r regionda istiqam\u0259t tutmayan, h\u0259l\u0259 d\u0259 neytrall\u0131qdan dan\u0131\u015fan. Hans\u0131 ki, regionda ciddi toqqu\u015fmalar ba\u015f ver\u0259c\u0259yi halda t\u0259k qalaca\u011f\u0131q, bunu t\u0259\u0259ss\u00fcf ki Az\u0259rbaycan\u0131n idar\u0259sin\u0259 m\u0259sul olan \u015f\u0259xsl\u0259r h\u0259l\u0259 d\u0259 anlam\u0131r.\n<\/p>\n<p>\n  \u018flb\u0259tt\u0259, b\u00fct\u00fcn bu iradlar Nigar xan\u0131m\u0131n haqqs\u0131z olmas\u0131 v\u0259 polis\u0259 b\u0259ra\u0259t qazand\u0131rma \u00fc\u00e7\u00fcn \u0259sas ola bilm\u0259z. Ortada cinay\u0259t var, h\u00fcquq-m\u00fchafiz\u0259 orqanlar\u0131n\u0131n v\u0259zif\u0259si is\u0259 bu qanunsuzlu\u011fa yol ver\u0259ni tap\u0131b if\u015fa etm\u0259kdir. \u0130st\u0259r ictimai f\u0259allar, ist\u0259r h\u00fcquq m\u00fcdafi\u0259si sah\u0259sind\u0259 \u00e7al\u0131\u015fanlar bu i\u015fi diqq\u0259td\u0259 saxlamal\u0131, ictimai n\u0259zar\u0259t formala\u015fd\u0131r\u0131lmal\u0131d\u0131r.\n<\/p>\n<p>\n  Sonda is\u0259 bunu qeyd ed\u0259 bil\u0259r\u0259m ki, &#8220;siyasi bisexuall\u0131\u011f\u0131n&#8221; n\u0259tic\u0259si, b\u0259lk\u0259 d\u0259 uzun zaman \u00f6nc\u0259 se\u00e7im ed\u0259r\u0259k g\u00fccl\u00fcn\u00fcn qar\u015f\u0131s\u0131nda duranlardan daha ac\u0131nacaql\u0131 olur. \u0130st\u0259r f\u0259rd olsun, ist\u0259r d\u00f6vl\u0259t&#8230;\n<\/p>\n<\/p>\n<p>\n  <b><br \/>\n    Yaz\u0131 m\u00fc\u0259llifin \u015f\u0259xsi m\u00f6vqeyini ifad\u0259 edir<br \/>\n  <\/b><\/p>\n","protected":false},"excerpt":{"rendered":"<p>Nigar K\u00f6\u00e7\u0259rlinin ba\u015f\u0131na g\u0259l\u0259nl\u0259r&#8230;<\/p>\n","protected":false},"author":11,"featured_media":49361,"comment_status":"closed","ping_status":"open","sticky":false,"template":"","format":"standard","meta":{"_acf_changed":false,"_sitemap_exclude":false,"_sitemap_priority":"","_sitemap_frequency":"","footnotes":""},"categories":[57],"tags":[],"class_list":["post-173835","post","type-post","status-publish","format-standard","has-post-thumbnail","hentry","category-menim-fikrimce","infinite-scroll-item","generate-columns","tablet-grid-50","mobile-grid-100","grid-parent","grid-33","no-featured-image-padding"],"acf":[],"yoast_head":"<!-- This site is optimized with the Yoast SEO plugin v27.5 - https:\/\/yoast.com\/product\/yoast-seo-wordpress\/ -->\n<title>Siyasi biseksuall\u0131q - MEYDAN.TV<\/title>\n<meta name=\"robots\" content=\"index, follow, max-snippet:-1, max-image-preview:large, max-video-preview:-1\" \/>\n<link rel=\"canonical\" href=\"https:\/\/www.meydan.tv\/az\/article\/siyasi-biseksualliq\/\" \/>\n<meta property=\"og:locale\" content=\"az_AZ\" \/>\n<meta property=\"og:type\" content=\"article\" \/>\n<meta property=\"og:title\" content=\"Siyasi biseksuall\u0131q - MEYDAN.TV\" \/>\n<meta property=\"og:description\" content=\"Nigar K\u00f6\u00e7\u0259rlinin ba\u015f\u0131na g\u0259l\u0259nl\u0259r...\" \/>\n<meta property=\"og:url\" content=\"https:\/\/www.meydan.tv\/az\/article\/siyasi-biseksualliq\/\" \/>\n<meta property=\"og:site_name\" content=\"MEYDAN.TV\" \/>\n<meta property=\"article:published_time\" content=\"2016-02-21T23:26:17+00:00\" \/>\n<meta property=\"og:image\" content=\"https:\/\/www.meydan.tv\/wp-content\/uploads\/18541.jpg\" \/>\n\t<meta property=\"og:image:width\" content=\"500\" \/>\n\t<meta property=\"og:image:height\" content=\"500\" \/>\n\t<meta property=\"og:image:type\" content=\"image\/jpeg\" \/>\n<meta name=\"author\" content=\"user-manager\" \/>\n<meta name=\"twitter:card\" content=\"summary_large_image\" \/>\n<script type=\"application\/ld+json\" class=\"yoast-schema-graph\">{\"@context\":\"https:\\\/\\\/schema.org\",\"@graph\":[{\"@type\":\"Article\",\"@id\":\"https:\\\/\\\/www.meydan.tv\\\/az\\\/article\\\/siyasi-biseksualliq\\\/#article\",\"isPartOf\":{\"@id\":\"https:\\\/\\\/www.meydan.tv\\\/az\\\/article\\\/siyasi-biseksualliq\\\/\"},\"author\":{\"name\":\"user-manager\",\"@id\":\"https:\\\/\\\/www.meydan.tv\\\/az\\\/#\\\/schema\\\/person\\\/10d11eccf6da3662cf5fdab9806ea91a\"},\"headline\":\"Siyasi biseksuall\u0131q\",\"datePublished\":\"2016-02-21T23:26:17+00:00\",\"mainEntityOfPage\":{\"@id\":\"https:\\\/\\\/www.meydan.tv\\\/az\\\/article\\\/siyasi-biseksualliq\\\/\"},\"wordCount\":890,\"publisher\":{\"@id\":\"https:\\\/\\\/www.meydan.tv\\\/az\\\/#organization\"},\"image\":{\"@id\":\"https:\\\/\\\/www.meydan.tv\\\/az\\\/article\\\/siyasi-biseksualliq\\\/#primaryimage\"},\"thumbnailUrl\":\"https:\\\/\\\/www.meydan.tv\\\/wp-content\\\/uploads\\\/18541.jpg\",\"articleSection\":[\"M\u0259nim Fikrimc\u0259\"],\"inLanguage\":\"az\"},{\"@type\":\"WebPage\",\"@id\":\"https:\\\/\\\/www.meydan.tv\\\/az\\\/article\\\/siyasi-biseksualliq\\\/\",\"url\":\"https:\\\/\\\/www.meydan.tv\\\/az\\\/article\\\/siyasi-biseksualliq\\\/\",\"name\":\"Siyasi biseksuall\u0131q - MEYDAN.TV\",\"isPartOf\":{\"@id\":\"https:\\\/\\\/www.meydan.tv\\\/az\\\/#website\"},\"primaryImageOfPage\":{\"@id\":\"https:\\\/\\\/www.meydan.tv\\\/az\\\/article\\\/siyasi-biseksualliq\\\/#primaryimage\"},\"image\":{\"@id\":\"https:\\\/\\\/www.meydan.tv\\\/az\\\/article\\\/siyasi-biseksualliq\\\/#primaryimage\"},\"thumbnailUrl\":\"https:\\\/\\\/www.meydan.tv\\\/wp-content\\\/uploads\\\/18541.jpg\",\"datePublished\":\"2016-02-21T23:26:17+00:00\",\"breadcrumb\":{\"@id\":\"https:\\\/\\\/www.meydan.tv\\\/az\\\/article\\\/siyasi-biseksualliq\\\/#breadcrumb\"},\"inLanguage\":\"az\",\"potentialAction\":[{\"@type\":\"ReadAction\",\"target\":[\"https:\\\/\\\/www.meydan.tv\\\/az\\\/article\\\/siyasi-biseksualliq\\\/\"]}]},{\"@type\":\"ImageObject\",\"inLanguage\":\"az\",\"@id\":\"https:\\\/\\\/www.meydan.tv\\\/az\\\/article\\\/siyasi-biseksualliq\\\/#primaryimage\",\"url\":\"https:\\\/\\\/www.meydan.tv\\\/wp-content\\\/uploads\\\/18541.jpg\",\"contentUrl\":\"https:\\\/\\\/www.meydan.tv\\\/wp-content\\\/uploads\\\/18541.jpg\",\"width\":500,\"height\":500,\"caption\":\"Source:\"},{\"@type\":\"BreadcrumbList\",\"@id\":\"https:\\\/\\\/www.meydan.tv\\\/az\\\/article\\\/siyasi-biseksualliq\\\/#breadcrumb\",\"itemListElement\":[{\"@type\":\"ListItem\",\"position\":1,\"name\":\"Ana s\u0259hif\u0259\",\"item\":\"https:\\\/\\\/www.meydan.tv\\\/az\\\/\"},{\"@type\":\"ListItem\",\"position\":2,\"name\":\"M\u0259nim Fikrimc\u0259\",\"item\":\"https:\\\/\\\/www.meydan.tv\\\/az\\\/section\\\/menim-fikrimce\\\/\"},{\"@type\":\"ListItem\",\"position\":3,\"name\":\"Siyasi biseksuall\u0131q\"}]},{\"@type\":\"WebSite\",\"@id\":\"https:\\\/\\\/www.meydan.tv\\\/az\\\/#website\",\"url\":\"https:\\\/\\\/www.meydan.tv\\\/az\\\/\",\"name\":\"MEYDAN.TV\",\"description\":\"Meydan TV Az\u0259rbaycan\u0131n media m\u0259kan\u0131ndak\u0131 alternativ s\u0259sidir\",\"publisher\":{\"@id\":\"https:\\\/\\\/www.meydan.tv\\\/az\\\/#organization\"},\"potentialAction\":[{\"@type\":\"SearchAction\",\"target\":{\"@type\":\"EntryPoint\",\"urlTemplate\":\"https:\\\/\\\/www.meydan.tv\\\/az\\\/?s={search_term_string}\"},\"query-input\":{\"@type\":\"PropertyValueSpecification\",\"valueRequired\":true,\"valueName\":\"search_term_string\"}}],\"inLanguage\":\"az\"},{\"@type\":\"Organization\",\"@id\":\"https:\\\/\\\/www.meydan.tv\\\/az\\\/#organization\",\"name\":\"Meydan TV\",\"url\":\"https:\\\/\\\/www.meydan.tv\\\/az\\\/\",\"logo\":{\"@type\":\"ImageObject\",\"inLanguage\":\"az\",\"@id\":\"https:\\\/\\\/www.meydan.tv\\\/az\\\/#\\\/schema\\\/logo\\\/image\\\/\",\"url\":\"https:\\\/\\\/www.meydan.tv\\\/wp-content\\\/uploads\\\/2021\\\/07\\\/meydan-logo.svg\",\"contentUrl\":\"https:\\\/\\\/www.meydan.tv\\\/wp-content\\\/uploads\\\/2021\\\/07\\\/meydan-logo.svg\",\"width\":195,\"height\":46,\"caption\":\"Meydan TV\"},\"image\":{\"@id\":\"https:\\\/\\\/www.meydan.tv\\\/az\\\/#\\\/schema\\\/logo\\\/image\\\/\"}},{\"@type\":\"Person\",\"@id\":\"https:\\\/\\\/www.meydan.tv\\\/az\\\/#\\\/schema\\\/person\\\/10d11eccf6da3662cf5fdab9806ea91a\",\"name\":\"user-manager\"}]}<\/script>\n<!-- \/ Yoast SEO plugin. -->","yoast_head_json":{"title":"Siyasi biseksuall\u0131q - MEYDAN.TV","robots":{"index":"index","follow":"follow","max-snippet":"max-snippet:-1","max-image-preview":"max-image-preview:large","max-video-preview":"max-video-preview:-1"},"canonical":"https:\/\/www.meydan.tv\/az\/article\/siyasi-biseksualliq\/","og_locale":"az_AZ","og_type":"article","og_title":"Siyasi biseksuall\u0131q - MEYDAN.TV","og_description":"Nigar K\u00f6\u00e7\u0259rlinin ba\u015f\u0131na g\u0259l\u0259nl\u0259r...","og_url":"https:\/\/www.meydan.tv\/az\/article\/siyasi-biseksualliq\/","og_site_name":"MEYDAN.TV","article_published_time":"2016-02-21T23:26:17+00:00","og_image":[{"width":500,"height":500,"url":"https:\/\/www.meydan.tv\/wp-content\/uploads\/18541.jpg","type":"image\/jpeg"}],"author":"user-manager","twitter_card":"summary_large_image","schema":{"@context":"https:\/\/schema.org","@graph":[{"@type":"Article","@id":"https:\/\/www.meydan.tv\/az\/article\/siyasi-biseksualliq\/#article","isPartOf":{"@id":"https:\/\/www.meydan.tv\/az\/article\/siyasi-biseksualliq\/"},"author":{"name":"user-manager","@id":"https:\/\/www.meydan.tv\/az\/#\/schema\/person\/10d11eccf6da3662cf5fdab9806ea91a"},"headline":"Siyasi biseksuall\u0131q","datePublished":"2016-02-21T23:26:17+00:00","mainEntityOfPage":{"@id":"https:\/\/www.meydan.tv\/az\/article\/siyasi-biseksualliq\/"},"wordCount":890,"publisher":{"@id":"https:\/\/www.meydan.tv\/az\/#organization"},"image":{"@id":"https:\/\/www.meydan.tv\/az\/article\/siyasi-biseksualliq\/#primaryimage"},"thumbnailUrl":"https:\/\/www.meydan.tv\/wp-content\/uploads\/18541.jpg","articleSection":["M\u0259nim Fikrimc\u0259"],"inLanguage":"az"},{"@type":"WebPage","@id":"https:\/\/www.meydan.tv\/az\/article\/siyasi-biseksualliq\/","url":"https:\/\/www.meydan.tv\/az\/article\/siyasi-biseksualliq\/","name":"Siyasi biseksuall\u0131q - MEYDAN.TV","isPartOf":{"@id":"https:\/\/www.meydan.tv\/az\/#website"},"primaryImageOfPage":{"@id":"https:\/\/www.meydan.tv\/az\/article\/siyasi-biseksualliq\/#primaryimage"},"image":{"@id":"https:\/\/www.meydan.tv\/az\/article\/siyasi-biseksualliq\/#primaryimage"},"thumbnailUrl":"https:\/\/www.meydan.tv\/wp-content\/uploads\/18541.jpg","datePublished":"2016-02-21T23:26:17+00:00","breadcrumb":{"@id":"https:\/\/www.meydan.tv\/az\/article\/siyasi-biseksualliq\/#breadcrumb"},"inLanguage":"az","potentialAction":[{"@type":"ReadAction","target":["https:\/\/www.meydan.tv\/az\/article\/siyasi-biseksualliq\/"]}]},{"@type":"ImageObject","inLanguage":"az","@id":"https:\/\/www.meydan.tv\/az\/article\/siyasi-biseksualliq\/#primaryimage","url":"https:\/\/www.meydan.tv\/wp-content\/uploads\/18541.jpg","contentUrl":"https:\/\/www.meydan.tv\/wp-content\/uploads\/18541.jpg","width":500,"height":500,"caption":"Source:"},{"@type":"BreadcrumbList","@id":"https:\/\/www.meydan.tv\/az\/article\/siyasi-biseksualliq\/#breadcrumb","itemListElement":[{"@type":"ListItem","position":1,"name":"Ana s\u0259hif\u0259","item":"https:\/\/www.meydan.tv\/az\/"},{"@type":"ListItem","position":2,"name":"M\u0259nim Fikrimc\u0259","item":"https:\/\/www.meydan.tv\/az\/section\/menim-fikrimce\/"},{"@type":"ListItem","position":3,"name":"Siyasi biseksuall\u0131q"}]},{"@type":"WebSite","@id":"https:\/\/www.meydan.tv\/az\/#website","url":"https:\/\/www.meydan.tv\/az\/","name":"MEYDAN.TV","description":"Meydan TV Az\u0259rbaycan\u0131n media m\u0259kan\u0131ndak\u0131 alternativ s\u0259sidir","publisher":{"@id":"https:\/\/www.meydan.tv\/az\/#organization"},"potentialAction":[{"@type":"SearchAction","target":{"@type":"EntryPoint","urlTemplate":"https:\/\/www.meydan.tv\/az\/?s={search_term_string}"},"query-input":{"@type":"PropertyValueSpecification","valueRequired":true,"valueName":"search_term_string"}}],"inLanguage":"az"},{"@type":"Organization","@id":"https:\/\/www.meydan.tv\/az\/#organization","name":"Meydan TV","url":"https:\/\/www.meydan.tv\/az\/","logo":{"@type":"ImageObject","inLanguage":"az","@id":"https:\/\/www.meydan.tv\/az\/#\/schema\/logo\/image\/","url":"https:\/\/www.meydan.tv\/wp-content\/uploads\/2021\/07\/meydan-logo.svg","contentUrl":"https:\/\/www.meydan.tv\/wp-content\/uploads\/2021\/07\/meydan-logo.svg","width":195,"height":46,"caption":"Meydan TV"},"image":{"@id":"https:\/\/www.meydan.tv\/az\/#\/schema\/logo\/image\/"}},{"@type":"Person","@id":"https:\/\/www.meydan.tv\/az\/#\/schema\/person\/10d11eccf6da3662cf5fdab9806ea91a","name":"user-manager"}]}},"_links":{"self":[{"href":"https:\/\/www.meydan.tv\/az\/wp-json\/wp\/v2\/posts\/173835","targetHints":{"allow":["GET"]}}],"collection":[{"href":"https:\/\/www.meydan.tv\/az\/wp-json\/wp\/v2\/posts"}],"about":[{"href":"https:\/\/www.meydan.tv\/az\/wp-json\/wp\/v2\/types\/post"}],"author":[{"embeddable":true,"href":"https:\/\/www.meydan.tv\/az\/wp-json\/wp\/v2\/users\/11"}],"replies":[{"embeddable":true,"href":"https:\/\/www.meydan.tv\/az\/wp-json\/wp\/v2\/comments?post=173835"}],"version-history":[{"count":0,"href":"https:\/\/www.meydan.tv\/az\/wp-json\/wp\/v2\/posts\/173835\/revisions"}],"wp:featuredmedia":[{"embeddable":true,"href":"https:\/\/www.meydan.tv\/az\/wp-json\/wp\/v2\/media\/49361"}],"wp:attachment":[{"href":"https:\/\/www.meydan.tv\/az\/wp-json\/wp\/v2\/media?parent=173835"}],"wp:term":[{"taxonomy":"category","embeddable":true,"href":"https:\/\/www.meydan.tv\/az\/wp-json\/wp\/v2\/categories?post=173835"},{"taxonomy":"post_tag","embeddable":true,"href":"https:\/\/www.meydan.tv\/az\/wp-json\/wp\/v2\/tags?post=173835"}],"curies":[{"name":"wp","href":"https:\/\/api.w.org\/{rel}","templated":true}]}}