{"id":173763,"date":"2016-02-18T17:09:43","date_gmt":"2016-02-18T17:09:43","guid":{"rendered":"https:\/\/www.meydan.tv\/article\/ozunu-doyub-evini-sokduler-video\/"},"modified":"2016-02-18T17:09:43","modified_gmt":"2016-02-18T17:09:43","slug":"ozunu-doyub-evini-sokduler-video","status":"publish","type":"post","link":"https:\/\/www.meydan.tv\/az\/article\/ozunu-doyub-evini-sokduler-video\/","title":{"rendered":"\u00d6z\u00fcn\u00fc d\u00f6y\u00fcb, evini s\u00f6kd\u00fcl\u0259r (V\u0130DEO)"},"content":{"rendered":"<figure class=\"wp-block-embed is-type-video is-provider-youtube wp-block-embed-youtube wp-embed-aspect-16-9 wp-has-aspect-ratio\">\n<div class=\"wp-block-embed__wrapper\">\n    <iframe loading=\"lazy\"\ttitle=\"\" width=\"1200\" height=\"675\" src=\"https:\/\/www.youtube.com\/embed\/TPfVMX5JnV0\"\tframeborder=\"0\"\tallow=\"accelerometer; autoplay; clipboard-write; encrypted-media; gyroscope; picture-in-picture\" allowfullscreen><\/iframe>\n  <\/div><figcaption><\/figcaption><\/figure>\n<p>\n  Ramanada ya\u015fayan \u018fli Mirz\u0259b\u0259yovun evi s\u00f6k\u00fcl\u00fcb. Onun dediyin\u0259 g\u00f6r\u0259, evin tikilm\u0259 icaz\u0259si \u00fc\u00e7\u00fcn 3 min manat verilm\u0259li imi\u015f. Amma bu pulu verm\u0259y\u0259 imkan\u0131 yoxdur. Deyir ki, d\u0259f\u0259l\u0259rl\u0259 Sabun\u00e7u Rayon \u0130cra Hakimiyy\u0259tin\u0259 tikinti icaz\u0259si almaq \u00fc\u00e7\u00fcn gets\u0259 d\u0259, q\u0259bula d\u00fc\u015f\u0259 bilm\u0259yib.\n<\/p>\n<p>\n  \u018fli Mirz\u0259b\u0259yov evinin s\u00f6k\u00fclm\u0259sini telefonuna \u00e7\u0259kdiyi \u00fc\u00e7\u00fcn t\u0259zyiq\u0259 m\u0259ruz qal\u0131b. M\u00fclk\u00fc geyimli \u015f\u0259xsl\u0259r onun telefonunu alma\u011fa c\u0259hd edib v\u0259 \u00e7\u0259kili\u015fi dayand\u0131rmas\u0131n\u0131 t\u0259l\u0259b edib.\n<\/p>\n<p>\n  M\u0259s\u0259l\u0259y\u0259 m\u00fcnasib\u0259t bildirm\u0259k \u00fc\u00e7\u00fcn Sabun\u00e7u Rayon \u0130cra Hakimiyy\u0259ti il\u0259 \u0259laq\u0259 saxlad\u0131q. \u00d6z\u00fcn\u00fc Q\u0259z\u0259nf\u0259r H\u0259s\u0259nov kimi t\u0259qdim ed\u0259n qurum \u0259m\u0259kda\u015f\u0131 dedi ki, onlar bel\u0259 adam tan\u0131m\u0131rlar v\u0259 he\u00e7 kimin d\u0259 evini s\u00f6km\u0259yibl\u0259r.\n<\/p>\n<p>\n  Ramana q\u0259s\u0259b\u0259 inzibati \u0259razi \u00fczr\u0259 icra n\u00fcmay\u0259nd\u0259liyinin apar\u0131c\u0131 m\u00fct\u0259x\u0259ssisi Zemfira xan\u0131m is\u0259 \u00f6nc\u0259 yaln\u0131z \u00fczb\u0259\u00fcz dan\u0131\u015fa bil\u0259c\u0259yini des\u0259 d\u0259, sonra bu bar\u0259d\u0259 m\u0259lumats\u0131z oldu\u011funu s\u00f6yl\u0259di.\n<\/p><\/p>\n","protected":false},"excerpt":{"rendered":"<p>Evinin s\u00f6k\u00fclm\u0259sini \u00e7\u0259k\u0259n zaman m\u00fclk\u00fc geyimli \u015f\u0259xsl\u0259r onun telefonunu alma\u011fa c\u0259hd edib v\u0259 \u00e7\u0259kili\u015fi dayand\u0131rmas\u0131n\u0131 t\u0259l\u0259b edib<\/p>\n","protected":false},"author":11,"featured_media":48964,"comment_status":"closed","ping_status":"open","sticky":false,"template":"","format":"standard","meta":{"_acf_changed":false,"_sitemap_exclude":false,"_sitemap_priority":"","_sitemap_frequency":"","footnotes":""},"categories":[63],"tags":[],"class_list":["post-173763","post","type-post","status-publish","format-standard","has-post-thumbnail","hentry","category-video-2","infinite-scroll-item","generate-columns","tablet-grid-50","mobile-grid-100","grid-parent","grid-33","no-featured-image-padding"],"acf":[],"yoast_head":"<!-- This site is optimized with the Yoast SEO plugin v28.4 - https:\/\/yoast.com\/product\/yoast-seo-wordpress\/ -->\n<title>\u00d6z\u00fcn\u00fc d\u00f6y\u00fcb, evini s\u00f6kd\u00fcl\u0259r (V\u0130DEO) - MEYDAN.TV<\/title>\n<meta name=\"robots\" content=\"index, follow, max-snippet:-1, max-image-preview:large, max-video-preview:-1\" \/>\n<link rel=\"canonical\" href=\"https:\/\/www.meydan.tv\/az\/article\/ozunu-doyub-evini-sokduler-video\/\" \/>\n<meta property=\"og:locale\" content=\"az_AZ\" \/>\n<meta property=\"og:type\" content=\"article\" \/>\n<meta property=\"og:title\" content=\"\u00d6z\u00fcn\u00fc d\u00f6y\u00fcb, evini s\u00f6kd\u00fcl\u0259r (V\u0130DEO) - MEYDAN.TV\" \/>\n<meta property=\"og:description\" content=\"Evinin s\u00f6k\u00fclm\u0259sini \u00e7\u0259k\u0259n zaman m\u00fclk\u00fc geyimli \u015f\u0259xsl\u0259r onun telefonunu alma\u011fa c\u0259hd edib v\u0259 \u00e7\u0259kili\u015fi dayand\u0131rmas\u0131n\u0131 t\u0259l\u0259b edib\" \/>\n<meta property=\"og:url\" content=\"https:\/\/www.meydan.tv\/az\/article\/ozunu-doyub-evini-sokduler-video\/\" \/>\n<meta property=\"og:site_name\" content=\"MEYDAN.TV\" \/>\n<meta property=\"article:published_time\" content=\"2016-02-18T17:09:43+00:00\" \/>\n<meta property=\"og:image\" content=\"https:\/\/www.meydan.tv\/wp-content\/uploads\/18398.jpg\" \/>\n\t<meta property=\"og:image:width\" content=\"836\" \/>\n\t<meta property=\"og:image:height\" content=\"476\" \/>\n\t<meta property=\"og:image:type\" content=\"image\/jpeg\" \/>\n<meta name=\"twitter:card\" content=\"summary_large_image\" \/>\n<!-- \/ Yoast SEO plugin. -->","yoast_head_json":{"title":"\u00d6z\u00fcn\u00fc d\u00f6y\u00fcb, evini s\u00f6kd\u00fcl\u0259r (V\u0130DEO) - MEYDAN.TV","robots":{"index":"index","follow":"follow","max-snippet":"max-snippet:-1","max-image-preview":"max-image-preview:large","max-video-preview":"max-video-preview:-1"},"canonical":"https:\/\/www.meydan.tv\/az\/article\/ozunu-doyub-evini-sokduler-video\/","og_locale":"az_AZ","og_type":"article","og_title":"\u00d6z\u00fcn\u00fc d\u00f6y\u00fcb, evini s\u00f6kd\u00fcl\u0259r (V\u0130DEO) - MEYDAN.TV","og_description":"Evinin s\u00f6k\u00fclm\u0259sini \u00e7\u0259k\u0259n zaman m\u00fclk\u00fc geyimli \u015f\u0259xsl\u0259r onun telefonunu alma\u011fa c\u0259hd edib v\u0259 \u00e7\u0259kili\u015fi dayand\u0131rmas\u0131n\u0131 t\u0259l\u0259b edib","og_url":"https:\/\/www.meydan.tv\/az\/article\/ozunu-doyub-evini-sokduler-video\/","og_site_name":"MEYDAN.TV","article_published_time":"2016-02-18T17:09:43+00:00","og_image":[{"width":836,"height":476,"url":"https:\/\/www.meydan.tv\/wp-content\/uploads\/18398.jpg","type":"image\/jpeg"}],"twitter_card":"summary_large_image","schema":{"@context":"https:\/\/schema.org","@graph":[{"@type":"Article","@id":"https:\/\/www.meydan.tv\/az\/article\/ozunu-doyub-evini-sokduler-video\/#article","isPartOf":{"@id":"https:\/\/www.meydan.tv\/az\/article\/ozunu-doyub-evini-sokduler-video\/"},"author":{"name":"user-manager","@id":"https:\/\/www.meydan.tv\/az\/#\/schema\/person\/10d11eccf6da3662cf5fdab9806ea91a"},"headline":"\u00d6z\u00fcn\u00fc d\u00f6y\u00fcb, evini s\u00f6kd\u00fcl\u0259r (V\u0130DEO)","datePublished":"2016-02-18T17:09:43+00:00","mainEntityOfPage":{"@id":"https:\/\/www.meydan.tv\/az\/article\/ozunu-doyub-evini-sokduler-video\/"},"wordCount":209,"publisher":{"@id":"https:\/\/www.meydan.tv\/az\/#organization"},"image":{"@id":"https:\/\/www.meydan.tv\/az\/article\/ozunu-doyub-evini-sokduler-video\/#primaryimage"},"thumbnailUrl":"https:\/\/www.meydan.tv\/wp-content\/uploads\/18398.jpg","articleSection":["Video"],"inLanguage":"az"},{"@type":"WebPage","@id":"https:\/\/www.meydan.tv\/az\/article\/ozunu-doyub-evini-sokduler-video\/","url":"https:\/\/www.meydan.tv\/az\/article\/ozunu-doyub-evini-sokduler-video\/","name":"\u00d6z\u00fcn\u00fc d\u00f6y\u00fcb, evini s\u00f6kd\u00fcl\u0259r (V\u0130DEO) - MEYDAN.TV","isPartOf":{"@id":"https:\/\/www.meydan.tv\/az\/#website"},"primaryImageOfPage":{"@id":"https:\/\/www.meydan.tv\/az\/article\/ozunu-doyub-evini-sokduler-video\/#primaryimage"},"image":{"@id":"https:\/\/www.meydan.tv\/az\/article\/ozunu-doyub-evini-sokduler-video\/#primaryimage"},"thumbnailUrl":"https:\/\/www.meydan.tv\/wp-content\/uploads\/18398.jpg","datePublished":"2016-02-18T17:09:43+00:00","breadcrumb":{"@id":"https:\/\/www.meydan.tv\/az\/article\/ozunu-doyub-evini-sokduler-video\/#breadcrumb"},"inLanguage":"az","potentialAction":[{"@type":"ReadAction","target":["https:\/\/www.meydan.tv\/az\/article\/ozunu-doyub-evini-sokduler-video\/"]}]},{"@type":"ImageObject","inLanguage":"az","@id":"https:\/\/www.meydan.tv\/az\/article\/ozunu-doyub-evini-sokduler-video\/#primaryimage","url":"https:\/\/www.meydan.tv\/wp-content\/uploads\/18398.jpg","contentUrl":"https:\/\/www.meydan.tv\/wp-content\/uploads\/18398.jpg","width":836,"height":476,"caption":"Source:"},{"@type":"BreadcrumbList","@id":"https:\/\/www.meydan.tv\/az\/article\/ozunu-doyub-evini-sokduler-video\/#breadcrumb","itemListElement":[{"@type":"ListItem","position":1,"name":"Ana s\u0259hif\u0259","item":"https:\/\/www.meydan.tv\/az\/"},{"@type":"ListItem","position":2,"name":"Video","item":"https:\/\/www.meydan.tv\/az\/section\/video-2\/"},{"@type":"ListItem","position":3,"name":"\u00d6z\u00fcn\u00fc d\u00f6y\u00fcb, evini s\u00f6kd\u00fcl\u0259r (V\u0130DEO)"}]},{"@type":"WebSite","@id":"https:\/\/www.meydan.tv\/az\/#website","url":"https:\/\/www.meydan.tv\/az\/","name":"MEYDAN.TV","description":"Meydan TV Az\u0259rbaycan\u0131n media m\u0259kan\u0131ndak\u0131 alternativ s\u0259sidir","publisher":{"@id":"https:\/\/www.meydan.tv\/az\/#organization"},"potentialAction":[{"@type":"SearchAction","target":{"@type":"EntryPoint","urlTemplate":"https:\/\/www.meydan.tv\/az\/?s={search_term_string}"},"query-input":{"@type":"PropertyValueSpecification","valueRequired":true,"valueName":"search_term_string"}}],"inLanguage":"az"},{"@type":"Organization","@id":"https:\/\/www.meydan.tv\/az\/#organization","name":"Meydan TV","url":"https:\/\/www.meydan.tv\/az\/","logo":{"@type":"ImageObject","inLanguage":"az","@id":"https:\/\/www.meydan.tv\/az\/#\/schema\/logo\/image\/","url":"https:\/\/www.meydan.tv\/wp-content\/uploads\/2021\/07\/meydan-logo.svg","contentUrl":"https:\/\/www.meydan.tv\/wp-content\/uploads\/2021\/07\/meydan-logo.svg","width":195,"height":46,"caption":"Meydan TV"},"image":{"@id":"https:\/\/www.meydan.tv\/az\/#\/schema\/logo\/image\/"}},{"@type":"Person","@id":"https:\/\/www.meydan.tv\/az\/#\/schema\/person\/10d11eccf6da3662cf5fdab9806ea91a","name":"user-manager"}]}},"_links":{"self":[{"href":"https:\/\/www.meydan.tv\/az\/wp-json\/wp\/v2\/posts\/173763","targetHints":{"allow":["GET"]}}],"collection":[{"href":"https:\/\/www.meydan.tv\/az\/wp-json\/wp\/v2\/posts"}],"about":[{"href":"https:\/\/www.meydan.tv\/az\/wp-json\/wp\/v2\/types\/post"}],"author":[{"embeddable":true,"href":"https:\/\/www.meydan.tv\/az\/wp-json\/wp\/v2\/users\/11"}],"replies":[{"embeddable":true,"href":"https:\/\/www.meydan.tv\/az\/wp-json\/wp\/v2\/comments?post=173763"}],"version-history":[{"count":0,"href":"https:\/\/www.meydan.tv\/az\/wp-json\/wp\/v2\/posts\/173763\/revisions"}],"wp:featuredmedia":[{"embeddable":true,"href":"https:\/\/www.meydan.tv\/az\/wp-json\/wp\/v2\/media\/48964"}],"wp:attachment":[{"href":"https:\/\/www.meydan.tv\/az\/wp-json\/wp\/v2\/media?parent=173763"}],"wp:term":[{"taxonomy":"category","embeddable":true,"href":"https:\/\/www.meydan.tv\/az\/wp-json\/wp\/v2\/categories?post=173763"},{"taxonomy":"post_tag","embeddable":true,"href":"https:\/\/www.meydan.tv\/az\/wp-json\/wp\/v2\/tags?post=173763"}],"curies":[{"name":"wp","href":"https:\/\/api.w.org\/{rel}","templated":true}]}}