{"id":173702,"date":"2016-02-16T21:15:25","date_gmt":"2016-02-16T21:15:25","guid":{"rendered":"https:\/\/www.meydan.tv\/article\/hansi-uzle-bayram\/"},"modified":"2016-02-16T21:15:25","modified_gmt":"2016-02-16T21:15:25","slug":"hansi-uzle-bayram","status":"publish","type":"post","link":"https:\/\/www.meydan.tv\/az\/article\/hansi-uzle-bayram\/","title":{"rendered":"Hans\u0131 \u00fczl\u0259 bayram?"},"content":{"rendered":"<figure class=\"wp-block-image size-large\">\n  <img decoding=\"async\" src=\"https:\/\/www.meydan.tv\/az\/48691\/\" alt=\"\" class=\"wp-image-48691\"\/><figcaption><\/figcaption><\/figure>\n<\/p>\n<figure class=\"wp-block-image size-large\">\n  <img decoding=\"async\" src=\"https:\/\/www.meydan.tv\/az\/48685\/\" alt=\"\" class=\"wp-image-48685\"\/><figcaption><\/figcaption><\/figure>\n<p>\n  <i><br \/>\n    <b><br \/>\n      Y\u0259qin ki, bu sor\u011funu e\u015fid\u0259n adamlar\u0131n yad\u0131na d\u00fc\u015f\u0259r, bu il \u201cGallup&#8221; ara\u015fd\u0131rma \u015firk\u0259tinin apard\u0131\u011f\u0131 sor\u011funun n\u0259tic\u0259l\u0259rin\u0259 \u0259sas\u0259n \u00f6lk\u0259miz x\u00f6\u015fb\u0259xt \u00f6lk\u0259l\u0259r siyah\u0131s\u0131nda be\u015finci s\u0131rada q\u0259rarla\u015f\u0131b. Bu tip sor\u011fular\u0131n n\u0259tic\u0259si t\u0259bii ki, \u00e7oxlar\u0131na inand\u0131r\u0131c\u0131 g\u0259lmir, el\u0259c\u0259 d\u0259 m\u0259n\u0259. Oturub n\u0259 q\u0259d\u0259r d\u00fc\u015f\u00fcns\u0259m d\u0259, Az\u0259rbaycanda ya\u015fayan insanlar\u0131n xo\u015fb\u0259xt olmas\u0131na inana bilm\u0259r\u0259m, m\u00fcmk\u00fcn deyil bu.<br \/>\n    <\/b><br \/>\n  <\/i>\n<\/p>\n<p>\n  Amma sor\u011fudan bel\u0259 bir n\u0259tic\u0259 \u00e7\u0131xarmaq olar ki, insanlar h\u0259qiq\u0259t\u0259n \u00f6z dill\u0259ri il\u0259 deyibl\u0259r xo\u015fb\u0259xt olduqlar\u0131n\u0131. Otuz min, y\u00fcz min, lap olsun bir milyon insandan bu cavab\u0131n al\u0131nmas\u0131 m\u0259ni he\u00e7 d\u0259 t\u0259\u0259c\u00fc\u00fcbl\u0259ndirm\u0259z, lap doqquz milyon da bel\u0259 cavab vers\u0259, olar, amma n\u0259tic\u0259 d\u0259yi\u015fmir. Bizim insanlar\u0131n ya\u015famaq anlay\u0131\u015f\u0131nda m\u0259nim \u00fc\u00e7\u00fcn bir \u00e7ox qaranl\u0131q qalan yerl\u0259r var, y\u0259ni m\u0259nim \u00fc\u00e7\u00fcn el\u0259 ya\u015famaq ya\u015famaq deyil. M\u00f6vzu \u00f6z x\u0259ttind\u0259n \u00e7\u0131xmas\u0131n dey\u0259 ya\u015famaq haqq\u0131nda \u00e7ox yazmaq ist\u0259mir\u0259m, bu \u00f6z yerind\u0259 qals\u0131n.\n<\/p>\n<p>\n  \u0130ki g\u00fcn \u0259vv\u0259l d\u00fcnyan\u0131n bir \u00e7ox \u00f6lk\u0259l\u0259rind\u0259, el\u0259c\u0259 d\u0259 Az\u0259rbaycanda \u201cBeyn\u0259lxalq sevgilil\u0259r g\u00fcn\u00fc\u201d kimi qeyd edildi. Sevgilil\u0259r g\u00fcn\u00fc v\u0259 ya ba\u015fqa g\u00fcnl\u0259r haqq\u0131nda dan\u0131\u015fmaq ist\u0259mir\u0259m. M\u0259n \u00fcmumi bel\u0259 x\u00fcsusi g\u00fcnl\u0259rin ya da bayramlar\u0131n Az\u0259rbaycanda ya\u015fayan insanlar\u0131n nec\u0259 qeyd etm\u0259sind\u0259n dan\u0131\u015facam. \u018fvv\u0259l onu deyim ki, u\u015faql\u0131\u011f\u0131mdan bu g\u00fcn\u0259 q\u0259d\u0259r he\u00e7 vaxt g\u00f6rm\u0259mi\u015f\u0259m ki, bel\u0259 g\u00fcnl\u0259ri , bayramlar\u0131 bizim insanlar normal qeyd etsinl\u0259r. Bilir\u0259m, bu b\u00f6y\u00fck iddiad\u0131r, amma m\u0259n g\u00f6rm\u0259mi\u015f\u0259m.\n<\/p>\n<p>\n  Bayram g\u00fcnl\u0259ri x\u00fcsusi olur, \u0259yl\u0259nc\u0259li olur, insanlar \u00f6zl\u0259rini xo\u015fb\u0259xt hiss edir. Bu, b\u00fct\u00fcn d\u00fcnyada bel\u0259dir. Fikir verin, biz bayramlar\u0131, x\u00fcsusi g\u00fcnl\u0259ri s\u0259mimi qeyd ed\u0259 bilmirik, bu g\u00fcnl\u0259rd\u0259 sevin\u0259 bilmirik. He\u00e7 s\u0259mimi t\u0259brik d\u0259 ed\u0259 bilmirik bir-birimizi. T\u0259brik ed\u0259nd\u0259 bel\u0259 b\u00f6l\u00fcn\u00fcr\u00fck, ayr\u0131l\u0131r\u0131q. \u00dcz\u00fcm\u00fczd\u0259 g\u00fcl\u00fc\u015f olanda izahl\u0131 olur, izah etm\u0259k ist\u0259yirik ki, hans\u0131 s\u0259b\u0259bd\u0259n g\u00fcl\u00fcr\u00fck.\n<\/p>\n<p>\n  M\u0259s\u0259l\u0259n, m\u00fc\u0259lliml\u0259r g\u00fcn\u00fc b\u00fct\u00fcn m\u00fc\u0259lliml\u0259ri t\u0259brik ed\u0259 bilmirik. \u00dcmumiyy\u0259tl\u0259, bu \u00f6lk\u0259d\u0259 m\u00fc\u0259liml\u0259r g\u00fcn\u00fc, g\u0259ncl\u0259r g\u00fcn\u00fc kimi qeyd edil\u0259n g\u00fcnl\u0259r \u00e7ox g\u00fclm\u0259li eyni zamanda \u00e7ox faci\u0259lidir. X\u00fcsusi g\u00fcnl\u0259rin x\u00fcsusi bir tarixi olur, amma biz o tarixl\u0259 ba\u011fl\u0131 qalm\u0131r\u0131q g\u0259l\u0259c\u0259kd\u0259, biz g\u0259l\u0259c\u0259kd\u0259 o g\u00fcnl\u0259ri insanlar\u0131n ya\u015fam\u0131 \u00fcz\u0259rind\u0259n qeyd edirik.\n<\/p>\n<p>\n  M\u00fc\u0259llimd\u0259n bu q\u0259d\u0259r ziyan alan bir v\u0259tanda\u015f kimi, m\u00fc\u0259lliml\u0259r g\u00fcn\u00fcn\u00fc qeyd ed\u0259 bilmir\u0259m, g\u0259nci \u00fcmumiyy\u0259tl\u0259 m\u0259hv etm\u0259y\u0259 \u00e7al\u0131\u015fan, g\u0259nci g\u00f6rm\u0259zd\u0259n g\u0259l\u0259n bir c\u0259miyy\u0259td\u0259 g\u0259ncl\u0259r g\u00fcn\u00fcn\u00fc qeyd etm\u0259k \u0259n az\u0131 d\u0259lilik olard\u0131. H\u0259l\u0259 hakimiyy\u0259t t\u0259r\u0259find\u0259n f\u0259rqli bax\u0131\u015flar\u0131na g\u00f6r\u0259 h\u0259bs\u0259 d\u00fc\u015fm\u00fc\u015f g\u0259ncl\u0259rin, f\u0259rqli bax\u0131\u015flar\u0131na g\u00f6r\u0259 t\u0259qib, t\u0259ziq olunan g\u0259ncl\u0259ri olan bir \u00f6lk\u0259d\u0259 he\u00e7 n\u0259 imkan verm\u0259z g\u0259ncl\u0259r g\u00fcn\u00fc qeyd etm\u0259y\u0259.\n<\/p>\n<p>\n  Uza\u011fa, lap uza\u011fa gedib, sakitc\u0259 \u00f6lk\u0259mizi izl\u0259m\u0259yi d\u00fc\u015f\u00fcn\u00fcn, g\u00f6r\u0259rsiniz ki, biz nec\u0259 ya\u015fay\u0131r\u0131q \u0259slind\u0259.<br \/>\n  <br \/>\n  \u0130nancl\u0131 bir dostumun bir d\u0259f\u0259 m\u0259scidd\u0259n pul qab\u0131s\u0131n\u0131 o\u011furlam\u0131\u015fd\u0131lar, onda bel\u0259 bir s\u00f6z demi\u015fdi: \u201cBu \u00f6lk\u0259d\u0259 rahatl\u0131qla ibad\u0259t etm\u0259y\u0259 d\u0259 qorxuram.\u201d Bu s\u00f6z \u00e7ox \u015fey deyir. H\u0259qiq\u0259t\u0259n bu \u00f6lk\u0259d\u0259 rahatl\u0131q yoxdur, h\u0259r g\u00fcn\u00fcm\u00fcz, h\u0259r an\u0131m\u0131z narahatd\u0131r. \u0130st\u0259r mental d\u0259y\u0259rl\u0259rin biz\u0259 vurdu\u011fu z\u0259rb\u0259, ist\u0259r sistemin biz\u0259 vurdu\u011fu z\u0259rb\u0259-b\u00fct\u00fcn z\u0259rb\u0259l\u0259r bizi el\u0259 hala sal\u0131b ki, n\u0259inki xo\u015fb\u0259xtlik he\u00e7 ya\u015famaqdan da dan\u0131\u015fma\u011fa d\u0259ymir.\n<\/p>\n<p>\n  C\u0259miyy\u0259t aras\u0131nda bir-birin\u0259 nifr\u0259t ed\u0259n insanlar, bir-birini aldadan, bir-birin\u0259 yalan dan\u0131\u015fan, bir-birin\u0259 qar\u0131\u015fan insanlar. Be\u015f d\u0259qiq\u0259 avtobusda bel\u0259 evimiz\u0259 rahat ged\u0259 bilmirik.\n<\/p>\n<p>\n  \u0130ld\u0259 birc\u0259 g\u00fcn x\u00fcsusi g\u00fcnl\u0259rini, birc\u0259 g\u00fcn bayramlar\u0131 normal \u015f\u0259kild\u0259 qeyd ed\u0259 bilm\u0259y\u0259n insanlar\u0131n xo\u015fb\u0259xt olmas\u0131ndan dan\u0131\u015fmaq \u00e7ox g\u00fcl\u00fcncd\u00fcr, amma g\u0259lin reall\u0131\u011fa qay\u0131daq bir d\u0259- bizim insanlar xo\u015fb\u0259xtrdirmi?\n<\/p>\n<p>\n  B\u0259li xo\u015fb\u0259xtdir. \u0130nsanlar milli mentalitetin, z\u0259h\u0259rli qanunlar\u0131n\u0131n, d\u00fc\u015f\u00fcnc\u0259l\u0259rinin onlara vurdu\u011fu z\u0259rb\u0259d\u0259n x\u0259b\u0259rsizdil\u0259r. \u0130nsanlar sistemin onlara vurdu\u011fu d\u0259rin z\u0259rb\u0259l\u0259rin ziyan\u0131ndan x\u0259b\u0259rsizdir. X\u0259b\u0259rsiz olduqlar\u0131na inan\u0131blar, \u00f6zl\u0259rini aldad\u0131blar, insanlar\u0131n ya\u015famaq anlay\u0131\u015f\u0131 sad\u0259c\u0259 yem\u0259k-i\u00e7m\u0259k q\u0259d\u0259r b\u0259sid bir v\u0259ziyy\u0259t\u0259 g\u0259lib \u00e7\u0131x\u0131b. Bel\u0259 bir c\u0259miyy\u0259td\u0259 he\u00e7 bir x\u00fcsusi g\u00fcnd\u0259n, he\u00e7 bir bayramdan, he\u00e7 bir xo\u015fb\u0259xtlikd\u0259n s\u00f6hb\u0259t a\u00e7maq d\u00fczg\u00fcn deyil.\n<\/p>\n<p>\n  <b><br \/>\n    Yaz\u0131 m\u00fc\u0259llifin \u015f\u0259xsi m\u00f6vqeyini \u0259ks etdirir&#8230;<br \/>\n  <\/b><\/p>\n","protected":false},"excerpt":{"rendered":"<p>Xo\u015fb\u0259xt olmalar\u0131na inana bilmir\u0259m&#8230;<\/p>\n","protected":false},"author":11,"featured_media":48691,"comment_status":"closed","ping_status":"open","sticky":false,"template":"","format":"standard","meta":{"_acf_changed":false,"_sitemap_exclude":false,"_sitemap_priority":"","_sitemap_frequency":"","footnotes":""},"categories":[57],"tags":[],"class_list":["post-173702","post","type-post","status-publish","format-standard","has-post-thumbnail","hentry","category-menim-fikrimce","infinite-scroll-item","generate-columns","tablet-grid-50","mobile-grid-100","grid-parent","grid-33","no-featured-image-padding"],"acf":[],"yoast_head":"<!-- This site is optimized with the Yoast SEO plugin v27.5 - https:\/\/yoast.com\/product\/yoast-seo-wordpress\/ -->\n<title>Hans\u0131 \u00fczl\u0259 bayram? - MEYDAN.TV<\/title>\n<meta name=\"robots\" content=\"index, follow, max-snippet:-1, max-image-preview:large, max-video-preview:-1\" \/>\n<link rel=\"canonical\" href=\"https:\/\/www.meydan.tv\/az\/article\/hansi-uzle-bayram\/\" \/>\n<meta property=\"og:locale\" content=\"az_AZ\" \/>\n<meta property=\"og:type\" content=\"article\" \/>\n<meta property=\"og:title\" content=\"Hans\u0131 \u00fczl\u0259 bayram? - MEYDAN.TV\" \/>\n<meta property=\"og:description\" content=\"Xo\u015fb\u0259xt olmalar\u0131na inana bilmir\u0259m...\" \/>\n<meta property=\"og:url\" content=\"https:\/\/www.meydan.tv\/az\/article\/hansi-uzle-bayram\/\" \/>\n<meta property=\"og:site_name\" content=\"MEYDAN.TV\" \/>\n<meta property=\"article:published_time\" content=\"2016-02-16T21:15:25+00:00\" \/>\n<meta property=\"og:image\" content=\"https:\/\/www.meydan.tv\/wp-content\/uploads\/18303.jpg\" \/>\n\t<meta property=\"og:image:width\" content=\"500\" \/>\n\t<meta property=\"og:image:height\" content=\"500\" \/>\n\t<meta property=\"og:image:type\" content=\"image\/jpeg\" \/>\n<meta name=\"author\" content=\"user-manager\" \/>\n<meta name=\"twitter:card\" content=\"summary_large_image\" \/>\n<script type=\"application\/ld+json\" class=\"yoast-schema-graph\">{\"@context\":\"https:\\\/\\\/schema.org\",\"@graph\":[{\"@type\":\"Article\",\"@id\":\"https:\\\/\\\/www.meydan.tv\\\/az\\\/article\\\/hansi-uzle-bayram\\\/#article\",\"isPartOf\":{\"@id\":\"https:\\\/\\\/www.meydan.tv\\\/az\\\/article\\\/hansi-uzle-bayram\\\/\"},\"author\":{\"name\":\"user-manager\",\"@id\":\"https:\\\/\\\/www.meydan.tv\\\/az\\\/#\\\/schema\\\/person\\\/10d11eccf6da3662cf5fdab9806ea91a\"},\"headline\":\"Hans\u0131 \u00fczl\u0259 bayram?\",\"datePublished\":\"2016-02-16T21:15:25+00:00\",\"mainEntityOfPage\":{\"@id\":\"https:\\\/\\\/www.meydan.tv\\\/az\\\/article\\\/hansi-uzle-bayram\\\/\"},\"wordCount\":971,\"publisher\":{\"@id\":\"https:\\\/\\\/www.meydan.tv\\\/az\\\/#organization\"},\"image\":{\"@id\":\"https:\\\/\\\/www.meydan.tv\\\/az\\\/article\\\/hansi-uzle-bayram\\\/#primaryimage\"},\"thumbnailUrl\":\"https:\\\/\\\/www.meydan.tv\\\/wp-content\\\/uploads\\\/18303.jpg\",\"articleSection\":[\"M\u0259nim Fikrimc\u0259\"],\"inLanguage\":\"az\"},{\"@type\":\"WebPage\",\"@id\":\"https:\\\/\\\/www.meydan.tv\\\/az\\\/article\\\/hansi-uzle-bayram\\\/\",\"url\":\"https:\\\/\\\/www.meydan.tv\\\/az\\\/article\\\/hansi-uzle-bayram\\\/\",\"name\":\"Hans\u0131 \u00fczl\u0259 bayram? - MEYDAN.TV\",\"isPartOf\":{\"@id\":\"https:\\\/\\\/www.meydan.tv\\\/az\\\/#website\"},\"primaryImageOfPage\":{\"@id\":\"https:\\\/\\\/www.meydan.tv\\\/az\\\/article\\\/hansi-uzle-bayram\\\/#primaryimage\"},\"image\":{\"@id\":\"https:\\\/\\\/www.meydan.tv\\\/az\\\/article\\\/hansi-uzle-bayram\\\/#primaryimage\"},\"thumbnailUrl\":\"https:\\\/\\\/www.meydan.tv\\\/wp-content\\\/uploads\\\/18303.jpg\",\"datePublished\":\"2016-02-16T21:15:25+00:00\",\"breadcrumb\":{\"@id\":\"https:\\\/\\\/www.meydan.tv\\\/az\\\/article\\\/hansi-uzle-bayram\\\/#breadcrumb\"},\"inLanguage\":\"az\",\"potentialAction\":[{\"@type\":\"ReadAction\",\"target\":[\"https:\\\/\\\/www.meydan.tv\\\/az\\\/article\\\/hansi-uzle-bayram\\\/\"]}]},{\"@type\":\"ImageObject\",\"inLanguage\":\"az\",\"@id\":\"https:\\\/\\\/www.meydan.tv\\\/az\\\/article\\\/hansi-uzle-bayram\\\/#primaryimage\",\"url\":\"https:\\\/\\\/www.meydan.tv\\\/wp-content\\\/uploads\\\/18303.jpg\",\"contentUrl\":\"https:\\\/\\\/www.meydan.tv\\\/wp-content\\\/uploads\\\/18303.jpg\",\"width\":500,\"height\":500,\"caption\":\"Source:\"},{\"@type\":\"BreadcrumbList\",\"@id\":\"https:\\\/\\\/www.meydan.tv\\\/az\\\/article\\\/hansi-uzle-bayram\\\/#breadcrumb\",\"itemListElement\":[{\"@type\":\"ListItem\",\"position\":1,\"name\":\"Ana s\u0259hif\u0259\",\"item\":\"https:\\\/\\\/www.meydan.tv\\\/az\\\/\"},{\"@type\":\"ListItem\",\"position\":2,\"name\":\"M\u0259nim Fikrimc\u0259\",\"item\":\"https:\\\/\\\/www.meydan.tv\\\/az\\\/section\\\/menim-fikrimce\\\/\"},{\"@type\":\"ListItem\",\"position\":3,\"name\":\"Hans\u0131 \u00fczl\u0259 bayram?\"}]},{\"@type\":\"WebSite\",\"@id\":\"https:\\\/\\\/www.meydan.tv\\\/az\\\/#website\",\"url\":\"https:\\\/\\\/www.meydan.tv\\\/az\\\/\",\"name\":\"MEYDAN.TV\",\"description\":\"Meydan TV Az\u0259rbaycan\u0131n media m\u0259kan\u0131ndak\u0131 alternativ s\u0259sidir\",\"publisher\":{\"@id\":\"https:\\\/\\\/www.meydan.tv\\\/az\\\/#organization\"},\"potentialAction\":[{\"@type\":\"SearchAction\",\"target\":{\"@type\":\"EntryPoint\",\"urlTemplate\":\"https:\\\/\\\/www.meydan.tv\\\/az\\\/?s={search_term_string}\"},\"query-input\":{\"@type\":\"PropertyValueSpecification\",\"valueRequired\":true,\"valueName\":\"search_term_string\"}}],\"inLanguage\":\"az\"},{\"@type\":\"Organization\",\"@id\":\"https:\\\/\\\/www.meydan.tv\\\/az\\\/#organization\",\"name\":\"Meydan TV\",\"url\":\"https:\\\/\\\/www.meydan.tv\\\/az\\\/\",\"logo\":{\"@type\":\"ImageObject\",\"inLanguage\":\"az\",\"@id\":\"https:\\\/\\\/www.meydan.tv\\\/az\\\/#\\\/schema\\\/logo\\\/image\\\/\",\"url\":\"https:\\\/\\\/www.meydan.tv\\\/wp-content\\\/uploads\\\/2021\\\/07\\\/meydan-logo.svg\",\"contentUrl\":\"https:\\\/\\\/www.meydan.tv\\\/wp-content\\\/uploads\\\/2021\\\/07\\\/meydan-logo.svg\",\"width\":195,\"height\":46,\"caption\":\"Meydan TV\"},\"image\":{\"@id\":\"https:\\\/\\\/www.meydan.tv\\\/az\\\/#\\\/schema\\\/logo\\\/image\\\/\"}},{\"@type\":\"Person\",\"@id\":\"https:\\\/\\\/www.meydan.tv\\\/az\\\/#\\\/schema\\\/person\\\/10d11eccf6da3662cf5fdab9806ea91a\",\"name\":\"user-manager\"}]}<\/script>\n<!-- \/ Yoast SEO plugin. -->","yoast_head_json":{"title":"Hans\u0131 \u00fczl\u0259 bayram? - MEYDAN.TV","robots":{"index":"index","follow":"follow","max-snippet":"max-snippet:-1","max-image-preview":"max-image-preview:large","max-video-preview":"max-video-preview:-1"},"canonical":"https:\/\/www.meydan.tv\/az\/article\/hansi-uzle-bayram\/","og_locale":"az_AZ","og_type":"article","og_title":"Hans\u0131 \u00fczl\u0259 bayram? - MEYDAN.TV","og_description":"Xo\u015fb\u0259xt olmalar\u0131na inana bilmir\u0259m...","og_url":"https:\/\/www.meydan.tv\/az\/article\/hansi-uzle-bayram\/","og_site_name":"MEYDAN.TV","article_published_time":"2016-02-16T21:15:25+00:00","og_image":[{"width":500,"height":500,"url":"https:\/\/www.meydan.tv\/wp-content\/uploads\/18303.jpg","type":"image\/jpeg"}],"author":"user-manager","twitter_card":"summary_large_image","schema":{"@context":"https:\/\/schema.org","@graph":[{"@type":"Article","@id":"https:\/\/www.meydan.tv\/az\/article\/hansi-uzle-bayram\/#article","isPartOf":{"@id":"https:\/\/www.meydan.tv\/az\/article\/hansi-uzle-bayram\/"},"author":{"name":"user-manager","@id":"https:\/\/www.meydan.tv\/az\/#\/schema\/person\/10d11eccf6da3662cf5fdab9806ea91a"},"headline":"Hans\u0131 \u00fczl\u0259 bayram?","datePublished":"2016-02-16T21:15:25+00:00","mainEntityOfPage":{"@id":"https:\/\/www.meydan.tv\/az\/article\/hansi-uzle-bayram\/"},"wordCount":971,"publisher":{"@id":"https:\/\/www.meydan.tv\/az\/#organization"},"image":{"@id":"https:\/\/www.meydan.tv\/az\/article\/hansi-uzle-bayram\/#primaryimage"},"thumbnailUrl":"https:\/\/www.meydan.tv\/wp-content\/uploads\/18303.jpg","articleSection":["M\u0259nim Fikrimc\u0259"],"inLanguage":"az"},{"@type":"WebPage","@id":"https:\/\/www.meydan.tv\/az\/article\/hansi-uzle-bayram\/","url":"https:\/\/www.meydan.tv\/az\/article\/hansi-uzle-bayram\/","name":"Hans\u0131 \u00fczl\u0259 bayram? - MEYDAN.TV","isPartOf":{"@id":"https:\/\/www.meydan.tv\/az\/#website"},"primaryImageOfPage":{"@id":"https:\/\/www.meydan.tv\/az\/article\/hansi-uzle-bayram\/#primaryimage"},"image":{"@id":"https:\/\/www.meydan.tv\/az\/article\/hansi-uzle-bayram\/#primaryimage"},"thumbnailUrl":"https:\/\/www.meydan.tv\/wp-content\/uploads\/18303.jpg","datePublished":"2016-02-16T21:15:25+00:00","breadcrumb":{"@id":"https:\/\/www.meydan.tv\/az\/article\/hansi-uzle-bayram\/#breadcrumb"},"inLanguage":"az","potentialAction":[{"@type":"ReadAction","target":["https:\/\/www.meydan.tv\/az\/article\/hansi-uzle-bayram\/"]}]},{"@type":"ImageObject","inLanguage":"az","@id":"https:\/\/www.meydan.tv\/az\/article\/hansi-uzle-bayram\/#primaryimage","url":"https:\/\/www.meydan.tv\/wp-content\/uploads\/18303.jpg","contentUrl":"https:\/\/www.meydan.tv\/wp-content\/uploads\/18303.jpg","width":500,"height":500,"caption":"Source:"},{"@type":"BreadcrumbList","@id":"https:\/\/www.meydan.tv\/az\/article\/hansi-uzle-bayram\/#breadcrumb","itemListElement":[{"@type":"ListItem","position":1,"name":"Ana s\u0259hif\u0259","item":"https:\/\/www.meydan.tv\/az\/"},{"@type":"ListItem","position":2,"name":"M\u0259nim Fikrimc\u0259","item":"https:\/\/www.meydan.tv\/az\/section\/menim-fikrimce\/"},{"@type":"ListItem","position":3,"name":"Hans\u0131 \u00fczl\u0259 bayram?"}]},{"@type":"WebSite","@id":"https:\/\/www.meydan.tv\/az\/#website","url":"https:\/\/www.meydan.tv\/az\/","name":"MEYDAN.TV","description":"Meydan TV Az\u0259rbaycan\u0131n media m\u0259kan\u0131ndak\u0131 alternativ s\u0259sidir","publisher":{"@id":"https:\/\/www.meydan.tv\/az\/#organization"},"potentialAction":[{"@type":"SearchAction","target":{"@type":"EntryPoint","urlTemplate":"https:\/\/www.meydan.tv\/az\/?s={search_term_string}"},"query-input":{"@type":"PropertyValueSpecification","valueRequired":true,"valueName":"search_term_string"}}],"inLanguage":"az"},{"@type":"Organization","@id":"https:\/\/www.meydan.tv\/az\/#organization","name":"Meydan TV","url":"https:\/\/www.meydan.tv\/az\/","logo":{"@type":"ImageObject","inLanguage":"az","@id":"https:\/\/www.meydan.tv\/az\/#\/schema\/logo\/image\/","url":"https:\/\/www.meydan.tv\/wp-content\/uploads\/2021\/07\/meydan-logo.svg","contentUrl":"https:\/\/www.meydan.tv\/wp-content\/uploads\/2021\/07\/meydan-logo.svg","width":195,"height":46,"caption":"Meydan TV"},"image":{"@id":"https:\/\/www.meydan.tv\/az\/#\/schema\/logo\/image\/"}},{"@type":"Person","@id":"https:\/\/www.meydan.tv\/az\/#\/schema\/person\/10d11eccf6da3662cf5fdab9806ea91a","name":"user-manager"}]}},"_links":{"self":[{"href":"https:\/\/www.meydan.tv\/az\/wp-json\/wp\/v2\/posts\/173702","targetHints":{"allow":["GET"]}}],"collection":[{"href":"https:\/\/www.meydan.tv\/az\/wp-json\/wp\/v2\/posts"}],"about":[{"href":"https:\/\/www.meydan.tv\/az\/wp-json\/wp\/v2\/types\/post"}],"author":[{"embeddable":true,"href":"https:\/\/www.meydan.tv\/az\/wp-json\/wp\/v2\/users\/11"}],"replies":[{"embeddable":true,"href":"https:\/\/www.meydan.tv\/az\/wp-json\/wp\/v2\/comments?post=173702"}],"version-history":[{"count":0,"href":"https:\/\/www.meydan.tv\/az\/wp-json\/wp\/v2\/posts\/173702\/revisions"}],"wp:featuredmedia":[{"embeddable":true,"href":"https:\/\/www.meydan.tv\/az\/wp-json\/wp\/v2\/media\/48691"}],"wp:attachment":[{"href":"https:\/\/www.meydan.tv\/az\/wp-json\/wp\/v2\/media?parent=173702"}],"wp:term":[{"taxonomy":"category","embeddable":true,"href":"https:\/\/www.meydan.tv\/az\/wp-json\/wp\/v2\/categories?post=173702"},{"taxonomy":"post_tag","embeddable":true,"href":"https:\/\/www.meydan.tv\/az\/wp-json\/wp\/v2\/tags?post=173702"}],"curies":[{"name":"wp","href":"https:\/\/api.w.org\/{rel}","templated":true}]}}