{"id":173618,"date":"2016-02-12T23:46:58","date_gmt":"2016-02-12T23:46:58","guid":{"rendered":"https:\/\/www.meydan.tv\/article\/kanada-nazirler-kabineti-ve-diskriminasiya\/"},"modified":"2016-02-12T23:46:58","modified_gmt":"2016-02-12T23:46:58","slug":"kanada-nazirler-kabineti-ve-diskriminasiya","status":"publish","type":"post","link":"https:\/\/www.meydan.tv\/az\/article\/kanada-nazirler-kabineti-ve-diskriminasiya\/","title":{"rendered":"Kanada Nazirl\u0259r Kabineti v\u0259 diskriminasiya"},"content":{"rendered":"<figure class=\"wp-block-image size-large\">\n  <img decoding=\"async\" src=\"https:\/\/www.meydan.tv\/az\/48259\/\" alt=\"\" class=\"wp-image-48259\"\/><figcaption><\/figcaption><\/figure>\n<figure class=\"wp-block-image size-large\">\n  <img decoding=\"async\" src=\"https:\/\/www.meydan.tv\/az\/48262\/\" alt=\"\" class=\"wp-image-48262\"\/><figcaption><\/figcaption><\/figure>\n<p>\n  Diskriminasiya &#8211; diskriminasiyaya m\u0259ruz qalanlar ondan faydalananda da diskriminasiyad\u0131r. \u0130zah edim.\n<\/p>\n<p>\n  M\u0259s\u0259l\u0259n, Az\u0259rbaycanda qad\u0131nlara \u00f6m\u00fcrl\u00fck azadl\u0131qdan m\u0259hrumetm\u0259 c\u0259zas\u0131n\u0131n verilm\u0259si qada\u011fand\u0131r. Bu, diskriminasiyad\u0131r.Qad\u0131nlara f\u0259rqli bax\u0131rlar, onlar da bundan faydalan\u0131rlar, amma yen\u0259 d\u0259 ayr\u0131-se\u00e7kilikdir.\n<\/p>\n<p>\n  Diskriminasiya ad\u0259t\u0259n ona g\u00f6r\u0259 pisdir ki, insanlar \u00fc\u00e7\u00fcn b\u0259rab\u0259r \u015f\u0259rait yarad\u0131lmas\u0131na mane olur, insanlara \u00f6zl\u0259rind\u0259n as\u0131l\u0131 olmayan x\u00fcsusiyy\u0259tl\u0259rin\u0259 g\u00f6r\u0259 qiym\u0259t verir (d\u0259risinin r\u0259ngin\u0259, cinsin\u0259, xarici g\u00f6r\u00fcn\u00fc\u015f\u00fcn\u0259, milli m\u0259nsubiyy\u0259tin\u0259, seksual oriyentasiyas\u0131na, dinin\u0259 v\u0259 s.).\n<\/p>\n<p>\n  \u0130ndis\u0259, ke\u00e7im bir m\u00fcdd\u0259t \u0259vv\u0259lki orgiyaya &#8211; Kanadan\u0131n yeni h\u00f6kum\u0259t t\u0259rkibi. X\u0259b\u0259r bel\u0259dir: &#8220;Kanadada yeni h\u00f6kum\u0259t qurulub. Yeni Nazirl\u0259r Kabineti 15 qad\u0131n v\u0259 15 ki\u015fi olmaqla b\u0259rab\u0259r b\u00f6l\u00fcn\u00fcb. H\u0259m\u00e7inin h\u00f6kum\u0259td\u0259 2 hindistan \u0259silli, 1 \u0259fqan \u0259silli m\u00fcs\u0259lman, 1 ateist, 1 Nobel m\u00fckafatl\u0131 alim, 1 siyasi m\u00fchacir, 1 aktivist, 1 x\u0259r\u00e7\u0259ng x\u0259st\u0259si, 1 g\u00f6zd\u0259n \u0259lil, 1 fiziki m\u0259hdudiyy\u0259tli \u0259lil arabas\u0131nda olan v\u0259t\u0259nda\u015flar nazir t\u0259yin olunublar.&#8221;\n<\/p>\n<p>\n  Ba\u015fdan aya\u011fa pafosdur&#8230; Pafosun cavab ver\u0259 bilm\u0259y\u0259c\u0259yi suallar \u00e7\u0131x\u0131r ortaya: B\u0259lk\u0259, \u00f6lk\u0259ni daha yax\u015f\u0131 idar\u0259 ed\u0259 bil\u0259c\u0259k komandada 20 qad\u0131n, 10 ki\u015fi olacaq v\u0259 ya 29 ki\u015fi, 1 qad\u0131n?! Amma Justin Tredau (Kanadan\u0131n indiki ba\u015f naziri) hesab edir ki, \u0259n yax\u015f\u0131 komanda se\u00e7ilm\u0259li deyil, 50\/50 olmal\u0131d\u0131r. Ax\u0131, bu 50\/50 t\u0259tbiqi il\u0259 yax\u015f\u0131 komandada olmal\u0131 olan dig\u0259r 5 qad\u0131n\u0131n v\u0259 ya 14 ki\u015finin haqq\u0131na girilmi\u015f olur?!\n<\/p>\n<p>\n  &#8220;M\u00fctl\u0259q m\u00fcs\u0259lman olmal\u0131d\u0131r&#8221; \u2013 bu m\u0259ntiq, \u00fcmumiyy\u0259tl\u0259, m\u00fcs\u0259lmanlara t\u0259hqirdir. Suallar \u00e7\u0131x\u0131r: \u201cM\u00fcs\u0259lmanlar x\u0259st\u0259dir? Geriz\u0259kal\u0131d\u0131r?\u201dYaxud g\u00f6zd\u0259n \u0259lil, x\u0259r\u00e7\u0259ng x\u0259st\u0259si.\u201cV\u0259zif\u0259 m\u00fckafatd\u0131r? Bu \u0259lill\u0259r, yaxud \u00f6l\u00fcm\u00fcn\u0259 az qalm\u0131\u015f adamlar h\u0259diyy\u0259 al\u0131rlar?\u201dSanki onlar\u0131n ba\u015f\u0131na vurulur ki, \u201csiz o q\u0259d\u0259r b\u0259db\u0259xtsiniz, &#8220;b\u0259rab\u0259rlik&#8221; ad\u0131 alt\u0131nda siz\u0259 v\u0259zif\u0259 veririk ki, \u00f6z\u00fcn\u00fcz\u00fc bir az xo\u015fb\u0259xt hiss ed\u0259siniz\u201d.\n<\/p>\n<p>\n  Buna ox\u015far n\u00fcmun\u0259 AB\u015e-da olub. 1960-larda irqi ayr\u0131-se\u00e7kiliy\u0259 qar\u015f\u0131 m\u00fcbariz\u0259 \u00e7\u0259r\u00e7iv\u0259sind\u0259 indi Kanada Ba\u015f Nazirini t\u0259rifl\u0259y\u0259nl\u0259rin \u00e7oxunun s\u00f6yd\u00fcy\u00fc AB\u015e Prezidenti Lindon Conson 1965-ci il 24 sentyabrda podrat\u00e7\u0131 \u015firk\u0259tl\u0259rin \u00fcz\u0259rin\u0259 bel\u0259 v\u0259zif\u0259 qoydu ki, onlar irqi azl\u0131qlar\u0131 i\u015f\u0259 c\u0259lb etm\u0259y\u0259 \u00e7al\u0131\u015fmal\u0131d\u0131rlar. 2 il sonra Conson bu azl\u0131qlara qad\u0131nlar\u0131 da \u0259lav\u0259 etdi. Bunlara affirmativ t\u0259dbirl\u0259r (affirmative action) deyilirdi. Bu t\u0259dbirl\u0259rin t\u0259r\u0259fdarlar\u0131 v\u0259 \u0259leyhdarlar\u0131 aras\u0131nda m\u00fcbahis\u0259 vard\u0131. Bel\u0259 t\u0259dbirl\u0259rin dair\u0259si b\u00f6y\u00fcd\u00fc, universitetl\u0259rd\u0259 qaralara kvota ayr\u0131lmas\u0131na q\u0259d\u0259r gedib \u00e7\u0131xd\u0131.\n<\/p>\n<p>\n  N\u0259tic\u0259d\u0259 Kaliforniyada tibb universiteti 100 n\u0259f\u0259rlik vakansiyan\u0131n 16-n\u0131 qaralara ay\u0131rd\u0131. N\u0259tic\u0259d\u0259 85-100-c\u00fc n\u0259tic\u0259l\u0259r g\u00f6st\u0259rmi\u015f a\u011flar universitet\u0259 q\u0259bul edilm\u0259dil\u0259r. ona g\u00f6r\u0259 d\u0259 q\u0259buldan k\u0259narda qalan bu a\u011flardan biri t\u0259l\u0259b\u0259 Allan Bakke universiteti m\u0259hk\u0259m\u0259y\u0259 verdi. Kaliforniya Ali M\u0259hk\u0259m\u0259si universitetin bu kvota proqram\u0131n\u0131 tamamil\u0259 qanunsuz elan etdi. AB\u015e Ali M\u0259hk\u0259m\u0259si is\u0259 Bakkenin fakult\u0259y\u0259 q\u0259bul edilm\u0259k h\u00fcququnu tan\u0131d\u0131.\n<\/p>\n<p>\n  Bu q\u0259rarda qeyd edil\u0259n b\u0259zi prinsipl\u0259r Kanada m\u0259s\u0259l\u0259sind\u0259 d\u0259 \u0259h\u0259miyy\u0259tlidir. \u0130nsanlara m\u00fcnasib\u0259t b\u0259rab\u0259r olmal\u0131d\u0131r. \u0130rqi kvota is\u0259 bu b\u0259rab\u0259rliyi pozur. Kim\u0259s\u0259 d\u0259risinin r\u0259ngin\u0259, cinsin\u0259, m\u0259n\u015f\u0259yin\u0259 g\u00f6r\u0259 v\u0259zif\u0259 verm\u0259k h\u0259min irq\u0259, cins\u0259, m\u0259n\u015f\u0259y\u0259 malik olmayanlar\u0131n h\u0259min v\u0259zif\u0259ni tutmas\u0131 h\u00fcququnu m\u0259hdudla\u015fd\u0131r\u0131r. Y\u0259ni azl\u0131qlar \u00fc\u00e7\u00fcn kvota h\u0259mi\u015f\u0259 \u00e7oxlu\u011fun h\u00fcquqlar\u0131 hesab\u0131na t\u0259min edilir.\n<\/p>\n<p>\n  Universitet iddia edib ki, ayr\u0131-se\u00e7kilik \u201cn\u0259cib m\u0259qs\u0259d\u201d g\u00fcd\u00fcb. Amma m\u0259hk\u0259m\u0259 haql\u0131 sual edir: h\u0259r k\u0259sin m\u0259n\u015f\u0259yi, irqi, cinsi qabard\u0131l\u0131b kvota m\u00fc\u0259yy\u0259n edil\u0259c\u0259ks\u0259, \u00e7oxluq adland\u0131r\u0131lanlar \u00f6zl\u0259ri azl\u0131qda qalacaqlar. M\u0259s\u0259l\u0259n, bu halda AB\u015e-da anqlo-saks protestantlardan ba\u015fqa h\u0259r k\u0259s kvota t\u0259l\u0259b ed\u0259 bil\u0259r, n\u0259tic\u0259d\u0259 m\u0259hz anqlo-saks protestantlar azl\u0131q olacaqlar.\n<\/p>\n<p>\n  Bundan ba\u015fqa m\u0259hk\u0259m\u0259 qeyd edib ki, bir qrupa imtiyaz verm\u0259k c\u0259miyy\u0259td\u0259 h\u0259min qrupun \u00f6z\u00fcn\u00fcn n\u0259y\u0259s\u0259 nail olmaq sah\u0259sind\u0259 bacar\u0131qs\u0131z olmas\u0131 bar\u0259d\u0259 stereotipi yaln\u0131z m\u00f6hk\u0259ml\u0259d\u0259 bil\u0259r. Y\u0259ni Kanadada son Kabinet t\u0259rkibi il\u0259 qad\u0131nlar\u0131n, qa\u00e7q\u0131nlar\u0131n, \u0259lill\u0259rin, m\u00fcs\u0259lmanlar\u0131n&#8230; \u00f6zl\u0259rinin nazir ola bilm\u0259m\u0259si bar\u0259d\u0259 \u00fcmumi fikir yarad\u0131l\u0131r v\u0259 ya m\u00f6hk\u0259ml\u0259ndirilir.\n<\/p>\n<p>\n  Bundan ba\u015fqa kvota b\u0259zi vakansiyalar\u0131 b\u0259zi \u015f\u0259xsl\u0259r \u00fc\u00e7\u00fcn r\u0259qab\u0259td\u0259n azad edir. M\u0259s\u0259l\u0259n, Kanadal\u0131 ki\u015fil\u0259r yaln\u0131z 15 nazir yeri u\u011frunda m\u00fcbariz\u0259 apara bil\u0259rl\u0259r, 30 yox. \u00c7\u00fcnki dig\u0259r 15-i m\u00fctl\u0259q qad\u0131n olmal\u0131d\u0131r. Bu, ayr\u0131-se\u00e7kilikdir. \u00c7\u00fcnki insanlar cinsiyy\u0259t orqanlar\u0131n\u0131n n\u00f6v\u00fcn\u0259 g\u00f6r\u0259 yox, qabiliyy\u0259tl\u0259rin\u0259, problem h\u0259lletm\u0259 bacar\u0131qlar\u0131na v\u0259 s.-\u0259 g\u00f6r\u0259 nazir olurlar (v\u0259 ya olmal\u0131d\u0131rlar). H\u0259m d\u0259, m\u0259s\u0259l\u0259n, 1 yer ateistl\u0259r\u0259 ayr\u0131l\u0131b. Amma ateistl\u0259r \u00fc\u00e7\u00fcn dig\u0259r yerl\u0259ri tutmaq da qada\u011fan deyil. Buna baxmayaraq, ateist olmayan \u015f\u0259xs\u0259 h\u0259min bir yeri tutmaq qada\u011fand\u0131r. Anormall\u0131q a\u015fkar g\u00f6r\u00fcn\u00fcr m\u0259nc\u0259.\n<\/p>\n<p>\n  Y\u0259ni insan\u0131n azl\u0131\u011fa, h\u0259tta ayr\u0131se\u00e7kiliy\u0259 m\u0259ruz qalan qrupa m\u0259nsub olmas\u0131 uzaqba\u015f\u0131 onun hans\u0131sa v\u0259zif\u0259y\u0259 se\u00e7ilm\u0259si v\u0259 ya t\u0259yin olunmas\u0131 \u00fc\u00e7\u00fcn \u00fcst\u00fcnl\u00fck ola bil\u0259r, lakin h\u0259lledici ola bilm\u0259z. AB\u015e Ali M\u0259hk\u0259m\u0259si hakimi Luis Pauel (Lewis Powell) bunun klassik ke\u00e7id h\u0259llini tap\u0131b: irqi m\u0259nsubiyy\u0259t imtiyaz almaq \u00fc\u00e7\u00fcn \u0259sas ola bil\u0259r, amma \u00e7oxsayl\u0131 \u0259saslardan yaln\u0131z biri ola bil\u0259r.\n<\/p>\n<p>\n  Kanadaya qay\u0131tsaq, indi Kanadada Kabinetd\u0259 oldu\u011fu vur\u011fulanan qruplar\u0131n he\u00e7 biri x\u00fcsusi t\u0259zyiq\u0259, t\u0259crid\u0259, bir s\u00f6zl\u0259 60-lar\u0131n AB\u015e-\u0131nda qaralar\u0131nk\u0131 kimi ayr\u0131se\u00e7kiliy\u0259 m\u0259ruz qalm\u0131r.\n<\/p>\n<p>\n  H\u0259tta bel\u0259 ayr\u0131-se\u00e7kilik olsa da, d\u00f6vl\u0259tin pozitiv \u00f6hd\u0259likl\u0259ri var. \u0130nsanlar\u0131n h\u00fcquqlar\u0131n\u0131 t\u0259min etm\u0259k \u00fc\u00e7\u00fcn d\u00f6vl\u0259t \u0259ziyy\u0259t \u00e7\u0259km\u0259lidir, h\u00fcquqlar\u0131 pozulmam\u0131\u015f insanlar yox. H\u0259r yerd\u0259 oldu\u011fu kimi, Kanadada da d\u00f6vl\u0259tin pozitiv \u00f6hd\u0259liyi b\u0259rab\u0259r \u015f\u0259raitin yarad\u0131lmas\u0131d\u0131r ki, h\u0259r k\u0259s \u00f6z qabiliyy\u0259tin\u0259 uy\u011fun olaraq, \u00f6z yerini ala bilsin. M\u0259n bil\u0259n, Kanadada art\u0131q bel\u0259 \u015f\u0259rait var. M\u0259s\u0259l\u0259n, Bosniya v\u0259 Herseqovina, \u0130raq, Livan kimi \u00f6lk\u0259l\u0259rd\u0259 r\u0259hb\u0259r v\u0259zif\u0259l\u0259r xalqlar, dini m\u0259zh\u0259bl\u0259r aras\u0131nda b\u00f6l\u00fcn\u00fcr(d\u00fc). \u00c7\u00fcnki onlarda m\u00fcharib\u0259 olub, y\u00fcz minl\u0259rl\u0259 insan bu qruplar aras\u0131nda nifr\u0259t\u0259 g\u00f6r\u0259 \u00f6ld\u00fcr\u00fcl\u00fcb. Bel\u0259 \u00e7\u0131x\u0131r ki, Kanadada eyni nifr\u0259t Kabinetd\u0259ki qruplar aras\u0131nda var?!\n<\/p>\n<p>\n  \u018fksin\u0259, Kanadada olan \u015f\u0259rait harada varsa, orada insanlar \u0259fqan, hindistanl\u0131, m\u00fcs\u0259lman, qad\u0131n, gay, qa\u00e7q\u0131n, \u0259lil, x\u0259r\u00e7\u0259ng olmalar\u0131ndan as\u0131l\u0131 olmayaraq, qabiliyy\u0259tl\u0259rini realiz\u0259 ed\u0259 bilir, laz\u0131m g\u0259ls\u0259, nazir d\u0259 olurlar. Yoxsa Kanadan\u0131n indiki Kabinetinin bu r\u0259ngar\u0259ng t\u0259rkibinin qabard\u0131lmas\u0131 bel\u0259 t\u0259s\u0259vv\u00fcr yarad\u0131r ki, Kanadada haz\u0131rda \u0259fqan, hindistanl\u0131 milliy\u0259tind\u0259n olmayan, fiziki c\u0259h\u0259td\u0259n tam sa\u011flam, m\u00fcs\u0259lman v\u0259 ateist olmayan, heteroseksual , n\u0259sli yerli kanadal\u0131 olmu\u015f, aktivist olmam\u0131\u015f, nobel m\u00fckafat\u0131 almam\u0131\u015f ki\u015fil\u0259rin diktaturas\u0131d\u0131r.\n<\/p>\n<p>\n  <b><br \/>\n    Yaz\u0131 m\u00fc\u0259llifin \u015f\u0259xsi m\u00f6vqeyini \u0259ks etdirir&#8230;<br \/>\n  <\/b><\/p>\n","protected":false},"excerpt":{"rendered":"<p>&#8220;N\u0259cib m\u0259qs\u0259d&#8221; g\u00fcd\u0259n ayr\u0131-se\u00e7kilik&#8230;<\/p>\n","protected":false},"author":11,"featured_media":48259,"comment_status":"closed","ping_status":"open","sticky":false,"template":"","format":"standard","meta":{"_acf_changed":false,"_sitemap_exclude":false,"_sitemap_priority":"","_sitemap_frequency":"","footnotes":""},"categories":[57],"tags":[],"class_list":["post-173618","post","type-post","status-publish","format-standard","has-post-thumbnail","hentry","category-menim-fikrimce","infinite-scroll-item","generate-columns","tablet-grid-50","mobile-grid-100","grid-parent","grid-33","no-featured-image-padding"],"acf":[],"yoast_head":"<!-- This site is optimized with the Yoast SEO plugin v27.5 - https:\/\/yoast.com\/product\/yoast-seo-wordpress\/ -->\n<title>Kanada Nazirl\u0259r Kabineti v\u0259 diskriminasiya - MEYDAN.TV<\/title>\n<meta name=\"robots\" content=\"index, follow, max-snippet:-1, max-image-preview:large, max-video-preview:-1\" \/>\n<link rel=\"canonical\" href=\"https:\/\/www.meydan.tv\/az\/article\/kanada-nazirler-kabineti-ve-diskriminasiya\/\" \/>\n<meta property=\"og:locale\" content=\"az_AZ\" \/>\n<meta property=\"og:type\" content=\"article\" \/>\n<meta property=\"og:title\" content=\"Kanada Nazirl\u0259r Kabineti v\u0259 diskriminasiya - MEYDAN.TV\" \/>\n<meta property=\"og:description\" content=\"&quot;N\u0259cib m\u0259qs\u0259d&quot; g\u00fcd\u0259n ayr\u0131-se\u00e7kilik...\" \/>\n<meta property=\"og:url\" content=\"https:\/\/www.meydan.tv\/az\/article\/kanada-nazirler-kabineti-ve-diskriminasiya\/\" \/>\n<meta property=\"og:site_name\" content=\"MEYDAN.TV\" \/>\n<meta property=\"article:published_time\" content=\"2016-02-12T23:46:58+00:00\" \/>\n<meta property=\"og:image\" content=\"https:\/\/www.meydan.tv\/wp-content\/uploads\/18121.jpg\" \/>\n\t<meta property=\"og:image:width\" content=\"500\" \/>\n\t<meta property=\"og:image:height\" content=\"500\" \/>\n\t<meta property=\"og:image:type\" content=\"image\/jpeg\" \/>\n<meta name=\"author\" content=\"user-manager\" \/>\n<meta name=\"twitter:card\" content=\"summary_large_image\" \/>\n<script type=\"application\/ld+json\" class=\"yoast-schema-graph\">{\"@context\":\"https:\\\/\\\/schema.org\",\"@graph\":[{\"@type\":\"Article\",\"@id\":\"https:\\\/\\\/www.meydan.tv\\\/az\\\/article\\\/kanada-nazirler-kabineti-ve-diskriminasiya\\\/#article\",\"isPartOf\":{\"@id\":\"https:\\\/\\\/www.meydan.tv\\\/az\\\/article\\\/kanada-nazirler-kabineti-ve-diskriminasiya\\\/\"},\"author\":{\"name\":\"user-manager\",\"@id\":\"https:\\\/\\\/www.meydan.tv\\\/az\\\/#\\\/schema\\\/person\\\/10d11eccf6da3662cf5fdab9806ea91a\"},\"headline\":\"Kanada Nazirl\u0259r Kabineti v\u0259 diskriminasiya\",\"datePublished\":\"2016-02-12T23:46:58+00:00\",\"mainEntityOfPage\":{\"@id\":\"https:\\\/\\\/www.meydan.tv\\\/az\\\/article\\\/kanada-nazirler-kabineti-ve-diskriminasiya\\\/\"},\"wordCount\":1392,\"publisher\":{\"@id\":\"https:\\\/\\\/www.meydan.tv\\\/az\\\/#organization\"},\"image\":{\"@id\":\"https:\\\/\\\/www.meydan.tv\\\/az\\\/article\\\/kanada-nazirler-kabineti-ve-diskriminasiya\\\/#primaryimage\"},\"thumbnailUrl\":\"https:\\\/\\\/www.meydan.tv\\\/wp-content\\\/uploads\\\/18121.jpg\",\"articleSection\":[\"M\u0259nim Fikrimc\u0259\"],\"inLanguage\":\"az\"},{\"@type\":\"WebPage\",\"@id\":\"https:\\\/\\\/www.meydan.tv\\\/az\\\/article\\\/kanada-nazirler-kabineti-ve-diskriminasiya\\\/\",\"url\":\"https:\\\/\\\/www.meydan.tv\\\/az\\\/article\\\/kanada-nazirler-kabineti-ve-diskriminasiya\\\/\",\"name\":\"Kanada Nazirl\u0259r Kabineti v\u0259 diskriminasiya - MEYDAN.TV\",\"isPartOf\":{\"@id\":\"https:\\\/\\\/www.meydan.tv\\\/az\\\/#website\"},\"primaryImageOfPage\":{\"@id\":\"https:\\\/\\\/www.meydan.tv\\\/az\\\/article\\\/kanada-nazirler-kabineti-ve-diskriminasiya\\\/#primaryimage\"},\"image\":{\"@id\":\"https:\\\/\\\/www.meydan.tv\\\/az\\\/article\\\/kanada-nazirler-kabineti-ve-diskriminasiya\\\/#primaryimage\"},\"thumbnailUrl\":\"https:\\\/\\\/www.meydan.tv\\\/wp-content\\\/uploads\\\/18121.jpg\",\"datePublished\":\"2016-02-12T23:46:58+00:00\",\"breadcrumb\":{\"@id\":\"https:\\\/\\\/www.meydan.tv\\\/az\\\/article\\\/kanada-nazirler-kabineti-ve-diskriminasiya\\\/#breadcrumb\"},\"inLanguage\":\"az\",\"potentialAction\":[{\"@type\":\"ReadAction\",\"target\":[\"https:\\\/\\\/www.meydan.tv\\\/az\\\/article\\\/kanada-nazirler-kabineti-ve-diskriminasiya\\\/\"]}]},{\"@type\":\"ImageObject\",\"inLanguage\":\"az\",\"@id\":\"https:\\\/\\\/www.meydan.tv\\\/az\\\/article\\\/kanada-nazirler-kabineti-ve-diskriminasiya\\\/#primaryimage\",\"url\":\"https:\\\/\\\/www.meydan.tv\\\/wp-content\\\/uploads\\\/18121.jpg\",\"contentUrl\":\"https:\\\/\\\/www.meydan.tv\\\/wp-content\\\/uploads\\\/18121.jpg\",\"width\":500,\"height\":500,\"caption\":\"Source:\"},{\"@type\":\"BreadcrumbList\",\"@id\":\"https:\\\/\\\/www.meydan.tv\\\/az\\\/article\\\/kanada-nazirler-kabineti-ve-diskriminasiya\\\/#breadcrumb\",\"itemListElement\":[{\"@type\":\"ListItem\",\"position\":1,\"name\":\"Ana s\u0259hif\u0259\",\"item\":\"https:\\\/\\\/www.meydan.tv\\\/az\\\/\"},{\"@type\":\"ListItem\",\"position\":2,\"name\":\"M\u0259nim Fikrimc\u0259\",\"item\":\"https:\\\/\\\/www.meydan.tv\\\/az\\\/section\\\/menim-fikrimce\\\/\"},{\"@type\":\"ListItem\",\"position\":3,\"name\":\"Kanada Nazirl\u0259r Kabineti v\u0259 diskriminasiya\"}]},{\"@type\":\"WebSite\",\"@id\":\"https:\\\/\\\/www.meydan.tv\\\/az\\\/#website\",\"url\":\"https:\\\/\\\/www.meydan.tv\\\/az\\\/\",\"name\":\"MEYDAN.TV\",\"description\":\"Meydan TV Az\u0259rbaycan\u0131n media m\u0259kan\u0131ndak\u0131 alternativ s\u0259sidir\",\"publisher\":{\"@id\":\"https:\\\/\\\/www.meydan.tv\\\/az\\\/#organization\"},\"potentialAction\":[{\"@type\":\"SearchAction\",\"target\":{\"@type\":\"EntryPoint\",\"urlTemplate\":\"https:\\\/\\\/www.meydan.tv\\\/az\\\/?s={search_term_string}\"},\"query-input\":{\"@type\":\"PropertyValueSpecification\",\"valueRequired\":true,\"valueName\":\"search_term_string\"}}],\"inLanguage\":\"az\"},{\"@type\":\"Organization\",\"@id\":\"https:\\\/\\\/www.meydan.tv\\\/az\\\/#organization\",\"name\":\"Meydan TV\",\"url\":\"https:\\\/\\\/www.meydan.tv\\\/az\\\/\",\"logo\":{\"@type\":\"ImageObject\",\"inLanguage\":\"az\",\"@id\":\"https:\\\/\\\/www.meydan.tv\\\/az\\\/#\\\/schema\\\/logo\\\/image\\\/\",\"url\":\"https:\\\/\\\/www.meydan.tv\\\/wp-content\\\/uploads\\\/2021\\\/07\\\/meydan-logo.svg\",\"contentUrl\":\"https:\\\/\\\/www.meydan.tv\\\/wp-content\\\/uploads\\\/2021\\\/07\\\/meydan-logo.svg\",\"width\":195,\"height\":46,\"caption\":\"Meydan TV\"},\"image\":{\"@id\":\"https:\\\/\\\/www.meydan.tv\\\/az\\\/#\\\/schema\\\/logo\\\/image\\\/\"}},{\"@type\":\"Person\",\"@id\":\"https:\\\/\\\/www.meydan.tv\\\/az\\\/#\\\/schema\\\/person\\\/10d11eccf6da3662cf5fdab9806ea91a\",\"name\":\"user-manager\"}]}<\/script>\n<!-- \/ Yoast SEO plugin. -->","yoast_head_json":{"title":"Kanada Nazirl\u0259r Kabineti v\u0259 diskriminasiya - MEYDAN.TV","robots":{"index":"index","follow":"follow","max-snippet":"max-snippet:-1","max-image-preview":"max-image-preview:large","max-video-preview":"max-video-preview:-1"},"canonical":"https:\/\/www.meydan.tv\/az\/article\/kanada-nazirler-kabineti-ve-diskriminasiya\/","og_locale":"az_AZ","og_type":"article","og_title":"Kanada Nazirl\u0259r Kabineti v\u0259 diskriminasiya - MEYDAN.TV","og_description":"\"N\u0259cib m\u0259qs\u0259d\" g\u00fcd\u0259n ayr\u0131-se\u00e7kilik...","og_url":"https:\/\/www.meydan.tv\/az\/article\/kanada-nazirler-kabineti-ve-diskriminasiya\/","og_site_name":"MEYDAN.TV","article_published_time":"2016-02-12T23:46:58+00:00","og_image":[{"width":500,"height":500,"url":"https:\/\/www.meydan.tv\/wp-content\/uploads\/18121.jpg","type":"image\/jpeg"}],"author":"user-manager","twitter_card":"summary_large_image","schema":{"@context":"https:\/\/schema.org","@graph":[{"@type":"Article","@id":"https:\/\/www.meydan.tv\/az\/article\/kanada-nazirler-kabineti-ve-diskriminasiya\/#article","isPartOf":{"@id":"https:\/\/www.meydan.tv\/az\/article\/kanada-nazirler-kabineti-ve-diskriminasiya\/"},"author":{"name":"user-manager","@id":"https:\/\/www.meydan.tv\/az\/#\/schema\/person\/10d11eccf6da3662cf5fdab9806ea91a"},"headline":"Kanada Nazirl\u0259r Kabineti v\u0259 diskriminasiya","datePublished":"2016-02-12T23:46:58+00:00","mainEntityOfPage":{"@id":"https:\/\/www.meydan.tv\/az\/article\/kanada-nazirler-kabineti-ve-diskriminasiya\/"},"wordCount":1392,"publisher":{"@id":"https:\/\/www.meydan.tv\/az\/#organization"},"image":{"@id":"https:\/\/www.meydan.tv\/az\/article\/kanada-nazirler-kabineti-ve-diskriminasiya\/#primaryimage"},"thumbnailUrl":"https:\/\/www.meydan.tv\/wp-content\/uploads\/18121.jpg","articleSection":["M\u0259nim Fikrimc\u0259"],"inLanguage":"az"},{"@type":"WebPage","@id":"https:\/\/www.meydan.tv\/az\/article\/kanada-nazirler-kabineti-ve-diskriminasiya\/","url":"https:\/\/www.meydan.tv\/az\/article\/kanada-nazirler-kabineti-ve-diskriminasiya\/","name":"Kanada Nazirl\u0259r Kabineti v\u0259 diskriminasiya - MEYDAN.TV","isPartOf":{"@id":"https:\/\/www.meydan.tv\/az\/#website"},"primaryImageOfPage":{"@id":"https:\/\/www.meydan.tv\/az\/article\/kanada-nazirler-kabineti-ve-diskriminasiya\/#primaryimage"},"image":{"@id":"https:\/\/www.meydan.tv\/az\/article\/kanada-nazirler-kabineti-ve-diskriminasiya\/#primaryimage"},"thumbnailUrl":"https:\/\/www.meydan.tv\/wp-content\/uploads\/18121.jpg","datePublished":"2016-02-12T23:46:58+00:00","breadcrumb":{"@id":"https:\/\/www.meydan.tv\/az\/article\/kanada-nazirler-kabineti-ve-diskriminasiya\/#breadcrumb"},"inLanguage":"az","potentialAction":[{"@type":"ReadAction","target":["https:\/\/www.meydan.tv\/az\/article\/kanada-nazirler-kabineti-ve-diskriminasiya\/"]}]},{"@type":"ImageObject","inLanguage":"az","@id":"https:\/\/www.meydan.tv\/az\/article\/kanada-nazirler-kabineti-ve-diskriminasiya\/#primaryimage","url":"https:\/\/www.meydan.tv\/wp-content\/uploads\/18121.jpg","contentUrl":"https:\/\/www.meydan.tv\/wp-content\/uploads\/18121.jpg","width":500,"height":500,"caption":"Source:"},{"@type":"BreadcrumbList","@id":"https:\/\/www.meydan.tv\/az\/article\/kanada-nazirler-kabineti-ve-diskriminasiya\/#breadcrumb","itemListElement":[{"@type":"ListItem","position":1,"name":"Ana s\u0259hif\u0259","item":"https:\/\/www.meydan.tv\/az\/"},{"@type":"ListItem","position":2,"name":"M\u0259nim Fikrimc\u0259","item":"https:\/\/www.meydan.tv\/az\/section\/menim-fikrimce\/"},{"@type":"ListItem","position":3,"name":"Kanada Nazirl\u0259r Kabineti v\u0259 diskriminasiya"}]},{"@type":"WebSite","@id":"https:\/\/www.meydan.tv\/az\/#website","url":"https:\/\/www.meydan.tv\/az\/","name":"MEYDAN.TV","description":"Meydan TV Az\u0259rbaycan\u0131n media m\u0259kan\u0131ndak\u0131 alternativ s\u0259sidir","publisher":{"@id":"https:\/\/www.meydan.tv\/az\/#organization"},"potentialAction":[{"@type":"SearchAction","target":{"@type":"EntryPoint","urlTemplate":"https:\/\/www.meydan.tv\/az\/?s={search_term_string}"},"query-input":{"@type":"PropertyValueSpecification","valueRequired":true,"valueName":"search_term_string"}}],"inLanguage":"az"},{"@type":"Organization","@id":"https:\/\/www.meydan.tv\/az\/#organization","name":"Meydan TV","url":"https:\/\/www.meydan.tv\/az\/","logo":{"@type":"ImageObject","inLanguage":"az","@id":"https:\/\/www.meydan.tv\/az\/#\/schema\/logo\/image\/","url":"https:\/\/www.meydan.tv\/wp-content\/uploads\/2021\/07\/meydan-logo.svg","contentUrl":"https:\/\/www.meydan.tv\/wp-content\/uploads\/2021\/07\/meydan-logo.svg","width":195,"height":46,"caption":"Meydan TV"},"image":{"@id":"https:\/\/www.meydan.tv\/az\/#\/schema\/logo\/image\/"}},{"@type":"Person","@id":"https:\/\/www.meydan.tv\/az\/#\/schema\/person\/10d11eccf6da3662cf5fdab9806ea91a","name":"user-manager"}]}},"_links":{"self":[{"href":"https:\/\/www.meydan.tv\/az\/wp-json\/wp\/v2\/posts\/173618","targetHints":{"allow":["GET"]}}],"collection":[{"href":"https:\/\/www.meydan.tv\/az\/wp-json\/wp\/v2\/posts"}],"about":[{"href":"https:\/\/www.meydan.tv\/az\/wp-json\/wp\/v2\/types\/post"}],"author":[{"embeddable":true,"href":"https:\/\/www.meydan.tv\/az\/wp-json\/wp\/v2\/users\/11"}],"replies":[{"embeddable":true,"href":"https:\/\/www.meydan.tv\/az\/wp-json\/wp\/v2\/comments?post=173618"}],"version-history":[{"count":0,"href":"https:\/\/www.meydan.tv\/az\/wp-json\/wp\/v2\/posts\/173618\/revisions"}],"wp:featuredmedia":[{"embeddable":true,"href":"https:\/\/www.meydan.tv\/az\/wp-json\/wp\/v2\/media\/48259"}],"wp:attachment":[{"href":"https:\/\/www.meydan.tv\/az\/wp-json\/wp\/v2\/media?parent=173618"}],"wp:term":[{"taxonomy":"category","embeddable":true,"href":"https:\/\/www.meydan.tv\/az\/wp-json\/wp\/v2\/categories?post=173618"},{"taxonomy":"post_tag","embeddable":true,"href":"https:\/\/www.meydan.tv\/az\/wp-json\/wp\/v2\/tags?post=173618"}],"curies":[{"name":"wp","href":"https:\/\/api.w.org\/{rel}","templated":true}]}}