{"id":173605,"date":"2016-02-12T19:13:26","date_gmt":"2016-02-12T19:13:26","guid":{"rendered":"https:\/\/www.meydan.tv\/article\/xalq-ve-elita-medeniyyeti\/"},"modified":"2016-02-12T19:13:26","modified_gmt":"2016-02-12T19:13:26","slug":"xalq-ve-elita-medeniyyeti","status":"publish","type":"post","link":"https:\/\/www.meydan.tv\/az\/article\/xalq-ve-elita-medeniyyeti\/","title":{"rendered":"Xalq v\u0259 elita m\u0259d\u0259niyy\u0259ti"},"content":{"rendered":"<figure class=\"wp-block-image size-large\">\n  <img decoding=\"async\" src=\"https:\/\/www.meydan.tv\/az\/yarat\/\" alt=\"YARAT\" class=\"wp-image-48256\"\/><figcaption>\n    YARAT<br \/>\n  <\/figcaption><\/figure>\n<\/p>\n<figure class=\"wp-block-image size-large\">\n  <img decoding=\"async\" src=\"https:\/\/www.meydan.tv\/az\/yarat\/\" alt=\"YARAT\" class=\"wp-image-48256\"\/><figcaption>\n    YARAT<br \/>\n  <\/figcaption><\/figure>\n<p>\n  M\u0259d\u0259niyy\u0259t n\u0259dir?\n<\/p>\n<p>\n  Sual pafoslu s\u0259sl\u0259nir, el\u0259 deyilmi ? M\u0259d\u0259niyy\u0259tin \u0259n a\u00e7\u0131qlay\u0131c\u0131 v\u0259 sad\u0259 t\u0259rifl\u0259rind\u0259n biri bel\u0259dir \u201cM\u0259d\u0259niyy\u0259t \u2013 insan\u0131n v\u0259 c\u0259miyy\u0259tin inki\u015faf\u0131n\u0131n m\u00fcasir s\u0259viyy\u0259si, insan\u0131n yaratd\u0131\u011f\u0131 v\u0259 n\u0259sild\u0259n n\u0259sil\u0259 \u00f6t\u00fcrd\u00fcy\u00fc maddi v\u0259 m\u0259n\u0259vi d\u0259y\u0259rl\u0259rdir\u201d. Bu t\u0259rifl\u0259 m\u0259d\u0259niyy\u0259t \u00f6z pafosunu itirir, ancaq h\u0259m d\u0259 \u00e7ox sad\u0259 \u015f\u0259kild\u0259 \u00f6z\u00fcn\u00fcn n\u0259 oldu\u011fu il\u0259 ba\u011fl\u0131 insanlarda t\u0259s\u0259vv\u00fcr yarad\u0131r. Pafos h\u0259m d\u0259 bilik tam \u00e7at\u0131\u015fmayanda, hans\u0131sa ifad\u0259 olunmazl\u0131qda \u00fcz\u0259 \u00e7\u0131x\u0131r.\n<\/p>\n<p>\n  M\u0259d\u0259niyy\u0259tin c\u0259miyy\u0259td\u0259 ya\u015fayan insan t\u0259r\u0259find\u0259n yarad\u0131ld\u0131\u011f\u0131n\u0131 bildikd\u0259n sonra , ikinci sual ortaya \u00e7\u0131x\u0131r. Hans\u0131 insan ? Bu sual bizim bug\u00fcnki m\u00f6vzumuzdur. M\u0259d\u0259niyy\u0259ti hans\u0131 insan yarad\u0131r? Bu m\u0259nada m\u0259d\u0259niyy\u0259t onu yaradan insanlar\u0131n c\u0259miyy\u0259td\u0259 tutduqlar\u0131 m\u00f6vqel\u0259rind\u0259n as\u0131l\u0131 olaraq, elitar v\u0259 k\u00fctl\u0259vi m\u0259d\u0259niyy\u0259t\u0259 b\u00f6l\u00fcn\u00fcr.\n<\/p>\n<p>\n  Az\u0259rbaycan n\u00fcmun\u0259sind\u0259 g\u00f6st\u0259rm\u0259y\u0259 \u00e7al\u0131\u015fsaq, dey\u0259 bil\u0259rik ki, Axundovdan sonra yaranan Az\u0259rbaycan maarif\u00e7il\u0259rinin yaratd\u0131\u011f\u0131 m\u0259d\u0259niyy\u0259t, elitar m\u0259d\u0259niyy\u0259t idi. Xalq\u0131n oxumu\u015f t\u0259b\u0259q\u0259si, el\u0259 xalq\u0131n \u00f6z i\u00e7ind\u0259n \u00e7\u0131xan v\u0259 onlar\u0131 daha \u00fcst\u00fcn g\u00f6rd\u00fckl\u0259ri q\u0259rb m\u0259d\u0259niyy\u0259tin\u0259 yax\u0131nla\u015fd\u0131rma\u011fa \u00e7al\u0131\u015fan insanlar\u0131n m\u0259d\u0259niyy\u0259ti. \u00dczeyir Hac\u0131b\u0259yovun musiqi \u0259s\u0259rl\u0259ri, C\u0259f\u0259rCabbarl\u0131n\u0131n pyesl\u0259ri v\u0259 ya Molla N\u0259sr\u0259ddin jurnal\u0131, bunlar ham\u0131s\u0131 h\u0259min d\u00f6vrd\u0259 Az\u0259rbaycan\u0131n elitar m\u0259d\u0259niyy\u0259tdi idi.\n<\/p>\n<p>\n  Xalq m\u0259d\u0259niyy\u0259ti is\u0259 daha \u00e7ox folklor n\u00fcmun\u0259l\u0259rind\u0259n t\u0259\u015fkil olunur. Bu n\u00fcmun\u0259d\u0259 elitar m\u0259d\u0259niyy\u0259tl\u0259, azl\u0131\u011f\u0131n yaratd\u0131\u011f\u0131 m\u0259d\u0259niyy\u0259tl\u0259, xalq m\u0259d\u0259niyy\u0259ti aras\u0131nda el\u0259 bir k\u0259skin qar\u015f\u0131durma g\u00f6rm\u00fcr\u00fck. \u018fksin\u0259 ad\u0131\u00e7\u0259kil\u0259n insanlar, haz\u0131rda biz\u0259 o q\u0259d\u0259r do\u011fmad\u0131r ki, art\u0131q onlar\u0131 he\u00e7 elitar v\u0259 ya x\u00fcsusi bir z\u00fcmr\u0259 olaraq g\u00f6rm\u00fcr\u00fck.\n<\/p>\n<p>\n  B\u0259s, n\u0259 \u00fc\u00e7\u00fcn yaz\u0131n\u0131n m\u00f6vzusu bu iki f\u0259rqli m\u0259d\u0259niyy\u0259t n\u00f6v\u00fc haqdad\u0131r? \u00c7\u00fcnki bunlardan biri mahiyy\u0259tini d\u0259yi\u015fib, tamam f\u0259rqli bir anlay\u0131\u015fa, Elitizm\u0259 \u00e7evril\u0259 bil\u0259r. Elitizm h\u0259r \u015feyd\u0259n \u0259vv\u0259l siyasi bax\u0131\u015fd\u0131r. Bir qisim insan\u0131n , z\u00fcmr\u0259nin idar\u0259etm\u0259 haqq\u0131na sahib oldu\u011funu iddia edir. Haz\u0131rda \u00f6lk\u0259mizin siyasi m\u00fcst\u0259visind\u0259 biz bu v\u0259ziyy\u0259tin \u015fahidi oluruq. Elitizm m\u0259d\u0259niyy\u0259t m\u00fcst\u0259visin\u0259 ke\u00e7\u0259nd\u0259 is\u0259 yen\u0259 d\u0259 Az\u0259rbaycan\u0131 n\u00fcmun\u0259 olaraq g\u0259tirs\u0259k, ortaya \u201cYarat\u201d \u00e7\u0131x\u0131r.\n<\/p>\n<p>\n  \u0130lk olaraq, q\u0259bul etm\u0259k laz\u0131md\u0131r ki, \u201cYarat\u201d Az\u0259rbaycan \u0259razisind\u0259 m\u00f6vcud olan m\u0259d\u0259ni hadis\u0259dir. Ancaq biz he\u00e7 c\u00fcr\u0259 bu hadis\u0259y\u0259 Az\u0259rbaycan m\u0259d\u0259niyy\u0259ti dey\u0259 bilmirik. \u201cYarat\u201d Az\u0259rbaycan \u0259razisind\u0259 sad\u0259c\u0259 yerl\u0259\u015fir, burda ya\u015fam\u0131r. \u00c7a\u011fda\u015f Az\u0259rbaycan m\u0259d\u0259niyy\u0259ti, nec\u0259 m\u00fcmk\u00fcnd\u00fcr ki, \u00f6z reall\u0131\u011f\u0131n\u0131 n\u0259z\u0259r\u0259 almadan, yarand\u0131\u011f\u0131 \u0259razini g\u00f6rm\u0259zd\u0259n g\u0259l\u0259r\u0259k m\u00f6vcud ola bilsin ? \u201cYarat\u201d bir m\u0259d\u0259ni hadis\u0259 olaraq hans\u0131 diskursa s\u00f6yk\u0259nir ? \u201cYarat\u201d\u0131n yaratd\u0131\u011f\u0131 v\u0259 \u015f\u0259h\u0259rd\u0259 s\u0259rgil\u0259n\u0259n heyk\u0259ll\u0259r siz\u0259 n\u0259 deyir ? Siz o heyk\u0259ll\u0259ri \u00fcmumiyy\u0259tl\u0259 yadda saxlaya bilirsinizmi ? M\u0259d\u0259niyy\u0259t yaratmaq, z\u0259nnimc\u0259 n\u0259yis\u0259 dizayn etm\u0259kd\u0259n daha art\u0131q olmal\u0131d\u0131, el\u0259 deyilmi?\n<\/p>\n<p>\n  Burada bir ha\u015fiy\u0259 \u00e7\u0131xmaq ist\u0259rdik. Yuxar\u0131da yaz\u0131lan, m\u0259d\u0259niyy\u0259tin pafosu m\u0259hz budur. M\u0259d\u0259niyy\u0259t\u0259 \u00e7oxlu a\u00e7\u0131qlay\u0131c\u0131 t\u0259rifl\u0259r verm\u0259k olar, ancaq m\u0259d\u0259niyy\u0259t h\u0259mi\u015f\u0259 o t\u0259rifl\u0259rd\u0259n daha art\u0131qd\u0131r. M\u0259d\u0259niyy\u0259t onun t\u0259rifidir, ancaq h\u0259m d\u0259 o deyil. Bu z\u0259ka il\u0259 a\u00e7\u0131qlanmayan, duy\u011fularla qavranan bir fenomendir.\n<\/p>\n<p>\n  \u201cYarat\u201d daha \u00e7ox m\u0259d\u0259niyy\u0259t n\u00fcmun\u0259l\u0259rinin istehsal edildiyi zavod t\u0259siri ba\u011f\u0131\u015flay\u0131r. \u015e\u0259xs\u0259n tan\u0131d\u0131\u011f\u0131m\u0131z bir \u00e7ox adam \u201cYarat\u201da maddi s\u0259b\u0259bl\u0259rd\u0259n qo\u015fulmaq ist\u0259yib, qo\u015fula bilm\u0259y\u0259n adamlard\u0131r. Yarad\u0131c\u0131 adamlar\u0131n \u201cYarat\u201da hans\u0131sa ideyadan \u00f6tr\u00fc yox, maddi s\u0259b\u0259bl\u0259rd\u0259n getm\u0259k ist\u0259m\u0259si bizd\u0259 bel\u0259 bir t\u0259\u0259ss\u00fcrat\u0131 yarad\u0131b. H\u0259min insanlar\u0131n \u201cYarat\u201da qo\u015fula bilm\u0259m\u0259si is\u0259 yuxar\u0131da yaz\u0131lan Ellitizmin \u201cYarat\u201d\u0131n \u0259sas ideyas\u0131 oldu\u011fu fikrini t\u0259sdiql\u0259yir. \u0130nc\u0259s\u0259n\u0259t , ancaq bir qrup adam\u0131n inhisar\u0131nda olmal\u0131d\u0131r.\n<\/p>\n<p>\n  Ola bilsin ki, \u201cYarat\u201da \u00fcnvanlanan t\u0259nqidl\u0259r onlar\u0131 maraqland\u0131rmas\u0131n. B\u0259lk\u0259 do\u011furdan da adamlar\u0131n Az\u0259rbaycan m\u0259d\u0259niyy\u0259ti olmaq kimi bir d\u0259rdl\u0259ri d\u0259 yoxdur. Onlar he\u00e7 az\u0259rbaycanca bel\u0259 dan\u0131\u015fm\u0131rlar. \u201cYarat\u201d\u0131n qeyri-r\u0259smi dili rus dilidir. Ora topla\u015fan insanlar bir-birl\u0259ri il\u0259 \u00fcnsiyy\u0259td\u0259 rus dilin\u0259 \u00fcst\u00fcnl\u00fck verirl\u0259r.\n<\/p>\n<p>\n  Bu m\u0259qamda \u201cMolla N\u0259sr\u0259ddin\u201d v\u0259 \u201cF\u00fcyuzat\u201d jurnallar\u0131 aras\u0131nda f\u0259rqi qeyd etm\u0259k yerin\u0259 d\u00fc\u015f\u0259r. \u201cF\u00fcyuzat\u201d\u0131n dili, anla\u015f\u0131lmaz, d\u00f6vr\u00fcn Anadolu t\u00fcrkc\u0259sin\u0259 yax\u0131n bir dil idi v\u0259 \u0259sas m\u00fczakir\u0259 m\u00f6vzular\u0131, d\u00f6vr\u00fcn reall\u0131qlar\u0131ndan \u00e7ox uzaq f\u0259ls\u0259fi m\u0259s\u0259l\u0259l\u0259r idi. \u201cF\u00fcyuzat\u201d s\u0131rf bu s\u0259b\u0259bd\u0259n \u201cMolla N\u0259sr\u0259ddin\u201d q\u0259d\u0259r Az\u0259rbaycan m\u0259d\u0259niyy\u0259tinin bir par\u00e7as\u0131 ola bilm\u0259di.\n<\/p>\n<p>\n  Bu m\u00fcqayis\u0259nin s\u0259b\u0259bi \u201cF\u00fcyuzat\u201dla \u201cYarat\u201d\u0131 eynil\u0259\u015fdirm\u0259k deyil. \u201cF\u00fcyuzat\u201d Az\u0259rbaycan m\u0259d\u0259niyy\u0259ti olmaq ist\u0259yirdi, ancaq se\u00e7dikl\u0259ri yol d\u00fczg\u00fcn deyildi, daha do\u011frusu d\u00f6vr\u0259 adekvat deyildi. \u201cYarat\u201d\u0131n is\u0259 Az\u0259rbaycanla ba\u011fl\u0131 he\u00e7 bir arzusu yoxdur. Bu m\u00fcqayis\u0259nin \u0259sas s\u0259b\u0259bi dilin bir \u00fcnsiyy\u0259t vasit\u0259si kimi h\u0259m d\u0259 m\u0259d\u0259niyy\u0259td\u0259ki \u00f6n\u0259mini g\u00f6st\u0259rm\u0259kdir. M\u0259d\u0259niyy\u0259t \u0259g\u0259r \u00f6z xalq\u0131n\u0131n dilind\u0259 deyils\u0259, onda onun m\u0259d\u0259niyy\u0259ti ola da bilmir. \u00c7\u0131x\u0131\u015f etdiyi rus dilinin y\u0259ni Rus m\u0259d\u0259niyy\u0259tinin bir hiss\u0259si olmaq is\u0259 \u201cYarat\u201d a n\u0259sib olmayacaq.\n<\/p>\n<p>\n  Elitizm\u0259 niy\u0259 qar\u015f\u0131y\u0131q, \u00e7\u00fcnki elitizm ayr\u0131-se\u00e7kilikdir; bir qrup insan\u0131n pul, v\u0259zif\u0259 v\u0259 ya soyad\u0131na g\u00f6r\u0259 \u00f6zl\u0259rini ba\u015fqa insanlardan \u00fcst\u00fcn tutur bu vasit\u0259l\u0259rl\u0259 \u00f6z m\u00f6vqel\u0259rini qoruyur, dig\u0259r insanlara h\u0259qar\u0259tl\u0259 bax\u0131r. Elitizm\u0259 qar\u015f\u0131 olmaq, bu insanlar\u0131n ba\u015fqa insanlar \u00fcz\u0259rind\u0259 \u0259ld\u0259 etdikl\u0259ri \u00fcst\u00fcnl\u00fcy\u0259 qar\u015f\u0131 olmaqd\u0131r. \u0130nsanlar\u0131n b\u0259rab\u0259rliyin\u0259 inanmaqd\u0131r. Onlar\u0131n soyadlar\u0131na, maddi imkanlar\u0131na v\u0259 t\u0259hsill\u0259rin\u0259 g\u00f6r\u0259 diskriminasiyaya m\u0259ruz qalmas\u0131na qar\u015f\u0131 olmaqd\u0131r.\n<\/p>\n<p>\n  \u201cYarat\u201d b\u00fct\u00fcn x\u00fcsusiyy\u0259tl\u0259ri il\u0259 elitizm t\u0259f\u0259kk\u00fcrl\u00fcd\u00fcr. \u201cYarat\u201d\u0131n m\u0259d\u0259niyy\u0259t\u0259 g\u0259tirdiyi inhisar \u0259slind\u0259 m\u0259d\u0259niyy\u0259tin bo\u011fulmas\u0131d\u0131r. M\u0259d\u0259niyy\u0259t yarand\u0131\u011f\u0131 \u0259razinin reall\u0131\u011f\u0131na s\u00f6yk\u0259nm\u0259dikd\u0259, he\u00e7 vaxt oturu\u015fa bilmir. \u201cYarat\u201d Az\u0259rbaycanda b\u00f6y\u00fck bir m\u0259d\u0259ni illuziyad\u0131r, yan\u0131lmad\u0131r.\n<\/p>\n<p>\n  SSR\u0130 \u00c7ar Rusiyas\u0131 d\u00f6vr\u00fcnd\u0259ki aristokratiyan\u0131 likvidasiya ed\u0259r\u0259k onlar\u0131 c\u0259miyy\u0259td\u0259n ay\u0131rma\u011f\u0131 bacarm\u0131\u015fd\u0131. Bizim bu yaz\u0131da i\u015far\u0259 etdiyimiz elitizm m\u00fcst\u0259qillik d\u00f6vr\u00fc elitizmidir. Bu elitl\u0259r v\u0259 xalq aras\u0131ndak\u0131 u\u00e7urum haql\u0131 olaraq elitizm\u0259 qar\u015f\u0131 v\u0259 dolay\u0131s\u0131 il\u0259 rus dilinin istifad\u0259sin\u0259 qar\u015f\u0131 bir q\u0131c\u0131q yarad\u0131r. \u201cYarat\u201d bu u\u00e7urumun n\u0259tic\u0259sidir.\n<\/p>\n<p>\n  Elitizmin m\u0259hsullar\u0131 \u201cYarat\u201dla s\u0259rh\u0259dl\u0259nmir, \u201cHipster\u201d v\u0259 \u201cN\u0259rgiz\u201d kimi jurnallar, sad\u0259c\u0259 ki\u00e7ik bir k\u0259simin &#8211; \u201celitl\u0259rin\u201d &#8211; getdiyi m\u0259kanlar\u0131n a\u00e7\u0131l\u0131\u015flar\u0131n\u0131n b\u00f6y\u00fck bir yenilik kimi tan\u0131d\u0131lmas\u0131 da bu elitizmin bir hiss\u0259sidir. Elitizm bu y\u00f6nd\u0259n elitl\u0259ri d\u0259 t\u0259hl\u00fck\u0259 alt\u0131na at\u0131r, ill\u00fcziyaya m\u0259ruz qoyur, ya\u015fad\u0131qlar\u0131 c\u0259miyy\u0259tin t\u0259hl\u00fck\u0259l\u0259rind\u0259n bix\u0259b\u0259r b\u00f6y\u00fcd\u00fcr.<br \/>\n  <br \/>\n  Az\u0259rbaycanda \u201cStarbucks\u201d a\u00e7\u0131lmas\u0131 il\u0259 borca g\u00f6r\u0259 intihar ed\u0259n insanlar\u0131n x\u0259b\u0259rl\u0259ri bir-birinin ard\u0131nca g\u0259lir. Bu ziddiyy\u0259t \u00f6lk\u0259d\u0259 iki f\u0259rqli virtual m\u0259kan yarad\u0131r.\n<\/p>\n<p>\n  Elitl\u0259r \u00f6zl\u0259ri v\u0259 dig\u0259r insanlar aras\u0131nda yaranm\u0131\u015f antaqonizmd\u0259n x\u0259b\u0259rsizdirl\u0259r. Elita v\u0259 xalq aras\u0131ndak\u0131 bar\u0131\u015fmaz ziddiy\u0259t h\u0259m d\u0259 imitasiya ed\u0259n yan qruplar\u0131, ki\u00e7ik \u00e7evr\u0259l\u0259ri ortaya \u00e7\u0131xar\u0131r. Elitan\u0131n \u00fczv\u00fc olmayan ancaq ona b\u0259nz\u0259m\u0259y\u0259 \u00e7al\u0131\u015fan insanlar. Bu meylin m\u0259nfi t\u0259r\u0259fi insanlar\u0131n c\u0259miyy\u0259td\u0259ki m\u00f6vqel\u0259ri il\u0259 ba\u011fl\u0131 yan\u0131lma i\u00e7ind\u0259 olmas\u0131d\u0131r. \u0130mitasiya ed\u0259n t\u0259b\u0259q\u0259 he\u00e7 bir t\u0259b\u0259q\u0259 t\u0259r\u0259find\u0259n q\u0259bul edilm\u0259y\u0259r\u0259k ortada qal\u0131rlar.\n<\/p>\n<p>\n  \u0130mitasiya ed\u0259n t\u0259b\u0259q\u0259 b\u0259lk\u0259 d\u0259 elitizmin vurdu\u011fundan art\u0131q z\u0259r\u0259r vurur. Bu epiqonal t\u0259b\u0259q\u0259 b\u0259z\u0259n elit kimi q\u0259bul edilir. Kembric universiteti M\u0259d\u0259ni Tarix v\u0259 Estetika professoru Peter de Bollan\u0131n fikrinc\u0259 bu epiqonal t\u0259b\u0259q\u0259 bu imitasiya il\u0259 ya elitl\u0259r\u0259 m\u0259\u011flub oldu\u011funu q\u0259bul edir ya da elitizm\u0259 qar\u015f\u0131 parodik bir m\u00fcbariz\u0259 apar\u0131r. (Body and Text in the Eighteenth Century, s\u0259h.106 &#8211; Stanford University Press, 1994).\n<\/p>\n<p>\n  Lakin Az\u0259rbaycanda sonuncular\u0131n olmad\u0131\u011f\u0131n\u0131 v\u0259 ya \u00e7ox az oldu\u011funu m\u00fc\u015fahid\u0259 edirik. Bu epiqonal t\u0259b\u0259q\u0259y\u0259 kiml\u0259ri v\u0259 ya n\u0259l\u0259ri aid etm\u0259k olar? Estradam\u0131z\u0131n b\u00fct\u00fcn ulduzlar\u0131 imitasiya\u00e7\u0131d\u0131r, onlar m\u0259d\u0259ni n\u0259rdivan\u0131n \u00fcstl\u0259rind\u0259 yer al\u0131rlar. Bu imitasiyan\u0131n bir davam\u0131 olaraq, onlar ulduzlar\u0131 s\u00f6n\u0259nd\u0259 m\u0259cbur olaraq bu imitasiyaya davam edirl\u0259r v\u0259 inc\u0259s\u0259n\u0259tin dig\u0259r n\u00f6vl\u0259rin\u0259 y\u00f6n\u0259lirl\u0259r \u2013 Eurovision t\u0259msil\u00e7imiz Safura \u018fliyevan\u0131n \u0130stanbulda qalereya a\u00e7mas\u0131 buna n\u00fcmun\u0259l\u0259rd\u0259n sad\u0259c\u0259 biridir.\n<\/p>\n<p>\n  D\u00fcnyada v\u0259ziyy\u0259t ba\u015fqa c\u00fcrd\u00fcr, h\u0259l\u0259 1974-c\u00fc ild\u0259 sosioloq Herbert Qans \u201cPopular Culture v\u0259 High Culture\u201d adl\u0131 kitab\u0131nda bu m\u00f6vzunu \u2013 elitizm v\u0259 populyar inc\u0259s\u0259n\u0259ti &#8211; ara\u015fd\u0131rm\u0131\u015f v\u0259 \u201cm\u0259d\u0259ni n\u0259rdivan\u201d\u0131 l\u0259\u011fv etm\u0259k \u00fc\u00e7\u00fcn \u201cz\u00f6vq kulturalar\u0131\u201d terminini t\u0259klif etmi\u015fdi.\n<\/p>\n<p>\n  D\u00fcnyada ba\u015f ver\u0259n \u0130kinci D\u00fcnya M\u00fcharib\u0259si sonras\u0131 imitasiya prosesi h\u0259l\u0259 indil\u0259rd\u0259 Az\u0259rbaycanda, Qaraba\u011f m\u00fcharib\u0259sind\u0259n sonrak\u0131 travmadan qurtulmu\u015f yeni n\u0259sil s\u0259n\u0259tkarlar\u0131n qo\u015fuldu\u011fu \u201cYarat\u201d\u0131n simas\u0131nda ba\u015f verir. B\u0259li, elitizmin imitasiyas\u0131nda \u0259sas vasit\u0259\u00e7il\u0259rd\u0259n biri d\u0259 \u201cYarat\u201dd\u0131r. \u201cKit\u00e7\u201d (almanca. kitsch) \u2013 \u00f6z\u00fcnd\u0259n daha \u00fcst\u00fcn n\u0259yins\u0259 ucuz, kommersial m\u0259qs\u0259dli imitasiyas\u0131 m\u0259nas\u0131na g\u0259lir. \u201cYarat\u201d \u00f6z n\u00f6vb\u0259sind\u0259 h\u0259min bu kit\u00e7 ax\u0131m\u0131n\u0131n \u0259sas n\u00f6qt\u0259l\u0259rind\u0259n biridir. Lakin burda s\u00f6hb\u0259t he\u00e7 d\u0259 bu s\u0259n\u0259tkarlar\u0131n v\u0259 inc\u0259s\u0259n\u0259t n\u00fcmay\u0259nd\u0259l\u0259rinin \u00f6z \u0259s\u0259rl\u0259rind\u0259 bir-birind\u0259n imitasiya ed\u0259r\u0259k \u0259s\u0259r yaratmas\u0131 n\u0259z\u0259rd\u0259 tutulmur.\n<\/p>\n<p>\n  \u018fsas problem Q\u0259rb m\u0259d\u0259niyy\u0259tinin imitasiyas\u0131d\u0131r.\n<\/p>\n<p>\n  Az\u0259rbaycanda elitizm \u00f6z\u00fc Q\u0259rbin imitasiyas\u0131d\u0131r buna g\u00f6r\u0259 d\u0259, imitasiyan\u0131n imitasiyas\u0131n\u0131n yaradaca\u011f\u0131 f\u0259sadlar daha b\u00f6y\u00fckd\u00fcr.\n<\/p>\n<p>\n  Bu yaz\u0131da inc\u0259l\u0259n\u0259n \u201cYarat\u201d elitizmin bir simas\u0131d\u0131r. \u201cYarat\u201d\u0131n m\u00fcsb\u0259t keyfiyy\u0259tl\u0259ri c\u00fczidir v\u0259 \u0259sas t\u0259nqid elitizm\u0259 y\u00f6n\u0259lmi\u015fdir.\n<\/p>\n<p>\n  <b><br \/>\n    Yaz\u0131 m\u00fc\u0259llifin \u015f\u0259xsi m\u00f6vqeyini \u0259ks etdirir&#8230;<br \/>\n  <\/b><\/p>\n","protected":false},"excerpt":{"rendered":"<p>Biz niy\u0259 Elitizm\u0259 qar\u015f\u0131y\u0131q?<\/p>\n","protected":false},"author":11,"featured_media":48256,"comment_status":"closed","ping_status":"open","sticky":false,"template":"","format":"standard","meta":{"_acf_changed":false,"_sitemap_exclude":false,"_sitemap_priority":"","_sitemap_frequency":"","footnotes":""},"categories":[57],"tags":[],"class_list":["post-173605","post","type-post","status-publish","format-standard","has-post-thumbnail","hentry","category-menim-fikrimce","infinite-scroll-item","generate-columns","tablet-grid-50","mobile-grid-100","grid-parent","grid-33","no-featured-image-padding"],"acf":[],"yoast_head":"<!-- This site is optimized with the Yoast SEO plugin v27.5 - https:\/\/yoast.com\/product\/yoast-seo-wordpress\/ -->\n<title>Xalq v\u0259 elita m\u0259d\u0259niyy\u0259ti - MEYDAN.TV<\/title>\n<meta name=\"robots\" content=\"index, follow, max-snippet:-1, max-image-preview:large, max-video-preview:-1\" \/>\n<link rel=\"canonical\" href=\"https:\/\/www.meydan.tv\/az\/article\/xalq-ve-elita-medeniyyeti\/\" \/>\n<meta property=\"og:locale\" content=\"az_AZ\" \/>\n<meta property=\"og:type\" content=\"article\" \/>\n<meta property=\"og:title\" content=\"Xalq v\u0259 elita m\u0259d\u0259niyy\u0259ti - MEYDAN.TV\" \/>\n<meta property=\"og:description\" content=\"Biz niy\u0259 Elitizm\u0259 qar\u015f\u0131y\u0131q?\" \/>\n<meta property=\"og:url\" content=\"https:\/\/www.meydan.tv\/az\/article\/xalq-ve-elita-medeniyyeti\/\" \/>\n<meta property=\"og:site_name\" content=\"MEYDAN.TV\" \/>\n<meta property=\"article:published_time\" content=\"2016-02-12T19:13:26+00:00\" \/>\n<meta property=\"og:image\" content=\"https:\/\/www.meydan.tv\/wp-content\/uploads\/18203.jpg\" \/>\n\t<meta property=\"og:image:width\" content=\"640\" \/>\n\t<meta property=\"og:image:height\" content=\"358\" \/>\n\t<meta property=\"og:image:type\" content=\"image\/jpeg\" \/>\n<meta name=\"author\" content=\"user-manager\" \/>\n<meta name=\"twitter:card\" content=\"summary_large_image\" \/>\n<script type=\"application\/ld+json\" class=\"yoast-schema-graph\">{\"@context\":\"https:\\\/\\\/schema.org\",\"@graph\":[{\"@type\":\"Article\",\"@id\":\"https:\\\/\\\/www.meydan.tv\\\/az\\\/article\\\/xalq-ve-elita-medeniyyeti\\\/#article\",\"isPartOf\":{\"@id\":\"https:\\\/\\\/www.meydan.tv\\\/az\\\/article\\\/xalq-ve-elita-medeniyyeti\\\/\"},\"author\":{\"name\":\"user-manager\",\"@id\":\"https:\\\/\\\/www.meydan.tv\\\/az\\\/#\\\/schema\\\/person\\\/10d11eccf6da3662cf5fdab9806ea91a\"},\"headline\":\"Xalq v\u0259 elita m\u0259d\u0259niyy\u0259ti\",\"datePublished\":\"2016-02-12T19:13:26+00:00\",\"mainEntityOfPage\":{\"@id\":\"https:\\\/\\\/www.meydan.tv\\\/az\\\/article\\\/xalq-ve-elita-medeniyyeti\\\/\"},\"wordCount\":2053,\"publisher\":{\"@id\":\"https:\\\/\\\/www.meydan.tv\\\/az\\\/#organization\"},\"image\":{\"@id\":\"https:\\\/\\\/www.meydan.tv\\\/az\\\/article\\\/xalq-ve-elita-medeniyyeti\\\/#primaryimage\"},\"thumbnailUrl\":\"https:\\\/\\\/www.meydan.tv\\\/wp-content\\\/uploads\\\/18203.jpg\",\"articleSection\":[\"M\u0259nim Fikrimc\u0259\"],\"inLanguage\":\"az\"},{\"@type\":\"WebPage\",\"@id\":\"https:\\\/\\\/www.meydan.tv\\\/az\\\/article\\\/xalq-ve-elita-medeniyyeti\\\/\",\"url\":\"https:\\\/\\\/www.meydan.tv\\\/az\\\/article\\\/xalq-ve-elita-medeniyyeti\\\/\",\"name\":\"Xalq v\u0259 elita m\u0259d\u0259niyy\u0259ti - MEYDAN.TV\",\"isPartOf\":{\"@id\":\"https:\\\/\\\/www.meydan.tv\\\/az\\\/#website\"},\"primaryImageOfPage\":{\"@id\":\"https:\\\/\\\/www.meydan.tv\\\/az\\\/article\\\/xalq-ve-elita-medeniyyeti\\\/#primaryimage\"},\"image\":{\"@id\":\"https:\\\/\\\/www.meydan.tv\\\/az\\\/article\\\/xalq-ve-elita-medeniyyeti\\\/#primaryimage\"},\"thumbnailUrl\":\"https:\\\/\\\/www.meydan.tv\\\/wp-content\\\/uploads\\\/18203.jpg\",\"datePublished\":\"2016-02-12T19:13:26+00:00\",\"breadcrumb\":{\"@id\":\"https:\\\/\\\/www.meydan.tv\\\/az\\\/article\\\/xalq-ve-elita-medeniyyeti\\\/#breadcrumb\"},\"inLanguage\":\"az\",\"potentialAction\":[{\"@type\":\"ReadAction\",\"target\":[\"https:\\\/\\\/www.meydan.tv\\\/az\\\/article\\\/xalq-ve-elita-medeniyyeti\\\/\"]}]},{\"@type\":\"ImageObject\",\"inLanguage\":\"az\",\"@id\":\"https:\\\/\\\/www.meydan.tv\\\/az\\\/article\\\/xalq-ve-elita-medeniyyeti\\\/#primaryimage\",\"url\":\"https:\\\/\\\/www.meydan.tv\\\/wp-content\\\/uploads\\\/18203.jpg\",\"contentUrl\":\"https:\\\/\\\/www.meydan.tv\\\/wp-content\\\/uploads\\\/18203.jpg\",\"width\":640,\"height\":358,\"caption\":\"Source:\"},{\"@type\":\"BreadcrumbList\",\"@id\":\"https:\\\/\\\/www.meydan.tv\\\/az\\\/article\\\/xalq-ve-elita-medeniyyeti\\\/#breadcrumb\",\"itemListElement\":[{\"@type\":\"ListItem\",\"position\":1,\"name\":\"Ana s\u0259hif\u0259\",\"item\":\"https:\\\/\\\/www.meydan.tv\\\/az\\\/\"},{\"@type\":\"ListItem\",\"position\":2,\"name\":\"M\u0259nim Fikrimc\u0259\",\"item\":\"https:\\\/\\\/www.meydan.tv\\\/az\\\/section\\\/menim-fikrimce\\\/\"},{\"@type\":\"ListItem\",\"position\":3,\"name\":\"Xalq v\u0259 elita m\u0259d\u0259niyy\u0259ti\"}]},{\"@type\":\"WebSite\",\"@id\":\"https:\\\/\\\/www.meydan.tv\\\/az\\\/#website\",\"url\":\"https:\\\/\\\/www.meydan.tv\\\/az\\\/\",\"name\":\"MEYDAN.TV\",\"description\":\"Meydan TV Az\u0259rbaycan\u0131n media m\u0259kan\u0131ndak\u0131 alternativ s\u0259sidir\",\"publisher\":{\"@id\":\"https:\\\/\\\/www.meydan.tv\\\/az\\\/#organization\"},\"potentialAction\":[{\"@type\":\"SearchAction\",\"target\":{\"@type\":\"EntryPoint\",\"urlTemplate\":\"https:\\\/\\\/www.meydan.tv\\\/az\\\/?s={search_term_string}\"},\"query-input\":{\"@type\":\"PropertyValueSpecification\",\"valueRequired\":true,\"valueName\":\"search_term_string\"}}],\"inLanguage\":\"az\"},{\"@type\":\"Organization\",\"@id\":\"https:\\\/\\\/www.meydan.tv\\\/az\\\/#organization\",\"name\":\"Meydan TV\",\"url\":\"https:\\\/\\\/www.meydan.tv\\\/az\\\/\",\"logo\":{\"@type\":\"ImageObject\",\"inLanguage\":\"az\",\"@id\":\"https:\\\/\\\/www.meydan.tv\\\/az\\\/#\\\/schema\\\/logo\\\/image\\\/\",\"url\":\"https:\\\/\\\/www.meydan.tv\\\/wp-content\\\/uploads\\\/2021\\\/07\\\/meydan-logo.svg\",\"contentUrl\":\"https:\\\/\\\/www.meydan.tv\\\/wp-content\\\/uploads\\\/2021\\\/07\\\/meydan-logo.svg\",\"width\":195,\"height\":46,\"caption\":\"Meydan TV\"},\"image\":{\"@id\":\"https:\\\/\\\/www.meydan.tv\\\/az\\\/#\\\/schema\\\/logo\\\/image\\\/\"}},{\"@type\":\"Person\",\"@id\":\"https:\\\/\\\/www.meydan.tv\\\/az\\\/#\\\/schema\\\/person\\\/10d11eccf6da3662cf5fdab9806ea91a\",\"name\":\"user-manager\"}]}<\/script>\n<!-- \/ Yoast SEO plugin. -->","yoast_head_json":{"title":"Xalq v\u0259 elita m\u0259d\u0259niyy\u0259ti - MEYDAN.TV","robots":{"index":"index","follow":"follow","max-snippet":"max-snippet:-1","max-image-preview":"max-image-preview:large","max-video-preview":"max-video-preview:-1"},"canonical":"https:\/\/www.meydan.tv\/az\/article\/xalq-ve-elita-medeniyyeti\/","og_locale":"az_AZ","og_type":"article","og_title":"Xalq v\u0259 elita m\u0259d\u0259niyy\u0259ti - MEYDAN.TV","og_description":"Biz niy\u0259 Elitizm\u0259 qar\u015f\u0131y\u0131q?","og_url":"https:\/\/www.meydan.tv\/az\/article\/xalq-ve-elita-medeniyyeti\/","og_site_name":"MEYDAN.TV","article_published_time":"2016-02-12T19:13:26+00:00","og_image":[{"width":640,"height":358,"url":"https:\/\/www.meydan.tv\/wp-content\/uploads\/18203.jpg","type":"image\/jpeg"}],"author":"user-manager","twitter_card":"summary_large_image","schema":{"@context":"https:\/\/schema.org","@graph":[{"@type":"Article","@id":"https:\/\/www.meydan.tv\/az\/article\/xalq-ve-elita-medeniyyeti\/#article","isPartOf":{"@id":"https:\/\/www.meydan.tv\/az\/article\/xalq-ve-elita-medeniyyeti\/"},"author":{"name":"user-manager","@id":"https:\/\/www.meydan.tv\/az\/#\/schema\/person\/10d11eccf6da3662cf5fdab9806ea91a"},"headline":"Xalq v\u0259 elita m\u0259d\u0259niyy\u0259ti","datePublished":"2016-02-12T19:13:26+00:00","mainEntityOfPage":{"@id":"https:\/\/www.meydan.tv\/az\/article\/xalq-ve-elita-medeniyyeti\/"},"wordCount":2053,"publisher":{"@id":"https:\/\/www.meydan.tv\/az\/#organization"},"image":{"@id":"https:\/\/www.meydan.tv\/az\/article\/xalq-ve-elita-medeniyyeti\/#primaryimage"},"thumbnailUrl":"https:\/\/www.meydan.tv\/wp-content\/uploads\/18203.jpg","articleSection":["M\u0259nim Fikrimc\u0259"],"inLanguage":"az"},{"@type":"WebPage","@id":"https:\/\/www.meydan.tv\/az\/article\/xalq-ve-elita-medeniyyeti\/","url":"https:\/\/www.meydan.tv\/az\/article\/xalq-ve-elita-medeniyyeti\/","name":"Xalq v\u0259 elita m\u0259d\u0259niyy\u0259ti - MEYDAN.TV","isPartOf":{"@id":"https:\/\/www.meydan.tv\/az\/#website"},"primaryImageOfPage":{"@id":"https:\/\/www.meydan.tv\/az\/article\/xalq-ve-elita-medeniyyeti\/#primaryimage"},"image":{"@id":"https:\/\/www.meydan.tv\/az\/article\/xalq-ve-elita-medeniyyeti\/#primaryimage"},"thumbnailUrl":"https:\/\/www.meydan.tv\/wp-content\/uploads\/18203.jpg","datePublished":"2016-02-12T19:13:26+00:00","breadcrumb":{"@id":"https:\/\/www.meydan.tv\/az\/article\/xalq-ve-elita-medeniyyeti\/#breadcrumb"},"inLanguage":"az","potentialAction":[{"@type":"ReadAction","target":["https:\/\/www.meydan.tv\/az\/article\/xalq-ve-elita-medeniyyeti\/"]}]},{"@type":"ImageObject","inLanguage":"az","@id":"https:\/\/www.meydan.tv\/az\/article\/xalq-ve-elita-medeniyyeti\/#primaryimage","url":"https:\/\/www.meydan.tv\/wp-content\/uploads\/18203.jpg","contentUrl":"https:\/\/www.meydan.tv\/wp-content\/uploads\/18203.jpg","width":640,"height":358,"caption":"Source:"},{"@type":"BreadcrumbList","@id":"https:\/\/www.meydan.tv\/az\/article\/xalq-ve-elita-medeniyyeti\/#breadcrumb","itemListElement":[{"@type":"ListItem","position":1,"name":"Ana s\u0259hif\u0259","item":"https:\/\/www.meydan.tv\/az\/"},{"@type":"ListItem","position":2,"name":"M\u0259nim Fikrimc\u0259","item":"https:\/\/www.meydan.tv\/az\/section\/menim-fikrimce\/"},{"@type":"ListItem","position":3,"name":"Xalq v\u0259 elita m\u0259d\u0259niyy\u0259ti"}]},{"@type":"WebSite","@id":"https:\/\/www.meydan.tv\/az\/#website","url":"https:\/\/www.meydan.tv\/az\/","name":"MEYDAN.TV","description":"Meydan TV Az\u0259rbaycan\u0131n media m\u0259kan\u0131ndak\u0131 alternativ s\u0259sidir","publisher":{"@id":"https:\/\/www.meydan.tv\/az\/#organization"},"potentialAction":[{"@type":"SearchAction","target":{"@type":"EntryPoint","urlTemplate":"https:\/\/www.meydan.tv\/az\/?s={search_term_string}"},"query-input":{"@type":"PropertyValueSpecification","valueRequired":true,"valueName":"search_term_string"}}],"inLanguage":"az"},{"@type":"Organization","@id":"https:\/\/www.meydan.tv\/az\/#organization","name":"Meydan TV","url":"https:\/\/www.meydan.tv\/az\/","logo":{"@type":"ImageObject","inLanguage":"az","@id":"https:\/\/www.meydan.tv\/az\/#\/schema\/logo\/image\/","url":"https:\/\/www.meydan.tv\/wp-content\/uploads\/2021\/07\/meydan-logo.svg","contentUrl":"https:\/\/www.meydan.tv\/wp-content\/uploads\/2021\/07\/meydan-logo.svg","width":195,"height":46,"caption":"Meydan TV"},"image":{"@id":"https:\/\/www.meydan.tv\/az\/#\/schema\/logo\/image\/"}},{"@type":"Person","@id":"https:\/\/www.meydan.tv\/az\/#\/schema\/person\/10d11eccf6da3662cf5fdab9806ea91a","name":"user-manager"}]}},"_links":{"self":[{"href":"https:\/\/www.meydan.tv\/az\/wp-json\/wp\/v2\/posts\/173605","targetHints":{"allow":["GET"]}}],"collection":[{"href":"https:\/\/www.meydan.tv\/az\/wp-json\/wp\/v2\/posts"}],"about":[{"href":"https:\/\/www.meydan.tv\/az\/wp-json\/wp\/v2\/types\/post"}],"author":[{"embeddable":true,"href":"https:\/\/www.meydan.tv\/az\/wp-json\/wp\/v2\/users\/11"}],"replies":[{"embeddable":true,"href":"https:\/\/www.meydan.tv\/az\/wp-json\/wp\/v2\/comments?post=173605"}],"version-history":[{"count":0,"href":"https:\/\/www.meydan.tv\/az\/wp-json\/wp\/v2\/posts\/173605\/revisions"}],"wp:featuredmedia":[{"embeddable":true,"href":"https:\/\/www.meydan.tv\/az\/wp-json\/wp\/v2\/media\/48256"}],"wp:attachment":[{"href":"https:\/\/www.meydan.tv\/az\/wp-json\/wp\/v2\/media?parent=173605"}],"wp:term":[{"taxonomy":"category","embeddable":true,"href":"https:\/\/www.meydan.tv\/az\/wp-json\/wp\/v2\/categories?post=173605"},{"taxonomy":"post_tag","embeddable":true,"href":"https:\/\/www.meydan.tv\/az\/wp-json\/wp\/v2\/tags?post=173605"}],"curies":[{"name":"wp","href":"https:\/\/api.w.org\/{rel}","templated":true}]}}