{"id":173601,"date":"2016-02-12T17:09:20","date_gmt":"2016-02-12T17:09:20","guid":{"rendered":"https:\/\/www.meydan.tv\/article\/prezident-aparatinin-onunde-ozumu-yandirsam-video\/"},"modified":"2016-02-12T17:09:20","modified_gmt":"2016-02-12T17:09:20","slug":"prezident-aparatinin-onunde-ozumu-yandirsam-video","status":"publish","type":"post","link":"https:\/\/www.meydan.tv\/az\/article\/prezident-aparatinin-onunde-ozumu-yandirsam-video\/","title":{"rendered":"&#8221;Prezident aparat\u0131n\u0131n \u00f6n\u00fcnd\u0259 \u00f6z\u00fcm\u00fc yand\u0131rsam&#8230;&#8221; (V\u0130DEO)"},"content":{"rendered":"<figure class=\"wp-block-embed is-type-video is-provider-youtube wp-block-embed-youtube wp-embed-aspect-16-9 wp-has-aspect-ratio\">\n<div class=\"wp-block-embed__wrapper\">\n    <iframe loading=\"lazy\"\ttitle=\"\" width=\"1200\" height=\"675\" src=\"https:\/\/www.youtube.com\/embed\/UOBQHhvODFE\"\tframeborder=\"0\"\tallow=\"accelerometer; autoplay; clipboard-write; encrypted-media; gyroscope; picture-in-picture\" allowfullscreen><\/iframe>\n  <\/div><figcaption><\/figcaption><\/figure>\n<p>\n  Fevral\u0131n 12-d\u0259, s\u0259h\u0259r saatlar\u0131nda bir qrup naraz\u0131 v\u0259t\u0259nda\u015f Milli M\u0259clisin binas\u0131 qar\u015f\u0131s\u0131na topla\u015f\u0131b aksiya ke\u00e7iribl\u0259r. K\u0259f\u0259n\u0259 b\u00fcr\u00fcnm\u0259k ist\u0259y\u0259n etiraz\u00e7\u0131lara m\u00fchafiz\u0259\u00e7il\u0259r v\u0259 polisl\u0259r mane olublar. Onlar m\u0259mur \u00f6zba\u015f\u0131nal\u0131\u011f\u0131ndan, haqlar\u0131n\u0131n pozulmas\u0131ndan \u015fikay\u0259tl\u0259nibl\u0259r. Onlar\u0131 Milli M\u0259clisd\u0259n he\u00e7 kim q\u0259bul etm\u0259yib. Naraz\u0131lar deyibl\u0259r ki, \u015fikay\u0259tl\u0259rin\u0259 he\u00e7 bir qurumda bax\u0131lm\u0131r.\n<\/p>\n<p>\n  <b><br \/>\n    Bu videonu izl\u0259y\u0259n h\u0259r k\u0259s h\u0259m d\u0259 MeydanTV-nin &#8220;Xalq\u0131n X\u0259b\u0259ri&#8221; v\u0259t\u0259nda\u015f jurnalistikas\u0131 layih\u0259sind\u0259 i\u015ftirak ed\u0259 bil\u0259r. Bel\u0259 ki, qeyd etdiyiniz videolar\u0131, \u00e7\u0259kdiyiniz fotolar\u0131, bildiyiniz m\u0259lumatlar\u0131 biziml\u0259 payla\u015fa bil\u0259rsiniz.<br \/>\n  <\/b><br \/>\n  <br \/>\n  <b><br \/>\n    Whatsapp n\u00f6mr\u0259miz: +49 176 16263646<br \/>\n  <\/b><\/p>\n","protected":false},"excerpt":{"rendered":"<p>Fevral\u0131n 12-d\u0259, s\u0259h\u0259r saatlar\u0131nda bir qrup naraz\u0131 v\u0259t\u0259nda\u015f Milli M\u0259clisin binas\u0131 \u00f6nun\u0259 topla\u015f\u0131b.<\/p>\n","protected":false},"author":11,"featured_media":48221,"comment_status":"closed","ping_status":"open","sticky":false,"template":"","format":"standard","meta":{"_acf_changed":false,"_sitemap_exclude":false,"_sitemap_priority":"","_sitemap_frequency":"","footnotes":""},"categories":[63],"tags":[],"class_list":["post-173601","post","type-post","status-publish","format-standard","has-post-thumbnail","hentry","category-video-2","infinite-scroll-item","generate-columns","tablet-grid-50","mobile-grid-100","grid-parent","grid-33","no-featured-image-padding"],"acf":[],"yoast_head":"<!-- This site is optimized with the Yoast SEO plugin v28.4 - https:\/\/yoast.com\/product\/yoast-seo-wordpress\/ -->\n<title>&#039;&#039;Prezident aparat\u0131n\u0131n \u00f6n\u00fcnd\u0259 \u00f6z\u00fcm\u00fc yand\u0131rsam...&#039;&#039; (V\u0130DEO) - MEYDAN.TV<\/title>\n<meta name=\"robots\" content=\"index, follow, max-snippet:-1, max-image-preview:large, max-video-preview:-1\" \/>\n<link rel=\"canonical\" href=\"https:\/\/www.meydan.tv\/az\/article\/prezident-aparatinin-onunde-ozumu-yandirsam-video\/\" \/>\n<meta property=\"og:locale\" content=\"az_AZ\" \/>\n<meta property=\"og:type\" content=\"article\" \/>\n<meta property=\"og:title\" content=\"&#039;&#039;Prezident aparat\u0131n\u0131n \u00f6n\u00fcnd\u0259 \u00f6z\u00fcm\u00fc yand\u0131rsam...&#039;&#039; (V\u0130DEO) - MEYDAN.TV\" \/>\n<meta property=\"og:description\" content=\"Fevral\u0131n 12-d\u0259, s\u0259h\u0259r saatlar\u0131nda bir qrup naraz\u0131 v\u0259t\u0259nda\u015f Milli M\u0259clisin binas\u0131 \u00f6nun\u0259 topla\u015f\u0131b.\" \/>\n<meta property=\"og:url\" content=\"https:\/\/www.meydan.tv\/az\/article\/prezident-aparatinin-onunde-ozumu-yandirsam-video\/\" \/>\n<meta property=\"og:site_name\" content=\"MEYDAN.TV\" \/>\n<meta property=\"article:published_time\" content=\"2016-02-12T17:09:20+00:00\" \/>\n<meta property=\"og:image\" content=\"https:\/\/www.meydan.tv\/wp-content\/uploads\/18099.png\" \/>\n\t<meta property=\"og:image:width\" content=\"1265\" \/>\n\t<meta property=\"og:image:height\" content=\"666\" \/>\n\t<meta property=\"og:image:type\" content=\"image\/png\" \/>\n<meta name=\"twitter:card\" content=\"summary_large_image\" \/>\n<!-- \/ Yoast SEO plugin. -->","yoast_head_json":{"title":"''Prezident aparat\u0131n\u0131n \u00f6n\u00fcnd\u0259 \u00f6z\u00fcm\u00fc yand\u0131rsam...'' (V\u0130DEO) - MEYDAN.TV","robots":{"index":"index","follow":"follow","max-snippet":"max-snippet:-1","max-image-preview":"max-image-preview:large","max-video-preview":"max-video-preview:-1"},"canonical":"https:\/\/www.meydan.tv\/az\/article\/prezident-aparatinin-onunde-ozumu-yandirsam-video\/","og_locale":"az_AZ","og_type":"article","og_title":"''Prezident aparat\u0131n\u0131n \u00f6n\u00fcnd\u0259 \u00f6z\u00fcm\u00fc yand\u0131rsam...'' (V\u0130DEO) - MEYDAN.TV","og_description":"Fevral\u0131n 12-d\u0259, s\u0259h\u0259r saatlar\u0131nda bir qrup naraz\u0131 v\u0259t\u0259nda\u015f Milli M\u0259clisin binas\u0131 \u00f6nun\u0259 topla\u015f\u0131b.","og_url":"https:\/\/www.meydan.tv\/az\/article\/prezident-aparatinin-onunde-ozumu-yandirsam-video\/","og_site_name":"MEYDAN.TV","article_published_time":"2016-02-12T17:09:20+00:00","og_image":[{"width":1265,"height":666,"url":"https:\/\/www.meydan.tv\/wp-content\/uploads\/18099.png","type":"image\/png"}],"twitter_card":"summary_large_image","schema":{"@context":"https:\/\/schema.org","@graph":[{"@type":"Article","@id":"https:\/\/www.meydan.tv\/az\/article\/prezident-aparatinin-onunde-ozumu-yandirsam-video\/#article","isPartOf":{"@id":"https:\/\/www.meydan.tv\/az\/article\/prezident-aparatinin-onunde-ozumu-yandirsam-video\/"},"author":{"name":"user-manager","@id":"https:\/\/www.meydan.tv\/az\/#\/schema\/person\/10d11eccf6da3662cf5fdab9806ea91a"},"headline":"&#8221;Prezident aparat\u0131n\u0131n \u00f6n\u00fcnd\u0259 \u00f6z\u00fcm\u00fc yand\u0131rsam&#8230;&#8221; (V\u0130DEO)","datePublished":"2016-02-12T17:09:20+00:00","mainEntityOfPage":{"@id":"https:\/\/www.meydan.tv\/az\/article\/prezident-aparatinin-onunde-ozumu-yandirsam-video\/"},"wordCount":148,"publisher":{"@id":"https:\/\/www.meydan.tv\/az\/#organization"},"image":{"@id":"https:\/\/www.meydan.tv\/az\/article\/prezident-aparatinin-onunde-ozumu-yandirsam-video\/#primaryimage"},"thumbnailUrl":"https:\/\/www.meydan.tv\/wp-content\/uploads\/18099.png","articleSection":["Video"],"inLanguage":"az"},{"@type":"WebPage","@id":"https:\/\/www.meydan.tv\/az\/article\/prezident-aparatinin-onunde-ozumu-yandirsam-video\/","url":"https:\/\/www.meydan.tv\/az\/article\/prezident-aparatinin-onunde-ozumu-yandirsam-video\/","name":"''Prezident aparat\u0131n\u0131n \u00f6n\u00fcnd\u0259 \u00f6z\u00fcm\u00fc yand\u0131rsam...'' (V\u0130DEO) - MEYDAN.TV","isPartOf":{"@id":"https:\/\/www.meydan.tv\/az\/#website"},"primaryImageOfPage":{"@id":"https:\/\/www.meydan.tv\/az\/article\/prezident-aparatinin-onunde-ozumu-yandirsam-video\/#primaryimage"},"image":{"@id":"https:\/\/www.meydan.tv\/az\/article\/prezident-aparatinin-onunde-ozumu-yandirsam-video\/#primaryimage"},"thumbnailUrl":"https:\/\/www.meydan.tv\/wp-content\/uploads\/18099.png","datePublished":"2016-02-12T17:09:20+00:00","breadcrumb":{"@id":"https:\/\/www.meydan.tv\/az\/article\/prezident-aparatinin-onunde-ozumu-yandirsam-video\/#breadcrumb"},"inLanguage":"az","potentialAction":[{"@type":"ReadAction","target":["https:\/\/www.meydan.tv\/az\/article\/prezident-aparatinin-onunde-ozumu-yandirsam-video\/"]}]},{"@type":"ImageObject","inLanguage":"az","@id":"https:\/\/www.meydan.tv\/az\/article\/prezident-aparatinin-onunde-ozumu-yandirsam-video\/#primaryimage","url":"https:\/\/www.meydan.tv\/wp-content\/uploads\/18099.png","contentUrl":"https:\/\/www.meydan.tv\/wp-content\/uploads\/18099.png","width":1265,"height":666,"caption":"Source:"},{"@type":"BreadcrumbList","@id":"https:\/\/www.meydan.tv\/az\/article\/prezident-aparatinin-onunde-ozumu-yandirsam-video\/#breadcrumb","itemListElement":[{"@type":"ListItem","position":1,"name":"Ana s\u0259hif\u0259","item":"https:\/\/www.meydan.tv\/az\/"},{"@type":"ListItem","position":2,"name":"Video","item":"https:\/\/www.meydan.tv\/az\/section\/video-2\/"},{"@type":"ListItem","position":3,"name":"&#8221;Prezident aparat\u0131n\u0131n \u00f6n\u00fcnd\u0259 \u00f6z\u00fcm\u00fc yand\u0131rsam&#8230;&#8221; (V\u0130DEO)"}]},{"@type":"WebSite","@id":"https:\/\/www.meydan.tv\/az\/#website","url":"https:\/\/www.meydan.tv\/az\/","name":"MEYDAN.TV","description":"Meydan TV Az\u0259rbaycan\u0131n media m\u0259kan\u0131ndak\u0131 alternativ s\u0259sidir","publisher":{"@id":"https:\/\/www.meydan.tv\/az\/#organization"},"potentialAction":[{"@type":"SearchAction","target":{"@type":"EntryPoint","urlTemplate":"https:\/\/www.meydan.tv\/az\/?s={search_term_string}"},"query-input":{"@type":"PropertyValueSpecification","valueRequired":true,"valueName":"search_term_string"}}],"inLanguage":"az"},{"@type":"Organization","@id":"https:\/\/www.meydan.tv\/az\/#organization","name":"Meydan TV","url":"https:\/\/www.meydan.tv\/az\/","logo":{"@type":"ImageObject","inLanguage":"az","@id":"https:\/\/www.meydan.tv\/az\/#\/schema\/logo\/image\/","url":"https:\/\/www.meydan.tv\/wp-content\/uploads\/2021\/07\/meydan-logo.svg","contentUrl":"https:\/\/www.meydan.tv\/wp-content\/uploads\/2021\/07\/meydan-logo.svg","width":195,"height":46,"caption":"Meydan TV"},"image":{"@id":"https:\/\/www.meydan.tv\/az\/#\/schema\/logo\/image\/"}},{"@type":"Person","@id":"https:\/\/www.meydan.tv\/az\/#\/schema\/person\/10d11eccf6da3662cf5fdab9806ea91a","name":"user-manager"}]}},"_links":{"self":[{"href":"https:\/\/www.meydan.tv\/az\/wp-json\/wp\/v2\/posts\/173601","targetHints":{"allow":["GET"]}}],"collection":[{"href":"https:\/\/www.meydan.tv\/az\/wp-json\/wp\/v2\/posts"}],"about":[{"href":"https:\/\/www.meydan.tv\/az\/wp-json\/wp\/v2\/types\/post"}],"author":[{"embeddable":true,"href":"https:\/\/www.meydan.tv\/az\/wp-json\/wp\/v2\/users\/11"}],"replies":[{"embeddable":true,"href":"https:\/\/www.meydan.tv\/az\/wp-json\/wp\/v2\/comments?post=173601"}],"version-history":[{"count":0,"href":"https:\/\/www.meydan.tv\/az\/wp-json\/wp\/v2\/posts\/173601\/revisions"}],"wp:featuredmedia":[{"embeddable":true,"href":"https:\/\/www.meydan.tv\/az\/wp-json\/wp\/v2\/media\/48221"}],"wp:attachment":[{"href":"https:\/\/www.meydan.tv\/az\/wp-json\/wp\/v2\/media?parent=173601"}],"wp:term":[{"taxonomy":"category","embeddable":true,"href":"https:\/\/www.meydan.tv\/az\/wp-json\/wp\/v2\/categories?post=173601"},{"taxonomy":"post_tag","embeddable":true,"href":"https:\/\/www.meydan.tv\/az\/wp-json\/wp\/v2\/tags?post=173601"}],"curies":[{"name":"wp","href":"https:\/\/api.w.org\/{rel}","templated":true}]}}