{"id":173576,"date":"2016-02-11T23:26:55","date_gmt":"2016-02-11T23:26:55","guid":{"rendered":"https:\/\/www.meydan.tv\/article\/milli-s-emsali\/"},"modified":"2016-02-11T23:26:55","modified_gmt":"2016-02-11T23:26:55","slug":"milli-s-emsali","status":"publish","type":"post","link":"https:\/\/www.meydan.tv\/az\/article\/milli-s-emsali\/","title":{"rendered":"Milli \u015e \u0259msal\u0131"},"content":{"rendered":"<figure class=\"wp-block-image size-large\">\n  <img decoding=\"async\" src=\"https:\/\/www.meydan.tv\/az\/48115\/\" alt=\"\" class=\"wp-image-48115\"\/><figcaption><\/figcaption><\/figure>\n<figure class=\"wp-block-image size-large\">\n  <img decoding=\"async\" src=\"https:\/\/www.meydan.tv\/az\/48112\/\" alt=\"\" class=\"wp-image-48112\"\/><figcaption><\/figcaption><\/figure>\n<p>\n  <i><br \/>\n    <b><br \/>\n      Beyn\u0259lmil\u0259l\u00e7iliyi mill\u0259t\u00e7ilik \u0259v\u0259z ed\u0259nd\u0259n sonra vaxtil\u0259 b\u00fct\u00fcn bihesabl\u0131qlar\u0131 proletariat\u0131n aya\u011f\u0131na yazan c\u0259miyy\u0259timiz indiki \u0259m\u0259ll\u0259rin\u0259 ba\u015flad\u0131lar \u201cmilli d\u0259y\u0259r\u201dl\u0259rl\u0259 b\u0259ra\u0259t qazand\u0131rma\u011fa. N\u0259z\u0259r\u0259 alsaq ki, bizim h\u0259yat\u0131m\u0131z\u0131n \u0259sas \u00f6z\u0259llikl\u0259ri el\u0259 b\u0259d \u0259m\u0259ll\u0259rd\u0259n ibar\u0259tdir, \u201cmilli\u201d kimi s\u0131r\u0131nan d\u0259y\u0259rl\u0259rin d\u0259 \u0259ks\u0259riyy\u0259ti mahiyy\u0259tc\u0259 m\u0259nfi olaraq qald\u0131. Yaltaql\u0131\u011f\u0131 h\u00f6rm\u0259t, r\u00fc\u015fv\u0259ti \u015firinlik, s\u0131rt\u0131ql\u0131\u011f\u0131 bacar\u0131q, al\u00e7aql\u0131\u011f\u0131 dolan\u0131\u015f\u0131q sayanlar b\u00fct\u00fcn bunlar\u0131 d\u0259y\u0259rl\u0259rimizin \u201cmililiyi\u201dnin aya\u011f\u0131na yazd\u0131lar.<br \/>\n    <\/b><br \/>\n  <\/i>\n<\/p>\n<p>\n  Bu \u201cmilli\u201d h\u0259ngam\u0259y\u0259 tama\u015fa etdikc\u0259 h\u0259qiq\u0259t\u0259n milli olan \u0259dibl\u0259rimizin vaxtil\u0259 bizim tatar-m\u00fcs\u0259lman c\u0259miyy\u0259tinin t\u0259zah\u00fcrl\u0259rin\u0259 b\u0259sl\u0259dikl\u0259ri \u00e7\u0131lpaq m\u00fcnasib\u0259ti m\u0259nd\u0259 d\u0259 eyni hissl\u0259ri oyatd\u0131 v\u0259 m\u0259n bu k\u00f6hn\u0259-yeni d\u0259y\u0259rl\u0259ri \u201cmilli \u015e\u201d \u0259msal\u0131 il\u0259 \u00f6l\u00e7m\u0259y\u0259 ba\u015flad\u0131m.\n<\/p>\n<p>\n  N\u0259dir bu \u0259msal? Xaliqd\u0259n gizli deyil, m\u0259xluqdan niy\u0259 gizli qals\u0131n, a\u00e7\u0131\u011f\u0131n\u0131 deyim ki, \u201c\u015e\u201d \u0259msal\u0131 faydal\u0131 ev heyvan\u0131n\u0131n ad\u0131 olan v\u0259 bizim milli \u015fifahi \u0259d\u0259biyyat\u0131n geni\u015f istifad\u0259 etdiyi \u201ce\u015f\u015f\u0259k\u201d s\u00f6z\u00fcnd\u0259ki \u201c\u015e\u201d h\u0259rfinin say\u0131ndan g\u00f6t\u00fcr\u00fcl\u00fcb. \u0130st\u0259nil\u0259n q\u0259r\u0259zsiz v\u0259 \u0259dal\u0259tli az\u0259rbaycanl\u0131 raz\u0131la\u015far ki, biz g\u00fcnd\u0259lik h\u0259yat\u0131m\u0131zda h\u0259r hans\u0131 bir insan\u0131n h\u0259ddini a\u015fan bihesabl\u0131\u011f\u0131 il\u0259 rastla\u015fanda \u00f6z m\u0259nfi \u00e7alarl\u0131 hissl\u0259rimizi h\u0259min adam bar\u0259sind\u0259 dediyimiz \u201ce\u015f\u015f\u0259k\u201d s\u00f6z\u00fcnd\u0259ki \u201c\u015e\u201d h\u0259rfl\u0259rinin vur\u011fusu v\u0259 say\u0131 il\u0259 d\u0259qiq ifad\u0259 edirik.\n<\/p>\n<p>\n  M\u0259s\u0259l\u0259n, m\u0259mur tamamil\u0259 qanuni bir i\u015f\u0259 g\u00f6r\u0259 v\u0259t\u0259nda\u015fdan r\u00fc\u015fv\u0259t t\u0259l\u0259b edirs\u0259, onun bar\u0259sind\u0259 yerind\u0259 deyil\u0259n \u201ce\u015f\u015f\u0259k\u201d s\u00f6z\u00fcnd\u0259 iki deyil, \u00fc\u00e7 \u201c\u015e\u201d h\u0259rfinin i\u015fl\u0259dilm\u0259si o dem\u0259kdir ki, onun \u0259m\u0259li 3 \u201cmilli \u015e\u201d \u0259msal\u0131na vurulur.\n<\/p>\n<p>\n  Yaxud, bir tikinti \u015firk\u0259tinin sahibi bir m\u0259nzili \u00fc\u00e7 m\u00fc\u015ft\u0259riy\u0259 sat\u0131r, pullar\u0131n\u0131 m\u0259nims\u0259yir v\u0259 bin\u0259valar\u0131 \u00fcz-\u00fcz\u0259 qoyur. Bu \u201cmilli\u201d sahibkar ne\u00e7\u0259 \u201cmilli \u015e\u201d \u0259msal\u0131na layiqdir? M\u0259nc\u0259, burada simiclik etm\u0259d\u0259n ona 4 \u201cmilli \u015e\u201d \u0259msal\u0131 verm\u0259k olar.\n<\/p>\n<p>\n  Yaxud, T\u0259hsil Nazirliyind\u0259 hans\u0131sa ba\u015fbil\u0259n orta m\u0259kt\u0259b m\u00fc\u0259lliml\u0259rin\u0259 buyurur ki, \u015fagirdl\u0259r\u0259 \u201cRamil S\u0259f\u0259rovun erm\u0259ni h\u0259rb\u00e7isini \u00f6ld\u00fcr\u0259rk\u0259n g\u00f6st\u0259rdiyi q\u0259hr\u0259manl\u0131q\u201d m\u00f6vzusunda s\u0259rb\u0259st in\u015fa yazd\u0131rs\u0131nlar. Nazirlikd\u0259ki bu ba\u015fbil\u0259n ne\u00e7\u0259 \u201cmilli \u015e\u201d \u0259msal\u0131na layiqdir? Sizi bilmir\u0259m, amma m\u0259n s\u0259xav\u0259tl\u0259 ona 5 \u201cmilli \u015e\u201d \u0259msal\u0131 ver\u0259rdim.\n<\/p>\n<p>\n  Xalq\u0131n pulunu yeyb har\u0131nlam\u0131\u015f hans\u0131sa yeni az\u0259rbaycanl \u015f\u0259h\u0259r q\u0259bristanl\u0131\u011f\u0131nda \u0131 \u00fcmumi yolun hesab\u0131na \u00f6z \u0259mvat\u0131n\u0131n uyuma sah\u0259sini geni\u015fl\u0259ndirir v\u0259 h\u0259r\u0259k\u0259t\u0259 ciddi \u0259ng\u0259l t\u00f6r\u0259tdiyi \u00fc\u00e7\u00fcn h\u0259r g\u0259lib-ke\u00e7\u0259nd\u0259n \u00f6z \u0259mvat\u0131n\u0131n \u00fcnvan\u0131na ya\u011fl\u0131-ya\u011fl\u0131 s\u00f6y\u00fc\u015f v\u0259 l\u0259n\u0259t qazan\u0131r. Siz bil\u0259n bu igid ne\u00e7\u0259 \u201cmilli \u015e\u201d \u0259msal\u0131 qazana bil\u0259r? M\u0259n ona t\u0259r\u0259dd\u00fcd etm\u0259d\u0259n 3 \u201cmilli \u015e\u201d \u0259msal\u0131 ver\u0259rdim.<br \/>\n  <br \/>\n  Nazirimiz Avropaya s\u0259yah\u0259td\u0259n qay\u0131d\u0131r, n\u00f6k\u0259r-naibini \u0259traf\u0131na toplay\u0131b oradak\u0131 abadl\u0131q v\u0259 qanun-qaydan\u0131n \u00fcst\u00fcnl\u00fcy\u00fcnd\u0259ndan\u0131\u015f\u0131r, sonra is\u0259 \u201cm\u0259n burada olmayanda, d\u00f6vl\u0259td\u0259n n\u0259yi \u00e7alm\u0131s\u0131n\u0131z, g\u0259tirin g\u00f6r\u0259k\u201d deyirs\u0259, ona 4 \u201cmilli \u015e\u201d \u0259msal\u0131 verm\u0259k insafdan olmazm\u0131?\n<\/p>\n<p>\n  Yaxud k\u00fclf\u0259tini g\u00fccl\u0259 doland\u0131ran birisi t\u0259z\u0259 model bahal\u0131 telefon almaq \u00fc\u00e7\u00fcn bankdan quldur faizi il\u0259 borc al\u0131rsa, bu m\u0259xluqa nec\u0259 d\u0259 5 \u201cmilli \u015e\u201d \u0259msal\u0131 verm\u0259y\u0259s\u0259n?\n<\/p>\n<p>\n  Se\u00e7kil\u0259rin saxtala\u015fd\u0131r\u0131laca\u011f\u0131n\u0131 \u0259vv\u0259lc\u0259d\u0259n y\u00fcz faiz bil\u0259-bil\u0259 se\u00e7ki \u0259r\u0259f\u0259sind\u0259 qurban bayram\u0131 \u00f6nc\u0259si q\u0259ssab d\u00fckan\u0131n\u0131n giri\u015find\u0259 birincilik u\u011frunda k\u0259ll\u0259l\u0259\u015f\u0259n qo\u00e7lar kimi \u00f6z\u00fcn\u00fc aparan m\u00fcxalif\u0259t liderl\u0259rinin v\u00fccudunu nec\u0259 d\u0259 5 \u201cmilli \u015e\u201d \u0259msal\u0131na vurmayasan?\n<\/p>\n<p>\n  Bir \u0259srdir butun \u0259m\u0259k h\u00fcquqlar\u0131 amans\u0131zl\u0131qla pozulan Az\u0259rbaycan z\u0259hm\u0259tke\u015fl\u0259rinin b\u00fct\u00fcn bu \u0259sr \u0259rzind\u0259 birc\u0259 d\u0259f\u0259 bel\u0259 h\u0259qiqi v\u0259 m\u0259d\u0259ni h\u0259mkarlar ittifaq\u0131 yarada bilm\u0259m\u0259sinin s\u0259b\u0259bi h\u0259min bu \u201cmilli \u015e\u201d \u0259msal\u0131n\u0131n ucbat\u0131ndan deyilmi?\n<\/p>\n<p>\n  Sizin h\u0259r g\u00fcn v\u0259 h\u0259r yerd\u0259 g\u00f6rd\u00fcy\u00fcn\u00fcz v\u0259 bar\u0259sind\u0259 q\u0259zet v\u0259 saytlarda oxudu\u011funuz bihesabl\u0131qlar\u0131 t\u00f6r\u0259d\u0259n q\u0259hr\u0259manlar \u00f6z h\u0259r\u0259k\u0259tl\u0259ri il\u0259, siz bil\u0259n, ne\u00e7\u0259 \u201cmilli \u015e\u201d \u0259msal\u0131na layiq olduqlar\u0131n\u0131 s\u00fcbuta yetirirl\u0259r?\n<\/p>\n<p>\n  M\u00fcnsif sizsiniz, ne\u00e7\u0259 vers\u0259niz, el\u0259 o q\u0259d\u0259r d\u0259 alacaqlar.\n<\/p>\n<p>\n  Ancaq h\u0259rd\u0259n \u00f6z h\u0259r\u0259k\u0259tl\u0259rimizi d\u0259 bu \u0259msal bax\u0131m\u0131ndan qiym\u0259tl\u0259ndirib c\u0259miyy\u0259timizd\u0259 insaf v\u0259 \u0259dal\u0259t pay\u0131n\u0131 art\u0131rma\u011fa \u00e7al\u0131\u015fsaq, Allaha xo\u015f ged\u0259r&#8230;\n<\/p>\n<p>\n  <b><br \/>\n    Yaz\u0131 m\u00fc\u0259llifin \u015f\u0259xsi m\u00f6vqeyini \u0259ks etdirir&#8230;<br \/>\n  <\/b><\/p>\n","protected":false},"excerpt":{"rendered":"<p>Beyn\u0259lmil\u0259l\u00e7iliyi mill\u0259t\u00e7ilik \u0259v\u0259z ed\u0259nd\u0259n sonra vaxtil\u0259 b\u00fct\u00fcn bihesabl\u0131qlar\u0131 proletariat\u0131n aya\u011f\u0131na &#8230; <\/p>\n<p class=\"read-more-container\"><a title=\"Milli \u015e \u0259msal\u0131\" class=\"read-more button\" href=\"https:\/\/www.meydan.tv\/az\/article\/milli-s-emsali\/#more-173576\" aria-label=\"Read more about Milli \u015e \u0259msal\u0131\">Davam\u0131<\/a><\/p>\n","protected":false},"author":11,"featured_media":48115,"comment_status":"closed","ping_status":"open","sticky":false,"template":"","format":"standard","meta":{"_acf_changed":false,"_sitemap_exclude":false,"_sitemap_priority":"","_sitemap_frequency":"","footnotes":""},"categories":[57],"tags":[],"class_list":["post-173576","post","type-post","status-publish","format-standard","has-post-thumbnail","hentry","category-menim-fikrimce","infinite-scroll-item","generate-columns","tablet-grid-50","mobile-grid-100","grid-parent","grid-33","no-featured-image-padding"],"acf":[],"yoast_head":"<!-- This site is optimized with the Yoast SEO plugin v27.5 - https:\/\/yoast.com\/product\/yoast-seo-wordpress\/ -->\n<title>Milli \u015e \u0259msal\u0131 - MEYDAN.TV<\/title>\n<meta name=\"robots\" content=\"index, follow, max-snippet:-1, max-image-preview:large, max-video-preview:-1\" \/>\n<link rel=\"canonical\" href=\"https:\/\/www.meydan.tv\/az\/article\/milli-s-emsali\/\" \/>\n<meta property=\"og:locale\" content=\"az_AZ\" \/>\n<meta property=\"og:type\" content=\"article\" \/>\n<meta property=\"og:title\" content=\"Milli \u015e \u0259msal\u0131 - MEYDAN.TV\" \/>\n<meta property=\"og:description\" content=\"Beyn\u0259lmil\u0259l\u00e7iliyi mill\u0259t\u00e7ilik \u0259v\u0259z ed\u0259nd\u0259n sonra vaxtil\u0259 b\u00fct\u00fcn bihesabl\u0131qlar\u0131 proletariat\u0131n aya\u011f\u0131na ... Davam\u0131\" \/>\n<meta property=\"og:url\" content=\"https:\/\/www.meydan.tv\/az\/article\/milli-s-emsali\/\" \/>\n<meta property=\"og:site_name\" content=\"MEYDAN.TV\" \/>\n<meta property=\"article:published_time\" content=\"2016-02-11T23:26:55+00:00\" \/>\n<meta property=\"og:image\" content=\"https:\/\/www.meydan.tv\/wp-content\/uploads\/18057.jpg\" \/>\n\t<meta property=\"og:image:width\" content=\"500\" \/>\n\t<meta property=\"og:image:height\" content=\"500\" \/>\n\t<meta property=\"og:image:type\" content=\"image\/jpeg\" \/>\n<meta name=\"author\" content=\"user-manager\" \/>\n<meta name=\"twitter:card\" content=\"summary_large_image\" \/>\n<script type=\"application\/ld+json\" class=\"yoast-schema-graph\">{\"@context\":\"https:\\\/\\\/schema.org\",\"@graph\":[{\"@type\":\"Article\",\"@id\":\"https:\\\/\\\/www.meydan.tv\\\/az\\\/article\\\/milli-s-emsali\\\/#article\",\"isPartOf\":{\"@id\":\"https:\\\/\\\/www.meydan.tv\\\/az\\\/article\\\/milli-s-emsali\\\/\"},\"author\":{\"name\":\"user-manager\",\"@id\":\"https:\\\/\\\/www.meydan.tv\\\/az\\\/#\\\/schema\\\/person\\\/10d11eccf6da3662cf5fdab9806ea91a\"},\"headline\":\"Milli \u015e \u0259msal\u0131\",\"datePublished\":\"2016-02-11T23:26:55+00:00\",\"mainEntityOfPage\":{\"@id\":\"https:\\\/\\\/www.meydan.tv\\\/az\\\/article\\\/milli-s-emsali\\\/\"},\"wordCount\":885,\"publisher\":{\"@id\":\"https:\\\/\\\/www.meydan.tv\\\/az\\\/#organization\"},\"image\":{\"@id\":\"https:\\\/\\\/www.meydan.tv\\\/az\\\/article\\\/milli-s-emsali\\\/#primaryimage\"},\"thumbnailUrl\":\"https:\\\/\\\/www.meydan.tv\\\/wp-content\\\/uploads\\\/18057.jpg\",\"articleSection\":[\"M\u0259nim Fikrimc\u0259\"],\"inLanguage\":\"az\"},{\"@type\":\"WebPage\",\"@id\":\"https:\\\/\\\/www.meydan.tv\\\/az\\\/article\\\/milli-s-emsali\\\/\",\"url\":\"https:\\\/\\\/www.meydan.tv\\\/az\\\/article\\\/milli-s-emsali\\\/\",\"name\":\"Milli \u015e \u0259msal\u0131 - MEYDAN.TV\",\"isPartOf\":{\"@id\":\"https:\\\/\\\/www.meydan.tv\\\/az\\\/#website\"},\"primaryImageOfPage\":{\"@id\":\"https:\\\/\\\/www.meydan.tv\\\/az\\\/article\\\/milli-s-emsali\\\/#primaryimage\"},\"image\":{\"@id\":\"https:\\\/\\\/www.meydan.tv\\\/az\\\/article\\\/milli-s-emsali\\\/#primaryimage\"},\"thumbnailUrl\":\"https:\\\/\\\/www.meydan.tv\\\/wp-content\\\/uploads\\\/18057.jpg\",\"datePublished\":\"2016-02-11T23:26:55+00:00\",\"breadcrumb\":{\"@id\":\"https:\\\/\\\/www.meydan.tv\\\/az\\\/article\\\/milli-s-emsali\\\/#breadcrumb\"},\"inLanguage\":\"az\",\"potentialAction\":[{\"@type\":\"ReadAction\",\"target\":[\"https:\\\/\\\/www.meydan.tv\\\/az\\\/article\\\/milli-s-emsali\\\/\"]}]},{\"@type\":\"ImageObject\",\"inLanguage\":\"az\",\"@id\":\"https:\\\/\\\/www.meydan.tv\\\/az\\\/article\\\/milli-s-emsali\\\/#primaryimage\",\"url\":\"https:\\\/\\\/www.meydan.tv\\\/wp-content\\\/uploads\\\/18057.jpg\",\"contentUrl\":\"https:\\\/\\\/www.meydan.tv\\\/wp-content\\\/uploads\\\/18057.jpg\",\"width\":500,\"height\":500,\"caption\":\"Source:\"},{\"@type\":\"BreadcrumbList\",\"@id\":\"https:\\\/\\\/www.meydan.tv\\\/az\\\/article\\\/milli-s-emsali\\\/#breadcrumb\",\"itemListElement\":[{\"@type\":\"ListItem\",\"position\":1,\"name\":\"Ana s\u0259hif\u0259\",\"item\":\"https:\\\/\\\/www.meydan.tv\\\/az\\\/\"},{\"@type\":\"ListItem\",\"position\":2,\"name\":\"M\u0259nim Fikrimc\u0259\",\"item\":\"https:\\\/\\\/www.meydan.tv\\\/az\\\/section\\\/menim-fikrimce\\\/\"},{\"@type\":\"ListItem\",\"position\":3,\"name\":\"Milli \u015e \u0259msal\u0131\"}]},{\"@type\":\"WebSite\",\"@id\":\"https:\\\/\\\/www.meydan.tv\\\/az\\\/#website\",\"url\":\"https:\\\/\\\/www.meydan.tv\\\/az\\\/\",\"name\":\"MEYDAN.TV\",\"description\":\"Meydan TV Az\u0259rbaycan\u0131n media m\u0259kan\u0131ndak\u0131 alternativ s\u0259sidir\",\"publisher\":{\"@id\":\"https:\\\/\\\/www.meydan.tv\\\/az\\\/#organization\"},\"potentialAction\":[{\"@type\":\"SearchAction\",\"target\":{\"@type\":\"EntryPoint\",\"urlTemplate\":\"https:\\\/\\\/www.meydan.tv\\\/az\\\/?s={search_term_string}\"},\"query-input\":{\"@type\":\"PropertyValueSpecification\",\"valueRequired\":true,\"valueName\":\"search_term_string\"}}],\"inLanguage\":\"az\"},{\"@type\":\"Organization\",\"@id\":\"https:\\\/\\\/www.meydan.tv\\\/az\\\/#organization\",\"name\":\"Meydan TV\",\"url\":\"https:\\\/\\\/www.meydan.tv\\\/az\\\/\",\"logo\":{\"@type\":\"ImageObject\",\"inLanguage\":\"az\",\"@id\":\"https:\\\/\\\/www.meydan.tv\\\/az\\\/#\\\/schema\\\/logo\\\/image\\\/\",\"url\":\"https:\\\/\\\/www.meydan.tv\\\/wp-content\\\/uploads\\\/2021\\\/07\\\/meydan-logo.svg\",\"contentUrl\":\"https:\\\/\\\/www.meydan.tv\\\/wp-content\\\/uploads\\\/2021\\\/07\\\/meydan-logo.svg\",\"width\":195,\"height\":46,\"caption\":\"Meydan TV\"},\"image\":{\"@id\":\"https:\\\/\\\/www.meydan.tv\\\/az\\\/#\\\/schema\\\/logo\\\/image\\\/\"}},{\"@type\":\"Person\",\"@id\":\"https:\\\/\\\/www.meydan.tv\\\/az\\\/#\\\/schema\\\/person\\\/10d11eccf6da3662cf5fdab9806ea91a\",\"name\":\"user-manager\"}]}<\/script>\n<!-- \/ Yoast SEO plugin. -->","yoast_head_json":{"title":"Milli \u015e \u0259msal\u0131 - MEYDAN.TV","robots":{"index":"index","follow":"follow","max-snippet":"max-snippet:-1","max-image-preview":"max-image-preview:large","max-video-preview":"max-video-preview:-1"},"canonical":"https:\/\/www.meydan.tv\/az\/article\/milli-s-emsali\/","og_locale":"az_AZ","og_type":"article","og_title":"Milli \u015e \u0259msal\u0131 - MEYDAN.TV","og_description":"Beyn\u0259lmil\u0259l\u00e7iliyi mill\u0259t\u00e7ilik \u0259v\u0259z ed\u0259nd\u0259n sonra vaxtil\u0259 b\u00fct\u00fcn bihesabl\u0131qlar\u0131 proletariat\u0131n aya\u011f\u0131na ... Davam\u0131","og_url":"https:\/\/www.meydan.tv\/az\/article\/milli-s-emsali\/","og_site_name":"MEYDAN.TV","article_published_time":"2016-02-11T23:26:55+00:00","og_image":[{"width":500,"height":500,"url":"https:\/\/www.meydan.tv\/wp-content\/uploads\/18057.jpg","type":"image\/jpeg"}],"author":"user-manager","twitter_card":"summary_large_image","schema":{"@context":"https:\/\/schema.org","@graph":[{"@type":"Article","@id":"https:\/\/www.meydan.tv\/az\/article\/milli-s-emsali\/#article","isPartOf":{"@id":"https:\/\/www.meydan.tv\/az\/article\/milli-s-emsali\/"},"author":{"name":"user-manager","@id":"https:\/\/www.meydan.tv\/az\/#\/schema\/person\/10d11eccf6da3662cf5fdab9806ea91a"},"headline":"Milli \u015e \u0259msal\u0131","datePublished":"2016-02-11T23:26:55+00:00","mainEntityOfPage":{"@id":"https:\/\/www.meydan.tv\/az\/article\/milli-s-emsali\/"},"wordCount":885,"publisher":{"@id":"https:\/\/www.meydan.tv\/az\/#organization"},"image":{"@id":"https:\/\/www.meydan.tv\/az\/article\/milli-s-emsali\/#primaryimage"},"thumbnailUrl":"https:\/\/www.meydan.tv\/wp-content\/uploads\/18057.jpg","articleSection":["M\u0259nim Fikrimc\u0259"],"inLanguage":"az"},{"@type":"WebPage","@id":"https:\/\/www.meydan.tv\/az\/article\/milli-s-emsali\/","url":"https:\/\/www.meydan.tv\/az\/article\/milli-s-emsali\/","name":"Milli \u015e \u0259msal\u0131 - MEYDAN.TV","isPartOf":{"@id":"https:\/\/www.meydan.tv\/az\/#website"},"primaryImageOfPage":{"@id":"https:\/\/www.meydan.tv\/az\/article\/milli-s-emsali\/#primaryimage"},"image":{"@id":"https:\/\/www.meydan.tv\/az\/article\/milli-s-emsali\/#primaryimage"},"thumbnailUrl":"https:\/\/www.meydan.tv\/wp-content\/uploads\/18057.jpg","datePublished":"2016-02-11T23:26:55+00:00","breadcrumb":{"@id":"https:\/\/www.meydan.tv\/az\/article\/milli-s-emsali\/#breadcrumb"},"inLanguage":"az","potentialAction":[{"@type":"ReadAction","target":["https:\/\/www.meydan.tv\/az\/article\/milli-s-emsali\/"]}]},{"@type":"ImageObject","inLanguage":"az","@id":"https:\/\/www.meydan.tv\/az\/article\/milli-s-emsali\/#primaryimage","url":"https:\/\/www.meydan.tv\/wp-content\/uploads\/18057.jpg","contentUrl":"https:\/\/www.meydan.tv\/wp-content\/uploads\/18057.jpg","width":500,"height":500,"caption":"Source:"},{"@type":"BreadcrumbList","@id":"https:\/\/www.meydan.tv\/az\/article\/milli-s-emsali\/#breadcrumb","itemListElement":[{"@type":"ListItem","position":1,"name":"Ana s\u0259hif\u0259","item":"https:\/\/www.meydan.tv\/az\/"},{"@type":"ListItem","position":2,"name":"M\u0259nim Fikrimc\u0259","item":"https:\/\/www.meydan.tv\/az\/section\/menim-fikrimce\/"},{"@type":"ListItem","position":3,"name":"Milli \u015e \u0259msal\u0131"}]},{"@type":"WebSite","@id":"https:\/\/www.meydan.tv\/az\/#website","url":"https:\/\/www.meydan.tv\/az\/","name":"MEYDAN.TV","description":"Meydan TV Az\u0259rbaycan\u0131n media m\u0259kan\u0131ndak\u0131 alternativ s\u0259sidir","publisher":{"@id":"https:\/\/www.meydan.tv\/az\/#organization"},"potentialAction":[{"@type":"SearchAction","target":{"@type":"EntryPoint","urlTemplate":"https:\/\/www.meydan.tv\/az\/?s={search_term_string}"},"query-input":{"@type":"PropertyValueSpecification","valueRequired":true,"valueName":"search_term_string"}}],"inLanguage":"az"},{"@type":"Organization","@id":"https:\/\/www.meydan.tv\/az\/#organization","name":"Meydan TV","url":"https:\/\/www.meydan.tv\/az\/","logo":{"@type":"ImageObject","inLanguage":"az","@id":"https:\/\/www.meydan.tv\/az\/#\/schema\/logo\/image\/","url":"https:\/\/www.meydan.tv\/wp-content\/uploads\/2021\/07\/meydan-logo.svg","contentUrl":"https:\/\/www.meydan.tv\/wp-content\/uploads\/2021\/07\/meydan-logo.svg","width":195,"height":46,"caption":"Meydan TV"},"image":{"@id":"https:\/\/www.meydan.tv\/az\/#\/schema\/logo\/image\/"}},{"@type":"Person","@id":"https:\/\/www.meydan.tv\/az\/#\/schema\/person\/10d11eccf6da3662cf5fdab9806ea91a","name":"user-manager"}]}},"_links":{"self":[{"href":"https:\/\/www.meydan.tv\/az\/wp-json\/wp\/v2\/posts\/173576","targetHints":{"allow":["GET"]}}],"collection":[{"href":"https:\/\/www.meydan.tv\/az\/wp-json\/wp\/v2\/posts"}],"about":[{"href":"https:\/\/www.meydan.tv\/az\/wp-json\/wp\/v2\/types\/post"}],"author":[{"embeddable":true,"href":"https:\/\/www.meydan.tv\/az\/wp-json\/wp\/v2\/users\/11"}],"replies":[{"embeddable":true,"href":"https:\/\/www.meydan.tv\/az\/wp-json\/wp\/v2\/comments?post=173576"}],"version-history":[{"count":0,"href":"https:\/\/www.meydan.tv\/az\/wp-json\/wp\/v2\/posts\/173576\/revisions"}],"wp:featuredmedia":[{"embeddable":true,"href":"https:\/\/www.meydan.tv\/az\/wp-json\/wp\/v2\/media\/48115"}],"wp:attachment":[{"href":"https:\/\/www.meydan.tv\/az\/wp-json\/wp\/v2\/media?parent=173576"}],"wp:term":[{"taxonomy":"category","embeddable":true,"href":"https:\/\/www.meydan.tv\/az\/wp-json\/wp\/v2\/categories?post=173576"},{"taxonomy":"post_tag","embeddable":true,"href":"https:\/\/www.meydan.tv\/az\/wp-json\/wp\/v2\/tags?post=173576"}],"curies":[{"name":"wp","href":"https:\/\/api.w.org\/{rel}","templated":true}]}}