{"id":173573,"date":"2016-02-11T22:54:52","date_gmt":"2016-02-11T22:54:52","guid":{"rendered":"https:\/\/www.meydan.tv\/article\/insaf-yaxsi-keyfiyyetdi\/"},"modified":"2016-02-11T22:54:52","modified_gmt":"2016-02-11T22:54:52","slug":"insaf-yaxsi-keyfiyyetdi","status":"publish","type":"post","link":"https:\/\/www.meydan.tv\/az\/article\/insaf-yaxsi-keyfiyyetdi\/","title":{"rendered":"\u0130nsaf yax\u015f\u0131 keyfiyy\u0259tdi"},"content":{"rendered":"<figure class=\"wp-block-image size-large\">\n  <img decoding=\"async\" src=\"https:\/\/www.meydan.tv\/az\/rovsen-agayev\/\" alt=\"R\u00f6v\u015f\u0259n A\u011fayev\" class=\"wp-image-48061\"\/><figcaption>\n    R\u00f6v\u015f\u0259n A\u011fayev<br \/>\n  <\/figcaption><\/figure>\n<figure class=\"wp-block-image size-large\">\n  <img decoding=\"async\" src=\"https:\/\/www.meydan.tv\/az\/rovsen-agayev-banner\/\" alt=\"R\u00f6v\u015f\u0259n A\u011fayev &#8211; Banner\" class=\"wp-image-48070\"\/><figcaption>\n    R\u00f6v\u015f\u0259n A\u011fayev &#8211; Banner<br \/>\n  <\/figcaption><\/figure>\n<p>\n  \u0130\u00e7i G\u00fcrc\u00fcstan qar\u015f\u0131s\u0131q he\u00e7 bir \u00f6lk\u0259d\u0259 Az\u0259rbaycanda oldu\u011fu q\u0259d\u0259r siyasi m\u0259hbus, pe\u015f\u0259kar, f\u0259dakar media v\u0259 v\u0259t\u0259nda\u015f c\u0259miyy\u0259ti t\u0259msil\u00e7isi yoxdur.<\/p>\n<p>  Mill\u0259t v\u0259kili Q\u00fcdr\u0259t H\u0259s\u0259nquliyev Meydan TV-y\u0259 m\u00fcsahib\u0259sind\u0259 deyib ki, \u00f6z\u00fcm\u00fcz\u00fc g\u00fcrc\u00fcl\u0259rl\u0259, h\u0259tta qazaxlar v\u0259 q\u0131r\u011f\u0131zlarla da yox, \u00f6zb\u0259kl\u0259r v\u0259 tacikl\u0259rl\u0259 m\u00fcqayis\u0259 el\u0259m\u0259k daha do\u011fru olard\u0131. Onun dedikl\u0259rind\u0259n bel\u0259 n\u0259tic\u0259 \u00e7\u0131x\u0131r ki, h\u0259l\u0259lik biz n\u0259 g\u00fcrc\u00fcl\u0259r v\u0259 q\u0131r\u011f\u0131zlar kimi inqilabi, n\u0259 d\u0259 qazaxlar t\u0259drici t\u0259kam\u00fcl yoluna \u00e7\u0131xacaq potensiala malik deyilik.<\/p>\n<p>  Dem\u0259li, biz olsa-olsa \u00f6zb\u0259kl\u0259r v\u0259 tacikl\u0259r son 25 ild\u0259 d\u00f6zd\u00fcy\u00fc kimi d\u00f6zm\u0259liyik &#8211; hans\u0131sa g\u00f6z\u0259g\u00f6r\u00fcnm\u0259z \u0259l bizi xilas ets\u0259, xilas olaca\u011f\u0131q. Etm\u0259s\u0259, el\u0259 100 ill\u0259r d\u0259 aln\u0131m\u0131za yaz\u0131lm\u0131\u015f qism\u0259t kimi bel\u0259 ya\u015fay\u0131\u015f\u0131 v\u0259r\u0259s\u0259likl\u0259\u00a0 g\u0259l\u0259c\u0259k n\u0259sill\u0259r\u0259 \u00f6t\u00fcrm\u0259liyik.<\/p>\n<p>  Bu yax\u0131nlarda yazm\u0131\u015fd\u0131m bu bar\u0259d\u0259, yeri d\u00fc\u015f\u00fcb, bir daha xat\u0131rlad\u0131ram. \u0130yirminci \u0259srin Nobel iqtisad\u00e7\u0131lar\u0131ndan v\u0259 d\u00fc\u015f\u00fcnc\u0259 insanlar\u0131ndan biri Milton Fridman \u201cSe\u00e7m\u0259k azadl\u0131\u011f\u0131\u201d \u0259s\u0259rind\u0259 yaz\u0131r ki, on doqquzuncu \u0259srin sonlar\u0131na do\u011fru Yaponiyada h\u0259l\u0259 d\u0259 feodal strukturlar h\u00f6kmranl\u0131q edirdi. H\u00f6kmdarlar \u00f6lk\u0259ni b\u00fct\u00fcn d\u00fcnyadan t\u0259crid etmi\u015fdil\u0259r. Xarici ticar\u0259t \u0259laq\u0259l\u0259ri ild\u0259 yaln\u0131z bir d\u0259f\u0259 \u00f6lk\u0259y\u0259 s\u0259f\u0259r ed\u0259n holland g\u0259mil\u0259rinin g\u0259li\u015fi il\u0259 m\u0259hdudla\u015f\u0131rd\u0131. Q\u0259rbd\u0259n olan insanlar \u00f6lk\u0259d\u0259 x\u00fcsusi icaz\u0259 il\u0259 ya\u015faya bilirdi. \u0130nsanlar\u0131n \u0259traf d\u00fcnya, m\u00fcasir elm v\u0259 texnologiya, \u00e7in dili istisna olmaqla he\u00e7 bir xalq\u0131n dili haqda elementar bilikl\u0259ri bel\u0259 yox idi. \u00d6lk\u0259d\u0259 h\u0259r hans\u0131 xarici d\u00f6vl\u0259t\u0259 m\u0259xsus kapital yoxuydu.<\/p>\n<p>  Bu \u0259r\u0259f\u0259d\u0259 k\u00f6hn\u0259liyi, b\u00fct\u00f6v bir xalq\u0131n t\u0259nb\u0259liyy\u0259 olan sevgisini q\u0259fil d\u0259yi\u015f\u0259n bir hadis\u0259 ba\u015f verdi \u2013 idar\u0259etm\u0259 q\u0259lbi milli iftixar hissi il\u0259 dolu, dur\u011funluq i\u00e7\u0259risind\u0259 \u00e7abalayan \u00f6lk\u0259l\u0259rini q\u00fcdr\u0259tli bir d\u00f6vl\u0259t\u0259 \u00e7evirm\u0259y\u0259 israrl\u0131 olan insanlar\u0131n \u0259lin\u0259 ke\u00e7di &#8211; tarix\u0259 \u201cMeydzi Yenid\u0259nqurmas\u0131\u201d kimi d\u00fc\u015f\u0259n m\u0259rh\u0259l\u0259 ba\u015flad\u0131. C\u0259mi 60 il sonra Yaponiya d\u00fcnyan\u0131n q\u00fcdr\u0259tli \u00f6lk\u0259l\u0259r s\u0131ras\u0131na \u00f6z ad\u0131n\u0131 yazd\u0131ra bilmi\u015fdi.<\/p>\n<p>  Fridman yaz\u0131r ki, ist\u0259nil\u0259n halda iqtisadi v\u0259 sosial t\u0259r\u0259qqi k\u00fctl\u0259nin davran\u0131\u015f\u0131ndan v\u0259 xarakteristikas\u0131ndan as\u0131l\u0131 deyil. \u0130st\u0259nil\u0259n \u00f6lk\u0259d\u0259 m\u00fc\u0259yy\u0259n bir azl\u0131q hadis\u0259l\u0259rin tempini v\u0259 gedi\u015fini m\u00fc\u0259yy\u0259n edir. H\u0259min bu azl\u0131q \u0259n t\u0259\u015f\u0259bb\u00fcskar v\u0259 b\u00fct\u00fcn riskl\u0259r\u0259 haz\u0131r olmaqla \u00f6lk\u0259l\u0259rini inki\u015faf yoluna \u00e7\u0131xar\u0131r, onlar \u00f6zl\u0259rind\u0259 sonra bu yolu t\u0259qlid ed\u0259c\u0259k insanlar \u00fc\u00e7\u00fcn c\u0131\u011f\u0131r a\u00e7\u0131rlar.<\/p>\n<p>  Ba\u015fqa maraql\u0131 yana\u015fmalar da var: Kaliforniya Universitetinin professoru Maykl Ross &#8220;Neft L\u0259n\u0259ti&#8221; \u0259s\u0259rind\u0259 yaz\u0131r ki, 20-ci \u0259srin 40-c\u0131 ill\u0259rin\u0259d\u0259k Koreya d\u00fcnyan\u0131n \u0259n gerid\u0259qalm\u0131\u015f patriarxal \u00f6lk\u0259l\u0259rind\u0259n biri idi. Qad\u0131nlara n\u0259inki g\u00fcnd\u00fcz vaxtlar evd\u0259n k\u00fc\u00e7\u0259y\u0259 \u00e7\u0131xma\u011fa icaz\u0259 vard\u0131, h\u0259tta onlar\u0131 insan say\u0131b m\u00fc\u0259yy\u0259n ya\u015f h\u0259ddin\u0259 \u00e7atanad\u0259k ad bel\u0259 qoymurdilar. Qad\u0131nlar\u0131n c\u0259mi 10%-i oxuya v\u0259 yaza bilirdi.<\/p>\n<p>  60-c\u0131 ill\u0259rd\u0259 C\u0259nubi Koreyada ba\u015flanan s\u0259nayel\u0259\u015fm\u0259, qad\u0131nlar\u0131n iqtisadiyyata c\u0259lbi b\u00fct\u00fcn \u00f6lk\u0259ni d\u0259yi\u015fdi. Art\u0131q 70-80-ci ill\u0259rd\u0259 qad\u0131nlar\u0131n f\u0259al birl\u0259\u015fdiyi sivil toplum t\u0259\u015fkilatlar\u0131 yarand\u0131. Bu g\u00fcn is\u0259 C\u0259nubu Koreyan\u0131n ba\u015f\u0131nda qad\u0131n dayan\u0131r.<\/p>\n<p>  Az\u0259rbaycana g\u0259ldikd\u0259, 1918-20-ci ill\u0259r\u0259 getm\u0259k ist\u0259mir\u0259m, son 30 ili g\u00f6t\u00fcr\u0259k. 1988-1993-c\u00fc ill\u0259rd\u0259 y\u00fczl\u0259rl\u0259 etiraz aksiyas\u0131 oldu, amma c\u0259miyy\u0259timiz onlar\u0131n ham\u0131s\u0131nda dinc v\u0259 s\u0259viyy\u0259li m\u00fcbariz\u0259ni nec\u0259 aparma\u011f\u0131n \u00f6rn\u0259yini qoydu ortaya. \u015eans yarand\u0131, \u00f6z\u00fcn\u0259 hakimiyy\u0259t se\u00e7m\u0259k imkan\u0131 oldu, d\u0259rhal \u00f6lk\u0259ni modern bazar iqtisadiyyat\u0131na ke\u00e7irm\u0259k \u00fc\u00e7\u00fcn islahatlara ba\u015flad\u0131. Bilm\u0259y\u0259nl\u0259r \u00fc\u00e7\u00fcn xat\u0131rlad\u0131m ki, haz\u0131rda iqtiadiyyata azad r\u0259qb\u0259tin yarad\u0131lmas\u0131, monopolyalarla m\u00fcbariz\u0259 il\u0259 ba\u011fl\u0131 q\u00fcvv\u0259d\u0259 olan qanunlar m\u0259hz h\u0259min vaxt &#8211; xalq\u0131n \u00f6z taleyin\u0259 \u00f6z\u00fc q\u0259rar verm\u0259k \u015fans\u0131 oldu\u011fu 1992-1993-c\u00fc ill\u0259rd\u0259 ortaya \u00e7\u0131xd\u0131.<\/p>\n<p>  5 il \u0259rzind\u0259 \u00f6lk\u0259d\u0259 \u00e7oxpartiyal\u0131 sistemi quran, azad median\u0131 qollar\u0131 \u00fcst\u00fcnd\u0259 saxlayan, y\u00fczl\u0259rl\u0259 sivil toplum t\u0259\u015fkilat\u0131 yaradan Az\u0259rbaycan xalq\u0131 idi. Son 25 ild\u0259 demokratik m\u00fcbariz\u0259d\u0259 1000-l\u0259rl\u0259 insan\u0131 h\u0259bsxanaya at\u0131lan, fiziki m\u0259rhumiyy\u0259tl\u0259r\u0259 m\u0259ruz qalan da bizik.<\/p>\n<p>  \u0130nsaf yax\u015f\u0131 keyfiyy\u0259tdi &#8211; bu g\u00fcn i\u00e7i G\u00fcrc\u00fcstan qar\u015f\u0131s\u0131q ad\u0131n\u0131 \u00e7\u0259kdiyiniz he\u00e7 bir \u00f6lk\u0259d\u0259 Az\u0259rbaycanda oldu\u011fu q\u0259d\u0259r siyasi m\u0259hbus, Az\u0259rbaycanda olan q\u0259d\u0259r pe\u015f\u0259kar, f\u0259dakar media v\u0259 v\u0259t\u0259nda\u015f c\u0259miyy\u0259ti t\u0259msil\u00e7isi yoxdu.\n<\/p>\n<p>\n  Toplumlar &#8220;yarad\u0131c\u0131 azl\u0131q&#8221;\u0131n idar\u0259etm\u0259si alt\u0131nda olanda q\u00fcdr\u0259tli v\u0259 yarad\u0131c\u0131 olur, &#8220;da\u011f\u0131d\u0131c\u0131 azl\u0131q&#8221;\u0131n y\u00f6n\u0259timin\u0259 d\u00fc\u015f\u0259nd\u0259 yaz\u0131q v\u0259 z\u0259if olur&#8230;\n<\/p>\n<p>\n  <b><br \/>\n    Yaz\u0131 m\u00fc\u0259llifin \u015f\u0259xsi m\u00f6vqeyini ifad\u0259 edir&#8230;<br \/>\n  <\/b><\/p>\n","protected":false},"excerpt":{"rendered":"<p>\u201cYarad\u0131c\u0131\u201d v\u0259 \u201cda\u011f\u0131d\u0131c\u0131\u201d azl\u0131qlar<\/p>\n","protected":false},"author":11,"featured_media":48061,"comment_status":"closed","ping_status":"open","sticky":false,"template":"","format":"standard","meta":{"_acf_changed":false,"_sitemap_exclude":false,"_sitemap_priority":"","_sitemap_frequency":"","footnotes":""},"categories":[57],"tags":[],"class_list":["post-173573","post","type-post","status-publish","format-standard","has-post-thumbnail","hentry","category-menim-fikrimce","infinite-scroll-item","generate-columns","tablet-grid-50","mobile-grid-100","grid-parent","grid-33","no-featured-image-padding"],"acf":[],"yoast_head":"<!-- This site is optimized with the Yoast SEO plugin v27.5 - https:\/\/yoast.com\/product\/yoast-seo-wordpress\/ -->\n<title>\u0130nsaf yax\u015f\u0131 keyfiyy\u0259tdi - MEYDAN.TV<\/title>\n<meta name=\"robots\" content=\"index, follow, max-snippet:-1, max-image-preview:large, max-video-preview:-1\" \/>\n<link rel=\"canonical\" href=\"https:\/\/www.meydan.tv\/az\/article\/insaf-yaxsi-keyfiyyetdi\/\" \/>\n<meta property=\"og:locale\" content=\"az_AZ\" \/>\n<meta property=\"og:type\" content=\"article\" \/>\n<meta property=\"og:title\" content=\"\u0130nsaf yax\u015f\u0131 keyfiyy\u0259tdi - MEYDAN.TV\" \/>\n<meta property=\"og:description\" content=\"\u201cYarad\u0131c\u0131\u201d v\u0259 \u201cda\u011f\u0131d\u0131c\u0131\u201d azl\u0131qlar\" \/>\n<meta property=\"og:url\" content=\"https:\/\/www.meydan.tv\/az\/article\/insaf-yaxsi-keyfiyyetdi\/\" \/>\n<meta property=\"og:site_name\" content=\"MEYDAN.TV\" \/>\n<meta property=\"article:published_time\" content=\"2016-02-11T22:54:52+00:00\" \/>\n<meta property=\"og:image\" content=\"https:\/\/www.meydan.tv\/wp-content\/uploads\/18050.jpg\" \/>\n\t<meta property=\"og:image:width\" content=\"500\" \/>\n\t<meta property=\"og:image:height\" content=\"500\" \/>\n\t<meta property=\"og:image:type\" content=\"image\/jpeg\" \/>\n<meta name=\"author\" content=\"user-manager\" \/>\n<meta name=\"twitter:card\" content=\"summary_large_image\" \/>\n<script type=\"application\/ld+json\" class=\"yoast-schema-graph\">{\"@context\":\"https:\\\/\\\/schema.org\",\"@graph\":[{\"@type\":\"Article\",\"@id\":\"https:\\\/\\\/www.meydan.tv\\\/az\\\/article\\\/insaf-yaxsi-keyfiyyetdi\\\/#article\",\"isPartOf\":{\"@id\":\"https:\\\/\\\/www.meydan.tv\\\/az\\\/article\\\/insaf-yaxsi-keyfiyyetdi\\\/\"},\"author\":{\"name\":\"user-manager\",\"@id\":\"https:\\\/\\\/www.meydan.tv\\\/az\\\/#\\\/schema\\\/person\\\/10d11eccf6da3662cf5fdab9806ea91a\"},\"headline\":\"\u0130nsaf yax\u015f\u0131 keyfiyy\u0259tdi\",\"datePublished\":\"2016-02-11T22:54:52+00:00\",\"mainEntityOfPage\":{\"@id\":\"https:\\\/\\\/www.meydan.tv\\\/az\\\/article\\\/insaf-yaxsi-keyfiyyetdi\\\/\"},\"wordCount\":967,\"publisher\":{\"@id\":\"https:\\\/\\\/www.meydan.tv\\\/az\\\/#organization\"},\"image\":{\"@id\":\"https:\\\/\\\/www.meydan.tv\\\/az\\\/article\\\/insaf-yaxsi-keyfiyyetdi\\\/#primaryimage\"},\"thumbnailUrl\":\"https:\\\/\\\/www.meydan.tv\\\/wp-content\\\/uploads\\\/18050.jpg\",\"articleSection\":[\"M\u0259nim Fikrimc\u0259\"],\"inLanguage\":\"az\"},{\"@type\":\"WebPage\",\"@id\":\"https:\\\/\\\/www.meydan.tv\\\/az\\\/article\\\/insaf-yaxsi-keyfiyyetdi\\\/\",\"url\":\"https:\\\/\\\/www.meydan.tv\\\/az\\\/article\\\/insaf-yaxsi-keyfiyyetdi\\\/\",\"name\":\"\u0130nsaf yax\u015f\u0131 keyfiyy\u0259tdi - MEYDAN.TV\",\"isPartOf\":{\"@id\":\"https:\\\/\\\/www.meydan.tv\\\/az\\\/#website\"},\"primaryImageOfPage\":{\"@id\":\"https:\\\/\\\/www.meydan.tv\\\/az\\\/article\\\/insaf-yaxsi-keyfiyyetdi\\\/#primaryimage\"},\"image\":{\"@id\":\"https:\\\/\\\/www.meydan.tv\\\/az\\\/article\\\/insaf-yaxsi-keyfiyyetdi\\\/#primaryimage\"},\"thumbnailUrl\":\"https:\\\/\\\/www.meydan.tv\\\/wp-content\\\/uploads\\\/18050.jpg\",\"datePublished\":\"2016-02-11T22:54:52+00:00\",\"breadcrumb\":{\"@id\":\"https:\\\/\\\/www.meydan.tv\\\/az\\\/article\\\/insaf-yaxsi-keyfiyyetdi\\\/#breadcrumb\"},\"inLanguage\":\"az\",\"potentialAction\":[{\"@type\":\"ReadAction\",\"target\":[\"https:\\\/\\\/www.meydan.tv\\\/az\\\/article\\\/insaf-yaxsi-keyfiyyetdi\\\/\"]}]},{\"@type\":\"ImageObject\",\"inLanguage\":\"az\",\"@id\":\"https:\\\/\\\/www.meydan.tv\\\/az\\\/article\\\/insaf-yaxsi-keyfiyyetdi\\\/#primaryimage\",\"url\":\"https:\\\/\\\/www.meydan.tv\\\/wp-content\\\/uploads\\\/18050.jpg\",\"contentUrl\":\"https:\\\/\\\/www.meydan.tv\\\/wp-content\\\/uploads\\\/18050.jpg\",\"width\":500,\"height\":500,\"caption\":\"Source:\"},{\"@type\":\"BreadcrumbList\",\"@id\":\"https:\\\/\\\/www.meydan.tv\\\/az\\\/article\\\/insaf-yaxsi-keyfiyyetdi\\\/#breadcrumb\",\"itemListElement\":[{\"@type\":\"ListItem\",\"position\":1,\"name\":\"Ana s\u0259hif\u0259\",\"item\":\"https:\\\/\\\/www.meydan.tv\\\/az\\\/\"},{\"@type\":\"ListItem\",\"position\":2,\"name\":\"M\u0259nim Fikrimc\u0259\",\"item\":\"https:\\\/\\\/www.meydan.tv\\\/az\\\/section\\\/menim-fikrimce\\\/\"},{\"@type\":\"ListItem\",\"position\":3,\"name\":\"\u0130nsaf yax\u015f\u0131 keyfiyy\u0259tdi\"}]},{\"@type\":\"WebSite\",\"@id\":\"https:\\\/\\\/www.meydan.tv\\\/az\\\/#website\",\"url\":\"https:\\\/\\\/www.meydan.tv\\\/az\\\/\",\"name\":\"MEYDAN.TV\",\"description\":\"Meydan TV Az\u0259rbaycan\u0131n media m\u0259kan\u0131ndak\u0131 alternativ s\u0259sidir\",\"publisher\":{\"@id\":\"https:\\\/\\\/www.meydan.tv\\\/az\\\/#organization\"},\"potentialAction\":[{\"@type\":\"SearchAction\",\"target\":{\"@type\":\"EntryPoint\",\"urlTemplate\":\"https:\\\/\\\/www.meydan.tv\\\/az\\\/?s={search_term_string}\"},\"query-input\":{\"@type\":\"PropertyValueSpecification\",\"valueRequired\":true,\"valueName\":\"search_term_string\"}}],\"inLanguage\":\"az\"},{\"@type\":\"Organization\",\"@id\":\"https:\\\/\\\/www.meydan.tv\\\/az\\\/#organization\",\"name\":\"Meydan TV\",\"url\":\"https:\\\/\\\/www.meydan.tv\\\/az\\\/\",\"logo\":{\"@type\":\"ImageObject\",\"inLanguage\":\"az\",\"@id\":\"https:\\\/\\\/www.meydan.tv\\\/az\\\/#\\\/schema\\\/logo\\\/image\\\/\",\"url\":\"https:\\\/\\\/www.meydan.tv\\\/wp-content\\\/uploads\\\/2021\\\/07\\\/meydan-logo.svg\",\"contentUrl\":\"https:\\\/\\\/www.meydan.tv\\\/wp-content\\\/uploads\\\/2021\\\/07\\\/meydan-logo.svg\",\"width\":195,\"height\":46,\"caption\":\"Meydan TV\"},\"image\":{\"@id\":\"https:\\\/\\\/www.meydan.tv\\\/az\\\/#\\\/schema\\\/logo\\\/image\\\/\"}},{\"@type\":\"Person\",\"@id\":\"https:\\\/\\\/www.meydan.tv\\\/az\\\/#\\\/schema\\\/person\\\/10d11eccf6da3662cf5fdab9806ea91a\",\"name\":\"user-manager\"}]}<\/script>\n<!-- \/ Yoast SEO plugin. -->","yoast_head_json":{"title":"\u0130nsaf yax\u015f\u0131 keyfiyy\u0259tdi - MEYDAN.TV","robots":{"index":"index","follow":"follow","max-snippet":"max-snippet:-1","max-image-preview":"max-image-preview:large","max-video-preview":"max-video-preview:-1"},"canonical":"https:\/\/www.meydan.tv\/az\/article\/insaf-yaxsi-keyfiyyetdi\/","og_locale":"az_AZ","og_type":"article","og_title":"\u0130nsaf yax\u015f\u0131 keyfiyy\u0259tdi - MEYDAN.TV","og_description":"\u201cYarad\u0131c\u0131\u201d v\u0259 \u201cda\u011f\u0131d\u0131c\u0131\u201d azl\u0131qlar","og_url":"https:\/\/www.meydan.tv\/az\/article\/insaf-yaxsi-keyfiyyetdi\/","og_site_name":"MEYDAN.TV","article_published_time":"2016-02-11T22:54:52+00:00","og_image":[{"width":500,"height":500,"url":"https:\/\/www.meydan.tv\/wp-content\/uploads\/18050.jpg","type":"image\/jpeg"}],"author":"user-manager","twitter_card":"summary_large_image","schema":{"@context":"https:\/\/schema.org","@graph":[{"@type":"Article","@id":"https:\/\/www.meydan.tv\/az\/article\/insaf-yaxsi-keyfiyyetdi\/#article","isPartOf":{"@id":"https:\/\/www.meydan.tv\/az\/article\/insaf-yaxsi-keyfiyyetdi\/"},"author":{"name":"user-manager","@id":"https:\/\/www.meydan.tv\/az\/#\/schema\/person\/10d11eccf6da3662cf5fdab9806ea91a"},"headline":"\u0130nsaf yax\u015f\u0131 keyfiyy\u0259tdi","datePublished":"2016-02-11T22:54:52+00:00","mainEntityOfPage":{"@id":"https:\/\/www.meydan.tv\/az\/article\/insaf-yaxsi-keyfiyyetdi\/"},"wordCount":967,"publisher":{"@id":"https:\/\/www.meydan.tv\/az\/#organization"},"image":{"@id":"https:\/\/www.meydan.tv\/az\/article\/insaf-yaxsi-keyfiyyetdi\/#primaryimage"},"thumbnailUrl":"https:\/\/www.meydan.tv\/wp-content\/uploads\/18050.jpg","articleSection":["M\u0259nim Fikrimc\u0259"],"inLanguage":"az"},{"@type":"WebPage","@id":"https:\/\/www.meydan.tv\/az\/article\/insaf-yaxsi-keyfiyyetdi\/","url":"https:\/\/www.meydan.tv\/az\/article\/insaf-yaxsi-keyfiyyetdi\/","name":"\u0130nsaf yax\u015f\u0131 keyfiyy\u0259tdi - MEYDAN.TV","isPartOf":{"@id":"https:\/\/www.meydan.tv\/az\/#website"},"primaryImageOfPage":{"@id":"https:\/\/www.meydan.tv\/az\/article\/insaf-yaxsi-keyfiyyetdi\/#primaryimage"},"image":{"@id":"https:\/\/www.meydan.tv\/az\/article\/insaf-yaxsi-keyfiyyetdi\/#primaryimage"},"thumbnailUrl":"https:\/\/www.meydan.tv\/wp-content\/uploads\/18050.jpg","datePublished":"2016-02-11T22:54:52+00:00","breadcrumb":{"@id":"https:\/\/www.meydan.tv\/az\/article\/insaf-yaxsi-keyfiyyetdi\/#breadcrumb"},"inLanguage":"az","potentialAction":[{"@type":"ReadAction","target":["https:\/\/www.meydan.tv\/az\/article\/insaf-yaxsi-keyfiyyetdi\/"]}]},{"@type":"ImageObject","inLanguage":"az","@id":"https:\/\/www.meydan.tv\/az\/article\/insaf-yaxsi-keyfiyyetdi\/#primaryimage","url":"https:\/\/www.meydan.tv\/wp-content\/uploads\/18050.jpg","contentUrl":"https:\/\/www.meydan.tv\/wp-content\/uploads\/18050.jpg","width":500,"height":500,"caption":"Source:"},{"@type":"BreadcrumbList","@id":"https:\/\/www.meydan.tv\/az\/article\/insaf-yaxsi-keyfiyyetdi\/#breadcrumb","itemListElement":[{"@type":"ListItem","position":1,"name":"Ana s\u0259hif\u0259","item":"https:\/\/www.meydan.tv\/az\/"},{"@type":"ListItem","position":2,"name":"M\u0259nim Fikrimc\u0259","item":"https:\/\/www.meydan.tv\/az\/section\/menim-fikrimce\/"},{"@type":"ListItem","position":3,"name":"\u0130nsaf yax\u015f\u0131 keyfiyy\u0259tdi"}]},{"@type":"WebSite","@id":"https:\/\/www.meydan.tv\/az\/#website","url":"https:\/\/www.meydan.tv\/az\/","name":"MEYDAN.TV","description":"Meydan TV Az\u0259rbaycan\u0131n media m\u0259kan\u0131ndak\u0131 alternativ s\u0259sidir","publisher":{"@id":"https:\/\/www.meydan.tv\/az\/#organization"},"potentialAction":[{"@type":"SearchAction","target":{"@type":"EntryPoint","urlTemplate":"https:\/\/www.meydan.tv\/az\/?s={search_term_string}"},"query-input":{"@type":"PropertyValueSpecification","valueRequired":true,"valueName":"search_term_string"}}],"inLanguage":"az"},{"@type":"Organization","@id":"https:\/\/www.meydan.tv\/az\/#organization","name":"Meydan TV","url":"https:\/\/www.meydan.tv\/az\/","logo":{"@type":"ImageObject","inLanguage":"az","@id":"https:\/\/www.meydan.tv\/az\/#\/schema\/logo\/image\/","url":"https:\/\/www.meydan.tv\/wp-content\/uploads\/2021\/07\/meydan-logo.svg","contentUrl":"https:\/\/www.meydan.tv\/wp-content\/uploads\/2021\/07\/meydan-logo.svg","width":195,"height":46,"caption":"Meydan TV"},"image":{"@id":"https:\/\/www.meydan.tv\/az\/#\/schema\/logo\/image\/"}},{"@type":"Person","@id":"https:\/\/www.meydan.tv\/az\/#\/schema\/person\/10d11eccf6da3662cf5fdab9806ea91a","name":"user-manager"}]}},"_links":{"self":[{"href":"https:\/\/www.meydan.tv\/az\/wp-json\/wp\/v2\/posts\/173573","targetHints":{"allow":["GET"]}}],"collection":[{"href":"https:\/\/www.meydan.tv\/az\/wp-json\/wp\/v2\/posts"}],"about":[{"href":"https:\/\/www.meydan.tv\/az\/wp-json\/wp\/v2\/types\/post"}],"author":[{"embeddable":true,"href":"https:\/\/www.meydan.tv\/az\/wp-json\/wp\/v2\/users\/11"}],"replies":[{"embeddable":true,"href":"https:\/\/www.meydan.tv\/az\/wp-json\/wp\/v2\/comments?post=173573"}],"version-history":[{"count":0,"href":"https:\/\/www.meydan.tv\/az\/wp-json\/wp\/v2\/posts\/173573\/revisions"}],"wp:featuredmedia":[{"embeddable":true,"href":"https:\/\/www.meydan.tv\/az\/wp-json\/wp\/v2\/media\/48061"}],"wp:attachment":[{"href":"https:\/\/www.meydan.tv\/az\/wp-json\/wp\/v2\/media?parent=173573"}],"wp:term":[{"taxonomy":"category","embeddable":true,"href":"https:\/\/www.meydan.tv\/az\/wp-json\/wp\/v2\/categories?post=173573"},{"taxonomy":"post_tag","embeddable":true,"href":"https:\/\/www.meydan.tv\/az\/wp-json\/wp\/v2\/tags?post=173573"}],"curies":[{"name":"wp","href":"https:\/\/api.w.org\/{rel}","templated":true}]}}