{"id":173540,"date":"2016-02-10T23:14:56","date_gmt":"2016-02-10T23:14:56","guid":{"rendered":"https:\/\/www.meydan.tv\/article\/isanin-umidsizliyi\/"},"modified":"2016-02-10T23:14:56","modified_gmt":"2016-02-10T23:14:56","slug":"isanin-umidsizliyi","status":"publish","type":"post","link":"https:\/\/www.meydan.tv\/az\/article\/isanin-umidsizliyi\/","title":{"rendered":"\u0130san\u0131n \u00fcmidsizliyi"},"content":{"rendered":"<figure class=\"wp-block-image size-large\">\n  <img decoding=\"async\" src=\"https:\/\/www.meydan.tv\/az\/47971\/\" alt=\"\" class=\"wp-image-47971\"\/><figcaption><\/figcaption><\/figure>\n<figure class=\"wp-block-image size-large\">\n  <img decoding=\"async\" src=\"https:\/\/www.meydan.tv\/az\/47974\/\" alt=\"\" class=\"wp-image-47974\"\/><figcaption><\/figcaption><\/figure>\n<p>\n  <b><br \/>\n    &#8220;Sonuncu \u015eam Yem\u0259yi&#8221;ind\u0259n sonra insanl\u0131\u011f\u0131n xilaskar\u0131, \u00f6z m\u00f6c\u00fcz\u0259l\u0259ri il\u0259 korlar\u0131n g\u00f6z\u00fcn\u0259 nur b\u0259x\u015f ed\u0259n, \u015fik\u0259stl\u0259ri sa\u011faldan, \u00f6l\u00fcl\u0259ri dirild\u0259r\u0259k yoxsul k\u00fctl\u0259y\u0259, g\u00f6yl\u0259rin h\u00f6kmranl\u0131\u011f\u0131n\u0131n, Tanr\u0131n\u0131n s\u0259lt\u0259n\u0259tinin yax\u0131nda oldu\u011funu m\u00fcjd\u0259l\u0259y\u0259n v\u0259 b\u00fct\u00fcn bunlar\u0131 ed\u0259rk\u0259n d\u0259 &#8220;\u00fcmid&#8221;ini \u0259sla \u0259lind\u0259n yer\u0259 qoymayan \u0130san\u0131n m\u0259n\u0259viyyat\u0131nda q\u0259rib\u0259 d\u0259yi\u015fiklik hiss olunma\u011fa ba\u015flay\u0131r.<br \/>\n  <\/b>\n<\/p>\n<p>\n  \u0130blisin v\u0259sv\u0259s\u0259sin\u0259 qar\u015f\u0131 g\u00fcc g\u0259l\u0259r\u0259k, d\u00fcnyan\u0131n indi oldu\u011fundan daha yax\u015f\u0131 hala g\u0259l\u0259c\u0259yin\u0259 iman ed\u0259n \u0130san\u0131n \u00fcmidi, daxild\u0259n \u00e7at verm\u0259kd\u0259 idi. H\u0259min gec\u0259, h\u0259varil\u0259rini d\u0259 \u00f6z\u00fcyl\u0259 birg\u0259 Q\u00fcdsd\u0259ki &#8220;Zeytun Da\u011f\u0131&#8221;n\u0131n \u0259t\u0259yin\u0259 apar\u0131r. Getsemani ba\u011f\u00e7as\u0131nda t\u0259kba\u015f\u0131na v\u0259 \u00fcz\u00fcqoylu \u015f\u0259kild\u0259 yer\u0259 qapan\u0131b dua ed\u0259rk\u0259n v\u0259rdi\u015f edilm\u0259y\u0259c\u0259k q\u0259d\u0259r qay\u011f\u0131l\u0131 g\u00f6r\u00fcn\u00fcrd\u00fc. Daxil\u0259n duya bilirdi ki, g\u00f6z \u00f6n\u00fcnd\u0259n n\u0259l\u0259rs\u0259 \u0259ksil\u0259r\u0259k, v\u00fccud q\u0259libind\u0259n ruhu qeyb\u0259 \u00e7\u0259kil\u0259c\u0259kdi. \u018fzab dolu qay\u011f\u0131lar, bu \u00e7\u0131lpaq c\u00fcml\u0259l\u0259rd\u0259 \u00f6z \u0259ksini tapd\u0131:\n<\/p>\n<p>\n  &#8221;<br \/>\n  <b><br \/>\n    Sonra \u0130sa, h\u0259varil\u0259ri il\u0259 birg\u0259 Getsemani adlanan yer\u0259 g\u0259lib \u00e7atd\u0131. (&#8230;) Pyotrun v\u0259 Zebedinin (Zavday o\u011flu) \u00f6vladlar\u0131n\u0131 quca\u011f\u0131na alaraq, k\u0259d\u0259rini, \u0259zab dolu s\u0131x\u0131nt\u0131ya q\u0259rq oldu\u011funu dil\u0259 g\u0259tirdi.&#8221; Matta, 26, 36<br \/>\n  <\/b>\n<\/p>\n<p>\n  Ke\u00e7\u0259n h\u0259r d\u0259qiq\u0259 onu vida saat\u0131na yax\u0131nla\u015fd\u0131r\u0131rd\u0131. Bir m\u00fcdd\u0259td\u0259n sonra, insano\u011flu simas\u0131nda, g\u00fcnahkarlara t\u0259slim edil\u0259c\u0259kdi. Hiss edirdi; ancaq t\u0259xmin etm\u0259diyi bir m\u0259qam daha var idi.\n<\/p>\n<p>\n  Meydana apar\u0131ld\u0131\u011f\u0131nda q\u0131l\u0131ncla silahlanm\u0131\u015f d\u0259h\u015f\u0259tli k\u00fctl\u0259 onu m\u00fc\u015fay\u0259t edirdi. \u0130sa t\u0259\u0259cc\u00fcb i\u00e7ind\u0259dir v\u0259 ona qar\u015f\u0131 quldur kimi davran\u0131lmas\u0131 hadis\u0259nin t\u0259f\u0259rr\u00fcatlar\u0131n\u0131 i\u00e7ind\u0259 gizl\u0259dirdi. \u0130sa h\u0259mi\u015f\u0259 \u00f6l\u00fcm\u0259 haz\u0131r idi, ancaq \u00e7arm\u0131xa \u00e7\u0259kil\u0259r\u0259k \u00f6l\u0259c\u0259yini he\u00e7 vaxt t\u0259svir etm\u0259mi\u015fdi.\n<\/p>\n<p>\n  &#8220;\u00c7arm\u0131x c\u0259zas\u0131&#8221; Romada geni\u015f yay\u0131lm\u0131\u015f olsa da, \u0259slind\u0259 canil\u0259r\u0259, quldurlara, qatil v\u0259 az\u011f\u0131n g\u00fcnahkarlara qar\u015f\u0131 n\u0259z\u0259rd\u0259 tutulmu\u015f c\u0259za n\u00f6v\u00fc idi: v\u0259 xilaskar m\u0259sih, bir qatil kimi \u00e7arm\u0131xa \u00e7\u0259kil\u0259r\u0259k, edam edil\u0259c\u0259kdi.\n<\/p>\n<p>\n  H\u0259bs v\u0259 sor\u011fulanma f\u0259sli, tragedik m\u00fcdd\u0259tin s\u0259hn\u0259l\u0259\u015fdirilm\u0259sin\u0259 \u015fahidlik el\u0259di.<br \/>\n  <br \/>\n  Roma hakimi Ponti Pilat, &#8220;bu insan\u0131n qan\u0131na g\u00f6r\u0259 m\u0259n m\u0259suliyy\u0259t da\u015f\u0131m\u0131ram, h\u00f6km sizindir!&#8221; dey\u0259r\u0259k, \u0130san\u0131n ya\u015fay\u0131b-ya\u015famayaca\u011f\u0131 il\u0259 ba\u011fl\u0131 q\u0259rar\u0131, k\u00fctl\u0259nin \u00f6hd\u0259liyin\u0259 burax\u0131r. Tragediyan\u0131n \u0259zab dolu t\u0259r\u0259fi m\u0259hz bu s\u0259hn\u0259d\u0259n sonra ba\u015flay\u0131r. Ac qar\u0131nlar\u0131n\u0131 \u00e7\u00f6r\u0259kl\u0259 doyuzduraraq, \u00fcmidsiz q\u0259lbl\u0259rin\u0259 \u00fcmid a\u015f\u0131lad\u0131\u011f\u0131, x\u0259st\u0259l\u0259rin\u0259 \u015f\u0259fa verdiyi, ruhun \u00f6l\u00fcms\u00fczl\u00fcy\u00fcnd\u0259n b\u0259hs ed\u0259r\u0259k, c\u0259nn\u0259ti v\u0259d etdiyi k\u00fctl\u0259, \u00f6z xilaskar\u0131 haqq\u0131nda &#8220;onu \u00e7arm\u0131xa \u00e7\u0259kin!&#8221; dey\u0259 ba\u011f\u0131racaqd\u0131.\n<\/p>\n<p>\n  Qoyunlar, onlar\u0131 ilikl\u0259rin\u0259 q\u0259d\u0259r s\u00fcm\u00fcr\u0259n, i\u015fg\u0259nc\u0259 ver\u0259n, h\u0259r i\u015fl\u0259rin\u0259 qa\u00e7araq getdikl\u0259ri \u00e7obanlar\u0131n\u0131 (dini v\u0259 siyasi idar\u0259\u00e7il\u0259rini) deyil, azadl\u0131q v\u0259 sa\u011flaml\u0131qlar\u0131 u\u011frunda &#8211; qar\u015f\u0131l\u0131q g\u00f6zl\u0259m\u0259d\u0259n &#8211; vuru\u015fan, \u0259lind\u0259 s\u00f6zd\u0259n ba\u015fqa he\u00e7 bir silah\u0131 olmayan yax\u015f\u0131 \u00e7oban\u0131 yem\u0259k arzusunda idil\u0259r. Q\u0259rar d\u0259yi\u015film\u0259z idi: \u0259hali qana susam\u0131\u015fd\u0131. Hadis\u0259l\u0259rin gedi\u015fat\u0131, \u0130san\u0131n Getsemani ba\u011f\u00e7as\u0131nda peyda olan k\u0259d\u0259rini daha da art\u0131r\u0131r.\n<\/p>\n<p>\n  \u0130sa, h\u0259y\u0259can\u0131 \u00f6z\u00fcnd\u0259n uzaqla\u015fd\u0131rma\u011fa \u00e7al\u0131\u015f\u0131r; el\u0259 hesab edir ki, insanlar ona x\u0259yan\u0259t etm\u0259yibl\u0259r. H\u0259varisi Pyotrun bel\u0259, xoruz banlayanad\u0259k onu \u00fc\u00e7 d\u0259f\u0259 danaca\u011f\u0131n\u0131 demi\u015fdi. S\u0259rh\u0259dl\u0259r b\u0259lli idi: k\u00fctl\u0259 d\u0259, h\u0259varil\u0259r d\u0259 etm\u0259li olduqlar\u0131n\u0131 etmi\u015fdil\u0259r. Ba\u015f ver\u0259n hadis\u0259l\u0259rin fonunda, \u0130sa bir k\u0259lm\u0259 bel\u0259 dan\u0131\u015fmayaraq, m\u00fchakim\u0259 v\u0259 ya \u00f6z\u00fcn\u00fc m\u00fcdafi\u0259 ehtiyac\u0131 bel\u0259 duymur. B\u00fct\u00fcn deyil\u0259c\u0259kl\u0259r vaxt\u0131nda deyilmi\u015fdi. \u0130ndi d\u0259 taleyin\u0259 boyun \u0259y\u0259r\u0259k, missiyas\u0131n\u0131 tamamlanm\u0131\u015f hesab edirdi. Bundan sonrak\u0131 etap, e\u015fitm\u0259 &#8211; h\u0259qiq\u0259t m\u0259rh\u0259l\u0259sidir.\n<\/p>\n<p>\n  Lakin, onu maraqland\u0131ran daha vacib bir m\u0259s\u0259l\u0259 var: \u00f6l\u00fcl\u0259ri dirild\u0259n m\u0259sih, \u00f6z (q\u00fcrurunu incid\u0259n) \u00f6l\u00fcm\u00fc qar\u015f\u0131s\u0131nda aciz v\u0259 m\u00fctl\u0259q \u00e7ar\u0259sizlik i\u00e7ind\u0259dir. B\u00f6y\u00fck ehtimalla \u00f6l\u00fcm\u0259 m\u0259\u011flub d\u00fc\u015f\u0259c\u0259k. Art\u0131q Getsemani ba\u011f\u00e7as\u0131ndak\u0131 k\u0259d\u0259r, a\u00e7\u0131q \u015f\u0259kild\u0259 \u00f6z\u00fcn\u00fc if\u015fa edir. \u0130sa d\u0259rk edir ki, onun k\u0259d\u0259rinin ard\u0131nda gizl\u0259n\u0259n qorxunun ad\u0131, \u00f6l\u00fcm qorxusudur. H\u0259yat v\u0259 \u00f6l\u00fcm dualizmi, \u0130san\u0131n v\u00fccudunda \u00fcz-\u00fcz\u0259 g\u0259lmi\u015fdil\u0259r.\n<\/p>\n<p>\n  \u00d6l\u00fcm qorxusunu &#8220;yenid\u0259n dirili\u015f&#8221; fikriyl\u0259 tarazlama\u011fa, h\u0259tta a\u015fma\u011fa \u00e7al\u0131\u015fan \u0130san\u0131n \u00f6l\u00fcm h\u00fczurundak\u0131 k\u0259d\u0259ri, onun (istisnas\u0131z) \u00fcmidsizlik an\u0131n\u0131 \u0259hat\u0259 edir. G\u00f6yd\u0259ki ata, yer\u00fcz\u00fcnd\u0259ki o\u011flunu unutmu\u015fa b\u0259nz\u0259yir. O\u011flu, insanlar t\u0259r\u0259find\u0259n al\u00e7ald\u0131lmaqda v\u0259 \u0259zab \u00e7\u0259km\u0259kd\u0259dir. Bir q\u0259d\u0259r sonra is\u0259 t\u00f6km\u0259 d\u0259mirl\u0259rl\u0259 \u00e7arm\u0131xa mismarlanacaq. Ata, hadis\u0259l\u0259rin qar\u015f\u0131s\u0131nda etinas\u0131zl\u0131qla o\u011flunu seyr edir.\n<\/p>\n<p>\n  \u0130sa, n\u0259 \u0259halinin &#8220;onu \u00e7arm\u0131xa \u00e7\u0259kin!&#8221; q\u0131\u015fq\u0131r\u0131qlar\u0131n\u0131 e\u015fitdikd\u0259, n\u0259 h\u0259varil\u0259ri ona x\u0259yan\u0259t etdikd\u0259, n\u0259 d\u0259 romal\u0131 \u0259sg\u0259rl\u0259r t\u0259r\u0259find\u0259n aln\u0131na tikanl\u0131 \u00e7\u0259l\u0259ng ke\u00e7irildikd\u0259 \u00fcmidsizliy\u0259 qap\u0131lm\u0131\u015fd\u0131. \u00c7\u00fcnki, b\u00fct\u00fcn bunlar h\u0259yata ke\u00e7\u0259rk\u0259n, atas\u0131 h\u0259mi\u015f\u0259 yan\u0131nda dayanm\u0131\u015fd\u0131; t\u0259k deyildi v\u0259 bu g\u00fcc ona b\u0259s edirdi. Ancaq \u00f6l\u00fcm o soyuq \u00fcz\u00fcn\u00fc g\u00f6st\u0259rdikd\u0259 v\u0259ziyy\u0259t getdikc\u0259 d\u0259yi\u015fir.\n<\/p>\n<p>\n  G\u00f6yd\u0259ki Tanr\u0131, \u0130san\u0131 t\u0259rk ed\u0259r\u0259k, onu, \u00f6z\u00fcyl\u0259 qar\u015f\u0131-qar\u015f\u0131ya qoyur. \u0130sa qat\u0131 \u00fcmidsizliy\u0259 qap\u0131l\u0131r. \u00dcmidsizliyin bariz t\u0259zah\u00fcr\u00fc, \u0130san\u0131n Golgofa t\u0259p\u0259sind\u0259 \u00e7arm\u0131xa \u00e7\u0259kil\u0259rk\u0259n s\u0259rf el\u0259diyi son s\u00f6zl\u0259rind\u0259n birind\u0259 a\u015fkara \u00e7\u0131x\u0131r; \u0130ncilin yunanca versiyas\u0131nda, arami dilind\u0259 saxlan\u0131lm\u0131\u015f h\u0259min t\u0259k c\u00fcml\u0259d\u0259: &#8220;Eli, Eli, Lama Sabachtani!&#8221; (\u0130lahi, n\u0259 \u00fc\u00e7\u00fcn m\u0259ni t\u0259rk el\u0259din!)\n<\/p>\n<p>\n  Yenid\u0259n dirili\u015f\u0259 y\u00f6n\u0259lmi\u015f, utopik inanca d\u00fc\u015f\u0259n \u015f\u00fcbh\u0259l\u0259r idimi bu c\u00fcml\u0259ni i\u015fl\u0259tm\u0259y\u0259 vadar ed\u0259n? Yaxud, tanr\u0131ya qar\u015f\u0131 daxild\u0259 ba\u015flayan \u00fcsyan? B\u0259lk\u0259 d\u0259 m\u00fcqavim\u0259tin \u0259n h\u0259ssas n\u00f6qt\u0259sind\u0259 g\u0259l\u0259n m\u0259\u011flubiyy\u0259t hissi? Tanr\u0131 (yaxud ata) o\u011flunu he\u00e7 yerd\u0259 deyil, ancaq \u00f6l\u00fcm an\u0131nda &#8211; \u00e7arm\u0131xa \u00e7\u0259kil\u0259rk\u0259n t\u0259rk etmi\u015fdi.\n<\/p>\n<p>\n  <b><br \/>\n    Tragediya drama \u00e7evrilir.<br \/>\n  <\/b>\n<\/p>\n<p>\n  D\u00fcnyadak\u0131 b\u00fct\u00fcn insanlar\u0131n g\u00fcnahlar\u0131n\u0131 \u00f6z \u00e7iyinl\u0259rind\u0259 da\u015f\u0131yan, insanl\u0131\u011f\u0131n &#8220;g\u00fcnah ke\u00e7isi&#8221; olan \u0130sa, sad\u0259c\u0259 son anlar\u0131nda atas\u0131zl\u0131q hissini dadma\u011fa ba\u015flam\u0131\u015fd\u0131. Bundan \u0259lav\u0259, art\u0131q h\u0259min vaxtlarda sad\u0259c\u0259 insan idi. &#8220;\u00c7arm\u0131xdak\u0131 Tanr\u0131 paradoksu&#8221; insan\u0131n bu d\u00fcnyada \u00f6l\u00fcm v\u0259 \u0259zab qar\u015f\u0131s\u0131nda t\u0259rk edil\u0259ni t\u0259msil etm\u0259si il\u0259 \u00f6z h\u0259llin\u0259 qovu\u015fur. T\u0259rk ed\u0259n t\u0259r\u0259f h\u0259mi\u015f\u0259 Tanr\u0131d\u0131r. H\u0259r n\u0259 q\u0259d\u0259r Tanr\u0131ya yax\u0131n olsa da, onu s\u0131na\u011fa \u00e7\u0259k\u0259n \u00f6l\u00fcm\u0259 qar\u015f\u0131 t\u0259kc\u0259 \u00f6z\u00fc m\u00fcqavim\u0259t g\u00f6st\u0259rm\u0259lidir.\n<\/p>\n<p>\n  Ernst Blochun alt\u0131ndan qal\u0131n x\u0259tt \u00e7\u0259kdiyi m\u0259qamda deyildiyi kimi, \u00f6l\u00fcm b\u0259hsi ke\u00e7diyind\u0259, t\u0259rk edilmi\u015f olan, (insan) \u00f6l\u00fcm\u0259 qar\u015f\u0131l\u0131q onu t\u0259rk ed\u0259nin (tanr\u0131) \u00fcz\u00fcn\u0259 baxma\u011f\u0131 bacarmal\u0131d\u0131r. Bu, h\u0259m d\u0259 c\u0259sar\u0259tl\u0259 \u0259laq\u0259lidir. \u00dcmidsizliyin n\u0259d\u0259n qaynaqland\u0131\u011f\u0131n\u0131 tapmaq, onunla \u00fczl\u0259\u015fm\u0259k c\u0259sar\u0259t t\u0259l\u0259b edir.\n<\/p>\n<p>\n  \u0130san\u0131n, &#8220;\u0130lahi, m\u0259ni n\u0259 \u00fc\u00e7\u00fcn t\u0259rk etdin&#8221; f\u0259ryad\u0131n\u0131 g\u00f6y\u0259 sovurduqdan sonra dediyi s\u00f6z, &#8220;yekunla\u015fd\u0131&#8221; olmu\u015fdu. N\u0259hay\u0259t ki, \u0130san\u0131n k\u0259d\u0259ri yoxa \u00e7\u0131xm\u0131\u015f, qorxu p\u0259rd\u0259si a\u015f\u0131lm\u0131\u015f, \u00fcmidsizlikl\u0259r is\u0259 geri \u00e7\u0259kilmi\u015fdi; v\u0259 insan, onu t\u0259rk ed\u0259n tanr\u0131 \u00fcz\u0259rind\u0259 q\u0259l\u0259b\u0259 qazanm\u0131\u015fd\u0131.\n<\/p>\n<p>\n  <b><br \/>\n    Yaz\u0131 m\u00fc\u0259llifin \u015f\u0259xsi m\u00f6vqeyini ifad\u0259 edir&#8230;<br \/>\n  <\/b><\/p>\n","protected":false},"excerpt":{"rendered":"<p>N\u0259 idi onu bu c\u00fcml\u0259ni dem\u0259y\u0259 vadar ed\u0259n?!<\/p>\n","protected":false},"author":11,"featured_media":47971,"comment_status":"closed","ping_status":"open","sticky":false,"template":"","format":"standard","meta":{"_acf_changed":false,"_sitemap_exclude":false,"_sitemap_priority":"","_sitemap_frequency":"","footnotes":""},"categories":[57],"tags":[],"class_list":["post-173540","post","type-post","status-publish","format-standard","has-post-thumbnail","hentry","category-menim-fikrimce","infinite-scroll-item","generate-columns","tablet-grid-50","mobile-grid-100","grid-parent","grid-33","no-featured-image-padding"],"acf":[],"yoast_head":"<!-- This site is optimized with the Yoast SEO plugin v27.5 - https:\/\/yoast.com\/product\/yoast-seo-wordpress\/ -->\n<title>\u0130san\u0131n \u00fcmidsizliyi - MEYDAN.TV<\/title>\n<meta name=\"robots\" content=\"index, follow, max-snippet:-1, max-image-preview:large, max-video-preview:-1\" \/>\n<link rel=\"canonical\" href=\"https:\/\/www.meydan.tv\/az\/article\/isanin-umidsizliyi\/\" \/>\n<meta property=\"og:locale\" content=\"az_AZ\" \/>\n<meta property=\"og:type\" content=\"article\" \/>\n<meta property=\"og:title\" content=\"\u0130san\u0131n \u00fcmidsizliyi - MEYDAN.TV\" \/>\n<meta property=\"og:description\" content=\"N\u0259 idi onu bu c\u00fcml\u0259ni dem\u0259y\u0259 vadar ed\u0259n?!\" \/>\n<meta property=\"og:url\" content=\"https:\/\/www.meydan.tv\/az\/article\/isanin-umidsizliyi\/\" \/>\n<meta property=\"og:site_name\" content=\"MEYDAN.TV\" \/>\n<meta property=\"article:published_time\" content=\"2016-02-10T23:14:56+00:00\" \/>\n<meta property=\"og:image\" content=\"https:\/\/www.meydan.tv\/wp-content\/uploads\/18009.jpg\" \/>\n\t<meta property=\"og:image:width\" content=\"500\" \/>\n\t<meta property=\"og:image:height\" content=\"500\" \/>\n\t<meta property=\"og:image:type\" content=\"image\/jpeg\" \/>\n<meta name=\"author\" content=\"user-manager\" \/>\n<meta name=\"twitter:card\" content=\"summary_large_image\" \/>\n<script type=\"application\/ld+json\" class=\"yoast-schema-graph\">{\"@context\":\"https:\\\/\\\/schema.org\",\"@graph\":[{\"@type\":\"Article\",\"@id\":\"https:\\\/\\\/www.meydan.tv\\\/az\\\/article\\\/isanin-umidsizliyi\\\/#article\",\"isPartOf\":{\"@id\":\"https:\\\/\\\/www.meydan.tv\\\/az\\\/article\\\/isanin-umidsizliyi\\\/\"},\"author\":{\"name\":\"user-manager\",\"@id\":\"https:\\\/\\\/www.meydan.tv\\\/az\\\/#\\\/schema\\\/person\\\/10d11eccf6da3662cf5fdab9806ea91a\"},\"headline\":\"\u0130san\u0131n \u00fcmidsizliyi\",\"datePublished\":\"2016-02-10T23:14:56+00:00\",\"mainEntityOfPage\":{\"@id\":\"https:\\\/\\\/www.meydan.tv\\\/az\\\/article\\\/isanin-umidsizliyi\\\/\"},\"wordCount\":1484,\"publisher\":{\"@id\":\"https:\\\/\\\/www.meydan.tv\\\/az\\\/#organization\"},\"image\":{\"@id\":\"https:\\\/\\\/www.meydan.tv\\\/az\\\/article\\\/isanin-umidsizliyi\\\/#primaryimage\"},\"thumbnailUrl\":\"https:\\\/\\\/www.meydan.tv\\\/wp-content\\\/uploads\\\/18009.jpg\",\"articleSection\":[\"M\u0259nim Fikrimc\u0259\"],\"inLanguage\":\"az\"},{\"@type\":\"WebPage\",\"@id\":\"https:\\\/\\\/www.meydan.tv\\\/az\\\/article\\\/isanin-umidsizliyi\\\/\",\"url\":\"https:\\\/\\\/www.meydan.tv\\\/az\\\/article\\\/isanin-umidsizliyi\\\/\",\"name\":\"\u0130san\u0131n \u00fcmidsizliyi - MEYDAN.TV\",\"isPartOf\":{\"@id\":\"https:\\\/\\\/www.meydan.tv\\\/az\\\/#website\"},\"primaryImageOfPage\":{\"@id\":\"https:\\\/\\\/www.meydan.tv\\\/az\\\/article\\\/isanin-umidsizliyi\\\/#primaryimage\"},\"image\":{\"@id\":\"https:\\\/\\\/www.meydan.tv\\\/az\\\/article\\\/isanin-umidsizliyi\\\/#primaryimage\"},\"thumbnailUrl\":\"https:\\\/\\\/www.meydan.tv\\\/wp-content\\\/uploads\\\/18009.jpg\",\"datePublished\":\"2016-02-10T23:14:56+00:00\",\"breadcrumb\":{\"@id\":\"https:\\\/\\\/www.meydan.tv\\\/az\\\/article\\\/isanin-umidsizliyi\\\/#breadcrumb\"},\"inLanguage\":\"az\",\"potentialAction\":[{\"@type\":\"ReadAction\",\"target\":[\"https:\\\/\\\/www.meydan.tv\\\/az\\\/article\\\/isanin-umidsizliyi\\\/\"]}]},{\"@type\":\"ImageObject\",\"inLanguage\":\"az\",\"@id\":\"https:\\\/\\\/www.meydan.tv\\\/az\\\/article\\\/isanin-umidsizliyi\\\/#primaryimage\",\"url\":\"https:\\\/\\\/www.meydan.tv\\\/wp-content\\\/uploads\\\/18009.jpg\",\"contentUrl\":\"https:\\\/\\\/www.meydan.tv\\\/wp-content\\\/uploads\\\/18009.jpg\",\"width\":500,\"height\":500,\"caption\":\"Source:\"},{\"@type\":\"BreadcrumbList\",\"@id\":\"https:\\\/\\\/www.meydan.tv\\\/az\\\/article\\\/isanin-umidsizliyi\\\/#breadcrumb\",\"itemListElement\":[{\"@type\":\"ListItem\",\"position\":1,\"name\":\"Ana s\u0259hif\u0259\",\"item\":\"https:\\\/\\\/www.meydan.tv\\\/az\\\/\"},{\"@type\":\"ListItem\",\"position\":2,\"name\":\"M\u0259nim Fikrimc\u0259\",\"item\":\"https:\\\/\\\/www.meydan.tv\\\/az\\\/section\\\/menim-fikrimce\\\/\"},{\"@type\":\"ListItem\",\"position\":3,\"name\":\"\u0130san\u0131n \u00fcmidsizliyi\"}]},{\"@type\":\"WebSite\",\"@id\":\"https:\\\/\\\/www.meydan.tv\\\/az\\\/#website\",\"url\":\"https:\\\/\\\/www.meydan.tv\\\/az\\\/\",\"name\":\"MEYDAN.TV\",\"description\":\"Meydan TV Az\u0259rbaycan\u0131n media m\u0259kan\u0131ndak\u0131 alternativ s\u0259sidir\",\"publisher\":{\"@id\":\"https:\\\/\\\/www.meydan.tv\\\/az\\\/#organization\"},\"potentialAction\":[{\"@type\":\"SearchAction\",\"target\":{\"@type\":\"EntryPoint\",\"urlTemplate\":\"https:\\\/\\\/www.meydan.tv\\\/az\\\/?s={search_term_string}\"},\"query-input\":{\"@type\":\"PropertyValueSpecification\",\"valueRequired\":true,\"valueName\":\"search_term_string\"}}],\"inLanguage\":\"az\"},{\"@type\":\"Organization\",\"@id\":\"https:\\\/\\\/www.meydan.tv\\\/az\\\/#organization\",\"name\":\"Meydan TV\",\"url\":\"https:\\\/\\\/www.meydan.tv\\\/az\\\/\",\"logo\":{\"@type\":\"ImageObject\",\"inLanguage\":\"az\",\"@id\":\"https:\\\/\\\/www.meydan.tv\\\/az\\\/#\\\/schema\\\/logo\\\/image\\\/\",\"url\":\"https:\\\/\\\/www.meydan.tv\\\/wp-content\\\/uploads\\\/2021\\\/07\\\/meydan-logo.svg\",\"contentUrl\":\"https:\\\/\\\/www.meydan.tv\\\/wp-content\\\/uploads\\\/2021\\\/07\\\/meydan-logo.svg\",\"width\":195,\"height\":46,\"caption\":\"Meydan TV\"},\"image\":{\"@id\":\"https:\\\/\\\/www.meydan.tv\\\/az\\\/#\\\/schema\\\/logo\\\/image\\\/\"}},{\"@type\":\"Person\",\"@id\":\"https:\\\/\\\/www.meydan.tv\\\/az\\\/#\\\/schema\\\/person\\\/10d11eccf6da3662cf5fdab9806ea91a\",\"name\":\"user-manager\"}]}<\/script>\n<!-- \/ Yoast SEO plugin. -->","yoast_head_json":{"title":"\u0130san\u0131n \u00fcmidsizliyi - MEYDAN.TV","robots":{"index":"index","follow":"follow","max-snippet":"max-snippet:-1","max-image-preview":"max-image-preview:large","max-video-preview":"max-video-preview:-1"},"canonical":"https:\/\/www.meydan.tv\/az\/article\/isanin-umidsizliyi\/","og_locale":"az_AZ","og_type":"article","og_title":"\u0130san\u0131n \u00fcmidsizliyi - MEYDAN.TV","og_description":"N\u0259 idi onu bu c\u00fcml\u0259ni dem\u0259y\u0259 vadar ed\u0259n?!","og_url":"https:\/\/www.meydan.tv\/az\/article\/isanin-umidsizliyi\/","og_site_name":"MEYDAN.TV","article_published_time":"2016-02-10T23:14:56+00:00","og_image":[{"width":500,"height":500,"url":"https:\/\/www.meydan.tv\/wp-content\/uploads\/18009.jpg","type":"image\/jpeg"}],"author":"user-manager","twitter_card":"summary_large_image","schema":{"@context":"https:\/\/schema.org","@graph":[{"@type":"Article","@id":"https:\/\/www.meydan.tv\/az\/article\/isanin-umidsizliyi\/#article","isPartOf":{"@id":"https:\/\/www.meydan.tv\/az\/article\/isanin-umidsizliyi\/"},"author":{"name":"user-manager","@id":"https:\/\/www.meydan.tv\/az\/#\/schema\/person\/10d11eccf6da3662cf5fdab9806ea91a"},"headline":"\u0130san\u0131n \u00fcmidsizliyi","datePublished":"2016-02-10T23:14:56+00:00","mainEntityOfPage":{"@id":"https:\/\/www.meydan.tv\/az\/article\/isanin-umidsizliyi\/"},"wordCount":1484,"publisher":{"@id":"https:\/\/www.meydan.tv\/az\/#organization"},"image":{"@id":"https:\/\/www.meydan.tv\/az\/article\/isanin-umidsizliyi\/#primaryimage"},"thumbnailUrl":"https:\/\/www.meydan.tv\/wp-content\/uploads\/18009.jpg","articleSection":["M\u0259nim Fikrimc\u0259"],"inLanguage":"az"},{"@type":"WebPage","@id":"https:\/\/www.meydan.tv\/az\/article\/isanin-umidsizliyi\/","url":"https:\/\/www.meydan.tv\/az\/article\/isanin-umidsizliyi\/","name":"\u0130san\u0131n \u00fcmidsizliyi - MEYDAN.TV","isPartOf":{"@id":"https:\/\/www.meydan.tv\/az\/#website"},"primaryImageOfPage":{"@id":"https:\/\/www.meydan.tv\/az\/article\/isanin-umidsizliyi\/#primaryimage"},"image":{"@id":"https:\/\/www.meydan.tv\/az\/article\/isanin-umidsizliyi\/#primaryimage"},"thumbnailUrl":"https:\/\/www.meydan.tv\/wp-content\/uploads\/18009.jpg","datePublished":"2016-02-10T23:14:56+00:00","breadcrumb":{"@id":"https:\/\/www.meydan.tv\/az\/article\/isanin-umidsizliyi\/#breadcrumb"},"inLanguage":"az","potentialAction":[{"@type":"ReadAction","target":["https:\/\/www.meydan.tv\/az\/article\/isanin-umidsizliyi\/"]}]},{"@type":"ImageObject","inLanguage":"az","@id":"https:\/\/www.meydan.tv\/az\/article\/isanin-umidsizliyi\/#primaryimage","url":"https:\/\/www.meydan.tv\/wp-content\/uploads\/18009.jpg","contentUrl":"https:\/\/www.meydan.tv\/wp-content\/uploads\/18009.jpg","width":500,"height":500,"caption":"Source:"},{"@type":"BreadcrumbList","@id":"https:\/\/www.meydan.tv\/az\/article\/isanin-umidsizliyi\/#breadcrumb","itemListElement":[{"@type":"ListItem","position":1,"name":"Ana s\u0259hif\u0259","item":"https:\/\/www.meydan.tv\/az\/"},{"@type":"ListItem","position":2,"name":"M\u0259nim Fikrimc\u0259","item":"https:\/\/www.meydan.tv\/az\/section\/menim-fikrimce\/"},{"@type":"ListItem","position":3,"name":"\u0130san\u0131n \u00fcmidsizliyi"}]},{"@type":"WebSite","@id":"https:\/\/www.meydan.tv\/az\/#website","url":"https:\/\/www.meydan.tv\/az\/","name":"MEYDAN.TV","description":"Meydan TV Az\u0259rbaycan\u0131n media m\u0259kan\u0131ndak\u0131 alternativ s\u0259sidir","publisher":{"@id":"https:\/\/www.meydan.tv\/az\/#organization"},"potentialAction":[{"@type":"SearchAction","target":{"@type":"EntryPoint","urlTemplate":"https:\/\/www.meydan.tv\/az\/?s={search_term_string}"},"query-input":{"@type":"PropertyValueSpecification","valueRequired":true,"valueName":"search_term_string"}}],"inLanguage":"az"},{"@type":"Organization","@id":"https:\/\/www.meydan.tv\/az\/#organization","name":"Meydan TV","url":"https:\/\/www.meydan.tv\/az\/","logo":{"@type":"ImageObject","inLanguage":"az","@id":"https:\/\/www.meydan.tv\/az\/#\/schema\/logo\/image\/","url":"https:\/\/www.meydan.tv\/wp-content\/uploads\/2021\/07\/meydan-logo.svg","contentUrl":"https:\/\/www.meydan.tv\/wp-content\/uploads\/2021\/07\/meydan-logo.svg","width":195,"height":46,"caption":"Meydan TV"},"image":{"@id":"https:\/\/www.meydan.tv\/az\/#\/schema\/logo\/image\/"}},{"@type":"Person","@id":"https:\/\/www.meydan.tv\/az\/#\/schema\/person\/10d11eccf6da3662cf5fdab9806ea91a","name":"user-manager"}]}},"_links":{"self":[{"href":"https:\/\/www.meydan.tv\/az\/wp-json\/wp\/v2\/posts\/173540","targetHints":{"allow":["GET"]}}],"collection":[{"href":"https:\/\/www.meydan.tv\/az\/wp-json\/wp\/v2\/posts"}],"about":[{"href":"https:\/\/www.meydan.tv\/az\/wp-json\/wp\/v2\/types\/post"}],"author":[{"embeddable":true,"href":"https:\/\/www.meydan.tv\/az\/wp-json\/wp\/v2\/users\/11"}],"replies":[{"embeddable":true,"href":"https:\/\/www.meydan.tv\/az\/wp-json\/wp\/v2\/comments?post=173540"}],"version-history":[{"count":0,"href":"https:\/\/www.meydan.tv\/az\/wp-json\/wp\/v2\/posts\/173540\/revisions"}],"wp:featuredmedia":[{"embeddable":true,"href":"https:\/\/www.meydan.tv\/az\/wp-json\/wp\/v2\/media\/47971"}],"wp:attachment":[{"href":"https:\/\/www.meydan.tv\/az\/wp-json\/wp\/v2\/media?parent=173540"}],"wp:term":[{"taxonomy":"category","embeddable":true,"href":"https:\/\/www.meydan.tv\/az\/wp-json\/wp\/v2\/categories?post=173540"},{"taxonomy":"post_tag","embeddable":true,"href":"https:\/\/www.meydan.tv\/az\/wp-json\/wp\/v2\/tags?post=173540"}],"curies":[{"name":"wp","href":"https:\/\/api.w.org\/{rel}","templated":true}]}}