{"id":173502,"date":"2016-02-09T23:08:46","date_gmt":"2016-02-09T23:08:46","guid":{"rendered":"https:\/\/www.meydan.tv\/article\/musiqi-ile-nefes-alan-engelli\/"},"modified":"2016-02-09T23:08:46","modified_gmt":"2016-02-09T23:08:46","slug":"musiqi-ile-nefes-alan-engelli","status":"publish","type":"post","link":"https:\/\/www.meydan.tv\/az\/article\/musiqi-ile-nefes-alan-engelli\/","title":{"rendered":"Musiqi il\u0259 n\u0259f\u0259s alan \u0259ng\u0259lli"},"content":{"rendered":"<figure class=\"wp-block-image size-large\">\n  <img decoding=\"async\" src=\"https:\/\/www.meydan.tv\/az\/47854\/\" alt=\"\" class=\"wp-image-47854\"\/><figcaption><\/figcaption><\/figure>\n<\/p>\n<figure class=\"wp-block-image size-large\">\n  <img decoding=\"async\" src=\"https:\/\/www.meydan.tv\/az\/47857\/\" alt=\"\" class=\"wp-image-47857\"\/><figcaption><\/figcaption><\/figure>\n<p>\n  Sonuncu d\u0259f\u0259 reabilitasiya m\u0259rk\u0259zind\u0259 42 ya\u015fl\u0131 bir ki\u015fi il\u0259 tan\u0131\u015f olmu\u015fdum. 6 ya\u015f\u0131nda hans\u0131sa x\u0259st\u0259likd\u0259n sonra yeri\u015find\u0259 probleml\u0259r yaranm\u0131\u015f v\u0259 bir m\u00fcdd\u0259t sonra \u0259lil arabas\u0131ndan istifad\u0259 etm\u0259y\u0259 ba\u015flam\u0131\u015fd\u0131. O fiziki m\u0259hdudiyy\u0259tin\u0259 v\u0259 ya\u015f\u0131na g\u00f6r\u0259 ordak\u0131lardan, \u0259sas da g\u0259ncl\u0259rd\u0259n daha enerjili, h\u0259yat dolu, pozitivliyi il\u0259 il\u0259 se\u00e7ilirdi. Kiminl\u0259s\u0259 oturub s\u00f6hb\u0259tl\u0259\u015firdis\u0259, o t\u0259r\u0259fd\u0259n g\u00fcl\u00fc\u015f s\u0259sl\u0259ri g\u0259lirdi. O \u015f\u0259n v\u0259 canayax\u0131n ki\u015finin \u00e7ox yax\u015f\u0131 yumor hissi oldu\u011funu ilk tan\u0131\u015fl\u0131qda anlam\u0131\u015fd\u0131m.\n<\/p>\n<p>\n  Onun balaca musiqi \u201ckalonka\u201ds\u0131 vard\u0131. N\u0259 vaxt g\u00f6r\u00fcrd\u00fcn, o g\u0259l\u0259n t\u0259r\u0259fd\u0259n musiqi s\u0259si g\u0259lirdi. \u201cKalonka\u201dn\u0131 \u0259lil arabas\u0131nda g\u0259zdirirdi. B\u0259z\u0259n yan\u0131mdan \u015f\u00fct\u00fcy\u00fcb ke\u00e7\u0259nd\u0259 m\u0259n\u0259 sanki musiqinin s\u0259sini y\u00fcks\u0259kd\u0259n ver\u0259n avtomobili xat\u0131rlad\u0131rd\u0131. Musiqi il\u0259 n\u0259f\u0259s alan o adam \u00f6z\u00fc d\u0259 musiqi\u00e7idir. Ya\u015fad\u0131\u011f\u0131 Tovuz rayonunda toy m\u0259clisl\u0259rind\u0259 i\u015ftirak edir, orada c\u00fcrb\u0259c\u00fcr mahn\u0131lar oxumaqla \u00e7\u00f6r\u0259k pulu qazan\u0131r. Dediyin\u0259 g\u00f6r\u0259, toy m\u0259clisl\u0259rin\u0259 h\u0259r k\u0259sd\u0259n \u00f6nc\u0259 gedir v\u0259 musiqi\u00e7il\u0259rin yan\u0131nda adi stulda oturur. \u00c7al\u0131\u015f\u0131r ki, toylarda \u0259lil arabas\u0131ndan istifad\u0259 etm\u0259sin. Deyir ki, toy sahibl\u0259ri bundan rahats\u0131z olur.\n<\/p>\n<p>\n  Bir g\u00fcn s\u00f6hb\u0259t vaxt\u0131 f\u0259rqin\u0259 vard\u0131m ki, ki\u015finin kart\u0131nda \u00e7ox az sayda kompozisiya var. Kompyuterimi \u00f6z\u00fcml\u0259 g\u0259tirmi\u015fdim reabilitasiya m\u0259rk\u0259zin\u0259. Ona t\u0259klif etdim ki, kart\u0131na ba\u015fqa musiqil\u0259r d\u0259 yaza bil\u0259r\u0259m. T\u0259klifim onun \u00fc\u00e7\u00fcn g\u00f6yd\u0259nd\u00fc\u015fm\u0259 oldu. G\u00fcl\u0259r g\u00f6zl\u0259rind\u0259 b\u00f6y\u00fck sevinc i\u015fart\u0131lar\u0131 sezdim. Kompyuterimd\u0259ki bir \u00e7ox musiqini onun kart\u0131na k\u00f6\u00e7\u00fcrtd\u00fcm.\n<\/p>\n<p>\n  Musiqil\u0259r\u0259 g\u00f6r\u0259 \u00e7ox minn\u0259tdar oldu. H\u0259r d\u0259f\u0259 m\u0259ni g\u00f6r\u0259nd\u0259 dua edirdi. O q\u0259d\u0259r sevincli idi ki.. Kim\u0259s\u0259 bu c\u00fcr duy\u011fu ya\u015fatd\u0131\u011f\u0131m \u00fc\u00e7\u00fcn m\u0259n d\u0259 \u00e7ox sevinirdim. Musiqi dinl\u0259rk\u0259n onun \u00fcz\u00fcn\u0259 diqq\u0259tl\u0259 bax\u0131rd\u0131m. G\u00f6zl\u0259rini yumurdu, \u00fcz\u00fcnd\u0259 xo\u015fb\u0259xtlik ifad\u0259si peyda olurdu. Bu \u00fcz ifad\u0259si onu daha da cavan g\u00f6st\u0259rirdi. \u0130lahi, musiqinin t\u0259sir g\u00fcc\u00fcn\u0259 bax. Ki\u015fi \u00f6z\u00fc d\u0259 qeyd edirdi ki, o musiqil\u0259rl\u0259 n\u0259f\u0259s al\u0131r. Vazge\u00e7ilm\u0259z h\u0259zz ver\u0259n musiqil\u0259rin verdiyi xo\u015f hissl\u0259r ona \u0259lilliyini v\u0259 probleml\u0259rini unutdururdu.\n<\/p>\n<p>\n  Bir d\u0259f\u0259 m\u0259ni ziyar\u0259t\u0259 g\u0259l\u0259n qohumumla reabilitasiya m\u0259rk\u0259zinin d\u0259hlizind\u0259 s\u00f6hb\u0259t edirdik. Qulaqlar\u0131m\u0131zda uzaqdan biz\u0259 do\u011fru yax\u0131nla\u015fan musiqi dal\u011fas\u0131n\u0131 hiss etdik. H\u0259min ki\u015fi idi. Salam verdi v\u0259 korridorun o biri t\u0259r\u0259fin\u0259 do\u011fru gedib, bir k\u00fcncd\u0259 dayand\u0131. Do\u011fru yad\u0131mdad\u0131rsa, &#8220;kalonka&#8221;lardan \u201cModern Talking\u201d qrupunun ifa etdiyi musiqi koridoru b\u00fcr\u00fcm\u00fc\u015fd\u00fc. G\u0259nc qohumum bayaqdan m\u0259n\u0259 h\u0259yatdan bezdiyini, probleml\u0259rd\u0259n usand\u0131\u011f\u0131n\u0131 s\u00f6yl\u0259yirdi. Qohumuma koridorun bir k\u00fcnc\u00fcnd\u0259 dayan\u0131b, musiqinin notlar\u0131 il\u0259 sevi\u015f\u0259n h\u0259min ki\u015fini g\u00f6st\u0259rdim.\n<\/p>\n<p>\n  Dedim, \u0259ng\u0259ll\u0259r\u0259 r\u0259\u011fm\u0259n bir ondak\u0131 h\u0259yat e\u015fqin\u0259 bax. Sonra ki\u015fini yan\u0131m\u0131za \u00e7a\u011f\u0131rd\u0131m ki, orada t\u0259k qalmas\u0131n. Yan\u0131m\u0131za yax\u0131nla\u015fd\u0131, \u00f6z m\u0259z\u0259li s\u00f6hb\u0259tl\u0259rind\u0259n edib, bizi xeyli g\u00fcld\u00fcrd\u00fc. \u018flilliyini \u00f6z\u00fcn\u0259 q\u0259tiyy\u0259n kompleks etm\u0259y\u0259n ki\u015fi, h\u0259tta s\u0131rf \u0259lilliyin\u0259 g\u00f6r\u0259 \u00f6z ba\u015f\u0131na g\u0259l\u0259n hadis\u0259l\u0259ri d\u0259 biz\u0259 l\u0259tif\u0259 formas\u0131nda dan\u0131\u015f\u0131rd\u0131. O ged\u0259nd\u0259n sonra g\u0259nc qohumumun bayaq dil\u0259 g\u0259tirdiyi \u015fikay\u0259tl\u0259rd\u0259n dolay\u0131 utand\u0131\u011f\u0131 ayd\u0131n bilinirdi. Bu tan\u0131\u015fl\u0131q-s\u00f6hb\u0259t onun \u00fc\u00e7\u00fcn n\u00fcmun\u0259 oldu.\n<\/p>\n<p>\n  Bu s\u0259tirl\u0259ri yaza-yaza m\u0259n d\u0259 musiqi dinl\u0259yir, arada \u0259ll\u0259rimi klaviaturadan ay\u0131raraq, r\u0259qs edir\u0259m. H\u0259yat musiqil\u0259rl\u0259 lap g\u00f6z\u0259ldir. Sad\u0259c\u0259 bunu duymaq laz\u0131md\u0131r. G\u00fcl\u00fcms\u0259yin v\u0259 sevdiyiniz musiqil\u0259rd\u0259n h\u0259zz al\u0131n&#8230;\n<\/p>\n<p>\n  <b><br \/>\n    Yaz\u0131 m\u00fc\u0259llifin \u015f\u0259xsi m\u00f6vqeyini ifad\u0259 edir&#8230;<br \/>\n  <\/b><\/p>\n","protected":false},"excerpt":{"rendered":"<p>Dedi ki, toy sahibl\u0259ri narahat olur \u0259lil arabas\u0131ndan&#8230;<\/p>\n","protected":false},"author":11,"featured_media":47854,"comment_status":"closed","ping_status":"open","sticky":false,"template":"","format":"standard","meta":{"_acf_changed":false,"_sitemap_exclude":false,"_sitemap_priority":"","_sitemap_frequency":"","footnotes":""},"categories":[57],"tags":[],"class_list":["post-173502","post","type-post","status-publish","format-standard","has-post-thumbnail","hentry","category-menim-fikrimce","infinite-scroll-item","generate-columns","tablet-grid-50","mobile-grid-100","grid-parent","grid-33","no-featured-image-padding"],"acf":[],"yoast_head":"<!-- This site is optimized with the Yoast SEO plugin v27.5 - https:\/\/yoast.com\/product\/yoast-seo-wordpress\/ -->\n<title>Musiqi il\u0259 n\u0259f\u0259s alan \u0259ng\u0259lli - MEYDAN.TV<\/title>\n<meta name=\"robots\" content=\"index, follow, max-snippet:-1, max-image-preview:large, max-video-preview:-1\" \/>\n<link rel=\"canonical\" href=\"https:\/\/www.meydan.tv\/az\/article\/musiqi-ile-nefes-alan-engelli\/\" \/>\n<meta property=\"og:locale\" content=\"az_AZ\" \/>\n<meta property=\"og:type\" content=\"article\" \/>\n<meta property=\"og:title\" content=\"Musiqi il\u0259 n\u0259f\u0259s alan \u0259ng\u0259lli - MEYDAN.TV\" \/>\n<meta property=\"og:description\" content=\"Dedi ki, toy sahibl\u0259ri narahat olur \u0259lil arabas\u0131ndan...\" \/>\n<meta property=\"og:url\" content=\"https:\/\/www.meydan.tv\/az\/article\/musiqi-ile-nefes-alan-engelli\/\" \/>\n<meta property=\"og:site_name\" content=\"MEYDAN.TV\" \/>\n<meta property=\"article:published_time\" content=\"2016-02-09T23:08:46+00:00\" \/>\n<meta property=\"og:image\" content=\"https:\/\/www.meydan.tv\/wp-content\/uploads\/17961.jpg\" \/>\n\t<meta property=\"og:image:width\" content=\"500\" \/>\n\t<meta property=\"og:image:height\" content=\"500\" \/>\n\t<meta property=\"og:image:type\" content=\"image\/jpeg\" \/>\n<meta name=\"author\" content=\"user-manager\" \/>\n<meta name=\"twitter:card\" content=\"summary_large_image\" \/>\n<script type=\"application\/ld+json\" class=\"yoast-schema-graph\">{\"@context\":\"https:\\\/\\\/schema.org\",\"@graph\":[{\"@type\":\"Article\",\"@id\":\"https:\\\/\\\/www.meydan.tv\\\/az\\\/article\\\/musiqi-ile-nefes-alan-engelli\\\/#article\",\"isPartOf\":{\"@id\":\"https:\\\/\\\/www.meydan.tv\\\/az\\\/article\\\/musiqi-ile-nefes-alan-engelli\\\/\"},\"author\":{\"name\":\"user-manager\",\"@id\":\"https:\\\/\\\/www.meydan.tv\\\/az\\\/#\\\/schema\\\/person\\\/10d11eccf6da3662cf5fdab9806ea91a\"},\"headline\":\"Musiqi il\u0259 n\u0259f\u0259s alan \u0259ng\u0259lli\",\"datePublished\":\"2016-02-09T23:08:46+00:00\",\"mainEntityOfPage\":{\"@id\":\"https:\\\/\\\/www.meydan.tv\\\/az\\\/article\\\/musiqi-ile-nefes-alan-engelli\\\/\"},\"wordCount\":745,\"publisher\":{\"@id\":\"https:\\\/\\\/www.meydan.tv\\\/az\\\/#organization\"},\"image\":{\"@id\":\"https:\\\/\\\/www.meydan.tv\\\/az\\\/article\\\/musiqi-ile-nefes-alan-engelli\\\/#primaryimage\"},\"thumbnailUrl\":\"https:\\\/\\\/www.meydan.tv\\\/wp-content\\\/uploads\\\/17961.jpg\",\"articleSection\":[\"M\u0259nim Fikrimc\u0259\"],\"inLanguage\":\"az\"},{\"@type\":\"WebPage\",\"@id\":\"https:\\\/\\\/www.meydan.tv\\\/az\\\/article\\\/musiqi-ile-nefes-alan-engelli\\\/\",\"url\":\"https:\\\/\\\/www.meydan.tv\\\/az\\\/article\\\/musiqi-ile-nefes-alan-engelli\\\/\",\"name\":\"Musiqi il\u0259 n\u0259f\u0259s alan \u0259ng\u0259lli - MEYDAN.TV\",\"isPartOf\":{\"@id\":\"https:\\\/\\\/www.meydan.tv\\\/az\\\/#website\"},\"primaryImageOfPage\":{\"@id\":\"https:\\\/\\\/www.meydan.tv\\\/az\\\/article\\\/musiqi-ile-nefes-alan-engelli\\\/#primaryimage\"},\"image\":{\"@id\":\"https:\\\/\\\/www.meydan.tv\\\/az\\\/article\\\/musiqi-ile-nefes-alan-engelli\\\/#primaryimage\"},\"thumbnailUrl\":\"https:\\\/\\\/www.meydan.tv\\\/wp-content\\\/uploads\\\/17961.jpg\",\"datePublished\":\"2016-02-09T23:08:46+00:00\",\"breadcrumb\":{\"@id\":\"https:\\\/\\\/www.meydan.tv\\\/az\\\/article\\\/musiqi-ile-nefes-alan-engelli\\\/#breadcrumb\"},\"inLanguage\":\"az\",\"potentialAction\":[{\"@type\":\"ReadAction\",\"target\":[\"https:\\\/\\\/www.meydan.tv\\\/az\\\/article\\\/musiqi-ile-nefes-alan-engelli\\\/\"]}]},{\"@type\":\"ImageObject\",\"inLanguage\":\"az\",\"@id\":\"https:\\\/\\\/www.meydan.tv\\\/az\\\/article\\\/musiqi-ile-nefes-alan-engelli\\\/#primaryimage\",\"url\":\"https:\\\/\\\/www.meydan.tv\\\/wp-content\\\/uploads\\\/17961.jpg\",\"contentUrl\":\"https:\\\/\\\/www.meydan.tv\\\/wp-content\\\/uploads\\\/17961.jpg\",\"width\":500,\"height\":500,\"caption\":\"Source:\"},{\"@type\":\"BreadcrumbList\",\"@id\":\"https:\\\/\\\/www.meydan.tv\\\/az\\\/article\\\/musiqi-ile-nefes-alan-engelli\\\/#breadcrumb\",\"itemListElement\":[{\"@type\":\"ListItem\",\"position\":1,\"name\":\"Ana s\u0259hif\u0259\",\"item\":\"https:\\\/\\\/www.meydan.tv\\\/az\\\/\"},{\"@type\":\"ListItem\",\"position\":2,\"name\":\"M\u0259nim Fikrimc\u0259\",\"item\":\"https:\\\/\\\/www.meydan.tv\\\/az\\\/section\\\/menim-fikrimce\\\/\"},{\"@type\":\"ListItem\",\"position\":3,\"name\":\"Musiqi il\u0259 n\u0259f\u0259s alan \u0259ng\u0259lli\"}]},{\"@type\":\"WebSite\",\"@id\":\"https:\\\/\\\/www.meydan.tv\\\/az\\\/#website\",\"url\":\"https:\\\/\\\/www.meydan.tv\\\/az\\\/\",\"name\":\"MEYDAN.TV\",\"description\":\"Meydan TV Az\u0259rbaycan\u0131n media m\u0259kan\u0131ndak\u0131 alternativ s\u0259sidir\",\"publisher\":{\"@id\":\"https:\\\/\\\/www.meydan.tv\\\/az\\\/#organization\"},\"potentialAction\":[{\"@type\":\"SearchAction\",\"target\":{\"@type\":\"EntryPoint\",\"urlTemplate\":\"https:\\\/\\\/www.meydan.tv\\\/az\\\/?s={search_term_string}\"},\"query-input\":{\"@type\":\"PropertyValueSpecification\",\"valueRequired\":true,\"valueName\":\"search_term_string\"}}],\"inLanguage\":\"az\"},{\"@type\":\"Organization\",\"@id\":\"https:\\\/\\\/www.meydan.tv\\\/az\\\/#organization\",\"name\":\"Meydan TV\",\"url\":\"https:\\\/\\\/www.meydan.tv\\\/az\\\/\",\"logo\":{\"@type\":\"ImageObject\",\"inLanguage\":\"az\",\"@id\":\"https:\\\/\\\/www.meydan.tv\\\/az\\\/#\\\/schema\\\/logo\\\/image\\\/\",\"url\":\"https:\\\/\\\/www.meydan.tv\\\/wp-content\\\/uploads\\\/2021\\\/07\\\/meydan-logo.svg\",\"contentUrl\":\"https:\\\/\\\/www.meydan.tv\\\/wp-content\\\/uploads\\\/2021\\\/07\\\/meydan-logo.svg\",\"width\":195,\"height\":46,\"caption\":\"Meydan TV\"},\"image\":{\"@id\":\"https:\\\/\\\/www.meydan.tv\\\/az\\\/#\\\/schema\\\/logo\\\/image\\\/\"}},{\"@type\":\"Person\",\"@id\":\"https:\\\/\\\/www.meydan.tv\\\/az\\\/#\\\/schema\\\/person\\\/10d11eccf6da3662cf5fdab9806ea91a\",\"name\":\"user-manager\"}]}<\/script>\n<!-- \/ Yoast SEO plugin. -->","yoast_head_json":{"title":"Musiqi il\u0259 n\u0259f\u0259s alan \u0259ng\u0259lli - MEYDAN.TV","robots":{"index":"index","follow":"follow","max-snippet":"max-snippet:-1","max-image-preview":"max-image-preview:large","max-video-preview":"max-video-preview:-1"},"canonical":"https:\/\/www.meydan.tv\/az\/article\/musiqi-ile-nefes-alan-engelli\/","og_locale":"az_AZ","og_type":"article","og_title":"Musiqi il\u0259 n\u0259f\u0259s alan \u0259ng\u0259lli - MEYDAN.TV","og_description":"Dedi ki, toy sahibl\u0259ri narahat olur \u0259lil arabas\u0131ndan...","og_url":"https:\/\/www.meydan.tv\/az\/article\/musiqi-ile-nefes-alan-engelli\/","og_site_name":"MEYDAN.TV","article_published_time":"2016-02-09T23:08:46+00:00","og_image":[{"width":500,"height":500,"url":"https:\/\/www.meydan.tv\/wp-content\/uploads\/17961.jpg","type":"image\/jpeg"}],"author":"user-manager","twitter_card":"summary_large_image","schema":{"@context":"https:\/\/schema.org","@graph":[{"@type":"Article","@id":"https:\/\/www.meydan.tv\/az\/article\/musiqi-ile-nefes-alan-engelli\/#article","isPartOf":{"@id":"https:\/\/www.meydan.tv\/az\/article\/musiqi-ile-nefes-alan-engelli\/"},"author":{"name":"user-manager","@id":"https:\/\/www.meydan.tv\/az\/#\/schema\/person\/10d11eccf6da3662cf5fdab9806ea91a"},"headline":"Musiqi il\u0259 n\u0259f\u0259s alan \u0259ng\u0259lli","datePublished":"2016-02-09T23:08:46+00:00","mainEntityOfPage":{"@id":"https:\/\/www.meydan.tv\/az\/article\/musiqi-ile-nefes-alan-engelli\/"},"wordCount":745,"publisher":{"@id":"https:\/\/www.meydan.tv\/az\/#organization"},"image":{"@id":"https:\/\/www.meydan.tv\/az\/article\/musiqi-ile-nefes-alan-engelli\/#primaryimage"},"thumbnailUrl":"https:\/\/www.meydan.tv\/wp-content\/uploads\/17961.jpg","articleSection":["M\u0259nim Fikrimc\u0259"],"inLanguage":"az"},{"@type":"WebPage","@id":"https:\/\/www.meydan.tv\/az\/article\/musiqi-ile-nefes-alan-engelli\/","url":"https:\/\/www.meydan.tv\/az\/article\/musiqi-ile-nefes-alan-engelli\/","name":"Musiqi il\u0259 n\u0259f\u0259s alan \u0259ng\u0259lli - MEYDAN.TV","isPartOf":{"@id":"https:\/\/www.meydan.tv\/az\/#website"},"primaryImageOfPage":{"@id":"https:\/\/www.meydan.tv\/az\/article\/musiqi-ile-nefes-alan-engelli\/#primaryimage"},"image":{"@id":"https:\/\/www.meydan.tv\/az\/article\/musiqi-ile-nefes-alan-engelli\/#primaryimage"},"thumbnailUrl":"https:\/\/www.meydan.tv\/wp-content\/uploads\/17961.jpg","datePublished":"2016-02-09T23:08:46+00:00","breadcrumb":{"@id":"https:\/\/www.meydan.tv\/az\/article\/musiqi-ile-nefes-alan-engelli\/#breadcrumb"},"inLanguage":"az","potentialAction":[{"@type":"ReadAction","target":["https:\/\/www.meydan.tv\/az\/article\/musiqi-ile-nefes-alan-engelli\/"]}]},{"@type":"ImageObject","inLanguage":"az","@id":"https:\/\/www.meydan.tv\/az\/article\/musiqi-ile-nefes-alan-engelli\/#primaryimage","url":"https:\/\/www.meydan.tv\/wp-content\/uploads\/17961.jpg","contentUrl":"https:\/\/www.meydan.tv\/wp-content\/uploads\/17961.jpg","width":500,"height":500,"caption":"Source:"},{"@type":"BreadcrumbList","@id":"https:\/\/www.meydan.tv\/az\/article\/musiqi-ile-nefes-alan-engelli\/#breadcrumb","itemListElement":[{"@type":"ListItem","position":1,"name":"Ana s\u0259hif\u0259","item":"https:\/\/www.meydan.tv\/az\/"},{"@type":"ListItem","position":2,"name":"M\u0259nim Fikrimc\u0259","item":"https:\/\/www.meydan.tv\/az\/section\/menim-fikrimce\/"},{"@type":"ListItem","position":3,"name":"Musiqi il\u0259 n\u0259f\u0259s alan \u0259ng\u0259lli"}]},{"@type":"WebSite","@id":"https:\/\/www.meydan.tv\/az\/#website","url":"https:\/\/www.meydan.tv\/az\/","name":"MEYDAN.TV","description":"Meydan TV Az\u0259rbaycan\u0131n media m\u0259kan\u0131ndak\u0131 alternativ s\u0259sidir","publisher":{"@id":"https:\/\/www.meydan.tv\/az\/#organization"},"potentialAction":[{"@type":"SearchAction","target":{"@type":"EntryPoint","urlTemplate":"https:\/\/www.meydan.tv\/az\/?s={search_term_string}"},"query-input":{"@type":"PropertyValueSpecification","valueRequired":true,"valueName":"search_term_string"}}],"inLanguage":"az"},{"@type":"Organization","@id":"https:\/\/www.meydan.tv\/az\/#organization","name":"Meydan TV","url":"https:\/\/www.meydan.tv\/az\/","logo":{"@type":"ImageObject","inLanguage":"az","@id":"https:\/\/www.meydan.tv\/az\/#\/schema\/logo\/image\/","url":"https:\/\/www.meydan.tv\/wp-content\/uploads\/2021\/07\/meydan-logo.svg","contentUrl":"https:\/\/www.meydan.tv\/wp-content\/uploads\/2021\/07\/meydan-logo.svg","width":195,"height":46,"caption":"Meydan TV"},"image":{"@id":"https:\/\/www.meydan.tv\/az\/#\/schema\/logo\/image\/"}},{"@type":"Person","@id":"https:\/\/www.meydan.tv\/az\/#\/schema\/person\/10d11eccf6da3662cf5fdab9806ea91a","name":"user-manager"}]}},"_links":{"self":[{"href":"https:\/\/www.meydan.tv\/az\/wp-json\/wp\/v2\/posts\/173502","targetHints":{"allow":["GET"]}}],"collection":[{"href":"https:\/\/www.meydan.tv\/az\/wp-json\/wp\/v2\/posts"}],"about":[{"href":"https:\/\/www.meydan.tv\/az\/wp-json\/wp\/v2\/types\/post"}],"author":[{"embeddable":true,"href":"https:\/\/www.meydan.tv\/az\/wp-json\/wp\/v2\/users\/11"}],"replies":[{"embeddable":true,"href":"https:\/\/www.meydan.tv\/az\/wp-json\/wp\/v2\/comments?post=173502"}],"version-history":[{"count":0,"href":"https:\/\/www.meydan.tv\/az\/wp-json\/wp\/v2\/posts\/173502\/revisions"}],"wp:featuredmedia":[{"embeddable":true,"href":"https:\/\/www.meydan.tv\/az\/wp-json\/wp\/v2\/media\/47854"}],"wp:attachment":[{"href":"https:\/\/www.meydan.tv\/az\/wp-json\/wp\/v2\/media?parent=173502"}],"wp:term":[{"taxonomy":"category","embeddable":true,"href":"https:\/\/www.meydan.tv\/az\/wp-json\/wp\/v2\/categories?post=173502"},{"taxonomy":"post_tag","embeddable":true,"href":"https:\/\/www.meydan.tv\/az\/wp-json\/wp\/v2\/tags?post=173502"}],"curies":[{"name":"wp","href":"https:\/\/api.w.org\/{rel}","templated":true}]}}