{"id":173496,"date":"2016-02-09T21:36:45","date_gmt":"2016-02-09T21:36:45","guid":{"rendered":"https:\/\/www.meydan.tv\/article\/haqli-olmaq\/"},"modified":"2016-02-09T21:36:45","modified_gmt":"2016-02-09T21:36:45","slug":"haqli-olmaq","status":"publish","type":"post","link":"https:\/\/www.meydan.tv\/az\/article\/haqli-olmaq\/","title":{"rendered":"Haql\u0131 olmaq"},"content":{"rendered":"<figure class=\"wp-block-image size-large\">\n  <img decoding=\"async\" src=\"https:\/\/www.meydan.tv\/az\/47851\/\" alt=\"\" class=\"wp-image-47851\"\/><figcaption><\/figcaption><\/figure>\n<figure class=\"wp-block-image size-large\">\n  <img decoding=\"async\" src=\"https:\/\/www.meydan.tv\/az\/47848\/\" alt=\"\" class=\"wp-image-47848\"\/><figcaption><\/figcaption><\/figure>\n<p>\n  Amerikal\u0131 futurist Con Naysbit, (John Naisibit) \u201cBa\u015fla!\u201d (orijinalda \u201cMind set!\u201d) adl\u0131 \u0259s\u0259rind\u0259 yaz\u0131r : \u201c\u0130nsan\u0131n haql\u0131 olma ehtiyac\u0131 m\u0259d\u0259niyy\u0259t t\u0259r\u0259find\u0259n \u0259vv\u0259lc\u0259d\u0259n \u015f\u0259rtl\u0259nmi\u015f olur. Valideynl\u0259r haql\u0131d\u0131r, r\u0259hb\u0259r haql\u0131d\u0131r, m\u00fc\u0259llim haql\u0131d\u0131r. \u201cKim haql\u0131d\u0131r?\u201d sual\u0131, \u201cN\u0259 d\u00fczg\u00fcnd\u00fcr?\u201d sual\u0131na cavab\u0131 \u00f6z\u00fcnd\u0259 da\u015f\u0131maqdad\u0131r.\n<\/p>\n<p>\n  Siyasi partiyalar, m\u0259s\u0259l\u0259n, \u201chaql\u0131 olma\u011f\u0131\u201d institutla\u015fd\u0131r\u0131b. Bir siyasi partiyan\u0131n \u00f6z r\u0259qibl\u0259rinin m\u00f6vqeyini m\u00fcdafi\u0259 etm\u0259si \u00e7ox tez-tezmi olur? Amma, \u0259g\u0259r biz, qar\u015f\u0131 t\u0259r\u0259fin haqs\u0131z olmas\u0131na s\u0259rf etdiyimiz enerjini, m\u00fcbahis\u0259 etdiyimiz v\u0259ziyy\u0259tin d\u00fcz\u0259ldilm\u0259si \u00fc\u00e7\u00fcn \u00e7\u0131x\u0131\u015f yollar\u0131na ay\u0131rar\u0131qsa, nec\u0259 olar? Ax\u0131 bizim haql\u0131 olmaq ist\u0259yimiz, bizim \u00f6yr\u0259nm\u0259yimizi v\u0259 ba\u015fa d\u00fc\u015fm\u0259yimizi iflic edir. Bu, bizim b\u00f6y\u00fcm\u0259miz\u0259 mane olur, \u00e7\u00fcnki d\u0259yi\u015fm\u0259d\u0259n b\u00f6y\u00fcy\u0259 bilm\u0259rik, \u00f6z\u00fcm\u00fcz\u00fc d\u00fcz\u0259ld\u0259 bilm\u0259z v\u0259 \u00f6z\u00fcm\u00fcz\u0259 sual ver\u0259 bilm\u0259rik.\n<\/p>\n<p>\n  \u018fg\u0259r siz, haql\u0131 olma\u011fa m\u0259hkumsunuzsa, o zaman siz, art\u0131q \u0259vv\u0259ld\u0259n sal\u0131nm\u0131\u015f yolla getm\u0259li olacaqs\u0131z. Amma haql\u0131 olmaqdan qurtuldu\u011funuz andan siz, \u00f6z\u00fcn\u00fcz\u00fc geni\u015f \u0259razid\u0259 s\u0259rb\u0259st hiss ed\u0259c\u0259ksiniz, sizin qar\u015f\u0131n\u0131zda geni\u015f perespektivl\u0259r a\u00e7\u0131lacaq v\u0259 siz, ist\u0259diyiniz istiqam\u0259td\u0259 ged\u0259 bil\u0259c\u0259ksiz\u201d.\n<\/p>\n<p>\n  Do\u011furdan da, ist\u0259r \u015f\u0259xsi h\u0259yat\u0131m\u0131zda, ist\u0259rs\u0259 d\u0259 ictimai m\u00fcnasib\u0259tl\u0259rd\u0259 biz, \u00e7ox zaman m\u0259hz \u201cN\u0259 d\u00fczg\u00fcnd\u00fcr?\u201d sual\u0131ndan \u00e7ox, \u201cKim haql\u0131d\u0131r?\u201d sual\u0131na daha \u00e7ox fikir veririk. Bu m\u00f6vzu o q\u0259d\u0259r geni\u015fdir ki, onu bir \u00e7ox istiqam\u0259t\u0259 dart\u0131b, uzatmaq olar, uzun\u00e7uluq etm\u0259d\u0259n, m\u0259s\u0259l\u0259ni daha spesifikl\u0259\u015fdir\u0259r\u0259k, onu \u201csiyasil\u0259\u015fdirm\u0259k\u201d ist\u0259yir\u0259m. Y\u0259ni, m\u00f6vzunu iqtidar-m\u00fcxalif\u0259t, iqtidar-c\u0259miyy\u0259t m\u00fcnasib\u0259tl\u0259ri konteksin\u0259 salma\u011fa \u00e7al\u0131\u015facam.\n<\/p>\n<p>\n  <b><br \/>\n    \u201cD\u00f6vl\u0259t\u201d v\u0259 ya hakimiyy\u0259t haql\u0131d\u0131rm\u0131?<br \/>\n  <\/b>\n<\/p>\n<p>\n  C\u0259miyy\u0259timizd\u0259, ail\u0259y\u0259, ictimai v\u0259 insanlar aras\u0131 m\u00fcnasib\u0259tl\u0259r \u015faquli d\u0259y\u0259rl\u0259r \u00fcz\u0259rin\u0259 qurulub. \u0130nsanlar\u0131n sosial statusu onlar\u0131n bu v\u0259 ya dig\u0259r m\u0259s\u0259l\u0259d\u0259 haql\u0131 olmas\u0131n\u0131 \u0259vv\u0259lc\u0259d\u0259n m\u00fc\u0259yy\u0259n edir. Ata evd\u0259 apar\u0131c\u0131 \u015f\u0259xs oldu\u011fundan, onun dedikl\u0259ri haql\u0131, etdikl\u0259ri m\u00fcbahis\u0259 g\u00f6t\u00fcrm\u0259zdir. A\u011fsaqqal n\u0259slin ba\u015fbil\u0259ni say\u0131ld\u0131\u011f\u0131ndan, haqs\u0131z olsa da, he\u00e7 kim ona statusuna g\u00f6r\u0259 etiraz etmir, bir \u00e7ox m\u0259s\u0259l\u0259l\u0259rd\u0259 dedikl\u0259rini v\u0259 etdikl\u0259rini m\u00fcbahis\u0259l\u0259ndirmir. Bu sosial statusa (ya\u015fa, tutdu\u011fu v\u0259zif\u0259y\u0259 v\u0259 s.) dayanan d\u0259y\u0259rl\u0259r d\u0259 insanlar aras\u0131 m\u00fcnasib\u0259ti m\u00fc\u0259yy\u0259n edir.\n<\/p>\n<p>\n  \u00dcmumilikd\u0259, xalq\u0131n hakimiyy\u0259t v\u0259 ya d\u00f6vl\u0259t\u0259 m\u00fcnasib\u0259ti d\u0259 m\u0259hz bu \u015f\u0259kild\u0259dir. Hakimiyy\u0259td\u0259 t\u0259msil olunan, idar\u0259\u00e7i olan \u015f\u0259xsl\u0259r\u0259 m\u00fcnasib\u0259td\u0259 insanlar\u0131n yana\u015fmas\u0131 a\u015fa\u011f\u0131dan-yuxar\u0131ya do\u011frudur. \u0130nsanlar hakimiyy\u0259td\u0259 t\u0259msil olunan \u015f\u0259xsl\u0259ri \u00f6zl\u0259rind\u0259n bir ba\u015f yuxar\u0131da g\u00f6r\u00fcr, h\u0259min m\u0259mur v\u0259 siyas\u0259t\u00e7il\u0259rin \u0259slind\u0259 onlara xidm\u0259t etm\u0259li oldu\u011funu ayd\u0131n d\u0259rk etmir.<br \/>\n  <br \/>\n  Bu m\u00fcnasib\u0259tl\u0259r sistemini pozma\u011fa v\u0259 yeni yana\u015fma (h\u00f6k\u00fcm\u0259tin v\u0259t\u0259nda\u015f\u0131na xidm\u0259t etm\u0259li oldu\u011fu t\u0259l\u0259b edilm\u0259si) ist\u0259y\u0259n insanlara is\u0259 \u201cd\u00f6vl\u0259tl\u0259 d\u00f6vl\u0259t\u00e7ilik etm\u0259k olmaz\u201d cavab\u0131n\u0131 haz\u0131r saxlay\u0131r. Bu bir az da d\u00f6vl\u0259tl\u0259 d\u00f6vl\u0259t\u00e7ilik ed\u0259 bilm\u0259y\u0259n insanlar\u0131n b\u0259han\u0259sin\u0259 \u00e7evrilib. Bel\u0259 ki, art\u0131q k\u00f6hn\u0259l\u0259n bu anlay\u0131\u015f\u0131 sivil \u00f6lk\u0259l\u0259r uzun \u0259sr bundan \u00f6nc\u0259 a\u015f\u0131b. Art\u0131q d\u00fcnyada ham\u0131 ba\u015fa d\u00fc\u015f\u00fcr ki, insanlar \u201cd\u00f6vl\u0259tl\u0259ri\u201d (h\u00f6k\u00fcm\u0259tl\u0259ri) \u00f6z \u0259ll\u0259rind\u0259 saxlamal\u0131, onun h\u0259ddi a\u015fmas\u0131na mane olmal\u0131d\u0131r.<br \/>\n  <br \/>\n  Az\u0259rbaycanda n\u0259 ba\u015f verir?\n<\/p>\n<p>\n  Uzunm\u00fcdd\u0259tli \u015fikay\u0259tl\u0259rimizin \u0259sas\u0131nda h\u0259mi\u015f\u0259 iqtidar\u0131n xalq\u0131 e\u015fitm\u0259diyi, iqtidar\u0131n \u00e7al\u0131nan \u201c\u018fc\u0259l Z\u0259ngi\u201d-n\u0259 qulaq asmad\u0131\u011f\u0131, daima \u00f6z bildiyini etdiyi, onu t\u0259nqid ed\u0259nl\u0259ri h\u0259bs etdiyi, h\u0259qiq\u0259ti e\u015fitm\u0259k ist\u0259m\u0259diyi (ox\u015far m\u0259nal\u0131 iradlar\u0131 \u00e7ox uzatmaq olar) il\u0259 ba\u011fl\u0131 olub.\n<\/p>\n<p>\n  Neft pulunun hesab\u0131na hakimiyy\u0259td\u0259 qalan, h\u0259tta l\u00fcks oyunlar, \u0259yl\u0259nc\u0259l\u0259r ke\u00e7irtm\u0259y\u0259 d\u0259 imkan tapan hakimiyy\u0259t, neft ucuzla\u015fan v\u0259 azalan kimi d\u0259h\u015f\u0259tli iqtidars\u0131zl\u0131qla, siyasi v\u0259 iqtisadi krizisl\u0259 ba\u015f-ba\u015fa qald\u0131. Bunu q\u0259bul etm\u0259k n\u0259 q\u0259d\u0259r \u00e7\u0259tin olsa da, xalq da, (\u0259n az\u0131ndan hakimiyy\u0259ti saxlamaq \u00fc\u00e7\u00fcn laz\u0131m olan kritik k\u00fctl\u0259) \u00f6z iqtidar\u0131n\u0131n na\u011f\u0131llar\u0131na \u2013 TV-l\u0259r ona tap\u015f\u0131r\u0131lan i\u015fin \u00f6hd\u0259sind\u0259n laz\u0131m\u0131nca g\u0259lmi\u015fdi &#8211; m\u00f6hk\u0259mc\u0259 inanm\u0131\u015fd\u0131.\n<\/p>\n<p>\n  Sonra bir anl\u0131\u011f\u0131na, h\u0259r \u015fey k\u0259skin d\u00f6n\u00fc\u015f ya\u015fad\u0131. Uzun ill\u0259r d\u00fczg\u00fcn yolda olmad\u0131\u011f\u0131n\u0131 hakimiyy\u0259tin qulaqlar\u0131na \u00e7atd\u0131rma\u011fa \u00e7al\u0131\u015fan ekspertl\u0259r, m\u00fcxalif siyasi partiyalar, m\u00fcxalif d\u00fc\u015f\u00fcnc\u0259li insanlar q\u0259fild\u0259n \u201c\u00f6ng\u00f6rd\u00fckl\u0259ri\u201d krizisil\u0259 bir anda diqq\u0259t k\u0259sil\u0259n, izl\u0259nil\u0259n, b\u0259y\u0259nil\u0259n insanlar olma\u011fa ba\u015flad\u0131lar. Bu andan h\u00f6km\u0259tin ed\u0259 bil\u0259c\u0259yi \u0259n a\u011f\u0131ll\u0131 i\u015f, g\u00fcn ke\u00e7dikc\u0259 saylar\u0131 artan insanlardan g\u0259l\u0259n \u015fikay\u0259t s\u0259sl\u0259rin\u0259 qulaq k\u0259silm\u0259k, \u201cdaimi haql\u0131\u201d duru\u015fundan imtina etm\u0259k, ictimai m\u00fczakir\u0259l\u0259r\u0259 qap\u0131 a\u00e7maq, \u015fikay\u0259tl\u0259n\u0259n v\u0259t\u0259nda\u015fla daha yax\u0131n t\u0259mas qurmaq, bir s\u00f6zl\u0259 \u201cn\u0259 d\u00fczg\u00fcnd\u00fcr\u201d sual\u0131n\u0131 b\u00fct\u00fcn ictimai t\u0259sisatlarla birg\u0259 cavab axtarmaq olard\u0131.\n<\/p>\n<p>\n  Amma h\u00f6kum\u0259t ist\u0259r maliyy\u0259, ist\u0259rs\u0259 d\u0259 fiziki bax\u0131mdan (fiziki dedikd\u0259, g\u00fcc strukturlar\u0131n\u0131n onun \u0259lind\u0259 olmas\u0131 m\u0259nas\u0131nda) h\u0259l\u0259 d\u0259 g\u00fccl\u00fc oldu\u011fundan, statusundan istifad\u0259 ed\u0259r\u0259k \u201chaql\u0131\u201d oldu\u011funu israrla ham\u0131ya n\u00fcmayi\u015f etdirm\u0259kd\u0259 davam etdi, bel\u0259c\u0259 \u201cn\u0259 d\u00fczg\u00fcnd\u00fcr?\u201d sual\u0131 yenid\u0259n \u201ckim haql\u0131d\u0131r?\u201d sual\u0131na uduzdu.\n<\/p>\n<p>\n  <b><br \/>\n    Haql\u0131 olmaq n\u0259 q\u0259d\u0259r xo\u015f hiss olsa da, haqs\u0131z olma\u011f\u0131n\u0131 etiraf etm\u0259k d\u0259 bir o q\u0259d\u0259r b\u00f6y\u00fckl\u00fckd\u00fcr<br \/>\n  <\/b>\n<\/p>\n<p>\n  Haql\u0131 olmaq g\u00f6z\u0259l hissdir. Amma indi el\u0259 bir krizisl\u0259 \u00fcz-\u00fcz\u0259 g\u0259lmi\u015fik ki, (d\u00f6vl\u0259timizin tam d\u00f6vl\u0259t anlam\u0131nda m\u00f6vcudlu\u011fu, xalq\u0131n iqtisadi-sosial rifah\u0131 ciddi t\u0259hl\u00fck\u0259 il\u0259 \u00fcz-\u00fcz\u0259 qal\u0131b) haql\u0131 olma\u011f\u0131m\u0131z he\u00e7 n\u0259yi d\u0259yi\u015fm\u0259y\u0259c\u0259k ( d\u0259yi\u015fs\u0259 d\u0259, b\u00f6hrandan \u00e7\u0131xma\u011fa k\u00f6m\u0259k etm\u0259y\u0259c\u0259k), \u0259ksin\u0259 bu m\u0259s\u0259l\u0259d\u0259 \u00e7ox israr\u0131n edilm\u0259si bizi n\u00f6vb\u0259ti laz\u0131ms\u0131z davalara, \u015f\u0259xsi intriqalara apar\u0131b \u00e7\u0131xardacaq, Con Naysbitin d\u0259 dediyi kimi, \u201cenerjimiz laz\u0131ms\u0131z i\u015fl\u0259rd\u0259 x\u0259rcl\u0259n\u0259c\u0259k\u201d. Bu i\u015fd\u0259 ilk add\u0131m\u0131 atmal\u0131 olan da, d\u00f6vl\u0259ti idar\u0259 ed\u0259n siyasi hakimiyy\u0259tin boynuna d\u00fc\u015f\u00fcrd\u00fc.\n<\/p>\n<p>\n  O d\u00fczd\u00fcr ki, hakimiyy\u0259tin \u00fc\u00e7\u00fcnc\u00fc-d\u00f6rd\u00fcnc\u00fc ranql\u0131 m\u0259murunun dilind\u0259n, xala-x\u0259trin qalmas\u0131n dey\u0259, m\u00fcxalif\u0259t\u0259 t\u0259klifl\u0259r ver\u0259 bil\u0259c\u0259yi deyildi. Bundan sonra yaranan b\u00f6hranla ba\u011fl\u0131 siyasi m\u00fcxalif\u0259tin \u0259sas qanadlar\u0131 qara-q\u0131\u015fq\u0131r\u0131q salmaqdan \u00e7ox, (\u201cBiz haql\u0131 idik, g\u00f6rd\u00fcz? G\u00f6rd\u00fcz?\u201d tipli) \u201cN\u0259 d\u00fczg\u00fcnd\u00fcr?\u201d sual\u0131na meyill\u0259n\u0259r\u0259k, b\u00f6hrandan \u00e7\u0131xmaqla ba\u011fl\u0131 islahatlar paketini h\u00f6k\u00fcm\u0259t\u0259 v\u0259 c\u0259miyy\u0259t\u0259 t\u0259qdim etdi.\n<\/p>\n<p>\n  \u0130slahatlar paketinin keyfiyy\u0259tinin \u00f6n\u0259mi \u00e7ox olsa da, \u0259sas olan o idi ki, siyasi m\u00fcxalif\u0259t yana\u015fman\u0131 d\u00fczg\u00fcn se\u00e7di. \u0130ndi pas \u00f6t\u00fcr\u00fcl\u00fcb siyasi hakimiyy\u0259t\u0259, onlar\u0131n bu topla davran\u0131\u015f\u0131na uy\u011fun olaraq, Az\u0259rbaycan\u0131n g\u0259l\u0259c\u0259kl\u0259 ba\u011fl\u0131 se\u00e7\u0259c\u0259yi yol m\u00fc\u0259yy\u0259n olunacaq. \u00dcmid edir\u0259m, h\u00f6k\u00fcm\u0259t topu, \u00f6z \u00f6lk\u0259sinin qap\u0131s\u0131na vurmaz.\n<\/p>\n<p>\n  <b><br \/>\n    Yaz\u0131 m\u00fc\u0259llifin \u015f\u0259xsi m\u00f6vqeyini \u0259ks etdirir&#8230;<br \/>\n  <\/b><\/p>\n","protected":false},"excerpt":{"rendered":"<p>Bu \u00f6n\u0259mlidir, yoxsa d\u00fczg\u00fcn yolu tapmaq?<\/p>\n","protected":false},"author":11,"featured_media":47851,"comment_status":"closed","ping_status":"open","sticky":false,"template":"","format":"standard","meta":{"_acf_changed":false,"_sitemap_exclude":false,"_sitemap_priority":"","_sitemap_frequency":"","footnotes":""},"categories":[57],"tags":[],"class_list":["post-173496","post","type-post","status-publish","format-standard","has-post-thumbnail","hentry","category-menim-fikrimce","infinite-scroll-item","generate-columns","tablet-grid-50","mobile-grid-100","grid-parent","grid-33","no-featured-image-padding"],"acf":[],"yoast_head":"<!-- This site is optimized with the Yoast SEO plugin v27.5 - https:\/\/yoast.com\/product\/yoast-seo-wordpress\/ -->\n<title>Haql\u0131 olmaq - MEYDAN.TV<\/title>\n<meta name=\"robots\" content=\"index, follow, max-snippet:-1, max-image-preview:large, max-video-preview:-1\" \/>\n<link rel=\"canonical\" href=\"https:\/\/www.meydan.tv\/az\/article\/haqli-olmaq\/\" \/>\n<meta property=\"og:locale\" content=\"az_AZ\" \/>\n<meta property=\"og:type\" content=\"article\" \/>\n<meta property=\"og:title\" content=\"Haql\u0131 olmaq - MEYDAN.TV\" \/>\n<meta property=\"og:description\" content=\"Bu \u00f6n\u0259mlidir, yoxsa d\u00fczg\u00fcn yolu tapmaq?\" \/>\n<meta property=\"og:url\" content=\"https:\/\/www.meydan.tv\/az\/article\/haqli-olmaq\/\" \/>\n<meta property=\"og:site_name\" content=\"MEYDAN.TV\" \/>\n<meta property=\"article:published_time\" content=\"2016-02-09T21:36:45+00:00\" \/>\n<meta property=\"og:image\" content=\"https:\/\/www.meydan.tv\/wp-content\/uploads\/17954.jpg\" \/>\n\t<meta property=\"og:image:width\" content=\"400\" \/>\n\t<meta property=\"og:image:height\" content=\"400\" \/>\n\t<meta property=\"og:image:type\" content=\"image\/jpeg\" \/>\n<meta name=\"author\" content=\"user-manager\" \/>\n<meta name=\"twitter:card\" content=\"summary_large_image\" \/>\n<script type=\"application\/ld+json\" class=\"yoast-schema-graph\">{\"@context\":\"https:\\\/\\\/schema.org\",\"@graph\":[{\"@type\":\"Article\",\"@id\":\"https:\\\/\\\/www.meydan.tv\\\/az\\\/article\\\/haqli-olmaq\\\/#article\",\"isPartOf\":{\"@id\":\"https:\\\/\\\/www.meydan.tv\\\/az\\\/article\\\/haqli-olmaq\\\/\"},\"author\":{\"name\":\"user-manager\",\"@id\":\"https:\\\/\\\/www.meydan.tv\\\/az\\\/#\\\/schema\\\/person\\\/10d11eccf6da3662cf5fdab9806ea91a\"},\"headline\":\"Haql\u0131 olmaq\",\"datePublished\":\"2016-02-09T21:36:45+00:00\",\"mainEntityOfPage\":{\"@id\":\"https:\\\/\\\/www.meydan.tv\\\/az\\\/article\\\/haqli-olmaq\\\/\"},\"wordCount\":1419,\"publisher\":{\"@id\":\"https:\\\/\\\/www.meydan.tv\\\/az\\\/#organization\"},\"image\":{\"@id\":\"https:\\\/\\\/www.meydan.tv\\\/az\\\/article\\\/haqli-olmaq\\\/#primaryimage\"},\"thumbnailUrl\":\"https:\\\/\\\/www.meydan.tv\\\/wp-content\\\/uploads\\\/17954.jpg\",\"articleSection\":[\"M\u0259nim Fikrimc\u0259\"],\"inLanguage\":\"az\"},{\"@type\":\"WebPage\",\"@id\":\"https:\\\/\\\/www.meydan.tv\\\/az\\\/article\\\/haqli-olmaq\\\/\",\"url\":\"https:\\\/\\\/www.meydan.tv\\\/az\\\/article\\\/haqli-olmaq\\\/\",\"name\":\"Haql\u0131 olmaq - MEYDAN.TV\",\"isPartOf\":{\"@id\":\"https:\\\/\\\/www.meydan.tv\\\/az\\\/#website\"},\"primaryImageOfPage\":{\"@id\":\"https:\\\/\\\/www.meydan.tv\\\/az\\\/article\\\/haqli-olmaq\\\/#primaryimage\"},\"image\":{\"@id\":\"https:\\\/\\\/www.meydan.tv\\\/az\\\/article\\\/haqli-olmaq\\\/#primaryimage\"},\"thumbnailUrl\":\"https:\\\/\\\/www.meydan.tv\\\/wp-content\\\/uploads\\\/17954.jpg\",\"datePublished\":\"2016-02-09T21:36:45+00:00\",\"breadcrumb\":{\"@id\":\"https:\\\/\\\/www.meydan.tv\\\/az\\\/article\\\/haqli-olmaq\\\/#breadcrumb\"},\"inLanguage\":\"az\",\"potentialAction\":[{\"@type\":\"ReadAction\",\"target\":[\"https:\\\/\\\/www.meydan.tv\\\/az\\\/article\\\/haqli-olmaq\\\/\"]}]},{\"@type\":\"ImageObject\",\"inLanguage\":\"az\",\"@id\":\"https:\\\/\\\/www.meydan.tv\\\/az\\\/article\\\/haqli-olmaq\\\/#primaryimage\",\"url\":\"https:\\\/\\\/www.meydan.tv\\\/wp-content\\\/uploads\\\/17954.jpg\",\"contentUrl\":\"https:\\\/\\\/www.meydan.tv\\\/wp-content\\\/uploads\\\/17954.jpg\",\"width\":400,\"height\":400,\"caption\":\"Source:\"},{\"@type\":\"BreadcrumbList\",\"@id\":\"https:\\\/\\\/www.meydan.tv\\\/az\\\/article\\\/haqli-olmaq\\\/#breadcrumb\",\"itemListElement\":[{\"@type\":\"ListItem\",\"position\":1,\"name\":\"Ana s\u0259hif\u0259\",\"item\":\"https:\\\/\\\/www.meydan.tv\\\/az\\\/\"},{\"@type\":\"ListItem\",\"position\":2,\"name\":\"M\u0259nim Fikrimc\u0259\",\"item\":\"https:\\\/\\\/www.meydan.tv\\\/az\\\/section\\\/menim-fikrimce\\\/\"},{\"@type\":\"ListItem\",\"position\":3,\"name\":\"Haql\u0131 olmaq\"}]},{\"@type\":\"WebSite\",\"@id\":\"https:\\\/\\\/www.meydan.tv\\\/az\\\/#website\",\"url\":\"https:\\\/\\\/www.meydan.tv\\\/az\\\/\",\"name\":\"MEYDAN.TV\",\"description\":\"Meydan TV Az\u0259rbaycan\u0131n media m\u0259kan\u0131ndak\u0131 alternativ s\u0259sidir\",\"publisher\":{\"@id\":\"https:\\\/\\\/www.meydan.tv\\\/az\\\/#organization\"},\"potentialAction\":[{\"@type\":\"SearchAction\",\"target\":{\"@type\":\"EntryPoint\",\"urlTemplate\":\"https:\\\/\\\/www.meydan.tv\\\/az\\\/?s={search_term_string}\"},\"query-input\":{\"@type\":\"PropertyValueSpecification\",\"valueRequired\":true,\"valueName\":\"search_term_string\"}}],\"inLanguage\":\"az\"},{\"@type\":\"Organization\",\"@id\":\"https:\\\/\\\/www.meydan.tv\\\/az\\\/#organization\",\"name\":\"Meydan TV\",\"url\":\"https:\\\/\\\/www.meydan.tv\\\/az\\\/\",\"logo\":{\"@type\":\"ImageObject\",\"inLanguage\":\"az\",\"@id\":\"https:\\\/\\\/www.meydan.tv\\\/az\\\/#\\\/schema\\\/logo\\\/image\\\/\",\"url\":\"https:\\\/\\\/www.meydan.tv\\\/wp-content\\\/uploads\\\/2021\\\/07\\\/meydan-logo.svg\",\"contentUrl\":\"https:\\\/\\\/www.meydan.tv\\\/wp-content\\\/uploads\\\/2021\\\/07\\\/meydan-logo.svg\",\"width\":195,\"height\":46,\"caption\":\"Meydan TV\"},\"image\":{\"@id\":\"https:\\\/\\\/www.meydan.tv\\\/az\\\/#\\\/schema\\\/logo\\\/image\\\/\"}},{\"@type\":\"Person\",\"@id\":\"https:\\\/\\\/www.meydan.tv\\\/az\\\/#\\\/schema\\\/person\\\/10d11eccf6da3662cf5fdab9806ea91a\",\"name\":\"user-manager\"}]}<\/script>\n<!-- \/ Yoast SEO plugin. -->","yoast_head_json":{"title":"Haql\u0131 olmaq - MEYDAN.TV","robots":{"index":"index","follow":"follow","max-snippet":"max-snippet:-1","max-image-preview":"max-image-preview:large","max-video-preview":"max-video-preview:-1"},"canonical":"https:\/\/www.meydan.tv\/az\/article\/haqli-olmaq\/","og_locale":"az_AZ","og_type":"article","og_title":"Haql\u0131 olmaq - MEYDAN.TV","og_description":"Bu \u00f6n\u0259mlidir, yoxsa d\u00fczg\u00fcn yolu tapmaq?","og_url":"https:\/\/www.meydan.tv\/az\/article\/haqli-olmaq\/","og_site_name":"MEYDAN.TV","article_published_time":"2016-02-09T21:36:45+00:00","og_image":[{"width":400,"height":400,"url":"https:\/\/www.meydan.tv\/wp-content\/uploads\/17954.jpg","type":"image\/jpeg"}],"author":"user-manager","twitter_card":"summary_large_image","schema":{"@context":"https:\/\/schema.org","@graph":[{"@type":"Article","@id":"https:\/\/www.meydan.tv\/az\/article\/haqli-olmaq\/#article","isPartOf":{"@id":"https:\/\/www.meydan.tv\/az\/article\/haqli-olmaq\/"},"author":{"name":"user-manager","@id":"https:\/\/www.meydan.tv\/az\/#\/schema\/person\/10d11eccf6da3662cf5fdab9806ea91a"},"headline":"Haql\u0131 olmaq","datePublished":"2016-02-09T21:36:45+00:00","mainEntityOfPage":{"@id":"https:\/\/www.meydan.tv\/az\/article\/haqli-olmaq\/"},"wordCount":1419,"publisher":{"@id":"https:\/\/www.meydan.tv\/az\/#organization"},"image":{"@id":"https:\/\/www.meydan.tv\/az\/article\/haqli-olmaq\/#primaryimage"},"thumbnailUrl":"https:\/\/www.meydan.tv\/wp-content\/uploads\/17954.jpg","articleSection":["M\u0259nim Fikrimc\u0259"],"inLanguage":"az"},{"@type":"WebPage","@id":"https:\/\/www.meydan.tv\/az\/article\/haqli-olmaq\/","url":"https:\/\/www.meydan.tv\/az\/article\/haqli-olmaq\/","name":"Haql\u0131 olmaq - MEYDAN.TV","isPartOf":{"@id":"https:\/\/www.meydan.tv\/az\/#website"},"primaryImageOfPage":{"@id":"https:\/\/www.meydan.tv\/az\/article\/haqli-olmaq\/#primaryimage"},"image":{"@id":"https:\/\/www.meydan.tv\/az\/article\/haqli-olmaq\/#primaryimage"},"thumbnailUrl":"https:\/\/www.meydan.tv\/wp-content\/uploads\/17954.jpg","datePublished":"2016-02-09T21:36:45+00:00","breadcrumb":{"@id":"https:\/\/www.meydan.tv\/az\/article\/haqli-olmaq\/#breadcrumb"},"inLanguage":"az","potentialAction":[{"@type":"ReadAction","target":["https:\/\/www.meydan.tv\/az\/article\/haqli-olmaq\/"]}]},{"@type":"ImageObject","inLanguage":"az","@id":"https:\/\/www.meydan.tv\/az\/article\/haqli-olmaq\/#primaryimage","url":"https:\/\/www.meydan.tv\/wp-content\/uploads\/17954.jpg","contentUrl":"https:\/\/www.meydan.tv\/wp-content\/uploads\/17954.jpg","width":400,"height":400,"caption":"Source:"},{"@type":"BreadcrumbList","@id":"https:\/\/www.meydan.tv\/az\/article\/haqli-olmaq\/#breadcrumb","itemListElement":[{"@type":"ListItem","position":1,"name":"Ana s\u0259hif\u0259","item":"https:\/\/www.meydan.tv\/az\/"},{"@type":"ListItem","position":2,"name":"M\u0259nim Fikrimc\u0259","item":"https:\/\/www.meydan.tv\/az\/section\/menim-fikrimce\/"},{"@type":"ListItem","position":3,"name":"Haql\u0131 olmaq"}]},{"@type":"WebSite","@id":"https:\/\/www.meydan.tv\/az\/#website","url":"https:\/\/www.meydan.tv\/az\/","name":"MEYDAN.TV","description":"Meydan TV Az\u0259rbaycan\u0131n media m\u0259kan\u0131ndak\u0131 alternativ s\u0259sidir","publisher":{"@id":"https:\/\/www.meydan.tv\/az\/#organization"},"potentialAction":[{"@type":"SearchAction","target":{"@type":"EntryPoint","urlTemplate":"https:\/\/www.meydan.tv\/az\/?s={search_term_string}"},"query-input":{"@type":"PropertyValueSpecification","valueRequired":true,"valueName":"search_term_string"}}],"inLanguage":"az"},{"@type":"Organization","@id":"https:\/\/www.meydan.tv\/az\/#organization","name":"Meydan TV","url":"https:\/\/www.meydan.tv\/az\/","logo":{"@type":"ImageObject","inLanguage":"az","@id":"https:\/\/www.meydan.tv\/az\/#\/schema\/logo\/image\/","url":"https:\/\/www.meydan.tv\/wp-content\/uploads\/2021\/07\/meydan-logo.svg","contentUrl":"https:\/\/www.meydan.tv\/wp-content\/uploads\/2021\/07\/meydan-logo.svg","width":195,"height":46,"caption":"Meydan TV"},"image":{"@id":"https:\/\/www.meydan.tv\/az\/#\/schema\/logo\/image\/"}},{"@type":"Person","@id":"https:\/\/www.meydan.tv\/az\/#\/schema\/person\/10d11eccf6da3662cf5fdab9806ea91a","name":"user-manager"}]}},"_links":{"self":[{"href":"https:\/\/www.meydan.tv\/az\/wp-json\/wp\/v2\/posts\/173496","targetHints":{"allow":["GET"]}}],"collection":[{"href":"https:\/\/www.meydan.tv\/az\/wp-json\/wp\/v2\/posts"}],"about":[{"href":"https:\/\/www.meydan.tv\/az\/wp-json\/wp\/v2\/types\/post"}],"author":[{"embeddable":true,"href":"https:\/\/www.meydan.tv\/az\/wp-json\/wp\/v2\/users\/11"}],"replies":[{"embeddable":true,"href":"https:\/\/www.meydan.tv\/az\/wp-json\/wp\/v2\/comments?post=173496"}],"version-history":[{"count":0,"href":"https:\/\/www.meydan.tv\/az\/wp-json\/wp\/v2\/posts\/173496\/revisions"}],"wp:featuredmedia":[{"embeddable":true,"href":"https:\/\/www.meydan.tv\/az\/wp-json\/wp\/v2\/media\/47851"}],"wp:attachment":[{"href":"https:\/\/www.meydan.tv\/az\/wp-json\/wp\/v2\/media?parent=173496"}],"wp:term":[{"taxonomy":"category","embeddable":true,"href":"https:\/\/www.meydan.tv\/az\/wp-json\/wp\/v2\/categories?post=173496"},{"taxonomy":"post_tag","embeddable":true,"href":"https:\/\/www.meydan.tv\/az\/wp-json\/wp\/v2\/tags?post=173496"}],"curies":[{"name":"wp","href":"https:\/\/api.w.org\/{rel}","templated":true}]}}