{"id":173422,"date":"2016-02-06T21:02:18","date_gmt":"2016-02-06T21:02:18","guid":{"rendered":"https:\/\/www.meydan.tv\/article\/xof\/"},"modified":"2016-02-06T21:02:18","modified_gmt":"2016-02-06T21:02:18","slug":"xof","status":"publish","type":"post","link":"https:\/\/www.meydan.tv\/az\/article\/xof\/","title":{"rendered":"Xof"},"content":{"rendered":"<figure class=\"wp-block-image size-large\">\n  <img decoding=\"async\" src=\"https:\/\/www.meydan.tv\/az\/orxan-adigozel\/\" alt=\"Orxan Ad\u0131g\u00f6z\u0259l\" class=\"wp-image-47490\"\/><figcaption>\n    Orxan Ad\u0131g\u00f6z\u0259l<br \/>\n  <\/figcaption><\/figure>\n<figure class=\"wp-block-image size-large\">\n  <img decoding=\"async\" src=\"https:\/\/www.meydan.tv\/az\/orxan-adigozel-banner\/\" alt=\"Orxan Ad\u0131g\u00f6z\u0259l-Banner\" class=\"wp-image-47493\"\/><figcaption><\/figcaption><\/figure>\n<p>\n  <br \/>\n  Bir ax\u015fam \u015f\u0259h\u0259rin m\u0259rk\u0259zind\u0259n ev\u0259 d\u00f6n\u0259rk\u0259n binam\u0131z\u0131n \u00f6n\u00fcnd\u0259n ke\u00e7\u0259n cavan bir o\u011flandan xahi\u015f etdim ki, m\u0259n\u0259 k\u00f6m\u0259k etsin. \u018flil arabas\u0131ndan istifad\u0259 etdiyim \u00fc\u00e7\u00fcn Sovet vaxt\u0131 in\u015fa olunan qeyri-m\u00fc\u0259ss\u0259r infrastruktura malik binaya s\u0259rb\u0259st daxil olma\u011f\u0131m v\u0259 \u00e7\u0131xma\u011f\u0131m m\u00fc\u015fk\u00fcl m\u0259s\u0259l\u0259dir. H\u0259r zaman ya\u015fad\u0131\u011f\u0131m ev\u0259 giri\u015f-\u00e7\u0131x\u0131\u015f\u0131m m\u00fctl\u0259q kimins\u0259 fiziki d\u0259st\u0259yi il\u0259 ba\u015f verir. M\u0259n d\u0259 h\u0259r d\u0259f\u0259 bel\u0259 \u201cunikal\u201d h\u0259yat t\u0259rzin\u0259 g\u00f6r\u0259 Sovet qurulu\u015funu adekvat olaraq el\u0259 \u0259n unikal s\u00f6y\u00fc\u015fl\u0259rl\u0259 yad edir\u0259m.\n<\/p>\n<p>\n  Cavan o\u011flandan k\u00f6m\u0259k ist\u0259yim \u00e7ar\u0259sizlikd\u0259n oldu. H\u0259min g\u00fcn valideynl\u0259rim evd\u0259 yox idi. Yoxsa yad adamlara z\u0259hm\u0259t verm\u0259yi xo\u015flam\u0131ram. 22-24 ya\u015f aras\u0131 g\u0259nc can-ba\u015fla m\u0259ni qap\u0131m\u0131za q\u0259d\u0259r m\u00fc\u015fayi\u0259t el\u0259di. Arabamla t\u0259kba\u015f\u0131na adlaya bilm\u0259y\u0259c\u0259yim mane\u0259l\u0259rd\u0259n ke\u00e7irdi. Liftd\u0259 6-c\u0131 m\u0259rt\u0259b\u0259y\u0259 qalxana q\u0259d\u0259r tan\u0131\u015f olduq. M\u0259nd\u0259n soru\u015fdu ki, video-blogger Mehman H\u00fcseynovla birg\u0259 avtobusun qar\u015f\u0131s\u0131n\u0131 alan o\u011flan deyils\u0259n?\n<\/p>\n<p>\n  Dedim ki, h\u0259min o\u011flanam. Sonra yen\u0259 soru\u015fdu ki, Mehman yeni videolar \u00e7\u0259kib, yerl\u0259\u015fdirir \u00f6z facebook s\u0259hif\u0259sin\u0259? M\u0259n d\u0259 o\u011flandan soru\u015fdum ki, \u00f6z\u00fc daha izl\u0259mir? Cavab verdi ki, \u201cYox, bir d\u00f6vl\u0259t kollecind\u0259 t\u0259hsil al\u0131ram. El\u0259 \u015feyl\u0259r izl\u0259y\u0259 bilm\u0259r\u0259m\u201d. Qap\u0131n\u0131n a\u011fz\u0131na \u00e7atanda t\u0259\u015f\u0259kk\u00fcr etdim, i\u00e7\u0259ri ke\u00e7ib, \u00e7ay i\u00e7m\u0259yi t\u0259klif el\u0259dim. \u00dcz\u00fcnd\u0259 t\u0259\u015fvi\u015f v\u0259 h\u0259y\u0259can ifad\u0259si il\u0259 \u201cYox-yox, sa\u011f ol. H\u0259l\u0259 s\u0259ninl\u0259 bura q\u0259d\u0259r g\u0259lm\u0259yim t\u0259hl\u00fck\u0259lidir. S\u0259n m\u00fcxalif\u0259t\u00e7is\u0259n, m\u0259n kollecd\u0259n qovulmaq ist\u0259mir\u0259m\u201d dedi v\u0259 iti add\u0131mlarla pill\u0259kanlarla a\u015fa\u011f\u0131 d\u00fc\u015fd\u00fc.\n<\/p>\n<p>\n  \u00d6z-\u00f6z\u00fcm\u0259 g\u00fclm\u0259y\u0259 ba\u015flad\u0131m. Qap\u0131n\u0131n a\u011fz\u0131nda dayan\u0131b h\u0259min s\u00f6zl\u0259rin m\u0259nas\u0131n\u0131 d\u0259rk etm\u0259y\u0259 \u00e7al\u0131\u015f\u0131rd\u0131m. \u018fslind\u0259 g\u00fclm\u0259yim t\u0259\u0259cc\u00fcb\u00fcn yaratd\u0131\u011f\u0131 ki\u00e7ik \u015fokun t\u0259zah\u00fcr\u00fc idi. \u00d6z\u00fcm\u00fc bir anl\u0131q Suriyada hakimiyy\u0259t\u0259 qar\u015f\u0131 vuru\u015fan m\u00fcxalif\u0259t liderl\u0259rind\u0259n biri kimi t\u0259s\u0259vv\u00fcr etdim. Sonra d\u00fc\u015f\u00fcnd\u00fcm ki, b\u0259lk\u0259 yad\u0131mdan \u00e7\u0131x\u0131b, son prezident se\u00e7kisi vaxt\u0131 Milli \u015euran\u0131n s\u0259drliyini etmi\u015f v\u0259 mitinql\u0259rd\u0259 odlu-alovlu \u00e7\u0131x\u0131\u015flar\u0131 m\u0259n etmi\u015fdim?\n<\/p>\n<p>\n  Bu hadis\u0259 MTN \u0259traf\u0131nda ba\u015f ver\u0259n son olaylardan \u00f6nc\u0259 ba\u015f vermi\u015fdi..\n<\/p>\n<p>\n  Xat\u0131rlad\u0131m ki, m\u0259n m\u00fcxalif\u0259t\u00e7i deyil\u0259m, he\u00e7 bir siyasi t\u0259\u015fkilat\u0131n \u00fczv\u00fc d\u0259 deyil\u0259m. Sad\u0259c\u0259, v\u0259t\u0259nda\u015fam. T\u0259bii olaraq da, v\u0259t\u0259nda\u015f m\u00f6vqeyin\u0259 sahib\u0259m. M\u0259n \u201cpaytaxt sakini\u201d deyil\u0259m. \u201cPaytaxt sakini\u201d bu \u00f6lk\u0259d\u0259 sanki kiray\u0259d\u0259 qalan, h\u0259r \u015fey\u0259 g\u00f6z yuman, haqq\u0131n\u0131 t\u0259l\u0259b etm\u0259y\u0259n, h\u00fcquqlar\u0131ndan x\u0259b\u0259rsiz, ba\u015f\u0131n\u0131 a\u015fa\u011f\u0131 dikib, \u201cbir tik\u0259 \u00e7\u00f6r\u0259k\u201d sevdal\u0131s\u0131 olan \u015f\u0259xs\u0259 deyilir. V\u0259t\u0259nda\u015f is\u0259 haqs\u0131zl\u0131\u011fa seyrci qalm\u0131r, m\u00fczakir\u0259 edir, fikirini bildirir. T\u0259l\u0259b edir, dart\u0131\u015f\u0131r, sor\u011fulay\u0131r.\n<\/p>\n<p>\n  \u0130nsanlar\u0131m\u0131z\u0131n bu q\u0259d\u0259r d\u0259 qorxaq olmas\u0131 anla\u015f\u0131lan deyil. \u00d6lk\u0259d\u0259 azad \u015f\u0259kild\u0259 s\u00f6z\u00fcn\u00fc dediyi \u00fc\u00e7\u00fcn tutulan \u015f\u0259xsl\u0259r var. Amma bizim \u00f6lk\u0259 \u015eimali Koreya da deyil. Bir \u00e7ox hallarda konstitusion v\u0259 dig\u0259r haqlar\u0131m\u0131 t\u0259l\u0259b edib, ist\u0259yim\u0259 normal \u015f\u0259kild\u0259 \u00e7atm\u0131\u015fam. \u0130nsanlar\u0131m\u0131z\u0131n \u00e7oxu sad\u0259c\u0259 h\u00fcquqlar\u0131n bilmir v\u0259 bel\u0259 olan halda t\u0259l\u0259bkarl\u0131q n\u00fcmayi\u015find\u0259n s\u00f6hb\u0259t ged\u0259 bilm\u0259z.\n<\/p>\n<p>\n  Beyn\u0259lxalq k\u0259\u015ffiyyat v\u0259 agentura \u0259n maraqland\u0131\u011f\u0131m sah\u0259l\u0259rd\u0259n biridir. SSR\u0130 kimi qapal\u0131 rejiml\u0259r insanlar\u0131 xof i\u00e7ind\u0259 saxlamaq \u00fc\u00e7\u00fcn h\u0259mi\u015f\u0259 \u201cKQB\u201d vasit\u0259si il\u0259 c\u0259miyy\u0259t\u0259 gizlin v\u0259 a\u00e7\u0131q mesajlar \u00f6t\u00fcr\u00fcrd\u00fcl\u0259r ki, sanki onlar\u0131n ham\u0131s\u0131n\u0131 izl\u0259yirl\u0259r. Bu, n\u0259zar\u0259tin bir formas\u0131d\u0131r. Bir ne\u00e7\u0259 il qabaq AB\u015e v\u0259 Avropa aras\u0131nda da eyni problem ya\u015fanm\u0131\u015fd\u0131. Sanki AB\u015e xarici k\u0259\u015ffiyyat\u0131 Avropada gizlin telefon dinl\u0259m\u0259l\u0259ri apar\u0131r. Bu bir m\u00fcdd\u0259t m\u0259tbuat\u0131n \u0259sas x\u0259b\u0259rin\u0259 \u00e7evirilmi\u015fdi. \u018fslind\u0259 bu bir propaqanda n\u00f6v\u00fcd\u00fcr v\u0259 faktiki olaraq h\u0259r k\u0259s \u00fcz\u0259rind\u0259 total dinl\u0259m\u0259 v\u0259 n\u0259zar\u0259t apar\u0131lmas\u0131 real deyil.\n<\/p>\n<p>\n  \u0130ndi bizim insanlar\u0131n da \u015f\u00fcur alt\u0131na h\u0259min xof hakim k\u0259silib. \u00d6lk\u0259d\u0259 problem o q\u0259d\u0259r \u00e7oxdur ki, kiminl\u0259s\u0259 s\u00f6hb\u0259t ed\u0259rk\u0259n ist\u0259r-ist\u0259m\u0259z s\u00f6hb\u0259t g\u0259lib siyas\u0259t\u0259 \u00e7\u0131x\u0131r. Siy\u0259s\u0259t onsuz da h\u0259r yer\u0259 siray\u0259t edir. \u018fg\u0259r ya\u015fad\u0131\u011f\u0131m\u0131z c\u0259miyy\u0259ti \u0259kin sah\u0259si \u0259traf\u0131nda qaz\u0131l\u0131b, haz\u0131rlanm\u0131\u015f kanallara b\u0259nz\u0259ts\u0259k, o zaman \u0259kin sah\u0259sinin k\u0259nar\u0131nda yerl\u0259\u015f\u0259n axar \u00e7ay\u0131 \u00f6lk\u0259mizd\u0259 siyas\u0259ti formala\u015fd\u0131ran \u0259sas struktur v\u0259 orqan saymaq olar. H\u0259r d\u0259f\u0259 suvar\u0131lma vaxt\u0131 qaz\u0131lm\u0131\u015f kanal vasit\u0259sil\u0259 \u00e7ay\u0131n suyu \u0259kin sah\u0259sin\u0259 do\u011fru ir\u0259lil\u0259yir v\u0259 oralar\u0131 laz\u0131mi su il\u0259 t\u0259min edir. Y\u0259ni siyas\u0259t qa\u00e7\u0131lmazd\u0131r.\n<\/p>\n<p>\n  Sosial \u015f\u0259b\u0259k\u0259l\u0259rd\u0259 v\u0259 eyni il\u0259 real h\u0259yatda h\u00f6kum\u0259t\u0259 \u0259n ki\u00e7ik irad bildir\u0259n \u015f\u0259xs\u0259 k\u0259nardan \u0259ks r\u0259y g\u0259lir ki, \u201camand\u0131r bel\u0259 dan\u0131\u015fma, g\u0259lib s\u0259ni apararlar\u201d. Niy\u0259 ax\u0131? M\u0259nim s\u00f6z haqq\u0131m var. \u0130ndiki durumda bir az populist s\u0259sl\u0259nm\u0259sin, amma ax bu \u00f6lk\u0259 d\u0259, d\u00f6vl\u0259t d\u0259 m\u0259nimdir. D\u00f6vl\u0259timin, \u00f6lk\u0259min bu g\u00fcn\u00fcn\u0259, g\u0259l\u0259c\u0259yin\u0259 laqeydmi yana\u015f\u0131m?! Naraz\u0131 insanlar\u0131n say\u0131-hesab\u0131 bilinmir. H\u0259r k\u0259si tutmaq olar?! N\u0259 yax\u015f\u0131 h\u0259l\u0259 MTN kimi reketl\u0259\u015fmi\u015f qurum l\u0259\u011fv olundu. \u0130nsanlar\u0131n qan\u0131na susam\u0131\u015flar indi \u00f6zl\u0259ri h\u0259bsd\u0259 yat\u0131r.\n<\/p>\n<p>\n  <b><br \/>\n    Yaz\u0131 m\u00fc\u0259llifin \u015f\u0259xsi m\u00f6vqeyini \u0259ks etdirir&#8230;<br \/>\n  <\/b><\/p>\n","protected":false},"excerpt":{"rendered":"<p>S\u0259n m\u00fcxalif\u0259t\u00e7is\u0259n, qorxuram<\/p>\n","protected":false},"author":11,"featured_media":47490,"comment_status":"closed","ping_status":"open","sticky":false,"template":"","format":"standard","meta":{"_acf_changed":false,"_sitemap_exclude":false,"_sitemap_priority":"","_sitemap_frequency":"","footnotes":""},"categories":[57],"tags":[],"class_list":["post-173422","post","type-post","status-publish","format-standard","has-post-thumbnail","hentry","category-menim-fikrimce","infinite-scroll-item","generate-columns","tablet-grid-50","mobile-grid-100","grid-parent","grid-33","no-featured-image-padding"],"acf":[],"yoast_head":"<!-- This site is optimized with the Yoast SEO plugin v27.5 - https:\/\/yoast.com\/product\/yoast-seo-wordpress\/ -->\n<title>Xof - MEYDAN.TV<\/title>\n<meta name=\"robots\" content=\"index, follow, max-snippet:-1, max-image-preview:large, max-video-preview:-1\" \/>\n<link rel=\"canonical\" href=\"https:\/\/www.meydan.tv\/az\/article\/xof\/\" \/>\n<meta property=\"og:locale\" content=\"az_AZ\" \/>\n<meta property=\"og:type\" content=\"article\" \/>\n<meta property=\"og:title\" content=\"Xof - MEYDAN.TV\" \/>\n<meta property=\"og:description\" content=\"S\u0259n m\u00fcxalif\u0259t\u00e7is\u0259n, qorxuram\" \/>\n<meta property=\"og:url\" content=\"https:\/\/www.meydan.tv\/az\/article\/xof\/\" \/>\n<meta property=\"og:site_name\" content=\"MEYDAN.TV\" \/>\n<meta property=\"article:published_time\" content=\"2016-02-06T21:02:18+00:00\" \/>\n<meta property=\"og:image\" content=\"https:\/\/www.meydan.tv\/wp-content\/uploads\/17796.jpg\" \/>\n\t<meta property=\"og:image:width\" content=\"500\" \/>\n\t<meta property=\"og:image:height\" content=\"500\" \/>\n\t<meta property=\"og:image:type\" content=\"image\/jpeg\" \/>\n<meta name=\"author\" content=\"user-manager\" \/>\n<meta name=\"twitter:card\" content=\"summary_large_image\" \/>\n<script type=\"application\/ld+json\" class=\"yoast-schema-graph\">{\"@context\":\"https:\\\/\\\/schema.org\",\"@graph\":[{\"@type\":\"Article\",\"@id\":\"https:\\\/\\\/www.meydan.tv\\\/az\\\/article\\\/xof\\\/#article\",\"isPartOf\":{\"@id\":\"https:\\\/\\\/www.meydan.tv\\\/az\\\/article\\\/xof\\\/\"},\"author\":{\"name\":\"user-manager\",\"@id\":\"https:\\\/\\\/www.meydan.tv\\\/az\\\/#\\\/schema\\\/person\\\/10d11eccf6da3662cf5fdab9806ea91a\"},\"headline\":\"Xof\",\"datePublished\":\"2016-02-06T21:02:18+00:00\",\"mainEntityOfPage\":{\"@id\":\"https:\\\/\\\/www.meydan.tv\\\/az\\\/article\\\/xof\\\/\"},\"wordCount\":1075,\"publisher\":{\"@id\":\"https:\\\/\\\/www.meydan.tv\\\/az\\\/#organization\"},\"image\":{\"@id\":\"https:\\\/\\\/www.meydan.tv\\\/az\\\/article\\\/xof\\\/#primaryimage\"},\"thumbnailUrl\":\"https:\\\/\\\/www.meydan.tv\\\/wp-content\\\/uploads\\\/17796.jpg\",\"articleSection\":[\"M\u0259nim Fikrimc\u0259\"],\"inLanguage\":\"az\"},{\"@type\":\"WebPage\",\"@id\":\"https:\\\/\\\/www.meydan.tv\\\/az\\\/article\\\/xof\\\/\",\"url\":\"https:\\\/\\\/www.meydan.tv\\\/az\\\/article\\\/xof\\\/\",\"name\":\"Xof - MEYDAN.TV\",\"isPartOf\":{\"@id\":\"https:\\\/\\\/www.meydan.tv\\\/az\\\/#website\"},\"primaryImageOfPage\":{\"@id\":\"https:\\\/\\\/www.meydan.tv\\\/az\\\/article\\\/xof\\\/#primaryimage\"},\"image\":{\"@id\":\"https:\\\/\\\/www.meydan.tv\\\/az\\\/article\\\/xof\\\/#primaryimage\"},\"thumbnailUrl\":\"https:\\\/\\\/www.meydan.tv\\\/wp-content\\\/uploads\\\/17796.jpg\",\"datePublished\":\"2016-02-06T21:02:18+00:00\",\"breadcrumb\":{\"@id\":\"https:\\\/\\\/www.meydan.tv\\\/az\\\/article\\\/xof\\\/#breadcrumb\"},\"inLanguage\":\"az\",\"potentialAction\":[{\"@type\":\"ReadAction\",\"target\":[\"https:\\\/\\\/www.meydan.tv\\\/az\\\/article\\\/xof\\\/\"]}]},{\"@type\":\"ImageObject\",\"inLanguage\":\"az\",\"@id\":\"https:\\\/\\\/www.meydan.tv\\\/az\\\/article\\\/xof\\\/#primaryimage\",\"url\":\"https:\\\/\\\/www.meydan.tv\\\/wp-content\\\/uploads\\\/17796.jpg\",\"contentUrl\":\"https:\\\/\\\/www.meydan.tv\\\/wp-content\\\/uploads\\\/17796.jpg\",\"width\":500,\"height\":500,\"caption\":\"Source:\"},{\"@type\":\"BreadcrumbList\",\"@id\":\"https:\\\/\\\/www.meydan.tv\\\/az\\\/article\\\/xof\\\/#breadcrumb\",\"itemListElement\":[{\"@type\":\"ListItem\",\"position\":1,\"name\":\"Ana s\u0259hif\u0259\",\"item\":\"https:\\\/\\\/www.meydan.tv\\\/az\\\/\"},{\"@type\":\"ListItem\",\"position\":2,\"name\":\"M\u0259nim Fikrimc\u0259\",\"item\":\"https:\\\/\\\/www.meydan.tv\\\/az\\\/section\\\/menim-fikrimce\\\/\"},{\"@type\":\"ListItem\",\"position\":3,\"name\":\"Xof\"}]},{\"@type\":\"WebSite\",\"@id\":\"https:\\\/\\\/www.meydan.tv\\\/az\\\/#website\",\"url\":\"https:\\\/\\\/www.meydan.tv\\\/az\\\/\",\"name\":\"MEYDAN.TV\",\"description\":\"Meydan TV Az\u0259rbaycan\u0131n media m\u0259kan\u0131ndak\u0131 alternativ s\u0259sidir\",\"publisher\":{\"@id\":\"https:\\\/\\\/www.meydan.tv\\\/az\\\/#organization\"},\"potentialAction\":[{\"@type\":\"SearchAction\",\"target\":{\"@type\":\"EntryPoint\",\"urlTemplate\":\"https:\\\/\\\/www.meydan.tv\\\/az\\\/?s={search_term_string}\"},\"query-input\":{\"@type\":\"PropertyValueSpecification\",\"valueRequired\":true,\"valueName\":\"search_term_string\"}}],\"inLanguage\":\"az\"},{\"@type\":\"Organization\",\"@id\":\"https:\\\/\\\/www.meydan.tv\\\/az\\\/#organization\",\"name\":\"Meydan TV\",\"url\":\"https:\\\/\\\/www.meydan.tv\\\/az\\\/\",\"logo\":{\"@type\":\"ImageObject\",\"inLanguage\":\"az\",\"@id\":\"https:\\\/\\\/www.meydan.tv\\\/az\\\/#\\\/schema\\\/logo\\\/image\\\/\",\"url\":\"https:\\\/\\\/www.meydan.tv\\\/wp-content\\\/uploads\\\/2021\\\/07\\\/meydan-logo.svg\",\"contentUrl\":\"https:\\\/\\\/www.meydan.tv\\\/wp-content\\\/uploads\\\/2021\\\/07\\\/meydan-logo.svg\",\"width\":195,\"height\":46,\"caption\":\"Meydan TV\"},\"image\":{\"@id\":\"https:\\\/\\\/www.meydan.tv\\\/az\\\/#\\\/schema\\\/logo\\\/image\\\/\"}},{\"@type\":\"Person\",\"@id\":\"https:\\\/\\\/www.meydan.tv\\\/az\\\/#\\\/schema\\\/person\\\/10d11eccf6da3662cf5fdab9806ea91a\",\"name\":\"user-manager\"}]}<\/script>\n<!-- \/ Yoast SEO plugin. -->","yoast_head_json":{"title":"Xof - MEYDAN.TV","robots":{"index":"index","follow":"follow","max-snippet":"max-snippet:-1","max-image-preview":"max-image-preview:large","max-video-preview":"max-video-preview:-1"},"canonical":"https:\/\/www.meydan.tv\/az\/article\/xof\/","og_locale":"az_AZ","og_type":"article","og_title":"Xof - MEYDAN.TV","og_description":"S\u0259n m\u00fcxalif\u0259t\u00e7is\u0259n, qorxuram","og_url":"https:\/\/www.meydan.tv\/az\/article\/xof\/","og_site_name":"MEYDAN.TV","article_published_time":"2016-02-06T21:02:18+00:00","og_image":[{"width":500,"height":500,"url":"https:\/\/www.meydan.tv\/wp-content\/uploads\/17796.jpg","type":"image\/jpeg"}],"author":"user-manager","twitter_card":"summary_large_image","schema":{"@context":"https:\/\/schema.org","@graph":[{"@type":"Article","@id":"https:\/\/www.meydan.tv\/az\/article\/xof\/#article","isPartOf":{"@id":"https:\/\/www.meydan.tv\/az\/article\/xof\/"},"author":{"name":"user-manager","@id":"https:\/\/www.meydan.tv\/az\/#\/schema\/person\/10d11eccf6da3662cf5fdab9806ea91a"},"headline":"Xof","datePublished":"2016-02-06T21:02:18+00:00","mainEntityOfPage":{"@id":"https:\/\/www.meydan.tv\/az\/article\/xof\/"},"wordCount":1075,"publisher":{"@id":"https:\/\/www.meydan.tv\/az\/#organization"},"image":{"@id":"https:\/\/www.meydan.tv\/az\/article\/xof\/#primaryimage"},"thumbnailUrl":"https:\/\/www.meydan.tv\/wp-content\/uploads\/17796.jpg","articleSection":["M\u0259nim Fikrimc\u0259"],"inLanguage":"az"},{"@type":"WebPage","@id":"https:\/\/www.meydan.tv\/az\/article\/xof\/","url":"https:\/\/www.meydan.tv\/az\/article\/xof\/","name":"Xof - MEYDAN.TV","isPartOf":{"@id":"https:\/\/www.meydan.tv\/az\/#website"},"primaryImageOfPage":{"@id":"https:\/\/www.meydan.tv\/az\/article\/xof\/#primaryimage"},"image":{"@id":"https:\/\/www.meydan.tv\/az\/article\/xof\/#primaryimage"},"thumbnailUrl":"https:\/\/www.meydan.tv\/wp-content\/uploads\/17796.jpg","datePublished":"2016-02-06T21:02:18+00:00","breadcrumb":{"@id":"https:\/\/www.meydan.tv\/az\/article\/xof\/#breadcrumb"},"inLanguage":"az","potentialAction":[{"@type":"ReadAction","target":["https:\/\/www.meydan.tv\/az\/article\/xof\/"]}]},{"@type":"ImageObject","inLanguage":"az","@id":"https:\/\/www.meydan.tv\/az\/article\/xof\/#primaryimage","url":"https:\/\/www.meydan.tv\/wp-content\/uploads\/17796.jpg","contentUrl":"https:\/\/www.meydan.tv\/wp-content\/uploads\/17796.jpg","width":500,"height":500,"caption":"Source:"},{"@type":"BreadcrumbList","@id":"https:\/\/www.meydan.tv\/az\/article\/xof\/#breadcrumb","itemListElement":[{"@type":"ListItem","position":1,"name":"Ana s\u0259hif\u0259","item":"https:\/\/www.meydan.tv\/az\/"},{"@type":"ListItem","position":2,"name":"M\u0259nim Fikrimc\u0259","item":"https:\/\/www.meydan.tv\/az\/section\/menim-fikrimce\/"},{"@type":"ListItem","position":3,"name":"Xof"}]},{"@type":"WebSite","@id":"https:\/\/www.meydan.tv\/az\/#website","url":"https:\/\/www.meydan.tv\/az\/","name":"MEYDAN.TV","description":"Meydan TV Az\u0259rbaycan\u0131n media m\u0259kan\u0131ndak\u0131 alternativ s\u0259sidir","publisher":{"@id":"https:\/\/www.meydan.tv\/az\/#organization"},"potentialAction":[{"@type":"SearchAction","target":{"@type":"EntryPoint","urlTemplate":"https:\/\/www.meydan.tv\/az\/?s={search_term_string}"},"query-input":{"@type":"PropertyValueSpecification","valueRequired":true,"valueName":"search_term_string"}}],"inLanguage":"az"},{"@type":"Organization","@id":"https:\/\/www.meydan.tv\/az\/#organization","name":"Meydan TV","url":"https:\/\/www.meydan.tv\/az\/","logo":{"@type":"ImageObject","inLanguage":"az","@id":"https:\/\/www.meydan.tv\/az\/#\/schema\/logo\/image\/","url":"https:\/\/www.meydan.tv\/wp-content\/uploads\/2021\/07\/meydan-logo.svg","contentUrl":"https:\/\/www.meydan.tv\/wp-content\/uploads\/2021\/07\/meydan-logo.svg","width":195,"height":46,"caption":"Meydan TV"},"image":{"@id":"https:\/\/www.meydan.tv\/az\/#\/schema\/logo\/image\/"}},{"@type":"Person","@id":"https:\/\/www.meydan.tv\/az\/#\/schema\/person\/10d11eccf6da3662cf5fdab9806ea91a","name":"user-manager"}]}},"_links":{"self":[{"href":"https:\/\/www.meydan.tv\/az\/wp-json\/wp\/v2\/posts\/173422","targetHints":{"allow":["GET"]}}],"collection":[{"href":"https:\/\/www.meydan.tv\/az\/wp-json\/wp\/v2\/posts"}],"about":[{"href":"https:\/\/www.meydan.tv\/az\/wp-json\/wp\/v2\/types\/post"}],"author":[{"embeddable":true,"href":"https:\/\/www.meydan.tv\/az\/wp-json\/wp\/v2\/users\/11"}],"replies":[{"embeddable":true,"href":"https:\/\/www.meydan.tv\/az\/wp-json\/wp\/v2\/comments?post=173422"}],"version-history":[{"count":0,"href":"https:\/\/www.meydan.tv\/az\/wp-json\/wp\/v2\/posts\/173422\/revisions"}],"wp:featuredmedia":[{"embeddable":true,"href":"https:\/\/www.meydan.tv\/az\/wp-json\/wp\/v2\/media\/47490"}],"wp:attachment":[{"href":"https:\/\/www.meydan.tv\/az\/wp-json\/wp\/v2\/media?parent=173422"}],"wp:term":[{"taxonomy":"category","embeddable":true,"href":"https:\/\/www.meydan.tv\/az\/wp-json\/wp\/v2\/categories?post=173422"},{"taxonomy":"post_tag","embeddable":true,"href":"https:\/\/www.meydan.tv\/az\/wp-json\/wp\/v2\/tags?post=173422"}],"curies":[{"name":"wp","href":"https:\/\/api.w.org\/{rel}","templated":true}]}}