{"id":173395,"date":"2016-02-05T17:15:20","date_gmt":"2016-02-05T17:15:20","guid":{"rendered":"https:\/\/www.meydan.tv\/article\/xalqi-soymek-neden-xeber-verir\/"},"modified":"2016-02-05T17:15:20","modified_gmt":"2016-02-05T17:15:20","slug":"xalqi-soymek-neden-xeber-verir","status":"publish","type":"post","link":"https:\/\/www.meydan.tv\/az\/article\/xalqi-soymek-neden-xeber-verir\/","title":{"rendered":"Xalq\u0131 s\u00f6ym\u0259k n\u0259d\u0259n x\u0259b\u0259r verir?"},"content":{"rendered":"<figure class=\"wp-block-image size-large\">\n  <img decoding=\"async\" src=\"https:\/\/www.meydan.tv\/az\/47382\/\" alt=\"\" class=\"wp-image-47382\"\/><figcaption><\/figcaption><\/figure>\n<figure class=\"wp-block-image size-large\">\n  <img decoding=\"async\" src=\"https:\/\/www.meydan.tv\/az\/47367\/\" alt=\"\" class=\"wp-image-47367\"\/><figcaption><\/figcaption><\/figure>\n<p>\n  Xalqa m\u00fcnasib\u0259t v\u0259 ya xalq\u0131 s\u00f6ym\u0259y\u0259 m\u00fcnasib\u0259t m\u0259s\u0259l\u0259sind\u0259 son zamanlar m\u00fcbahis\u0259l\u0259r q\u0131z\u0131\u015f\u0131b (\u0259n az\u0131 m\u0259n g\u00f6rd\u00fcy\u00fcm dair\u0259d\u0259). Kimi Nits\u015fenin \u201calman xalq\u0131 donuzdur\u201d ifad\u0259sind\u0259n yap\u0131\u015f\u0131r, kimi k\u0259r k\u0259sin Nits\u015fe ola bilm\u0259y\u0259c\u0259yini dey\u0259r\u0259k, x\u00fcsusi adamlar\u0131 xalq\u0131 s\u00f6ym\u0259y\u0259 layiq bilir, kimi xalq\u0131 s\u00f6ym\u0259yin rejim\u0259 yard\u0131m oldu\u011funu deyir, kimi d\u0259 maarif\u00e7ilikl\u0259 h\u0259r \u015feyin h\u0259ll oluna bil\u0259c\u0259yini iddia ed\u0259r\u0259k, xalq\u0131 s\u00f6ym\u0259y\u0259 dolay\u0131 haqq qazand\u0131r\u0131r v\u0259 s..\n<\/p>\n<p>\n  B\u00fct\u00fcn bu m\u00f6vqel\u0259rd\u0259 m\u0259n 2 m\u0259s\u0259l\u0259nin qar\u0131\u015fd\u0131r\u0131ld\u0131\u011f\u0131n\u0131 g\u00f6r\u00fcr\u0259m:\n<\/p>\n<p>\n  1. Xalq\u0131 xo\u015f niyy\u0259tl\u0259 s\u00f6ym\u0259k;\n<\/p>\n<p>\n  2. Xalq\u0131 ittiham etm\u0259k v\u0259 ya h\u0259r \u015feyin t\u0259qsirkar\u0131 kimi xalq\u0131 g\u00f6rm\u0259k.\n<\/p>\n<p>\n  Birinci halda m\u0259qs\u0259d insanlar\u0131 d\u0259yi\u015fdirm\u0259kdir, bu xalq\u0131n g\u00fcn\u00fcn\u0259 a\u011flamaqd\u0131r. \u201cMolla N\u0259sr\u0259ddin\u201d d\u0259 bunu edib, dig\u0259r ziyal\u0131lar\u0131m\u0131z da. \u00dcr\u0259yi yana-yana \u201cqadan al\u0131m, tupoyluq el\u0259m\u0259\u201d dem\u0259y\u0259 ox\u015fay\u0131r bu. Bu s\u00f6y\u00fc\u015f ziyal\u0131n\u0131n borcudur v\u0259 h\u0259mi\u015f\u0259 z\u0259ruridir (\u018flb\u0259tt\u0259, s\u00f6ym\u0259k burada geni\u015f anlamdad\u0131r, m\u0259s\u0259l\u0259 t\u0259kc\u0259 cinsi \u0259laq\u0259nin m\u00fcxt\u0259lif pozalar\u0131n\u0131 n\u0259z\u0259rd\u0259 tutan t\u0259hqiredici ifad\u0259l\u0259rd\u0259n getmir).\n<\/p>\n<p>\n  Bir d\u0259 ikinci m\u0259s\u0259l\u0259 var \u2013 niyy\u0259t xalq\u0131 xilas etm\u0259k, normal qurulu\u015f yaratmaq, islahat v\u0259 ya inqilab etm\u0259k deyil. Niyy\u0259t m\u00fcxt\u0259lifdir \u2013 eqosunu t\u0259min etm\u0259k, \u0259s\u0259bini t\u00f6km\u0259k, q\u0131z tutmaq, \u00f6z\u00fcn\u00fcn ari irq\u0259 m\u0259nsub oldu\u011funu g\u00f6st\u0259rm\u0259k&#8230; Stop. Bu sonuncu m\u0259s\u0259l\u0259 m\u0259nim daha \u00e7ox rast\u0131ma \u00e7\u0131x\u0131r dey\u0259, bu haqda dan\u0131\u015fmaq ist\u0259yir\u0259m.\n<\/p>\n<p>\n  Fikri d\u0259yi\u015fm\u0259kl\u0259 z\u00f6vq\u00fc d\u0259yi\u015fm\u0259k f\u0259rqli \u015feyl\u0259rdir. Z\u00f6vq daha d\u0259rin\u0259 i\u015fl\u0259yir dey\u0259, onu d\u0259yi\u015fm\u0259k daha \u00e7\u0259tindir. M\u0259s\u0259l\u0259n, bir n\u0259f\u0259r d\u00f6y\u00fc\u015f filml\u0259rind\u0259n z\u00f6vq al\u0131r. Rembo, \u00c7ak Norris, Terminator-filan. Sonra ba\u015fqalar\u0131ndan filmin keyfiyy\u0259ti, ver\u0259 bil\u0259c\u0259yi mesaj, inc\u0259s\u0259n\u0259t v\u0259 s. haqda s\u00f6hb\u0259tl\u0259r e\u015fidir, m\u0259ntiqi olaraq, a\u011fl\u0131na bat\u0131r v\u0259 q\u0259rara g\u0259lir ki, s\u0259viyy\u0259li filml\u0259r\u0259 baxs\u0131n.\n<\/p>\n<p>\n  Oturub \u201cH\u0259yat g\u00f6z\u0259ldir\u201d\u0259, \u201cPianist\u201d\u0259, \u201cDanimarkal\u0131 q\u0131z\u201da, \u201cBalaca \u015fahzad\u0259\u201dy\u0259 bax\u0131r. S\u00f6hb\u0259ti o q\u0259d\u0259r d\u0259 tuta bilmir. Amma rasional olaraq, \u00f6z\u00fcn\u00fc m\u0259cbur edib bu stild\u0259 davam edir. Art\u0131q bu adam fikrini d\u0259yi\u015fib, z\u00f6vq\u00fcn\u0259 uy\u011fun olmayan \u015feyl\u0259r\u0259 bax\u0131r. Get-ged\u0259 z\u00f6vq\u00fcn\u00fc d\u0259 formala\u015fd\u0131r\u0131r. Bir g\u00fcn d\u0259 el\u0259 v\u0259ziyy\u0259t\u0259 \u00e7at\u0131r ki, Terminator, Rembo onun z\u00f6vq\u00fcn\u00fc d\u0259 ox\u015fam\u0131r. Y\u0259ni z\u00f6vq \u00e7\u0259tin d\u0259yi\u015fir. Z\u00f6vq\u00fcn mu\u011fam, se\u00e7imin rok ola bil\u0259r. Amma bir m\u00fcdd\u0259tliyin\u0259.\n<\/p>\n<p>\n  G\u0259l\u0259k a\u00e7ar m\u0259s\u0259l\u0259y\u0259: Bu formala\u015fma ba\u015fa \u00e7atana kimi h\u0259min ikihakimiyy\u0259tlilik d\u00f6n\u0259mind\u0259 maraql\u0131 bir \u015fey ya\u015fan\u0131r. \u0130nsan z\u00f6vq\u00fcnc\u0259 olanlar\u0131 s\u00f6ym\u0259y\u0259, a\u015fa\u011f\u0131lama\u011fa ba\u015flay\u0131r. \u00c7\u00fcnki i\u00e7ind\u0259 Terminator, Rembo, \u00c7ak Norris var. Onlar\u0131 r\u0259dd etm\u0259k ist\u0259yir. S\u00f6y\u00fcr. Nifr\u0259tini g\u00f6st\u0259rir. Bu, psixoloji olaraq, bir \u015feyi qavramaq \u00fc\u00e7\u00fcn \u00f6z-\u00f6z\u00fcn\u0259 b\u0259rkd\u0259n dem\u0259y\u0259 ox\u015fay\u0131r. Ba\u015fqalar\u0131n\u0131n yan\u0131nda, x\u00fcsus\u0259n d\u0259 sosial \u015f\u0259b\u0259k\u0259l\u0259rd\u0259, yaz\u0131lar\u0131nda s\u00f6y\u00fcr ki, ba\u015fqalar\u0131 \u201clike\u201d ed\u0259nd\u0259 \u00f6z\u00fc t\u0259krar-t\u0259krar baxs\u0131n. \u00d6z\u00fcn\u00fcn i\u00e7ind\u0259kini \u00f6z\u00fcn\u0259 g\u00f6st\u0259rir ki, i\u00e7ind\u0259ki m\u0259nas\u0131z, m\u0259ntiqin\u0259, rasional se\u00e7imin\u0259 zidd z\u00f6vq\u00fcnd\u0259n tez azad olsun.\n<\/p>\n<p>\n  \u00d6z\u00fcm\u00fc misal \u00e7\u0259k\u0259 bil\u0259r\u0259m. Ateist olandan sonra bir m\u00fcdd\u0259t ba\u015f\u0131n\u0131 buraxm\u0131\u015fd\u0131m. \u00c7ox az m\u00fcbahis\u0259y\u0259 girirdim. Sonra sosial \u015f\u0259b\u0259k\u0259l\u0259r ke\u00e7di \u0259lim\u0259. Ba\u015flad\u0131m dini, dindarlar\u0131 s\u00f6ym\u0259y\u0259. Qaba\u011f\u0131ma ke\u00e7\u0259ni a\u011f yuyub, qara s\u0259rirdim. Bir m\u00fcdd\u0259t sonra sakitl\u0259\u015fdim. B\u0259zi dindar dostlar\u0131m\u0131n tolerantl\u0131\u011f\u0131 m\u0259ni ay\u0131ltd\u0131 h\u0259m d\u0259. G\u00f6rd\u00fcm ki, i\u00e7imd\u0259ki dini, doqmalar\u0131 s\u00f6y\u0259-s\u00f6y\u0259 \u00e7\u0131xartm\u0131\u015fam art\u0131q. M\u0259n \u00f6z\u00fcm\u00fc \u00f6z\u00fcm\u0259 g\u00f6st\u0259rm\u0259kl\u0259 m\u0259\u015f\u011ful olmu\u015famm\u0131\u015f. Art\u0131q ehtiyac yox idi dey\u0259, sakitl\u0259\u015fdim.\n<\/p>\n<p>\n  Qay\u0131daq m\u00f6vzuya. Xalq\u0131 s\u00f6ym\u0259yin d\u0259 h\u0259min m\u0259rh\u0259l\u0259si var. Onlar \u00f6zl\u0259rini ari irq kimi g\u00f6st\u0259rib s\u00f6y\u00fcrl\u0259rs\u0259, dem\u0259li, i\u00e7l\u0259rind\u0259ki mentaliteti s\u00f6y\u00fcrl\u0259r, ondan can qurtarma\u011fa \u00e7al\u0131\u015f\u0131rlar. Buna sosial \u015f\u0259b\u0259k\u0259l\u0259rd\u0259 daha \u00e7ox \u201c\u0259rg\u0259nlik\u201d deyilir. Adland\u0131rmaya \u00e7ox da fikir verm\u0259yin. \u018fsas odur, m\u0259rh\u0259l\u0259ni ke\u00e7\u0259 bil\u0259s\u0259n. M\u0259n ateistliyimin \u201c\u0259rg\u0259n\u201dliyini ke\u00e7\u0259nd\u0259n sonra art\u0131q \u00e7ox rahatam. Zorak\u0131l\u0131q etm\u0259y\u0259n ist\u0259nil\u0259n n\u0259sn\u0259y\u0259 etiqad ed\u0259n adamla normal m\u00fcnasib\u0259t qururam. M\u0259ntiql\u0259, rasional d\u00fc\u015f\u00fcn\u0259n adam da \u0259vv\u0259l xalq\u0131 s\u00f6y\u00fcr \u2013 i\u00e7ind\u0259ki \u201cxalq\u201ddan can qurtarmaq \u00fc\u00e7\u00fcn.\n<\/p>\n<p>\n  Can qurtarandan sonra da xalq\u0131 s\u00f6ym\u0259y\u0259 davam edir \u2013 \u00fcr\u0259yi yand\u0131\u011f\u0131, xalq\u0131 xilas etm\u0259k ist\u0259diyi, onlar\u0131n daha g\u00f6z\u0259l qurulu\u015fda ya\u015fama\u011fa layiq olduqlar\u0131n\u0131 d\u0259rk etdiyi \u00fc\u00e7\u00fcn. Bu zaman a\u015fa\u011f\u0131lam\u0131r, insanlara qar\u015f\u0131 nifr\u0259t hiss olunmur onda. \u00c7\u00fcnki humanistdir, d\u0259y\u0259rl\u0259ri var, bilir ki, bir qrup insana f\u0259rdi qiym\u0259t verm\u0259d\u0259n, obyektiv t\u0259qsirl\u0259ndirm\u0259 il\u0259 a\u011fz\u0131na g\u0259l\u0259ni dem\u0259kl\u0259 n\u0259y\u0259s\u0259 nail olmaq olmaz.\n<\/p>\n<p>\n  Obyektiv t\u0259qsirl\u0259ndirm\u0259 (insan\u0131n \u015f\u0259xsi m\u0259suliyy\u0259tind\u0259n as\u0131l\u0131 olmayaraq, onu t\u0259qsirl\u0259ndirm\u0259k) ba\u015fqa xalqlara qar\u015f\u0131 olanda davaml\u0131 olmur. M\u0259s\u0259l\u0259n, afrikal\u0131lar\u0131 \u00e7ox s\u00f6y\u00fcrl\u0259r bizimkil\u0259r \u2013 sivilizasion c\u0259h\u0259td\u0259n geri qald\u0131qlar\u0131 \u00fc\u00e7\u00fcn. Amma bu, davaml\u0131 olmur. Qaba\u011f\u0131na video, x\u0259b\u0259r \u00e7\u0131xandan-\u00e7\u0131xana s\u00f6y\u00fcr. Amma \u00f6z xalq\u0131n\u0131 s\u00f6ym\u0259 m\u00fct\u0259madi xarakter da\u015f\u0131y\u0131r. \u00c7\u00fcnki adam i\u00e7ind\u0259kini s\u00f6y\u00fcr, \u00f6z\u00fc \u00f6z\u00fcnd\u0259n yaxa qurtarmaq ist\u0259yir.\n<\/p>\n<p>\n  Bu yaxa qurtarma al\u0131nmayanda is\u0259, adam bizim d\u00f6vl\u0259t kimi \u201c\u0259b\u0259di ke\u00e7id d\u00f6vr\u00fc\u201dn\u0259 girir. Art\u0131q anlay\u0131r ki, i\u00e7ind\u0259ki mentalitet, a\u015fa\u011f\u0131 s\u0259viyy\u0259li m\u0259nlik, rasistlik onu t\u0259rk ed\u0259n deyil. Art\u0131q onu i\u00e7ind\u0259n atma\u011fa c\u0259sar\u0259ti \u00e7atm\u0131r dey\u0259, \u00f6z\u00fcn\u00fc t\u0259slim edir i\u00e7ind\u0259ki h\u0259min a\u015fa\u011f\u0131 m\u0259nliy\u0259. Bununla da, onun \u0259trafa nifrin p\u00fcsk\u00fcrm\u0259sinin niyy\u0259ti d\u0259yi\u015fir. Ba\u015fqalar\u0131 onun kimi deyil dey\u0259, h\u0259r k\u0259si s\u00f6y\u00fcr. V\u0259 bunu daim davam etdirir. \u00c7\u00fcnki qorxur ki, sussa, i\u00e7ind\u0259ki g\u00f6rs\u0259n\u0259r.\n<\/p>\n<p>\n  El\u0259 bilir ki, susanda onu mentalitet adam\u0131 sayacaqlar. Ba\u015fqas\u0131na \u201cazer\u201d deyir, el\u0259 bilir ki, \u00f6z\u00fcn\u00fc 9 (v\u0259 ya 45) milyon adamdan daha yuxar\u0131 qald\u0131rd\u0131. Amma \u0259ksin\u0259 &#8211; \u00f6z\u00fcn\u00fcn i\u00e7ind\u0259ki h\u0259min \u201cazer\u201di ata bilm\u0259diyini g\u00f6st\u0259rmi\u015f olur. Ata bilm\u0259diyin\u0259 g\u00f6r\u0259, t\u0259hqiri t\u0259hqir\u0259 calay\u0131r. Reaksiya ver\u0259n h\u0259r k\u0259s\u0259 d\u0259 avtomatik baya\u011f\u0131 yarl\u0131q yap\u0131\u015fd\u0131r\u0131r: \u201cs\u0259ni narahat edirs\u0259, dem\u0259li, \u00f6z\u00fcn\u00fc h\u0259d\u0259f kimi g\u00f6r\u00fcrs\u0259n. Dem\u0259li, s\u0259n \u201cazer\u201ds\u0259n\u201d. Bu, \u0259sg\u0259rlikd\u0259 uydurulmu\u015f d\u00fc\u015f\u00fck bir \u015feydir. Bel\u0259 ifad\u0259 olunur: \u201cOb\u015fakov\u0131 s\u00f6y\u00fc\u015f\u0259 cavab ver\u0259n \u00f6z\u00fc peys\u0259rdir\u201d.\n<\/p>\n<p>\n  Y\u0259ni s\u0259n h\u0259r k\u0259s\u0259 s\u00f6y\u00fcl\u0259n s\u00f6y\u00fc\u015f\u0259 f\u0259rdi olaraq, etiraz edirs\u0259ns\u0259, dem\u0259li, m\u0259hz s\u0259n narahat olmusan, y\u0259ni m\u0259hz s\u0259n\u0259 \u00fcnvanland\u0131\u011f\u0131n\u0131, dolay\u0131 olaraq, \u00f6z\u00fcn\u00fcn h\u0259min s\u00f6y\u00fc\u015f\u0259 layiq oldu\u011funu etiraf etmi\u015f olursan. H\u0259tta bizim h\u0259rbi hiss\u0259d\u0259 kimins\u0259 havaya buraxd\u0131\u011f\u0131 ana s\u00f6y\u00fc\u015f\u00fcn\u0259 reaksiya ver\u0259n \u0259sg\u0259r\u0259 \u201c\u015f\u00fcbh\u0259l\u0259nirs\u0259ns\u0259, telefon verim, anana z\u0259ng el\u0259\u201d deyirdil\u0259r. Y\u0259ni reaksiya ver\u0259n adama \u201cbudur, m\u0259hz s\u0259n reaksiya verirs\u0259n, \u00e7\u00fcnki t\u0259hqir olunan\u0131n \u00f6z\u00fcn oldu\u011funu bilirs\u0259n\u201d dem\u0259k el\u0259 \u0259sg\u0259rlikd\u0259ki h\u0259min s\u0259viyy\u0259siz \u201cm\u0259ntiq\u201ddir.\n<\/p>\n<p>\n  Bir s\u00f6zl\u0259, \u00f6z i\u00e7ind\u0259ki mentalitetd\u0259n, geriz\u0259kal\u0131l\u0131qdan yaxa qurtara bilm\u0259y\u0259n adamlar yaxa qurtara bilmi\u015f v\u0259 ya t\u0259drici inki\u015faf yolunu se\u00e7mi\u015f, y\u0259ni onlar kimi irad\u0259siz olmayan adamlara qar\u015f\u0131 rasist m\u00f6vqe tutublar. H\u0259r k\u0259s\u0259 \u201cazer\u201d, \u201ct\u00fck\u0259zban\u201d dem\u0259kl\u0259, h\u0259r k\u0259sin m\u0259hz \u00f6zl\u0259ri kimi olmas\u0131na \u00e7al\u0131\u015f\u0131rlar. M\u0259qs\u0259d ba\u015fqalar\u0131ndan \u201ct\u00fck\u0259zbanam, azer\u0259m, yax\u015f\u0131 edir\u0259m\u201d s\u00f6z\u00fcn\u00fc qopartmaqd\u0131r.Onda h\u0259r k\u0259sin \u00f6zl\u0259ri kimi olduqlar\u0131na \u0259min olacaqlar, rahatlanacaqlar.\n<\/p>\n<p>\n  <b><br \/>\n    Yaz\u0131 m\u00fc\u0259llifin \u015f\u0259xsi m\u00f6vqeyini \u0259ks etdirir&#8230;<br \/>\n  <\/b><\/p>\n","protected":false},"excerpt":{"rendered":"<p>I\u00e7imizd\u0259ki Rembolar, Terminatorlar<\/p>\n","protected":false},"author":11,"featured_media":47382,"comment_status":"closed","ping_status":"open","sticky":false,"template":"","format":"standard","meta":{"_acf_changed":false,"_sitemap_exclude":false,"_sitemap_priority":"","_sitemap_frequency":"","footnotes":""},"categories":[57],"tags":[],"class_list":["post-173395","post","type-post","status-publish","format-standard","has-post-thumbnail","hentry","category-menim-fikrimce","infinite-scroll-item","generate-columns","tablet-grid-50","mobile-grid-100","grid-parent","grid-33","no-featured-image-padding"],"acf":[],"yoast_head":"<!-- This site is optimized with the Yoast SEO plugin v27.5 - https:\/\/yoast.com\/product\/yoast-seo-wordpress\/ -->\n<title>Xalq\u0131 s\u00f6ym\u0259k n\u0259d\u0259n x\u0259b\u0259r verir? - MEYDAN.TV<\/title>\n<meta name=\"robots\" content=\"index, follow, max-snippet:-1, max-image-preview:large, max-video-preview:-1\" \/>\n<link rel=\"canonical\" href=\"https:\/\/www.meydan.tv\/az\/article\/xalqi-soymek-neden-xeber-verir\/\" \/>\n<meta property=\"og:locale\" content=\"az_AZ\" \/>\n<meta property=\"og:type\" content=\"article\" \/>\n<meta property=\"og:title\" content=\"Xalq\u0131 s\u00f6ym\u0259k n\u0259d\u0259n x\u0259b\u0259r verir? - MEYDAN.TV\" \/>\n<meta property=\"og:description\" content=\"I\u00e7imizd\u0259ki Rembolar, Terminatorlar\" \/>\n<meta property=\"og:url\" content=\"https:\/\/www.meydan.tv\/az\/article\/xalqi-soymek-neden-xeber-verir\/\" \/>\n<meta property=\"og:site_name\" content=\"MEYDAN.TV\" \/>\n<meta property=\"article:published_time\" content=\"2016-02-05T17:15:20+00:00\" \/>\n<meta property=\"og:image\" content=\"https:\/\/www.meydan.tv\/wp-content\/uploads\/17753.jpg\" \/>\n\t<meta property=\"og:image:width\" content=\"500\" \/>\n\t<meta property=\"og:image:height\" content=\"500\" \/>\n\t<meta property=\"og:image:type\" content=\"image\/jpeg\" \/>\n<meta name=\"author\" content=\"user-manager\" \/>\n<meta name=\"twitter:card\" content=\"summary_large_image\" \/>\n<script type=\"application\/ld+json\" class=\"yoast-schema-graph\">{\"@context\":\"https:\\\/\\\/schema.org\",\"@graph\":[{\"@type\":\"Article\",\"@id\":\"https:\\\/\\\/www.meydan.tv\\\/az\\\/article\\\/xalqi-soymek-neden-xeber-verir\\\/#article\",\"isPartOf\":{\"@id\":\"https:\\\/\\\/www.meydan.tv\\\/az\\\/article\\\/xalqi-soymek-neden-xeber-verir\\\/\"},\"author\":{\"name\":\"user-manager\",\"@id\":\"https:\\\/\\\/www.meydan.tv\\\/az\\\/#\\\/schema\\\/person\\\/10d11eccf6da3662cf5fdab9806ea91a\"},\"headline\":\"Xalq\u0131 s\u00f6ym\u0259k n\u0259d\u0259n x\u0259b\u0259r verir?\",\"datePublished\":\"2016-02-05T17:15:20+00:00\",\"mainEntityOfPage\":{\"@id\":\"https:\\\/\\\/www.meydan.tv\\\/az\\\/article\\\/xalqi-soymek-neden-xeber-verir\\\/\"},\"wordCount\":1573,\"publisher\":{\"@id\":\"https:\\\/\\\/www.meydan.tv\\\/az\\\/#organization\"},\"image\":{\"@id\":\"https:\\\/\\\/www.meydan.tv\\\/az\\\/article\\\/xalqi-soymek-neden-xeber-verir\\\/#primaryimage\"},\"thumbnailUrl\":\"https:\\\/\\\/www.meydan.tv\\\/wp-content\\\/uploads\\\/17753.jpg\",\"articleSection\":[\"M\u0259nim Fikrimc\u0259\"],\"inLanguage\":\"az\"},{\"@type\":\"WebPage\",\"@id\":\"https:\\\/\\\/www.meydan.tv\\\/az\\\/article\\\/xalqi-soymek-neden-xeber-verir\\\/\",\"url\":\"https:\\\/\\\/www.meydan.tv\\\/az\\\/article\\\/xalqi-soymek-neden-xeber-verir\\\/\",\"name\":\"Xalq\u0131 s\u00f6ym\u0259k n\u0259d\u0259n x\u0259b\u0259r verir? - MEYDAN.TV\",\"isPartOf\":{\"@id\":\"https:\\\/\\\/www.meydan.tv\\\/az\\\/#website\"},\"primaryImageOfPage\":{\"@id\":\"https:\\\/\\\/www.meydan.tv\\\/az\\\/article\\\/xalqi-soymek-neden-xeber-verir\\\/#primaryimage\"},\"image\":{\"@id\":\"https:\\\/\\\/www.meydan.tv\\\/az\\\/article\\\/xalqi-soymek-neden-xeber-verir\\\/#primaryimage\"},\"thumbnailUrl\":\"https:\\\/\\\/www.meydan.tv\\\/wp-content\\\/uploads\\\/17753.jpg\",\"datePublished\":\"2016-02-05T17:15:20+00:00\",\"breadcrumb\":{\"@id\":\"https:\\\/\\\/www.meydan.tv\\\/az\\\/article\\\/xalqi-soymek-neden-xeber-verir\\\/#breadcrumb\"},\"inLanguage\":\"az\",\"potentialAction\":[{\"@type\":\"ReadAction\",\"target\":[\"https:\\\/\\\/www.meydan.tv\\\/az\\\/article\\\/xalqi-soymek-neden-xeber-verir\\\/\"]}]},{\"@type\":\"ImageObject\",\"inLanguage\":\"az\",\"@id\":\"https:\\\/\\\/www.meydan.tv\\\/az\\\/article\\\/xalqi-soymek-neden-xeber-verir\\\/#primaryimage\",\"url\":\"https:\\\/\\\/www.meydan.tv\\\/wp-content\\\/uploads\\\/17753.jpg\",\"contentUrl\":\"https:\\\/\\\/www.meydan.tv\\\/wp-content\\\/uploads\\\/17753.jpg\",\"width\":500,\"height\":500,\"caption\":\"Source:\"},{\"@type\":\"BreadcrumbList\",\"@id\":\"https:\\\/\\\/www.meydan.tv\\\/az\\\/article\\\/xalqi-soymek-neden-xeber-verir\\\/#breadcrumb\",\"itemListElement\":[{\"@type\":\"ListItem\",\"position\":1,\"name\":\"Ana s\u0259hif\u0259\",\"item\":\"https:\\\/\\\/www.meydan.tv\\\/az\\\/\"},{\"@type\":\"ListItem\",\"position\":2,\"name\":\"M\u0259nim Fikrimc\u0259\",\"item\":\"https:\\\/\\\/www.meydan.tv\\\/az\\\/section\\\/menim-fikrimce\\\/\"},{\"@type\":\"ListItem\",\"position\":3,\"name\":\"Xalq\u0131 s\u00f6ym\u0259k n\u0259d\u0259n x\u0259b\u0259r verir?\"}]},{\"@type\":\"WebSite\",\"@id\":\"https:\\\/\\\/www.meydan.tv\\\/az\\\/#website\",\"url\":\"https:\\\/\\\/www.meydan.tv\\\/az\\\/\",\"name\":\"MEYDAN.TV\",\"description\":\"Meydan TV Az\u0259rbaycan\u0131n media m\u0259kan\u0131ndak\u0131 alternativ s\u0259sidir\",\"publisher\":{\"@id\":\"https:\\\/\\\/www.meydan.tv\\\/az\\\/#organization\"},\"potentialAction\":[{\"@type\":\"SearchAction\",\"target\":{\"@type\":\"EntryPoint\",\"urlTemplate\":\"https:\\\/\\\/www.meydan.tv\\\/az\\\/?s={search_term_string}\"},\"query-input\":{\"@type\":\"PropertyValueSpecification\",\"valueRequired\":true,\"valueName\":\"search_term_string\"}}],\"inLanguage\":\"az\"},{\"@type\":\"Organization\",\"@id\":\"https:\\\/\\\/www.meydan.tv\\\/az\\\/#organization\",\"name\":\"Meydan TV\",\"url\":\"https:\\\/\\\/www.meydan.tv\\\/az\\\/\",\"logo\":{\"@type\":\"ImageObject\",\"inLanguage\":\"az\",\"@id\":\"https:\\\/\\\/www.meydan.tv\\\/az\\\/#\\\/schema\\\/logo\\\/image\\\/\",\"url\":\"https:\\\/\\\/www.meydan.tv\\\/wp-content\\\/uploads\\\/2021\\\/07\\\/meydan-logo.svg\",\"contentUrl\":\"https:\\\/\\\/www.meydan.tv\\\/wp-content\\\/uploads\\\/2021\\\/07\\\/meydan-logo.svg\",\"width\":195,\"height\":46,\"caption\":\"Meydan TV\"},\"image\":{\"@id\":\"https:\\\/\\\/www.meydan.tv\\\/az\\\/#\\\/schema\\\/logo\\\/image\\\/\"}},{\"@type\":\"Person\",\"@id\":\"https:\\\/\\\/www.meydan.tv\\\/az\\\/#\\\/schema\\\/person\\\/10d11eccf6da3662cf5fdab9806ea91a\",\"name\":\"user-manager\"}]}<\/script>\n<!-- \/ Yoast SEO plugin. -->","yoast_head_json":{"title":"Xalq\u0131 s\u00f6ym\u0259k n\u0259d\u0259n x\u0259b\u0259r verir? - MEYDAN.TV","robots":{"index":"index","follow":"follow","max-snippet":"max-snippet:-1","max-image-preview":"max-image-preview:large","max-video-preview":"max-video-preview:-1"},"canonical":"https:\/\/www.meydan.tv\/az\/article\/xalqi-soymek-neden-xeber-verir\/","og_locale":"az_AZ","og_type":"article","og_title":"Xalq\u0131 s\u00f6ym\u0259k n\u0259d\u0259n x\u0259b\u0259r verir? - MEYDAN.TV","og_description":"I\u00e7imizd\u0259ki Rembolar, Terminatorlar","og_url":"https:\/\/www.meydan.tv\/az\/article\/xalqi-soymek-neden-xeber-verir\/","og_site_name":"MEYDAN.TV","article_published_time":"2016-02-05T17:15:20+00:00","og_image":[{"width":500,"height":500,"url":"https:\/\/www.meydan.tv\/wp-content\/uploads\/17753.jpg","type":"image\/jpeg"}],"author":"user-manager","twitter_card":"summary_large_image","schema":{"@context":"https:\/\/schema.org","@graph":[{"@type":"Article","@id":"https:\/\/www.meydan.tv\/az\/article\/xalqi-soymek-neden-xeber-verir\/#article","isPartOf":{"@id":"https:\/\/www.meydan.tv\/az\/article\/xalqi-soymek-neden-xeber-verir\/"},"author":{"name":"user-manager","@id":"https:\/\/www.meydan.tv\/az\/#\/schema\/person\/10d11eccf6da3662cf5fdab9806ea91a"},"headline":"Xalq\u0131 s\u00f6ym\u0259k n\u0259d\u0259n x\u0259b\u0259r verir?","datePublished":"2016-02-05T17:15:20+00:00","mainEntityOfPage":{"@id":"https:\/\/www.meydan.tv\/az\/article\/xalqi-soymek-neden-xeber-verir\/"},"wordCount":1573,"publisher":{"@id":"https:\/\/www.meydan.tv\/az\/#organization"},"image":{"@id":"https:\/\/www.meydan.tv\/az\/article\/xalqi-soymek-neden-xeber-verir\/#primaryimage"},"thumbnailUrl":"https:\/\/www.meydan.tv\/wp-content\/uploads\/17753.jpg","articleSection":["M\u0259nim Fikrimc\u0259"],"inLanguage":"az"},{"@type":"WebPage","@id":"https:\/\/www.meydan.tv\/az\/article\/xalqi-soymek-neden-xeber-verir\/","url":"https:\/\/www.meydan.tv\/az\/article\/xalqi-soymek-neden-xeber-verir\/","name":"Xalq\u0131 s\u00f6ym\u0259k n\u0259d\u0259n x\u0259b\u0259r verir? - MEYDAN.TV","isPartOf":{"@id":"https:\/\/www.meydan.tv\/az\/#website"},"primaryImageOfPage":{"@id":"https:\/\/www.meydan.tv\/az\/article\/xalqi-soymek-neden-xeber-verir\/#primaryimage"},"image":{"@id":"https:\/\/www.meydan.tv\/az\/article\/xalqi-soymek-neden-xeber-verir\/#primaryimage"},"thumbnailUrl":"https:\/\/www.meydan.tv\/wp-content\/uploads\/17753.jpg","datePublished":"2016-02-05T17:15:20+00:00","breadcrumb":{"@id":"https:\/\/www.meydan.tv\/az\/article\/xalqi-soymek-neden-xeber-verir\/#breadcrumb"},"inLanguage":"az","potentialAction":[{"@type":"ReadAction","target":["https:\/\/www.meydan.tv\/az\/article\/xalqi-soymek-neden-xeber-verir\/"]}]},{"@type":"ImageObject","inLanguage":"az","@id":"https:\/\/www.meydan.tv\/az\/article\/xalqi-soymek-neden-xeber-verir\/#primaryimage","url":"https:\/\/www.meydan.tv\/wp-content\/uploads\/17753.jpg","contentUrl":"https:\/\/www.meydan.tv\/wp-content\/uploads\/17753.jpg","width":500,"height":500,"caption":"Source:"},{"@type":"BreadcrumbList","@id":"https:\/\/www.meydan.tv\/az\/article\/xalqi-soymek-neden-xeber-verir\/#breadcrumb","itemListElement":[{"@type":"ListItem","position":1,"name":"Ana s\u0259hif\u0259","item":"https:\/\/www.meydan.tv\/az\/"},{"@type":"ListItem","position":2,"name":"M\u0259nim Fikrimc\u0259","item":"https:\/\/www.meydan.tv\/az\/section\/menim-fikrimce\/"},{"@type":"ListItem","position":3,"name":"Xalq\u0131 s\u00f6ym\u0259k n\u0259d\u0259n x\u0259b\u0259r verir?"}]},{"@type":"WebSite","@id":"https:\/\/www.meydan.tv\/az\/#website","url":"https:\/\/www.meydan.tv\/az\/","name":"MEYDAN.TV","description":"Meydan TV Az\u0259rbaycan\u0131n media m\u0259kan\u0131ndak\u0131 alternativ s\u0259sidir","publisher":{"@id":"https:\/\/www.meydan.tv\/az\/#organization"},"potentialAction":[{"@type":"SearchAction","target":{"@type":"EntryPoint","urlTemplate":"https:\/\/www.meydan.tv\/az\/?s={search_term_string}"},"query-input":{"@type":"PropertyValueSpecification","valueRequired":true,"valueName":"search_term_string"}}],"inLanguage":"az"},{"@type":"Organization","@id":"https:\/\/www.meydan.tv\/az\/#organization","name":"Meydan TV","url":"https:\/\/www.meydan.tv\/az\/","logo":{"@type":"ImageObject","inLanguage":"az","@id":"https:\/\/www.meydan.tv\/az\/#\/schema\/logo\/image\/","url":"https:\/\/www.meydan.tv\/wp-content\/uploads\/2021\/07\/meydan-logo.svg","contentUrl":"https:\/\/www.meydan.tv\/wp-content\/uploads\/2021\/07\/meydan-logo.svg","width":195,"height":46,"caption":"Meydan TV"},"image":{"@id":"https:\/\/www.meydan.tv\/az\/#\/schema\/logo\/image\/"}},{"@type":"Person","@id":"https:\/\/www.meydan.tv\/az\/#\/schema\/person\/10d11eccf6da3662cf5fdab9806ea91a","name":"user-manager"}]}},"_links":{"self":[{"href":"https:\/\/www.meydan.tv\/az\/wp-json\/wp\/v2\/posts\/173395","targetHints":{"allow":["GET"]}}],"collection":[{"href":"https:\/\/www.meydan.tv\/az\/wp-json\/wp\/v2\/posts"}],"about":[{"href":"https:\/\/www.meydan.tv\/az\/wp-json\/wp\/v2\/types\/post"}],"author":[{"embeddable":true,"href":"https:\/\/www.meydan.tv\/az\/wp-json\/wp\/v2\/users\/11"}],"replies":[{"embeddable":true,"href":"https:\/\/www.meydan.tv\/az\/wp-json\/wp\/v2\/comments?post=173395"}],"version-history":[{"count":0,"href":"https:\/\/www.meydan.tv\/az\/wp-json\/wp\/v2\/posts\/173395\/revisions"}],"wp:featuredmedia":[{"embeddable":true,"href":"https:\/\/www.meydan.tv\/az\/wp-json\/wp\/v2\/media\/47382"}],"wp:attachment":[{"href":"https:\/\/www.meydan.tv\/az\/wp-json\/wp\/v2\/media?parent=173395"}],"wp:term":[{"taxonomy":"category","embeddable":true,"href":"https:\/\/www.meydan.tv\/az\/wp-json\/wp\/v2\/categories?post=173395"},{"taxonomy":"post_tag","embeddable":true,"href":"https:\/\/www.meydan.tv\/az\/wp-json\/wp\/v2\/tags?post=173395"}],"curies":[{"name":"wp","href":"https:\/\/api.w.org\/{rel}","templated":true}]}}