{"id":173347,"date":"2016-02-03T21:27:05","date_gmt":"2016-02-03T21:27:05","guid":{"rendered":"https:\/\/www.meydan.tv\/article\/kapitalist-sistemden-kommunizme-suurlu-kecid-mumkundurmu-ikinci-yazi\/"},"modified":"2016-02-03T21:27:05","modified_gmt":"2016-02-03T21:27:05","slug":"kapitalist-sistemden-kommunizme-suurlu-kecid-mumkundurmu-ikinci-yazi","status":"publish","type":"post","link":"https:\/\/www.meydan.tv\/az\/article\/kapitalist-sistemden-kommunizme-suurlu-kecid-mumkundurmu-ikinci-yazi\/","title":{"rendered":"Kapitalist sistemd\u0259n kommunizm\u0259 \u015f\u00fcurlu ke\u00e7id m\u00fcmk\u00fcnd\u00fcrm\u00fc? (\u0130kinci yaz\u0131)"},"content":{"rendered":"<figure class=\"wp-block-image size-large\">\n  <img decoding=\"async\" src=\"https:\/\/www.meydan.tv\/az\/nise-haciyeva\/\" alt=\"Nis\u0259 Hac\u0131yeva\" class=\"wp-image-47027\"\/><figcaption>\n    Nis\u0259 Hac\u0131yeva<br \/>\n  <\/figcaption><\/figure>\n<figure class=\"wp-block-image size-large\">\n  <img decoding=\"async\" src=\"https:\/\/www.meydan.tv\/az\/nise-haciyeva-banner\/\" alt=\"Nis\u0259 Hac\u0131yeva banner\" class=\"wp-image-47030\"\/><figcaption>\n    Nis\u0259 Bac\u0131yeva banner<br \/>\n  <\/figcaption><\/figure>\n<p>\n  <b><br \/>\n    H\u0259yatda qalma arzusunun n\u00f6vl\u0259ri<br \/>\n  <\/b>\n<\/p>\n<p>\n  \u018fslind\u0259 elm iki \u0259sas instinkti qeyd edir: h\u0259yatda qalma v\u0259 \u00e7oxalma..<br \/>\n  <b><br \/>\n    <sup><br \/>\n      1<br \/>\n    <\/sup><br \/>\n  <\/b><br \/>\n  \u00a0Lakin m\u0259n \u00e7oxalma instinktinin d\u0259 h\u0259yatda qalma instinktini t\u0259min etdiyini vur\u011fulamaq ist\u0259rdim. T\u00f6r\u0259y\u0259n canl\u0131lar \u00f6lm\u0259d\u0259n \u00f6nc\u0259 h\u0259yatda \u00f6zl\u0259rind\u0259n bir par\u00e7a saxlmaq ist\u0259yirl\u0259r. Bu, onlar \u00fc\u00e7\u00fcn h\u0259yatda daimi qalma anlam\u0131 da\u015f\u0131y\u0131r. B\u00fct\u00fcn dig\u0259r h\u0259r\u0259k\u0259tl\u0259rimiz\u0259, davran\u0131\u015flar\u0131m\u0131za n\u0259z\u0259r salsaq g\u00f6r\u0259rik ki, b\u00fct\u00fcn add\u0131mlar\u0131m\u0131z m\u0259hz h\u0259yatda qalma arzusunu t\u0259min etm\u0259k \u00fc\u00e7\u00fcn at\u0131l\u0131r. B\u00fct\u00fcn m\u0259n\u0259vi v\u0259 fiziki t\u0259l\u0259bat\u0131m\u0131z bu instinktimizd\u0259n ir\u0259li g\u0259lir.\n<\/p>\n<p>\n  Burada ha\u015fi\u0259d\u0259n k\u0259nara \u00e7\u0131x\u0131b intiharlara da a\u00e7\u0131ql\u0131q g\u0259tirm\u0259k ist\u0259rdim. Ax\u0131, intihar ilk bax\u0131\u015fdan paradoksal v\u0259 insan t\u0259bi\u0259tin\u0259 zidd bir davran\u0131\u015fd\u0131r. Kam\u00fc ekzistensialist f\u0259ls\u0259f\u0259sind\u0259 intiharlara \u00e7ox yer ay\u0131r\u0131b. O \u201cSizif haqq\u0131nda Mif\u201d kitab\u0131nda h\u0259yat\u0131n m\u0259nas\u0131zl\u0131\u011f\u0131n\u0131 v\u0259 absurdlu\u011fu izah ed\u0259r\u0259k qeyd edir ki, h\u0259tta h\u0259yat\u0131n m\u0259nas\u0131z oldu\u011funu q\u0259bul etmi\u015f insanlardan \u00e7ox az\u0131 intihara c\u0259hd edir, \u00e7\u00fcnki v\u00fccudun ya\u015famaq instinkti v\u0259 al\u0131\u015fqanl\u0131\u011f\u0131 a\u011f\u0131ldan daha \u00fcst\u00fcnd\u00fcr.<br \/>\n  <b><br \/>\n    <sup><br \/>\n      2<br \/>\n    <\/sup><br \/>\n  <\/b><br \/>\n  \u00a0Lakin buna baxmayaraq yen\u0259 d\u0259 bir \u00e7ox insan h\u0259yat\u0131n\u0131 m\u0259hz intiharla bitirir. Onlar h\u0259qiq\u0259t\u0259n \u00f6z instinktl\u0259rin\u0259 qalib g\u0259l\u0259 bilibl\u0259r mi? D\u00fc\u015f\u00fcn\u00fcr\u0259m ki, yox. \u00c7\u00fcnki intihar da \u00f6z\u00fc \u00f6zl\u00fcy\u00fcnd\u0259 bir \u00fcsyand\u0131r. V\u0259 h\u0259tta bu \u00fcsyan insan\u0131 fiziki olaraq yox ets\u0259 d\u0259, insan\u0131n bu davran\u0131\u015f\u0131 \u00f6z qeyri-adiliyi il\u0259 \u00f6z\u00fcnd\u0259n sonra gerid\u0259 bir iz burax\u0131r. Bu, bir n\u00f6v \u00f6lm\u0259d\u0259n \u00f6nc\u0259 h\u0259yatda qalacaq bir fikir qoymaq kimi bir \u015feydir. Fikirs\u0259 insandan f\u0259rqli olaraq \u00f6l\u00fcms\u00fczd\u00fcr. Burdan bir n\u0259tic\u0259y\u0259 g\u0259lm\u0259k olar ki, b\u00fct\u00fcn canl\u0131lar\u0131n can atd\u0131\u011f\u0131 \u00f6l\u00fcms\u00fczl\u00fck f\u0259rqli formalarda \u00f6z\u00fcn\u00fc b\u00fcruz\u0259 verir. Bu, h\u0259m t\u00f6r\u0259y\u0259r\u0259k \u00f6z\u00fcnd\u0259n sonra bir gen bir par\u00e7a buraxmaq, h\u0259m d\u0259 bir t\u0259k insanlara xas olan \u00f6z\u00fcnd\u0259n sonra fikir qoyub getm\u0259k formalar\u0131 da ola bil\u0259r. \u00d6l\u0259c\u0259yini d\u0259rk ed\u0259n insan \u00f6z\u00fcnd\u0259n sonra ya v\u00fccudunun m\u0259hsulunu (n\u00f6vb\u0259ti n\u0259sili), ya da beyin m\u0259hsulunu ( kitab, fikir, s\u0259n\u0259t v\u0259 s.) \u00f6l\u00fcms\u00fczl\u0259\u015fdirm\u0259k ist\u0259yir.\n<\/p>\n<p>\n  <b><br \/>\n    Sonluq<br \/>\n  <\/b>\n<\/p>\n<p>\n  Dig\u0259r canl\u0131 varl\u0131qlar kimi insanlar da h\u0259yatda qalmaq \u00fc\u00e7\u00fcn bir r\u0259qab\u0259td\u0259dirl\u0259r. Lakin insan dig\u0259r canl\u0131lardan f\u0259rqli olaraq \u015f\u00fcurlu oldu\u011fu \u00fc\u00e7\u00fcn r\u0259qab\u0259td\u0259 oldu\u011funun h\u0259m d\u0259 f\u0259rqind\u0259dir. Buna g\u00f6r\u0259 d\u0259 insan daima bu r\u0259qab\u0259td\u0259 hans\u0131 yeri tutdu\u011funu bilm\u0259k ist\u0259yir. \u0130nsan\u0131n r\u0259qab\u0259td\u0259 tutdu\u011fu yeri ona bildir\u0259n yegan\u0259 indikator iqtidard\u0131r (g\u00fcc).\u00a0 Bu indikator olmadan insan \u00f6z\u00fcn\u00fcn \u0259sas instinktini n\u0259 d\u0259r\u0259c\u0259d\u0259 t\u0259min etdiyind\u0259n bix\u0259b\u0259r olacaq. Bertrand Russell \u201c\u0130qtidar\u201d kitab\u0131nda b\u00fct\u00fcn insanlar\u0131n \u0259ld\u0259 etmk ist\u0259diyi \u015feyin m\u0259hz iqtidar oldu\u011funu deyir.<br \/>\n  <b><br \/>\n    <sup><br \/>\n      3<br \/>\n    <\/sup><br \/>\n  <\/b><br \/>\n  \u00a0Ondan \u00f6nc\u0259 Marks insanlar\u0131n pul \u00fc\u00e7\u00fcn, Freud is\u0259 seks \u00fc\u00e7\u00fcn ya\u015fad\u0131\u011f\u0131n\u0131 deyirdi. Lakin Russell h\u0259m pulun, h\u0259m seksin m\u0259hz iqtidar verdiyini vur\u011fulay\u0131r. R\u0259qab\u0259t daima olacaq, \u00e7\u00fcnki insan ba\u015fqalar\u0131ndan, h\u0259m\u00e7inin d\u00fcn\u0259nki \u00f6z\u00fcnd\u0259n daha g\u00fccl\u00fc olub h\u0259yatda qald\u0131\u011f\u0131n\u0131 anlamaq \u00fc\u00e7\u00fcn r\u0259qab\u0259td\u0259 olmal\u0131d\u0131r.\u00a0 Pul is\u0259 bu r\u0259qab\u0259td\u0259 insan\u0131n g\u00fcc\u00fcn\u00fc m\u00fc\u0259yy\u0259n ed\u0259n \u0259n b\u0259sit indikatordur.\u00a0 \u0130nsanlar h\u0259yatda qald\u0131qlar\u0131 m\u00fcdd\u0259tc\u0259 \u00f6zl\u0259rini h\u0259m maddi, h\u0259m m\u0259n\u0259vi v\u0259 fiziki olaraq t\u0259min edir. H\u0259m pul, h\u0259m bilik, h\u0259m fiziki g\u00fcc biz\u0259 h\u0259m fiziki, h\u0259m m\u0259n\u0259vi iqtidar verir; eqomuzu doyduraraq bu r\u0259qab\u0259td\u0259 yerimizi bildirir. H\u0259tta altruizm \u00f6zl\u00fcy\u00fcnd\u0259 bir eqo t\u0259minidir. Yax\u015f\u0131l\u0131q ed\u0259r\u0259k insan \u00f6z\u00fcn\u0259 daha yax\u015f\u0131 insan oldu\u011funu s\u00fcbut edir v\u0259 bununla da ba\u015fqa n\u00f6v bir iqtidar qazan\u0131r. \u00a0Kommunizm maddiyat\u0131 ziyanl\u0131 bir \u015fey kimi t\u0259qdim ets\u0259 d\u0259 q\u0259bul etm\u0259liyik ki, maddiyat sad\u0259c\u0259 r\u0259qab\u0259td\u0259 iqtidar qazanmaq \u00fc\u00e7\u00fcn bir vasit\u0259dir. Maddi r\u0259qab\u0259t\u0259 gir\u0259 bilm\u0259y\u0259n insanlar bilik, fiziki g\u00fcc r\u0259qab\u0259tin\u0259 girir ki, iqtidar\u0131 \u0259ld\u0259 etsin. Buna \u0259n g\u00f6z\u0259l misal h\u0259bsxanalar ola bil\u0259r. \u0130nsanlar orada g\u00fcc \u00fcz\u0259rind\u0259n r\u0259qab\u0259t\u0259 \u00e7\u0131x\u0131r v\u0259 h\u0259r \u015feyd\u0259n m\u0259hrum olub, b\u00f6y\u00fck bir g\u00fcc\u00fcn alt\u0131nda olsalar bel\u0259, yen\u0259 d\u0259 h\u0259r bir m\u0259hbus dig\u0259r m\u0259hbuslardan daha g\u00fccl\u00fc olma\u011fa \u00e7al\u0131\u015f\u0131r.\u00a0 Dig\u0259r bir misal, SSSR d\u00f6vr\u00fcnd\u0259 yaranan h\u0259m m\u00fcsb\u0259t h\u0259m m\u0259nfi hallar da ola bil\u0259r. O d\u00f6vrd\u0259 yaranan \u201cqanuni o\u011frular\u201d (\u0432\u043e\u0440\u044b \u0432 \u0437\u0430\u043a\u043e\u043d\u0435), v\u0259 ya evl\u0259rind\u0259ki kitabxanalarla r\u0259qab\u0259t\u0259 gir\u0259n insanlar g\u00f6st\u0259rir ki, maddiyat olmad\u0131\u011f\u0131 zamanlar insanlar iqtidara sahib olmaq \u00fc\u00e7\u00fcn r\u0259qab\u0259td\u0259 yerini m\u00fc\u0259yy\u0259n etm\u0259k \u00fc\u00e7\u00fcn ba\u015fqa vasit\u0259l\u0259r\u0259 \u0259l at\u0131rlar.\u00a0 M\u00fcsb\u0259t vasit\u0259l\u0259rl\u0259 (bilik, kitab, elm, altruizm) r\u0259qab\u0259t\u0259\u00a0 girm\u0259k n\u0259 q\u0259d\u0259r g\u00f6z\u0259l s\u0259sl\u0259ns\u0259 d\u0259 yen\u0259 bu r\u0259qab\u0259td\u0259 g\u00fccs\u00fczl\u0259r g\u00fccl\u00fcl\u0259rd\u0259n daha b\u0259db\u0259xt olacaq. Kommunizm \u201c\u0259dal\u0259tsizlik\u201d v\u0259 \u201cqeyri-b\u0259rab\u0259rlik\u201d anlay\u0131\u015flar\u0131na m\u0259hz maddi m\u0259na verir. Lakin biz bir insan\u0131n kas\u0131b olmas\u0131n\u0131n niy\u0259 \u0259dal\u0259tsiz oldu\u011funu insan hissl\u0259rin\u0259 ba\u015f vurmadan, \u0259n \u0259sas\u0131 is\u0259 r\u0259qab\u0259t \u00e7\u0259r\u00e7iv\u0259sind\u0259n anlaya bilm\u0259rik. Biz var olan r\u0259qab\u0259td\u0259 maddiyat\u0131n vasit\u0259 olaraq verdiyi g\u00fcc\u00fc m\u00fc\u0259yy\u0259nl\u0259\u015fdirib, h\u0259r hans\u0131 bir hala \u201c\u0259dal\u0259tsiz\u201d deyirik. Halbuki \u201c\u0259dal\u0259tsizlik\u201d bu r\u0259qab\u0259td\u0259 g\u00fccs\u00fcz\u00fcn b\u0259db\u0259xtliyidir. Kommunizm maddi r\u0259qab\u0259ti aradan qald\u0131rsa da, \u00fcmumi r\u0259qab\u0259ti yox ed\u0259 bilm\u0259z.\u00a0 Y\u0259ni komunizm \u0259dal\u0259tsizliyi v\u0259 b\u0259db\u0259xtliyi aradan qald\u0131rma\u011fa qadir\u00a0 deyil, sad\u0259c\u0259 r\u0259qab\u0259td\u0259 g\u00fcc\u00fc \u0259ld\u0259 etm\u0259k \u00fc\u00e7\u00fcn vasit\u0259l\u0259ri d\u0259yi\u015f\u0259 bil\u0259r. Amma\u00a0 r\u0259qab\u0259tin varl\u0131\u011f\u0131 daimi \u0259dal\u0259tsizliyi var ets\u0259 d\u0259, h\u0259m\u00e7inin t\u0259kam\u00fcl\u00fc v\u0259 inki\u015faf\u0131 da var edir. R\u0259qab\u0259t olmasa \u015f\u00fcurun t\u0259kam\u00fcl\u00fc d\u0259 olmaz v\u0259 n\u0259tic\u0259d\u0259 m\u0259nfi il\u0259 b\u0259rab\u0259r m\u00fcsb\u0259t adland\u0131rd\u0131\u011f\u0131m\u0131z n\u0259sn\u0259l\u0259r d\u0259 inki\u015faf etm\u0259z v\u0259 biz inki\u015faf etm\u0259rik.\n<\/p>\n<div>\n<div>\n<p>\n        <b><br \/>\n          <sup><br \/>\n            1<br \/>\n          <\/sup><br \/>\n        <\/b><br \/>\n        Amanda Spink, Information Behavior: An Evolutionary Instinct, Springer, 2010,\u00a0 p.29\n      <\/p>\n<\/p><\/div>\n<div>\n<p>\n        <b><br \/>\n          <sup><br \/>\n            2<br \/>\n          <\/sup><br \/>\n        <\/b><br \/>\n        Albert Camus, The Myth of Sisyphus and Other Essays, Vintage, 1991 (1942)\n      <\/p>\n<\/p><\/div>\n<div>\n<p>\n        <b><br \/>\n          <sup><br \/>\n            3<br \/>\n          <\/sup><br \/>\n        <\/b><br \/>\n        Bertrand Russell, Power, W.W. Norton &amp; Company\u00a0, 1969\n      <\/p>\n<\/p><\/div>\n<\/p><\/div><\/p>\n","protected":false},"excerpt":{"rendered":"<p>H\u0259yatda qalma arzusunun n\u00f6vl\u0259ri<\/p>\n","protected":false},"author":11,"featured_media":47027,"comment_status":"closed","ping_status":"open","sticky":false,"template":"","format":"standard","meta":{"_acf_changed":false,"_sitemap_exclude":false,"_sitemap_priority":"","_sitemap_frequency":"","footnotes":""},"categories":[57],"tags":[],"class_list":["post-173347","post","type-post","status-publish","format-standard","has-post-thumbnail","hentry","category-menim-fikrimce","infinite-scroll-item","generate-columns","tablet-grid-50","mobile-grid-100","grid-parent","grid-33","no-featured-image-padding"],"acf":[],"yoast_head":"<!-- This site is optimized with the Yoast SEO plugin v27.5 - https:\/\/yoast.com\/product\/yoast-seo-wordpress\/ -->\n<title>Kapitalist sistemd\u0259n kommunizm\u0259 \u015f\u00fcurlu ke\u00e7id m\u00fcmk\u00fcnd\u00fcrm\u00fc? (\u0130kinci yaz\u0131) - MEYDAN.TV<\/title>\n<meta name=\"robots\" content=\"index, follow, max-snippet:-1, max-image-preview:large, max-video-preview:-1\" \/>\n<link rel=\"canonical\" href=\"https:\/\/www.meydan.tv\/az\/article\/kapitalist-sistemden-kommunizme-suurlu-kecid-mumkundurmu-ikinci-yazi\/\" \/>\n<meta property=\"og:locale\" content=\"az_AZ\" \/>\n<meta property=\"og:type\" content=\"article\" \/>\n<meta property=\"og:title\" content=\"Kapitalist sistemd\u0259n kommunizm\u0259 \u015f\u00fcurlu ke\u00e7id m\u00fcmk\u00fcnd\u00fcrm\u00fc? (\u0130kinci yaz\u0131) - MEYDAN.TV\" \/>\n<meta property=\"og:description\" content=\"H\u0259yatda qalma arzusunun n\u00f6vl\u0259ri\" \/>\n<meta property=\"og:url\" content=\"https:\/\/www.meydan.tv\/az\/article\/kapitalist-sistemden-kommunizme-suurlu-kecid-mumkundurmu-ikinci-yazi\/\" \/>\n<meta property=\"og:site_name\" content=\"MEYDAN.TV\" \/>\n<meta property=\"article:published_time\" content=\"2016-02-03T21:27:05+00:00\" \/>\n<meta property=\"og:image\" content=\"https:\/\/www.meydan.tv\/wp-content\/uploads\/17623.jpg\" \/>\n\t<meta property=\"og:image:width\" content=\"500\" \/>\n\t<meta property=\"og:image:height\" content=\"500\" \/>\n\t<meta property=\"og:image:type\" content=\"image\/jpeg\" \/>\n<meta name=\"author\" content=\"user-manager\" \/>\n<meta name=\"twitter:card\" content=\"summary_large_image\" \/>\n<script type=\"application\/ld+json\" class=\"yoast-schema-graph\">{\"@context\":\"https:\\\/\\\/schema.org\",\"@graph\":[{\"@type\":\"Article\",\"@id\":\"https:\\\/\\\/www.meydan.tv\\\/az\\\/article\\\/kapitalist-sistemden-kommunizme-suurlu-kecid-mumkundurmu-ikinci-yazi\\\/#article\",\"isPartOf\":{\"@id\":\"https:\\\/\\\/www.meydan.tv\\\/az\\\/article\\\/kapitalist-sistemden-kommunizme-suurlu-kecid-mumkundurmu-ikinci-yazi\\\/\"},\"author\":{\"name\":\"user-manager\",\"@id\":\"https:\\\/\\\/www.meydan.tv\\\/az\\\/#\\\/schema\\\/person\\\/10d11eccf6da3662cf5fdab9806ea91a\"},\"headline\":\"Kapitalist sistemd\u0259n kommunizm\u0259 \u015f\u00fcurlu ke\u00e7id m\u00fcmk\u00fcnd\u00fcrm\u00fc? (\u0130kinci yaz\u0131)\",\"datePublished\":\"2016-02-03T21:27:05+00:00\",\"mainEntityOfPage\":{\"@id\":\"https:\\\/\\\/www.meydan.tv\\\/az\\\/article\\\/kapitalist-sistemden-kommunizme-suurlu-kecid-mumkundurmu-ikinci-yazi\\\/\"},\"wordCount\":1386,\"publisher\":{\"@id\":\"https:\\\/\\\/www.meydan.tv\\\/az\\\/#organization\"},\"image\":{\"@id\":\"https:\\\/\\\/www.meydan.tv\\\/az\\\/article\\\/kapitalist-sistemden-kommunizme-suurlu-kecid-mumkundurmu-ikinci-yazi\\\/#primaryimage\"},\"thumbnailUrl\":\"https:\\\/\\\/www.meydan.tv\\\/wp-content\\\/uploads\\\/17623.jpg\",\"articleSection\":[\"M\u0259nim Fikrimc\u0259\"],\"inLanguage\":\"az\"},{\"@type\":\"WebPage\",\"@id\":\"https:\\\/\\\/www.meydan.tv\\\/az\\\/article\\\/kapitalist-sistemden-kommunizme-suurlu-kecid-mumkundurmu-ikinci-yazi\\\/\",\"url\":\"https:\\\/\\\/www.meydan.tv\\\/az\\\/article\\\/kapitalist-sistemden-kommunizme-suurlu-kecid-mumkundurmu-ikinci-yazi\\\/\",\"name\":\"Kapitalist sistemd\u0259n kommunizm\u0259 \u015f\u00fcurlu ke\u00e7id m\u00fcmk\u00fcnd\u00fcrm\u00fc? (\u0130kinci yaz\u0131) - MEYDAN.TV\",\"isPartOf\":{\"@id\":\"https:\\\/\\\/www.meydan.tv\\\/az\\\/#website\"},\"primaryImageOfPage\":{\"@id\":\"https:\\\/\\\/www.meydan.tv\\\/az\\\/article\\\/kapitalist-sistemden-kommunizme-suurlu-kecid-mumkundurmu-ikinci-yazi\\\/#primaryimage\"},\"image\":{\"@id\":\"https:\\\/\\\/www.meydan.tv\\\/az\\\/article\\\/kapitalist-sistemden-kommunizme-suurlu-kecid-mumkundurmu-ikinci-yazi\\\/#primaryimage\"},\"thumbnailUrl\":\"https:\\\/\\\/www.meydan.tv\\\/wp-content\\\/uploads\\\/17623.jpg\",\"datePublished\":\"2016-02-03T21:27:05+00:00\",\"breadcrumb\":{\"@id\":\"https:\\\/\\\/www.meydan.tv\\\/az\\\/article\\\/kapitalist-sistemden-kommunizme-suurlu-kecid-mumkundurmu-ikinci-yazi\\\/#breadcrumb\"},\"inLanguage\":\"az\",\"potentialAction\":[{\"@type\":\"ReadAction\",\"target\":[\"https:\\\/\\\/www.meydan.tv\\\/az\\\/article\\\/kapitalist-sistemden-kommunizme-suurlu-kecid-mumkundurmu-ikinci-yazi\\\/\"]}]},{\"@type\":\"ImageObject\",\"inLanguage\":\"az\",\"@id\":\"https:\\\/\\\/www.meydan.tv\\\/az\\\/article\\\/kapitalist-sistemden-kommunizme-suurlu-kecid-mumkundurmu-ikinci-yazi\\\/#primaryimage\",\"url\":\"https:\\\/\\\/www.meydan.tv\\\/wp-content\\\/uploads\\\/17623.jpg\",\"contentUrl\":\"https:\\\/\\\/www.meydan.tv\\\/wp-content\\\/uploads\\\/17623.jpg\",\"width\":500,\"height\":500,\"caption\":\"Source:\"},{\"@type\":\"BreadcrumbList\",\"@id\":\"https:\\\/\\\/www.meydan.tv\\\/az\\\/article\\\/kapitalist-sistemden-kommunizme-suurlu-kecid-mumkundurmu-ikinci-yazi\\\/#breadcrumb\",\"itemListElement\":[{\"@type\":\"ListItem\",\"position\":1,\"name\":\"Ana s\u0259hif\u0259\",\"item\":\"https:\\\/\\\/www.meydan.tv\\\/az\\\/\"},{\"@type\":\"ListItem\",\"position\":2,\"name\":\"M\u0259nim Fikrimc\u0259\",\"item\":\"https:\\\/\\\/www.meydan.tv\\\/az\\\/section\\\/menim-fikrimce\\\/\"},{\"@type\":\"ListItem\",\"position\":3,\"name\":\"Kapitalist sistemd\u0259n kommunizm\u0259 \u015f\u00fcurlu ke\u00e7id m\u00fcmk\u00fcnd\u00fcrm\u00fc? (\u0130kinci yaz\u0131)\"}]},{\"@type\":\"WebSite\",\"@id\":\"https:\\\/\\\/www.meydan.tv\\\/az\\\/#website\",\"url\":\"https:\\\/\\\/www.meydan.tv\\\/az\\\/\",\"name\":\"MEYDAN.TV\",\"description\":\"Meydan TV Az\u0259rbaycan\u0131n media m\u0259kan\u0131ndak\u0131 alternativ s\u0259sidir\",\"publisher\":{\"@id\":\"https:\\\/\\\/www.meydan.tv\\\/az\\\/#organization\"},\"potentialAction\":[{\"@type\":\"SearchAction\",\"target\":{\"@type\":\"EntryPoint\",\"urlTemplate\":\"https:\\\/\\\/www.meydan.tv\\\/az\\\/?s={search_term_string}\"},\"query-input\":{\"@type\":\"PropertyValueSpecification\",\"valueRequired\":true,\"valueName\":\"search_term_string\"}}],\"inLanguage\":\"az\"},{\"@type\":\"Organization\",\"@id\":\"https:\\\/\\\/www.meydan.tv\\\/az\\\/#organization\",\"name\":\"Meydan TV\",\"url\":\"https:\\\/\\\/www.meydan.tv\\\/az\\\/\",\"logo\":{\"@type\":\"ImageObject\",\"inLanguage\":\"az\",\"@id\":\"https:\\\/\\\/www.meydan.tv\\\/az\\\/#\\\/schema\\\/logo\\\/image\\\/\",\"url\":\"https:\\\/\\\/www.meydan.tv\\\/wp-content\\\/uploads\\\/2021\\\/07\\\/meydan-logo.svg\",\"contentUrl\":\"https:\\\/\\\/www.meydan.tv\\\/wp-content\\\/uploads\\\/2021\\\/07\\\/meydan-logo.svg\",\"width\":195,\"height\":46,\"caption\":\"Meydan TV\"},\"image\":{\"@id\":\"https:\\\/\\\/www.meydan.tv\\\/az\\\/#\\\/schema\\\/logo\\\/image\\\/\"}},{\"@type\":\"Person\",\"@id\":\"https:\\\/\\\/www.meydan.tv\\\/az\\\/#\\\/schema\\\/person\\\/10d11eccf6da3662cf5fdab9806ea91a\",\"name\":\"user-manager\"}]}<\/script>\n<!-- \/ Yoast SEO plugin. -->","yoast_head_json":{"title":"Kapitalist sistemd\u0259n kommunizm\u0259 \u015f\u00fcurlu ke\u00e7id m\u00fcmk\u00fcnd\u00fcrm\u00fc? (\u0130kinci yaz\u0131) - MEYDAN.TV","robots":{"index":"index","follow":"follow","max-snippet":"max-snippet:-1","max-image-preview":"max-image-preview:large","max-video-preview":"max-video-preview:-1"},"canonical":"https:\/\/www.meydan.tv\/az\/article\/kapitalist-sistemden-kommunizme-suurlu-kecid-mumkundurmu-ikinci-yazi\/","og_locale":"az_AZ","og_type":"article","og_title":"Kapitalist sistemd\u0259n kommunizm\u0259 \u015f\u00fcurlu ke\u00e7id m\u00fcmk\u00fcnd\u00fcrm\u00fc? (\u0130kinci yaz\u0131) - MEYDAN.TV","og_description":"H\u0259yatda qalma arzusunun n\u00f6vl\u0259ri","og_url":"https:\/\/www.meydan.tv\/az\/article\/kapitalist-sistemden-kommunizme-suurlu-kecid-mumkundurmu-ikinci-yazi\/","og_site_name":"MEYDAN.TV","article_published_time":"2016-02-03T21:27:05+00:00","og_image":[{"width":500,"height":500,"url":"https:\/\/www.meydan.tv\/wp-content\/uploads\/17623.jpg","type":"image\/jpeg"}],"author":"user-manager","twitter_card":"summary_large_image","schema":{"@context":"https:\/\/schema.org","@graph":[{"@type":"Article","@id":"https:\/\/www.meydan.tv\/az\/article\/kapitalist-sistemden-kommunizme-suurlu-kecid-mumkundurmu-ikinci-yazi\/#article","isPartOf":{"@id":"https:\/\/www.meydan.tv\/az\/article\/kapitalist-sistemden-kommunizme-suurlu-kecid-mumkundurmu-ikinci-yazi\/"},"author":{"name":"user-manager","@id":"https:\/\/www.meydan.tv\/az\/#\/schema\/person\/10d11eccf6da3662cf5fdab9806ea91a"},"headline":"Kapitalist sistemd\u0259n kommunizm\u0259 \u015f\u00fcurlu ke\u00e7id m\u00fcmk\u00fcnd\u00fcrm\u00fc? (\u0130kinci yaz\u0131)","datePublished":"2016-02-03T21:27:05+00:00","mainEntityOfPage":{"@id":"https:\/\/www.meydan.tv\/az\/article\/kapitalist-sistemden-kommunizme-suurlu-kecid-mumkundurmu-ikinci-yazi\/"},"wordCount":1386,"publisher":{"@id":"https:\/\/www.meydan.tv\/az\/#organization"},"image":{"@id":"https:\/\/www.meydan.tv\/az\/article\/kapitalist-sistemden-kommunizme-suurlu-kecid-mumkundurmu-ikinci-yazi\/#primaryimage"},"thumbnailUrl":"https:\/\/www.meydan.tv\/wp-content\/uploads\/17623.jpg","articleSection":["M\u0259nim Fikrimc\u0259"],"inLanguage":"az"},{"@type":"WebPage","@id":"https:\/\/www.meydan.tv\/az\/article\/kapitalist-sistemden-kommunizme-suurlu-kecid-mumkundurmu-ikinci-yazi\/","url":"https:\/\/www.meydan.tv\/az\/article\/kapitalist-sistemden-kommunizme-suurlu-kecid-mumkundurmu-ikinci-yazi\/","name":"Kapitalist sistemd\u0259n kommunizm\u0259 \u015f\u00fcurlu ke\u00e7id m\u00fcmk\u00fcnd\u00fcrm\u00fc? (\u0130kinci yaz\u0131) - MEYDAN.TV","isPartOf":{"@id":"https:\/\/www.meydan.tv\/az\/#website"},"primaryImageOfPage":{"@id":"https:\/\/www.meydan.tv\/az\/article\/kapitalist-sistemden-kommunizme-suurlu-kecid-mumkundurmu-ikinci-yazi\/#primaryimage"},"image":{"@id":"https:\/\/www.meydan.tv\/az\/article\/kapitalist-sistemden-kommunizme-suurlu-kecid-mumkundurmu-ikinci-yazi\/#primaryimage"},"thumbnailUrl":"https:\/\/www.meydan.tv\/wp-content\/uploads\/17623.jpg","datePublished":"2016-02-03T21:27:05+00:00","breadcrumb":{"@id":"https:\/\/www.meydan.tv\/az\/article\/kapitalist-sistemden-kommunizme-suurlu-kecid-mumkundurmu-ikinci-yazi\/#breadcrumb"},"inLanguage":"az","potentialAction":[{"@type":"ReadAction","target":["https:\/\/www.meydan.tv\/az\/article\/kapitalist-sistemden-kommunizme-suurlu-kecid-mumkundurmu-ikinci-yazi\/"]}]},{"@type":"ImageObject","inLanguage":"az","@id":"https:\/\/www.meydan.tv\/az\/article\/kapitalist-sistemden-kommunizme-suurlu-kecid-mumkundurmu-ikinci-yazi\/#primaryimage","url":"https:\/\/www.meydan.tv\/wp-content\/uploads\/17623.jpg","contentUrl":"https:\/\/www.meydan.tv\/wp-content\/uploads\/17623.jpg","width":500,"height":500,"caption":"Source:"},{"@type":"BreadcrumbList","@id":"https:\/\/www.meydan.tv\/az\/article\/kapitalist-sistemden-kommunizme-suurlu-kecid-mumkundurmu-ikinci-yazi\/#breadcrumb","itemListElement":[{"@type":"ListItem","position":1,"name":"Ana s\u0259hif\u0259","item":"https:\/\/www.meydan.tv\/az\/"},{"@type":"ListItem","position":2,"name":"M\u0259nim Fikrimc\u0259","item":"https:\/\/www.meydan.tv\/az\/section\/menim-fikrimce\/"},{"@type":"ListItem","position":3,"name":"Kapitalist sistemd\u0259n kommunizm\u0259 \u015f\u00fcurlu ke\u00e7id m\u00fcmk\u00fcnd\u00fcrm\u00fc? (\u0130kinci yaz\u0131)"}]},{"@type":"WebSite","@id":"https:\/\/www.meydan.tv\/az\/#website","url":"https:\/\/www.meydan.tv\/az\/","name":"MEYDAN.TV","description":"Meydan TV Az\u0259rbaycan\u0131n media m\u0259kan\u0131ndak\u0131 alternativ s\u0259sidir","publisher":{"@id":"https:\/\/www.meydan.tv\/az\/#organization"},"potentialAction":[{"@type":"SearchAction","target":{"@type":"EntryPoint","urlTemplate":"https:\/\/www.meydan.tv\/az\/?s={search_term_string}"},"query-input":{"@type":"PropertyValueSpecification","valueRequired":true,"valueName":"search_term_string"}}],"inLanguage":"az"},{"@type":"Organization","@id":"https:\/\/www.meydan.tv\/az\/#organization","name":"Meydan TV","url":"https:\/\/www.meydan.tv\/az\/","logo":{"@type":"ImageObject","inLanguage":"az","@id":"https:\/\/www.meydan.tv\/az\/#\/schema\/logo\/image\/","url":"https:\/\/www.meydan.tv\/wp-content\/uploads\/2021\/07\/meydan-logo.svg","contentUrl":"https:\/\/www.meydan.tv\/wp-content\/uploads\/2021\/07\/meydan-logo.svg","width":195,"height":46,"caption":"Meydan TV"},"image":{"@id":"https:\/\/www.meydan.tv\/az\/#\/schema\/logo\/image\/"}},{"@type":"Person","@id":"https:\/\/www.meydan.tv\/az\/#\/schema\/person\/10d11eccf6da3662cf5fdab9806ea91a","name":"user-manager"}]}},"_links":{"self":[{"href":"https:\/\/www.meydan.tv\/az\/wp-json\/wp\/v2\/posts\/173347","targetHints":{"allow":["GET"]}}],"collection":[{"href":"https:\/\/www.meydan.tv\/az\/wp-json\/wp\/v2\/posts"}],"about":[{"href":"https:\/\/www.meydan.tv\/az\/wp-json\/wp\/v2\/types\/post"}],"author":[{"embeddable":true,"href":"https:\/\/www.meydan.tv\/az\/wp-json\/wp\/v2\/users\/11"}],"replies":[{"embeddable":true,"href":"https:\/\/www.meydan.tv\/az\/wp-json\/wp\/v2\/comments?post=173347"}],"version-history":[{"count":0,"href":"https:\/\/www.meydan.tv\/az\/wp-json\/wp\/v2\/posts\/173347\/revisions"}],"wp:featuredmedia":[{"embeddable":true,"href":"https:\/\/www.meydan.tv\/az\/wp-json\/wp\/v2\/media\/47027"}],"wp:attachment":[{"href":"https:\/\/www.meydan.tv\/az\/wp-json\/wp\/v2\/media?parent=173347"}],"wp:term":[{"taxonomy":"category","embeddable":true,"href":"https:\/\/www.meydan.tv\/az\/wp-json\/wp\/v2\/categories?post=173347"},{"taxonomy":"post_tag","embeddable":true,"href":"https:\/\/www.meydan.tv\/az\/wp-json\/wp\/v2\/tags?post=173347"}],"curies":[{"name":"wp","href":"https:\/\/api.w.org\/{rel}","templated":true}]}}