{"id":173296,"date":"2016-02-02T18:12:38","date_gmt":"2016-02-02T18:12:38","guid":{"rendered":"https:\/\/www.meydan.tv\/article\/kapitalist-sistemden-komunizme-suurlu-kecid-mumkundurmu\/"},"modified":"2016-02-02T18:12:38","modified_gmt":"2016-02-02T18:12:38","slug":"kapitalist-sistemden-komunizme-suurlu-kecid-mumkundurmu","status":"publish","type":"post","link":"https:\/\/www.meydan.tv\/az\/article\/kapitalist-sistemden-komunizme-suurlu-kecid-mumkundurmu\/","title":{"rendered":"Kapitalist sistemd\u0259n Komunizm\u0259 \u015f\u00fcurlu ke\u00e7id m\u00fcmk\u00fcnd\u00fcrm\u00fc?"},"content":{"rendered":"<figure class=\"wp-block-image size-large\">\n  <img decoding=\"async\" src=\"https:\/\/www.meydan.tv\/az\/nise-haciyeva\/\" alt=\"Nis\u0259 Hac\u0131yeva\" class=\"wp-image-47027\"\/><figcaption>\n    Nis\u0259 Hac\u0131yeva<br \/>\n  <\/figcaption><\/figure>\n<figure class=\"wp-block-image size-large\">\n  <img decoding=\"async\" src=\"https:\/\/www.meydan.tv\/az\/nise-haciyeva-banner\/\" alt=\"Nis\u0259 Hac\u0131yeva banner\" class=\"wp-image-47030\"\/><figcaption>\n    Nis\u0259 Bac\u0131yeva banner<br \/>\n  <\/figcaption><\/figure>\n<p>\n  <b><br \/>\n    Giri\u015f<br \/>\n  <\/b>\n<\/p>\n<p>\n  Karl Marks (1818-1883) \u201cAlman \u0130deologiyas\u0131\u201d \u0259s\u0259rind\u0259 insanlar\u0131n \u015f\u00fcurlu v\u0259 \u015f\u00fcursuz davran\u0131\u015flar\u0131n\u0131 ay\u0131ran ilk \u015f\u0259xsl\u0259rd\u0259ndir. O, h\u0259m\u00e7inin ondan \u00f6nc\u0259 g\u0259l\u0259n Hegelin (1770-1831) f\u0259ls\u0259f\u0259sind\u0259n imtina ed\u0259r\u0259k insan\u0131 v\u0259 \u015f\u00fcuru m\u0259rk\u0259zl\u0259\u015fdirir, bug\u00fcnk\u00fc insan\u0131n davran\u0131\u015flar\u0131n\u0131 tarix\u0259 \u0259sas\u0259n qiym\u0259tl\u0259ndirir.\n<\/p>\n<p>\n  O, insanlar\u0131n dig\u0259r canl\u0131lar kimi instinktl\u0259r\u0259 ba\u015f \u0259yib, \u015f\u00fcurunu i\u015fl\u0259tm\u0259diyind\u0259n \u015fikay\u0259tl\u0259nir.\u00a0 Marks deyir ki, \u201cinsan\u0131n qoyundan f\u0259rqi, \u015f\u00fcurunu instinkti il\u0259 \u0259v\u0259zl\u0259nm\u0259si v\u0259 ya instinktinin \u015f\u00fcurlu olmas\u0131d\u0131r\u201d. M\u0259\u015fhur siyasi n\u0259z\u0259riyy\u0259\u00e7i v\u0259 marksist Allan Woods Marks\u0131n ideologiyas\u0131nda daha da d\u0259rin\u0259 ged\u0259r\u0259k, \u015f\u00fcurun n\u0259 oldu\u011funu izah edir v\u0259 kommunizmin \u015f\u00fcurlu se\u00e7im olaca\u011f\u0131na inan\u0131r.\n<\/p>\n<p>\n  Lakin o da Marks kimi \u015f\u00fcurumuzun h\u0259yat\u0131m\u0131z\u0131 formala\u015fd\u0131rmas\u0131ndan\u00a0 \u00e7ox, h\u0259yat\u0131m\u0131z\u0131n \u015f\u00fcurumuzu formala\u015fd\u0131rmas\u0131na inan\u0131r. Marksa g\u00f6r\u0259 iki c\u00fcr \u015f\u0259rait var: biri insanlar\u0131n \u00f6zl\u0259ri yaratd\u0131\u011f\u0131 \u015f\u0259rait, dig\u0259ri var olan v\u0259 q\u0259bul edil\u0259n \u015f\u0259rait. Bunun \u00fc\u00e7\u00fcn d\u0259 o d\u00fc\u015f\u00fcn\u00fcr ki, insanlar\u00a0 \u00f6z instiktl\u0259rind\u0259n v\u0259 tarixin gedi\u015fat\u0131ndan imtina ed\u0259r\u0259k \u015f\u00fcurlu \u015f\u0259kild\u0259 daha yax\u015f\u0131 c\u0259miyy\u0259t qurmal\u0131d\u0131r.\u00a0 Bunun n\u0259 q\u0259d\u0259r m\u00fcmk\u00fcn oldu\u011funu analiz etm\u0259k \u00fc\u00e7\u00fcn m\u0259n Alan Woodsun \u201cMarksizm n\u0259dir\u201d v\u0259 \u201cKarl Marks\u0131n fikirk\u0259ri\u201d m\u0259qal\u0259l\u0259rind\u0259ki yanl\u0131\u015flar\u0131 izah etm\u0259y\u0259 \u00e7al\u0131\u015faca\u011fam. Eyni zamanda da\u00a0 insanlar\u0131n instikl\u0259rinin n\u0259 oldu\u011funu, \u015f\u00fcurla instinktin f\u0259rqini izah ed\u0259c\u0259y\u0259m.\n<\/p>\n<p>\n  <b><br \/>\n    \u015e\u00fcurlu se\u00e7im olaraq Komunizm<br \/>\n  <\/b>\n<\/p>\n<p>\n  Alan Woods \u201cMarksizm n\u0259dir?\u201d m\u0259qal\u0259sind\u0259 b\u00fct\u00fcn \u00fcmidl\u0259rini i\u015f\u00e7i sinfin\u0259 ba\u011flay\u0131r. O inan\u0131r ki, i\u015f\u00e7i sinfi h\u0259yat\u0131n h\u0259qiqi m\u0259nas\u0131n\u0131 taparaq \u00f6z taleyini \u015f\u00fcurlu \u015f\u0259kild\u0259 \u00f6z\u00fc t\u0259yin ed\u0259 bil\u0259c\u0259k. O d\u00fc\u015f\u00fcn\u00fcr ki, i\u015f\u00e7i sinfin h\u0259qiq\u0259tl\u0259ri gizl\u0259tm\u0259k \u00fc\u00e7\u00fcn he\u00e7 bir mara\u011f\u0131 yoxdur, v\u0259 o, kapitalizmi r\u0259dd edib marksizmd\u0259 \u00f6z qurtulu\u015funu axtarmal\u0131d\u0131r v\u0259 bunda da ona \u015f\u00fcuru k\u00f6m\u0259k ed\u0259c\u0259k. Bu, kapitalist sistemd\u0259n \u015f\u00fcurlu \u015f\u0259kild\u0259 kommunizm\u0259 ke\u00e7id olacaq.\n<\/p>\n<p>\n  Lakin Alan Woods m\u0259kt\u0259bl\u0259rin v\u0259 median\u0131n c\u0259miyy\u0259td\u0259 hakim sinfin ideologiyas\u0131n\u0131 t\u0259\u015fviq etm\u0259sind\u0259n v\u0259 bununla da \u015f\u00fcurlu sosialist ideologiyas\u0131n\u0131 yox, \u015f\u00fcursuz kapitalizmi m\u0259cburi yaymas\u0131ndan gileyl\u0259nir.<br \/>\n  <sup><br \/>\n    1<br \/>\n  <\/sup>\n<\/p>\n<p>\n  Eyni zamanda da o, \u015f\u00fcurun t\u0259kam\u00fcl\u00fcn m\u00fc\u0259yy\u0259n m\u0259rh\u0259l\u0259sind\u0259 m\u0259rk\u0259zi sinir sistemi v\u0259 beyin inki\u015faf\u0131 ba\u015f ver\u0259r\u0259k Homo Sapiens, y\u0259ni s\u00fcurlu insana ke\u00e7idini q\u0259bul edir.<br \/>\n  <sup><br \/>\n    2<br \/>\n  <\/sup><br \/>\n  Burada bir ziddiy\u0259t do\u011fur.\n<\/p>\n<p>\n  \u018fg\u0259r Allan Woods insanlar\u0131n \u015f\u00fcurlu oldu\u011funa inan\u0131rsa, o zaman niy\u0259 h\u0259l\u0259 d\u0259 sosializm v\u0259 ya kommunizm yoxdur? Niy\u0259 kapitalist sistem \u015f\u00fcurlu insanlar\u0131n \u015f\u00fcursuz se\u00e7imidir?<br \/>\n  <br \/>\n  \u0130kinci m\u0259s\u0259l\u0259: Alan Woodsun \u015f\u00fcurumuzun h\u0259yat\u0131m\u0131z\u0131 formala\u015fd\u0131rmas\u0131ndan \u00e7ox, h\u0259yat\u0131m\u0131z\u0131n \u015f\u00fcurumuzu formala\u015fd\u0131rmas\u0131na inanmas\u0131d\u0131r.\u00a0 O, beynimizin m\u00fc\u0259yy\u0259n rol oynamas\u0131n\u0131 q\u0259bul edir, amma h\u0259yat\u0131m\u0131z\u0131 v\u0259 tarixi azad se\u00e7imimizl\u0259 yaratd\u0131\u011f\u0131m\u0131z\u0131 d\u00fc\u015f\u00fcnm\u00fcr.<br \/>\n  <sup><br \/>\n    3<br \/>\n  <\/sup><br \/>\n  Lakin \u0259g\u0259r \u015f\u00fcurumuzu dig\u0259r t\u0259kam\u00fcl\u00fcn n\u0259tic\u0259l\u0259ri il\u0259 m\u00fcqayis\u0259 ets\u0259k, g\u00f6r\u0259rik ki, h\u0259r iki t\u0259sir, y\u0259ni \u015f\u0259raitin insana v\u0259 insan\u0131n \u015f\u0259rait\u0259 t\u0259siri eynidir. Nec\u0259 ki, \u015f\u0259rait h\u0259yatda qalmaq \u00fc\u00e7\u00fcn \u0259ll\u0259rimizi, g\u00f6zl\u0259rimizi inki\u015faf el\u0259tdirib, el\u0259c\u0259 d\u0259 h\u0259min \u0259ll\u0259rl\u0259 v\u0259 g\u00f6zl\u0259rl\u0259 biz \u0259trafdaki \u015f\u0259raiti d\u0259yi\u015firik. Eyni il\u0259 \u015f\u00fcur da.\n<\/p>\n<p>\n  Alan Woodsun insan\u0131n \u0259traf\u0131n\u0131 v\u0259 h\u0259yat\u0131n\u0131 d\u0259yi\u015fm\u0259sin\u0259 inanmamas\u0131na baxmayaraq, o, insanlar\u0131n kapitalist sistemi kommunizm\u0259 d\u0259yi\u015f\u0259c\u0259yin\u0259 inan\u0131r. Lakin ondan f\u0259rqli olaraq, m\u0259n insan\u0131n \u0259traf\u0131n\u0131 d\u0259yi\u015fm\u0259sin\u0259 inansam da, bu d\u0259yi\u015fikliyin kommunizm olaca\u011f\u0131na inanm\u0131ram. \u00c7\u00fcnki bizim \u015f\u00fcurumuz daima instinktl\u0259rimiz il\u0259 y\u00f6n\u0259ldilib v\u0259 y\u00f6n\u0259ldil\u0259c\u0259k. Bizim \u015f\u00fcurumuz \u0259ll\u0259rimiz, g\u00f6zl\u0259rimiz v\u0259 dig\u0259r \u00fczvl\u0259rimiz v\u0259 bacar\u0131qlar\u0131m\u0131z kimi sad\u0259c\u0259 bir m\u0259qs\u0259d \u00fc\u00e7\u00fcn \u00e7al\u0131\u015f\u0131r. V\u0259 bu m\u0259qs\u0259d d\u0259 h\u0259yatda qalmaqd\u0131r.\n<\/p>\n<p>\n  \u0130nsan\u0131n b\u00fct\u00fcn x\u00fcsusiyy\u0259tl\u0259ri m\u0259hz bu instinkt\u0259 g\u00f6r\u0259 inki\u015faf edib v\u0259 bu instinkt \u00fc\u00e7\u00fcn xidm\u0259t edir. Onun \u00fc\u00e7\u00fcn d\u0259 Marks\u0131n t\u0259klif etdiyi kimi biz instinktl\u0259rimizd\u0259n n\u0259 imtina ed\u0259, n\u0259 d\u0259 onlar\u0131 d\u0259yi\u015f\u0259 bil\u0259rik.<br \/>\n  <sup><br \/>\n    4<br \/>\n  <\/sup><\/p>\n<p>  <b><br \/>\n    \u015e\u00fcur v\u0259 instinktl\u0259r<br \/>\n  <\/b>\n<\/p>\n<p>\n  \u015e\u00fcur n\u0259dir? \u015e\u00fcur rasional davran\u0131\u015f, y\u0259ni \u201cyax\u015f\u0131\u201d v\u0259 \u201cpis\u201d anlay\u0131\u015flar\u0131n\u0131, d\u0259y\u0259rl\u0259ri forrmala\u015fd\u0131ran n\u0259sn\u0259dir ki, n\u0259tic\u0259 olaraq m\u00fchakim\u0259 etm\u0259, se\u00e7im etm\u0259 v\u0259 q\u0259rar q\u0259bul etm\u0259y\u0259 k\u00f6m\u0259k olur.<br \/>\n  <sup><br \/>\n    5<br \/>\n  <\/sup><br \/>\n  T\u0259bii se\u00e7m\u0259 n\u0259z\u0259riyy\u0259sin\u0259 \u0259sas\u0259n, b\u0259sit canl\u0131lar t\u0259kam\u00fcl\u00fc qeyri-\u015f\u00fcursuz ke\u00e7ib. Lakin biz f\u0259rqli orqanlar\u0131n inki\u015faf\u0131na t\u0259kan ver\u0259n, bug\u00fcnk\u00fc insan\u0131 v\u0259 dig\u0259r canl\u0131lar\u0131n haz\u0131rki v\u0259ziyy\u0259tl\u0259rin\u0259 g\u0259tirib \u00e7\u0131xaran n\u0259sn\u0259ni dana bilm\u0259rik. Bu n\u0259sn\u0259 m\u0259hz h\u0259yatda qalma instinktidir.<br \/>\n  <sup><br \/>\n    6<br \/>\n  <\/sup>\n<\/p>\n<p>\n  Schopenhauer\u0259 g\u00f6r\u0259 canl\u0131lar v\u0259 bitkil\u0259r aras\u0131nda bir f\u0259rq var: bitkil\u0259r h\u0259yatda stimulun s\u0259yasind\u0259 qal\u0131rsa, canl\u0131lar motivasiya s\u0259yasind\u0259 qal\u0131r. Stimul, bitkil\u0259ri \u0259traf m\u00fchitin verdiyi siqnallara g\u00f6r\u0259 d\u0259yi\u015fm\u0259sini t\u0259min edir (m\u0259s. G\u00fcn\u0259\u015f\u0259 t\u0259r\u0259f d\u00f6n\u0259n bitki). Lakin canl\u0131larda olan bir miqdar a\u011f\u0131l h\u0259yatda qalman\u0131 f\u0259aliyy\u0259t\u0259 \u00e7evirir. V\u0259 \u0259n n\u0259hay\u0259t, \u015f\u00fcurlu insan d\u0259rk etm\u0259y\u0259, m\u0259lumat q\u0259bul etm\u0259y\u0259, yadda\u015fa sahib oldu\u011fu \u00fc\u00e7\u00fcn daha m\u00fcr\u0259kk\u0259b davran\u0131r. Daha m\u00fcr\u0259kk\u0259b davranmas\u0131 insan\u0131 motivasiyadan azad g\u00f6st\u0259rs\u0259 d\u0259, real olaraq bitkil\u0259r v\u0259 dig\u0259r canl\u0131lar kimi \u0259traf siqnallara instinktiv reaksiya verir.<br \/>\n  <sup><br \/>\n    7<br \/>\n  <\/sup><br \/>\n  Bu instinkt t\u0259kam\u00fcl prossesinin \u00f6z\u00fcn\u0259 t\u0259kan verib v\u0259 m\u00fc\u0259yy\u0259n m\u0259rh\u0259l\u0259d\u0259 \u015f\u00fcuru formala\u015fd\u0131r\u0131b.<br \/>\n  <br \/>\n  T\u0259kam\u00fcl\u00fcn \u015f\u00fcuru formala\u015fd\u0131rmas\u0131na baxmayaraq, bizim ist\u0259yimiz ilk t\u0259kh\u00fcceyr\u0259li canl\u0131lardan bu yana d\u0259yi\u015fm\u0259z ya\u015famaq arzusuna fokuslan\u0131b v\u0259 bu arzunu t\u0259min edir.\u00a0 \u015e\u00fcur is\u0259 sad\u0259c\u0259 bizim m\u0259lumat alma qabiliyy\u0259timizdir. Lakin bu m\u0259lumat\u0131 d\u0259y\u0259rl\u0259ndir\u0259rk\u0259n v\u0259 m\u0259lumata \u0259sas\u0259n davranark\u0259n, q\u0259rar q\u0259bul ed\u0259rk\u0259n biz \u00f6z instinktimiz\u0259 ba\u015f \u0259yirik.<br \/>\n  <sup><br \/>\n    8<br \/>\n  <\/sup><br \/>\n  Q\u0131sacas\u0131, \u015f\u00fcurun t\u0259kam\u00fcl\u00fc biz\u0259 daha \u00e7ox m\u0259lumat almaqda, daha \u00e7ox biliy\u0259 sahib olmaqda k\u00f6m\u0259k edir ki, biz bu m\u0259lumatlar\u0131 v\u0259 bilikl\u0259ri \u00f6z \u0259sas arzumuz \u00fc\u00e7\u00fcn istifad\u0259 ed\u0259k.<br \/>\n  <br \/>\n  \u015e\u00fcur biz\u0259 haz\u0131rki \u015f\u0259raitd\u0259 adaptasiya olmaqda, daha \u00e7ox h\u0259yatda qalmaqda v\u0259 r\u0259qab\u0259td\u0259 daha g\u00fccl\u00fc olmaqda k\u00f6m\u0259k edir. Buna g\u00f6r\u0259 d\u0259, Marks\u0131n g\u00f6zl\u0259diyi kimi \u015f\u00fcur instinktin yerini\u00a0 tuta bilm\u0259z, t\u0259m \u0259ksin\u0259 \u015f\u00fcur \u00f6zl\u00fcy\u00fcnd\u0259 m\u0259hz instinkt\u0259 g\u00f6r\u0259 inki\u015faf edir.\n<\/p>\n<p>\n  H\u0259tta humanizm v\u0259 altruizm kimi ideal g\u00f6r\u00fcn\u0259n insan davran\u0131\u015flar\u0131 v\u0259 ideologiyalar\u0131, h\u0259m\u00e7inin instinktl\u0259rin dikt\u0259 etdiyi davran\u0131\u015flar v\u0259 fikirl\u0259rdir. \u015e\u00fcurumuz vasit\u0259si il\u0259 empatiya quraraq milliyy\u0259t\u00e7i, yaxud onun tam \u0259ksi kimi q\u0259bul edil\u0259n humanist fikirl\u0259r da\u015f\u0131ya bil\u0259rik. Milliy\u0259t\u00e7ilik sad\u0259c\u0259 humanizmin daha lokal formas\u0131d\u0131r. Daha geni\u015f \u015f\u00fcura sahib olan daha d\u0259rin empatiya qura bil\u0259n milliy\u0259t\u00e7iliyi inkar edib humanizmi q\u0259bul edir. Bir s\u00f6zl\u0259, se\u00e7im n\u0259 olur olsun, instinktl\u0259 y\u00f6nl\u0259nir.\u00a0 Lakin se\u00e7im ed\u0259r\u0259k insan \u015f\u00fcurun potensial\u0131na g\u00f6r\u0259 rasional davran\u0131r.\n<\/p>\n<p>\n  B\u00fct\u00fcn \u201cyax\u015f\u0131\u201d v\u0259 \u201cpis\u201d dediyimiz d\u0259y\u0259rl\u0259r, \u201cdo\u011fru\u201d v\u0259 \u201cyaln\u0131\u015f\u201d m\u00fchakim\u0259l\u0259r v\u0259 ideologiyalar universal deyil.\u00a0 Ham\u0131s\u0131 insan beyninin m\u0259hsuludur. \u0130nsan yoxdursa, bu fikirl\u0259r d\u0259 yoxdur. Bu d\u0259y\u0259rl\u0259r v\u0259 fikirl\u0259r \u015f\u0259rait\u0259, m\u0259lumata v\u0259 biliy\u0259 g\u00f6r\u0259 d\u0259yi\u015fir. D\u0259yi\u015fm\u0259z olan sad\u0259c\u0259 b\u00fct\u00fcn \u015f\u0259raitl\u0259rd\u0259 h\u0259yatda qalmaq arzusudur.\n<\/p>\n<ol>\n<li>\n      Alan Woods and Rob Sewel, What is Marxism, 2000:<br \/>\n      <a href=\"http:\/\/www.marxist.com\/what-is-marxism-economics-materialism.htm\" target=\"_blank\" rel=\"noopener\"><br \/>\n        http:\/\/www.marxist.com\/what-is-marxism-economics-materialism.htm<br \/>\n      <\/a>\n    <\/li>\n<li>\n      Alan Woods,<br \/>\n      <a href=\"http:\/\/www.marxist.com\/karl-marx-130-years.htm\" target=\"_blank\" rel=\"noopener\"><br \/>\n        The Ideas of Karl Marx<br \/>\n      <\/a><br \/>\n      , 2013:<br \/>\n      <a href=\"http:\/\/www.marxist.com\/karl-marx-130-years.htm\" target=\"_blank\" rel=\"noopener\"><br \/>\n        http:\/\/www.marxist.com\/karl-marx-130-years.htm<br \/>\n      <\/a>\n    <\/li>\n<li>\n      Alan Woods and Rob Sewel, What is Marxism, 2000<br \/>\n      <a href=\"http:\/\/www.marxist.com\/what-is-marxism-economics-materialism.htm\"><br \/>\n        http:\/\/www.marxist.com\/what-is-marxism-economics-materialism.htm<br \/>\n      <\/a>\n    <\/li>\n<li>\n      Karl Marx, The German Idelogy:<br \/>\n      <a href=\"https:\/\/www.marxists.org\/archive\/marx\/works\/1845\/german-ideology\/ch01.htm\" target=\"_blank\" rel=\"noopener\"><br \/>\n        Feuerbach: Opposition of the Materialist and Idealist Outlooks<br \/>\n      <\/a><br \/>\n      , 1932:<br \/>\n      <a href=\"\/admin\/articles\/\" target=\"_blank\" rel=\"noopener\"><br \/>\n        https:\/\/www.marxists.org\/archive\/marx\/works\/1845\/german-ideology\/<br \/>\n      <\/a>\n    <\/li>\n<li>\n      <a href=\"http:\/\/www.co-intelligence.org\/Consciousness.html\" target=\"_blank\" rel=\"noopener\"><br \/>\n        http:\/\/www.co-intelligence.org\/Consciousness.html<br \/>\n      <\/a>\n    <\/li>\n<li>\n      Richard Dawkins, The Selfish Gene,<br \/>\n      <a href=\"https:\/\/books.google.com.tr\/url?client=ca-print-oxford_us&amp;format=googleprint&amp;num=0&amp;id=WkHO9HI7koEC&amp;q=http:\/\/www.oup.com\/localecatalogue\/google\/%3Fi%3D9780192860927&amp;usg=AFQjCNFG7lefkSK-UnGp3t4v44odWKvtwA&amp;source=gbs_buy_r\" target=\"_blank\" rel=\"noopener\"><br \/>\n        Oxford University Press<br \/>\n      <\/a><br \/>\n      , 1989, p.254\n    <\/li>\n<li>\n      <a href=\"http:\/\/www.amazon.com\/Arthur-Schopenhauer\/e\/B001H6IER2\/ref=dp_byline_cont_book_1\" target=\"_blank\" rel=\"noopener\"><br \/>\n        Arthur Schopenhauer<br \/>\n      <\/a><br \/>\n      , Essay<br \/>\n      <a href=\"https:\/\/www.google.com.tr\/url?sa=t&amp;rct=j&amp;q=&amp;esrc=s&amp;source=web&amp;cd=2&amp;cad=rja&amp;uact=8&amp;ved=0ahUKEwiDiuq_yvDJAhWHORoKHRP3AA4QFgggMAE&amp;url=http%3A%2F%2Fwww.ucl.ac.uk%2F~uctytho%2FdfwHannanSchop.html&amp;usg=AFQjCNGs1hJeHbKSkeKbrcF4HBfIwyMjog\" target=\"_blank\" rel=\"noopener\"><br \/>\n        on Freedom of the Will<br \/>\n      <\/a><br \/>\n      , Cambridge University Press, 1999\n    <\/li>\n<li>\n      <a href=\"http:\/\/www.co-intelligence.org\/CompassionEvolving.html\" target=\"_blank\" rel=\"noopener\"><br \/>\n        http:\/\/www.co-intelligence.org\/CompassionEvolving.html<br \/>\n      <\/a>\n    <\/li>\n<\/ol>\n<p>\n  <i><br \/>\n    Davam\u0131 var&#8230;<br \/>\n  <\/i>\n<\/p>\n<p>\n  <b><br \/>\n    Yaz\u0131 m\u00fc\u0259llifin \u015f\u0259xsi m\u00f6vqeyini \u0259ks etdirir&#8230;<br \/>\n  <\/b><\/p>\n","protected":false},"excerpt":{"rendered":"<p>F\u0259ls\u0259fi analiz<\/p>\n","protected":false},"author":11,"featured_media":47027,"comment_status":"closed","ping_status":"open","sticky":false,"template":"","format":"standard","meta":{"_acf_changed":false,"_sitemap_exclude":false,"_sitemap_priority":"","_sitemap_frequency":"","footnotes":""},"categories":[57],"tags":[],"class_list":["post-173296","post","type-post","status-publish","format-standard","has-post-thumbnail","hentry","category-menim-fikrimce","infinite-scroll-item","generate-columns","tablet-grid-50","mobile-grid-100","grid-parent","grid-33","no-featured-image-padding"],"acf":[],"yoast_head":"<!-- This site is optimized with the Yoast SEO plugin v27.5 - https:\/\/yoast.com\/product\/yoast-seo-wordpress\/ -->\n<title>Kapitalist sistemd\u0259n Komunizm\u0259 \u015f\u00fcurlu ke\u00e7id m\u00fcmk\u00fcnd\u00fcrm\u00fc? - MEYDAN.TV<\/title>\n<meta name=\"robots\" content=\"index, follow, max-snippet:-1, max-image-preview:large, max-video-preview:-1\" \/>\n<link rel=\"canonical\" href=\"https:\/\/www.meydan.tv\/az\/article\/kapitalist-sistemden-komunizme-suurlu-kecid-mumkundurmu\/\" \/>\n<meta property=\"og:locale\" content=\"az_AZ\" \/>\n<meta property=\"og:type\" content=\"article\" \/>\n<meta property=\"og:title\" content=\"Kapitalist sistemd\u0259n Komunizm\u0259 \u015f\u00fcurlu ke\u00e7id m\u00fcmk\u00fcnd\u00fcrm\u00fc? - MEYDAN.TV\" \/>\n<meta property=\"og:description\" content=\"F\u0259ls\u0259fi analiz\" \/>\n<meta property=\"og:url\" content=\"https:\/\/www.meydan.tv\/az\/article\/kapitalist-sistemden-komunizme-suurlu-kecid-mumkundurmu\/\" \/>\n<meta property=\"og:site_name\" content=\"MEYDAN.TV\" \/>\n<meta property=\"article:published_time\" content=\"2016-02-02T18:12:38+00:00\" \/>\n<meta property=\"og:image\" content=\"https:\/\/www.meydan.tv\/wp-content\/uploads\/17623.jpg\" \/>\n\t<meta property=\"og:image:width\" content=\"500\" \/>\n\t<meta property=\"og:image:height\" content=\"500\" \/>\n\t<meta property=\"og:image:type\" content=\"image\/jpeg\" \/>\n<meta name=\"author\" content=\"user-manager\" \/>\n<meta name=\"twitter:card\" content=\"summary_large_image\" \/>\n<script type=\"application\/ld+json\" class=\"yoast-schema-graph\">{\"@context\":\"https:\\\/\\\/schema.org\",\"@graph\":[{\"@type\":\"Article\",\"@id\":\"https:\\\/\\\/www.meydan.tv\\\/az\\\/article\\\/kapitalist-sistemden-komunizme-suurlu-kecid-mumkundurmu\\\/#article\",\"isPartOf\":{\"@id\":\"https:\\\/\\\/www.meydan.tv\\\/az\\\/article\\\/kapitalist-sistemden-komunizme-suurlu-kecid-mumkundurmu\\\/\"},\"author\":{\"name\":\"user-manager\",\"@id\":\"https:\\\/\\\/www.meydan.tv\\\/az\\\/#\\\/schema\\\/person\\\/10d11eccf6da3662cf5fdab9806ea91a\"},\"headline\":\"Kapitalist sistemd\u0259n Komunizm\u0259 \u015f\u00fcurlu ke\u00e7id m\u00fcmk\u00fcnd\u00fcrm\u00fc?\",\"datePublished\":\"2016-02-02T18:12:38+00:00\",\"mainEntityOfPage\":{\"@id\":\"https:\\\/\\\/www.meydan.tv\\\/az\\\/article\\\/kapitalist-sistemden-komunizme-suurlu-kecid-mumkundurmu\\\/\"},\"wordCount\":1537,\"publisher\":{\"@id\":\"https:\\\/\\\/www.meydan.tv\\\/az\\\/#organization\"},\"image\":{\"@id\":\"https:\\\/\\\/www.meydan.tv\\\/az\\\/article\\\/kapitalist-sistemden-komunizme-suurlu-kecid-mumkundurmu\\\/#primaryimage\"},\"thumbnailUrl\":\"https:\\\/\\\/www.meydan.tv\\\/wp-content\\\/uploads\\\/17623.jpg\",\"articleSection\":[\"M\u0259nim Fikrimc\u0259\"],\"inLanguage\":\"az\"},{\"@type\":\"WebPage\",\"@id\":\"https:\\\/\\\/www.meydan.tv\\\/az\\\/article\\\/kapitalist-sistemden-komunizme-suurlu-kecid-mumkundurmu\\\/\",\"url\":\"https:\\\/\\\/www.meydan.tv\\\/az\\\/article\\\/kapitalist-sistemden-komunizme-suurlu-kecid-mumkundurmu\\\/\",\"name\":\"Kapitalist sistemd\u0259n Komunizm\u0259 \u015f\u00fcurlu ke\u00e7id m\u00fcmk\u00fcnd\u00fcrm\u00fc? - MEYDAN.TV\",\"isPartOf\":{\"@id\":\"https:\\\/\\\/www.meydan.tv\\\/az\\\/#website\"},\"primaryImageOfPage\":{\"@id\":\"https:\\\/\\\/www.meydan.tv\\\/az\\\/article\\\/kapitalist-sistemden-komunizme-suurlu-kecid-mumkundurmu\\\/#primaryimage\"},\"image\":{\"@id\":\"https:\\\/\\\/www.meydan.tv\\\/az\\\/article\\\/kapitalist-sistemden-komunizme-suurlu-kecid-mumkundurmu\\\/#primaryimage\"},\"thumbnailUrl\":\"https:\\\/\\\/www.meydan.tv\\\/wp-content\\\/uploads\\\/17623.jpg\",\"datePublished\":\"2016-02-02T18:12:38+00:00\",\"breadcrumb\":{\"@id\":\"https:\\\/\\\/www.meydan.tv\\\/az\\\/article\\\/kapitalist-sistemden-komunizme-suurlu-kecid-mumkundurmu\\\/#breadcrumb\"},\"inLanguage\":\"az\",\"potentialAction\":[{\"@type\":\"ReadAction\",\"target\":[\"https:\\\/\\\/www.meydan.tv\\\/az\\\/article\\\/kapitalist-sistemden-komunizme-suurlu-kecid-mumkundurmu\\\/\"]}]},{\"@type\":\"ImageObject\",\"inLanguage\":\"az\",\"@id\":\"https:\\\/\\\/www.meydan.tv\\\/az\\\/article\\\/kapitalist-sistemden-komunizme-suurlu-kecid-mumkundurmu\\\/#primaryimage\",\"url\":\"https:\\\/\\\/www.meydan.tv\\\/wp-content\\\/uploads\\\/17623.jpg\",\"contentUrl\":\"https:\\\/\\\/www.meydan.tv\\\/wp-content\\\/uploads\\\/17623.jpg\",\"width\":500,\"height\":500,\"caption\":\"Source:\"},{\"@type\":\"BreadcrumbList\",\"@id\":\"https:\\\/\\\/www.meydan.tv\\\/az\\\/article\\\/kapitalist-sistemden-komunizme-suurlu-kecid-mumkundurmu\\\/#breadcrumb\",\"itemListElement\":[{\"@type\":\"ListItem\",\"position\":1,\"name\":\"Ana s\u0259hif\u0259\",\"item\":\"https:\\\/\\\/www.meydan.tv\\\/az\\\/\"},{\"@type\":\"ListItem\",\"position\":2,\"name\":\"M\u0259nim Fikrimc\u0259\",\"item\":\"https:\\\/\\\/www.meydan.tv\\\/az\\\/section\\\/menim-fikrimce\\\/\"},{\"@type\":\"ListItem\",\"position\":3,\"name\":\"Kapitalist sistemd\u0259n Komunizm\u0259 \u015f\u00fcurlu ke\u00e7id m\u00fcmk\u00fcnd\u00fcrm\u00fc?\"}]},{\"@type\":\"WebSite\",\"@id\":\"https:\\\/\\\/www.meydan.tv\\\/az\\\/#website\",\"url\":\"https:\\\/\\\/www.meydan.tv\\\/az\\\/\",\"name\":\"MEYDAN.TV\",\"description\":\"Meydan TV Az\u0259rbaycan\u0131n media m\u0259kan\u0131ndak\u0131 alternativ s\u0259sidir\",\"publisher\":{\"@id\":\"https:\\\/\\\/www.meydan.tv\\\/az\\\/#organization\"},\"potentialAction\":[{\"@type\":\"SearchAction\",\"target\":{\"@type\":\"EntryPoint\",\"urlTemplate\":\"https:\\\/\\\/www.meydan.tv\\\/az\\\/?s={search_term_string}\"},\"query-input\":{\"@type\":\"PropertyValueSpecification\",\"valueRequired\":true,\"valueName\":\"search_term_string\"}}],\"inLanguage\":\"az\"},{\"@type\":\"Organization\",\"@id\":\"https:\\\/\\\/www.meydan.tv\\\/az\\\/#organization\",\"name\":\"Meydan TV\",\"url\":\"https:\\\/\\\/www.meydan.tv\\\/az\\\/\",\"logo\":{\"@type\":\"ImageObject\",\"inLanguage\":\"az\",\"@id\":\"https:\\\/\\\/www.meydan.tv\\\/az\\\/#\\\/schema\\\/logo\\\/image\\\/\",\"url\":\"https:\\\/\\\/www.meydan.tv\\\/wp-content\\\/uploads\\\/2021\\\/07\\\/meydan-logo.svg\",\"contentUrl\":\"https:\\\/\\\/www.meydan.tv\\\/wp-content\\\/uploads\\\/2021\\\/07\\\/meydan-logo.svg\",\"width\":195,\"height\":46,\"caption\":\"Meydan TV\"},\"image\":{\"@id\":\"https:\\\/\\\/www.meydan.tv\\\/az\\\/#\\\/schema\\\/logo\\\/image\\\/\"}},{\"@type\":\"Person\",\"@id\":\"https:\\\/\\\/www.meydan.tv\\\/az\\\/#\\\/schema\\\/person\\\/10d11eccf6da3662cf5fdab9806ea91a\",\"name\":\"user-manager\"}]}<\/script>\n<!-- \/ Yoast SEO plugin. -->","yoast_head_json":{"title":"Kapitalist sistemd\u0259n Komunizm\u0259 \u015f\u00fcurlu ke\u00e7id m\u00fcmk\u00fcnd\u00fcrm\u00fc? - MEYDAN.TV","robots":{"index":"index","follow":"follow","max-snippet":"max-snippet:-1","max-image-preview":"max-image-preview:large","max-video-preview":"max-video-preview:-1"},"canonical":"https:\/\/www.meydan.tv\/az\/article\/kapitalist-sistemden-komunizme-suurlu-kecid-mumkundurmu\/","og_locale":"az_AZ","og_type":"article","og_title":"Kapitalist sistemd\u0259n Komunizm\u0259 \u015f\u00fcurlu ke\u00e7id m\u00fcmk\u00fcnd\u00fcrm\u00fc? - MEYDAN.TV","og_description":"F\u0259ls\u0259fi analiz","og_url":"https:\/\/www.meydan.tv\/az\/article\/kapitalist-sistemden-komunizme-suurlu-kecid-mumkundurmu\/","og_site_name":"MEYDAN.TV","article_published_time":"2016-02-02T18:12:38+00:00","og_image":[{"width":500,"height":500,"url":"https:\/\/www.meydan.tv\/wp-content\/uploads\/17623.jpg","type":"image\/jpeg"}],"author":"user-manager","twitter_card":"summary_large_image","schema":{"@context":"https:\/\/schema.org","@graph":[{"@type":"Article","@id":"https:\/\/www.meydan.tv\/az\/article\/kapitalist-sistemden-komunizme-suurlu-kecid-mumkundurmu\/#article","isPartOf":{"@id":"https:\/\/www.meydan.tv\/az\/article\/kapitalist-sistemden-komunizme-suurlu-kecid-mumkundurmu\/"},"author":{"name":"user-manager","@id":"https:\/\/www.meydan.tv\/az\/#\/schema\/person\/10d11eccf6da3662cf5fdab9806ea91a"},"headline":"Kapitalist sistemd\u0259n Komunizm\u0259 \u015f\u00fcurlu ke\u00e7id m\u00fcmk\u00fcnd\u00fcrm\u00fc?","datePublished":"2016-02-02T18:12:38+00:00","mainEntityOfPage":{"@id":"https:\/\/www.meydan.tv\/az\/article\/kapitalist-sistemden-komunizme-suurlu-kecid-mumkundurmu\/"},"wordCount":1537,"publisher":{"@id":"https:\/\/www.meydan.tv\/az\/#organization"},"image":{"@id":"https:\/\/www.meydan.tv\/az\/article\/kapitalist-sistemden-komunizme-suurlu-kecid-mumkundurmu\/#primaryimage"},"thumbnailUrl":"https:\/\/www.meydan.tv\/wp-content\/uploads\/17623.jpg","articleSection":["M\u0259nim Fikrimc\u0259"],"inLanguage":"az"},{"@type":"WebPage","@id":"https:\/\/www.meydan.tv\/az\/article\/kapitalist-sistemden-komunizme-suurlu-kecid-mumkundurmu\/","url":"https:\/\/www.meydan.tv\/az\/article\/kapitalist-sistemden-komunizme-suurlu-kecid-mumkundurmu\/","name":"Kapitalist sistemd\u0259n Komunizm\u0259 \u015f\u00fcurlu ke\u00e7id m\u00fcmk\u00fcnd\u00fcrm\u00fc? - MEYDAN.TV","isPartOf":{"@id":"https:\/\/www.meydan.tv\/az\/#website"},"primaryImageOfPage":{"@id":"https:\/\/www.meydan.tv\/az\/article\/kapitalist-sistemden-komunizme-suurlu-kecid-mumkundurmu\/#primaryimage"},"image":{"@id":"https:\/\/www.meydan.tv\/az\/article\/kapitalist-sistemden-komunizme-suurlu-kecid-mumkundurmu\/#primaryimage"},"thumbnailUrl":"https:\/\/www.meydan.tv\/wp-content\/uploads\/17623.jpg","datePublished":"2016-02-02T18:12:38+00:00","breadcrumb":{"@id":"https:\/\/www.meydan.tv\/az\/article\/kapitalist-sistemden-komunizme-suurlu-kecid-mumkundurmu\/#breadcrumb"},"inLanguage":"az","potentialAction":[{"@type":"ReadAction","target":["https:\/\/www.meydan.tv\/az\/article\/kapitalist-sistemden-komunizme-suurlu-kecid-mumkundurmu\/"]}]},{"@type":"ImageObject","inLanguage":"az","@id":"https:\/\/www.meydan.tv\/az\/article\/kapitalist-sistemden-komunizme-suurlu-kecid-mumkundurmu\/#primaryimage","url":"https:\/\/www.meydan.tv\/wp-content\/uploads\/17623.jpg","contentUrl":"https:\/\/www.meydan.tv\/wp-content\/uploads\/17623.jpg","width":500,"height":500,"caption":"Source:"},{"@type":"BreadcrumbList","@id":"https:\/\/www.meydan.tv\/az\/article\/kapitalist-sistemden-komunizme-suurlu-kecid-mumkundurmu\/#breadcrumb","itemListElement":[{"@type":"ListItem","position":1,"name":"Ana s\u0259hif\u0259","item":"https:\/\/www.meydan.tv\/az\/"},{"@type":"ListItem","position":2,"name":"M\u0259nim Fikrimc\u0259","item":"https:\/\/www.meydan.tv\/az\/section\/menim-fikrimce\/"},{"@type":"ListItem","position":3,"name":"Kapitalist sistemd\u0259n Komunizm\u0259 \u015f\u00fcurlu ke\u00e7id m\u00fcmk\u00fcnd\u00fcrm\u00fc?"}]},{"@type":"WebSite","@id":"https:\/\/www.meydan.tv\/az\/#website","url":"https:\/\/www.meydan.tv\/az\/","name":"MEYDAN.TV","description":"Meydan TV Az\u0259rbaycan\u0131n media m\u0259kan\u0131ndak\u0131 alternativ s\u0259sidir","publisher":{"@id":"https:\/\/www.meydan.tv\/az\/#organization"},"potentialAction":[{"@type":"SearchAction","target":{"@type":"EntryPoint","urlTemplate":"https:\/\/www.meydan.tv\/az\/?s={search_term_string}"},"query-input":{"@type":"PropertyValueSpecification","valueRequired":true,"valueName":"search_term_string"}}],"inLanguage":"az"},{"@type":"Organization","@id":"https:\/\/www.meydan.tv\/az\/#organization","name":"Meydan TV","url":"https:\/\/www.meydan.tv\/az\/","logo":{"@type":"ImageObject","inLanguage":"az","@id":"https:\/\/www.meydan.tv\/az\/#\/schema\/logo\/image\/","url":"https:\/\/www.meydan.tv\/wp-content\/uploads\/2021\/07\/meydan-logo.svg","contentUrl":"https:\/\/www.meydan.tv\/wp-content\/uploads\/2021\/07\/meydan-logo.svg","width":195,"height":46,"caption":"Meydan TV"},"image":{"@id":"https:\/\/www.meydan.tv\/az\/#\/schema\/logo\/image\/"}},{"@type":"Person","@id":"https:\/\/www.meydan.tv\/az\/#\/schema\/person\/10d11eccf6da3662cf5fdab9806ea91a","name":"user-manager"}]}},"_links":{"self":[{"href":"https:\/\/www.meydan.tv\/az\/wp-json\/wp\/v2\/posts\/173296","targetHints":{"allow":["GET"]}}],"collection":[{"href":"https:\/\/www.meydan.tv\/az\/wp-json\/wp\/v2\/posts"}],"about":[{"href":"https:\/\/www.meydan.tv\/az\/wp-json\/wp\/v2\/types\/post"}],"author":[{"embeddable":true,"href":"https:\/\/www.meydan.tv\/az\/wp-json\/wp\/v2\/users\/11"}],"replies":[{"embeddable":true,"href":"https:\/\/www.meydan.tv\/az\/wp-json\/wp\/v2\/comments?post=173296"}],"version-history":[{"count":0,"href":"https:\/\/www.meydan.tv\/az\/wp-json\/wp\/v2\/posts\/173296\/revisions"}],"wp:featuredmedia":[{"embeddable":true,"href":"https:\/\/www.meydan.tv\/az\/wp-json\/wp\/v2\/media\/47027"}],"wp:attachment":[{"href":"https:\/\/www.meydan.tv\/az\/wp-json\/wp\/v2\/media?parent=173296"}],"wp:term":[{"taxonomy":"category","embeddable":true,"href":"https:\/\/www.meydan.tv\/az\/wp-json\/wp\/v2\/categories?post=173296"},{"taxonomy":"post_tag","embeddable":true,"href":"https:\/\/www.meydan.tv\/az\/wp-json\/wp\/v2\/tags?post=173296"}],"curies":[{"name":"wp","href":"https:\/\/api.w.org\/{rel}","templated":true}]}}