{"id":173270,"date":"2016-02-01T21:38:50","date_gmt":"2016-02-01T21:38:50","guid":{"rendered":"https:\/\/www.meydan.tv\/article\/evin-yarisini-sokub-pulu-basqasina-odeyibler-video\/"},"modified":"2016-02-01T21:38:50","modified_gmt":"2016-02-01T21:38:50","slug":"evin-yarisini-sokub-pulu-basqasina-odeyibler-video","status":"publish","type":"post","link":"https:\/\/www.meydan.tv\/az\/article\/evin-yarisini-sokub-pulu-basqasina-odeyibler-video\/","title":{"rendered":"&#8221;Evin yar\u0131s\u0131n\u0131 s\u00f6k\u00fcb, pulu ba\u015fqas\u0131na \u00f6d\u0259yibl\u0259r&#8221; (V\u0130DEO)"},"content":{"rendered":"<figure class=\"wp-block-embed is-type-video is-provider-youtube wp-block-embed-youtube wp-embed-aspect-16-9 wp-has-aspect-ratio\">\n<div class=\"wp-block-embed__wrapper\">\n    <iframe loading=\"lazy\"\ttitle=\"\" width=\"1200\" height=\"675\" src=\"https:\/\/www.youtube.com\/embed\/pO4qIRwM3qs\"\tframeborder=\"0\"\tallow=\"accelerometer; autoplay; clipboard-write; encrypted-media; gyroscope; picture-in-picture\" allowfullscreen><\/iframe>\n  <\/div><figcaption><\/figcaption><\/figure>\n<p>\n  <i><br \/>\n    Sovetskid\u0259 ya\u015fayan \u018fhm\u0259d \u018fhm\u0259dovun da evi s\u00f6k\u00fcl\u0259nl\u0259r siyah\u0131s\u0131ndad\u0131r.<br \/>\n  <\/i>\n<\/p>\n<p>\n  O deyir ki, evinin arxas\u0131n\u0131 qanunsuz olaraq qaz\u0131blar. N\u0259tic\u0259d\u0259 yanvar\u0131n 13-d\u0259 evl\u0259rind\u0259 qaz s\u0131zmas\u0131ndan partlay\u0131\u015f ba\u015f verib.\n<\/p>\n<p>\n  \u018fhm\u0259d \u018fhm\u0259dovun s\u00f6zl\u0259rin\u0259 g\u00f6r\u0259, partlay\u0131\u015fdan sonra m\u0259lum olub ki, yerin 2m 20 sm d\u0259rinliyind\u0259 qaz s\u0131z\u0131r.\n<\/p>\n<p>\n  \u018fhm\u0259d \u018fhm\u0259ov yan\u011f\u0131n\u0131n t\u0259sad\u00fcfi ba\u015f verm\u0259diyini bildirir. Onun s\u00f6zl\u0259rin\u0259 g\u00f6r\u0259, anas\u0131na m\u0259xsus 100kv-l\u0131q evi s\u00f6k\u00fcb, kompensasiyan\u0131 da ba\u015fqa bir adama \u00f6d\u0259yibl\u0259r.\n<\/p>\n<p>\n  Yasamal rayon \u0130cra Hakimiyy\u0259tind\u0259n Meydan TV-y\u0259 bildirilib ki, \u015fikay\u0259t\u00e7i d\u0259f\u0259l\u0259rl\u0259 K\u00f6\u00e7\u00fcrm\u0259 Komissiyas\u0131nda olub. Ona t\u00f6vsiy\u0259 olunub ki, m\u0259nzilin m\u00fclkiyy\u0259t s\u0259n\u0259dl\u0259ri il\u0259 ba\u011fl\u0131, h\u0259m\u00e7inin h\u0259min \u00fcnvanda ya\u015fam\u0131\u015f v\u0259 k\u00f6\u00e7\u00fcr\u00fclm\u00fc\u015f dig\u0259r sakinl\u0259rl\u0259 aralar\u0131nda yaranm\u0131\u015f m\u00fcbahis\u0259li v\u0259ziyy\u0259tl\u0259 \u0259laq\u0259dar m\u0259hk\u0259m\u0259y\u0259 m\u00fcraci\u0259t etsin. Qurumdan onu da bildiribl\u0259r ki, \u018fhm\u0259d \u018fhm\u0259dovun m\u0259nzilind\u0259ki qaz cihaz\u0131 istismara yarars\u0131z oldu\u011fundan partlay\u0131\u015f ba\u015f verib. Ba\u015fqa s\u0259b\u0259b yoxdur.\n<\/p>\n<p>\n  __<br \/>\n  <br \/>\n  Bu videonu izl\u0259y\u0259n h\u0259r k\u0259s h\u0259m d\u0259 MeydanTV-nin &#8220;Xalq\u0131n X\u0259b\u0259ri&#8221; v\u0259t\u0259nda\u015f jurnalistikas\u0131 layih\u0259sind\u0259 i\u015ftirak ed\u0259 bil\u0259r. Bel\u0259 ki, qeyd etdiyiniz videolar\u0131, \u00e7\u0259kdiyiniz fotolar\u0131, bildiyiniz m\u0259lumatlar\u0131 biziml\u0259 payla\u015fa bil\u0259rsiniz.<br \/>\n  <br \/>\n  Whatsapp n\u00f6mr\u0259miz: +49 176 16263646<\/p>\n","protected":false},"excerpt":{"rendered":"<p>Sovetskid\u0259 ya\u015fayan \u018fhm\u0259d \u018fhm\u0259dovun da evi s\u00f6k\u00fcl\u0259nl\u0259r siyah\u0131s\u0131ndad\u0131r.<\/p>\n","protected":false},"author":11,"featured_media":46901,"comment_status":"closed","ping_status":"open","sticky":false,"template":"","format":"standard","meta":{"_acf_changed":false,"_sitemap_exclude":false,"_sitemap_priority":"","_sitemap_frequency":"","footnotes":""},"categories":[63],"tags":[],"class_list":["post-173270","post","type-post","status-publish","format-standard","has-post-thumbnail","hentry","category-video-2","infinite-scroll-item","generate-columns","tablet-grid-50","mobile-grid-100","grid-parent","grid-33","no-featured-image-padding"],"acf":[],"yoast_head":"<!-- This site is optimized with the Yoast SEO plugin v28.4 - https:\/\/yoast.com\/product\/yoast-seo-wordpress\/ -->\n<title>&#039;&#039;Evin yar\u0131s\u0131n\u0131 s\u00f6k\u00fcb, pulu ba\u015fqas\u0131na \u00f6d\u0259yibl\u0259r&#039;&#039; (V\u0130DEO) - MEYDAN.TV<\/title>\n<meta name=\"robots\" content=\"index, follow, max-snippet:-1, max-image-preview:large, max-video-preview:-1\" \/>\n<link rel=\"canonical\" href=\"https:\/\/www.meydan.tv\/az\/article\/evin-yarisini-sokub-pulu-basqasina-odeyibler-video\/\" \/>\n<meta property=\"og:locale\" content=\"az_AZ\" \/>\n<meta property=\"og:type\" content=\"article\" \/>\n<meta property=\"og:title\" content=\"&#039;&#039;Evin yar\u0131s\u0131n\u0131 s\u00f6k\u00fcb, pulu ba\u015fqas\u0131na \u00f6d\u0259yibl\u0259r&#039;&#039; (V\u0130DEO) - MEYDAN.TV\" \/>\n<meta property=\"og:description\" content=\"Sovetskid\u0259 ya\u015fayan \u018fhm\u0259d \u018fhm\u0259dovun da evi s\u00f6k\u00fcl\u0259nl\u0259r siyah\u0131s\u0131ndad\u0131r.\" \/>\n<meta property=\"og:url\" content=\"https:\/\/www.meydan.tv\/az\/article\/evin-yarisini-sokub-pulu-basqasina-odeyibler-video\/\" \/>\n<meta property=\"og:site_name\" content=\"MEYDAN.TV\" \/>\n<meta property=\"article:published_time\" content=\"2016-02-01T21:38:50+00:00\" \/>\n<meta property=\"og:image\" content=\"https:\/\/www.meydan.tv\/wp-content\/uploads\/17560.png\" \/>\n\t<meta property=\"og:image:width\" content=\"850\" \/>\n\t<meta property=\"og:image:height\" content=\"436\" \/>\n\t<meta property=\"og:image:type\" content=\"image\/png\" \/>\n<meta name=\"twitter:card\" content=\"summary_large_image\" \/>\n<!-- \/ Yoast SEO plugin. -->","yoast_head_json":{"title":"''Evin yar\u0131s\u0131n\u0131 s\u00f6k\u00fcb, pulu ba\u015fqas\u0131na \u00f6d\u0259yibl\u0259r'' (V\u0130DEO) - MEYDAN.TV","robots":{"index":"index","follow":"follow","max-snippet":"max-snippet:-1","max-image-preview":"max-image-preview:large","max-video-preview":"max-video-preview:-1"},"canonical":"https:\/\/www.meydan.tv\/az\/article\/evin-yarisini-sokub-pulu-basqasina-odeyibler-video\/","og_locale":"az_AZ","og_type":"article","og_title":"''Evin yar\u0131s\u0131n\u0131 s\u00f6k\u00fcb, pulu ba\u015fqas\u0131na \u00f6d\u0259yibl\u0259r'' (V\u0130DEO) - MEYDAN.TV","og_description":"Sovetskid\u0259 ya\u015fayan \u018fhm\u0259d \u018fhm\u0259dovun da evi s\u00f6k\u00fcl\u0259nl\u0259r siyah\u0131s\u0131ndad\u0131r.","og_url":"https:\/\/www.meydan.tv\/az\/article\/evin-yarisini-sokub-pulu-basqasina-odeyibler-video\/","og_site_name":"MEYDAN.TV","article_published_time":"2016-02-01T21:38:50+00:00","og_image":[{"width":850,"height":436,"url":"https:\/\/www.meydan.tv\/wp-content\/uploads\/17560.png","type":"image\/png"}],"twitter_card":"summary_large_image","schema":{"@context":"https:\/\/schema.org","@graph":[{"@type":"Article","@id":"https:\/\/www.meydan.tv\/az\/article\/evin-yarisini-sokub-pulu-basqasina-odeyibler-video\/#article","isPartOf":{"@id":"https:\/\/www.meydan.tv\/az\/article\/evin-yarisini-sokub-pulu-basqasina-odeyibler-video\/"},"author":{"name":"user-manager","@id":"https:\/\/www.meydan.tv\/az\/#\/schema\/person\/10d11eccf6da3662cf5fdab9806ea91a"},"headline":"&#8221;Evin yar\u0131s\u0131n\u0131 s\u00f6k\u00fcb, pulu ba\u015fqas\u0131na \u00f6d\u0259yibl\u0259r&#8221; (V\u0130DEO)","datePublished":"2016-02-01T21:38:50+00:00","mainEntityOfPage":{"@id":"https:\/\/www.meydan.tv\/az\/article\/evin-yarisini-sokub-pulu-basqasina-odeyibler-video\/"},"wordCount":274,"publisher":{"@id":"https:\/\/www.meydan.tv\/az\/#organization"},"image":{"@id":"https:\/\/www.meydan.tv\/az\/article\/evin-yarisini-sokub-pulu-basqasina-odeyibler-video\/#primaryimage"},"thumbnailUrl":"https:\/\/www.meydan.tv\/wp-content\/uploads\/17560.png","articleSection":["Video"],"inLanguage":"az"},{"@type":"WebPage","@id":"https:\/\/www.meydan.tv\/az\/article\/evin-yarisini-sokub-pulu-basqasina-odeyibler-video\/","url":"https:\/\/www.meydan.tv\/az\/article\/evin-yarisini-sokub-pulu-basqasina-odeyibler-video\/","name":"''Evin yar\u0131s\u0131n\u0131 s\u00f6k\u00fcb, pulu ba\u015fqas\u0131na \u00f6d\u0259yibl\u0259r'' (V\u0130DEO) - MEYDAN.TV","isPartOf":{"@id":"https:\/\/www.meydan.tv\/az\/#website"},"primaryImageOfPage":{"@id":"https:\/\/www.meydan.tv\/az\/article\/evin-yarisini-sokub-pulu-basqasina-odeyibler-video\/#primaryimage"},"image":{"@id":"https:\/\/www.meydan.tv\/az\/article\/evin-yarisini-sokub-pulu-basqasina-odeyibler-video\/#primaryimage"},"thumbnailUrl":"https:\/\/www.meydan.tv\/wp-content\/uploads\/17560.png","datePublished":"2016-02-01T21:38:50+00:00","breadcrumb":{"@id":"https:\/\/www.meydan.tv\/az\/article\/evin-yarisini-sokub-pulu-basqasina-odeyibler-video\/#breadcrumb"},"inLanguage":"az","potentialAction":[{"@type":"ReadAction","target":["https:\/\/www.meydan.tv\/az\/article\/evin-yarisini-sokub-pulu-basqasina-odeyibler-video\/"]}]},{"@type":"ImageObject","inLanguage":"az","@id":"https:\/\/www.meydan.tv\/az\/article\/evin-yarisini-sokub-pulu-basqasina-odeyibler-video\/#primaryimage","url":"https:\/\/www.meydan.tv\/wp-content\/uploads\/17560.png","contentUrl":"https:\/\/www.meydan.tv\/wp-content\/uploads\/17560.png","width":850,"height":436,"caption":"Source:"},{"@type":"BreadcrumbList","@id":"https:\/\/www.meydan.tv\/az\/article\/evin-yarisini-sokub-pulu-basqasina-odeyibler-video\/#breadcrumb","itemListElement":[{"@type":"ListItem","position":1,"name":"Ana s\u0259hif\u0259","item":"https:\/\/www.meydan.tv\/az\/"},{"@type":"ListItem","position":2,"name":"Video","item":"https:\/\/www.meydan.tv\/az\/section\/video-2\/"},{"@type":"ListItem","position":3,"name":"&#8221;Evin yar\u0131s\u0131n\u0131 s\u00f6k\u00fcb, pulu ba\u015fqas\u0131na \u00f6d\u0259yibl\u0259r&#8221; (V\u0130DEO)"}]},{"@type":"WebSite","@id":"https:\/\/www.meydan.tv\/az\/#website","url":"https:\/\/www.meydan.tv\/az\/","name":"MEYDAN.TV","description":"Meydan TV Az\u0259rbaycan\u0131n media m\u0259kan\u0131ndak\u0131 alternativ s\u0259sidir","publisher":{"@id":"https:\/\/www.meydan.tv\/az\/#organization"},"potentialAction":[{"@type":"SearchAction","target":{"@type":"EntryPoint","urlTemplate":"https:\/\/www.meydan.tv\/az\/?s={search_term_string}"},"query-input":{"@type":"PropertyValueSpecification","valueRequired":true,"valueName":"search_term_string"}}],"inLanguage":"az"},{"@type":"Organization","@id":"https:\/\/www.meydan.tv\/az\/#organization","name":"Meydan TV","url":"https:\/\/www.meydan.tv\/az\/","logo":{"@type":"ImageObject","inLanguage":"az","@id":"https:\/\/www.meydan.tv\/az\/#\/schema\/logo\/image\/","url":"https:\/\/www.meydan.tv\/wp-content\/uploads\/2021\/07\/meydan-logo.svg","contentUrl":"https:\/\/www.meydan.tv\/wp-content\/uploads\/2021\/07\/meydan-logo.svg","width":195,"height":46,"caption":"Meydan TV"},"image":{"@id":"https:\/\/www.meydan.tv\/az\/#\/schema\/logo\/image\/"}},{"@type":"Person","@id":"https:\/\/www.meydan.tv\/az\/#\/schema\/person\/10d11eccf6da3662cf5fdab9806ea91a","name":"user-manager"}]}},"_links":{"self":[{"href":"https:\/\/www.meydan.tv\/az\/wp-json\/wp\/v2\/posts\/173270","targetHints":{"allow":["GET"]}}],"collection":[{"href":"https:\/\/www.meydan.tv\/az\/wp-json\/wp\/v2\/posts"}],"about":[{"href":"https:\/\/www.meydan.tv\/az\/wp-json\/wp\/v2\/types\/post"}],"author":[{"embeddable":true,"href":"https:\/\/www.meydan.tv\/az\/wp-json\/wp\/v2\/users\/11"}],"replies":[{"embeddable":true,"href":"https:\/\/www.meydan.tv\/az\/wp-json\/wp\/v2\/comments?post=173270"}],"version-history":[{"count":0,"href":"https:\/\/www.meydan.tv\/az\/wp-json\/wp\/v2\/posts\/173270\/revisions"}],"wp:featuredmedia":[{"embeddable":true,"href":"https:\/\/www.meydan.tv\/az\/wp-json\/wp\/v2\/media\/46901"}],"wp:attachment":[{"href":"https:\/\/www.meydan.tv\/az\/wp-json\/wp\/v2\/media?parent=173270"}],"wp:term":[{"taxonomy":"category","embeddable":true,"href":"https:\/\/www.meydan.tv\/az\/wp-json\/wp\/v2\/categories?post=173270"},{"taxonomy":"post_tag","embeddable":true,"href":"https:\/\/www.meydan.tv\/az\/wp-json\/wp\/v2\/tags?post=173270"}],"curies":[{"name":"wp","href":"https:\/\/api.w.org\/{rel}","templated":true}]}}