{"id":173264,"date":"2016-02-01T17:24:53","date_gmt":"2016-02-01T17:24:53","guid":{"rendered":"https:\/\/www.meydan.tv\/article\/bextever-hakimiyyetimiz\/"},"modified":"2016-02-01T17:24:53","modified_gmt":"2016-02-01T17:24:53","slug":"bextever-hakimiyyetimiz","status":"publish","type":"post","link":"https:\/\/www.meydan.tv\/az\/article\/bextever-hakimiyyetimiz\/","title":{"rendered":"B\u0259xt\u0259v\u0259r hakimiyy\u0259timiz"},"content":{"rendered":"<figure class=\"wp-block-image size-large\">\n  <img decoding=\"async\" src=\"https:\/\/www.meydan.tv\/az\/45008\/\" alt=\"\" class=\"wp-image-45008\"\/><figcaption><\/figcaption><\/figure>\n<figure class=\"wp-block-image size-large\">\n  <img decoding=\"async\" src=\"https:\/\/www.meydan.tv\/az\/45014\/\" alt=\"\" class=\"wp-image-45014\"\/><figcaption><\/figcaption><\/figure>\n<p>\n  Xalq\u0131 bilmir\u0259m, amma bizim hakimiyy\u0259t b\u0259xt\u0259v\u0259rlik sah\u0259sind\u0259 d\u00fcnyada birinci yeri tutur. He\u00e7 k\u0259s v\u0259 he\u00e7 n\u0259 onun xo\u015f ovqat\u0131n\u0131 t\u0259lx ed\u0259 bilm\u0259z.\n<\/p>\n<p>\n  Neft ucuzla\u015f\u0131r. Onun \u201cqazanc\u0131\u201d azalacaq? \u018fsla yox. Xalq\u0131n \u00e7\u00f6r\u0259k pay\u0131 ki\u00e7il\u0259c\u0259k.\n<\/p>\n<p>\n  Sumqay\u0131tda q\u0131zc\u0131\u011faz anas\u0131ndan \u201ch\u0259kim\u0259 verm\u0259y\u0259 pulumuz yoxdur\u201d e\u015fidib \u00f6z\u00fcn\u00fc d\u0259niz\u0259 at\u0131r v\u0259 bo\u011fulur. El\u0259 bilirsiniz hakimiyy\u0259t bunu e\u015fidib ruh\u0259n sars\u0131l\u0131r? \u018fsla yox. Hakimiyy\u0259t xalq\u0131n cibin\u0259 girm\u0259k bar\u0259d\u0259 daha d\u0259rind\u0259n d\u00fc\u015f\u00fcn\u00fcr. Bunun \u0259n rahat \u00fcsulu xaricd\u0259n borc al\u0131b, h\u0259min borcu xalq\u0131n belin\u0259 \u015f\u0259l\u0259l\u0259m\u0259kdir.\n<\/p>\n<p>\n  Prezident m\u00fc\u015favir\u0259 ke\u00e7irir. \u201cVolqa \u00e7ay\u0131 X\u0259z\u0259r d\u0259nizin\u0259 t\u00f6k\u00fcl\u00fcr\u201d s\u0259pgili analoqu olmayan d\u0259rin fikirl\u0259r s\u0259sl\u0259ndirir. Nazirl\u0259r \u00e7al\u0131\u015fqan \u015fagirdl\u0259r kimi ba\u015flar\u0131n\u0131 a\u015fa\u011f\u0131 sal\u0131b, onun dedikl\u0259rini ka\u011f\u0131za k\u00f6\u00e7\u00fcr\u00fcrl\u0259r. B\u0259zil\u0259ri h\u0259tta g\u0259rginlikd\u0259n dilini \u00e7\u0131xar\u0131b.\n<\/p>\n<p>\n  M\u00fc\u015favir\u0259 deyil, imla d\u0259rsidir. M\u00fc\u015favir\u0259d\u0259 ham\u0131n\u0131n fikir s\u00f6yl\u0259m\u0259k h\u00fcququ olur. Prezidentin m\u00fc\u015favir\u0259sind\u0259 t\u0259k \u00f6z\u00fc dan\u0131\u015f\u0131r. \u201cM\u00fc\u0259llim\u201d imla deyir, \u201c\u015fagirdl\u0259r\u201d yaz\u0131r.\n<\/p>\n<p>\n  Maraql\u0131d\u0131r, \u201c\u015fagirdl\u0259r\u201din qafalar\u0131nda hans\u0131 fikirl\u0259r dola\u015f\u0131r? Bax, bu koppu\u015f nazir g\u00f6r\u0259s\u0259n n\u0259 d\u00fc\u015f\u00fcn\u00fcr? Fil-filo! Cadug\u0259r onun fikirl\u0259rini m\u0259n\u0259 a\u015fkarlay\u0131r! N\u0259 g\u00f6z\u0259l fikirdir!\n<\/p>\n<p>\n  \u201cCaniki uddum. M\u0259n deyirdim Prezident 15-ci d\u0259f\u0259dir bizi r\u00fc\u015fv\u0259t almama\u011fa \u00e7a\u011f\u0131r\u0131r, Canik deyirdi 13-c\u00fc d\u0259f\u0259dir. Tap\u015f\u0131rd\u0131m, m\u0259tbuat xidm\u0259tim Az.TV-d\u0259n b\u00fct\u00fcn verili\u015fl\u0259ri g\u00f6t\u00fcrd\u00fc, g\u00fcn\u00fcyn\u0259n-saat\u0131ynan. M\u0259n dey\u0259n d\u00fcz \u00e7\u0131xd\u0131. Canik m\u0259n\u0259 qonaql\u0131q uduzdu. M\u0259s\u0259l\u0259 qonaql\u0131qda deyil, adam g\u0259r\u0259k \u201cvnimatelni\u201d olsun, prezidentin b\u00fct\u00fcn \u00e7a\u011f\u0131r\u0131\u015flar\u0131n\u0131 yadda saxlas\u0131n\u201d.\n<\/p>\n<p>\n  \u018fg\u0259r kims\u0259 bu \u201c\u015fagirdl\u0259r\u201din yaz\u0131lar\u0131n\u0131 g\u00f6t\u00fcr\u00fcb yoxlasa, b\u0259lli olar ki, onlar\u0131n \u0259ks\u0259riyy\u0259ti imladan yaln\u0131z v\u0259 yaln\u0131z \u201ciki\u201dy\u0259 layiqdir. Lakin s\u00f6hb\u0259t imladan getmir, onlar r\u0259hb\u0259rlik etdikl\u0259ri sah\u0259l\u0259rd\u0259 d\u0259 \u201ciki\u201dlik i\u015fl\u0259yirl\u0259r.\n<\/p>\n<p>\n  Bel\u0259 olmasayd\u0131, \u00f6lk\u0259nin v\u0259ziyy\u0259ti bunca ac\u0131nacaql\u0131 olmazd\u0131.\n<\/p>\n<p>\n  D\u00f6vl\u0259td\u0259 \u0259ks-\u0259laq\u0259 yoxdur. Yuxar\u0131lar\u0131n avaz\u0131 yax\u015f\u0131 g\u0259lir, f\u0259q\u0259t, i\u015fl\u0259r get-ged\u0259 pisl\u0259\u015fir. Yuxar\u0131lar\u0131n bundan guya x\u0259b\u0259ri yoxdur.\n<\/p>\n<p>\n  G\u00fcc nazirlikl\u0259ri cinay\u0259t yuvas\u0131d\u0131r. Paqonlar sanki zirehdir, canil\u0259ri qanundan v\u0259 c\u0259zadan qoruyur. D\u0130N-d\u0259 Hac\u0131 M\u0259mm\u0259dov i\u015fini, MTN-d\u0259 Eldar Mahmudov i\u015fini a\u011fartd\u0131lar. MN-d\u0259 is\u0259 S\u0259f\u0259r \u018fbiyev i\u015fini a\u011fartmad\u0131lar.<br \/>\n  <br \/>\n  Statistika Komit\u0259miz \u0259yani s\u00fcbutdur. N\u0259y\u0259? M\u0259\u015fhur bir deyim\u0259: \u201cVar yalan, var a\u011f yalan, bir d\u0259 var statistika\u201d.\n<\/p>\n<p>\n  T\u0259hsil Nazirliyi var v\u0259 i\u015fl\u0259yir. T\u0259hsil zayd\u0131r v\u0259 zayla\u015f\u0131r.\n<\/p>\n<p>\n  S\u0259hiyy\u0259 Nazirliyi var v\u0259 ona xeyli v\u0259sait x\u0259rcl\u0259nir. Bacar\u0131ql\u0131 v\u0259 pe\u015f\u0259kar b\u0259zi h\u0259kiml\u0259ri n\u0259z\u0259r\u0259 almasaq, s\u0259hiyy\u0259 sistemi zayd\u0131r v\u0259 zayla\u015f\u0131r.\n<\/p>\n<p>\n  C\u0259nubi Qafqazda h\u0259rd\u0259n g\u00fccl\u00fc q\u0259hq\u0259h\u0259 e\u015fidilir. N\u0259 vaxt? \u201cAz\u0259rbaycan q\u00fcdr\u0259tli d\u00f6vl\u0259tdir. Az\u0259rbaycan\u0131n q\u00fcdr\u0259tli ordusu var\u201d \u2013 deyil\u0259nd\u0259. Q\u0259hq\u0259h\u0259 x\u00fcsusil\u0259 Qaraba\u011fda g\u00fccl\u00fc s\u0259sl\u0259nir. Erm\u0259nil\u0259r bizi la\u011fa qoyur.\n<\/p>\n<p>\n  Maliyy\u0259 naziri, deyil\u0259n\u0259 g\u00f6r\u0259, \u00f6z sah\u0259sini bilir. \u00c7ox g\u00f6z\u0259l. F\u0259q\u0259t, ba\u015fqa sah\u0259l\u0259rd\u0259 susmas\u0131 poeziyad\u0131r. O g\u00fcn deyib ki, dollarla borc alanlara g\u00fcz\u0259\u015ft olmamal\u0131d\u0131r, zira \u201cbank xeyriyy\u0259 c\u0259miyy\u0259ti deyil\u201d.\n<\/p>\n<p>\n  Ondan soru\u015fan g\u0259r\u0259k, bank xeyriyy\u0259 c\u0259miyy\u0259ti deyils\u0259, b\u0259s h\u00f6kum\u0259t n\u0259dir? \u00c7ibgir v\u0259 d\u0259l\u0259duz d\u0259st\u0259si? Dollarla borc alan adam el\u0259 bilirdi ki, h\u00f6kum\u0259t iqtisadi prosesl\u0259r\u0259 n\u0259zar\u0259t edir v\u0259 oyun \u015f\u0259rtl\u0259rini d\u0259yi\u015fm\u0259y\u0259c\u0259k. Amma h\u00f6kum\u0259t bivecliyind\u0259n v\u0259 b\u0259dx\u0259rcliyind\u0259n maliyy\u0259 q\u0131tl\u0131\u011f\u0131 il\u0259 \u00fczl\u0259\u015fdi v\u0259 n\u0259 etdi? Sad\u0259 xalq\u0131n cibin\u0259 girdi, manat\u0131 \u00fcc\u00fczla\u015fd\u0131rd\u0131. \u0130\u015f\u00e7inin m\u0259vacibinin d\u0259y\u0259ri dollarla \u00f6l\u00e7\u00fcl\u0259nd\u0259 ikiqat d\u00fc\u015fd\u00fc. H\u00f6kum\u0259tin yaratd\u0131\u011f\u0131 sabit bir \u015f\u0259raitd\u0259 borc alan v\u0259t\u0259nda\u015f h\u0259min borcu h\u00f6kum\u0259tin yaratd\u0131\u011f\u0131 tam f\u0259rqli \u015f\u0259raitd\u0259 qaytarmal\u0131 olursa, bunun g\u00fcnah\u0131 kimd\u0259dir? H\u00f6kum\u0259t\u0259 inanm\u0131\u015f sad\u0259 v\u0259t\u0259nda\u015fda, yaxud v\u0259t\u0259nda\u015f\u0131 aldatm\u0131\u015f h\u00f6kum\u0259td\u0259?\n<\/p>\n<p>\n  Milli M\u0259slisin s\u0259dri deyib ki, \u201cborclular\u0131 d\u00fc\u015f\u00fcn\u0259nl\u0259r bankirl\u0259ri d\u0259 d\u00fc\u015f\u00fcns\u00fcnl\u0259r.\u201d Bu, \u201cimama y\u00fcz a\u011flayan, bir d\u0259 Yezid\u0259 a\u011flas\u0131n\u201d m\u0259s\u0259lini xat\u0131rlad\u0131r. M\u0259n d\u0259 m\u0259sl\u0259h\u0259t\u0259 qulaq as\u0131b, ba\u015flay\u0131ram a\u011flama\u011fa. N\u0259y\u0259? Bankirin iztirablar\u0131na. Yaz\u0131q neyn\u0259sin, ne\u00e7\u0259 vaxt idi ki, \u00f6z c\u0131nd\u0131r \u201cMazerati\u201d ma\u015f\u0131n\u0131n\u0131 \u201cBentli\u201d y\u0259 d\u0259yi\u015fm\u0259k ist\u0259yirdi, indi bu z\u0131qq\u0131 borclular dir\u0259nib g\u00fcz\u0259\u015ft t\u0259l\u0259b edirl\u0259r. N\u0259 yax\u015f\u0131 ki, maliyy\u0259 naziri v\u0259 spiker borclu v\u0259t\u0259nda\u015flar\u0131n deyil, bankirl\u0259rin t\u0259r\u0259fini saxlay\u0131r&#8230;\n<\/p>\n<p>\n  \u0130qtisadiyyat\u0131m\u0131z guppultu il\u0259 yer\u0259 d\u0259y\u0259nd\u0259n sonra regionlar\u0131n gur inki\u015faf\u0131 haqq\u0131nda na\u011f\u0131la daha qulaq asmaq ist\u0259y\u0259n yoxdur. \u00d6lk\u0259d\u0259 hakimiyy\u0259tin analoqu olmayan inki\u015faf na\u011f\u0131l\u0131n\u0131 \u0259l\u0259 salmam\u0131\u015f adam qalmay\u0131b.\n<\/p>\n<p>\n  D\u00f6vl\u0259t m\u0259tbuat\u0131n\u0131 he\u00e7 kim oxumur , d\u00f6vl\u0259t TV-n\u0259 he\u00e7 kim baxm\u0131r. Hakimiyy\u0259t bunlar\u0131 anlay\u0131rm\u0131? \u018fsla, h\u0259l\u0259 d\u0259 zopaya \u00fcmid edir. Bilir ki, zopa \u00fcmidi do\u011frultmasa, n\u00f6vb\u0259 qur\u015funa \u00e7atacaq. 20 Yanvar \u00f6rn\u0259kdir, h\u0259r d\u0259f\u0259 ki\u00e7ik miqyasda t\u0259krarlan\u0131r. Laz\u0131m g\u0259ls\u0259, onun analoqu olmayan geni\u015f versiyas\u0131 da tama\u015faya qoyula bil\u0259r.\n<\/p>\n<p>\n  Az\u0259rbaycanda milli x\u00fcsusiyy\u0259tl\u0259rin t\u0259sirind\u0259n sosializm \u00e7ox k\u0259l\u0259-k\u00f6t\u00fcr, \u0259yri-\u00fcyr\u00fc idi. H\u0259min milli x\u00fcsusiyy\u0259tl\u0259rin t\u0259sirind\u0259n kapitalizm d\u0259 h\u0259dsiz y\u0131rt\u0131c\u0131, h\u0259dsiz h\u0259yas\u0131z, h\u0259dsiz biab\u0131r\u00e7\u0131 al\u0131n\u0131b.\n<\/p>\n<p>\n  Neyn\u0259y\u0259s\u0259n? Milli x\u00fcsusiyy\u0259tl\u0259r \u00e7ox g\u00fccl\u00fc, lap g\u00fccl\u00fc \u015feydir. Sevgi kimi, \u00f6l\u00fcm kimi, ehtiyac v\u0259 pul kimi&#8230;\n<\/p>\n<p>\n  <b><br \/>\n    Yaz\u0131 m\u00fc\u0259llifin \u015f\u0259xsi m\u00f6vqeyini \u0259ks etdirir&#8230;<br \/>\n  <\/b><\/p>\n","protected":false},"excerpt":{"rendered":"<p>Xalq\u0131 bilmir\u0259m, amma bizim hakimiyy\u0259t b\u0259xt\u0259v\u0259rlik sah\u0259sind\u0259 d\u00fcnyada birinci yeri tutur. He\u00e7 k\u0259s v\u0259 he\u00e7 n\u0259 onun xo\u015f ovqat\u0131n\u0131 t\u0259lx ed\u0259 bilm\u0259z.<\/p>\n","protected":false},"author":11,"featured_media":45008,"comment_status":"closed","ping_status":"open","sticky":false,"template":"","format":"standard","meta":{"_acf_changed":false,"_sitemap_exclude":false,"_sitemap_priority":"","_sitemap_frequency":"","footnotes":""},"categories":[57],"tags":[],"class_list":["post-173264","post","type-post","status-publish","format-standard","has-post-thumbnail","hentry","category-menim-fikrimce","infinite-scroll-item","generate-columns","tablet-grid-50","mobile-grid-100","grid-parent","grid-33","no-featured-image-padding"],"acf":[],"yoast_head":"<!-- This site is optimized with the Yoast SEO plugin v27.5 - https:\/\/yoast.com\/product\/yoast-seo-wordpress\/ -->\n<title>B\u0259xt\u0259v\u0259r hakimiyy\u0259timiz - MEYDAN.TV<\/title>\n<meta name=\"robots\" content=\"index, follow, max-snippet:-1, max-image-preview:large, max-video-preview:-1\" \/>\n<link rel=\"canonical\" href=\"https:\/\/www.meydan.tv\/az\/article\/bextever-hakimiyyetimiz\/\" \/>\n<meta property=\"og:locale\" content=\"az_AZ\" \/>\n<meta property=\"og:type\" content=\"article\" \/>\n<meta property=\"og:title\" content=\"B\u0259xt\u0259v\u0259r hakimiyy\u0259timiz - MEYDAN.TV\" \/>\n<meta property=\"og:description\" content=\"Xalq\u0131 bilmir\u0259m, amma bizim hakimiyy\u0259t b\u0259xt\u0259v\u0259rlik sah\u0259sind\u0259 d\u00fcnyada birinci yeri tutur. He\u00e7 k\u0259s v\u0259 he\u00e7 n\u0259 onun xo\u015f ovqat\u0131n\u0131 t\u0259lx ed\u0259 bilm\u0259z.\" \/>\n<meta property=\"og:url\" content=\"https:\/\/www.meydan.tv\/az\/article\/bextever-hakimiyyetimiz\/\" \/>\n<meta property=\"og:site_name\" content=\"MEYDAN.TV\" \/>\n<meta property=\"article:published_time\" content=\"2016-02-01T17:24:53+00:00\" \/>\n<meta property=\"og:image\" content=\"https:\/\/www.meydan.tv\/wp-content\/uploads\/16855.jpg\" \/>\n\t<meta property=\"og:image:width\" content=\"500\" \/>\n\t<meta property=\"og:image:height\" content=\"500\" \/>\n\t<meta property=\"og:image:type\" content=\"image\/jpeg\" \/>\n<meta name=\"author\" content=\"user-manager\" \/>\n<meta name=\"twitter:card\" content=\"summary_large_image\" \/>\n<script type=\"application\/ld+json\" class=\"yoast-schema-graph\">{\"@context\":\"https:\\\/\\\/schema.org\",\"@graph\":[{\"@type\":\"Article\",\"@id\":\"https:\\\/\\\/www.meydan.tv\\\/az\\\/article\\\/bextever-hakimiyyetimiz\\\/#article\",\"isPartOf\":{\"@id\":\"https:\\\/\\\/www.meydan.tv\\\/az\\\/article\\\/bextever-hakimiyyetimiz\\\/\"},\"author\":{\"name\":\"user-manager\",\"@id\":\"https:\\\/\\\/www.meydan.tv\\\/az\\\/#\\\/schema\\\/person\\\/10d11eccf6da3662cf5fdab9806ea91a\"},\"headline\":\"B\u0259xt\u0259v\u0259r hakimiyy\u0259timiz\",\"datePublished\":\"2016-02-01T17:24:53+00:00\",\"mainEntityOfPage\":{\"@id\":\"https:\\\/\\\/www.meydan.tv\\\/az\\\/article\\\/bextever-hakimiyyetimiz\\\/\"},\"wordCount\":1119,\"publisher\":{\"@id\":\"https:\\\/\\\/www.meydan.tv\\\/az\\\/#organization\"},\"image\":{\"@id\":\"https:\\\/\\\/www.meydan.tv\\\/az\\\/article\\\/bextever-hakimiyyetimiz\\\/#primaryimage\"},\"thumbnailUrl\":\"https:\\\/\\\/www.meydan.tv\\\/wp-content\\\/uploads\\\/16855.jpg\",\"articleSection\":[\"M\u0259nim Fikrimc\u0259\"],\"inLanguage\":\"az\"},{\"@type\":\"WebPage\",\"@id\":\"https:\\\/\\\/www.meydan.tv\\\/az\\\/article\\\/bextever-hakimiyyetimiz\\\/\",\"url\":\"https:\\\/\\\/www.meydan.tv\\\/az\\\/article\\\/bextever-hakimiyyetimiz\\\/\",\"name\":\"B\u0259xt\u0259v\u0259r hakimiyy\u0259timiz - MEYDAN.TV\",\"isPartOf\":{\"@id\":\"https:\\\/\\\/www.meydan.tv\\\/az\\\/#website\"},\"primaryImageOfPage\":{\"@id\":\"https:\\\/\\\/www.meydan.tv\\\/az\\\/article\\\/bextever-hakimiyyetimiz\\\/#primaryimage\"},\"image\":{\"@id\":\"https:\\\/\\\/www.meydan.tv\\\/az\\\/article\\\/bextever-hakimiyyetimiz\\\/#primaryimage\"},\"thumbnailUrl\":\"https:\\\/\\\/www.meydan.tv\\\/wp-content\\\/uploads\\\/16855.jpg\",\"datePublished\":\"2016-02-01T17:24:53+00:00\",\"breadcrumb\":{\"@id\":\"https:\\\/\\\/www.meydan.tv\\\/az\\\/article\\\/bextever-hakimiyyetimiz\\\/#breadcrumb\"},\"inLanguage\":\"az\",\"potentialAction\":[{\"@type\":\"ReadAction\",\"target\":[\"https:\\\/\\\/www.meydan.tv\\\/az\\\/article\\\/bextever-hakimiyyetimiz\\\/\"]}]},{\"@type\":\"ImageObject\",\"inLanguage\":\"az\",\"@id\":\"https:\\\/\\\/www.meydan.tv\\\/az\\\/article\\\/bextever-hakimiyyetimiz\\\/#primaryimage\",\"url\":\"https:\\\/\\\/www.meydan.tv\\\/wp-content\\\/uploads\\\/16855.jpg\",\"contentUrl\":\"https:\\\/\\\/www.meydan.tv\\\/wp-content\\\/uploads\\\/16855.jpg\",\"width\":500,\"height\":500,\"caption\":\"Source:\"},{\"@type\":\"BreadcrumbList\",\"@id\":\"https:\\\/\\\/www.meydan.tv\\\/az\\\/article\\\/bextever-hakimiyyetimiz\\\/#breadcrumb\",\"itemListElement\":[{\"@type\":\"ListItem\",\"position\":1,\"name\":\"Ana s\u0259hif\u0259\",\"item\":\"https:\\\/\\\/www.meydan.tv\\\/az\\\/\"},{\"@type\":\"ListItem\",\"position\":2,\"name\":\"M\u0259nim Fikrimc\u0259\",\"item\":\"https:\\\/\\\/www.meydan.tv\\\/az\\\/section\\\/menim-fikrimce\\\/\"},{\"@type\":\"ListItem\",\"position\":3,\"name\":\"B\u0259xt\u0259v\u0259r hakimiyy\u0259timiz\"}]},{\"@type\":\"WebSite\",\"@id\":\"https:\\\/\\\/www.meydan.tv\\\/az\\\/#website\",\"url\":\"https:\\\/\\\/www.meydan.tv\\\/az\\\/\",\"name\":\"MEYDAN.TV\",\"description\":\"Meydan TV Az\u0259rbaycan\u0131n media m\u0259kan\u0131ndak\u0131 alternativ s\u0259sidir\",\"publisher\":{\"@id\":\"https:\\\/\\\/www.meydan.tv\\\/az\\\/#organization\"},\"potentialAction\":[{\"@type\":\"SearchAction\",\"target\":{\"@type\":\"EntryPoint\",\"urlTemplate\":\"https:\\\/\\\/www.meydan.tv\\\/az\\\/?s={search_term_string}\"},\"query-input\":{\"@type\":\"PropertyValueSpecification\",\"valueRequired\":true,\"valueName\":\"search_term_string\"}}],\"inLanguage\":\"az\"},{\"@type\":\"Organization\",\"@id\":\"https:\\\/\\\/www.meydan.tv\\\/az\\\/#organization\",\"name\":\"Meydan TV\",\"url\":\"https:\\\/\\\/www.meydan.tv\\\/az\\\/\",\"logo\":{\"@type\":\"ImageObject\",\"inLanguage\":\"az\",\"@id\":\"https:\\\/\\\/www.meydan.tv\\\/az\\\/#\\\/schema\\\/logo\\\/image\\\/\",\"url\":\"https:\\\/\\\/www.meydan.tv\\\/wp-content\\\/uploads\\\/2021\\\/07\\\/meydan-logo.svg\",\"contentUrl\":\"https:\\\/\\\/www.meydan.tv\\\/wp-content\\\/uploads\\\/2021\\\/07\\\/meydan-logo.svg\",\"width\":195,\"height\":46,\"caption\":\"Meydan TV\"},\"image\":{\"@id\":\"https:\\\/\\\/www.meydan.tv\\\/az\\\/#\\\/schema\\\/logo\\\/image\\\/\"}},{\"@type\":\"Person\",\"@id\":\"https:\\\/\\\/www.meydan.tv\\\/az\\\/#\\\/schema\\\/person\\\/10d11eccf6da3662cf5fdab9806ea91a\",\"name\":\"user-manager\"}]}<\/script>\n<!-- \/ Yoast SEO plugin. -->","yoast_head_json":{"title":"B\u0259xt\u0259v\u0259r hakimiyy\u0259timiz - MEYDAN.TV","robots":{"index":"index","follow":"follow","max-snippet":"max-snippet:-1","max-image-preview":"max-image-preview:large","max-video-preview":"max-video-preview:-1"},"canonical":"https:\/\/www.meydan.tv\/az\/article\/bextever-hakimiyyetimiz\/","og_locale":"az_AZ","og_type":"article","og_title":"B\u0259xt\u0259v\u0259r hakimiyy\u0259timiz - MEYDAN.TV","og_description":"Xalq\u0131 bilmir\u0259m, amma bizim hakimiyy\u0259t b\u0259xt\u0259v\u0259rlik sah\u0259sind\u0259 d\u00fcnyada birinci yeri tutur. He\u00e7 k\u0259s v\u0259 he\u00e7 n\u0259 onun xo\u015f ovqat\u0131n\u0131 t\u0259lx ed\u0259 bilm\u0259z.","og_url":"https:\/\/www.meydan.tv\/az\/article\/bextever-hakimiyyetimiz\/","og_site_name":"MEYDAN.TV","article_published_time":"2016-02-01T17:24:53+00:00","og_image":[{"width":500,"height":500,"url":"https:\/\/www.meydan.tv\/wp-content\/uploads\/16855.jpg","type":"image\/jpeg"}],"author":"user-manager","twitter_card":"summary_large_image","schema":{"@context":"https:\/\/schema.org","@graph":[{"@type":"Article","@id":"https:\/\/www.meydan.tv\/az\/article\/bextever-hakimiyyetimiz\/#article","isPartOf":{"@id":"https:\/\/www.meydan.tv\/az\/article\/bextever-hakimiyyetimiz\/"},"author":{"name":"user-manager","@id":"https:\/\/www.meydan.tv\/az\/#\/schema\/person\/10d11eccf6da3662cf5fdab9806ea91a"},"headline":"B\u0259xt\u0259v\u0259r hakimiyy\u0259timiz","datePublished":"2016-02-01T17:24:53+00:00","mainEntityOfPage":{"@id":"https:\/\/www.meydan.tv\/az\/article\/bextever-hakimiyyetimiz\/"},"wordCount":1119,"publisher":{"@id":"https:\/\/www.meydan.tv\/az\/#organization"},"image":{"@id":"https:\/\/www.meydan.tv\/az\/article\/bextever-hakimiyyetimiz\/#primaryimage"},"thumbnailUrl":"https:\/\/www.meydan.tv\/wp-content\/uploads\/16855.jpg","articleSection":["M\u0259nim Fikrimc\u0259"],"inLanguage":"az"},{"@type":"WebPage","@id":"https:\/\/www.meydan.tv\/az\/article\/bextever-hakimiyyetimiz\/","url":"https:\/\/www.meydan.tv\/az\/article\/bextever-hakimiyyetimiz\/","name":"B\u0259xt\u0259v\u0259r hakimiyy\u0259timiz - MEYDAN.TV","isPartOf":{"@id":"https:\/\/www.meydan.tv\/az\/#website"},"primaryImageOfPage":{"@id":"https:\/\/www.meydan.tv\/az\/article\/bextever-hakimiyyetimiz\/#primaryimage"},"image":{"@id":"https:\/\/www.meydan.tv\/az\/article\/bextever-hakimiyyetimiz\/#primaryimage"},"thumbnailUrl":"https:\/\/www.meydan.tv\/wp-content\/uploads\/16855.jpg","datePublished":"2016-02-01T17:24:53+00:00","breadcrumb":{"@id":"https:\/\/www.meydan.tv\/az\/article\/bextever-hakimiyyetimiz\/#breadcrumb"},"inLanguage":"az","potentialAction":[{"@type":"ReadAction","target":["https:\/\/www.meydan.tv\/az\/article\/bextever-hakimiyyetimiz\/"]}]},{"@type":"ImageObject","inLanguage":"az","@id":"https:\/\/www.meydan.tv\/az\/article\/bextever-hakimiyyetimiz\/#primaryimage","url":"https:\/\/www.meydan.tv\/wp-content\/uploads\/16855.jpg","contentUrl":"https:\/\/www.meydan.tv\/wp-content\/uploads\/16855.jpg","width":500,"height":500,"caption":"Source:"},{"@type":"BreadcrumbList","@id":"https:\/\/www.meydan.tv\/az\/article\/bextever-hakimiyyetimiz\/#breadcrumb","itemListElement":[{"@type":"ListItem","position":1,"name":"Ana s\u0259hif\u0259","item":"https:\/\/www.meydan.tv\/az\/"},{"@type":"ListItem","position":2,"name":"M\u0259nim Fikrimc\u0259","item":"https:\/\/www.meydan.tv\/az\/section\/menim-fikrimce\/"},{"@type":"ListItem","position":3,"name":"B\u0259xt\u0259v\u0259r hakimiyy\u0259timiz"}]},{"@type":"WebSite","@id":"https:\/\/www.meydan.tv\/az\/#website","url":"https:\/\/www.meydan.tv\/az\/","name":"MEYDAN.TV","description":"Meydan TV Az\u0259rbaycan\u0131n media m\u0259kan\u0131ndak\u0131 alternativ s\u0259sidir","publisher":{"@id":"https:\/\/www.meydan.tv\/az\/#organization"},"potentialAction":[{"@type":"SearchAction","target":{"@type":"EntryPoint","urlTemplate":"https:\/\/www.meydan.tv\/az\/?s={search_term_string}"},"query-input":{"@type":"PropertyValueSpecification","valueRequired":true,"valueName":"search_term_string"}}],"inLanguage":"az"},{"@type":"Organization","@id":"https:\/\/www.meydan.tv\/az\/#organization","name":"Meydan TV","url":"https:\/\/www.meydan.tv\/az\/","logo":{"@type":"ImageObject","inLanguage":"az","@id":"https:\/\/www.meydan.tv\/az\/#\/schema\/logo\/image\/","url":"https:\/\/www.meydan.tv\/wp-content\/uploads\/2021\/07\/meydan-logo.svg","contentUrl":"https:\/\/www.meydan.tv\/wp-content\/uploads\/2021\/07\/meydan-logo.svg","width":195,"height":46,"caption":"Meydan TV"},"image":{"@id":"https:\/\/www.meydan.tv\/az\/#\/schema\/logo\/image\/"}},{"@type":"Person","@id":"https:\/\/www.meydan.tv\/az\/#\/schema\/person\/10d11eccf6da3662cf5fdab9806ea91a","name":"user-manager"}]}},"_links":{"self":[{"href":"https:\/\/www.meydan.tv\/az\/wp-json\/wp\/v2\/posts\/173264","targetHints":{"allow":["GET"]}}],"collection":[{"href":"https:\/\/www.meydan.tv\/az\/wp-json\/wp\/v2\/posts"}],"about":[{"href":"https:\/\/www.meydan.tv\/az\/wp-json\/wp\/v2\/types\/post"}],"author":[{"embeddable":true,"href":"https:\/\/www.meydan.tv\/az\/wp-json\/wp\/v2\/users\/11"}],"replies":[{"embeddable":true,"href":"https:\/\/www.meydan.tv\/az\/wp-json\/wp\/v2\/comments?post=173264"}],"version-history":[{"count":0,"href":"https:\/\/www.meydan.tv\/az\/wp-json\/wp\/v2\/posts\/173264\/revisions"}],"wp:featuredmedia":[{"embeddable":true,"href":"https:\/\/www.meydan.tv\/az\/wp-json\/wp\/v2\/media\/45008"}],"wp:attachment":[{"href":"https:\/\/www.meydan.tv\/az\/wp-json\/wp\/v2\/media?parent=173264"}],"wp:term":[{"taxonomy":"category","embeddable":true,"href":"https:\/\/www.meydan.tv\/az\/wp-json\/wp\/v2\/categories?post=173264"},{"taxonomy":"post_tag","embeddable":true,"href":"https:\/\/www.meydan.tv\/az\/wp-json\/wp\/v2\/tags?post=173264"}],"curies":[{"name":"wp","href":"https:\/\/api.w.org\/{rel}","templated":true}]}}