{"id":173229,"date":"2016-01-30T00:35:14","date_gmt":"2016-01-30T00:35:14","guid":{"rendered":"https:\/\/www.meydan.tv\/article\/haciqabulda-aksiya-maasimizi-verin-video\/"},"modified":"2016-01-30T00:35:14","modified_gmt":"2016-01-30T00:35:14","slug":"haciqabulda-aksiya-maasimizi-verin-video","status":"publish","type":"post","link":"https:\/\/www.meydan.tv\/az\/article\/haciqabulda-aksiya-maasimizi-verin-video\/","title":{"rendered":"Hac\u0131qabulda aksiya: &#8221;Maa\u015f\u0131m\u0131z\u0131 verin!&#8221; (V\u0130DEO)"},"content":{"rendered":"<figure class=\"wp-block-embed is-type-video is-provider-youtube wp-block-embed-youtube wp-embed-aspect-16-9 wp-has-aspect-ratio\">\n<div class=\"wp-block-embed__wrapper\">\n    <iframe loading=\"lazy\"\ttitle=\"\" width=\"1200\" height=\"675\" src=\"https:\/\/www.youtube.com\/embed\/3gZMKHF2U7c\"\tframeborder=\"0\"\tallow=\"accelerometer; autoplay; clipboard-write; encrypted-media; gyroscope; picture-in-picture\" allowfullscreen><\/iframe>\n  <\/div><figcaption><\/figcaption><\/figure>\n<p>\n  Yanvar\u0131n 29-da Hac\u0131qabul rayonunun Tal\u0131\u015f k\u0259ndind\u0259 aksiya ke\u00e7irilib. Sosial \u015f\u0259b\u0259k\u0259l\u0259rd\u0259 aksiyan\u0131n videog\u00f6r\u00fcnt\u00fcl\u0259ri yay\u0131mlan\u0131b. M\u0259lumata g\u00f6r\u0259, K\u00fcr Su K\u0259m\u0259rl\u0259rind\u0259 i\u015fl\u0259y\u0259n \u015f\u0259xsl\u0259r \u0259m\u0259k haqlar\u0131n\u0131n verilm\u0259m\u0259sin\u0259 etiraz edibl\u0259r. \u0130\u015f\u00e7il\u0259rd\u0259n biri deyib ki, onlar\u0131n maa\u015flar\u0131n\u0131 art\u0131rmaq \u0259v\u0259zin\u0259 daha da azald\u0131blar: \u201cBel\u0259 d\u0259 i\u015f olar? Bu, h\u00f6kum\u0259t\u0259 qar\u015f\u0131 t\u0259xtibatd\u0131r. M\u0259n haqq\u0131m\u0131 ist\u0259yir\u0259m\u201d.\n<\/p>\n<p>\n  Dig\u0259r bir etiraz\u00e7\u0131 is\u0259 deyir ki, onun m\u0259vacibind\u0259n 100 manat k\u0259silib: \u201c\u018fg\u0259r h\u00f6kum\u0259t q\u0259rar veribs\u0259 ki, maa\u015flardan 2-3 faiz k\u0259silm\u0259lidir, onda ham\u0131n\u0131n pulundan k\u0259silsin. Niy\u0259 ancaq m\u0259nim maa\u015f\u0131mdan k\u0259silir?\u201d\n<\/p>\n<p>\n  Aksiya i\u015ftirak\u00e7\u0131lar\u0131 deyirl\u0259r ki, bir ayda iki d\u0259f\u0259 maa\u015f c\u0259dv\u0259li tutulub: \u201cBirind\u0259 175, dig\u0259rind\u0259 143 manat yaz\u0131rlar. Ham\u0131s\u0131 saxtad\u0131r. Aldad\u0131rlar bizi\u201d.<br \/>\n  <br \/>\n  Aksiya i\u015ftirak\u00e7\u0131lar\u0131 t\u0259l\u0259bl\u0259rini ir\u0259li s\u00fcrd\u00fckd\u0259n sonra da\u011f\u0131l\u0131\u015f\u0131blar. Aksiyaya polis m\u00fcdaxil\u0259si olmay\u0131b.<\/p>\n","protected":false},"excerpt":{"rendered":"<p>\u201c\u018fg\u0259r h\u00f6kum\u0259t q\u0259rar veribs\u0259 ki, maa\u015flardan 2-3 faiz k\u0259silm\u0259lidir, onda ham\u0131n\u0131n pulundan k\u0259silsin. Niy\u0259 ancaq m\u0259nim maa\u015f\u0131mdan k\u0259silir?\u201d<\/p>\n","protected":false},"author":11,"featured_media":46735,"comment_status":"closed","ping_status":"open","sticky":false,"template":"","format":"standard","meta":{"_acf_changed":false,"_sitemap_exclude":false,"_sitemap_priority":"","_sitemap_frequency":"","footnotes":""},"categories":[63],"tags":[],"class_list":["post-173229","post","type-post","status-publish","format-standard","has-post-thumbnail","hentry","category-video-2","infinite-scroll-item","generate-columns","tablet-grid-50","mobile-grid-100","grid-parent","grid-33","no-featured-image-padding"],"acf":[],"yoast_head":"<!-- This site is optimized with the Yoast SEO plugin v28.4 - https:\/\/yoast.com\/product\/yoast-seo-wordpress\/ -->\n<title>Hac\u0131qabulda aksiya: &#039;&#039;Maa\u015f\u0131m\u0131z\u0131 verin!&#039;&#039; (V\u0130DEO) - MEYDAN.TV<\/title>\n<meta name=\"robots\" content=\"index, follow, max-snippet:-1, max-image-preview:large, max-video-preview:-1\" \/>\n<link rel=\"canonical\" href=\"https:\/\/www.meydan.tv\/az\/article\/haciqabulda-aksiya-maasimizi-verin-video\/\" \/>\n<meta property=\"og:locale\" content=\"az_AZ\" \/>\n<meta property=\"og:type\" content=\"article\" \/>\n<meta property=\"og:title\" content=\"Hac\u0131qabulda aksiya: &#039;&#039;Maa\u015f\u0131m\u0131z\u0131 verin!&#039;&#039; (V\u0130DEO) - MEYDAN.TV\" \/>\n<meta property=\"og:description\" content=\"\u201c\u018fg\u0259r h\u00f6kum\u0259t q\u0259rar veribs\u0259 ki, maa\u015flardan 2-3 faiz k\u0259silm\u0259lidir, onda ham\u0131n\u0131n pulundan k\u0259silsin. Niy\u0259 ancaq m\u0259nim maa\u015f\u0131mdan k\u0259silir?\u201d\" \/>\n<meta property=\"og:url\" content=\"https:\/\/www.meydan.tv\/az\/article\/haciqabulda-aksiya-maasimizi-verin-video\/\" \/>\n<meta property=\"og:site_name\" content=\"MEYDAN.TV\" \/>\n<meta property=\"article:published_time\" content=\"2016-01-30T00:35:14+00:00\" \/>\n<meta property=\"og:image\" content=\"https:\/\/www.meydan.tv\/wp-content\/uploads\/17500.jpg\" \/>\n\t<meta property=\"og:image:width\" content=\"2013\" \/>\n\t<meta property=\"og:image:height\" content=\"1130\" \/>\n\t<meta property=\"og:image:type\" content=\"image\/jpeg\" \/>\n<meta name=\"twitter:card\" content=\"summary_large_image\" \/>\n<!-- \/ Yoast SEO plugin. -->","yoast_head_json":{"title":"Hac\u0131qabulda aksiya: ''Maa\u015f\u0131m\u0131z\u0131 verin!'' (V\u0130DEO) - MEYDAN.TV","robots":{"index":"index","follow":"follow","max-snippet":"max-snippet:-1","max-image-preview":"max-image-preview:large","max-video-preview":"max-video-preview:-1"},"canonical":"https:\/\/www.meydan.tv\/az\/article\/haciqabulda-aksiya-maasimizi-verin-video\/","og_locale":"az_AZ","og_type":"article","og_title":"Hac\u0131qabulda aksiya: ''Maa\u015f\u0131m\u0131z\u0131 verin!'' (V\u0130DEO) - MEYDAN.TV","og_description":"\u201c\u018fg\u0259r h\u00f6kum\u0259t q\u0259rar veribs\u0259 ki, maa\u015flardan 2-3 faiz k\u0259silm\u0259lidir, onda ham\u0131n\u0131n pulundan k\u0259silsin. Niy\u0259 ancaq m\u0259nim maa\u015f\u0131mdan k\u0259silir?\u201d","og_url":"https:\/\/www.meydan.tv\/az\/article\/haciqabulda-aksiya-maasimizi-verin-video\/","og_site_name":"MEYDAN.TV","article_published_time":"2016-01-30T00:35:14+00:00","og_image":[{"width":2013,"height":1130,"url":"https:\/\/www.meydan.tv\/wp-content\/uploads\/17500.jpg","type":"image\/jpeg"}],"twitter_card":"summary_large_image","schema":{"@context":"https:\/\/schema.org","@graph":[{"@type":"Article","@id":"https:\/\/www.meydan.tv\/az\/article\/haciqabulda-aksiya-maasimizi-verin-video\/#article","isPartOf":{"@id":"https:\/\/www.meydan.tv\/az\/article\/haciqabulda-aksiya-maasimizi-verin-video\/"},"author":{"name":"user-manager","@id":"https:\/\/www.meydan.tv\/az\/#\/schema\/person\/10d11eccf6da3662cf5fdab9806ea91a"},"headline":"Hac\u0131qabulda aksiya: &#8221;Maa\u015f\u0131m\u0131z\u0131 verin!&#8221; (V\u0130DEO)","datePublished":"2016-01-30T00:35:14+00:00","mainEntityOfPage":{"@id":"https:\/\/www.meydan.tv\/az\/article\/haciqabulda-aksiya-maasimizi-verin-video\/"},"wordCount":202,"publisher":{"@id":"https:\/\/www.meydan.tv\/az\/#organization"},"image":{"@id":"https:\/\/www.meydan.tv\/az\/article\/haciqabulda-aksiya-maasimizi-verin-video\/#primaryimage"},"thumbnailUrl":"https:\/\/www.meydan.tv\/wp-content\/uploads\/17500.jpg","articleSection":["Video"],"inLanguage":"az"},{"@type":"WebPage","@id":"https:\/\/www.meydan.tv\/az\/article\/haciqabulda-aksiya-maasimizi-verin-video\/","url":"https:\/\/www.meydan.tv\/az\/article\/haciqabulda-aksiya-maasimizi-verin-video\/","name":"Hac\u0131qabulda aksiya: ''Maa\u015f\u0131m\u0131z\u0131 verin!'' (V\u0130DEO) - MEYDAN.TV","isPartOf":{"@id":"https:\/\/www.meydan.tv\/az\/#website"},"primaryImageOfPage":{"@id":"https:\/\/www.meydan.tv\/az\/article\/haciqabulda-aksiya-maasimizi-verin-video\/#primaryimage"},"image":{"@id":"https:\/\/www.meydan.tv\/az\/article\/haciqabulda-aksiya-maasimizi-verin-video\/#primaryimage"},"thumbnailUrl":"https:\/\/www.meydan.tv\/wp-content\/uploads\/17500.jpg","datePublished":"2016-01-30T00:35:14+00:00","breadcrumb":{"@id":"https:\/\/www.meydan.tv\/az\/article\/haciqabulda-aksiya-maasimizi-verin-video\/#breadcrumb"},"inLanguage":"az","potentialAction":[{"@type":"ReadAction","target":["https:\/\/www.meydan.tv\/az\/article\/haciqabulda-aksiya-maasimizi-verin-video\/"]}]},{"@type":"ImageObject","inLanguage":"az","@id":"https:\/\/www.meydan.tv\/az\/article\/haciqabulda-aksiya-maasimizi-verin-video\/#primaryimage","url":"https:\/\/www.meydan.tv\/wp-content\/uploads\/17500.jpg","contentUrl":"https:\/\/www.meydan.tv\/wp-content\/uploads\/17500.jpg","width":2013,"height":1130,"caption":"Source:"},{"@type":"BreadcrumbList","@id":"https:\/\/www.meydan.tv\/az\/article\/haciqabulda-aksiya-maasimizi-verin-video\/#breadcrumb","itemListElement":[{"@type":"ListItem","position":1,"name":"Ana s\u0259hif\u0259","item":"https:\/\/www.meydan.tv\/az\/"},{"@type":"ListItem","position":2,"name":"Video","item":"https:\/\/www.meydan.tv\/az\/section\/video-2\/"},{"@type":"ListItem","position":3,"name":"Hac\u0131qabulda aksiya: &#8221;Maa\u015f\u0131m\u0131z\u0131 verin!&#8221; (V\u0130DEO)"}]},{"@type":"WebSite","@id":"https:\/\/www.meydan.tv\/az\/#website","url":"https:\/\/www.meydan.tv\/az\/","name":"MEYDAN.TV","description":"Meydan TV Az\u0259rbaycan\u0131n media m\u0259kan\u0131ndak\u0131 alternativ s\u0259sidir","publisher":{"@id":"https:\/\/www.meydan.tv\/az\/#organization"},"potentialAction":[{"@type":"SearchAction","target":{"@type":"EntryPoint","urlTemplate":"https:\/\/www.meydan.tv\/az\/?s={search_term_string}"},"query-input":{"@type":"PropertyValueSpecification","valueRequired":true,"valueName":"search_term_string"}}],"inLanguage":"az"},{"@type":"Organization","@id":"https:\/\/www.meydan.tv\/az\/#organization","name":"Meydan TV","url":"https:\/\/www.meydan.tv\/az\/","logo":{"@type":"ImageObject","inLanguage":"az","@id":"https:\/\/www.meydan.tv\/az\/#\/schema\/logo\/image\/","url":"https:\/\/www.meydan.tv\/wp-content\/uploads\/2021\/07\/meydan-logo.svg","contentUrl":"https:\/\/www.meydan.tv\/wp-content\/uploads\/2021\/07\/meydan-logo.svg","width":195,"height":46,"caption":"Meydan TV"},"image":{"@id":"https:\/\/www.meydan.tv\/az\/#\/schema\/logo\/image\/"}},{"@type":"Person","@id":"https:\/\/www.meydan.tv\/az\/#\/schema\/person\/10d11eccf6da3662cf5fdab9806ea91a","name":"user-manager"}]}},"_links":{"self":[{"href":"https:\/\/www.meydan.tv\/az\/wp-json\/wp\/v2\/posts\/173229","targetHints":{"allow":["GET"]}}],"collection":[{"href":"https:\/\/www.meydan.tv\/az\/wp-json\/wp\/v2\/posts"}],"about":[{"href":"https:\/\/www.meydan.tv\/az\/wp-json\/wp\/v2\/types\/post"}],"author":[{"embeddable":true,"href":"https:\/\/www.meydan.tv\/az\/wp-json\/wp\/v2\/users\/11"}],"replies":[{"embeddable":true,"href":"https:\/\/www.meydan.tv\/az\/wp-json\/wp\/v2\/comments?post=173229"}],"version-history":[{"count":0,"href":"https:\/\/www.meydan.tv\/az\/wp-json\/wp\/v2\/posts\/173229\/revisions"}],"wp:featuredmedia":[{"embeddable":true,"href":"https:\/\/www.meydan.tv\/az\/wp-json\/wp\/v2\/media\/46735"}],"wp:attachment":[{"href":"https:\/\/www.meydan.tv\/az\/wp-json\/wp\/v2\/media?parent=173229"}],"wp:term":[{"taxonomy":"category","embeddable":true,"href":"https:\/\/www.meydan.tv\/az\/wp-json\/wp\/v2\/categories?post=173229"},{"taxonomy":"post_tag","embeddable":true,"href":"https:\/\/www.meydan.tv\/az\/wp-json\/wp\/v2\/tags?post=173229"}],"curies":[{"name":"wp","href":"https:\/\/api.w.org\/{rel}","templated":true}]}}