{"id":173227,"date":"2016-01-29T23:39:53","date_gmt":"2016-01-29T23:39:53","guid":{"rendered":"https:\/\/www.meydan.tv\/article\/mutexessis-adamam-mene-deyirler-get-taksi-sur\/"},"modified":"2016-01-29T23:39:53","modified_gmt":"2016-01-29T23:39:53","slug":"mutexessis-adamam-mene-deyirler-get-taksi-sur","status":"publish","type":"post","link":"https:\/\/www.meydan.tv\/az\/article\/mutexessis-adamam-mene-deyirler-get-taksi-sur\/","title":{"rendered":"M\u00fct\u0259x\u0259ssis adamam, m\u0259n\u0259 deyirl\u0259r: Get, taksi s\u00fcr!"},"content":{"rendered":"<figure class=\"wp-block-image size-large\">\n  <img decoding=\"async\" src=\"https:\/\/www.meydan.tv\/az\/46627\/\" alt=\"\" class=\"wp-image-46627\"\/><figcaption><\/figcaption><\/figure>\n<figure class=\"wp-block-image size-large\">\n  <img decoding=\"async\" src=\"https:\/\/www.meydan.tv\/az\/46633\/\" alt=\"\" class=\"wp-image-46633\"\/><figcaption><\/figcaption><\/figure>\n<p>\n  <i><br \/>\n    <b><br \/>\n      T\u0259bii ki, indi bizim \u015fef i\u015f\u00e7il\u0259rinin maa\u015f\u0131n\u0131 cibind\u0259n \u00f6d\u0259m\u0259k m\u0259cburiy\u0259tind\u0259dir. Ancaq onun da ehtiyat\u0131 t\u00fck\u0259nir. Bizim g\u0259lirimiz \u00f6lk\u0259d\u0259ki orta ayl\u0131q maa\u015fdan y\u00fcks\u0259kdir. M\u0259s\u0259l\u0259n, m\u0259n vergini hesablamasaq 1300 manat al\u0131rd\u0131m. Administrator v\u0259 proqrammistl\u0259r 2 min manat al\u0131rd\u0131. Ancaq bizim \u015fef kommersantd\u0131r, xeyriyy\u0259\u00e7i deyil. Odur ki, o, m\u00fcqavil\u0259sinin m\u00fcdd\u0259ti bitmi\u015f i\u015f\u00e7il\u0259rl\u0259 yeni m\u00fcqavil\u0259 ba\u011flamamaq q\u0259rar\u0131na g\u0259lib. M\u0259n d\u0259 o siyah\u0131dayam.<br \/>\n    <\/b><br \/>\n  <\/i>\n<\/p>\n<p>\n  M\u0259n niy\u0259 i\u015fsiz qald\u0131m?\u00a0H\u0259r \u015fey \u00e7ox sad\u0259dir. \u00d6lk\u0259 b\u00f6hrandad\u0131r. Ke\u00e7\u0259n ilin b\u00fcdc\u0259 pullar\u0131 m\u0259nas\u0131z yerl\u0259r\u0259 x\u0259rcl\u0259nib. Neft qiym\u0259td\u0259n d\u00fc\u015f\u00fcb. Daha pul yoxdur.\n<\/p>\n<p>\n  M\u0259nim i\u015fl\u0259diyim (h\u0259l\u0259 ki!) \u201c\u0130DRAK\u201d Technology Transfer kompaniyas\u0131 d\u00f6vl\u0259t idar\u0259l\u0259rin\u0259 v\u0259 nazirlikl\u0259r\u0259 xidm\u0259t edir. D\u0259qiq des\u0259k, D\u0130N, X\u0130N, DTX (k\u00f6hn\u0259 MTN), S\u0259rh\u0259d Xidm\u0259ti, Miqrasiya Xidm\u0259tinin \u015f\u0259xsiyy\u0259t v\u0259siq\u0259si, biometrik pasport, elektron visa, v\u0259t\u0259nda\u015flar\u0131n elektron axtar\u0131\u015f\u0131 v\u0259 s\u0259rh\u0259dd\u0259n ke\u00e7m\u0259l\u0259ri il\u0259 m\u0259\u015f\u011ful olan idar\u0259l\u0259ril\u0259 i\u015fl\u0259yirik.<br \/>\n  <br \/>\n  Q\u0131sacas\u0131, \u015firk\u0259timiz \u0130AMAS sisteminin inteqratorudur: http:\/\/mfa.gov.az\/files\/file\/24_24.pdf<br \/>\n  <br \/>\n  \u015eirk\u0259t yaln\u0131z d\u00f6vl\u0259t idar\u0259l\u0259ri il\u0259 i\u015fl\u0259yir. Ona g\u00f6r\u0259 d\u0259, d\u00f6vl\u0259t b\u00fcdc\u0259sind\u0259n \u00e7ox as\u0131l\u0131d\u0131r.<br \/>\n  <br \/>\n  \u015eirk\u0259tin sayt\u0131:\u00a0http:\/\/idrak.az\/index.php?option=com_content&amp;view=article&amp;id=21&amp;Itemid=12&amp;lang=ru\n<\/p>\n<p>\n  R\u0259hb\u0259ri Hikm\u0259t Abdullayevdir. D\u0130N-d\u0259 yax\u015f\u0131 \u0259laq\u0259l\u0259ri olan adamd\u0131r.\n<\/p>\n<p>\n  H\u0259r il d\u00f6vl\u0259t D\u0130N-nin vasit\u0259sil\u0259 \u0130AMAS sisteminin saxlanmas\u0131 \u00fc\u00e7\u00fcn m\u00fc\u0259yy\u0259n q\u0259d\u0259r maliyy\u0259 ay\u0131r\u0131rd\u0131. Bu il bu pul yar\u0131ba-yar\u0131 azald\u0131lacaq. D\u0130N 2015-ci ilin pulunu h\u0259l\u0259 tam \u00f6d\u0259m\u0259yib. Ancaq art\u0131q elan olunub ki, o da tam \u00f6d\u0259nilm\u0259y\u0259c\u0259k. 2016-c\u0131 ilin \u00f6d\u0259m\u0259si d\u0259 iki d\u0259f\u0259 az olacaq.\n<\/p>\n<p>\n  Bundan \u0259lav\u0259, biometrik v\u0259siq\u0259l\u0259r\u0259 ke\u00e7id layih\u0259si ikinci d\u0259f\u0259dir ki, uzun m\u00fcdd\u0259t\u0259 t\u0259xir\u0259 sal\u0131n\u0131r. Y\u0259ni prezidentin q\u0259rar\u0131 http:\/\/anspress.com\/index.php?a=2&amp;lng=ru&amp;nid=188980 yen\u0259 vaxt\u0131nda yerin\u0259 yetirilm\u0259y\u0259c\u0259k. \u018fvv\u0259lc\u0259 layih\u0259 Avropa Oyunlar\u0131na g\u00f6r\u0259 t\u0259xir\u0259 sal\u0131nd\u0131, indi d\u0259 \u00f6lk\u0259 iqtisadiyyat\u0131ndak\u0131 probleml\u0259r\u0259 g\u00f6r\u0259 qeyri-m\u00fc\u0259yy\u0259n vaxta q\u0259d\u0259r t\u0259xir\u0259 sal\u0131nd\u0131. Bu layih\u0259ni realla\u015fd\u0131rmaq \u00fc\u00e7\u00fcn d\u00f6vl\u0259tin h\u0259l\u0259 imkan\u0131 yoxdur.\n<\/p>\n<p>\n  T\u0259bii ki, indi bizim \u015fef i\u015f\u00e7il\u0259rinin maa\u015f\u0131n\u0131 cibind\u0259n \u00f6d\u0259m\u0259k m\u0259cburiyy\u0259tind\u0259dir. Ancaq onun da ehtiyat\u0131 t\u00fck\u0259nir. Bizim g\u0259lirimiz \u00f6lk\u0259d\u0259ki orta ayl\u0131q maa\u015fdan y\u00fcks\u0259kdir. M\u0259s\u0259l\u0259n, m\u0259n vergini hesablamasaq 1300 manat al\u0131rd\u0131m. Administrator v\u0259 proqrammistl\u0259r 2 min manat al\u0131rd\u0131. Ancaq bizim \u015fef kommersantd\u0131r, xeyriyy\u0259\u00e7i deyil. Odur ki, o, m\u00fcqavil\u0259sinin m\u00fcdd\u0259ti bitmi\u015f i\u015f\u00e7il\u0259rl\u0259 yeni m\u00fcqavil\u0259 ba\u011flamamaq q\u0259rar\u0131na g\u0259lib. M\u0259n d\u0259 o siyah\u0131dayam.\n<\/p>\n<p>\n  \u00dcmumi ne\u00e7\u0259 i\u015f\u00e7ini ixtisar etdiyini h\u0259l\u0259 bilmir\u0259m. Ancaq onlarla adam\u0131n ixtisar olundu\u011fu d\u0259qiqdir. B\u0259zil\u0259rinin m\u00fcqavil\u0259l\u0259ri uzad\u0131lmad\u0131, ba\u015fqalar\u0131ndan sad\u0259c\u0259 \u00f6z xo\u015flar\u0131na \u0259riz\u0259 yazmalar\u0131 xahi\u015f olundu.\n<\/p>\n<p>\n  \u015eirk\u0259timizd\u0259 c\u0259mi 70-80 i\u015f\u00e7i vard\u0131. Ancaq bu ixtisarlar h\u0259l\u0259 ba\u015flan\u011f\u0131cd\u0131r. H\u0259l\u0259 ki, ancaq yeni layih\u0259l\u0259rin \u2013 h\u0259m\u00e7inin yeni \u015f\u0259xsiyy\u0259t v\u0259siq\u0259l\u0259rinin verilm\u0259si layih\u0259sinin &#8211; icras\u0131 il\u0259 ba\u011fl\u0131 olanlar ixtisar edilib. F\u0259aliyy\u0259td\u0259 olan \u0130AMAS sistemin\u0259 xidm\u0259t ed\u0259n i\u015f\u00e7il\u0259r h\u0259l\u0259 ki, saxlan\u0131l\u0131b. G\u00f6r\u00fcn\u00fcr, onlar\u0131 da \u0259vv\u0259l-ax\u0131r bu tale g\u00f6zl\u0259yir. H\u0259r \u015fey d\u00f6vl\u0259tin pul verib-verm\u0259y\u0259c\u0259yind\u0259n as\u0131l\u0131d\u0131r.\n<\/p>\n<p>\n  Bu, m\u0259n\u0259 v\u0259 ail\u0259m\u0259 nec\u0259 t\u0259sir etdi?\n<\/p>\n<p>\n  Son d\u0259r\u0259c\u0259 pis. Ail\u0259m alt\u0131 n\u0259f\u0259rd\u0259n ibar\u0259tdir. M\u0259n, yolda\u015f\u0131m, \u00fc\u00e7 \u00f6vlad\u0131m v\u0259 n\u0259n\u0259m. Yolda\u015f\u0131m evdar xan\u0131md\u0131r, u\u015faqlar\u0131 b\u00f6y\u00fcd\u00fcr. B\u00f6y\u00fckl\u0259rim m\u0259kt\u0259blidir. Ki\u00e7iyin h\u0259l\u0259 bir ya\u015f\u0131 yoxdur. Sosial M\u00fcdafi\u0259 Fondu ayl\u0131q u\u015faqpulu verm\u0259kd\u0259n imtina etdi. \u0130mtinan\u0131 da n\u0259 vaxtsa kreditl\u0259 ald\u0131\u011f\u0131m ma\u015f\u0131n\u0131m\u0131n olmas\u0131 il\u0259 \u0259sasland\u0131rd\u0131lar. Dedil\u0259r, \u201cget taksovatl\u0131q el\u0259\u201d.\n<\/p>\n<p>\n  Harda edim &#8220;taksovatl\u0131\u011f\u0131&#8221;? Bak\u0131da m\u00fc\u015ft\u0259rid\u0259n \u00e7ox taksi var. Bir \u00e7ox tan\u0131\u015f taksistl\u0259r var ki, g\u00fcn\u0259 bir m\u00fc\u015ft\u0259ri d\u0259 tapa bilmirl\u0259r. Daha adamlar\u0131n taksid\u0259 g\u0259zm\u0259y\u0259 pulu yoxdur.\n<\/p>\n<p>\n  H\u0259m d\u0259 m\u0259nim \u0259la s\u0259n\u0259tim var. \u00d6z\u00fc d\u0259 bir yox, iki. 1. M\u0259n layih\u0259l\u0259rin texniki t\u0259\u015fkili v\u0259 realla\u015fd\u0131r\u0131lmas\u0131 m\u00fch\u0259ndisiy\u0259m. Enerji t\u0259minat\u0131, elektrotexnika, informasiya v\u0259 t\u0259hl\u00fck\u0259sizlik sisteml\u0259ri sah\u0259sind\u0259 m\u00fct\u0259x\u0259ssis\u0259m. 2. Menecerlik diplomum da var. M\u0259n kommersiya \u015firk\u0259tinin effektli idar\u0259etm\u0259si haqq\u0131nda bu d\u0259qiq\u0259 d\u0259ri kresloda oturub, r\u0259hb\u0259rlik ed\u0259nl\u0259rd\u0259n \u00e7ox bilir\u0259m.\n<\/p>\n<p>\n  Amma m\u0259n\u0259 deyirl\u0259r: \u201cget, taksi s\u00fcr!\u201d M\u0259n bunun \u00fc\u00e7\u00fcn oxuyub, i\u015fl\u0259yib, t\u0259cr\u00fcb\u0259 y\u0131\u011fm\u0131\u015fd\u0131m?! \u015e\u00fck\u00fcr, yen\u0259 ma\u015f\u0131n\u0131n kreditini vaxt\u0131nda bitirmi\u015f\u0259m. Yoxsa indi ma\u015f\u0131n\u0131 da banka qaytarmal\u0131 olacaqd\u0131m. He\u00e7 olmasa, bunda b\u0259xtim g\u0259tirdi.\n<\/p>\n<p>\n  N\u0259n\u0259m d\u0259 biziml\u0259 ya\u015fay\u0131r. 92 ya\u015f\u0131 var. 155-c\u0259 manat t\u0259qa\u00fcd al\u0131r. Devalvasiyadan sonra pensioner bu pula nec\u0259 ya\u015fas\u0131n? Bu yax\u0131nda t\u0259qa\u00fcd\u00e7\u00fcl\u0259rin v\u0259 b\u00fcdc\u0259 t\u0259\u015fkilatlar\u0131nda i\u015fl\u0259y\u0259nl\u0259rin maa\u015f\u0131n\u0131 10% art\u0131rd\u0131lar. Manat\u0131n al\u0131c\u0131l\u0131q qabiliyy\u0259tini is\u0259 ke\u00e7\u0259n il \u0259rzind\u0259 c\u0259mi 98% azaltm\u0131\u015fd\u0131lar. Kobud des\u0259k, Az\u0259rbaycan b\u00fcdc\u0259sini talayan v\u0259 \u00f6lk\u0259 iqtisadiyyat\u0131n\u0131 \u00e7\u00f6kd\u00fcr\u0259n m\u0259murlar o\u011furlad\u0131qlar\u0131 98%-d\u0259n 10%-ni \u201chumanistlik g\u00f6st\u0259r\u0259r\u0259k\u201d v\u0259t\u0259nda\u015flara qaytarmaq q\u0259rar\u0131na g\u0259ldil\u0259r.\n<\/p>\n<p>\n  Adam\u0131n V\u0259t\u0259nin\u0259 yaz\u0131\u011f\u0131 g\u0259lir! M\u0259murlar\u0131n da\u011f\u0131td\u0131\u011f\u0131 \u00f6lk\u0259y\u0259 adam\u0131n yaz\u0131\u011f\u0131 g\u0259lir! \u018fdal\u0259t t\u0259l\u0259b etm\u0259y\u0259 qorxan mill\u0259t\u0259 adam\u0131n yaz\u0131\u011f\u0131 g\u0259lir! O ki, qald\u0131 m\u0259n\u0259, \u00e7ox g\u00fcman, xaricd\u0259 i\u015f axtaracam. \u00c7\u00fcnki, Az\u0259rbaycanda h\u0259r yerd\u0259 ixtisarlar gedir. \u0130\u015fsizl\u0259rin say\u0131-hesab\u0131 yoxdur. D\u00f6vl\u0259t m\u00fc\u0259ssis\u0259l\u0259rind\u0259 vakansiyalar var, ancaq qazanc 200-400 manatd\u0131r. \u0130ndiki qiym\u0259tl\u0259rl\u0259 bu pula ail\u0259 doland\u0131rmaq m\u00fcmk\u00fcn deyil.\n<\/p>\n<p>\n  \u00d6z biznesimi a\u00e7a bilm\u0259r\u0259m, \u00e7\u00fcnki, ilkin kapital\u0131m yoxdur. Bank kreditl\u0259rinin faizl\u0259ri is\u0259 \u0259sl soy\u011fun\u00e7uluqdur, ordan pul g\u00f6t\u00fcrm\u0259y\u0259 d\u0259ym\u0259z. \u00d6lk\u0259d\u0259ki korrupsiyan\u0131 da n\u0259z\u0259r\u0259 alsaq, g\u00f6r\u0259rik ki, burda biznesl\u0259 m\u0259\u015f\u011ful olmaq s\u0259rf el\u0259mir. Ham\u0131 s\u0259ni soyma\u011fa \u00e7al\u0131\u015f\u0131r: sah\u0259 polisind\u0259n vergi inspektoruna q\u0259d\u0259r. Prezidentin sahibkarlar\u0131n yoxlan\u0131lmas\u0131n\u0131n dayand\u0131r\u0131lmas\u0131 il\u0259 ba\u011fl\u0131 bu g\u00fcnl\u0259rd\u0259 verdiyi q\u0259rara is\u0259 \u0259m\u0259l edilmir. Sahibkarlar\u0131n yoxlan\u0131lmas\u0131 h\u0259l\u0259 d\u0259 davam edir. N\u0259inki davam edir, h\u0259l\u0259 bi \u201csakit\u00e7ilik \u00fc\u00e7\u00fcn\u201d r\u00fc\u015fv\u0259t d\u0259 t\u0259l\u0259b edilir.\n<\/p>\n<p>\n  \u00dc\u00e7 tan\u0131\u015f\u0131m \u201cBin\u0259\u201d v\u0259 \u201cS\u0259d\u0259r\u0259k\u201d TM-d\u0259ki ma\u011fazalar\u0131n\u0131 ba\u011flad\u0131lar. S\u0259rh\u0259dd\u0259 d\u0259 G\u00f6mr\u00fck soyma\u011fa davam etdiyi \u00fc\u00e7\u00fcn qiym\u0259tl\u0259ri sala bilmirl\u0259r. Adamlar\u0131n da baha mal\u0131 alma\u011fa imkanlar\u0131 yoxdur. N\u0259tic\u0259d\u0259 n\u0259 m\u00fc\u015ft\u0259ri var, n\u0259 g\u0259lir. Ail\u0259ni is\u0259 doland\u0131rmaq laz\u0131md\u0131r. Odur ki, m\u0259n h\u0259l\u0259 ki, bir \u00e7\u0131x\u0131\u015f yolu g\u00f6r\u00fcr\u0259m, o da Az\u0259rbaycandan getm\u0259kdir. Gedib xaricd\u0259 i\u015f axtarmaq laz\u0131md\u0131r.\n<\/p>\n<p>\n  <b><br \/>\n    Yaz\u0131 m\u00fc\u0259llifin \u015f\u0259xsi m\u00f6vqeyini \u0259ks etdirir&#8230;<br \/>\n  <\/b><\/p>\n","protected":false},"excerpt":{"rendered":"<p>\u00dc\u00e7 tan\u0131\u015f\u0131m d\u00fckan\u0131n\u0131 ba\u011flay\u0131b<\/p>\n","protected":false},"author":11,"featured_media":46627,"comment_status":"closed","ping_status":"open","sticky":false,"template":"","format":"standard","meta":{"_acf_changed":false,"_sitemap_exclude":false,"_sitemap_priority":"","_sitemap_frequency":"","footnotes":""},"categories":[57],"tags":[],"class_list":["post-173227","post","type-post","status-publish","format-standard","has-post-thumbnail","hentry","category-menim-fikrimce","infinite-scroll-item","generate-columns","tablet-grid-50","mobile-grid-100","grid-parent","grid-33","no-featured-image-padding"],"acf":[],"yoast_head":"<!-- This site is optimized with the Yoast SEO plugin v27.5 - https:\/\/yoast.com\/product\/yoast-seo-wordpress\/ -->\n<title>M\u00fct\u0259x\u0259ssis adamam, m\u0259n\u0259 deyirl\u0259r: Get, taksi s\u00fcr! - MEYDAN.TV<\/title>\n<meta name=\"robots\" content=\"index, follow, max-snippet:-1, max-image-preview:large, max-video-preview:-1\" \/>\n<link rel=\"canonical\" href=\"https:\/\/www.meydan.tv\/az\/article\/mutexessis-adamam-mene-deyirler-get-taksi-sur\/\" \/>\n<meta property=\"og:locale\" content=\"az_AZ\" \/>\n<meta property=\"og:type\" content=\"article\" \/>\n<meta property=\"og:title\" content=\"M\u00fct\u0259x\u0259ssis adamam, m\u0259n\u0259 deyirl\u0259r: Get, taksi s\u00fcr! - MEYDAN.TV\" \/>\n<meta property=\"og:description\" content=\"\u00dc\u00e7 tan\u0131\u015f\u0131m d\u00fckan\u0131n\u0131 ba\u011flay\u0131b\" \/>\n<meta property=\"og:url\" content=\"https:\/\/www.meydan.tv\/az\/article\/mutexessis-adamam-mene-deyirler-get-taksi-sur\/\" \/>\n<meta property=\"og:site_name\" content=\"MEYDAN.TV\" \/>\n<meta property=\"article:published_time\" content=\"2016-01-29T23:39:53+00:00\" \/>\n<meta property=\"og:image\" content=\"https:\/\/www.meydan.tv\/wp-content\/uploads\/17497.jpg\" \/>\n\t<meta property=\"og:image:width\" content=\"400\" \/>\n\t<meta property=\"og:image:height\" content=\"400\" \/>\n\t<meta property=\"og:image:type\" content=\"image\/jpeg\" \/>\n<meta name=\"author\" content=\"user-manager\" \/>\n<meta name=\"twitter:card\" content=\"summary_large_image\" \/>\n<script type=\"application\/ld+json\" class=\"yoast-schema-graph\">{\"@context\":\"https:\\\/\\\/schema.org\",\"@graph\":[{\"@type\":\"Article\",\"@id\":\"https:\\\/\\\/www.meydan.tv\\\/az\\\/article\\\/mutexessis-adamam-mene-deyirler-get-taksi-sur\\\/#article\",\"isPartOf\":{\"@id\":\"https:\\\/\\\/www.meydan.tv\\\/az\\\/article\\\/mutexessis-adamam-mene-deyirler-get-taksi-sur\\\/\"},\"author\":{\"name\":\"user-manager\",\"@id\":\"https:\\\/\\\/www.meydan.tv\\\/az\\\/#\\\/schema\\\/person\\\/10d11eccf6da3662cf5fdab9806ea91a\"},\"headline\":\"M\u00fct\u0259x\u0259ssis adamam, m\u0259n\u0259 deyirl\u0259r: Get, taksi s\u00fcr!\",\"datePublished\":\"2016-01-29T23:39:53+00:00\",\"mainEntityOfPage\":{\"@id\":\"https:\\\/\\\/www.meydan.tv\\\/az\\\/article\\\/mutexessis-adamam-mene-deyirler-get-taksi-sur\\\/\"},\"wordCount\":1386,\"publisher\":{\"@id\":\"https:\\\/\\\/www.meydan.tv\\\/az\\\/#organization\"},\"image\":{\"@id\":\"https:\\\/\\\/www.meydan.tv\\\/az\\\/article\\\/mutexessis-adamam-mene-deyirler-get-taksi-sur\\\/#primaryimage\"},\"thumbnailUrl\":\"https:\\\/\\\/www.meydan.tv\\\/wp-content\\\/uploads\\\/17497.jpg\",\"articleSection\":[\"M\u0259nim Fikrimc\u0259\"],\"inLanguage\":\"az\"},{\"@type\":\"WebPage\",\"@id\":\"https:\\\/\\\/www.meydan.tv\\\/az\\\/article\\\/mutexessis-adamam-mene-deyirler-get-taksi-sur\\\/\",\"url\":\"https:\\\/\\\/www.meydan.tv\\\/az\\\/article\\\/mutexessis-adamam-mene-deyirler-get-taksi-sur\\\/\",\"name\":\"M\u00fct\u0259x\u0259ssis adamam, m\u0259n\u0259 deyirl\u0259r: Get, taksi s\u00fcr! - MEYDAN.TV\",\"isPartOf\":{\"@id\":\"https:\\\/\\\/www.meydan.tv\\\/az\\\/#website\"},\"primaryImageOfPage\":{\"@id\":\"https:\\\/\\\/www.meydan.tv\\\/az\\\/article\\\/mutexessis-adamam-mene-deyirler-get-taksi-sur\\\/#primaryimage\"},\"image\":{\"@id\":\"https:\\\/\\\/www.meydan.tv\\\/az\\\/article\\\/mutexessis-adamam-mene-deyirler-get-taksi-sur\\\/#primaryimage\"},\"thumbnailUrl\":\"https:\\\/\\\/www.meydan.tv\\\/wp-content\\\/uploads\\\/17497.jpg\",\"datePublished\":\"2016-01-29T23:39:53+00:00\",\"breadcrumb\":{\"@id\":\"https:\\\/\\\/www.meydan.tv\\\/az\\\/article\\\/mutexessis-adamam-mene-deyirler-get-taksi-sur\\\/#breadcrumb\"},\"inLanguage\":\"az\",\"potentialAction\":[{\"@type\":\"ReadAction\",\"target\":[\"https:\\\/\\\/www.meydan.tv\\\/az\\\/article\\\/mutexessis-adamam-mene-deyirler-get-taksi-sur\\\/\"]}]},{\"@type\":\"ImageObject\",\"inLanguage\":\"az\",\"@id\":\"https:\\\/\\\/www.meydan.tv\\\/az\\\/article\\\/mutexessis-adamam-mene-deyirler-get-taksi-sur\\\/#primaryimage\",\"url\":\"https:\\\/\\\/www.meydan.tv\\\/wp-content\\\/uploads\\\/17497.jpg\",\"contentUrl\":\"https:\\\/\\\/www.meydan.tv\\\/wp-content\\\/uploads\\\/17497.jpg\",\"width\":400,\"height\":400,\"caption\":\"Source:\"},{\"@type\":\"BreadcrumbList\",\"@id\":\"https:\\\/\\\/www.meydan.tv\\\/az\\\/article\\\/mutexessis-adamam-mene-deyirler-get-taksi-sur\\\/#breadcrumb\",\"itemListElement\":[{\"@type\":\"ListItem\",\"position\":1,\"name\":\"Ana s\u0259hif\u0259\",\"item\":\"https:\\\/\\\/www.meydan.tv\\\/az\\\/\"},{\"@type\":\"ListItem\",\"position\":2,\"name\":\"M\u0259nim Fikrimc\u0259\",\"item\":\"https:\\\/\\\/www.meydan.tv\\\/az\\\/section\\\/menim-fikrimce\\\/\"},{\"@type\":\"ListItem\",\"position\":3,\"name\":\"M\u00fct\u0259x\u0259ssis adamam, m\u0259n\u0259 deyirl\u0259r: Get, taksi s\u00fcr!\"}]},{\"@type\":\"WebSite\",\"@id\":\"https:\\\/\\\/www.meydan.tv\\\/az\\\/#website\",\"url\":\"https:\\\/\\\/www.meydan.tv\\\/az\\\/\",\"name\":\"MEYDAN.TV\",\"description\":\"Meydan TV Az\u0259rbaycan\u0131n media m\u0259kan\u0131ndak\u0131 alternativ s\u0259sidir\",\"publisher\":{\"@id\":\"https:\\\/\\\/www.meydan.tv\\\/az\\\/#organization\"},\"potentialAction\":[{\"@type\":\"SearchAction\",\"target\":{\"@type\":\"EntryPoint\",\"urlTemplate\":\"https:\\\/\\\/www.meydan.tv\\\/az\\\/?s={search_term_string}\"},\"query-input\":{\"@type\":\"PropertyValueSpecification\",\"valueRequired\":true,\"valueName\":\"search_term_string\"}}],\"inLanguage\":\"az\"},{\"@type\":\"Organization\",\"@id\":\"https:\\\/\\\/www.meydan.tv\\\/az\\\/#organization\",\"name\":\"Meydan TV\",\"url\":\"https:\\\/\\\/www.meydan.tv\\\/az\\\/\",\"logo\":{\"@type\":\"ImageObject\",\"inLanguage\":\"az\",\"@id\":\"https:\\\/\\\/www.meydan.tv\\\/az\\\/#\\\/schema\\\/logo\\\/image\\\/\",\"url\":\"https:\\\/\\\/www.meydan.tv\\\/wp-content\\\/uploads\\\/2021\\\/07\\\/meydan-logo.svg\",\"contentUrl\":\"https:\\\/\\\/www.meydan.tv\\\/wp-content\\\/uploads\\\/2021\\\/07\\\/meydan-logo.svg\",\"width\":195,\"height\":46,\"caption\":\"Meydan TV\"},\"image\":{\"@id\":\"https:\\\/\\\/www.meydan.tv\\\/az\\\/#\\\/schema\\\/logo\\\/image\\\/\"}},{\"@type\":\"Person\",\"@id\":\"https:\\\/\\\/www.meydan.tv\\\/az\\\/#\\\/schema\\\/person\\\/10d11eccf6da3662cf5fdab9806ea91a\",\"name\":\"user-manager\"}]}<\/script>\n<!-- \/ Yoast SEO plugin. -->","yoast_head_json":{"title":"M\u00fct\u0259x\u0259ssis adamam, m\u0259n\u0259 deyirl\u0259r: Get, taksi s\u00fcr! - MEYDAN.TV","robots":{"index":"index","follow":"follow","max-snippet":"max-snippet:-1","max-image-preview":"max-image-preview:large","max-video-preview":"max-video-preview:-1"},"canonical":"https:\/\/www.meydan.tv\/az\/article\/mutexessis-adamam-mene-deyirler-get-taksi-sur\/","og_locale":"az_AZ","og_type":"article","og_title":"M\u00fct\u0259x\u0259ssis adamam, m\u0259n\u0259 deyirl\u0259r: Get, taksi s\u00fcr! - MEYDAN.TV","og_description":"\u00dc\u00e7 tan\u0131\u015f\u0131m d\u00fckan\u0131n\u0131 ba\u011flay\u0131b","og_url":"https:\/\/www.meydan.tv\/az\/article\/mutexessis-adamam-mene-deyirler-get-taksi-sur\/","og_site_name":"MEYDAN.TV","article_published_time":"2016-01-29T23:39:53+00:00","og_image":[{"width":400,"height":400,"url":"https:\/\/www.meydan.tv\/wp-content\/uploads\/17497.jpg","type":"image\/jpeg"}],"author":"user-manager","twitter_card":"summary_large_image","schema":{"@context":"https:\/\/schema.org","@graph":[{"@type":"Article","@id":"https:\/\/www.meydan.tv\/az\/article\/mutexessis-adamam-mene-deyirler-get-taksi-sur\/#article","isPartOf":{"@id":"https:\/\/www.meydan.tv\/az\/article\/mutexessis-adamam-mene-deyirler-get-taksi-sur\/"},"author":{"name":"user-manager","@id":"https:\/\/www.meydan.tv\/az\/#\/schema\/person\/10d11eccf6da3662cf5fdab9806ea91a"},"headline":"M\u00fct\u0259x\u0259ssis adamam, m\u0259n\u0259 deyirl\u0259r: Get, taksi s\u00fcr!","datePublished":"2016-01-29T23:39:53+00:00","mainEntityOfPage":{"@id":"https:\/\/www.meydan.tv\/az\/article\/mutexessis-adamam-mene-deyirler-get-taksi-sur\/"},"wordCount":1386,"publisher":{"@id":"https:\/\/www.meydan.tv\/az\/#organization"},"image":{"@id":"https:\/\/www.meydan.tv\/az\/article\/mutexessis-adamam-mene-deyirler-get-taksi-sur\/#primaryimage"},"thumbnailUrl":"https:\/\/www.meydan.tv\/wp-content\/uploads\/17497.jpg","articleSection":["M\u0259nim Fikrimc\u0259"],"inLanguage":"az"},{"@type":"WebPage","@id":"https:\/\/www.meydan.tv\/az\/article\/mutexessis-adamam-mene-deyirler-get-taksi-sur\/","url":"https:\/\/www.meydan.tv\/az\/article\/mutexessis-adamam-mene-deyirler-get-taksi-sur\/","name":"M\u00fct\u0259x\u0259ssis adamam, m\u0259n\u0259 deyirl\u0259r: Get, taksi s\u00fcr! - MEYDAN.TV","isPartOf":{"@id":"https:\/\/www.meydan.tv\/az\/#website"},"primaryImageOfPage":{"@id":"https:\/\/www.meydan.tv\/az\/article\/mutexessis-adamam-mene-deyirler-get-taksi-sur\/#primaryimage"},"image":{"@id":"https:\/\/www.meydan.tv\/az\/article\/mutexessis-adamam-mene-deyirler-get-taksi-sur\/#primaryimage"},"thumbnailUrl":"https:\/\/www.meydan.tv\/wp-content\/uploads\/17497.jpg","datePublished":"2016-01-29T23:39:53+00:00","breadcrumb":{"@id":"https:\/\/www.meydan.tv\/az\/article\/mutexessis-adamam-mene-deyirler-get-taksi-sur\/#breadcrumb"},"inLanguage":"az","potentialAction":[{"@type":"ReadAction","target":["https:\/\/www.meydan.tv\/az\/article\/mutexessis-adamam-mene-deyirler-get-taksi-sur\/"]}]},{"@type":"ImageObject","inLanguage":"az","@id":"https:\/\/www.meydan.tv\/az\/article\/mutexessis-adamam-mene-deyirler-get-taksi-sur\/#primaryimage","url":"https:\/\/www.meydan.tv\/wp-content\/uploads\/17497.jpg","contentUrl":"https:\/\/www.meydan.tv\/wp-content\/uploads\/17497.jpg","width":400,"height":400,"caption":"Source:"},{"@type":"BreadcrumbList","@id":"https:\/\/www.meydan.tv\/az\/article\/mutexessis-adamam-mene-deyirler-get-taksi-sur\/#breadcrumb","itemListElement":[{"@type":"ListItem","position":1,"name":"Ana s\u0259hif\u0259","item":"https:\/\/www.meydan.tv\/az\/"},{"@type":"ListItem","position":2,"name":"M\u0259nim Fikrimc\u0259","item":"https:\/\/www.meydan.tv\/az\/section\/menim-fikrimce\/"},{"@type":"ListItem","position":3,"name":"M\u00fct\u0259x\u0259ssis adamam, m\u0259n\u0259 deyirl\u0259r: Get, taksi s\u00fcr!"}]},{"@type":"WebSite","@id":"https:\/\/www.meydan.tv\/az\/#website","url":"https:\/\/www.meydan.tv\/az\/","name":"MEYDAN.TV","description":"Meydan TV Az\u0259rbaycan\u0131n media m\u0259kan\u0131ndak\u0131 alternativ s\u0259sidir","publisher":{"@id":"https:\/\/www.meydan.tv\/az\/#organization"},"potentialAction":[{"@type":"SearchAction","target":{"@type":"EntryPoint","urlTemplate":"https:\/\/www.meydan.tv\/az\/?s={search_term_string}"},"query-input":{"@type":"PropertyValueSpecification","valueRequired":true,"valueName":"search_term_string"}}],"inLanguage":"az"},{"@type":"Organization","@id":"https:\/\/www.meydan.tv\/az\/#organization","name":"Meydan TV","url":"https:\/\/www.meydan.tv\/az\/","logo":{"@type":"ImageObject","inLanguage":"az","@id":"https:\/\/www.meydan.tv\/az\/#\/schema\/logo\/image\/","url":"https:\/\/www.meydan.tv\/wp-content\/uploads\/2021\/07\/meydan-logo.svg","contentUrl":"https:\/\/www.meydan.tv\/wp-content\/uploads\/2021\/07\/meydan-logo.svg","width":195,"height":46,"caption":"Meydan TV"},"image":{"@id":"https:\/\/www.meydan.tv\/az\/#\/schema\/logo\/image\/"}},{"@type":"Person","@id":"https:\/\/www.meydan.tv\/az\/#\/schema\/person\/10d11eccf6da3662cf5fdab9806ea91a","name":"user-manager"}]}},"_links":{"self":[{"href":"https:\/\/www.meydan.tv\/az\/wp-json\/wp\/v2\/posts\/173227","targetHints":{"allow":["GET"]}}],"collection":[{"href":"https:\/\/www.meydan.tv\/az\/wp-json\/wp\/v2\/posts"}],"about":[{"href":"https:\/\/www.meydan.tv\/az\/wp-json\/wp\/v2\/types\/post"}],"author":[{"embeddable":true,"href":"https:\/\/www.meydan.tv\/az\/wp-json\/wp\/v2\/users\/11"}],"replies":[{"embeddable":true,"href":"https:\/\/www.meydan.tv\/az\/wp-json\/wp\/v2\/comments?post=173227"}],"version-history":[{"count":0,"href":"https:\/\/www.meydan.tv\/az\/wp-json\/wp\/v2\/posts\/173227\/revisions"}],"wp:featuredmedia":[{"embeddable":true,"href":"https:\/\/www.meydan.tv\/az\/wp-json\/wp\/v2\/media\/46627"}],"wp:attachment":[{"href":"https:\/\/www.meydan.tv\/az\/wp-json\/wp\/v2\/media?parent=173227"}],"wp:term":[{"taxonomy":"category","embeddable":true,"href":"https:\/\/www.meydan.tv\/az\/wp-json\/wp\/v2\/categories?post=173227"},{"taxonomy":"post_tag","embeddable":true,"href":"https:\/\/www.meydan.tv\/az\/wp-json\/wp\/v2\/tags?post=173227"}],"curies":[{"name":"wp","href":"https:\/\/api.w.org\/{rel}","templated":true}]}}