{"id":173201,"date":"2016-01-29T01:41:23","date_gmt":"2016-01-29T01:41:23","guid":{"rendered":"https:\/\/www.meydan.tv\/article\/prezident-hansi-sozu-nece-defe-deyib-video\/"},"modified":"2016-01-29T01:41:23","modified_gmt":"2016-01-29T01:41:23","slug":"prezident-hansi-sozu-nece-defe-deyib-video","status":"publish","type":"post","link":"https:\/\/www.meydan.tv\/az\/article\/prezident-hansi-sozu-nece-defe-deyib-video\/","title":{"rendered":"Prezident hans\u0131 s\u00f6z\u00fc ne\u00e7\u0259 d\u0259f\u0259 deyib? (V\u0130DEO)"},"content":{"rendered":"<figure class=\"wp-block-embed is-type-video is-provider-youtube wp-block-embed-youtube wp-embed-aspect-16-9 wp-has-aspect-ratio\">\n<div class=\"wp-block-embed__wrapper\">\n    <iframe loading=\"lazy\"\ttitle=\"\" width=\"1200\" height=\"675\" src=\"https:\/\/www.youtube.com\/embed\/4Ti6zv9Thnc\"\tframeborder=\"0\"\tallow=\"accelerometer; autoplay; clipboard-write; encrypted-media; gyroscope; picture-in-picture\" allowfullscreen><\/iframe>\n  <\/div><figcaption><\/figcaption><\/figure>\n<p>\n  26 yanvarda \u0130lham \u018fliyev &#8220;Regionlar\u0131n 2014-2018-ci ill\u0259rd\u0259 sosial-iqtisadi inki\u015faf\u0131 D\u00f6vl\u0259t Proqram\u0131&#8221;n\u0131n icras\u0131n\u0131n ikinci ilinin yekunlar\u0131na h\u0259sr olunmu\u015f konfransda i\u015ftirak edib. Sosial \u015f\u0259b\u0259k\u0259l\u0259rd\u0259 uzun m\u00fcdd\u0259t dan\u0131\u015f\u0131lacaq t\u0259klifl\u0259rl\u0259 \u00e7\u0131x\u0131\u015f ed\u0259n prezident hans\u0131 s\u00f6zl\u0259rd\u0259n daha \u00e7ox istifad\u0259 edib? Bel\u0259likl\u0259, prezident \u00e7\u0131x\u0131\u015f\u0131nda 10209 s\u00f6zd\u0259n istifad\u0259 edib. \u0130lk s\u0131rada &#8220;biz&#8221; s\u00f6z\u00fcd\u00fcr. Prezident bu s\u00f6zd\u0259n 118 d\u0259f\u0259 istifad\u0259 edib.\n<\/p>\n<p>\n  \u0130kinci yerd\u0259 &#8220;Az\u0259rbaycan&#8221; s\u00f6z\u00fcd\u00fcr &#8211; 91 d\u0259f\u0259.\n<\/p>\n<p>\n  \u00dc\u00e7\u00fcnc\u00fc pill\u0259ni is\u0259 &#8220;inki\u015faf&#8221; s\u00f6z\u00fc tutur. \u0130lham \u018fliyev \u00a0bu s\u00f6zd\u0259n 50 d\u0259f\u0259 istifad\u0259 edib.\n<\/p>\n<p>\n  \u018fn \u00e7ox i\u015fl\u0259tdiyi s\u00f6zl\u0259r s\u0131ras\u0131nda &#8220;qaz&#8221;, &#8220;sahibkar&#8221;, &#8220;xalq&#8221;, &#8220;d\u00fcnya&#8221;, &#8220;sosial&#8221; s\u00f6zl\u0259ri olsa da, &#8220;prezident&#8221; s\u00f6z\u00fcn\u00fc 4 d\u0259f\u0259 i\u015fl\u0259dib.\n<\/p>\n<p>\n  \u0130lham \u018fliyevin he\u00e7 i\u015fl\u0259tm\u0259diyi s\u00f6zl\u0259r s\u0131ras\u0131nda &#8220;h\u0259bs&#8221;, &#8220;m\u00fcxalif\u0259t&#8221;, &#8220;azadl\u0131q&#8221; olsa da, &#8220;iqtidar&#8221; s\u00f6z\u00fcn\u00fc d\u0259 c\u0259mi 1 d\u0259f\u0259 i\u015fl\u0259dib.\n<\/p>\n<p>\n  &#8220;Xalq&#8221; s\u00f6z\u00fcn\u00fc 29 d\u0259f\u0259 i\u015fl\u0259d\u0259n prezident &#8220;bu g\u00fcn&#8221; s\u00f6z\u00fcnd\u0259n 18 d\u0259f\u0259 istifad\u0259 edib.\n<\/p>\n<p>\n  \u0130qtisadi m\u0259s\u0259l\u0259l\u0259rd\u0259n dan\u0131\u015fark\u0259n &#8220;manat&#8221; v\u0259 &#8220;dollar&#8221; s\u00f6zl\u0259rinin istifad\u0259si manat\u0131n xeyrin\u0259 olub. &#8220;Korrupsiya&#8221; s\u00f6z\u00fc d\u0259 k\u0259narda qalan s\u00f6zl\u0259rd\u0259ndir. \u00a04 d\u0259f\u0259 e\u015fidil\u0259n bu s\u00f6z &#8220;parlament&#8221; v\u0259 &#8220;demokratiya&#8221; s\u00f6zl\u0259rini gerid\u0259 qoyub. Demokratiya &#8211; 2, \u00a0parlament &#8211; 2.\n<\/p>\n<p>\n  &#8220;Neft&#8221; 17, &#8220;enerji&#8221; 4, &#8220;Avropa&#8221; is\u0259 10 d\u0259f\u0259 e\u015fidilib. \u00a0Prezidentin \u00e7\u0131x\u0131\u015f\u0131nda daha \u00e7ox Avropa \u00f6lk\u0259l\u0259rin\u0259 aid edil\u0259n &#8220;b\u00f6hran&#8221; s\u00f6z\u00fc d\u0259 az e\u015fidil\u0259n s\u00f6zl\u0259r s\u0131ras\u0131na daxildir &#8211; 9 d\u0259f\u0259.<\/p>\n","protected":false},"excerpt":{"rendered":"<p>\u0130lham \u018fliyevin \u0259n \u00e7ox i\u015fl\u0259tdiyi s\u00f6zl\u0259r &#8220;biz&#8221;, &#8220;Az\u0259rbaycan&#8221;, &#8220;inki\u015faf&#8221; s\u00f6zl\u0259ri olub<\/p>\n","protected":false},"author":11,"featured_media":46651,"comment_status":"closed","ping_status":"open","sticky":false,"template":"","format":"standard","meta":{"_acf_changed":false,"_sitemap_exclude":false,"_sitemap_priority":"","_sitemap_frequency":"","footnotes":""},"categories":[63],"tags":[],"class_list":["post-173201","post","type-post","status-publish","format-standard","has-post-thumbnail","hentry","category-video-2","infinite-scroll-item","generate-columns","tablet-grid-50","mobile-grid-100","grid-parent","grid-33","no-featured-image-padding"],"acf":[],"yoast_head":"<!-- This site is optimized with the Yoast SEO plugin v28.4 - https:\/\/yoast.com\/product\/yoast-seo-wordpress\/ -->\n<title>Prezident hans\u0131 s\u00f6z\u00fc ne\u00e7\u0259 d\u0259f\u0259 deyib? (V\u0130DEO) - MEYDAN.TV<\/title>\n<meta name=\"robots\" content=\"index, follow, max-snippet:-1, max-image-preview:large, max-video-preview:-1\" \/>\n<link rel=\"canonical\" href=\"https:\/\/www.meydan.tv\/az\/article\/prezident-hansi-sozu-nece-defe-deyib-video\/\" \/>\n<meta property=\"og:locale\" content=\"az_AZ\" \/>\n<meta property=\"og:type\" content=\"article\" \/>\n<meta property=\"og:title\" content=\"Prezident hans\u0131 s\u00f6z\u00fc ne\u00e7\u0259 d\u0259f\u0259 deyib? (V\u0130DEO) - MEYDAN.TV\" \/>\n<meta property=\"og:description\" content=\"\u0130lham \u018fliyevin \u0259n \u00e7ox i\u015fl\u0259tdiyi s\u00f6zl\u0259r &quot;biz&quot;, &quot;Az\u0259rbaycan&quot;, &quot;inki\u015faf&quot; s\u00f6zl\u0259ri olub\" \/>\n<meta property=\"og:url\" content=\"https:\/\/www.meydan.tv\/az\/article\/prezident-hansi-sozu-nece-defe-deyib-video\/\" \/>\n<meta property=\"og:site_name\" content=\"MEYDAN.TV\" \/>\n<meta property=\"article:published_time\" content=\"2016-01-29T01:41:23+00:00\" \/>\n<meta property=\"og:image\" content=\"https:\/\/www.meydan.tv\/wp-content\/uploads\/17462.jpg\" \/>\n\t<meta property=\"og:image:width\" content=\"1879\" \/>\n\t<meta property=\"og:image:height\" content=\"1159\" \/>\n\t<meta property=\"og:image:type\" content=\"image\/jpeg\" \/>\n<meta name=\"twitter:card\" content=\"summary_large_image\" \/>\n<!-- \/ Yoast SEO plugin. -->","yoast_head_json":{"title":"Prezident hans\u0131 s\u00f6z\u00fc ne\u00e7\u0259 d\u0259f\u0259 deyib? (V\u0130DEO) - MEYDAN.TV","robots":{"index":"index","follow":"follow","max-snippet":"max-snippet:-1","max-image-preview":"max-image-preview:large","max-video-preview":"max-video-preview:-1"},"canonical":"https:\/\/www.meydan.tv\/az\/article\/prezident-hansi-sozu-nece-defe-deyib-video\/","og_locale":"az_AZ","og_type":"article","og_title":"Prezident hans\u0131 s\u00f6z\u00fc ne\u00e7\u0259 d\u0259f\u0259 deyib? (V\u0130DEO) - MEYDAN.TV","og_description":"\u0130lham \u018fliyevin \u0259n \u00e7ox i\u015fl\u0259tdiyi s\u00f6zl\u0259r \"biz\", \"Az\u0259rbaycan\", \"inki\u015faf\" s\u00f6zl\u0259ri olub","og_url":"https:\/\/www.meydan.tv\/az\/article\/prezident-hansi-sozu-nece-defe-deyib-video\/","og_site_name":"MEYDAN.TV","article_published_time":"2016-01-29T01:41:23+00:00","og_image":[{"width":1879,"height":1159,"url":"https:\/\/www.meydan.tv\/wp-content\/uploads\/17462.jpg","type":"image\/jpeg"}],"twitter_card":"summary_large_image","schema":{"@context":"https:\/\/schema.org","@graph":[{"@type":"Article","@id":"https:\/\/www.meydan.tv\/az\/article\/prezident-hansi-sozu-nece-defe-deyib-video\/#article","isPartOf":{"@id":"https:\/\/www.meydan.tv\/az\/article\/prezident-hansi-sozu-nece-defe-deyib-video\/"},"author":{"name":"user-manager","@id":"https:\/\/www.meydan.tv\/az\/#\/schema\/person\/10d11eccf6da3662cf5fdab9806ea91a"},"headline":"Prezident hans\u0131 s\u00f6z\u00fc ne\u00e7\u0259 d\u0259f\u0259 deyib? (V\u0130DEO)","datePublished":"2016-01-29T01:41:23+00:00","mainEntityOfPage":{"@id":"https:\/\/www.meydan.tv\/az\/article\/prezident-hansi-sozu-nece-defe-deyib-video\/"},"wordCount":305,"publisher":{"@id":"https:\/\/www.meydan.tv\/az\/#organization"},"image":{"@id":"https:\/\/www.meydan.tv\/az\/article\/prezident-hansi-sozu-nece-defe-deyib-video\/#primaryimage"},"thumbnailUrl":"https:\/\/www.meydan.tv\/wp-content\/uploads\/17462.jpg","articleSection":["Video"],"inLanguage":"az"},{"@type":"WebPage","@id":"https:\/\/www.meydan.tv\/az\/article\/prezident-hansi-sozu-nece-defe-deyib-video\/","url":"https:\/\/www.meydan.tv\/az\/article\/prezident-hansi-sozu-nece-defe-deyib-video\/","name":"Prezident hans\u0131 s\u00f6z\u00fc ne\u00e7\u0259 d\u0259f\u0259 deyib? (V\u0130DEO) - MEYDAN.TV","isPartOf":{"@id":"https:\/\/www.meydan.tv\/az\/#website"},"primaryImageOfPage":{"@id":"https:\/\/www.meydan.tv\/az\/article\/prezident-hansi-sozu-nece-defe-deyib-video\/#primaryimage"},"image":{"@id":"https:\/\/www.meydan.tv\/az\/article\/prezident-hansi-sozu-nece-defe-deyib-video\/#primaryimage"},"thumbnailUrl":"https:\/\/www.meydan.tv\/wp-content\/uploads\/17462.jpg","datePublished":"2016-01-29T01:41:23+00:00","breadcrumb":{"@id":"https:\/\/www.meydan.tv\/az\/article\/prezident-hansi-sozu-nece-defe-deyib-video\/#breadcrumb"},"inLanguage":"az","potentialAction":[{"@type":"ReadAction","target":["https:\/\/www.meydan.tv\/az\/article\/prezident-hansi-sozu-nece-defe-deyib-video\/"]}]},{"@type":"ImageObject","inLanguage":"az","@id":"https:\/\/www.meydan.tv\/az\/article\/prezident-hansi-sozu-nece-defe-deyib-video\/#primaryimage","url":"https:\/\/www.meydan.tv\/wp-content\/uploads\/17462.jpg","contentUrl":"https:\/\/www.meydan.tv\/wp-content\/uploads\/17462.jpg","width":1879,"height":1159,"caption":"Source:"},{"@type":"BreadcrumbList","@id":"https:\/\/www.meydan.tv\/az\/article\/prezident-hansi-sozu-nece-defe-deyib-video\/#breadcrumb","itemListElement":[{"@type":"ListItem","position":1,"name":"Ana s\u0259hif\u0259","item":"https:\/\/www.meydan.tv\/az\/"},{"@type":"ListItem","position":2,"name":"Video","item":"https:\/\/www.meydan.tv\/az\/section\/video-2\/"},{"@type":"ListItem","position":3,"name":"Prezident hans\u0131 s\u00f6z\u00fc ne\u00e7\u0259 d\u0259f\u0259 deyib? (V\u0130DEO)"}]},{"@type":"WebSite","@id":"https:\/\/www.meydan.tv\/az\/#website","url":"https:\/\/www.meydan.tv\/az\/","name":"MEYDAN.TV","description":"Meydan TV Az\u0259rbaycan\u0131n media m\u0259kan\u0131ndak\u0131 alternativ s\u0259sidir","publisher":{"@id":"https:\/\/www.meydan.tv\/az\/#organization"},"potentialAction":[{"@type":"SearchAction","target":{"@type":"EntryPoint","urlTemplate":"https:\/\/www.meydan.tv\/az\/?s={search_term_string}"},"query-input":{"@type":"PropertyValueSpecification","valueRequired":true,"valueName":"search_term_string"}}],"inLanguage":"az"},{"@type":"Organization","@id":"https:\/\/www.meydan.tv\/az\/#organization","name":"Meydan TV","url":"https:\/\/www.meydan.tv\/az\/","logo":{"@type":"ImageObject","inLanguage":"az","@id":"https:\/\/www.meydan.tv\/az\/#\/schema\/logo\/image\/","url":"https:\/\/www.meydan.tv\/wp-content\/uploads\/2021\/07\/meydan-logo.svg","contentUrl":"https:\/\/www.meydan.tv\/wp-content\/uploads\/2021\/07\/meydan-logo.svg","width":195,"height":46,"caption":"Meydan TV"},"image":{"@id":"https:\/\/www.meydan.tv\/az\/#\/schema\/logo\/image\/"}},{"@type":"Person","@id":"https:\/\/www.meydan.tv\/az\/#\/schema\/person\/10d11eccf6da3662cf5fdab9806ea91a","name":"user-manager"}]}},"_links":{"self":[{"href":"https:\/\/www.meydan.tv\/az\/wp-json\/wp\/v2\/posts\/173201","targetHints":{"allow":["GET"]}}],"collection":[{"href":"https:\/\/www.meydan.tv\/az\/wp-json\/wp\/v2\/posts"}],"about":[{"href":"https:\/\/www.meydan.tv\/az\/wp-json\/wp\/v2\/types\/post"}],"author":[{"embeddable":true,"href":"https:\/\/www.meydan.tv\/az\/wp-json\/wp\/v2\/users\/11"}],"replies":[{"embeddable":true,"href":"https:\/\/www.meydan.tv\/az\/wp-json\/wp\/v2\/comments?post=173201"}],"version-history":[{"count":0,"href":"https:\/\/www.meydan.tv\/az\/wp-json\/wp\/v2\/posts\/173201\/revisions"}],"wp:featuredmedia":[{"embeddable":true,"href":"https:\/\/www.meydan.tv\/az\/wp-json\/wp\/v2\/media\/46651"}],"wp:attachment":[{"href":"https:\/\/www.meydan.tv\/az\/wp-json\/wp\/v2\/media?parent=173201"}],"wp:term":[{"taxonomy":"category","embeddable":true,"href":"https:\/\/www.meydan.tv\/az\/wp-json\/wp\/v2\/categories?post=173201"},{"taxonomy":"post_tag","embeddable":true,"href":"https:\/\/www.meydan.tv\/az\/wp-json\/wp\/v2\/tags?post=173201"}],"curies":[{"name":"wp","href":"https:\/\/api.w.org\/{rel}","templated":true}]}}