{"id":173180,"date":"2016-01-28T13:31:57","date_gmt":"2016-01-28T13:31:57","guid":{"rendered":"https:\/\/www.meydan.tv\/article\/ifsa-asan-is-deyil\/"},"modified":"2016-01-28T13:31:57","modified_gmt":"2016-01-28T13:31:57","slug":"ifsa-asan-is-deyil","status":"publish","type":"post","link":"https:\/\/www.meydan.tv\/az\/article\/ifsa-asan-is-deyil\/","title":{"rendered":"\u0130f\u015fa asan i\u015f deyil"},"content":{"rendered":"<figure class=\"wp-block-image size-large\">\n  <img decoding=\"async\" src=\"https:\/\/www.meydan.tv\/az\/46552\/\" alt=\"\" class=\"wp-image-46552\"\/><figcaption><\/figcaption><\/figure>\n<figure class=\"wp-block-image size-large\">\n  <img decoding=\"async\" src=\"https:\/\/www.meydan.tv\/az\/46555\/\" alt=\"\" class=\"wp-image-46555\"\/><figcaption><\/figcaption><\/figure>\n<p>\n  <i><br \/>\n    <b><br \/>\n      &#8211; Bax, Volodya, he\u00e7 bilirs\u0259n bizim c\u0259miyy\u0259tin m\u0259n\u0259vi avtoritetl\u0259ri, bel\u0259 dey\u0259k, &#8220;xalq\u0131n vicdan\u0131&#8221; kimdir? Sovet zaman\u0131n\u0131n titullu yaz\u0131\u00e7\u0131lar\u0131!<br \/>\n    <\/b><br \/>\n  <\/i>\n<\/p>\n<p>\n  <i><br \/>\n    <b><br \/>\n      Adam\u0131n mat\u0131 qurudu, dey\u0259s\u0259n he\u00e7 inana da bilmirdi:<br \/>\n    <\/b><br \/>\n  <\/i>\n<\/p>\n<p>\n  <i><br \/>\n    <b><br \/>\n      &#8211; Nec\u0259 y\u0259ni? Kim, sovet yaz\u0131\u00e7\u0131lar\u0131?! &#8220;Xalq yaz\u0131\u00e7\u0131lar\u0131&#8221;?!<br \/>\n    <\/b><br \/>\n  <\/i>\n<\/p>\n<p><div>\n    Bizim c\u0259miyy\u0259td\u0259 total savads\u0131zl\u0131q h\u00f6km s\u00fcr\u00fcr \u2013 bu, quru fakd\u0131r. Amma bu total savads\u0131zl\u0131\u011f\u0131n \u00f6z\u00fc il\u0259 g\u0259tirdiyi n\u0259sn\u0259l\u0259r h\u0259m d\u0259 &#8220;milli d\u0259y\u0259rl\u0259r\u0259&#8221; \u00e7evrilib \u2013 bu, art\u0131q faci\u0259dir.\n  <\/div>\n<\/p>\n<p>\n  \u018fn \u00e7\u0259tini, \u0259n m\u00fcr\u0259kk\u0259bi v\u0259 \u0259n ac\u0131s\u0131 da bu tipli &#8220;milli d\u0259y\u0259rl\u0259r\u0259&#8221; qar\u015f\u0131 \u00e7\u0131xmaqd\u0131r. Bunu \u00e7ox adam he\u00e7 anlam\u0131r, onlar\u0131n fikrinc\u0259 m\u0259s\u0259l\u0259 sad\u0259c\u0259 m\u00f6vcud hakimiyy\u0259tin t\u0259nqidi v\u0259 if\u015fas\u0131 il\u0259 bitm\u0259lidir, \u00e7\u00fcnki bu c\u0259miyy\u0259td\u0259 ba\u015f ver\u0259n b\u00fct\u00fcn m\u0259nfi hallar yaln\u0131z bu iqtidar\u0131n g\u00fcnah\u0131d\u0131r. G\u00fcnah\u0131 olmas\u0131 fikri il\u0259 raz\u0131la\u015fmamaq olmaz, \u00e7\u00fcnki 20 il hakimiyy\u0259td\u0259 olanlar ist\u0259nil\u0259n halda hesabat verm\u0259lidir. Amma indi m\u00f6vzu bu haqda deyil.\n<\/p>\n<p>\n  Seymur Baycan\u0131n g\u00fcnd\u0259m\u0259 \u00e7\u0131xard\u0131\u011f\u0131 B\u0259xtiyar Vahabzad\u0259 m\u0259s\u0259l\u0259sind\u0259 n\u0259 q\u0259d\u0259r adam t\u0259k\u0259r\u0259 d\u00fc\u015fd\u00fc.\n<\/p>\n<p>\n  Biz\u0259 &#8220;milli d\u0259y\u0259r&#8221; kimi s\u0131r\u0131nm\u0131\u015f b\u00fctl\u0259rin if\u015fas\u0131 dediyim kimi, \u0259sla asan i\u015f deyil. \u00d6nc\u0259 ona g\u00f6r\u0259 \u00e7\u0259tindir ki, onlar\u0131n \u00fcmumiyy\u0259tl\u0259, bo\u015f b\u00fct oldu\u011funu g\u00f6rm\u0259k v\u0259 anlamaq laz\u0131md\u0131r. \u00c7\u00fcnki bizim h\u0259r birimiz bu c\u0259miyy\u0259tin yeti\u015fdirm\u0259siyik, Marsdan u\u00e7ub g\u0259lm\u0259mi\u015fik v\u0259 bu dilin da\u015f\u0131y\u0131c\u0131lar\u0131 kimi, biz\u0259 d\u0259 bunlar lap ki\u00e7ik ya\u015flar\u0131m\u0131zdan yeridilib. Amma m\u0259s\u0259l\u0259 buras\u0131ndad\u0131r ki, bununla da i\u015f bitmir, bundan sonra bu b\u00fct haqda dan\u0131\u015fmaq, onun bo\u015f bir b\u00fct oldu\u011funu anlatmaq laz\u0131md\u0131r &#8211; bu i\u015f is\u0259 daha da \u00e7\u0259tindir. \u00c7\u00fcnki bu b\u00fctl\u0259r ist\u0259r hakimiyy\u0259t, ist\u0259r m\u00fcxalif\u0259t, ist\u0259rs\u0259 d\u0259 c\u0259miyy\u0259tin b\u00fct\u00fcn t\u0259b\u0259q\u0259l\u0259ri t\u0259r\u0259find\u0259n apriori olaraq q\u0259bul edilmi\u015fdir.\n<\/p>\n<p>\n  Az\u0259rbaycanda lap ki\u00e7icik k\u00f6rp\u0259 d\u0259 bilir ki, tutal\u0131m B\u0259xtiyar, dahidir, m\u00fcst\u0259snad\u0131r, ucad\u0131r, klassikdir, korifeydir, tutal\u0131m Seymur kimdir ki, onun haqda s\u00f6z desin, onu t\u0259nqid ed\u0259 bilsin, kim?! &#8220;&#8230; D\u00fcn\u0259nki g\u0259d\u0259 g\u00f6r\u00fcn g\u0259lib kim\u0259 meydan oxuyur&#8230; Tariximizi korlayan bu g\u0259n\u0259 qurdlar\u0131ndan xilas olmaq \u00fc\u00e7\u00fcn d\u00f6vl\u0259timizin m\u00fcvafiq qurumlar\u0131 t\u0259cili t\u0259dbirl\u0259r g\u00f6rm\u0259lidir&#8230;&#8221;\n<\/p>\n<p>\n  Bunu kimin dem\u0259sini, indiy\u0259 kimi n\u0259 oyunlardan \u00e7\u0131xmas\u0131n\u0131, \u00f6z\u00fc kimil\u0259rinin bu ill\u0259r \u0259rzind\u0259 bu xalq\u0131n ba\u015f\u0131na n\u0259l\u0259r g\u0259tirdikl\u0259rini d\u0259 he\u00e7 yazm\u0131ram. Onun n\u0259z\u0259rd\u0259 tutdu\u011fu &#8220;m\u00fcvafiq qurumlar&#8221; haqda da, g\u00f6r\u00fcl\u0259sini z\u0259ruri sayd\u0131\u011f\u0131 nec\u0259 bir &#8220;t\u0259cili t\u0259dbirl\u0259r&#8221; bar\u0259d\u0259 d\u0259 he\u00e7 bir \u015f\u00fcbh\u0259m yox. Amma m\u0259s\u0259l\u0259 yen\u0259 d\u0259 bunda deyil.\n<\/p>\n<p>\n  Bu sitat\u0131 ist\u0259nil\u0259n b\u00fct haqda n\u0259s\u0259 dem\u0259y\u0259 c\u0259sar\u0259t etmi\u015f ist\u0259nil\u0259n k\u0259s haqda balaca u\u015faq da, nazir d\u0259, milyon verib icra ba\u015f\u00e7\u0131s\u0131 olan da, deputatxanda oturan da, &#8220;tamojna&#8221; r\u00fc\u015fv\u0259txoru da, &#8220;ziyal\u0131&#8221; da, s\u0259kkiz milyard\u0131 &#8220;Avropa oyunlar\u0131na&#8221; x\u0259rcl\u0259y\u0259n d\u0259, otuz milyona 3 kilometr yol \u00e7\u0259k\u0259n d\u0259, kosmik g\u0259mi qiym\u0259tin\u0259 k\u00f6rp\u00fc tik\u0259n d\u0259, toyxana\u00e7\u0131 da, meyxana\u00e7\u0131 da, m\u00fc\u011f\u0259nni d\u0259, yaltaq da, t\u0259lx\u0259k d\u0259, c\u0259llad da, inkvizitor da, \u015fill\u0259vuran da, idman\u00e7\u0131 da, qo\u00e7u da, &#8220;m\u00fclki geyimli&#8221; d\u0259, &#8220;bandaddel&#8221; d\u0259, jek m\u00fcdiri d\u0259, jurnalist d\u0259, tarix\u00e7i d\u0259, professor da, polis d\u0259, yaz\u0131\u00e7\u0131 da, bazarda pendir satan v\u0259t\u0259nda\u015f\u0131m\u0131z da dey\u0259 bil\u0259r. \u00c7\u00fcnki ham\u0131s\u0131 bunu \u00e7ox \u0259la bilir, t\u0259nqid olunan yazar\u0131n birc\u0259 c\u00fcml\u0259sini d\u0259 oxumadan, \u00e7ox d\u0259qiq bilir ham\u0131s\u0131 bunu.\n<\/p>\n<p>\n  Bir c\u0259miyy\u0259t \u00fc\u00e7\u00fcn ki, &#8220;Az\u0259rbaycan\u0131n y\u00fcks\u0259li\u015f d\u00f6vr\u00fc 70-ci ill\u0259r\u0259 t\u0259sad\u00fcf edir&#8221; c\u00fcml\u0259si nonsens olmas\u0131n, daha n\u0259 haqda dan\u0131\u015fa bil\u0259rik, n\u0259yin m\u00fczakir\u0259sini aparmaq olar? He\u00e7 bir koqnitiv dissonans ke\u00e7irm\u0259d\u0259n m\u0259hz h\u0259min d\u00f6vrl\u0259rd\u0259 b\u00fct olmu\u015flar\u0131n saymaqla bitm\u0259z b\u00fct\u00fcn titullar\u0131n\u0131 say\u0131b, sonra da el\u0259 onun haqq\u0131nda dissident, xalq\u0131n \u015fairi, &#8220;\u0259yilm\u0259z vicdan\u0131n b\u00f6y\u00fck heyk\u0259li&#8221; olmas\u0131 haqda dan\u0131\u015f\u0131rlar. Ard\u0131 bir kims\u0259ni ilgil\u0259ndirm\u0259z.\n<\/p>\n<p>\n  Xatirim\u0259 2014-\u00fcn bahar\u0131 g\u0259lir. Kiyevd\u0259ki &#8220;Maydan&#8221; hadis\u0259l\u0259ri zaman\u0131, Kr\u0131m referendumundan bir g\u00fcn \u00f6nc\u0259, bir ukraynal\u0131 musiqi\u00e7i h\u0259mkar\u0131mla orada dayan\u0131b bu hadis\u0259l\u0259r haqda dan\u0131\u015f\u0131rd\u0131q. Dostum g\u00f6zl\u0259rind\u0259 k\u0259d\u0259rli ifad\u0259 il\u0259 g\u00fcl\u00fcms\u0259y\u0259r\u0259k:<br \/>\n  <br \/>\n  &#8211; Ayd\u0131nd\u0131r ki, sabah Kr\u0131mdak\u0131 &#8220;referendum&#8221;un n\u0259tic\u0259l\u0259ri n\u0259 olacaq, amma bunun art\u0131q \u0259h\u0259miyy\u0259ti yoxdur&#8230; \u018fsas odur ki, biz azad olaca\u011f\u0131q, xalq ham\u0131n\u0131s\u0131 art\u0131q anlay\u0131b, kimin kim oldu\u011funu g\u00f6r\u00fcr, onu art\u0131q aldatmaq m\u00fcmk\u00fcn olmayacaq, ba\u015fl\u0131cas\u0131 bax budur.\n<\/p>\n<p>\n  Ba\u015f\u0131m\u0131 bulay\u0131b g\u00fcl\u00fcms\u0259dim. Sual etdikd\u0259:\n<\/p>\n<p>\n  &#8211; Sizi bilmir\u0259m, biz\u0259, bizim c\u0259miyy\u0259tin n\u0259yis\u0259 anlama\u011f\u0131na h\u0259l\u0259 \u00e7ox-\u00e7ox qal\u0131b.\n<\/p>\n<p>\n  Dostumun t\u0259\u0259cc\u00fcb v\u0259 sual dolu (y\u0259ni ki, aksiomad\u0131r, anlayas\u0131 daha n\u0259 var ki?) bax\u0131\u015flar\u0131na cavabda:\n<\/p>\n<p>\n  &#8211; Bax, Volodya, he\u00e7 bilirs\u0259n bizim c\u0259miyy\u0259tin m\u0259n\u0259vi avtoritetl\u0259ri, bel\u0259 dey\u0259k, &#8220;xalq\u0131n vicdan\u0131&#8221; kimdir? Sovet zaman\u0131n\u0131n titullu yaz\u0131\u00e7\u0131lar\u0131!\n<\/p>\n<p>\n  Adam\u0131n mat\u0131 qurudu, dey\u0259s\u0259n he\u00e7 inana da bilmirdi:\n<\/p>\n<p>\n  &#8211; Nec\u0259 y\u0259ni? Kim, sovet yaz\u0131\u00e7\u0131lar\u0131?! &#8220;Xalq yaz\u0131\u00e7\u0131lar\u0131&#8221;?!\n<\/p>\n<p>\n  &#8211; B\u0259li, el\u0259 s\u0259n tan\u0131d\u0131\u011f\u0131n h\u0259min sovet &#8220;xalq yaz\u0131\u00e7\u0131lar\u0131&#8221;, &#8220;xalq \u015fairl\u0259ri&#8221;, onlar ax\u0131 sovetin h\u0259r yerind\u0259 inkubatordan \u00e7\u0131xm\u0131\u015f kimi eynitipli idil\u0259r ax\u0131. Y\u0259ni Ukraynada he\u00e7 bir &#8220;m\u0259n\u0259vi avtoritet&#8221;\u0259 \u00e7evrilmi\u015f &#8220;xalq yaz\u0131\u00e7\u0131n\u0131z&#8221; yoxdur?\n<\/p>\n<p>\n  &#8211; Yox! Ola da bilm\u0259z ax\u0131!\n<\/p>\n<p>\n  Adam n\u0259 dediyimi anlamad\u0131, anlamas\u0131 m\u00fcmk\u00fcn d\u0259 deyildi, nec\u0259 anladayd\u0131m? Sofia Coppola&#8217;n\u0131n &#8220;T\u0259rc\u00fcm\u0259nin m\u00fcmk\u00fcns\u00fczl\u00fcy\u00fc&#8221; filmi haqda b\u0259lk\u0259 y\u00fcz d\u0259f\u0259 s\u00f6hb\u0259t a\u00e7m\u0131\u015fam, l\u00fctf\u0259n gedin, bax\u0131n, bir daha t\u0259krar etm\u0259k ist\u0259mir\u0259m. M\u0259s\u0259l\u0259nin faci\u0259li t\u0259r\u0259fi oradad\u0131r ki, bu &#8220;t\u0259rc\u00fcm\u0259nin m\u00fcmk\u00fcns\u00fczl\u00fcy\u00fcn\u00fcn&#8221; \u0259n b\u00f6y\u00fcy\u00fcn\u00fc xaricil\u0259rl\u0259 yox, \u00f6z insanlar\u0131m\u0131z, \u00f6z c\u0259miyy\u0259timizl\u0259 t\u0259masda ke\u00e7iririk. Do\u011frudanm\u0131, bu c\u0259miyy\u0259ti g\u00f6rm\u0259k arzusundayd\u0131n\u0131z, h\u00f6rm\u0259tli xan\u0131mlar v\u0259 c\u0259nablar?!\n<\/p>\n<p>\n  <b><br \/>\n    Yaz\u0131 m\u00fc\u0259llifin \u015f\u0259xsi m\u00f6vqeyini \u0259ks etdirir&#8230;<br \/>\n  <\/b>\n<\/p><\/p>\n","protected":false},"excerpt":{"rendered":"<p>\u201cMilli d\u0259y\u0259r&#8221; olmu\u015f b\u00fctl\u0259r<\/p>\n","protected":false},"author":11,"featured_media":46552,"comment_status":"closed","ping_status":"open","sticky":false,"template":"","format":"standard","meta":{"_acf_changed":false,"_sitemap_exclude":false,"_sitemap_priority":"","_sitemap_frequency":"","footnotes":""},"categories":[57],"tags":[],"class_list":["post-173180","post","type-post","status-publish","format-standard","has-post-thumbnail","hentry","category-menim-fikrimce","infinite-scroll-item","generate-columns","tablet-grid-50","mobile-grid-100","grid-parent","grid-33","no-featured-image-padding"],"acf":[],"yoast_head":"<!-- This site is optimized with the Yoast SEO plugin v27.5 - https:\/\/yoast.com\/product\/yoast-seo-wordpress\/ -->\n<title>\u0130f\u015fa asan i\u015f deyil - MEYDAN.TV<\/title>\n<meta name=\"robots\" content=\"index, follow, max-snippet:-1, max-image-preview:large, max-video-preview:-1\" \/>\n<link rel=\"canonical\" href=\"https:\/\/www.meydan.tv\/az\/article\/ifsa-asan-is-deyil\/\" \/>\n<meta property=\"og:locale\" content=\"az_AZ\" \/>\n<meta property=\"og:type\" content=\"article\" \/>\n<meta property=\"og:title\" content=\"\u0130f\u015fa asan i\u015f deyil - MEYDAN.TV\" \/>\n<meta property=\"og:description\" content=\"\u201cMilli d\u0259y\u0259r&quot; olmu\u015f b\u00fctl\u0259r\" \/>\n<meta property=\"og:url\" content=\"https:\/\/www.meydan.tv\/az\/article\/ifsa-asan-is-deyil\/\" \/>\n<meta property=\"og:site_name\" content=\"MEYDAN.TV\" \/>\n<meta property=\"article:published_time\" content=\"2016-01-28T13:31:57+00:00\" \/>\n<meta property=\"og:image\" content=\"https:\/\/www.meydan.tv\/wp-content\/uploads\/17430.jpg\" \/>\n\t<meta property=\"og:image:width\" content=\"500\" \/>\n\t<meta property=\"og:image:height\" content=\"500\" \/>\n\t<meta property=\"og:image:type\" content=\"image\/jpeg\" \/>\n<meta name=\"author\" content=\"user-manager\" \/>\n<meta name=\"twitter:card\" content=\"summary_large_image\" \/>\n<script type=\"application\/ld+json\" class=\"yoast-schema-graph\">{\"@context\":\"https:\\\/\\\/schema.org\",\"@graph\":[{\"@type\":\"Article\",\"@id\":\"https:\\\/\\\/www.meydan.tv\\\/az\\\/article\\\/ifsa-asan-is-deyil\\\/#article\",\"isPartOf\":{\"@id\":\"https:\\\/\\\/www.meydan.tv\\\/az\\\/article\\\/ifsa-asan-is-deyil\\\/\"},\"author\":{\"name\":\"user-manager\",\"@id\":\"https:\\\/\\\/www.meydan.tv\\\/az\\\/#\\\/schema\\\/person\\\/10d11eccf6da3662cf5fdab9806ea91a\"},\"headline\":\"\u0130f\u015fa asan i\u015f deyil\",\"datePublished\":\"2016-01-28T13:31:57+00:00\",\"mainEntityOfPage\":{\"@id\":\"https:\\\/\\\/www.meydan.tv\\\/az\\\/article\\\/ifsa-asan-is-deyil\\\/\"},\"wordCount\":1181,\"publisher\":{\"@id\":\"https:\\\/\\\/www.meydan.tv\\\/az\\\/#organization\"},\"image\":{\"@id\":\"https:\\\/\\\/www.meydan.tv\\\/az\\\/article\\\/ifsa-asan-is-deyil\\\/#primaryimage\"},\"thumbnailUrl\":\"https:\\\/\\\/www.meydan.tv\\\/wp-content\\\/uploads\\\/17430.jpg\",\"articleSection\":[\"M\u0259nim Fikrimc\u0259\"],\"inLanguage\":\"az\"},{\"@type\":\"WebPage\",\"@id\":\"https:\\\/\\\/www.meydan.tv\\\/az\\\/article\\\/ifsa-asan-is-deyil\\\/\",\"url\":\"https:\\\/\\\/www.meydan.tv\\\/az\\\/article\\\/ifsa-asan-is-deyil\\\/\",\"name\":\"\u0130f\u015fa asan i\u015f deyil - MEYDAN.TV\",\"isPartOf\":{\"@id\":\"https:\\\/\\\/www.meydan.tv\\\/az\\\/#website\"},\"primaryImageOfPage\":{\"@id\":\"https:\\\/\\\/www.meydan.tv\\\/az\\\/article\\\/ifsa-asan-is-deyil\\\/#primaryimage\"},\"image\":{\"@id\":\"https:\\\/\\\/www.meydan.tv\\\/az\\\/article\\\/ifsa-asan-is-deyil\\\/#primaryimage\"},\"thumbnailUrl\":\"https:\\\/\\\/www.meydan.tv\\\/wp-content\\\/uploads\\\/17430.jpg\",\"datePublished\":\"2016-01-28T13:31:57+00:00\",\"breadcrumb\":{\"@id\":\"https:\\\/\\\/www.meydan.tv\\\/az\\\/article\\\/ifsa-asan-is-deyil\\\/#breadcrumb\"},\"inLanguage\":\"az\",\"potentialAction\":[{\"@type\":\"ReadAction\",\"target\":[\"https:\\\/\\\/www.meydan.tv\\\/az\\\/article\\\/ifsa-asan-is-deyil\\\/\"]}]},{\"@type\":\"ImageObject\",\"inLanguage\":\"az\",\"@id\":\"https:\\\/\\\/www.meydan.tv\\\/az\\\/article\\\/ifsa-asan-is-deyil\\\/#primaryimage\",\"url\":\"https:\\\/\\\/www.meydan.tv\\\/wp-content\\\/uploads\\\/17430.jpg\",\"contentUrl\":\"https:\\\/\\\/www.meydan.tv\\\/wp-content\\\/uploads\\\/17430.jpg\",\"width\":500,\"height\":500,\"caption\":\"Source:\"},{\"@type\":\"BreadcrumbList\",\"@id\":\"https:\\\/\\\/www.meydan.tv\\\/az\\\/article\\\/ifsa-asan-is-deyil\\\/#breadcrumb\",\"itemListElement\":[{\"@type\":\"ListItem\",\"position\":1,\"name\":\"Ana s\u0259hif\u0259\",\"item\":\"https:\\\/\\\/www.meydan.tv\\\/az\\\/\"},{\"@type\":\"ListItem\",\"position\":2,\"name\":\"M\u0259nim Fikrimc\u0259\",\"item\":\"https:\\\/\\\/www.meydan.tv\\\/az\\\/section\\\/menim-fikrimce\\\/\"},{\"@type\":\"ListItem\",\"position\":3,\"name\":\"\u0130f\u015fa asan i\u015f deyil\"}]},{\"@type\":\"WebSite\",\"@id\":\"https:\\\/\\\/www.meydan.tv\\\/az\\\/#website\",\"url\":\"https:\\\/\\\/www.meydan.tv\\\/az\\\/\",\"name\":\"MEYDAN.TV\",\"description\":\"Meydan TV Az\u0259rbaycan\u0131n media m\u0259kan\u0131ndak\u0131 alternativ s\u0259sidir\",\"publisher\":{\"@id\":\"https:\\\/\\\/www.meydan.tv\\\/az\\\/#organization\"},\"potentialAction\":[{\"@type\":\"SearchAction\",\"target\":{\"@type\":\"EntryPoint\",\"urlTemplate\":\"https:\\\/\\\/www.meydan.tv\\\/az\\\/?s={search_term_string}\"},\"query-input\":{\"@type\":\"PropertyValueSpecification\",\"valueRequired\":true,\"valueName\":\"search_term_string\"}}],\"inLanguage\":\"az\"},{\"@type\":\"Organization\",\"@id\":\"https:\\\/\\\/www.meydan.tv\\\/az\\\/#organization\",\"name\":\"Meydan TV\",\"url\":\"https:\\\/\\\/www.meydan.tv\\\/az\\\/\",\"logo\":{\"@type\":\"ImageObject\",\"inLanguage\":\"az\",\"@id\":\"https:\\\/\\\/www.meydan.tv\\\/az\\\/#\\\/schema\\\/logo\\\/image\\\/\",\"url\":\"https:\\\/\\\/www.meydan.tv\\\/wp-content\\\/uploads\\\/2021\\\/07\\\/meydan-logo.svg\",\"contentUrl\":\"https:\\\/\\\/www.meydan.tv\\\/wp-content\\\/uploads\\\/2021\\\/07\\\/meydan-logo.svg\",\"width\":195,\"height\":46,\"caption\":\"Meydan TV\"},\"image\":{\"@id\":\"https:\\\/\\\/www.meydan.tv\\\/az\\\/#\\\/schema\\\/logo\\\/image\\\/\"}},{\"@type\":\"Person\",\"@id\":\"https:\\\/\\\/www.meydan.tv\\\/az\\\/#\\\/schema\\\/person\\\/10d11eccf6da3662cf5fdab9806ea91a\",\"name\":\"user-manager\"}]}<\/script>\n<!-- \/ Yoast SEO plugin. -->","yoast_head_json":{"title":"\u0130f\u015fa asan i\u015f deyil - MEYDAN.TV","robots":{"index":"index","follow":"follow","max-snippet":"max-snippet:-1","max-image-preview":"max-image-preview:large","max-video-preview":"max-video-preview:-1"},"canonical":"https:\/\/www.meydan.tv\/az\/article\/ifsa-asan-is-deyil\/","og_locale":"az_AZ","og_type":"article","og_title":"\u0130f\u015fa asan i\u015f deyil - MEYDAN.TV","og_description":"\u201cMilli d\u0259y\u0259r\" olmu\u015f b\u00fctl\u0259r","og_url":"https:\/\/www.meydan.tv\/az\/article\/ifsa-asan-is-deyil\/","og_site_name":"MEYDAN.TV","article_published_time":"2016-01-28T13:31:57+00:00","og_image":[{"width":500,"height":500,"url":"https:\/\/www.meydan.tv\/wp-content\/uploads\/17430.jpg","type":"image\/jpeg"}],"author":"user-manager","twitter_card":"summary_large_image","schema":{"@context":"https:\/\/schema.org","@graph":[{"@type":"Article","@id":"https:\/\/www.meydan.tv\/az\/article\/ifsa-asan-is-deyil\/#article","isPartOf":{"@id":"https:\/\/www.meydan.tv\/az\/article\/ifsa-asan-is-deyil\/"},"author":{"name":"user-manager","@id":"https:\/\/www.meydan.tv\/az\/#\/schema\/person\/10d11eccf6da3662cf5fdab9806ea91a"},"headline":"\u0130f\u015fa asan i\u015f deyil","datePublished":"2016-01-28T13:31:57+00:00","mainEntityOfPage":{"@id":"https:\/\/www.meydan.tv\/az\/article\/ifsa-asan-is-deyil\/"},"wordCount":1181,"publisher":{"@id":"https:\/\/www.meydan.tv\/az\/#organization"},"image":{"@id":"https:\/\/www.meydan.tv\/az\/article\/ifsa-asan-is-deyil\/#primaryimage"},"thumbnailUrl":"https:\/\/www.meydan.tv\/wp-content\/uploads\/17430.jpg","articleSection":["M\u0259nim Fikrimc\u0259"],"inLanguage":"az"},{"@type":"WebPage","@id":"https:\/\/www.meydan.tv\/az\/article\/ifsa-asan-is-deyil\/","url":"https:\/\/www.meydan.tv\/az\/article\/ifsa-asan-is-deyil\/","name":"\u0130f\u015fa asan i\u015f deyil - MEYDAN.TV","isPartOf":{"@id":"https:\/\/www.meydan.tv\/az\/#website"},"primaryImageOfPage":{"@id":"https:\/\/www.meydan.tv\/az\/article\/ifsa-asan-is-deyil\/#primaryimage"},"image":{"@id":"https:\/\/www.meydan.tv\/az\/article\/ifsa-asan-is-deyil\/#primaryimage"},"thumbnailUrl":"https:\/\/www.meydan.tv\/wp-content\/uploads\/17430.jpg","datePublished":"2016-01-28T13:31:57+00:00","breadcrumb":{"@id":"https:\/\/www.meydan.tv\/az\/article\/ifsa-asan-is-deyil\/#breadcrumb"},"inLanguage":"az","potentialAction":[{"@type":"ReadAction","target":["https:\/\/www.meydan.tv\/az\/article\/ifsa-asan-is-deyil\/"]}]},{"@type":"ImageObject","inLanguage":"az","@id":"https:\/\/www.meydan.tv\/az\/article\/ifsa-asan-is-deyil\/#primaryimage","url":"https:\/\/www.meydan.tv\/wp-content\/uploads\/17430.jpg","contentUrl":"https:\/\/www.meydan.tv\/wp-content\/uploads\/17430.jpg","width":500,"height":500,"caption":"Source:"},{"@type":"BreadcrumbList","@id":"https:\/\/www.meydan.tv\/az\/article\/ifsa-asan-is-deyil\/#breadcrumb","itemListElement":[{"@type":"ListItem","position":1,"name":"Ana s\u0259hif\u0259","item":"https:\/\/www.meydan.tv\/az\/"},{"@type":"ListItem","position":2,"name":"M\u0259nim Fikrimc\u0259","item":"https:\/\/www.meydan.tv\/az\/section\/menim-fikrimce\/"},{"@type":"ListItem","position":3,"name":"\u0130f\u015fa asan i\u015f deyil"}]},{"@type":"WebSite","@id":"https:\/\/www.meydan.tv\/az\/#website","url":"https:\/\/www.meydan.tv\/az\/","name":"MEYDAN.TV","description":"Meydan TV Az\u0259rbaycan\u0131n media m\u0259kan\u0131ndak\u0131 alternativ s\u0259sidir","publisher":{"@id":"https:\/\/www.meydan.tv\/az\/#organization"},"potentialAction":[{"@type":"SearchAction","target":{"@type":"EntryPoint","urlTemplate":"https:\/\/www.meydan.tv\/az\/?s={search_term_string}"},"query-input":{"@type":"PropertyValueSpecification","valueRequired":true,"valueName":"search_term_string"}}],"inLanguage":"az"},{"@type":"Organization","@id":"https:\/\/www.meydan.tv\/az\/#organization","name":"Meydan TV","url":"https:\/\/www.meydan.tv\/az\/","logo":{"@type":"ImageObject","inLanguage":"az","@id":"https:\/\/www.meydan.tv\/az\/#\/schema\/logo\/image\/","url":"https:\/\/www.meydan.tv\/wp-content\/uploads\/2021\/07\/meydan-logo.svg","contentUrl":"https:\/\/www.meydan.tv\/wp-content\/uploads\/2021\/07\/meydan-logo.svg","width":195,"height":46,"caption":"Meydan TV"},"image":{"@id":"https:\/\/www.meydan.tv\/az\/#\/schema\/logo\/image\/"}},{"@type":"Person","@id":"https:\/\/www.meydan.tv\/az\/#\/schema\/person\/10d11eccf6da3662cf5fdab9806ea91a","name":"user-manager"}]}},"_links":{"self":[{"href":"https:\/\/www.meydan.tv\/az\/wp-json\/wp\/v2\/posts\/173180","targetHints":{"allow":["GET"]}}],"collection":[{"href":"https:\/\/www.meydan.tv\/az\/wp-json\/wp\/v2\/posts"}],"about":[{"href":"https:\/\/www.meydan.tv\/az\/wp-json\/wp\/v2\/types\/post"}],"author":[{"embeddable":true,"href":"https:\/\/www.meydan.tv\/az\/wp-json\/wp\/v2\/users\/11"}],"replies":[{"embeddable":true,"href":"https:\/\/www.meydan.tv\/az\/wp-json\/wp\/v2\/comments?post=173180"}],"version-history":[{"count":0,"href":"https:\/\/www.meydan.tv\/az\/wp-json\/wp\/v2\/posts\/173180\/revisions"}],"wp:featuredmedia":[{"embeddable":true,"href":"https:\/\/www.meydan.tv\/az\/wp-json\/wp\/v2\/media\/46552"}],"wp:attachment":[{"href":"https:\/\/www.meydan.tv\/az\/wp-json\/wp\/v2\/media?parent=173180"}],"wp:term":[{"taxonomy":"category","embeddable":true,"href":"https:\/\/www.meydan.tv\/az\/wp-json\/wp\/v2\/categories?post=173180"},{"taxonomy":"post_tag","embeddable":true,"href":"https:\/\/www.meydan.tv\/az\/wp-json\/wp\/v2\/tags?post=173180"}],"curies":[{"name":"wp","href":"https:\/\/api.w.org\/{rel}","templated":true}]}}