{"id":173172,"date":"2016-01-28T00:47:39","date_gmt":"2016-01-28T00:47:39","guid":{"rendered":"https:\/\/www.meydan.tv\/article\/yad-adam-ucun-teqaudunu-yigan-telebe\/"},"modified":"2016-01-28T00:47:39","modified_gmt":"2016-01-28T00:47:39","slug":"yad-adam-ucun-teqaudunu-yigan-telebe","status":"publish","type":"post","link":"https:\/\/www.meydan.tv\/az\/article\/yad-adam-ucun-teqaudunu-yigan-telebe\/","title":{"rendered":"Yad adam \u00fc\u00e7\u00fcn t\u0259qa\u00fcd\u00fcn\u00fc y\u0131\u011fan t\u0259l\u0259b\u0259"},"content":{"rendered":"<figure class=\"wp-block-image size-large\">\n  <img decoding=\"async\" src=\"https:\/\/www.meydan.tv\/az\/46524\/\" alt=\"\" class=\"wp-image-46524\"\/><figcaption><\/figcaption><\/figure>\n<figure class=\"wp-block-image size-large\">\n  <img decoding=\"async\" src=\"https:\/\/www.meydan.tv\/az\/46528\/\" alt=\"\" class=\"wp-image-46528\"\/><figcaption><\/figcaption><\/figure>\n<p>\n  <i><br \/>\n    <b><br \/>\n      Bir t\u0259r\u0259fd\u0259 Saran\u0131n anas\u0131, dig\u0259r t\u0259r\u0259fd\u0259 xan\u0131m\u0131n valideyini k\u00f6vr\u0259ldil\u0259r, bir-birl\u0259rin\u0259 \u00fcr\u0259k-dir\u0259k verdil\u0259r. Xan\u0131ma dedim ki, m\u0259bl\u0259\u011f b\u00f6y\u00fckd\u00fcr, \u00f6z\u00fcn\u00fcz d\u0259 t\u0259l\u0259b\u0259siniz, he\u00e7 olmasa bir qismini \u00f6z x\u0259rcl\u0259riniz \u00fc\u00e7\u00fcn saxlay\u0131n. O is\u0259 s\u00f6yl\u0259di ki, atam bizim x\u0259rcl\u0259rimizi qar\u015f\u0131lay\u0131r, bu m\u0259niml\u0259 bac\u0131m\u0131n t\u0259l\u0259b\u0259 t\u0259qa\u00fcdl\u0259rimizdir. Saraya k\u00f6m\u0259k etm\u0259k \u00fc\u00e7\u00fcn y\u0131\u011fm\u0131\u015f\u0131q, bu pulun ona daha \u00e7ox faydas\u0131 olacaq.<br \/>\n    <\/b><br \/>\n  <\/i>\n<\/p>\n<p><div>\n    Sara x\u0259r\u00e7\u0259ng x\u0259st\u0259liyind\u0259n \u0259ziyy\u0259t \u00e7\u0259kirdi. \u0130ki ild\u0259 says\u0131z kimyaterapiya q\u0259bul etmi\u015fdi. O, fiziki olaraq \u0259ld\u0259n d\u00fc\u015fm\u00fc\u015fd\u00fc. Ail\u0259nin maddi v\u0259ziyy\u0259tinin a\u011f\u0131r olmas\u0131 Saran\u0131n m\u00fcalic\u0259sini qar\u015f\u0131lama\u011fa mane olurdu. Saran\u0131n terapiyalar\u0131n\u0131n ikisini bir xan\u0131m h\u0259kim qar\u015f\u0131lam\u0131\u015fd\u0131, ancaq xahi\u015f etmi\u015fdi ki, he\u00e7 k\u0259s bilm\u0259sin, sonra i\u015fin\u0259 problem yarana bil\u0259r. T\u0259\u0259cc\u00fcbl\u00fc deyil. H\u0259r \u015fey kimi bizim \u00f6lk\u0259mizd\u0259 yard\u0131mla\u015fmaq da monopoliya alt\u0131ndad\u0131r. S\u0259n kims\u0259n ki, \u00f6lk\u0259d\u0259 Heyd\u0259r \u018fliyev Fondu, nazirlikl\u0259r dura-dura kim\u0259s\u0259 k\u00f6m\u0259k edirs\u0259n? Olmaya \u00f6z\u00fcn\u00fc bizd\u0259n yax\u015f\u0131 hesab edirs\u0259n?!\n  <\/div>\n<\/p>\n<p>\n  Saran\u0131n v\u0259ziyy\u0259ti il\u0259 ba\u011fl\u0131 dostlar\u0131 m\u0259lumatland\u0131rd\u0131q, onunla ke\u00e7irdiyim vaxtlarda \u00e7\u0259kdiyim bir ne\u00e7\u0259 fotonu payla\u015fd\u0131m, q\u0131sa vaxtda insanlar yazma\u011fa, maraqlanma\u011fa ba\u015flad\u0131lar. \u0130nsanlar\u0131m\u0131z\u0131n bu yax\u0131nl\u0131\u011f\u0131, s\u0259mimiyy\u0259ti m\u0259nim bir \u00e7ox \u015feyl\u0259ri yenid\u0259n d\u00fc\u015f\u00fcnm\u0259yim\u0259 s\u0259b\u0259b oldu. H\u0259r halda yard\u0131m ed\u0259n insanlar\u0131n adlar\u0131n\u0131 t\u0259k-t\u0259k xat\u0131rlaya bilm\u0259y\u0259c\u0259y\u0259m, ancaq b\u0259zil\u0259rini v\u0259 hekay\u0259l\u0259rini qeyd etm\u0259kd\u0259 yarar var.\n<\/p>\n<p>\n  Yard\u0131m kampaniyas\u0131n\u0131n davam etdiyi g\u00fcnl\u0259rd\u0259 bir xan\u0131m k\u00f6m\u0259k \u00fc\u00e7\u00fcn \u0259laq\u0259 saxlad\u0131. Vaxt v\u0259 yer t\u0259yin edib, g\u00f6r\u00fc\u015fd\u00fck. Xan\u0131m g\u0259nc universitet t\u0259l\u0259b\u0259si idi, anas\u0131 il\u0259 birlikd\u0259 g\u0259lmi\u015fdi. Bir az ayaq\u00fcst\u00fc s\u00f6hb\u0259tl\u0259\u015fdik, paketd\u0259 m\u0259n\u0259 min manat t\u0259qdim etdil\u0259r ki, ail\u0259y\u0259 \u00e7atd\u0131r\u0131m. \u015e\u0259ffafl\u0131q \u00fc\u00e7\u00fcn ail\u0259 il\u0259 telefon elaq\u0259si yaratd\u0131m ki, he\u00e7 k\u0259sin \u00fcr\u0259yind\u0259 xal qalmas\u0131n.\n<\/p>\n<p>\n  Bir t\u0259r\u0259fd\u0259 Saran\u0131n anas\u0131, dig\u0259r t\u0259r\u0259fd\u0259 xan\u0131m\u0131n valideyini k\u00f6vr\u0259ldil\u0259r, bir-birl\u0259rin\u0259 \u00fcr\u0259k-dir\u0259k verdil\u0259r. Xan\u0131ma dedim ki, m\u0259bl\u0259\u011f b\u00f6y\u00fckd\u00fcr, \u00f6z\u00fcn\u00fcz d\u0259 t\u0259l\u0259b\u0259siniz, he\u00e7 olmasa bir qismini \u00f6z x\u0259rcl\u0259riniz \u00fc\u00e7\u00fcn saxlay\u0131n. O is\u0259 s\u00f6yl\u0259di ki, atam bizim x\u0259rcl\u0259rimizi qar\u015f\u0131lay\u0131r, bu m\u0259niml\u0259 bac\u0131m\u0131n t\u0259l\u0259b\u0259 t\u0259qa\u00fcdl\u0259rimizdir. Saraya k\u00f6m\u0259k etm\u0259k \u00fc\u00e7\u00fcn y\u0131\u011fm\u0131\u015f\u0131q, bu pulun ona daha \u00e7ox faydas\u0131 olacaq.\n<\/p>\n<p>\n  Ona ba\u015fqa k\u00f6m\u0259k ed\u0259nl\u0259r d\u0259 oldu. Xarici \u00f6lk\u0259l\u0259rin birind\u0259 Az\u0259rbaycan s\u0259firliyinin bir \u0259m\u0259kda\u015f\u0131, Diplomatiya Akademiyas\u0131n\u0131n akademikl\u0259rind\u0259n biri, X\u0259z\u0259r Universitetinin kollektivind\u0259n bir xan\u0131m\u2026Bu \u00fc\u00e7 insan\u0131 x\u00fcsusi qeyd etm\u0259yimin s\u0259b\u0259bi odur ki, bu insanlardan biri haz\u0131rda \u00f6z\u00fc x\u0259r\u00e7\u0259ngl\u0259 m\u00fcbariz\u0259 apar\u0131r. Dig\u0259ri qarda\u015f\u0131n\u0131 x\u0259r\u00e7\u0259ng x\u0259st\u0259liyind\u0259n itirib, bir ba\u015fqas\u0131 is\u0259 atas\u0131n\u0131&#8230;\n<\/p>\n<p>\n  D\u00fczd\u00fcr, onlarla bu haqda uzun-uzun dan\u0131\u015fa bilmirdim, \u00f6zl\u0259ri \u00f6t\u0259ri dan\u0131\u015f\u0131rd\u0131lar, m\u0259n d\u0259 dinl\u0259m\u0259kl\u0259 kifay\u0259tl\u0259nirdim. Onlar h\u0259m maddi-m\u0259n\u0259vi Saraya d\u0259st\u0259kl\u0259rini g\u00f6st\u0259rdil\u0259r, h\u0259m d\u0259 h\u0259r f\u00fcrs\u0259td\u0259 onun s\u0259hh\u0259ti il\u0259 ba\u011fl\u0131 maraqlan\u0131rd\u0131lar.\n<\/p>\n<p>\n  Sara yolda\u015f\u0131ndan ayr\u0131l\u0131b, iki m\u0259kt\u0259bli \u00f6vlad\u0131 il\u0259 anas\u0131 Tamara xan\u0131mla ya\u015fay\u0131rd\u0131. O\u011flu Raufun g\u00f6zl\u0259ri yax\u015f\u0131 g\u00f6rm\u00fcrd\u00fc. Afaq adl\u0131 xan\u0131m h\u0259m Saraya k\u00f6m\u0259k g\u00f6st\u0259rdi, h\u0259m d\u0259 o\u011flu Raufun g\u00f6zl\u0259rinin m\u00fcalic\u0259sini \u00f6z \u00fcz\u0259rin\u0259 g\u00f6t\u00fcrd\u00fc. Sara v\u0259 anas\u0131 insanlar\u0131n bu yard\u0131mlar\u0131 qar\u015f\u0131s\u0131nda h\u0259m sevinir, h\u0259m d\u0259 minn\u0259tdarl\u0131qlar\u0131n\u0131 nec\u0259 ifad\u0259 ed\u0259c\u0259kl\u0259rini bilmirdil\u0259r.\n<\/p>\n<p>\n  Bu insanlar Saraya kom\u0259k ed\u0259nl\u0259rin az bir qismidir. H\u0259m \u00f6lk\u0259 daxilind\u0259n, h\u0259m d\u0259 xaricd\u0259n v\u0259t\u0259nda\u015flar\u0131m\u0131z \u00f6z yard\u0131mlar\u0131n\u0131 g\u00f6nd\u0259rirdil\u0259r. Bel\u0259 yard\u0131mla\u015fma m\u0259d\u0259niyy\u0259ti, insanlar\u0131n bir-birl\u0259rin\u0259 olan inam\u0131 indi ya\u015fad\u0131\u011f\u0131m\u0131z m\u00fchitd\u0259 \u00e7ox d\u0259y\u0259rlidir, lakin kifay\u0259t deyil. C\u00fcnki bu m\u00fcdd\u0259t \u0259rzind\u0259 ba\u015fqa insanlar da \u00f6z x\u0259st\u0259l\u0259ri haqq\u0131nda yaz\u0131b, yard\u0131m ist\u0259yirdil\u0259r.\n<\/p>\n<p>\n  Bu n\u0259 t\u0259k m\u0259nim, n\u0259 d\u0259 dig\u0259r insanlar\u0131n f\u0259rdi olaraq, \u00f6hd\u0259sind\u0259n g\u0259l\u0259 bil\u0259c\u0259kl\u0259ri \u015fey deyil. V\u0259t\u0259nda\u015flar\u0131m\u0131z\u0131n laz\u0131mi s\u0259hiyy\u0259 v\u0259 dig\u0259r sosial xidm\u0259tl\u0259rl\u0259 t\u0259min edilm\u0259si ilkin olaraq d\u00f6vl\u0259tin v\u0259zif\u0259sidir. Yox, \u0259g\u0259r bizim s\u0259hiyy\u0259 sistemimiz v\u0259t\u0259nda\u015flar\u0131n aldad\u0131lmas\u0131 v\u0259 istismar edilm\u0259si il\u0259 m\u0259\u015f\u011ful olma\u011fa davam ets\u0259, daha \u00e7ox ail\u0259l\u0259r bundan \u0259ziyy\u0259t \u00e7\u0259k\u0259c\u0259k. Bizl\u0259r is\u0259 bu v\u0259ziyy\u0259t qar\u015f\u0131s\u0131nda \u00e7ar\u0259sizlikl\u0259 baxmal\u0131 olaca\u011f\u0131q.\n<\/p>\n<p>\n  Ba\u015f\u0131m\u0131za g\u0259l\u0259n b\u00f6y\u00fck f\u0259lak\u0259tl\u0259r, x\u0259st\u0259likl\u0259r bizi sahib oldu\u011fumuz d\u0259y\u0259rl\u0259ri bir daha n\u0259z\u0259rden ke\u00e7irm\u0259y\u0259 s\u00f6vq edir. Bel\u0259 vaxtlarda ger\u00e7\u0259kd\u0259 kim oldu\u011fumuzu, h\u0259yat\u0131m\u0131z\u0131n xo\u015f g\u00fcnl\u0259rind\u0259 ba\u011fl\u0131 qald\u0131\u011f\u0131m\u0131z d\u0259y\u0259rl\u0259r\u0259 n\u0259 q\u0259d\u0259r sadiq oldu\u011fumuz ortaya \u00e7\u0131x\u0131r.<\/p>\n<p>  \u0130ll\u0259rdir Az\u0259rbaycanda m\u00f6vc\u00fcd olan korrupsiya, yalan, riyakarl\u0131q m\u00fchiti insanlar\u0131n bir-birl\u0259rin\u0259, idar\u0259etm\u0259y\u0259 olan inam\u0131n\u0131 k\u00f6k\u00fcnd\u0259n sars\u0131d\u0131b. C\u0259miyy\u0259td\u0259 h\u0259m f\u0259rdl\u0259r aras\u0131nda, h\u0259m d\u0259 sosial institutlara olan inam\u0131n itm\u0259si h\u0259r birimizin b\u00f6y\u00fck z\u0259r\u0259r g\u00f6rm\u0259sin\u0259 s\u0259b\u0259b olur.\n<\/p>\n<p>\n  B\u00fct\u00fcn bu haqs\u0131zl\u0131qlar\u0131n t\u00fc\u011fyan etdiyi, v\u0259t\u0259nda\u015f\u0131n h\u0259m m\u0259murlar, h\u0259m d\u0259 bir balaca imkan\u0131 olan dig\u0259r v\u0259t\u0259nda\u015flar t\u0259r\u0259find\u0259n add\u0131mba\u015f\u0131 aldad\u0131lmas\u0131, al\u00e7ald\u0131lmas\u0131 c\u0259miyy\u0259tin g\u0259l\u0259c\u0259yin\u0259 olan ki\u00e7ik sad\u0259l\u00f6vh \u00fcmidl\u0259ri d\u0259 m\u0259hv edir. Bel\u0259 bir m\u00fchitd\u0259 inamdan, etibardan dan\u0131\u015fmaq \u00e7oxlar\u0131na g\u00fcl\u00fcnc g\u0259lir. Tam qanunsuzluq m\u00fchitind\u0259 h\u0259r k\u0259s bacard\u0131\u011f\u0131 q\u0259d\u0259r istismar etm\u0259y\u0259, ba\u015fqas\u0131n\u0131n haqq\u0131 olan\u0131 m\u0259nims\u0259m\u0259y\u0259 \u00e7al\u0131\u015f\u0131r. H\u0259l\u0259 sonra h\u0259yas\u0131zcas\u0131na bir d\u0259 \u201c bacarana can qurban&#8221; deyirl\u0259r.\n<\/p>\n<p>\n  Sara ke\u00e7\u0259n ilin oktyabr ay\u0131nda v\u0259fat etdi. Saran\u0131 v\u0259 ail\u0259sini \u0259n \u00e7ox istismar ed\u0259n x\u0259st\u0259liyin ciddiy\u0259ti qar\u015f\u0131s\u0131ndak\u0131 acizlikl\u0259ri deyil, daha \u00e7ox s\u0259hiyy\u0259 qurumunun, h\u0259kiml\u0259rin h\u0259r d\u0259f\u0259 onun x\u0259st\u0259liyi ile ba\u011fl\u0131 f\u0259rqli diaqnozlar qoymas\u0131 oldu. Art\u0131q onlar kim\u0259 v\u0259 n\u0259y\u0259 inanacaqlar\u0131n\u0131 bilm\u0259d\u0259n, s\u0259ssizc\u0259 bu \u0259zab\u0131n bitm\u0259sini g\u00f6zl\u0259yirdil\u0259r. T\u0259k ehtiyac duyduqlar\u0131 inam v\u0259 do\u011frular idi, bunu is\u0259 onlara n\u0259 s\u0259hiyy\u0259 qurumlar\u0131, n\u0259 d\u0259 h\u0259kiml\u0259r verdi.\n<\/p>\n<p>\n  Bu yalan, saxtakarl\u0131q, inams\u0131zl\u0131q m\u00fchitind\u0259 Sara tan\u0131mad\u0131\u011f\u0131 insanlardan d\u0259st\u0259k g\u00f6rd\u00fc, b\u00fct\u00fcn a\u011fr\u0131lar\u0131na baxmayaraq bu insanlar onun ya\u015fad\u0131\u011f\u0131 son g\u00fcnl\u0259rind\u0259 insanl\u0131\u011fa olan inam\u0131n\u0131 qorudular.\n<\/p>\n<p>\n  \u0130nam\u0131n, insana olan bu hissin n\u0259 q\u0259d\u0259r vacib oldu\u011funu Saran\u0131n x\u0259st\u0259liyi vaxt\u0131 onunla ke\u00e7irdiyim o g\u00fcnl\u0259rd\u0259 daha \u00e7ox anlad\u0131m.<br \/>\n  \n<\/p>\n<p>\n  <b><br \/>\n    Yaz\u0131 m\u00fc\u0259llifin \u015f\u0259xsi m\u00f6vqeyini \u0259ks etdirir&#8230;<br \/>\n  <\/b><\/p>\n<p><\/p>\n","protected":false},"excerpt":{"rendered":"<p>1000 manat g\u0259tirib, dedi ki, bu pul Saraya daha \u00e7ox laz\u0131md\u0131r<\/p>\n","protected":false},"author":11,"featured_media":46524,"comment_status":"closed","ping_status":"open","sticky":false,"template":"","format":"standard","meta":{"_acf_changed":false,"_sitemap_exclude":false,"_sitemap_priority":"","_sitemap_frequency":"","footnotes":""},"categories":[57],"tags":[],"class_list":["post-173172","post","type-post","status-publish","format-standard","has-post-thumbnail","hentry","category-menim-fikrimce","infinite-scroll-item","generate-columns","tablet-grid-50","mobile-grid-100","grid-parent","grid-33","no-featured-image-padding"],"acf":[],"yoast_head":"<!-- This site is optimized with the Yoast SEO plugin v27.5 - https:\/\/yoast.com\/product\/yoast-seo-wordpress\/ -->\n<title>Yad adam \u00fc\u00e7\u00fcn t\u0259qa\u00fcd\u00fcn\u00fc y\u0131\u011fan t\u0259l\u0259b\u0259 - MEYDAN.TV<\/title>\n<meta name=\"robots\" content=\"index, follow, max-snippet:-1, max-image-preview:large, max-video-preview:-1\" \/>\n<link rel=\"canonical\" href=\"https:\/\/www.meydan.tv\/az\/article\/yad-adam-ucun-teqaudunu-yigan-telebe\/\" \/>\n<meta property=\"og:locale\" content=\"az_AZ\" \/>\n<meta property=\"og:type\" content=\"article\" \/>\n<meta property=\"og:title\" content=\"Yad adam \u00fc\u00e7\u00fcn t\u0259qa\u00fcd\u00fcn\u00fc y\u0131\u011fan t\u0259l\u0259b\u0259 - MEYDAN.TV\" \/>\n<meta property=\"og:description\" content=\"1000 manat g\u0259tirib, dedi ki, bu pul Saraya daha \u00e7ox laz\u0131md\u0131r\" \/>\n<meta property=\"og:url\" content=\"https:\/\/www.meydan.tv\/az\/article\/yad-adam-ucun-teqaudunu-yigan-telebe\/\" \/>\n<meta property=\"og:site_name\" content=\"MEYDAN.TV\" \/>\n<meta property=\"article:published_time\" content=\"2016-01-28T00:47:39+00:00\" \/>\n<meta property=\"og:image\" content=\"https:\/\/www.meydan.tv\/wp-content\/uploads\/17422.jpg\" \/>\n\t<meta property=\"og:image:width\" content=\"400\" \/>\n\t<meta property=\"og:image:height\" content=\"400\" \/>\n\t<meta property=\"og:image:type\" content=\"image\/jpeg\" \/>\n<meta name=\"author\" content=\"user-manager\" \/>\n<meta name=\"twitter:card\" content=\"summary_large_image\" \/>\n<script type=\"application\/ld+json\" class=\"yoast-schema-graph\">{\"@context\":\"https:\\\/\\\/schema.org\",\"@graph\":[{\"@type\":\"Article\",\"@id\":\"https:\\\/\\\/www.meydan.tv\\\/az\\\/article\\\/yad-adam-ucun-teqaudunu-yigan-telebe\\\/#article\",\"isPartOf\":{\"@id\":\"https:\\\/\\\/www.meydan.tv\\\/az\\\/article\\\/yad-adam-ucun-teqaudunu-yigan-telebe\\\/\"},\"author\":{\"name\":\"user-manager\",\"@id\":\"https:\\\/\\\/www.meydan.tv\\\/az\\\/#\\\/schema\\\/person\\\/10d11eccf6da3662cf5fdab9806ea91a\"},\"headline\":\"Yad adam \u00fc\u00e7\u00fcn t\u0259qa\u00fcd\u00fcn\u00fc y\u0131\u011fan t\u0259l\u0259b\u0259\",\"datePublished\":\"2016-01-28T00:47:39+00:00\",\"mainEntityOfPage\":{\"@id\":\"https:\\\/\\\/www.meydan.tv\\\/az\\\/article\\\/yad-adam-ucun-teqaudunu-yigan-telebe\\\/\"},\"wordCount\":1381,\"publisher\":{\"@id\":\"https:\\\/\\\/www.meydan.tv\\\/az\\\/#organization\"},\"image\":{\"@id\":\"https:\\\/\\\/www.meydan.tv\\\/az\\\/article\\\/yad-adam-ucun-teqaudunu-yigan-telebe\\\/#primaryimage\"},\"thumbnailUrl\":\"https:\\\/\\\/www.meydan.tv\\\/wp-content\\\/uploads\\\/17422.jpg\",\"articleSection\":[\"M\u0259nim Fikrimc\u0259\"],\"inLanguage\":\"az\"},{\"@type\":\"WebPage\",\"@id\":\"https:\\\/\\\/www.meydan.tv\\\/az\\\/article\\\/yad-adam-ucun-teqaudunu-yigan-telebe\\\/\",\"url\":\"https:\\\/\\\/www.meydan.tv\\\/az\\\/article\\\/yad-adam-ucun-teqaudunu-yigan-telebe\\\/\",\"name\":\"Yad adam \u00fc\u00e7\u00fcn t\u0259qa\u00fcd\u00fcn\u00fc y\u0131\u011fan t\u0259l\u0259b\u0259 - MEYDAN.TV\",\"isPartOf\":{\"@id\":\"https:\\\/\\\/www.meydan.tv\\\/az\\\/#website\"},\"primaryImageOfPage\":{\"@id\":\"https:\\\/\\\/www.meydan.tv\\\/az\\\/article\\\/yad-adam-ucun-teqaudunu-yigan-telebe\\\/#primaryimage\"},\"image\":{\"@id\":\"https:\\\/\\\/www.meydan.tv\\\/az\\\/article\\\/yad-adam-ucun-teqaudunu-yigan-telebe\\\/#primaryimage\"},\"thumbnailUrl\":\"https:\\\/\\\/www.meydan.tv\\\/wp-content\\\/uploads\\\/17422.jpg\",\"datePublished\":\"2016-01-28T00:47:39+00:00\",\"breadcrumb\":{\"@id\":\"https:\\\/\\\/www.meydan.tv\\\/az\\\/article\\\/yad-adam-ucun-teqaudunu-yigan-telebe\\\/#breadcrumb\"},\"inLanguage\":\"az\",\"potentialAction\":[{\"@type\":\"ReadAction\",\"target\":[\"https:\\\/\\\/www.meydan.tv\\\/az\\\/article\\\/yad-adam-ucun-teqaudunu-yigan-telebe\\\/\"]}]},{\"@type\":\"ImageObject\",\"inLanguage\":\"az\",\"@id\":\"https:\\\/\\\/www.meydan.tv\\\/az\\\/article\\\/yad-adam-ucun-teqaudunu-yigan-telebe\\\/#primaryimage\",\"url\":\"https:\\\/\\\/www.meydan.tv\\\/wp-content\\\/uploads\\\/17422.jpg\",\"contentUrl\":\"https:\\\/\\\/www.meydan.tv\\\/wp-content\\\/uploads\\\/17422.jpg\",\"width\":400,\"height\":400,\"caption\":\"Source:\"},{\"@type\":\"BreadcrumbList\",\"@id\":\"https:\\\/\\\/www.meydan.tv\\\/az\\\/article\\\/yad-adam-ucun-teqaudunu-yigan-telebe\\\/#breadcrumb\",\"itemListElement\":[{\"@type\":\"ListItem\",\"position\":1,\"name\":\"Ana s\u0259hif\u0259\",\"item\":\"https:\\\/\\\/www.meydan.tv\\\/az\\\/\"},{\"@type\":\"ListItem\",\"position\":2,\"name\":\"M\u0259nim Fikrimc\u0259\",\"item\":\"https:\\\/\\\/www.meydan.tv\\\/az\\\/section\\\/menim-fikrimce\\\/\"},{\"@type\":\"ListItem\",\"position\":3,\"name\":\"Yad adam \u00fc\u00e7\u00fcn t\u0259qa\u00fcd\u00fcn\u00fc y\u0131\u011fan t\u0259l\u0259b\u0259\"}]},{\"@type\":\"WebSite\",\"@id\":\"https:\\\/\\\/www.meydan.tv\\\/az\\\/#website\",\"url\":\"https:\\\/\\\/www.meydan.tv\\\/az\\\/\",\"name\":\"MEYDAN.TV\",\"description\":\"Meydan TV Az\u0259rbaycan\u0131n media m\u0259kan\u0131ndak\u0131 alternativ s\u0259sidir\",\"publisher\":{\"@id\":\"https:\\\/\\\/www.meydan.tv\\\/az\\\/#organization\"},\"potentialAction\":[{\"@type\":\"SearchAction\",\"target\":{\"@type\":\"EntryPoint\",\"urlTemplate\":\"https:\\\/\\\/www.meydan.tv\\\/az\\\/?s={search_term_string}\"},\"query-input\":{\"@type\":\"PropertyValueSpecification\",\"valueRequired\":true,\"valueName\":\"search_term_string\"}}],\"inLanguage\":\"az\"},{\"@type\":\"Organization\",\"@id\":\"https:\\\/\\\/www.meydan.tv\\\/az\\\/#organization\",\"name\":\"Meydan TV\",\"url\":\"https:\\\/\\\/www.meydan.tv\\\/az\\\/\",\"logo\":{\"@type\":\"ImageObject\",\"inLanguage\":\"az\",\"@id\":\"https:\\\/\\\/www.meydan.tv\\\/az\\\/#\\\/schema\\\/logo\\\/image\\\/\",\"url\":\"https:\\\/\\\/www.meydan.tv\\\/wp-content\\\/uploads\\\/2021\\\/07\\\/meydan-logo.svg\",\"contentUrl\":\"https:\\\/\\\/www.meydan.tv\\\/wp-content\\\/uploads\\\/2021\\\/07\\\/meydan-logo.svg\",\"width\":195,\"height\":46,\"caption\":\"Meydan TV\"},\"image\":{\"@id\":\"https:\\\/\\\/www.meydan.tv\\\/az\\\/#\\\/schema\\\/logo\\\/image\\\/\"}},{\"@type\":\"Person\",\"@id\":\"https:\\\/\\\/www.meydan.tv\\\/az\\\/#\\\/schema\\\/person\\\/10d11eccf6da3662cf5fdab9806ea91a\",\"name\":\"user-manager\"}]}<\/script>\n<!-- \/ Yoast SEO plugin. -->","yoast_head_json":{"title":"Yad adam \u00fc\u00e7\u00fcn t\u0259qa\u00fcd\u00fcn\u00fc y\u0131\u011fan t\u0259l\u0259b\u0259 - MEYDAN.TV","robots":{"index":"index","follow":"follow","max-snippet":"max-snippet:-1","max-image-preview":"max-image-preview:large","max-video-preview":"max-video-preview:-1"},"canonical":"https:\/\/www.meydan.tv\/az\/article\/yad-adam-ucun-teqaudunu-yigan-telebe\/","og_locale":"az_AZ","og_type":"article","og_title":"Yad adam \u00fc\u00e7\u00fcn t\u0259qa\u00fcd\u00fcn\u00fc y\u0131\u011fan t\u0259l\u0259b\u0259 - MEYDAN.TV","og_description":"1000 manat g\u0259tirib, dedi ki, bu pul Saraya daha \u00e7ox laz\u0131md\u0131r","og_url":"https:\/\/www.meydan.tv\/az\/article\/yad-adam-ucun-teqaudunu-yigan-telebe\/","og_site_name":"MEYDAN.TV","article_published_time":"2016-01-28T00:47:39+00:00","og_image":[{"width":400,"height":400,"url":"https:\/\/www.meydan.tv\/wp-content\/uploads\/17422.jpg","type":"image\/jpeg"}],"author":"user-manager","twitter_card":"summary_large_image","schema":{"@context":"https:\/\/schema.org","@graph":[{"@type":"Article","@id":"https:\/\/www.meydan.tv\/az\/article\/yad-adam-ucun-teqaudunu-yigan-telebe\/#article","isPartOf":{"@id":"https:\/\/www.meydan.tv\/az\/article\/yad-adam-ucun-teqaudunu-yigan-telebe\/"},"author":{"name":"user-manager","@id":"https:\/\/www.meydan.tv\/az\/#\/schema\/person\/10d11eccf6da3662cf5fdab9806ea91a"},"headline":"Yad adam \u00fc\u00e7\u00fcn t\u0259qa\u00fcd\u00fcn\u00fc y\u0131\u011fan t\u0259l\u0259b\u0259","datePublished":"2016-01-28T00:47:39+00:00","mainEntityOfPage":{"@id":"https:\/\/www.meydan.tv\/az\/article\/yad-adam-ucun-teqaudunu-yigan-telebe\/"},"wordCount":1381,"publisher":{"@id":"https:\/\/www.meydan.tv\/az\/#organization"},"image":{"@id":"https:\/\/www.meydan.tv\/az\/article\/yad-adam-ucun-teqaudunu-yigan-telebe\/#primaryimage"},"thumbnailUrl":"https:\/\/www.meydan.tv\/wp-content\/uploads\/17422.jpg","articleSection":["M\u0259nim Fikrimc\u0259"],"inLanguage":"az"},{"@type":"WebPage","@id":"https:\/\/www.meydan.tv\/az\/article\/yad-adam-ucun-teqaudunu-yigan-telebe\/","url":"https:\/\/www.meydan.tv\/az\/article\/yad-adam-ucun-teqaudunu-yigan-telebe\/","name":"Yad adam \u00fc\u00e7\u00fcn t\u0259qa\u00fcd\u00fcn\u00fc y\u0131\u011fan t\u0259l\u0259b\u0259 - MEYDAN.TV","isPartOf":{"@id":"https:\/\/www.meydan.tv\/az\/#website"},"primaryImageOfPage":{"@id":"https:\/\/www.meydan.tv\/az\/article\/yad-adam-ucun-teqaudunu-yigan-telebe\/#primaryimage"},"image":{"@id":"https:\/\/www.meydan.tv\/az\/article\/yad-adam-ucun-teqaudunu-yigan-telebe\/#primaryimage"},"thumbnailUrl":"https:\/\/www.meydan.tv\/wp-content\/uploads\/17422.jpg","datePublished":"2016-01-28T00:47:39+00:00","breadcrumb":{"@id":"https:\/\/www.meydan.tv\/az\/article\/yad-adam-ucun-teqaudunu-yigan-telebe\/#breadcrumb"},"inLanguage":"az","potentialAction":[{"@type":"ReadAction","target":["https:\/\/www.meydan.tv\/az\/article\/yad-adam-ucun-teqaudunu-yigan-telebe\/"]}]},{"@type":"ImageObject","inLanguage":"az","@id":"https:\/\/www.meydan.tv\/az\/article\/yad-adam-ucun-teqaudunu-yigan-telebe\/#primaryimage","url":"https:\/\/www.meydan.tv\/wp-content\/uploads\/17422.jpg","contentUrl":"https:\/\/www.meydan.tv\/wp-content\/uploads\/17422.jpg","width":400,"height":400,"caption":"Source:"},{"@type":"BreadcrumbList","@id":"https:\/\/www.meydan.tv\/az\/article\/yad-adam-ucun-teqaudunu-yigan-telebe\/#breadcrumb","itemListElement":[{"@type":"ListItem","position":1,"name":"Ana s\u0259hif\u0259","item":"https:\/\/www.meydan.tv\/az\/"},{"@type":"ListItem","position":2,"name":"M\u0259nim Fikrimc\u0259","item":"https:\/\/www.meydan.tv\/az\/section\/menim-fikrimce\/"},{"@type":"ListItem","position":3,"name":"Yad adam \u00fc\u00e7\u00fcn t\u0259qa\u00fcd\u00fcn\u00fc y\u0131\u011fan t\u0259l\u0259b\u0259"}]},{"@type":"WebSite","@id":"https:\/\/www.meydan.tv\/az\/#website","url":"https:\/\/www.meydan.tv\/az\/","name":"MEYDAN.TV","description":"Meydan TV Az\u0259rbaycan\u0131n media m\u0259kan\u0131ndak\u0131 alternativ s\u0259sidir","publisher":{"@id":"https:\/\/www.meydan.tv\/az\/#organization"},"potentialAction":[{"@type":"SearchAction","target":{"@type":"EntryPoint","urlTemplate":"https:\/\/www.meydan.tv\/az\/?s={search_term_string}"},"query-input":{"@type":"PropertyValueSpecification","valueRequired":true,"valueName":"search_term_string"}}],"inLanguage":"az"},{"@type":"Organization","@id":"https:\/\/www.meydan.tv\/az\/#organization","name":"Meydan TV","url":"https:\/\/www.meydan.tv\/az\/","logo":{"@type":"ImageObject","inLanguage":"az","@id":"https:\/\/www.meydan.tv\/az\/#\/schema\/logo\/image\/","url":"https:\/\/www.meydan.tv\/wp-content\/uploads\/2021\/07\/meydan-logo.svg","contentUrl":"https:\/\/www.meydan.tv\/wp-content\/uploads\/2021\/07\/meydan-logo.svg","width":195,"height":46,"caption":"Meydan TV"},"image":{"@id":"https:\/\/www.meydan.tv\/az\/#\/schema\/logo\/image\/"}},{"@type":"Person","@id":"https:\/\/www.meydan.tv\/az\/#\/schema\/person\/10d11eccf6da3662cf5fdab9806ea91a","name":"user-manager"}]}},"_links":{"self":[{"href":"https:\/\/www.meydan.tv\/az\/wp-json\/wp\/v2\/posts\/173172","targetHints":{"allow":["GET"]}}],"collection":[{"href":"https:\/\/www.meydan.tv\/az\/wp-json\/wp\/v2\/posts"}],"about":[{"href":"https:\/\/www.meydan.tv\/az\/wp-json\/wp\/v2\/types\/post"}],"author":[{"embeddable":true,"href":"https:\/\/www.meydan.tv\/az\/wp-json\/wp\/v2\/users\/11"}],"replies":[{"embeddable":true,"href":"https:\/\/www.meydan.tv\/az\/wp-json\/wp\/v2\/comments?post=173172"}],"version-history":[{"count":0,"href":"https:\/\/www.meydan.tv\/az\/wp-json\/wp\/v2\/posts\/173172\/revisions"}],"wp:featuredmedia":[{"embeddable":true,"href":"https:\/\/www.meydan.tv\/az\/wp-json\/wp\/v2\/media\/46524"}],"wp:attachment":[{"href":"https:\/\/www.meydan.tv\/az\/wp-json\/wp\/v2\/media?parent=173172"}],"wp:term":[{"taxonomy":"category","embeddable":true,"href":"https:\/\/www.meydan.tv\/az\/wp-json\/wp\/v2\/categories?post=173172"},{"taxonomy":"post_tag","embeddable":true,"href":"https:\/\/www.meydan.tv\/az\/wp-json\/wp\/v2\/tags?post=173172"}],"curies":[{"name":"wp","href":"https:\/\/api.w.org\/{rel}","templated":true}]}}