{"id":173083,"date":"2016-01-25T22:28:16","date_gmt":"2016-01-25T22:28:16","guid":{"rendered":"https:\/\/www.meydan.tv\/article\/bizim-zefer-tagimiz\/"},"modified":"2016-01-25T22:28:16","modified_gmt":"2016-01-25T22:28:16","slug":"bizim-zefer-tagimiz","status":"publish","type":"post","link":"https:\/\/www.meydan.tv\/az\/article\/bizim-zefer-tagimiz\/","title":{"rendered":"Bizim Z\u0259f\u0259r Ta\u011f\u0131m\u0131z"},"content":{"rendered":"<figure class=\"wp-block-image size-large\">\n  <img decoding=\"async\" src=\"https:\/\/www.meydan.tv\/az\/46194\/\" alt=\"\" class=\"wp-image-46194\"\/><figcaption><\/figcaption><\/figure>\n<\/p>\n<figure class=\"wp-block-image size-large\">\n  <img decoding=\"async\" src=\"https:\/\/www.meydan.tv\/az\/46197\/\" alt=\"\" class=\"wp-image-46197\"\/><figcaption><\/figcaption><\/figure>\n<p>\n  Oxudu\u011fumuz kitablara m\u00fctali\u0259 d\u00f6vr\u00fcnd\u0259 n\u0259 q\u0259d\u0259r ba\u011flan\u0131r\u0131qsa bizl\u0259r\u0259 t\u0259siri o q\u0259d\u0259r \u00e7ox olur. Bu yax\u0131nda almaniyal\u0131 yaz\u0131\u00e7\u0131 Erich Maria Remarque (Eriya Mariya Remark)-\u0131n \u201cTrimpual Arch\u201d (\u201cZ\u0259f\u0259r Ta\u011f\u0131\u201d) kitab\u0131n\u0131 bitirdim. Bu kitab\u0131 o biri oxudu\u011fum kitablara g\u00f6r\u0259 gec bitirdim. S\u0259b\u0259b o idi ki, \u00e7ox a\u011f\u0131r v\u0259 a\u011fr\u0131l\u0131 t\u0259sir ba\u011f\u0131\u015flam\u0131\u015fd\u0131. H\u0259tta kitab\u0131 bir ne\u00e7\u0259 d\u0259f\u0259 yar\u0131m\u00e7\u0131q saxlay\u0131b, k\u0259nara qoydum. 1 h\u0259ft\u0259 sakitl\u0259\u015fib, \u00f6z\u00fcm\u0259 g\u0259lir sonra yen\u0259 m\u00fctali\u0259y\u0259 davam edirdim. \u018fslind\u0259 \u201cZ\u0259f\u0259r Ta\u011f\u0131\u201d o q\u0259d\u0259r d\u0259 a\u011f\u0131r \u0259s\u0259r deyil v\u0259 etiraf edim ki, \u00fcmumiyy\u0259tl\u0259 m\u0259n a\u011f\u0131r \u0259s\u0259rl\u0259ri daha \u00e7ox sevir\u0259m. H\u0259tta onlar\u0131 birn\u0259f\u0259s\u0259 oxuyuram.\n<\/p>\n<p>\n  Sad\u0259c\u0259 \u201cZ\u0259f\u0259r Ta\u011f\u0131\u201d-n\u0131 oxudu\u011fum \u0259r\u0259f\u0259d\u0259 b\u0259zi psixoloji g\u0259rginlikl\u0259r ya\u015fay\u0131rd\u0131m. Ona g\u00f6r\u0259 \u0259s\u0259rin q\u0259hr\u0259man\u0131n ya\u015fad\u0131\u011f\u0131 iztirablar\u0131 m\u0259n d\u0259 ya\u015fad\u0131m. H\u0259m d\u0259 kitabda ba\u015f ver\u0259nl\u0259r 2-ci devalvasiyadan sonra depresiyyaya d\u00fc\u015fm\u00fc\u015f Az\u0259rbaycan c\u0259miyy\u0259tinin indiki durumuna \u00e7ox ox\u015fay\u0131r. Birinci D\u00fcnya M\u00fcharib\u0259sini ya\u015fam\u0131\u015f b\u00f6hran v\u0259ziyy\u0259tind\u0259 olan Avropan\u0131n \u0259s\u0259rd\u0259 t\u0259svir olunmu\u015f v\u0259ziyy\u0259ti bu g\u00fcnki c\u0259miyy\u0259timizin ruh hal\u0131na \u00e7ox ox\u015fay\u0131r. \u0130nsanlar\u0131n \u00fcz\u00fc g\u00fclm\u00fcr, h\u0259r add\u0131mba\u015f\u0131 \u00fcmidsizlik g\u00f6z\u0259 d\u0259yir. H\u0259r t\u0259r\u0259f bom-bozdur. \u0130nsanlar art\u0131q rahat \u015f\u0259kild\u0259 qocal\u0131b \u00f6l\u0259c\u0259kl\u0259rin\u0259 inanm\u0131rlar, onlar\u0131 qabaqda acl\u0131q, yoxsulluq, x\u0259st\u0259lik, q\u0259fil \u00f6l\u00fcm g\u00f6zl\u0259yir.\n<\/p>\n<p>\n  H\u0259tta bu s\u0259tirl\u0259ri yazd\u0131qca yen\u0259 \u0259s\u0259rin ba\u015f q\u0259hr\u0259man\u0131 Ravikin iztirablar\u0131 sanki yen\u0259 k\u00f6nl\u00fcm\u0259 da\u011f \u00e7\u0259kdi. Q\u0259h\u0259rl\u0259ndim.. Ravik almand\u0131r, ixtisasca h\u0259kimdir, iki y\u0259hudunin qa\u00e7mas\u0131na yard\u0131m etdiyi \u00fc\u00e7\u00fcn Gestapo zabiti Haake ona i\u015fg\u0259nc\u0259 verib. Ravikin i\u015fg\u0259nc\u0259l\u0259r\u0259 d\u00f6zm\u0259y\u0259n qad\u0131n\u0131 is\u0259 d\u00fc\u015f\u0259rg\u0259d\u0259 intihar edib. Ravik lagerd\u0259n qa\u00e7\u0131r v\u0259 m\u00fchacirl\u0259rin \u0259n sevimli \u00f6lk\u0259si Fransaya g\u0259lib. Pasportu v\u0259 \u015f\u0259xsiyy\u0259ti t\u0259sdiq ed\u0259n ba\u015fqa he\u00e7 bir s\u0259n\u0259di olmad\u0131\u011f\u0131 \u00fc\u00e7\u00fcn Parisd\u0259 gizli ya\u015fay\u0131r, art\u0131q d\u00f6rd d\u0259f\u0259 tutulub, deportasiya edilib. H\u0259r d\u0259f\u0259 yeni adlarla Paris\u0259 qay\u0131d\u0131r. Mahir c\u0259rrah olan Ravik burada gizli \u015f\u0259kild\u0259 h\u0259kimlik edir, \u0259n \u00e7\u0259tin t\u0259\u015frihl\u0259rin \u00f6hd\u0259sind\u0259n g\u0259lir.\n<\/p>\n<p>\n  Onun h\u0259yatdan umaca\u011f\u0131 bir \u015fey yoxdur. Qazand\u0131qlar\u0131n\u0131 i\u00e7kiy\u0259 v\u0259 qad\u0131nlara x\u0259rcl\u0259yir.<br \/>\n  <br \/>\n  Ravik \u00f6z\u00fcn\u00fc k\u00f6rp\u00fcd\u0259n atmaq ist\u0259y\u0259n bir qad\u0131n\u0131 xilas edir. Daha sonra o h\u0259min Joan Mado adl\u0131 qad\u0131na a\u015fiq olur. Joan onun h\u0259yat\u0131na xo\u015f anlar g\u0259tirs\u0259 d\u0259, h\u0259m d\u0259 onu geri at\u0131r. Qad\u0131n\u0131n a\u015f\u0131r\u0131 diqq\u0259t ist\u0259m\u0259si qay\u011f\u0131larla dolu Raviki ziddiy\u0259tli duruma sal\u0131r.\n<\/p>\n<p>\n  \u018fn \u00e7ox xo\u015fuma g\u0259l\u0259n yaz\u0131\u00e7\u0131n\u0131n Ravikin daxili d\u00fcnyas\u0131n\u0131 ustal\u0131qla q\u0259l\u0259m\u0259 almas\u0131d\u0131r. M\u0259hz yarad\u0131lm\u0131\u015f h\u0259min psixoloji portret, q\u0259hr\u0259man\u0131n daxili d\u00fcnyas\u0131n\u0131n geni\u015fliyi Remark\u0131n nec\u0259 m\u00f6ht\u0259\u015f\u0259m yaz\u0131\u00e7\u0131 olmas\u0131n\u0131 dem\u0259y\u0259 \u0259sas verir.\n<\/p>\n<p>\n  Etiraf edim ki, roman\u0131n \u0259vv\u0259li m\u0259n\u0259 xo\u015f t\u0259sir ba\u011f\u0131\u015flamam\u0131\u015fd\u0131, \u00e7\u00fcnki Ravikin dayanmadan alkoqollu i\u00e7ki i\u00e7m\u0259si m\u0259ni q\u0131c\u0131qland\u0131r\u0131rd\u0131. El\u0259 bilirdim, adam bu gedi\u015fl\u0259 i\u00e7ki d\u00fc\u015fk\u00fcn\u00fcn\u0259 \u00e7evirilib, serrozdan \u00f6l\u0259c\u0259k. Daha sonra buna bir n\u00f6v al\u0131\u015fd\u0131m. H\u0259m d\u0259 Ravikin sevdiyi qad\u0131n Joanla olan dialoqlar\u0131 h\u0259min i\u00e7ki m\u0259clisl\u0259rini r\u0259ngl\u0259ndirdi. Ravikl\u0259 Joan aras\u0131nda olan dialoqlar \u0259srl\u0259r boyu ki\u015fi v\u0259 qad\u0131nlar\u0131n m\u00fccadil\u0259sini t\u0259r\u0259nn\u00fcm edir.\n<\/p>\n<p>\n  Ravikl\u0259 rus m\u00fchacir Borisin dostlu\u011fu da \u00e7ox g\u00f6z\u0259l t\u0259svir olunub. Onlar bir yerd\u0259 \u015fahmat oynaya-oynaya d\u0259rdl\u0259\u015fir, m\u0259sl\u0259h\u0259tl\u0259\u015fir v\u0259 birg\u0259 vacib q\u0259rarlar verirl\u0259r. \u018fn pis t\u0259sir ed\u0259n m\u0259qam is\u0259 Joan\u0131n boyun f\u0259q\u0259r\u0259sind\u0259n z\u0259d\u0259 almas\u0131 oldu. Boyununda ili\u015fib qalm\u0131\u015f g\u00fcll\u0259ni \u00e7\u0131xara bilm\u0259diyi \u00fc\u00e7\u00fcn x\u0259st\u0259xana palatas\u0131nda \u00f6l\u0259n sevgilisini qurtara bilm\u0259m\u0259si Ravik\u0259 pis t\u0259sir edir. Joan\u0131n h\u0259min \u0259r\u0259f\u0259d\u0259ki yalvar\u0131\u015flar\u0131 adam\u0131 m\u0259hv edir.\n<\/p>\n<p>\n  \u018fs\u0259ri oxuduqca \u00f6lk\u0259mizin bu g\u00fcnl\u0259rd\u0259 ke\u00e7irdiyi a\u011f\u0131r durumla paralell\u0259r aparaca\u011f\u0131n\u0131za \u0259min\u0259m. Xo\u015f m\u00fctali\u0259l\u0259r..\n<\/p>\n<p>\n  <b><br \/>\n    Yaz\u0131 m\u00fc\u0259llifin \u015f\u0259xsi m\u00f6vqeyini \u0259ks etdirir<br \/>\n  <\/b><\/p>\n","protected":false},"excerpt":{"rendered":"<p>El\u0259 bilirdim, serrozdan \u00f6l\u0259c\u0259k&#8230;<\/p>\n","protected":false},"author":11,"featured_media":46194,"comment_status":"closed","ping_status":"open","sticky":false,"template":"","format":"standard","meta":{"_acf_changed":false,"_sitemap_exclude":false,"_sitemap_priority":"","_sitemap_frequency":"","footnotes":""},"categories":[57],"tags":[],"class_list":["post-173083","post","type-post","status-publish","format-standard","has-post-thumbnail","hentry","category-menim-fikrimce","infinite-scroll-item","generate-columns","tablet-grid-50","mobile-grid-100","grid-parent","grid-33","no-featured-image-padding"],"acf":[],"yoast_head":"<!-- This site is optimized with the Yoast SEO plugin v27.5 - https:\/\/yoast.com\/product\/yoast-seo-wordpress\/ -->\n<title>Bizim Z\u0259f\u0259r Ta\u011f\u0131m\u0131z - MEYDAN.TV<\/title>\n<meta name=\"robots\" content=\"index, follow, max-snippet:-1, max-image-preview:large, max-video-preview:-1\" \/>\n<link rel=\"canonical\" href=\"https:\/\/www.meydan.tv\/az\/article\/bizim-zefer-tagimiz\/\" \/>\n<meta property=\"og:locale\" content=\"az_AZ\" \/>\n<meta property=\"og:type\" content=\"article\" \/>\n<meta property=\"og:title\" content=\"Bizim Z\u0259f\u0259r Ta\u011f\u0131m\u0131z - MEYDAN.TV\" \/>\n<meta property=\"og:description\" content=\"El\u0259 bilirdim, serrozdan \u00f6l\u0259c\u0259k...\" \/>\n<meta property=\"og:url\" content=\"https:\/\/www.meydan.tv\/az\/article\/bizim-zefer-tagimiz\/\" \/>\n<meta property=\"og:site_name\" content=\"MEYDAN.TV\" \/>\n<meta property=\"article:published_time\" content=\"2016-01-25T22:28:16+00:00\" \/>\n<meta property=\"og:image\" content=\"https:\/\/www.meydan.tv\/wp-content\/uploads\/17298.jpg\" \/>\n\t<meta property=\"og:image:width\" content=\"500\" \/>\n\t<meta property=\"og:image:height\" content=\"500\" \/>\n\t<meta property=\"og:image:type\" content=\"image\/jpeg\" \/>\n<meta name=\"author\" content=\"user-manager\" \/>\n<meta name=\"twitter:card\" content=\"summary_large_image\" \/>\n<script type=\"application\/ld+json\" class=\"yoast-schema-graph\">{\"@context\":\"https:\\\/\\\/schema.org\",\"@graph\":[{\"@type\":\"Article\",\"@id\":\"https:\\\/\\\/www.meydan.tv\\\/az\\\/article\\\/bizim-zefer-tagimiz\\\/#article\",\"isPartOf\":{\"@id\":\"https:\\\/\\\/www.meydan.tv\\\/az\\\/article\\\/bizim-zefer-tagimiz\\\/\"},\"author\":{\"name\":\"user-manager\",\"@id\":\"https:\\\/\\\/www.meydan.tv\\\/az\\\/#\\\/schema\\\/person\\\/10d11eccf6da3662cf5fdab9806ea91a\"},\"headline\":\"Bizim Z\u0259f\u0259r Ta\u011f\u0131m\u0131z\",\"datePublished\":\"2016-01-25T22:28:16+00:00\",\"mainEntityOfPage\":{\"@id\":\"https:\\\/\\\/www.meydan.tv\\\/az\\\/article\\\/bizim-zefer-tagimiz\\\/\"},\"wordCount\":822,\"publisher\":{\"@id\":\"https:\\\/\\\/www.meydan.tv\\\/az\\\/#organization\"},\"image\":{\"@id\":\"https:\\\/\\\/www.meydan.tv\\\/az\\\/article\\\/bizim-zefer-tagimiz\\\/#primaryimage\"},\"thumbnailUrl\":\"https:\\\/\\\/www.meydan.tv\\\/wp-content\\\/uploads\\\/17298.jpg\",\"articleSection\":[\"M\u0259nim Fikrimc\u0259\"],\"inLanguage\":\"az\"},{\"@type\":\"WebPage\",\"@id\":\"https:\\\/\\\/www.meydan.tv\\\/az\\\/article\\\/bizim-zefer-tagimiz\\\/\",\"url\":\"https:\\\/\\\/www.meydan.tv\\\/az\\\/article\\\/bizim-zefer-tagimiz\\\/\",\"name\":\"Bizim Z\u0259f\u0259r Ta\u011f\u0131m\u0131z - MEYDAN.TV\",\"isPartOf\":{\"@id\":\"https:\\\/\\\/www.meydan.tv\\\/az\\\/#website\"},\"primaryImageOfPage\":{\"@id\":\"https:\\\/\\\/www.meydan.tv\\\/az\\\/article\\\/bizim-zefer-tagimiz\\\/#primaryimage\"},\"image\":{\"@id\":\"https:\\\/\\\/www.meydan.tv\\\/az\\\/article\\\/bizim-zefer-tagimiz\\\/#primaryimage\"},\"thumbnailUrl\":\"https:\\\/\\\/www.meydan.tv\\\/wp-content\\\/uploads\\\/17298.jpg\",\"datePublished\":\"2016-01-25T22:28:16+00:00\",\"breadcrumb\":{\"@id\":\"https:\\\/\\\/www.meydan.tv\\\/az\\\/article\\\/bizim-zefer-tagimiz\\\/#breadcrumb\"},\"inLanguage\":\"az\",\"potentialAction\":[{\"@type\":\"ReadAction\",\"target\":[\"https:\\\/\\\/www.meydan.tv\\\/az\\\/article\\\/bizim-zefer-tagimiz\\\/\"]}]},{\"@type\":\"ImageObject\",\"inLanguage\":\"az\",\"@id\":\"https:\\\/\\\/www.meydan.tv\\\/az\\\/article\\\/bizim-zefer-tagimiz\\\/#primaryimage\",\"url\":\"https:\\\/\\\/www.meydan.tv\\\/wp-content\\\/uploads\\\/17298.jpg\",\"contentUrl\":\"https:\\\/\\\/www.meydan.tv\\\/wp-content\\\/uploads\\\/17298.jpg\",\"width\":500,\"height\":500,\"caption\":\"Source:\"},{\"@type\":\"BreadcrumbList\",\"@id\":\"https:\\\/\\\/www.meydan.tv\\\/az\\\/article\\\/bizim-zefer-tagimiz\\\/#breadcrumb\",\"itemListElement\":[{\"@type\":\"ListItem\",\"position\":1,\"name\":\"Ana s\u0259hif\u0259\",\"item\":\"https:\\\/\\\/www.meydan.tv\\\/az\\\/\"},{\"@type\":\"ListItem\",\"position\":2,\"name\":\"M\u0259nim Fikrimc\u0259\",\"item\":\"https:\\\/\\\/www.meydan.tv\\\/az\\\/section\\\/menim-fikrimce\\\/\"},{\"@type\":\"ListItem\",\"position\":3,\"name\":\"Bizim Z\u0259f\u0259r Ta\u011f\u0131m\u0131z\"}]},{\"@type\":\"WebSite\",\"@id\":\"https:\\\/\\\/www.meydan.tv\\\/az\\\/#website\",\"url\":\"https:\\\/\\\/www.meydan.tv\\\/az\\\/\",\"name\":\"MEYDAN.TV\",\"description\":\"Meydan TV Az\u0259rbaycan\u0131n media m\u0259kan\u0131ndak\u0131 alternativ s\u0259sidir\",\"publisher\":{\"@id\":\"https:\\\/\\\/www.meydan.tv\\\/az\\\/#organization\"},\"potentialAction\":[{\"@type\":\"SearchAction\",\"target\":{\"@type\":\"EntryPoint\",\"urlTemplate\":\"https:\\\/\\\/www.meydan.tv\\\/az\\\/?s={search_term_string}\"},\"query-input\":{\"@type\":\"PropertyValueSpecification\",\"valueRequired\":true,\"valueName\":\"search_term_string\"}}],\"inLanguage\":\"az\"},{\"@type\":\"Organization\",\"@id\":\"https:\\\/\\\/www.meydan.tv\\\/az\\\/#organization\",\"name\":\"Meydan TV\",\"url\":\"https:\\\/\\\/www.meydan.tv\\\/az\\\/\",\"logo\":{\"@type\":\"ImageObject\",\"inLanguage\":\"az\",\"@id\":\"https:\\\/\\\/www.meydan.tv\\\/az\\\/#\\\/schema\\\/logo\\\/image\\\/\",\"url\":\"https:\\\/\\\/www.meydan.tv\\\/wp-content\\\/uploads\\\/2021\\\/07\\\/meydan-logo.svg\",\"contentUrl\":\"https:\\\/\\\/www.meydan.tv\\\/wp-content\\\/uploads\\\/2021\\\/07\\\/meydan-logo.svg\",\"width\":195,\"height\":46,\"caption\":\"Meydan TV\"},\"image\":{\"@id\":\"https:\\\/\\\/www.meydan.tv\\\/az\\\/#\\\/schema\\\/logo\\\/image\\\/\"}},{\"@type\":\"Person\",\"@id\":\"https:\\\/\\\/www.meydan.tv\\\/az\\\/#\\\/schema\\\/person\\\/10d11eccf6da3662cf5fdab9806ea91a\",\"name\":\"user-manager\"}]}<\/script>\n<!-- \/ Yoast SEO plugin. -->","yoast_head_json":{"title":"Bizim Z\u0259f\u0259r Ta\u011f\u0131m\u0131z - MEYDAN.TV","robots":{"index":"index","follow":"follow","max-snippet":"max-snippet:-1","max-image-preview":"max-image-preview:large","max-video-preview":"max-video-preview:-1"},"canonical":"https:\/\/www.meydan.tv\/az\/article\/bizim-zefer-tagimiz\/","og_locale":"az_AZ","og_type":"article","og_title":"Bizim Z\u0259f\u0259r Ta\u011f\u0131m\u0131z - MEYDAN.TV","og_description":"El\u0259 bilirdim, serrozdan \u00f6l\u0259c\u0259k...","og_url":"https:\/\/www.meydan.tv\/az\/article\/bizim-zefer-tagimiz\/","og_site_name":"MEYDAN.TV","article_published_time":"2016-01-25T22:28:16+00:00","og_image":[{"width":500,"height":500,"url":"https:\/\/www.meydan.tv\/wp-content\/uploads\/17298.jpg","type":"image\/jpeg"}],"author":"user-manager","twitter_card":"summary_large_image","schema":{"@context":"https:\/\/schema.org","@graph":[{"@type":"Article","@id":"https:\/\/www.meydan.tv\/az\/article\/bizim-zefer-tagimiz\/#article","isPartOf":{"@id":"https:\/\/www.meydan.tv\/az\/article\/bizim-zefer-tagimiz\/"},"author":{"name":"user-manager","@id":"https:\/\/www.meydan.tv\/az\/#\/schema\/person\/10d11eccf6da3662cf5fdab9806ea91a"},"headline":"Bizim Z\u0259f\u0259r Ta\u011f\u0131m\u0131z","datePublished":"2016-01-25T22:28:16+00:00","mainEntityOfPage":{"@id":"https:\/\/www.meydan.tv\/az\/article\/bizim-zefer-tagimiz\/"},"wordCount":822,"publisher":{"@id":"https:\/\/www.meydan.tv\/az\/#organization"},"image":{"@id":"https:\/\/www.meydan.tv\/az\/article\/bizim-zefer-tagimiz\/#primaryimage"},"thumbnailUrl":"https:\/\/www.meydan.tv\/wp-content\/uploads\/17298.jpg","articleSection":["M\u0259nim Fikrimc\u0259"],"inLanguage":"az"},{"@type":"WebPage","@id":"https:\/\/www.meydan.tv\/az\/article\/bizim-zefer-tagimiz\/","url":"https:\/\/www.meydan.tv\/az\/article\/bizim-zefer-tagimiz\/","name":"Bizim Z\u0259f\u0259r Ta\u011f\u0131m\u0131z - MEYDAN.TV","isPartOf":{"@id":"https:\/\/www.meydan.tv\/az\/#website"},"primaryImageOfPage":{"@id":"https:\/\/www.meydan.tv\/az\/article\/bizim-zefer-tagimiz\/#primaryimage"},"image":{"@id":"https:\/\/www.meydan.tv\/az\/article\/bizim-zefer-tagimiz\/#primaryimage"},"thumbnailUrl":"https:\/\/www.meydan.tv\/wp-content\/uploads\/17298.jpg","datePublished":"2016-01-25T22:28:16+00:00","breadcrumb":{"@id":"https:\/\/www.meydan.tv\/az\/article\/bizim-zefer-tagimiz\/#breadcrumb"},"inLanguage":"az","potentialAction":[{"@type":"ReadAction","target":["https:\/\/www.meydan.tv\/az\/article\/bizim-zefer-tagimiz\/"]}]},{"@type":"ImageObject","inLanguage":"az","@id":"https:\/\/www.meydan.tv\/az\/article\/bizim-zefer-tagimiz\/#primaryimage","url":"https:\/\/www.meydan.tv\/wp-content\/uploads\/17298.jpg","contentUrl":"https:\/\/www.meydan.tv\/wp-content\/uploads\/17298.jpg","width":500,"height":500,"caption":"Source:"},{"@type":"BreadcrumbList","@id":"https:\/\/www.meydan.tv\/az\/article\/bizim-zefer-tagimiz\/#breadcrumb","itemListElement":[{"@type":"ListItem","position":1,"name":"Ana s\u0259hif\u0259","item":"https:\/\/www.meydan.tv\/az\/"},{"@type":"ListItem","position":2,"name":"M\u0259nim Fikrimc\u0259","item":"https:\/\/www.meydan.tv\/az\/section\/menim-fikrimce\/"},{"@type":"ListItem","position":3,"name":"Bizim Z\u0259f\u0259r Ta\u011f\u0131m\u0131z"}]},{"@type":"WebSite","@id":"https:\/\/www.meydan.tv\/az\/#website","url":"https:\/\/www.meydan.tv\/az\/","name":"MEYDAN.TV","description":"Meydan TV Az\u0259rbaycan\u0131n media m\u0259kan\u0131ndak\u0131 alternativ s\u0259sidir","publisher":{"@id":"https:\/\/www.meydan.tv\/az\/#organization"},"potentialAction":[{"@type":"SearchAction","target":{"@type":"EntryPoint","urlTemplate":"https:\/\/www.meydan.tv\/az\/?s={search_term_string}"},"query-input":{"@type":"PropertyValueSpecification","valueRequired":true,"valueName":"search_term_string"}}],"inLanguage":"az"},{"@type":"Organization","@id":"https:\/\/www.meydan.tv\/az\/#organization","name":"Meydan TV","url":"https:\/\/www.meydan.tv\/az\/","logo":{"@type":"ImageObject","inLanguage":"az","@id":"https:\/\/www.meydan.tv\/az\/#\/schema\/logo\/image\/","url":"https:\/\/www.meydan.tv\/wp-content\/uploads\/2021\/07\/meydan-logo.svg","contentUrl":"https:\/\/www.meydan.tv\/wp-content\/uploads\/2021\/07\/meydan-logo.svg","width":195,"height":46,"caption":"Meydan TV"},"image":{"@id":"https:\/\/www.meydan.tv\/az\/#\/schema\/logo\/image\/"}},{"@type":"Person","@id":"https:\/\/www.meydan.tv\/az\/#\/schema\/person\/10d11eccf6da3662cf5fdab9806ea91a","name":"user-manager"}]}},"_links":{"self":[{"href":"https:\/\/www.meydan.tv\/az\/wp-json\/wp\/v2\/posts\/173083","targetHints":{"allow":["GET"]}}],"collection":[{"href":"https:\/\/www.meydan.tv\/az\/wp-json\/wp\/v2\/posts"}],"about":[{"href":"https:\/\/www.meydan.tv\/az\/wp-json\/wp\/v2\/types\/post"}],"author":[{"embeddable":true,"href":"https:\/\/www.meydan.tv\/az\/wp-json\/wp\/v2\/users\/11"}],"replies":[{"embeddable":true,"href":"https:\/\/www.meydan.tv\/az\/wp-json\/wp\/v2\/comments?post=173083"}],"version-history":[{"count":0,"href":"https:\/\/www.meydan.tv\/az\/wp-json\/wp\/v2\/posts\/173083\/revisions"}],"wp:featuredmedia":[{"embeddable":true,"href":"https:\/\/www.meydan.tv\/az\/wp-json\/wp\/v2\/media\/46194"}],"wp:attachment":[{"href":"https:\/\/www.meydan.tv\/az\/wp-json\/wp\/v2\/media?parent=173083"}],"wp:term":[{"taxonomy":"category","embeddable":true,"href":"https:\/\/www.meydan.tv\/az\/wp-json\/wp\/v2\/categories?post=173083"},{"taxonomy":"post_tag","embeddable":true,"href":"https:\/\/www.meydan.tv\/az\/wp-json\/wp\/v2\/tags?post=173083"}],"curies":[{"name":"wp","href":"https:\/\/api.w.org\/{rel}","templated":true}]}}