{"id":173036,"date":"2016-01-24T00:33:15","date_gmt":"2016-01-24T00:33:15","guid":{"rendered":"https:\/\/www.meydan.tv\/article\/iran-serheddindeki-sorgu-sual\/"},"modified":"2016-01-24T00:33:15","modified_gmt":"2016-01-24T00:33:15","slug":"iran-serheddindeki-sorgu-sual","status":"publish","type":"post","link":"https:\/\/www.meydan.tv\/az\/article\/iran-serheddindeki-sorgu-sual\/","title":{"rendered":"\u0130ran s\u0259rh\u0259ddind\u0259ki sor\u011fu-sual"},"content":{"rendered":"<figure class=\"wp-block-image size-large\">\n  <img decoding=\"async\" src=\"https:\/\/www.meydan.tv\/az\/46014\/\" alt=\"\" class=\"wp-image-46014\"\/><figcaption><\/figcaption><\/figure>\n<figure class=\"wp-block-image size-large\">\n  <img decoding=\"async\" src=\"https:\/\/www.meydan.tv\/az\/46020\/\" alt=\"\" class=\"wp-image-46020\"\/><figcaption><\/figcaption><\/figure>\n<p>\n  <i><br \/>\n    <b><br \/>\n      Bir m\u00fcdd\u0259t \u0259vv\u0259l sa\u011flaml\u0131\u011f\u0131mda problem ya\u015fad\u0131m. B\u00fcdc\u0259mi v\u0259 bizim s\u0259hiyy\u0259nin v\u0259ziy\u0259tini n\u0259z\u0259r\u0259 alaraq \u00fcz tutdum qon\u015fu \u00f6lk\u0259 \u0130rana. S\u0259rh\u0259dd\u0259 \u00e7oxlu insanlarla qar\u015f\u0131la\u015fd\u0131m. Onlar\u0131n dem\u0259k olar ki, ham\u0131s\u0131 az\u0259rbaycanl\u0131lardan ibar\u0259t idi. N\u00f6vb\u0259y\u0259 riay\u0259t etm\u0259y\u0259n insanlar\u0131 bizim \u00f6z s\u0259rh\u0259d\u00e7il\u0259rimiz t\u0259hqir edir, olmaz\u0131n s\u00f6y\u00fc\u015fl\u0259r ya\u011fd\u0131r\u0131r, q\u0131\u015fq\u0131r\u0131rd\u0131lar. Onlar da bunu zarafata \u00e7evirib g\u00fcl\u00fcr, t\u0259hqirl\u0259ri \u0259rkyana kimi q\u0259bul edirdil\u0259r.<br \/>\n    <\/b><br \/>\n  <\/i>\n<\/p>\n<p>\n  \u0130ran s\u0259rh\u0259dind\u0259 m\u0259ni n\u00f6vb\u0259d\u0259nk\u0259nar q\u0259bul edib, pasportumu yoxlad\u0131lar. G\u00f6r\u0259nd\u0259 ki, m\u0259n d\u0259 Az\u0259rbaycan v\u0259t\u0259nda\u015f\u0131yam, aralar\u0131nda n\u0259s\u0259 dan\u0131\u015fd\u0131lar. Dig\u0259r m\u00fclki geyimli \u0130ran m\u0259muru m\u0259ni \u00f6z ota\u011f\u0131na d\u0259v\u0259t el\u0259di. Sor\u011fu-sual ba\u015flad\u0131, n\u0259 ba\u015flad\u0131. S\u0259h\u0259r, g\u00fcnorta, ax\u015fam n\u0259 yediyimd\u0259n tutmu\u015f, s\u0259n\u0259tim\u0259 q\u0259d\u0259r, Az\u0259rbaycan-\u0130ran m\u00fcnasib\u0259tl\u0259rind\u0259n tutmu\u015f, d\u00fcnya siyas\u0259tin\u0259 q\u0259d\u0259r h\u0259r \u015feyi soru\u015fdu. Bir d\u0259 ay\u0131ld\u0131m ki, adamla Maydan hadis\u0259l\u0259rini m\u00fczakir\u0259 edirik.\n<\/p>\n<p>\n  Iran m\u0259muru ist\u0259yirdi ki, deyim Maydan hadis\u0259l\u0259ri Amerikan\u0131n i\u015fidir. Tez-tez d\u0259 Amerika s\u00f6z\u00fcn\u00fc \u015eeytan s\u00f6z\u00fc il\u0259 \u0259v\u0259zl\u0259yirdi. M\u0259n ba\u015fa d\u00fc\u015f\u00fcrd\u00fcm, hans\u0131 \u00f6lk\u0259nin \u0259razisind\u0259y\u0259m. Onun \u00fc\u00e7\u00fcn m\u0259murun h\u0259r \u015fey o \u015feytan\u0131n \u0259m\u0259ll\u0259ridir, siz bununla raz\u0131s\u0131n\u0131zm\u0131? &#8211; sual\u0131na r\u0259ssaml\u0131\u011f\u0131ma sal\u0131b, t\u0259krar edirdim ki, m\u0259n r\u0259ssamam, siyas\u0259t\u0259 qar\u0131\u015fm\u0131ram, dey\u0259 bilm\u0259r\u0259m kimin i\u015fidir, amma onu dey\u0259 bil\u0259r\u0259m ki, m\u00fcharib\u0259y\u0259, insan qan\u0131n\u0131n ax\u0131d\u0131lmas\u0131na qar\u015f\u0131yam.\n<\/p>\n<p>\n  \u0130ran t\u0259hl\u00fck\u0259sizlik i\u015f\u00e7isi n\u0259 q\u0259d\u0259r eyni sual\u0131 verdis\u0259, m\u0259nd\u0259n eyni cavab\u0131 ald\u0131. Sonda r\u0259ssaml\u0131qdan bir-iki sual verdi. Terminl\u0259rl\u0259 dan\u0131\u015f\u0131b, bunu da h\u0259ll ed\u0259nd\u0259n sonra n\u0259hay\u0259t, s\u0259rb\u0259st burax\u0131ld\u0131m. N\u00f6vb\u0259d\u0259n k\u0259nar pasportumun yoxlan\u0131lmas\u0131 s\u0259b\u0259bi, s\u0259n dem\u0259, r\u0259ngli geyimim, saqqal\u0131m imi\u015f. Bunu sonradan m\u0259mur \u00f6z\u00fc m\u0259n\u0259 a\u00e7\u0131qlad\u0131.\n<\/p>\n<p>\n  \u018frd\u0259bild\u0259ki x\u0259st\u0259xanalar\u0131n birind\u0259 d\u0259 eyni m\u0259nz\u0259r\u0259 il\u0259 qar\u015f\u0131la\u015fd\u0131m. H\u0259kim n\u00f6vb\u0259si g\u00f6zl\u0259y\u0259n x\u0259st\u0259 insanlar bil\u0259nd\u0259 ki, az\u0259rbaycanl\u0131yam, ba\u015flad\u0131lar \u2018sizin Amerika il\u0259 m\u00fcnasib\u0259tl\u0259riniz nec\u0259dir, b\u00fct\u00fcn m\u00fcharib\u0259l\u0259rin s\u0259b\u0259bkar\u0131 o \u015feytand\u0131r, siz bununla raz\u0131s\u0131n\u0131zm\u0131?\u2019\u2019 tipli suallar ya\u011fd\u0131rma\u011fa. Anlay\u0131rd\u0131m ki, \u00f6z h\u00fcquqlar\u0131n\u0131 t\u0259l\u0259b ed\u0259 bilm\u0259y\u0259n, h\u0259r add\u0131m-ba\u015f\u0131 \u0259zil\u0259n, t\u0259hqir olunan c\u0259miyy\u0259t, q\u0259z\u0259bini, kinini ona illuziya kimi g\u00f6st\u0259ril\u0259n il\u011f\u0131m d\u00fc\u015fm\u0259n\u0259 y\u00f6n\u0259ldib. Onlar\u0131n \u0259lind\u0259 ancaq bu var. V\u0259 il\u011f\u0131ma olan nifr\u0259t onlar \u00fc\u00e7\u00fcn bir t\u0259s\u0259llidir.\n<\/p>\n<p>\n  Tarix boyu total c\u0259miyy\u0259tl\u0259r h\u0259r zaman ita\u0259tkar olub. Avtoritar n\u0259 \u0259mr etdis\u0259, o da olmal\u0131d\u0131r. Beyin birt\u0259r\u0259fli i\u015fl\u0259yir. Sahibinin a\u011fz\u0131ndan \u00e7\u0131xan \u0259mri g\u00f6zl\u0259yir ki, kim\u0259s\u0259 nifr\u0259t etsin. He\u00e7 vaxt ona veril\u0259n \u0259mr haqq\u0131nda d\u00fc\u015f\u00fcnm\u0259z, \u00f6z fikri olmaz, b\u0259lk\u0259 bu s\u0259hv add\u0131md\u0131r dey\u0259 \u0259mrd\u0259n imtina etm\u0259z. V\u0259 kims\u0259 \u00e7\u0131x\u0131b, ay mill\u0259t, ay xalq, b\u0259lk\u0259 bir az yava\u015flayaq, oturub d\u00fc\u015f\u00fcn\u0259k, b\u0259lk\u0259 bu \u0259mr bizim ziyan\u0131m\u0131za i\u015fl\u0259y\u0259c\u0259k des\u0259, ita\u0259tkar toplum o adam\u0131 da \u00e7\u0259kinm\u0259d\u0259n d\u00fc\u015fm\u0259nl\u0259rinin s\u0131ras\u0131na qatacaq. \u00c7\u00fcnki \u0259mr bel\u0259dir. Total c\u0259miyy\u0259td\u0259 alternativ fikir\u0259, f\u0259rqli d\u00fcnyag\u00f6r\u00fc\u015f\u0259, onlardan se\u00e7il\u0259n, onlara yad d\u00fc\u015f\u00fcnc\u0259 sahibin\u0259 yer olmur.\n<\/p>\n<p>\n  Bel\u0259 c\u0259miyy\u0259tl\u0259rd\u0259 &#8220;Nifr\u0259t etm\u0259k&#8221; \u0259n funksional metoddur. H\u0259r bir totalitar xalq\u0131n d\u00fc\u015fm\u0259ni v\u0259 ya d\u00fc\u015fm\u0259nl\u0259ri olur. Rusiyada da, \u015eimali Koreyada da bu bel\u0259dir. \u00d6z\u00fc d\u0259 siz\u0259 deyim ki, d\u00fc\u015fm\u0259n\u0259 olan bu nifr\u0259td\u0259 toplum he\u00e7 vaxt s\u0259mimi olmur. D\u00fc\u015fm\u0259n bir gec\u0259d\u0259 dost ola bil\u0259r. Yuxar\u0131dan d\u00fcym\u0259ni basandan as\u0131l\u0131d\u0131r. M\u0259s\u0259l\u0259n, \u00e7ox uza\u011fa getm\u0259y\u0259k g\u00f6t\u00fcr\u0259k el\u0259 \u0130ran\u0131. D\u0259qiq bilir\u0259m ki, indi \u0130randa xalq Amerikan\u0131 d\u00fc\u015fm\u0259n siyah\u0131sndan \u00e7\u0131xard\u0131b v\u0259 bu yer d\u0259 bo\u015f qalmay\u0131b. \u0130ndi allah bilir, hans\u0131 b\u0259db\u0259xt \u00f6lk\u0259ni \u015feytan edib, \u00f6z aralar\u0131nda onun qiyb\u0259tini q\u0131r\u0131rlar. B\u0259s d\u00fc\u015fm\u0259n nec\u0259 yaran\u0131r, onun yaranma s\u0259b\u0259bl\u0259ri n\u0259dir? S\u0259b\u0259bl\u0259r \u00e7oxdur. Tapdalanm\u0131\u015f, \u0259zilmi\u015f, t\u0259hqir olunmu\u015f insan\u0131n i\u00e7ind\u0259 t\u0259bii yaranan nifr\u0259tini hans\u0131 istiqam\u0259t\u0259s\u0259 y\u00f6n\u0259ltm\u0259k laz\u0131md\u0131r, ya yox?\n<\/p>\n<p>\n  Tarix\u0259 n\u0259z\u0259r salaq. 1792-ci ild\u0259 Fransada inqilab g\u00f6zl\u0259nilir. V\u0259ziyy\u0259t olduqca g\u0259rgindir. Fransa Mill\u0259t M\u0259clisind\u0259 Kral ittifaq\u0131na qar\u015f\u0131 sava\u015f a\u00e7\u0131lmas\u0131 v\u0259 ya bar\u0131\u015f\u0131n se\u00e7ilm\u0259si m\u00f6vzusu m\u00fczakir\u0259 olunur. Kral 16-c\u0131 L\u00fcdovik q\u0259rars\u0131zd\u0131r. V\u0259 n\u0259tic\u0259d\u0259 Fransa Kral\u0131 tamam ba\u015fqa bir q\u0259rar verir. Bu q\u0259rar Avstriya v\u0259 Prussiyaya qar\u015f\u0131 m\u00fcharib\u0259 elan\u0131 idi. T\u0259bii ki, m\u00fcharib\u0259 kral\u0131n \u00f6z taxt\u0131nda qalmas\u0131na hesablanm\u0131\u015fd\u0131r.\n<\/p>\n<p>\n  Totalitar c\u0259miyy\u0259tin nifr\u0259tetm\u0259 x\u00fcsusiyy\u0259tini d\u00fcnya \u0259d\u0259biyyat\u0131nda Corc Orruel &#8220;1984&#8221; roman\u0131nda \u00e7ox g\u00f6z\u0259l t\u0259svir etmi\u015fdir. Romanda &#8220;Nifr\u0259t ikid\u0259qiq\u0259liyi&#8221; s\u00f6z\u00fc tez-tez i\u015fl\u0259dilir. \u201cNifr\u0259t ikid\u0259qiq\u0259liyi\u201dnd\u0259 ham\u0131 bir n\u0259f\u0259r kimi \u201cV\u0259t\u0259n xaini\u201d, varl\u0131\u011f\u0131 bel\u0259 m\u0259lum olmayan Qoldsteyn\u0259 v\u0259 ya harada yerl\u0259\u015fdiyini bilm\u0259y\u0259n d\u00fc\u015fm\u0259n \u00f6lk\u0259y\u0259 qar\u015f\u0131 nifr\u0259t ya\u011fd\u0131rmal\u0131, var g\u00fccl\u0259ri il\u0259 onlar\u0131 r\u0259dd etm\u0259lidil\u0259r.\n<\/p>\n<p>\n  \u0130ndi ke\u00e7\u0259k bizim Odlar Yurdumuza. Ba\u015fqa total c\u0259miyy\u0259tl\u0259rin d\u00fc\u015fm\u0259ni oldu\u011fu kimi az\u0259rbaycanl\u0131lar\u0131n da \u0259z\u0259li d\u00fc\u015fm\u0259ni var. S\u0259mimiyy\u0259t m\u0259s\u0259l\u0259sin\u0259 g\u0259l\u0259nd\u0259 is\u0259 \u015f\u0259xs\u0259n m\u0259n \u00f6z fikrimd\u0259 qal\u0131ram. M\u00fcnaqi\u015f\u0259 uzaq ke\u00e7mi\u015f olmasa bel\u0259 yen\u0259 d\u0259 s\u0259mimiyy\u0259tl\u0259rin\u0259 inanm\u0131ram. H\u0259tta o q\u0259d\u0259r s\u0259mimi deyill\u0259r ki, bu problemin h\u0259llind\u0259 indiki hakimiyy\u0259t birc\u0259 d\u0259n\u0259 u\u011fur bel\u0259 qazanmay\u0131bsa, az\u0259rbaycanl\u0131lar da d\u00fc\u015fm\u0259nl\u0259rin\u0259 qar\u015f\u0131 nifr\u0259ti u\u011fursuz lokal \u00e7\u0259r\u00e7iv\u0259d\u0259 olaraq qal\u0131r. D\u00fc\u015fm\u0259niniz\u0259 nifr\u0259td\u0259 s\u0259mimi olsayd\u0131n\u0131n\u0131z, olimpiya oyunlar\u0131na etiraz ed\u0259rdiz, R\u00f6vn\u0259q m\u00fc\u0259llimin erm\u0259ni kils\u0259sin\u0259 pulsuz t\u0259bii qaz\u0131n verilm\u0259si a\u00e7\u0131qlamas\u0131ndan sonra &#8220;Socar&#8221;\u0131 v\u0259t\u0259n xaini \u00e7\u0131xardard\u0131z. Yeni binas\u0131n\u0131n qar\u015f\u0131s\u0131nda mitinq ed\u0259rdiz. H\u0259 bax, onda dem\u0259k olard\u0131 ki, nifr\u0259tinizd\u0259 s\u0259mimisiniz. Yoxsa ki, \u00f6z\u00fcn\u00fcz\u00fc aldatmaqla he\u00e7 n\u0259y\u0259 nail ola bilm\u0259y\u0259c\u0259ksiniz.\n<\/p>\n<p>\n  G\u00f6rm\u00fc\u015f\u00fck insan c\u0259miyy\u0259td\u0259 b\u00f6y\u00fcy\u0259r, fikirl\u0259ri h\u0259yata bax\u0131\u015f\u0131 formala\u015far. Amma az\u0259rbaycanl\u0131n\u0131n iyirmi alt\u0131 il \u0259vv\u0259l d\u00fc\u015fm\u0259nin\u0259 qar\u015f\u0131 &#8220;hava yaman soyuqdu, erm\u0259nil\u0259r toyuqdu&#8221; m\u00fcnasib\u0259ti h\u0259l\u0259 d\u0259 d\u0259yi\u015film\u0259z olaraq qalmaqdad\u0131r. M\u00fcasir sivil d\u00fcnyada bu m\u00fcnasib\u0259tl\u0259 \u00e7ox uzaq ged\u0259 bilm\u0259zsiz. \u018fn uza\u011f\u0131 kafenin ad\u0131n\u0131 &#8220;\u015eu\u015fa&#8221; qoyma\u011f\u0131 siz\u0259 he\u00e7 kim qada\u011fan etm\u0259y\u0259c\u0259k.\n<\/p>\n<p>\n  Ancaq yen\u0259 d\u0259 sizi ba\u015fa d\u00fc\u015f\u00fcr\u0259m. \u00c7ox g\u00f6z\u0259l ba\u015fa d\u00fc\u015f\u00fcr\u0259m. Haqq\u0131n\u0131z tapdan\u0131r, s\u0259siniz al\u0131n\u0131r, h\u00fcquqlar\u0131n\u0131z\u0131 qorumaqda \u00e7\u0259tinlik \u00e7\u0259kirsiniz. \u018flb\u0259tt\u0259, bu q\u0259d\u0259r z\u0259rb\u0259 alan insanda q\u0259z\u0259bin, kin-k\u00fcdur\u0259tin yaranmas\u0131 t\u0259biidir. Bu enerjini kim\u0259s\u0259 y\u00f6n\u0259ltm\u0259k laz\u0131md\u0131r. Yoxsa vallah adam\u0131n \u00fcr\u0259yi partlayar. Amma \u00e7ox da \u015fey el\u0259m\u0259yin\u2026\n<\/p>\n<p>\n  <b><br \/>\n    Yaz\u0131dak\u0131 fikirl\u0259r m\u00fc\u0259llifin \u015f\u0259xsi m\u00f6vqeyini \u0259ks etdirir&#8230;<br \/>\n  <\/b><\/p>\n","protected":false},"excerpt":{"rendered":"<p>\u018fb\u0259di d\u00fc\u015fm\u0259n obraz\u0131<\/p>\n","protected":false},"author":11,"featured_media":46014,"comment_status":"closed","ping_status":"open","sticky":false,"template":"","format":"standard","meta":{"_acf_changed":false,"_sitemap_exclude":false,"_sitemap_priority":"","_sitemap_frequency":"","footnotes":""},"categories":[57],"tags":[],"class_list":["post-173036","post","type-post","status-publish","format-standard","has-post-thumbnail","hentry","category-menim-fikrimce","infinite-scroll-item","generate-columns","tablet-grid-50","mobile-grid-100","grid-parent","grid-33","no-featured-image-padding"],"acf":[],"yoast_head":"<!-- This site is optimized with the Yoast SEO plugin v27.5 - https:\/\/yoast.com\/product\/yoast-seo-wordpress\/ -->\n<title>\u0130ran s\u0259rh\u0259ddind\u0259ki sor\u011fu-sual - MEYDAN.TV<\/title>\n<meta name=\"robots\" content=\"index, follow, max-snippet:-1, max-image-preview:large, max-video-preview:-1\" \/>\n<link rel=\"canonical\" href=\"https:\/\/www.meydan.tv\/az\/article\/iran-serheddindeki-sorgu-sual\/\" \/>\n<meta property=\"og:locale\" content=\"az_AZ\" \/>\n<meta property=\"og:type\" content=\"article\" \/>\n<meta property=\"og:title\" content=\"\u0130ran s\u0259rh\u0259ddind\u0259ki sor\u011fu-sual - MEYDAN.TV\" \/>\n<meta property=\"og:description\" content=\"\u018fb\u0259di d\u00fc\u015fm\u0259n obraz\u0131\" \/>\n<meta property=\"og:url\" content=\"https:\/\/www.meydan.tv\/az\/article\/iran-serheddindeki-sorgu-sual\/\" \/>\n<meta property=\"og:site_name\" content=\"MEYDAN.TV\" \/>\n<meta property=\"article:published_time\" content=\"2016-01-24T00:33:15+00:00\" \/>\n<meta property=\"og:image\" content=\"https:\/\/www.meydan.tv\/wp-content\/uploads\/17228.jpg\" \/>\n\t<meta property=\"og:image:width\" content=\"500\" \/>\n\t<meta property=\"og:image:height\" content=\"500\" \/>\n\t<meta property=\"og:image:type\" content=\"image\/jpeg\" \/>\n<meta name=\"author\" content=\"user-manager\" \/>\n<meta name=\"twitter:card\" content=\"summary_large_image\" \/>\n<script type=\"application\/ld+json\" class=\"yoast-schema-graph\">{\"@context\":\"https:\\\/\\\/schema.org\",\"@graph\":[{\"@type\":\"Article\",\"@id\":\"https:\\\/\\\/www.meydan.tv\\\/az\\\/article\\\/iran-serheddindeki-sorgu-sual\\\/#article\",\"isPartOf\":{\"@id\":\"https:\\\/\\\/www.meydan.tv\\\/az\\\/article\\\/iran-serheddindeki-sorgu-sual\\\/\"},\"author\":{\"name\":\"user-manager\",\"@id\":\"https:\\\/\\\/www.meydan.tv\\\/az\\\/#\\\/schema\\\/person\\\/10d11eccf6da3662cf5fdab9806ea91a\"},\"headline\":\"\u0130ran s\u0259rh\u0259ddind\u0259ki sor\u011fu-sual\",\"datePublished\":\"2016-01-24T00:33:15+00:00\",\"mainEntityOfPage\":{\"@id\":\"https:\\\/\\\/www.meydan.tv\\\/az\\\/article\\\/iran-serheddindeki-sorgu-sual\\\/\"},\"wordCount\":1423,\"publisher\":{\"@id\":\"https:\\\/\\\/www.meydan.tv\\\/az\\\/#organization\"},\"image\":{\"@id\":\"https:\\\/\\\/www.meydan.tv\\\/az\\\/article\\\/iran-serheddindeki-sorgu-sual\\\/#primaryimage\"},\"thumbnailUrl\":\"https:\\\/\\\/www.meydan.tv\\\/wp-content\\\/uploads\\\/17228.jpg\",\"articleSection\":[\"M\u0259nim Fikrimc\u0259\"],\"inLanguage\":\"az\"},{\"@type\":\"WebPage\",\"@id\":\"https:\\\/\\\/www.meydan.tv\\\/az\\\/article\\\/iran-serheddindeki-sorgu-sual\\\/\",\"url\":\"https:\\\/\\\/www.meydan.tv\\\/az\\\/article\\\/iran-serheddindeki-sorgu-sual\\\/\",\"name\":\"\u0130ran s\u0259rh\u0259ddind\u0259ki sor\u011fu-sual - MEYDAN.TV\",\"isPartOf\":{\"@id\":\"https:\\\/\\\/www.meydan.tv\\\/az\\\/#website\"},\"primaryImageOfPage\":{\"@id\":\"https:\\\/\\\/www.meydan.tv\\\/az\\\/article\\\/iran-serheddindeki-sorgu-sual\\\/#primaryimage\"},\"image\":{\"@id\":\"https:\\\/\\\/www.meydan.tv\\\/az\\\/article\\\/iran-serheddindeki-sorgu-sual\\\/#primaryimage\"},\"thumbnailUrl\":\"https:\\\/\\\/www.meydan.tv\\\/wp-content\\\/uploads\\\/17228.jpg\",\"datePublished\":\"2016-01-24T00:33:15+00:00\",\"breadcrumb\":{\"@id\":\"https:\\\/\\\/www.meydan.tv\\\/az\\\/article\\\/iran-serheddindeki-sorgu-sual\\\/#breadcrumb\"},\"inLanguage\":\"az\",\"potentialAction\":[{\"@type\":\"ReadAction\",\"target\":[\"https:\\\/\\\/www.meydan.tv\\\/az\\\/article\\\/iran-serheddindeki-sorgu-sual\\\/\"]}]},{\"@type\":\"ImageObject\",\"inLanguage\":\"az\",\"@id\":\"https:\\\/\\\/www.meydan.tv\\\/az\\\/article\\\/iran-serheddindeki-sorgu-sual\\\/#primaryimage\",\"url\":\"https:\\\/\\\/www.meydan.tv\\\/wp-content\\\/uploads\\\/17228.jpg\",\"contentUrl\":\"https:\\\/\\\/www.meydan.tv\\\/wp-content\\\/uploads\\\/17228.jpg\",\"width\":500,\"height\":500,\"caption\":\"Source:\"},{\"@type\":\"BreadcrumbList\",\"@id\":\"https:\\\/\\\/www.meydan.tv\\\/az\\\/article\\\/iran-serheddindeki-sorgu-sual\\\/#breadcrumb\",\"itemListElement\":[{\"@type\":\"ListItem\",\"position\":1,\"name\":\"Ana s\u0259hif\u0259\",\"item\":\"https:\\\/\\\/www.meydan.tv\\\/az\\\/\"},{\"@type\":\"ListItem\",\"position\":2,\"name\":\"M\u0259nim Fikrimc\u0259\",\"item\":\"https:\\\/\\\/www.meydan.tv\\\/az\\\/section\\\/menim-fikrimce\\\/\"},{\"@type\":\"ListItem\",\"position\":3,\"name\":\"\u0130ran s\u0259rh\u0259ddind\u0259ki sor\u011fu-sual\"}]},{\"@type\":\"WebSite\",\"@id\":\"https:\\\/\\\/www.meydan.tv\\\/az\\\/#website\",\"url\":\"https:\\\/\\\/www.meydan.tv\\\/az\\\/\",\"name\":\"MEYDAN.TV\",\"description\":\"Meydan TV Az\u0259rbaycan\u0131n media m\u0259kan\u0131ndak\u0131 alternativ s\u0259sidir\",\"publisher\":{\"@id\":\"https:\\\/\\\/www.meydan.tv\\\/az\\\/#organization\"},\"potentialAction\":[{\"@type\":\"SearchAction\",\"target\":{\"@type\":\"EntryPoint\",\"urlTemplate\":\"https:\\\/\\\/www.meydan.tv\\\/az\\\/?s={search_term_string}\"},\"query-input\":{\"@type\":\"PropertyValueSpecification\",\"valueRequired\":true,\"valueName\":\"search_term_string\"}}],\"inLanguage\":\"az\"},{\"@type\":\"Organization\",\"@id\":\"https:\\\/\\\/www.meydan.tv\\\/az\\\/#organization\",\"name\":\"Meydan TV\",\"url\":\"https:\\\/\\\/www.meydan.tv\\\/az\\\/\",\"logo\":{\"@type\":\"ImageObject\",\"inLanguage\":\"az\",\"@id\":\"https:\\\/\\\/www.meydan.tv\\\/az\\\/#\\\/schema\\\/logo\\\/image\\\/\",\"url\":\"https:\\\/\\\/www.meydan.tv\\\/wp-content\\\/uploads\\\/2021\\\/07\\\/meydan-logo.svg\",\"contentUrl\":\"https:\\\/\\\/www.meydan.tv\\\/wp-content\\\/uploads\\\/2021\\\/07\\\/meydan-logo.svg\",\"width\":195,\"height\":46,\"caption\":\"Meydan TV\"},\"image\":{\"@id\":\"https:\\\/\\\/www.meydan.tv\\\/az\\\/#\\\/schema\\\/logo\\\/image\\\/\"}},{\"@type\":\"Person\",\"@id\":\"https:\\\/\\\/www.meydan.tv\\\/az\\\/#\\\/schema\\\/person\\\/10d11eccf6da3662cf5fdab9806ea91a\",\"name\":\"user-manager\"}]}<\/script>\n<!-- \/ Yoast SEO plugin. -->","yoast_head_json":{"title":"\u0130ran s\u0259rh\u0259ddind\u0259ki sor\u011fu-sual - MEYDAN.TV","robots":{"index":"index","follow":"follow","max-snippet":"max-snippet:-1","max-image-preview":"max-image-preview:large","max-video-preview":"max-video-preview:-1"},"canonical":"https:\/\/www.meydan.tv\/az\/article\/iran-serheddindeki-sorgu-sual\/","og_locale":"az_AZ","og_type":"article","og_title":"\u0130ran s\u0259rh\u0259ddind\u0259ki sor\u011fu-sual - MEYDAN.TV","og_description":"\u018fb\u0259di d\u00fc\u015fm\u0259n obraz\u0131","og_url":"https:\/\/www.meydan.tv\/az\/article\/iran-serheddindeki-sorgu-sual\/","og_site_name":"MEYDAN.TV","article_published_time":"2016-01-24T00:33:15+00:00","og_image":[{"width":500,"height":500,"url":"https:\/\/www.meydan.tv\/wp-content\/uploads\/17228.jpg","type":"image\/jpeg"}],"author":"user-manager","twitter_card":"summary_large_image","schema":{"@context":"https:\/\/schema.org","@graph":[{"@type":"Article","@id":"https:\/\/www.meydan.tv\/az\/article\/iran-serheddindeki-sorgu-sual\/#article","isPartOf":{"@id":"https:\/\/www.meydan.tv\/az\/article\/iran-serheddindeki-sorgu-sual\/"},"author":{"name":"user-manager","@id":"https:\/\/www.meydan.tv\/az\/#\/schema\/person\/10d11eccf6da3662cf5fdab9806ea91a"},"headline":"\u0130ran s\u0259rh\u0259ddind\u0259ki sor\u011fu-sual","datePublished":"2016-01-24T00:33:15+00:00","mainEntityOfPage":{"@id":"https:\/\/www.meydan.tv\/az\/article\/iran-serheddindeki-sorgu-sual\/"},"wordCount":1423,"publisher":{"@id":"https:\/\/www.meydan.tv\/az\/#organization"},"image":{"@id":"https:\/\/www.meydan.tv\/az\/article\/iran-serheddindeki-sorgu-sual\/#primaryimage"},"thumbnailUrl":"https:\/\/www.meydan.tv\/wp-content\/uploads\/17228.jpg","articleSection":["M\u0259nim Fikrimc\u0259"],"inLanguage":"az"},{"@type":"WebPage","@id":"https:\/\/www.meydan.tv\/az\/article\/iran-serheddindeki-sorgu-sual\/","url":"https:\/\/www.meydan.tv\/az\/article\/iran-serheddindeki-sorgu-sual\/","name":"\u0130ran s\u0259rh\u0259ddind\u0259ki sor\u011fu-sual - MEYDAN.TV","isPartOf":{"@id":"https:\/\/www.meydan.tv\/az\/#website"},"primaryImageOfPage":{"@id":"https:\/\/www.meydan.tv\/az\/article\/iran-serheddindeki-sorgu-sual\/#primaryimage"},"image":{"@id":"https:\/\/www.meydan.tv\/az\/article\/iran-serheddindeki-sorgu-sual\/#primaryimage"},"thumbnailUrl":"https:\/\/www.meydan.tv\/wp-content\/uploads\/17228.jpg","datePublished":"2016-01-24T00:33:15+00:00","breadcrumb":{"@id":"https:\/\/www.meydan.tv\/az\/article\/iran-serheddindeki-sorgu-sual\/#breadcrumb"},"inLanguage":"az","potentialAction":[{"@type":"ReadAction","target":["https:\/\/www.meydan.tv\/az\/article\/iran-serheddindeki-sorgu-sual\/"]}]},{"@type":"ImageObject","inLanguage":"az","@id":"https:\/\/www.meydan.tv\/az\/article\/iran-serheddindeki-sorgu-sual\/#primaryimage","url":"https:\/\/www.meydan.tv\/wp-content\/uploads\/17228.jpg","contentUrl":"https:\/\/www.meydan.tv\/wp-content\/uploads\/17228.jpg","width":500,"height":500,"caption":"Source:"},{"@type":"BreadcrumbList","@id":"https:\/\/www.meydan.tv\/az\/article\/iran-serheddindeki-sorgu-sual\/#breadcrumb","itemListElement":[{"@type":"ListItem","position":1,"name":"Ana s\u0259hif\u0259","item":"https:\/\/www.meydan.tv\/az\/"},{"@type":"ListItem","position":2,"name":"M\u0259nim Fikrimc\u0259","item":"https:\/\/www.meydan.tv\/az\/section\/menim-fikrimce\/"},{"@type":"ListItem","position":3,"name":"\u0130ran s\u0259rh\u0259ddind\u0259ki sor\u011fu-sual"}]},{"@type":"WebSite","@id":"https:\/\/www.meydan.tv\/az\/#website","url":"https:\/\/www.meydan.tv\/az\/","name":"MEYDAN.TV","description":"Meydan TV Az\u0259rbaycan\u0131n media m\u0259kan\u0131ndak\u0131 alternativ s\u0259sidir","publisher":{"@id":"https:\/\/www.meydan.tv\/az\/#organization"},"potentialAction":[{"@type":"SearchAction","target":{"@type":"EntryPoint","urlTemplate":"https:\/\/www.meydan.tv\/az\/?s={search_term_string}"},"query-input":{"@type":"PropertyValueSpecification","valueRequired":true,"valueName":"search_term_string"}}],"inLanguage":"az"},{"@type":"Organization","@id":"https:\/\/www.meydan.tv\/az\/#organization","name":"Meydan TV","url":"https:\/\/www.meydan.tv\/az\/","logo":{"@type":"ImageObject","inLanguage":"az","@id":"https:\/\/www.meydan.tv\/az\/#\/schema\/logo\/image\/","url":"https:\/\/www.meydan.tv\/wp-content\/uploads\/2021\/07\/meydan-logo.svg","contentUrl":"https:\/\/www.meydan.tv\/wp-content\/uploads\/2021\/07\/meydan-logo.svg","width":195,"height":46,"caption":"Meydan TV"},"image":{"@id":"https:\/\/www.meydan.tv\/az\/#\/schema\/logo\/image\/"}},{"@type":"Person","@id":"https:\/\/www.meydan.tv\/az\/#\/schema\/person\/10d11eccf6da3662cf5fdab9806ea91a","name":"user-manager"}]}},"_links":{"self":[{"href":"https:\/\/www.meydan.tv\/az\/wp-json\/wp\/v2\/posts\/173036","targetHints":{"allow":["GET"]}}],"collection":[{"href":"https:\/\/www.meydan.tv\/az\/wp-json\/wp\/v2\/posts"}],"about":[{"href":"https:\/\/www.meydan.tv\/az\/wp-json\/wp\/v2\/types\/post"}],"author":[{"embeddable":true,"href":"https:\/\/www.meydan.tv\/az\/wp-json\/wp\/v2\/users\/11"}],"replies":[{"embeddable":true,"href":"https:\/\/www.meydan.tv\/az\/wp-json\/wp\/v2\/comments?post=173036"}],"version-history":[{"count":0,"href":"https:\/\/www.meydan.tv\/az\/wp-json\/wp\/v2\/posts\/173036\/revisions"}],"wp:featuredmedia":[{"embeddable":true,"href":"https:\/\/www.meydan.tv\/az\/wp-json\/wp\/v2\/media\/46014"}],"wp:attachment":[{"href":"https:\/\/www.meydan.tv\/az\/wp-json\/wp\/v2\/media?parent=173036"}],"wp:term":[{"taxonomy":"category","embeddable":true,"href":"https:\/\/www.meydan.tv\/az\/wp-json\/wp\/v2\/categories?post=173036"},{"taxonomy":"post_tag","embeddable":true,"href":"https:\/\/www.meydan.tv\/az\/wp-json\/wp\/v2\/tags?post=173036"}],"curies":[{"name":"wp","href":"https:\/\/api.w.org\/{rel}","templated":true}]}}