{"id":173031,"date":"2016-01-23T18:04:33","date_gmt":"2016-01-23T18:04:33","guid":{"rendered":"https:\/\/www.meydan.tv\/article\/men-her-seyi-gordum\/"},"modified":"2016-01-23T18:04:33","modified_gmt":"2016-01-23T18:04:33","slug":"men-her-seyi-gordum","status":"publish","type":"post","link":"https:\/\/www.meydan.tv\/az\/article\/men-her-seyi-gordum\/","title":{"rendered":"M\u0259n h\u0259r \u015feyi g\u00f6rd\u00fcm!"},"content":{"rendered":"<figure class=\"wp-block-image size-large\">\n  <img decoding=\"async\" src=\"https:\/\/www.meydan.tv\/az\/45999\/\" alt=\"\" class=\"wp-image-45999\"\/><figcaption><\/figcaption><\/figure>\n<figure class=\"wp-block-image size-large\">\n  <img decoding=\"async\" src=\"https:\/\/www.meydan.tv\/az\/45993\/\" alt=\"\" class=\"wp-image-45993\"\/><figcaption><\/figcaption><\/figure>\n<p>\n  <i><br \/>\n    <b><br \/>\n      \u018fziz dostlar, qarda\u015flar, bac\u0131lar, h\u0259mkarlar, yolda\u015flar, sevgili mill\u0259t, uca xalq\u0131m!<br \/>\n    <\/b><br \/>\n  <\/i>\n<\/p>\n<p>\n  <i><br \/>\n    <b><br \/>\n      M\u0259ni t\u0259brik edin l\u00fctf\u0259n, h\u0259yat\u0131mda \u0259n b\u00f6y\u00fck h\u0259diyy\u0259mi ald\u0131m!<br \/>\n    <\/b><br \/>\n  <\/i>\n<\/p>\n<p>\n  <i><br \/>\n    <b><br \/>\n      \u00c7\u00fcnki m\u0259n &#8211; g\u0259ncliyim\u0259 qay\u0131tm\u0131\u015fam!<br \/>\n    <\/b><br \/>\n  <\/i>\n<\/p>\n<p>\n  <i><br \/>\n    <b><br \/>\n      U\u015faql\u0131\u011f\u0131mda Zeyn\u0259b Xanlarovan\u0131n ifas\u0131nda Oqtay Kaz\u0131movun &#8220;Hara getdi cavanl\u0131\u011f\u0131m&#8221; mahn\u0131s\u0131n\u0131 dinl\u0259yib gah g\u00fcl\u00fcrd\u00fcm (\u0259sas da klarnet\u00e7inin solosunda &#8211; n\u0259 qanayd\u0131m ondak\u0131 hikm\u0259ti!), gah da mat-mat bax\u0131rd\u0131m. N\u0259 bil\u0259ydim, ba\u015f\u0131ma n\u0259 g\u0259l\u0259c\u0259k&#8230;<br \/>\n    <\/b><br \/>\n  <\/i>\n<\/p>\n<p>\n  Bizim n\u0259slin g\u0259ncliyi 90-c\u0131 ill\u0259r\u0259 d\u00fc\u015fd\u00fc &#8211; bir kef idi, bir h\u0259ngam\u0259 idi, g\u0259l g\u00f6r\u0259s\u0259n. Sovetin bir ba\u015f naziri vard\u0131, Pavlov, dem\u0259k qarda\u015f rublun it g\u00fcn\u00fcn\u0259 d\u00fc\u015fm\u0259sind\u0259n sonra demi\u015fdi ki, ham\u0131ya &#8220;t\u0259s\u0259lli&#8221; kimi \u00fcstd\u0259n 60 rubl ver\u0259c\u0259k. Camaata &#8220;prikol tutmaq&#8221; daha nec\u0259 olur \u2013 bax, ondan.\n<\/p>\n<p>\n  Yeni il \u00f6nc\u0259si v\u0259 b\u00fct\u00fcn indi g\u00f6rd\u00fckl\u0259rimiz ham\u0131s\u0131 o q\u0259bild\u0259ndir. Nazirlikl\u0259rin ad\u0131 sanki sirkd\u0259 g\u00f6zba\u011flay\u0131c\u0131 tutuqu\u015fu-zad f\u0131rladan kimi f\u0131rlad\u0131l\u0131r, maa\u015flar 10 AZN art\u0131r\u0131l\u0131r, televizordak\u0131lar da a\u011f\u0131ll\u0131-a\u011f\u0131ll\u0131 deyir &#8220;bu d\u00fcnya krizisid\u00fc, n\u0259 qan\u0131rs\u0131z siz, geosiyas\u0259t z\u0131rt-z\u0131rt-p\u0131rt edir, siz qanmazs\u0131z m\u0131n\u0131&#8221;, bir dahi yazar da \u0259jdaha kimi m\u0259sl\u0259h\u0259t verdi ki, &#8220;gedin, so\u011fan \u0259kin&#8221;. Deyirl\u0259r ki, valyuta da art\u0131q qara bazarlarda sat\u0131lma\u011fa ke\u00e7\u0259c\u0259k, bax onda d\u0259qiq, konkret 90-c\u0131 ill\u0259r\u0259 qay\u0131dacay\u0131q, lap m\u0259nim g\u0259ncliyim\u0259!\n<\/p>\n<p>\n  Yad\u0131ma 1992-ci ilin q\u0131\u015f\u0131 g\u0259lir, dostlar\u0131m\u0131zdan biri, valtornist A\u011fa\u015fka var idi, adam opera teatr\u0131nda valtorna \u00e7al\u0131rd\u0131, m\u0259\u015fql\u0259rd\u0259n d\u0259 k\u0259nar Malankan ba\u011f\u0131nda b\u0259dheyb\u0259t-b\u0259dheyb\u0259t &#8220;rus pulu, dollar, rus pulu, dollar&#8221; deyib\u0259n n\u0259rild\u0259y\u0259n puld\u0259yi\u015f\u0259nl\u0259r\u0259 qo\u015fulur, birt\u0259h\u0259r v\u0259ziyy\u0259td\u0259n \u00e7\u0131xmaq ist\u0259yirdi. Bir d\u0259f\u0259 bu A\u011fa\u015fkan\u0131 da &#8220;atd\u0131lar&#8221;, kims\u0259 100$ al\u0131b yerin\u0259 1$ vermi\u015fdi. Bu m\u00fcsib\u0259t\u0259 y\u0131\u011f\u0131\u015fan bir d\u0259st\u0259 musiqi\u00e7i aras\u0131ndan bir ya\u015fl\u0131 m\u00fcdrikin ona: &#8220;ax\u0131 s\u0259nin onnarnan n\u0259 i\u015f\u00fcn vardu ki, ax\u0131runda b\u0259l\u0259n\u00e7ik olsun, ay A\u011fa? Beg\u0259m ora s\u0259n\u00fcn yer\u00fcnd\u00fc?&#8221; &#8211; k\u0259lm\u0259l\u0259ri indiy\u0259 kimi xatirimd\u0259 qald\u0131.\n<\/p>\n<p>\n  \u0130ndi n\u0259 ed\u0259k, 25 ild\u0259n sonra durub 9 milyonluq camaata da h\u0259min bu s\u00f6zl\u0259ri t\u0259krar ed\u0259k, yoxsa neyn\u0259y\u0259k? Ax\u0131 do\u011frudan da, bizim ham\u0131m\u0131z\u0131n &#8220;onnarnan n\u0259 i\u015fimiz vard\u0131 ki, ax\u0131r\u0131nda da b\u0259l\u0259n\u00e7ik olsun? Beg\u0259m ora bizim yerimizdi?&#8221;<br \/>\n  <br \/>\n  Amma he\u00e7 dem\u0259yin ki, bu ill\u0259r \u0259b\u0259s gedib, \u0259sla \u0259b\u0259s getm\u0259di bu ill\u0259r.\n<\/p>\n<p>\n  Vallah ham\u0131s\u0131n\u0131, n\u0259 laz\u0131md\u0131sa ham\u0131s\u0131 g\u00f6zl\u0259rimizl\u0259 g\u00f6rd\u00fck, ax\u0131 g\u00f6z\u00fcyl\u0259 g\u00f6rm\u0259y\u0259n ibr\u0259t g\u00f6t\u00fcrm\u0259z, bel\u0259 demirdi q\u0259dim-m\u00fcdrik kitablar?\n<\/p>\n<p>\n  Bu ill\u0259r \u0259rzind\u0259 \u015f\u0259xs\u0259n m\u0259n h\u0259yat\u0131m\u0131 \u00e7ox dol\u011fun ya\u015fad\u0131m &#8211; dey\u0259 bil\u0259r\u0259m.\n<\/p>\n<p>\n  \u00c7\u00fcnki b\u0259dii \u0259s\u0259rl\u0259rd\u0259ki, filml\u0259rd\u0259, \u0259d\u0259biyyatda, operalardak\u0131 personajlar\u0131 g\u00f6zl\u0259riml\u0259 g\u00f6rd\u00fcm.\n<\/p>\n<p>\n  M\u0259n Stalin vaxt\u0131 &#8220;donos&#8221; yazanlar\u0131n nec\u0259 tip oldu\u011funu da g\u00f6zl\u0259riml\u0259 g\u00f6rd\u00fcm.\n<\/p>\n<p>\n  M\u0259n y\u0259hudil\u0259ri Gestapoya t\u0259hvil ver\u0259nl\u0259rin kim oldu\u011funu g\u00f6zl\u0259riml\u0259 g\u00f6rd\u00fcm.\n<\/p>\n<p>\n  M\u0259n &#8220;Gargantua v\u0259 Pantagruel&#8221;in q\u0259hr\u0259manlar\u0131n\u0131n da kiml\u0259r oldu\u011funu g\u00f6zl\u0259riml\u0259 g\u00f6rd\u00fcm.\n<\/p>\n<p>\n  M\u0259n orta \u0259srl\u0259rd\u0259ki c\u0259llad\u0131n, inkvizisiyan\u0131n da nec\u0259 ba\u015f verdiyini g\u00f6rd\u00fcm.\n<\/p>\n<p>\n  M\u0259n &#8220;Don Kixota&#8221; g\u00fcl\u0259nl\u0259rin d\u0259 kim oldu\u011funu g\u00f6zl\u0259riml\u0259 g\u00f6rd\u00fcm.\n<\/p>\n<p>\n  Mopassan\u0131n &#8220;Eyb\u0259c\u0259rl\u0259r anas\u0131&#8221; \u0259s\u0259rind\u0259ki o qad\u0131n\u0131 da, onun korsetind\u0259n \u0259yilib, \u0259yi\u015f-\u00fcy\u00fc\u015f olub \u00e7\u0131xm\u0131\u015f u\u015faqlar\u0131n da kim oldu\u011funu da g\u00f6zl\u0259riml\u0259 g\u00f6rd\u00fcm.\n<\/p>\n<p>\n  Konslagerl\u0259rd\u0259 qaz kameralar\u0131n\u0131n qap\u0131s\u0131n\u0131 kilidl\u0259yib, z\u0259h\u0259rli qaz d\u0259st\u0259yini buranlar\u0131 da g\u00f6zl\u0259riml\u0259 g\u00f6rd\u00fcm.\n<\/p>\n<p>\n  Bunuelin &#8220;Burjuaziyan\u0131n x\u0259fif cazib\u0259si&#8221; filminin hadis\u0259l\u0259rinin nec\u0259 ba\u015f verdiyinin d\u0259 \u015fahidi oldum.\n<\/p>\n<p>\n  Pasolinin filmind\u0259ki Na\u011f\u0131lbaz xan\u0131m\u0131 is\u0259 TV-d\u0259 ham\u0131m\u0131z g\u00f6zl\u0259rimizl\u0259 h\u0259r g\u00fcn g\u00f6r\u00fcr\u00fck.\n<\/p>\n<p>\n  Can\u0131m, insan daha xo\u015fb\u0259xt olmaq \u00fc\u00e7\u00fcn h\u0259yatda yen\u0259 d\u0259 n\u0259l\u0259rs\u0259 g\u00f6rm\u0259lidir ki?\n<\/p>\n<p>\n  <b><br \/>\n    P.S. H\u0259z\u0259rat, s\u0259n can\u0131, m\u0259ni qorxutmay\u0131n, y\u0259ni \u0259g\u0259r bundan sonra da g\u00f6r\u0259c\u0259kl\u0259rimiz varsa, indid\u0259n deyin bilim, b\u00fct\u00fcn m\u00fcq\u0259dd\u0259sl\u0259r\u0259 and verir\u0259m sizi. M\u0259\u015fhur sitatda deyildiyi kimi &#8220;niy\u0259 m\u0259ni yaz\u0131\u011f eliyirs\u0259n?&#8221;<br \/>\n  <\/b>\n<\/p>\n<p>\n  <b><br \/>\n    Yaz\u0131 m\u00fc\u0259llifin \u015f\u0259xsi m\u00f6vqeyini \u0259ks etdirir&#8230;<br \/>\n  <\/b><\/p>\n","protected":false},"excerpt":{"rendered":"<p>\u00d6z g\u00f6zl\u0259riml\u0259 g\u00f6rd\u00fcm!<\/p>\n","protected":false},"author":11,"featured_media":45999,"comment_status":"closed","ping_status":"open","sticky":false,"template":"","format":"standard","meta":{"_acf_changed":false,"_sitemap_exclude":false,"_sitemap_priority":"","_sitemap_frequency":"","footnotes":""},"categories":[57],"tags":[],"class_list":["post-173031","post","type-post","status-publish","format-standard","has-post-thumbnail","hentry","category-menim-fikrimce","infinite-scroll-item","generate-columns","tablet-grid-50","mobile-grid-100","grid-parent","grid-33","no-featured-image-padding"],"acf":[],"yoast_head":"<!-- This site is optimized with the Yoast SEO plugin v27.5 - https:\/\/yoast.com\/product\/yoast-seo-wordpress\/ -->\n<title>M\u0259n h\u0259r \u015feyi g\u00f6rd\u00fcm! - MEYDAN.TV<\/title>\n<meta name=\"robots\" content=\"index, follow, max-snippet:-1, max-image-preview:large, max-video-preview:-1\" \/>\n<link rel=\"canonical\" href=\"https:\/\/www.meydan.tv\/az\/article\/men-her-seyi-gordum\/\" \/>\n<meta property=\"og:locale\" content=\"az_AZ\" \/>\n<meta property=\"og:type\" content=\"article\" \/>\n<meta property=\"og:title\" content=\"M\u0259n h\u0259r \u015feyi g\u00f6rd\u00fcm! - MEYDAN.TV\" \/>\n<meta property=\"og:description\" content=\"\u00d6z g\u00f6zl\u0259riml\u0259 g\u00f6rd\u00fcm!\" \/>\n<meta property=\"og:url\" content=\"https:\/\/www.meydan.tv\/az\/article\/men-her-seyi-gordum\/\" \/>\n<meta property=\"og:site_name\" content=\"MEYDAN.TV\" \/>\n<meta property=\"article:published_time\" content=\"2016-01-23T18:04:33+00:00\" \/>\n<meta property=\"og:image\" content=\"https:\/\/www.meydan.tv\/wp-content\/uploads\/17222.jpg\" \/>\n\t<meta property=\"og:image:width\" content=\"500\" \/>\n\t<meta property=\"og:image:height\" content=\"500\" \/>\n\t<meta property=\"og:image:type\" content=\"image\/jpeg\" \/>\n<meta name=\"author\" content=\"user-manager\" \/>\n<meta name=\"twitter:card\" content=\"summary_large_image\" \/>\n<script type=\"application\/ld+json\" class=\"yoast-schema-graph\">{\"@context\":\"https:\\\/\\\/schema.org\",\"@graph\":[{\"@type\":\"Article\",\"@id\":\"https:\\\/\\\/www.meydan.tv\\\/az\\\/article\\\/men-her-seyi-gordum\\\/#article\",\"isPartOf\":{\"@id\":\"https:\\\/\\\/www.meydan.tv\\\/az\\\/article\\\/men-her-seyi-gordum\\\/\"},\"author\":{\"name\":\"user-manager\",\"@id\":\"https:\\\/\\\/www.meydan.tv\\\/az\\\/#\\\/schema\\\/person\\\/10d11eccf6da3662cf5fdab9806ea91a\"},\"headline\":\"M\u0259n h\u0259r \u015feyi g\u00f6rd\u00fcm!\",\"datePublished\":\"2016-01-23T18:04:33+00:00\",\"mainEntityOfPage\":{\"@id\":\"https:\\\/\\\/www.meydan.tv\\\/az\\\/article\\\/men-her-seyi-gordum\\\/\"},\"wordCount\":860,\"publisher\":{\"@id\":\"https:\\\/\\\/www.meydan.tv\\\/az\\\/#organization\"},\"image\":{\"@id\":\"https:\\\/\\\/www.meydan.tv\\\/az\\\/article\\\/men-her-seyi-gordum\\\/#primaryimage\"},\"thumbnailUrl\":\"https:\\\/\\\/www.meydan.tv\\\/wp-content\\\/uploads\\\/17222.jpg\",\"articleSection\":[\"M\u0259nim Fikrimc\u0259\"],\"inLanguage\":\"az\"},{\"@type\":\"WebPage\",\"@id\":\"https:\\\/\\\/www.meydan.tv\\\/az\\\/article\\\/men-her-seyi-gordum\\\/\",\"url\":\"https:\\\/\\\/www.meydan.tv\\\/az\\\/article\\\/men-her-seyi-gordum\\\/\",\"name\":\"M\u0259n h\u0259r \u015feyi g\u00f6rd\u00fcm! - MEYDAN.TV\",\"isPartOf\":{\"@id\":\"https:\\\/\\\/www.meydan.tv\\\/az\\\/#website\"},\"primaryImageOfPage\":{\"@id\":\"https:\\\/\\\/www.meydan.tv\\\/az\\\/article\\\/men-her-seyi-gordum\\\/#primaryimage\"},\"image\":{\"@id\":\"https:\\\/\\\/www.meydan.tv\\\/az\\\/article\\\/men-her-seyi-gordum\\\/#primaryimage\"},\"thumbnailUrl\":\"https:\\\/\\\/www.meydan.tv\\\/wp-content\\\/uploads\\\/17222.jpg\",\"datePublished\":\"2016-01-23T18:04:33+00:00\",\"breadcrumb\":{\"@id\":\"https:\\\/\\\/www.meydan.tv\\\/az\\\/article\\\/men-her-seyi-gordum\\\/#breadcrumb\"},\"inLanguage\":\"az\",\"potentialAction\":[{\"@type\":\"ReadAction\",\"target\":[\"https:\\\/\\\/www.meydan.tv\\\/az\\\/article\\\/men-her-seyi-gordum\\\/\"]}]},{\"@type\":\"ImageObject\",\"inLanguage\":\"az\",\"@id\":\"https:\\\/\\\/www.meydan.tv\\\/az\\\/article\\\/men-her-seyi-gordum\\\/#primaryimage\",\"url\":\"https:\\\/\\\/www.meydan.tv\\\/wp-content\\\/uploads\\\/17222.jpg\",\"contentUrl\":\"https:\\\/\\\/www.meydan.tv\\\/wp-content\\\/uploads\\\/17222.jpg\",\"width\":500,\"height\":500,\"caption\":\"Source:\"},{\"@type\":\"BreadcrumbList\",\"@id\":\"https:\\\/\\\/www.meydan.tv\\\/az\\\/article\\\/men-her-seyi-gordum\\\/#breadcrumb\",\"itemListElement\":[{\"@type\":\"ListItem\",\"position\":1,\"name\":\"Ana s\u0259hif\u0259\",\"item\":\"https:\\\/\\\/www.meydan.tv\\\/az\\\/\"},{\"@type\":\"ListItem\",\"position\":2,\"name\":\"M\u0259nim Fikrimc\u0259\",\"item\":\"https:\\\/\\\/www.meydan.tv\\\/az\\\/section\\\/menim-fikrimce\\\/\"},{\"@type\":\"ListItem\",\"position\":3,\"name\":\"M\u0259n h\u0259r \u015feyi g\u00f6rd\u00fcm!\"}]},{\"@type\":\"WebSite\",\"@id\":\"https:\\\/\\\/www.meydan.tv\\\/az\\\/#website\",\"url\":\"https:\\\/\\\/www.meydan.tv\\\/az\\\/\",\"name\":\"MEYDAN.TV\",\"description\":\"Meydan TV Az\u0259rbaycan\u0131n media m\u0259kan\u0131ndak\u0131 alternativ s\u0259sidir\",\"publisher\":{\"@id\":\"https:\\\/\\\/www.meydan.tv\\\/az\\\/#organization\"},\"potentialAction\":[{\"@type\":\"SearchAction\",\"target\":{\"@type\":\"EntryPoint\",\"urlTemplate\":\"https:\\\/\\\/www.meydan.tv\\\/az\\\/?s={search_term_string}\"},\"query-input\":{\"@type\":\"PropertyValueSpecification\",\"valueRequired\":true,\"valueName\":\"search_term_string\"}}],\"inLanguage\":\"az\"},{\"@type\":\"Organization\",\"@id\":\"https:\\\/\\\/www.meydan.tv\\\/az\\\/#organization\",\"name\":\"Meydan TV\",\"url\":\"https:\\\/\\\/www.meydan.tv\\\/az\\\/\",\"logo\":{\"@type\":\"ImageObject\",\"inLanguage\":\"az\",\"@id\":\"https:\\\/\\\/www.meydan.tv\\\/az\\\/#\\\/schema\\\/logo\\\/image\\\/\",\"url\":\"https:\\\/\\\/www.meydan.tv\\\/wp-content\\\/uploads\\\/2021\\\/07\\\/meydan-logo.svg\",\"contentUrl\":\"https:\\\/\\\/www.meydan.tv\\\/wp-content\\\/uploads\\\/2021\\\/07\\\/meydan-logo.svg\",\"width\":195,\"height\":46,\"caption\":\"Meydan TV\"},\"image\":{\"@id\":\"https:\\\/\\\/www.meydan.tv\\\/az\\\/#\\\/schema\\\/logo\\\/image\\\/\"}},{\"@type\":\"Person\",\"@id\":\"https:\\\/\\\/www.meydan.tv\\\/az\\\/#\\\/schema\\\/person\\\/10d11eccf6da3662cf5fdab9806ea91a\",\"name\":\"user-manager\"}]}<\/script>\n<!-- \/ Yoast SEO plugin. -->","yoast_head_json":{"title":"M\u0259n h\u0259r \u015feyi g\u00f6rd\u00fcm! - MEYDAN.TV","robots":{"index":"index","follow":"follow","max-snippet":"max-snippet:-1","max-image-preview":"max-image-preview:large","max-video-preview":"max-video-preview:-1"},"canonical":"https:\/\/www.meydan.tv\/az\/article\/men-her-seyi-gordum\/","og_locale":"az_AZ","og_type":"article","og_title":"M\u0259n h\u0259r \u015feyi g\u00f6rd\u00fcm! - MEYDAN.TV","og_description":"\u00d6z g\u00f6zl\u0259riml\u0259 g\u00f6rd\u00fcm!","og_url":"https:\/\/www.meydan.tv\/az\/article\/men-her-seyi-gordum\/","og_site_name":"MEYDAN.TV","article_published_time":"2016-01-23T18:04:33+00:00","og_image":[{"width":500,"height":500,"url":"https:\/\/www.meydan.tv\/wp-content\/uploads\/17222.jpg","type":"image\/jpeg"}],"author":"user-manager","twitter_card":"summary_large_image","schema":{"@context":"https:\/\/schema.org","@graph":[{"@type":"Article","@id":"https:\/\/www.meydan.tv\/az\/article\/men-her-seyi-gordum\/#article","isPartOf":{"@id":"https:\/\/www.meydan.tv\/az\/article\/men-her-seyi-gordum\/"},"author":{"name":"user-manager","@id":"https:\/\/www.meydan.tv\/az\/#\/schema\/person\/10d11eccf6da3662cf5fdab9806ea91a"},"headline":"M\u0259n h\u0259r \u015feyi g\u00f6rd\u00fcm!","datePublished":"2016-01-23T18:04:33+00:00","mainEntityOfPage":{"@id":"https:\/\/www.meydan.tv\/az\/article\/men-her-seyi-gordum\/"},"wordCount":860,"publisher":{"@id":"https:\/\/www.meydan.tv\/az\/#organization"},"image":{"@id":"https:\/\/www.meydan.tv\/az\/article\/men-her-seyi-gordum\/#primaryimage"},"thumbnailUrl":"https:\/\/www.meydan.tv\/wp-content\/uploads\/17222.jpg","articleSection":["M\u0259nim Fikrimc\u0259"],"inLanguage":"az"},{"@type":"WebPage","@id":"https:\/\/www.meydan.tv\/az\/article\/men-her-seyi-gordum\/","url":"https:\/\/www.meydan.tv\/az\/article\/men-her-seyi-gordum\/","name":"M\u0259n h\u0259r \u015feyi g\u00f6rd\u00fcm! - MEYDAN.TV","isPartOf":{"@id":"https:\/\/www.meydan.tv\/az\/#website"},"primaryImageOfPage":{"@id":"https:\/\/www.meydan.tv\/az\/article\/men-her-seyi-gordum\/#primaryimage"},"image":{"@id":"https:\/\/www.meydan.tv\/az\/article\/men-her-seyi-gordum\/#primaryimage"},"thumbnailUrl":"https:\/\/www.meydan.tv\/wp-content\/uploads\/17222.jpg","datePublished":"2016-01-23T18:04:33+00:00","breadcrumb":{"@id":"https:\/\/www.meydan.tv\/az\/article\/men-her-seyi-gordum\/#breadcrumb"},"inLanguage":"az","potentialAction":[{"@type":"ReadAction","target":["https:\/\/www.meydan.tv\/az\/article\/men-her-seyi-gordum\/"]}]},{"@type":"ImageObject","inLanguage":"az","@id":"https:\/\/www.meydan.tv\/az\/article\/men-her-seyi-gordum\/#primaryimage","url":"https:\/\/www.meydan.tv\/wp-content\/uploads\/17222.jpg","contentUrl":"https:\/\/www.meydan.tv\/wp-content\/uploads\/17222.jpg","width":500,"height":500,"caption":"Source:"},{"@type":"BreadcrumbList","@id":"https:\/\/www.meydan.tv\/az\/article\/men-her-seyi-gordum\/#breadcrumb","itemListElement":[{"@type":"ListItem","position":1,"name":"Ana s\u0259hif\u0259","item":"https:\/\/www.meydan.tv\/az\/"},{"@type":"ListItem","position":2,"name":"M\u0259nim Fikrimc\u0259","item":"https:\/\/www.meydan.tv\/az\/section\/menim-fikrimce\/"},{"@type":"ListItem","position":3,"name":"M\u0259n h\u0259r \u015feyi g\u00f6rd\u00fcm!"}]},{"@type":"WebSite","@id":"https:\/\/www.meydan.tv\/az\/#website","url":"https:\/\/www.meydan.tv\/az\/","name":"MEYDAN.TV","description":"Meydan TV Az\u0259rbaycan\u0131n media m\u0259kan\u0131ndak\u0131 alternativ s\u0259sidir","publisher":{"@id":"https:\/\/www.meydan.tv\/az\/#organization"},"potentialAction":[{"@type":"SearchAction","target":{"@type":"EntryPoint","urlTemplate":"https:\/\/www.meydan.tv\/az\/?s={search_term_string}"},"query-input":{"@type":"PropertyValueSpecification","valueRequired":true,"valueName":"search_term_string"}}],"inLanguage":"az"},{"@type":"Organization","@id":"https:\/\/www.meydan.tv\/az\/#organization","name":"Meydan TV","url":"https:\/\/www.meydan.tv\/az\/","logo":{"@type":"ImageObject","inLanguage":"az","@id":"https:\/\/www.meydan.tv\/az\/#\/schema\/logo\/image\/","url":"https:\/\/www.meydan.tv\/wp-content\/uploads\/2021\/07\/meydan-logo.svg","contentUrl":"https:\/\/www.meydan.tv\/wp-content\/uploads\/2021\/07\/meydan-logo.svg","width":195,"height":46,"caption":"Meydan TV"},"image":{"@id":"https:\/\/www.meydan.tv\/az\/#\/schema\/logo\/image\/"}},{"@type":"Person","@id":"https:\/\/www.meydan.tv\/az\/#\/schema\/person\/10d11eccf6da3662cf5fdab9806ea91a","name":"user-manager"}]}},"_links":{"self":[{"href":"https:\/\/www.meydan.tv\/az\/wp-json\/wp\/v2\/posts\/173031","targetHints":{"allow":["GET"]}}],"collection":[{"href":"https:\/\/www.meydan.tv\/az\/wp-json\/wp\/v2\/posts"}],"about":[{"href":"https:\/\/www.meydan.tv\/az\/wp-json\/wp\/v2\/types\/post"}],"author":[{"embeddable":true,"href":"https:\/\/www.meydan.tv\/az\/wp-json\/wp\/v2\/users\/11"}],"replies":[{"embeddable":true,"href":"https:\/\/www.meydan.tv\/az\/wp-json\/wp\/v2\/comments?post=173031"}],"version-history":[{"count":0,"href":"https:\/\/www.meydan.tv\/az\/wp-json\/wp\/v2\/posts\/173031\/revisions"}],"wp:featuredmedia":[{"embeddable":true,"href":"https:\/\/www.meydan.tv\/az\/wp-json\/wp\/v2\/media\/45999"}],"wp:attachment":[{"href":"https:\/\/www.meydan.tv\/az\/wp-json\/wp\/v2\/media?parent=173031"}],"wp:term":[{"taxonomy":"category","embeddable":true,"href":"https:\/\/www.meydan.tv\/az\/wp-json\/wp\/v2\/categories?post=173031"},{"taxonomy":"post_tag","embeddable":true,"href":"https:\/\/www.meydan.tv\/az\/wp-json\/wp\/v2\/tags?post=173031"}],"curies":[{"name":"wp","href":"https:\/\/api.w.org\/{rel}","templated":true}]}}