{"id":173021,"date":"2016-01-22T22:16:09","date_gmt":"2016-01-22T22:16:09","guid":{"rendered":"https:\/\/www.meydan.tv\/article\/azerbaycan-iqtisadiyyatinin-geleceyi\/"},"modified":"2016-01-22T22:16:09","modified_gmt":"2016-01-22T22:16:09","slug":"azerbaycan-iqtisadiyyatinin-geleceyi","status":"publish","type":"post","link":"https:\/\/www.meydan.tv\/az\/article\/azerbaycan-iqtisadiyyatinin-geleceyi\/","title":{"rendered":"&#8221;Az\u0259rbaycan iqtisadiyyat\u0131n\u0131n g\u0259l\u0259c\u0259yi&#8221;"},"content":{"rendered":"<figure class=\"wp-block-image size-large\">\n  <img decoding=\"async\" src=\"https:\/\/www.meydan.tv\/az\/45936\/\" alt=\"\" class=\"wp-image-45936\"\/><figcaption><\/figcaption><\/figure>\n<figure class=\"wp-block-image size-large\">\n  <img decoding=\"async\" src=\"https:\/\/www.meydan.tv\/az\/45927\/\" alt=\"\" class=\"wp-image-45927\"\/><figcaption><\/figcaption><\/figure>\n<p>\n  D\u00fcnyada ged\u0259n d\u0259rin iqtisadi v\u0259 maliyy\u0259 b\u00f6hran\u0131na baxmayaraq Az\u0259rbaycan \u00f6z iqtisadiyyat\u0131n\u0131 bu b\u00f6hran\u0131n yaratd\u0131\u011f\u0131 m\u0259nfi meyill\u0259rd\u0259n maksimum d\u0259r\u0259c\u0259d\u0259 qoruma\u011fa \u00e7al\u0131\u015f\u0131r.\n<\/p>\n<p>\n  Az\u0259rbaycan b\u00fct\u00fcn istiqam\u0259tl\u0259rd\u0259, o c\u00fcml\u0259d\u0259n iqtisadi sah\u0259d\u0259 dinamik inki\u015faf\u0131n\u0131 m\u00fcv\u0259ff\u0259qiyy\u0259tl\u0259 davam etdir\u0259n tolerant bir \u00f6lk\u0259dir. Son vaxtlar neftin qiym\u0259tinin k\u0259skin \u015f\u0259kild\u0259 a\u015fa\u011f\u0131 d\u00fc\u015fm\u0259sin\u0259 baxmayaraq, \u00f6lk\u0259 iqtisadiyyat\u0131 \u00f6z\u00fcn\u00fcn inki\u015faf templ\u0259rini davam etdirm\u0259kd\u0259dir.\n<\/p>\n<p>\n  Az\u0259rbaycan iqtisadiyyat\u0131 son 10 ild\u0259 300 faiz artm\u0131\u015fd\u0131r. Yoxsulluq v\u0259 i\u015fsizlik k\u0259skin \u015f\u0259kild\u0259 a\u015fa\u011f\u0131 d\u00fc\u015fm\u00fc\u015fd\u00fcr. Haz\u0131rda h\u0259r iki g\u00f6st\u0259rici 5 faiz s\u0259viyy\u0259sind\u0259dir. 2015-ci ild\u0259 qeyri-neft s\u0259nayesi 8.4 faiz artm\u0131\u015fd\u0131r.\n<\/p>\n<p>\n  D\u00fcnyadak\u0131 siyasi, h\u0259rbi v\u0259 maliyy\u0259 b\u00f6hran\u0131n\u0131n d\u0259rinl\u0259\u015fm\u0259si \u015f\u0259raitind\u0259 iqtisadi inki\u015faf\u0131 saxlamaq, \u0259lb\u0259tt\u0259 ki, b\u00f6y\u00fck nailiyy\u0259tdir. Neftin qiym\u0259ti 2015-ci il \u0259rzind\u0259 \u00fc\u00e7 d\u0259f\u0259 a\u015fa\u011f\u0131 d\u00fc\u015fm\u00fc\u015fd\u00fcr. Ona g\u00f6r\u0259 d\u0259 bizim g\u0259lirl\u0259rimiz d\u0259 k\u0259skin \u015f\u0259kild\u0259 azalm\u0131\u015fd\u0131r, t\u0259bii ki, b\u00fcdc\u0259 g\u0259lirl\u0259ri v\u0259 el\u0259c\u0259 d\u0259 b\u00fcdc\u0259 x\u0259rcl\u0259ri. Biz 2015-ci ild\u0259 b\u00fcdc\u0259 x\u0259rcl\u0259rin\u0259 b\u00f6y\u00fck q\u0259na\u0259t ed\u0259 bilmi\u015fik. \u018ffsuslar olsun ki, d\u00fcnyada ged\u0259n prosesl\u0259r 2016-c\u0131 il \u00fc\u00e7\u00fcn d\u0259 nikbin \u0259saslar vermir.\n<\/p>\n<p>\n  \u0130ndiki v\u0259ziyy\u0259td\u0259 h\u00f6kum\u0259t qar\u015f\u0131s\u0131nda duran \u0259sas v\u0259zif\u0259 makroiqtisadi sabitliyi t\u0259min etm\u0259k, inflyasiyan\u0131 normal s\u0259viyy\u0259d\u0259 saxlamaqd\u0131r. 2015-ci ilin yekunlar\u0131na g\u00f6r\u0259 inflyasiya 4 faizd\u0259n az olmu\u015fdur. Biz 2016-c\u0131 il \u0259rzind\u0259 d\u0259 bu r\u0259q\u0259mi \u0259n a\u015fa\u011f\u0131 s\u0259viyy\u0259d\u0259 saxlama\u011fa \u00e7al\u0131\u015fmal\u0131y\u0131q.\n<\/p>\n<p>\n  Son ill\u0259rd\u0259 Az\u0259rbaycanda yerli istehsala b\u00f6y\u00fck \u0259h\u0259miyy\u0259t verilir, h\u0259m d\u00f6vl\u0259t, h\u0259m d\u0259 \u00f6z\u0259l sektora v\u0259sait qoyulur. \u00d6lk\u0259d\u0259 biznes m\u00fchitinin daha da yax\u015f\u0131la\u015fd\u0131r\u0131lmas\u0131, laz\u0131ms\u0131z yoxlamalar\u0131n aradan qald\u0131r\u0131lmas\u0131 v\u0259 lisenziyalarla ba\u011fl\u0131 v\u0259ziyy\u0259tin yax\u015f\u0131la\u015fd\u0131r\u0131lmas\u0131 \u00fc\u00e7\u00fcn iqtisadi islahatlar m\u0259s\u0259l\u0259sin\u0259 m\u00fch\u00fcm \u0259h\u0259miyy\u0259t verilir. Az\u0259rbaycanda iqtisadi v\u0259 maliyy\u0259 sektorunun \u015f\u0259ffafla\u015fmas\u0131 prosesini davam etdiririk. Bu bax\u0131mdan Davos D\u00fcnya \u0130qtisadi Forumu Az\u0259rbaycan\u0131 \u00f6lk\u0259l\u0259rin iqtisadiyyatlar\u0131n\u0131n r\u0259qab\u0259tlilik qabiliyy\u0259tin\u0259 g\u00f6r\u0259 40-c\u0131 yer\u0259, MDB m\u0259kan\u0131nda is\u0259 yenid\u0259n birinci yer\u0259 layiq g\u00f6rm\u00fc\u015fd\u00fcr.\n<\/p>\n<p>\n  Qeyri-neft sektoru, \u0259lb\u0259tt\u0259 ki, iqtisadi inki\u015faf\u0131m\u0131z\u0131n \u0259sas h\u0259r\u0259k\u0259tverici sah\u0259sidir. Az\u0259rbaycan iqtisadiyyat\u0131 art\u0131q \u00e7ox\u015fax\u0259li iqtisadiyyatd\u0131r. Qeyri-neft sektoru \u00fcmumi daxili m\u0259hsulun t\u0259xmin\u0259n 70 faizini t\u0259\u015fkil edir. M\u0259qs\u0259dimiz qar\u015f\u0131dak\u0131 ill\u0259rd\u0259 qeyri-neft sektorunun s\u00fcr\u0259tli inki\u015faf\u0131na nail olmaqd\u0131r.\n<\/p>\n<p>\n  Az\u0259rbaycan\u0131n z\u0259ngin neft-qaz resurslar\u0131 v\u0259 m\u0259qs\u0259dy\u00f6nl\u00fc siyas\u0259ti enerji sah\u0259sind\u0259 d\u0259 b\u00f6y\u00fck i\u015fl\u0259r g\u00f6r\u00fclm\u0259sin\u0259 imkan yaratm\u0131\u015fd\u0131r. Az\u0259rbaycan\u0131n ir\u0259li s\u00fcrd\u00fcy\u00fc t\u0259\u015f\u0259bb\u00fcs v\u0259 layih\u0259l\u0259r regionumuzun h\u00fcdudlar\u0131n\u0131 a\u015faraq \u00f6lk\u0259l\u0259ri v\u0259 qit\u0259l\u0259ri birl\u0259\u015fdirir.\n<\/p>\n<p>\n  Enerji t\u0259hl\u00fck\u0259sizliyi m\u0259s\u0259l\u0259sin\u0259 n\u0259z\u0259r sald\u0131qda ayd\u0131n g\u00f6r\u00fcn\u00fcr ki, Az\u0259rbaycan art\u0131q Avropan\u0131n enerji t\u0259hl\u00fck\u0259sizliyind\u0259 m\u00fch\u00fcm rol oynay\u0131r. Bu bax\u0131mdan \u201cC\u0259nub qaz d\u0259hlizi\u201d layih\u0259sinin icras\u0131na ba\u015flanmas\u0131 tarixi hadis\u0259dir.\n<\/p>\n<p>\n  \u201cC\u0259nub qaz d\u0259hlizi\u201d 4 layih\u0259d\u0259n ibar\u0259tdir. Birincisi, \u201c\u015eahd\u0259niz-2\u201d fazas\u0131n\u0131n i\u015fl\u0259nilm\u0259sidir. \u201c\u015eahd\u0259niz\u201d yata\u011f\u0131nda qaz ehtiyatlar\u0131 bir trilyon kubmetrd\u0259n \u00e7oxdur. \u00dcmumiyy\u0259tl\u0259, Az\u0259rbaycan\u0131n dig\u0259r yataqlar\u0131 il\u0259 birlikd\u0259 qaz ehtiyatlar\u0131 2.6 trilyon kubmetr t\u0259\u015fkil edir. \u0130kinci layih\u0259 Az\u0259rbaycan\u0131 G\u00fcrc\u00fcstanla birl\u0259\u015fdir\u0259n C\u0259nubi Qafqaz qaz k\u0259m\u0259rinin geni\u015fl\u0259ndirilm\u0259sidir. \u00dc\u00e7\u00fcnc\u00fc layih\u0259 Trans-Anadolu qaz k\u0259m\u0259ri (TANAP) layih\u0259sidir. 2012-ci ild\u0259 Az\u0259rbaycan il\u0259 T\u00fcrkiy\u0259 aras\u0131nda imzalanm\u0131\u015f bu layih\u0259y\u0259 \u0259sas\u0259n, qaz k\u0259m\u0259ri T\u00fcrkiy\u0259-G\u00fcrc\u00fcstan s\u0259rh\u0259dind\u0259n T\u00fcrkiy\u0259-Yunan\u0131stan s\u0259rh\u0259din\u0259 q\u0259d\u0259r uzanacaq. D\u00f6rd\u00fcnc\u00fc layih\u0259 is\u0259 Trans-Adriatik boru k\u0259m\u0259ri (TAP) layih\u0259sidir. Bu layih\u0259 \u0259sas\u0131nda qaz k\u0259m\u0259ri Yunan\u0131standan Albaniyaya, oradan da Adriatik d\u0259nizinin alt\u0131ndan ke\u00e7m\u0259kl\u0259 \u0130taliyaya \u00e7atacaqd\u0131r. B\u00fct\u00fcn bu d\u00f6rd layih\u0259 \u201cC\u0259nub qaz d\u0259hlizi\u201dni formala\u015fd\u0131r\u0131r. Az\u0259rbaycan bu d\u00f6rd layih\u0259d\u0259 \u00f6n\u0259mli s\u0259hmdar, TANAP layih\u0259sind\u0259 is\u0259 \u0259sas s\u0259hmdard\u0131r. \u201cC\u0259nub qaz d\u0259hlizi\u201dnin icras\u0131 n\u0259tic\u0259sind\u0259 bir \u00e7ox \u00f6lk\u0259l\u0259r alternativ qaz m\u0259nb\u0259yi kimi Az\u0259rbaycan qaz\u0131na \u00e7\u0131x\u0131\u015f \u0259ld\u0259 ed\u0259c\u0259kdir. G\u00fcrc\u00fcstan, T\u00fcrkiy\u0259, Yunan\u0131stan, Bolqar\u0131stan, Albaniya v\u0259 \u0130taliya \u201cC\u0259nub qaz d\u0259hlizi\u201d layih\u0259sinin i\u015ftirak\u00e7\u0131lar\u0131d\u0131r. Eyni zamanda, Monteneqro, Bosniya v\u0259 Herseqovina, Xorvatiya bu layih\u0259y\u0259 qo\u015fulmaq bar\u0259d\u0259 Az\u0259rbaycan t\u0259r\u0259fi il\u0259 anla\u015fma memorandumu imzalam\u0131\u015flar. Bel\u0259likl\u0259, Az\u0259rbaycan Avropan\u0131n enerji t\u0259hl\u00fck\u0259sizliyinin t\u0259min edilm\u0259sind\u0259 \u00e7ox \u00f6n\u0259mli v\u0259 etibarl\u0131 t\u0259r\u0259fda\u015fa \u00e7evrilir.\n<\/p>\n<p>\n  N\u0259qliyyat infrastrukturunun inki\u015faf\u0131 da \u00f6lk\u0259mizd\u0259 prioritet istiqam\u0259tl\u0259rd\u0259ndir. Bu g\u00fcn biz m\u00fcasir texnologiyalar\u0131n t\u0259tbiqi v\u0259 qon\u015fu d\u00f6vl\u0259tl\u0259rin i\u015ftirak\u0131 il\u0259 tarixi \u0130p\u0259k Yolunu b\u0259rpa edirik. Haz\u0131rda Az\u0259rbaycan v\u0259 G\u00fcrc\u00fcstandan ke\u00e7m\u0259kl\u0259 T\u00fcrkiy\u0259y\u0259 q\u0259d\u0259r uzanacaq Bak\u0131-Tbilisi-Qars d\u0259mir yolu da tikilir ki, bu, ilk d\u0259f\u0259 olaraq Az\u0259rbaycan\u0131 d\u0259mir yolu vasit\u0259sil\u0259 Avropa il\u0259 birl\u0259\u015fdir\u0259c\u0259k. Bunun tarixi \u0259h\u0259miyy\u0259ti var.\n<\/p>\n<p>\n  Eyni zamanda, Az\u0259rbaycanda bir ne\u00e7\u0259 beyn\u0259lxalq aeroport tikilmi\u015fdir. Yeni Beyn\u0259lxalq D\u0259niz Ticar\u0259ti Liman\u0131 da tikilm\u0259kd\u0259dir. Bu da X\u0259z\u0259r h\u00f6vz\u0259sind\u0259 \u0259n b\u00f6y\u00fck ticar\u0259t liman\u0131 olacaqd\u0131r.\n<\/p>\n<p>\n  N\u0259qliyyat infrastrukturunda oldu\u011fu kimi, m\u00fcasir texnologiyalar\u0131n m\u00fcxt\u0259lif sah\u0259l\u0259rd\u0259 t\u0259tbiqin\u0259 d\u0259 x\u00fcsusi \u00f6n\u0259m verilir. Az\u0259rbaycan \u201cAzerspace-1\u201d v\u0259 \u201cAzersky\u201d peykl\u0259rini orbit\u0259 \u00e7\u0131xararaq d\u00fcnya kosmik ail\u0259sin\u0259 qo\u015fulmu\u015fdur. \u00d6lk\u0259mizd\u0259 m\u00fcasir idar\u0259etm\u0259nin t\u0259min olunmas\u0131 v\u0259 \u015f\u0259ffafl\u0131\u011f\u0131n art\u0131r\u0131lmas\u0131 \u00fc\u00e7\u00fcn \u201celektron h\u00f6kum\u0259t\u201d quruculu\u011fu istiqam\u0259tind\u0259 i\u015fl\u0259r apar\u0131l\u0131r.\n<\/p>\n<p>\n  D\u00f6vl\u0259t orqanlar\u0131 \u201cASAN xidm\u0259t\u201d m\u0259rk\u0259zl\u0259ri vasit\u0259sil\u0259 \u0259haliy\u0259 elektron xidm\u0259tl\u0259rin g\u00f6st\u0259rilm\u0259sini t\u0259min edir. Haz\u0131rda respublika \u00fczr\u0259 9 \u201cASAN xidm\u0259t\u201d m\u0259rk\u0259zi f\u0259aliyy\u0259t g\u00f6st\u0259rir. Bu m\u0259rk\u0259zl\u0259rd\u0259 d\u00f6vl\u0259t orqanlar\u0131 t\u0259r\u0259find\u0259n 30 sah\u0259 \u00fczr\u0259 112, yard\u0131m\u00e7\u0131 funksional sah\u0259l\u0259r \u00fczr\u0259 is\u0259 140 xidm\u0259t g\u00f6st\u0259rilir. \u0130ki yeni m\u0259rk\u0259z is\u0259 tikilm\u0259kd\u0259dir. 10 s\u0259yyar avtobus \u00f6lk\u0259nin m\u00fcxt\u0259lif b\u00f6lg\u0259l\u0259rind\u0259 \u0259haliy\u0259 xidm\u0259t g\u00f6st\u0259rir. \u201cASAN xidm\u0259t\u201din f\u0259aliyy\u0259t\u0259 ba\u015flamas\u0131ndan iki il vaxt ke\u00e7ir. Bu m\u00fcdd\u0259t \u0259rzind\u0259 7 milyon insan xidm\u0259td\u0259n istifad\u0259 edib v\u0259 \u0259halinin bu xidm\u0259td\u0259n raz\u0131l\u0131q \u0259msal\u0131 100 faiz\u0259 yax\u0131nd\u0131r. B\u0259zi \u00f6lk\u0259l\u0259r bizim bu sah\u0259d\u0259 t\u0259cr\u00fcb\u0259mizd\u0259n istifad\u0259 etm\u0259y\u0259 ba\u015flam\u0131\u015flar.\n<\/p>\n<p>\n  \u00d6lk\u0259mizd\u0259 sosial infrastruktur layih\u0259l\u0259ri d\u0259 u\u011furla icra olunur. Son ill\u0259rd\u0259 \u00e7oxlu sayda m\u0259kt\u0259b, u\u015faq ba\u011f\u00e7as\u0131 v\u0259 tibb m\u00fc\u0259ssis\u0259si tikilmi\u015f v\u0259 ya \u0259sasl\u0131 \u015f\u0259kild\u0259 t\u0259mir edilmi\u015fdir.\n<\/p>\n<p>\n  Az\u0259rbaycanda turizm sektorunun inki\u015faf\u0131na x\u00fcsusi diqq\u0259t ay\u0131r\u0131r\u0131q. Paytaxtla yana\u015f\u0131, regionlarda da m\u00fcasir turizm v\u0259 istirah\u0259t obyektl\u0259ri, mehmanxana kompleksl\u0259ri tikilmi\u015fdir. Son bir ne\u00e7\u0259 ild\u0259 d\u00fcnyan\u0131n \u0259n m\u0259\u015fhur be\u015fulduzlu otel brendl\u0259ri Az\u0259rbaycana g\u0259lmi\u015fdir. Bak\u0131da indi d\u00fcnyan\u0131n b\u00fct\u00fcn apar\u0131c\u0131 otell\u0259ri f\u0259aliyy\u0259t g\u00f6st\u0259rir. Turizmin inki\u015faf\u0131 qeyri-neft sektorunda bu sah\u0259nin x\u00fcsusi \u00e7\u0259kisinin oldu\u011funu bir daha t\u0259sdiql\u0259yir.\n<\/p>\n<p>\n  Qeyd ed\u0259k ki, Az\u0259rbaycan d\u00fcnyada h\u0259m d\u0259 multikulturalizmin m\u0259rk\u0259zl\u0259rind\u0259n biri kimi tan\u0131n\u0131r v\u0259 xalq\u0131m\u0131z bununla f\u0259xr edir.\n<\/p>\n<p>\n  M\u0259nb\u0259:<br \/>\n  <a href=\"http:\/\/www.weforum.org\/agenda\/2016\/01\/azerbaijan\" target=\"_blank\" rel=\"noopener\"><br \/>\n    Davos \u0130qtisadi Forumu<br \/>\n  <\/a>\n<\/p>\n<p>\n  <b><br \/>\n    Yaz\u0131 m\u00fc\u0259llifin \u015f\u0259xsi m\u00f6vqeyini \u0259ks etdirir&#8230;<br \/>\n  <\/b><\/p>\n","protected":false},"excerpt":{"rendered":"<p>\u0130lham \u018fliyev m\u0259qal\u0259 yaz\u0131b<\/p>\n","protected":false},"author":11,"featured_media":45936,"comment_status":"closed","ping_status":"open","sticky":false,"template":"","format":"standard","meta":{"_acf_changed":false,"_sitemap_exclude":false,"_sitemap_priority":"","_sitemap_frequency":"","footnotes":""},"categories":[57],"tags":[],"class_list":["post-173021","post","type-post","status-publish","format-standard","has-post-thumbnail","hentry","category-menim-fikrimce","infinite-scroll-item","generate-columns","tablet-grid-50","mobile-grid-100","grid-parent","grid-33","no-featured-image-padding"],"acf":[],"yoast_head":"<!-- This site is optimized with the Yoast SEO plugin v27.5 - https:\/\/yoast.com\/product\/yoast-seo-wordpress\/ -->\n<title>&#039;&#039;Az\u0259rbaycan iqtisadiyyat\u0131n\u0131n g\u0259l\u0259c\u0259yi&#039;&#039; - MEYDAN.TV<\/title>\n<meta name=\"robots\" content=\"index, follow, max-snippet:-1, max-image-preview:large, max-video-preview:-1\" \/>\n<link rel=\"canonical\" href=\"https:\/\/www.meydan.tv\/az\/article\/azerbaycan-iqtisadiyyatinin-geleceyi\/\" \/>\n<meta property=\"og:locale\" content=\"az_AZ\" \/>\n<meta property=\"og:type\" content=\"article\" \/>\n<meta property=\"og:title\" content=\"&#039;&#039;Az\u0259rbaycan iqtisadiyyat\u0131n\u0131n g\u0259l\u0259c\u0259yi&#039;&#039; - MEYDAN.TV\" \/>\n<meta property=\"og:description\" content=\"\u0130lham \u018fliyev m\u0259qal\u0259 yaz\u0131b\" \/>\n<meta property=\"og:url\" content=\"https:\/\/www.meydan.tv\/az\/article\/azerbaycan-iqtisadiyyatinin-geleceyi\/\" \/>\n<meta property=\"og:site_name\" content=\"MEYDAN.TV\" \/>\n<meta property=\"article:published_time\" content=\"2016-01-22T22:16:09+00:00\" \/>\n<meta property=\"og:image\" content=\"https:\/\/www.meydan.tv\/wp-content\/uploads\/17202.jpg\" \/>\n\t<meta property=\"og:image:width\" content=\"500\" \/>\n\t<meta property=\"og:image:height\" content=\"500\" \/>\n\t<meta property=\"og:image:type\" content=\"image\/jpeg\" \/>\n<meta name=\"author\" content=\"user-manager\" \/>\n<meta name=\"twitter:card\" content=\"summary_large_image\" \/>\n<script type=\"application\/ld+json\" class=\"yoast-schema-graph\">{\"@context\":\"https:\\\/\\\/schema.org\",\"@graph\":[{\"@type\":\"Article\",\"@id\":\"https:\\\/\\\/www.meydan.tv\\\/az\\\/article\\\/azerbaycan-iqtisadiyyatinin-geleceyi\\\/#article\",\"isPartOf\":{\"@id\":\"https:\\\/\\\/www.meydan.tv\\\/az\\\/article\\\/azerbaycan-iqtisadiyyatinin-geleceyi\\\/\"},\"author\":{\"name\":\"user-manager\",\"@id\":\"https:\\\/\\\/www.meydan.tv\\\/az\\\/#\\\/schema\\\/person\\\/10d11eccf6da3662cf5fdab9806ea91a\"},\"headline\":\"&#8221;Az\u0259rbaycan iqtisadiyyat\u0131n\u0131n g\u0259l\u0259c\u0259yi&#8221;\",\"datePublished\":\"2016-01-22T22:16:09+00:00\",\"mainEntityOfPage\":{\"@id\":\"https:\\\/\\\/www.meydan.tv\\\/az\\\/article\\\/azerbaycan-iqtisadiyyatinin-geleceyi\\\/\"},\"wordCount\":1441,\"publisher\":{\"@id\":\"https:\\\/\\\/www.meydan.tv\\\/az\\\/#organization\"},\"image\":{\"@id\":\"https:\\\/\\\/www.meydan.tv\\\/az\\\/article\\\/azerbaycan-iqtisadiyyatinin-geleceyi\\\/#primaryimage\"},\"thumbnailUrl\":\"https:\\\/\\\/www.meydan.tv\\\/wp-content\\\/uploads\\\/17202.jpg\",\"articleSection\":[\"M\u0259nim Fikrimc\u0259\"],\"inLanguage\":\"az\"},{\"@type\":\"WebPage\",\"@id\":\"https:\\\/\\\/www.meydan.tv\\\/az\\\/article\\\/azerbaycan-iqtisadiyyatinin-geleceyi\\\/\",\"url\":\"https:\\\/\\\/www.meydan.tv\\\/az\\\/article\\\/azerbaycan-iqtisadiyyatinin-geleceyi\\\/\",\"name\":\"''Az\u0259rbaycan iqtisadiyyat\u0131n\u0131n g\u0259l\u0259c\u0259yi'' - MEYDAN.TV\",\"isPartOf\":{\"@id\":\"https:\\\/\\\/www.meydan.tv\\\/az\\\/#website\"},\"primaryImageOfPage\":{\"@id\":\"https:\\\/\\\/www.meydan.tv\\\/az\\\/article\\\/azerbaycan-iqtisadiyyatinin-geleceyi\\\/#primaryimage\"},\"image\":{\"@id\":\"https:\\\/\\\/www.meydan.tv\\\/az\\\/article\\\/azerbaycan-iqtisadiyyatinin-geleceyi\\\/#primaryimage\"},\"thumbnailUrl\":\"https:\\\/\\\/www.meydan.tv\\\/wp-content\\\/uploads\\\/17202.jpg\",\"datePublished\":\"2016-01-22T22:16:09+00:00\",\"breadcrumb\":{\"@id\":\"https:\\\/\\\/www.meydan.tv\\\/az\\\/article\\\/azerbaycan-iqtisadiyyatinin-geleceyi\\\/#breadcrumb\"},\"inLanguage\":\"az\",\"potentialAction\":[{\"@type\":\"ReadAction\",\"target\":[\"https:\\\/\\\/www.meydan.tv\\\/az\\\/article\\\/azerbaycan-iqtisadiyyatinin-geleceyi\\\/\"]}]},{\"@type\":\"ImageObject\",\"inLanguage\":\"az\",\"@id\":\"https:\\\/\\\/www.meydan.tv\\\/az\\\/article\\\/azerbaycan-iqtisadiyyatinin-geleceyi\\\/#primaryimage\",\"url\":\"https:\\\/\\\/www.meydan.tv\\\/wp-content\\\/uploads\\\/17202.jpg\",\"contentUrl\":\"https:\\\/\\\/www.meydan.tv\\\/wp-content\\\/uploads\\\/17202.jpg\",\"width\":500,\"height\":500,\"caption\":\"Source:\"},{\"@type\":\"BreadcrumbList\",\"@id\":\"https:\\\/\\\/www.meydan.tv\\\/az\\\/article\\\/azerbaycan-iqtisadiyyatinin-geleceyi\\\/#breadcrumb\",\"itemListElement\":[{\"@type\":\"ListItem\",\"position\":1,\"name\":\"Ana s\u0259hif\u0259\",\"item\":\"https:\\\/\\\/www.meydan.tv\\\/az\\\/\"},{\"@type\":\"ListItem\",\"position\":2,\"name\":\"M\u0259nim Fikrimc\u0259\",\"item\":\"https:\\\/\\\/www.meydan.tv\\\/az\\\/section\\\/menim-fikrimce\\\/\"},{\"@type\":\"ListItem\",\"position\":3,\"name\":\"&#8221;Az\u0259rbaycan iqtisadiyyat\u0131n\u0131n g\u0259l\u0259c\u0259yi&#8221;\"}]},{\"@type\":\"WebSite\",\"@id\":\"https:\\\/\\\/www.meydan.tv\\\/az\\\/#website\",\"url\":\"https:\\\/\\\/www.meydan.tv\\\/az\\\/\",\"name\":\"MEYDAN.TV\",\"description\":\"Meydan TV Az\u0259rbaycan\u0131n media m\u0259kan\u0131ndak\u0131 alternativ s\u0259sidir\",\"publisher\":{\"@id\":\"https:\\\/\\\/www.meydan.tv\\\/az\\\/#organization\"},\"potentialAction\":[{\"@type\":\"SearchAction\",\"target\":{\"@type\":\"EntryPoint\",\"urlTemplate\":\"https:\\\/\\\/www.meydan.tv\\\/az\\\/?s={search_term_string}\"},\"query-input\":{\"@type\":\"PropertyValueSpecification\",\"valueRequired\":true,\"valueName\":\"search_term_string\"}}],\"inLanguage\":\"az\"},{\"@type\":\"Organization\",\"@id\":\"https:\\\/\\\/www.meydan.tv\\\/az\\\/#organization\",\"name\":\"Meydan TV\",\"url\":\"https:\\\/\\\/www.meydan.tv\\\/az\\\/\",\"logo\":{\"@type\":\"ImageObject\",\"inLanguage\":\"az\",\"@id\":\"https:\\\/\\\/www.meydan.tv\\\/az\\\/#\\\/schema\\\/logo\\\/image\\\/\",\"url\":\"https:\\\/\\\/www.meydan.tv\\\/wp-content\\\/uploads\\\/2021\\\/07\\\/meydan-logo.svg\",\"contentUrl\":\"https:\\\/\\\/www.meydan.tv\\\/wp-content\\\/uploads\\\/2021\\\/07\\\/meydan-logo.svg\",\"width\":195,\"height\":46,\"caption\":\"Meydan TV\"},\"image\":{\"@id\":\"https:\\\/\\\/www.meydan.tv\\\/az\\\/#\\\/schema\\\/logo\\\/image\\\/\"}},{\"@type\":\"Person\",\"@id\":\"https:\\\/\\\/www.meydan.tv\\\/az\\\/#\\\/schema\\\/person\\\/10d11eccf6da3662cf5fdab9806ea91a\",\"name\":\"user-manager\"}]}<\/script>\n<!-- \/ Yoast SEO plugin. -->","yoast_head_json":{"title":"''Az\u0259rbaycan iqtisadiyyat\u0131n\u0131n g\u0259l\u0259c\u0259yi'' - MEYDAN.TV","robots":{"index":"index","follow":"follow","max-snippet":"max-snippet:-1","max-image-preview":"max-image-preview:large","max-video-preview":"max-video-preview:-1"},"canonical":"https:\/\/www.meydan.tv\/az\/article\/azerbaycan-iqtisadiyyatinin-geleceyi\/","og_locale":"az_AZ","og_type":"article","og_title":"''Az\u0259rbaycan iqtisadiyyat\u0131n\u0131n g\u0259l\u0259c\u0259yi'' - MEYDAN.TV","og_description":"\u0130lham \u018fliyev m\u0259qal\u0259 yaz\u0131b","og_url":"https:\/\/www.meydan.tv\/az\/article\/azerbaycan-iqtisadiyyatinin-geleceyi\/","og_site_name":"MEYDAN.TV","article_published_time":"2016-01-22T22:16:09+00:00","og_image":[{"width":500,"height":500,"url":"https:\/\/www.meydan.tv\/wp-content\/uploads\/17202.jpg","type":"image\/jpeg"}],"author":"user-manager","twitter_card":"summary_large_image","schema":{"@context":"https:\/\/schema.org","@graph":[{"@type":"Article","@id":"https:\/\/www.meydan.tv\/az\/article\/azerbaycan-iqtisadiyyatinin-geleceyi\/#article","isPartOf":{"@id":"https:\/\/www.meydan.tv\/az\/article\/azerbaycan-iqtisadiyyatinin-geleceyi\/"},"author":{"name":"user-manager","@id":"https:\/\/www.meydan.tv\/az\/#\/schema\/person\/10d11eccf6da3662cf5fdab9806ea91a"},"headline":"&#8221;Az\u0259rbaycan iqtisadiyyat\u0131n\u0131n g\u0259l\u0259c\u0259yi&#8221;","datePublished":"2016-01-22T22:16:09+00:00","mainEntityOfPage":{"@id":"https:\/\/www.meydan.tv\/az\/article\/azerbaycan-iqtisadiyyatinin-geleceyi\/"},"wordCount":1441,"publisher":{"@id":"https:\/\/www.meydan.tv\/az\/#organization"},"image":{"@id":"https:\/\/www.meydan.tv\/az\/article\/azerbaycan-iqtisadiyyatinin-geleceyi\/#primaryimage"},"thumbnailUrl":"https:\/\/www.meydan.tv\/wp-content\/uploads\/17202.jpg","articleSection":["M\u0259nim Fikrimc\u0259"],"inLanguage":"az"},{"@type":"WebPage","@id":"https:\/\/www.meydan.tv\/az\/article\/azerbaycan-iqtisadiyyatinin-geleceyi\/","url":"https:\/\/www.meydan.tv\/az\/article\/azerbaycan-iqtisadiyyatinin-geleceyi\/","name":"''Az\u0259rbaycan iqtisadiyyat\u0131n\u0131n g\u0259l\u0259c\u0259yi'' - MEYDAN.TV","isPartOf":{"@id":"https:\/\/www.meydan.tv\/az\/#website"},"primaryImageOfPage":{"@id":"https:\/\/www.meydan.tv\/az\/article\/azerbaycan-iqtisadiyyatinin-geleceyi\/#primaryimage"},"image":{"@id":"https:\/\/www.meydan.tv\/az\/article\/azerbaycan-iqtisadiyyatinin-geleceyi\/#primaryimage"},"thumbnailUrl":"https:\/\/www.meydan.tv\/wp-content\/uploads\/17202.jpg","datePublished":"2016-01-22T22:16:09+00:00","breadcrumb":{"@id":"https:\/\/www.meydan.tv\/az\/article\/azerbaycan-iqtisadiyyatinin-geleceyi\/#breadcrumb"},"inLanguage":"az","potentialAction":[{"@type":"ReadAction","target":["https:\/\/www.meydan.tv\/az\/article\/azerbaycan-iqtisadiyyatinin-geleceyi\/"]}]},{"@type":"ImageObject","inLanguage":"az","@id":"https:\/\/www.meydan.tv\/az\/article\/azerbaycan-iqtisadiyyatinin-geleceyi\/#primaryimage","url":"https:\/\/www.meydan.tv\/wp-content\/uploads\/17202.jpg","contentUrl":"https:\/\/www.meydan.tv\/wp-content\/uploads\/17202.jpg","width":500,"height":500,"caption":"Source:"},{"@type":"BreadcrumbList","@id":"https:\/\/www.meydan.tv\/az\/article\/azerbaycan-iqtisadiyyatinin-geleceyi\/#breadcrumb","itemListElement":[{"@type":"ListItem","position":1,"name":"Ana s\u0259hif\u0259","item":"https:\/\/www.meydan.tv\/az\/"},{"@type":"ListItem","position":2,"name":"M\u0259nim Fikrimc\u0259","item":"https:\/\/www.meydan.tv\/az\/section\/menim-fikrimce\/"},{"@type":"ListItem","position":3,"name":"&#8221;Az\u0259rbaycan iqtisadiyyat\u0131n\u0131n g\u0259l\u0259c\u0259yi&#8221;"}]},{"@type":"WebSite","@id":"https:\/\/www.meydan.tv\/az\/#website","url":"https:\/\/www.meydan.tv\/az\/","name":"MEYDAN.TV","description":"Meydan TV Az\u0259rbaycan\u0131n media m\u0259kan\u0131ndak\u0131 alternativ s\u0259sidir","publisher":{"@id":"https:\/\/www.meydan.tv\/az\/#organization"},"potentialAction":[{"@type":"SearchAction","target":{"@type":"EntryPoint","urlTemplate":"https:\/\/www.meydan.tv\/az\/?s={search_term_string}"},"query-input":{"@type":"PropertyValueSpecification","valueRequired":true,"valueName":"search_term_string"}}],"inLanguage":"az"},{"@type":"Organization","@id":"https:\/\/www.meydan.tv\/az\/#organization","name":"Meydan TV","url":"https:\/\/www.meydan.tv\/az\/","logo":{"@type":"ImageObject","inLanguage":"az","@id":"https:\/\/www.meydan.tv\/az\/#\/schema\/logo\/image\/","url":"https:\/\/www.meydan.tv\/wp-content\/uploads\/2021\/07\/meydan-logo.svg","contentUrl":"https:\/\/www.meydan.tv\/wp-content\/uploads\/2021\/07\/meydan-logo.svg","width":195,"height":46,"caption":"Meydan TV"},"image":{"@id":"https:\/\/www.meydan.tv\/az\/#\/schema\/logo\/image\/"}},{"@type":"Person","@id":"https:\/\/www.meydan.tv\/az\/#\/schema\/person\/10d11eccf6da3662cf5fdab9806ea91a","name":"user-manager"}]}},"_links":{"self":[{"href":"https:\/\/www.meydan.tv\/az\/wp-json\/wp\/v2\/posts\/173021","targetHints":{"allow":["GET"]}}],"collection":[{"href":"https:\/\/www.meydan.tv\/az\/wp-json\/wp\/v2\/posts"}],"about":[{"href":"https:\/\/www.meydan.tv\/az\/wp-json\/wp\/v2\/types\/post"}],"author":[{"embeddable":true,"href":"https:\/\/www.meydan.tv\/az\/wp-json\/wp\/v2\/users\/11"}],"replies":[{"embeddable":true,"href":"https:\/\/www.meydan.tv\/az\/wp-json\/wp\/v2\/comments?post=173021"}],"version-history":[{"count":0,"href":"https:\/\/www.meydan.tv\/az\/wp-json\/wp\/v2\/posts\/173021\/revisions"}],"wp:featuredmedia":[{"embeddable":true,"href":"https:\/\/www.meydan.tv\/az\/wp-json\/wp\/v2\/media\/45936"}],"wp:attachment":[{"href":"https:\/\/www.meydan.tv\/az\/wp-json\/wp\/v2\/media?parent=173021"}],"wp:term":[{"taxonomy":"category","embeddable":true,"href":"https:\/\/www.meydan.tv\/az\/wp-json\/wp\/v2\/categories?post=173021"},{"taxonomy":"post_tag","embeddable":true,"href":"https:\/\/www.meydan.tv\/az\/wp-json\/wp\/v2\/tags?post=173021"}],"curies":[{"name":"wp","href":"https:\/\/api.w.org\/{rel}","templated":true}]}}