{"id":172852,"date":"2016-01-17T18:52:49","date_gmt":"2016-01-17T18:52:49","guid":{"rendered":"https:\/\/www.meydan.tv\/article\/agcabedide-kend-mektebi-yanib\/"},"modified":"2016-01-17T18:52:49","modified_gmt":"2016-01-17T18:52:49","slug":"agcabedide-kend-mektebi-yanib","status":"publish","type":"post","link":"https:\/\/www.meydan.tv\/az\/article\/agcabedide-kend-mektebi-yanib\/","title":{"rendered":"A\u011fcab\u0259did\u0259 k\u0259nd m\u0259kt\u0259bi yan\u0131b"},"content":{"rendered":"<figure class=\"wp-block-embed is-type-video is-provider-youtube wp-block-embed-youtube wp-embed-aspect-16-9 wp-has-aspect-ratio\">\n<div class=\"wp-block-embed__wrapper\">\n    <iframe loading=\"lazy\"\ttitle=\"\" width=\"1200\" height=\"675\" src=\"https:\/\/www.youtube.com\/embed\/Db9BoRlrFKU\"\tframeborder=\"0\"\tallow=\"accelerometer; autoplay; clipboard-write; encrypted-media; gyroscope; picture-in-picture\" allowfullscreen><\/iframe>\n  <\/div><figcaption><\/figcaption><\/figure>\n<p>\n  A\u011fcab\u0259di rayonunun Hindarx k\u0259ndind\u0259 2 sayl\u0131 orta m\u0259kt\u0259b yan\u0131b. Yan\u011f\u0131n\u0131 s\u00f6nd\u00fcrm\u0259k \u00fc\u00e7\u00fcn 3 \u0259d\u0259d yan\u011f\u0131ns\u00f6nd\u00fcr\u0259n c\u0259lb olunub. Lakin k\u0259nd sakinl\u0259rinin verdiyi m\u0259lumata g\u00f6r\u0259 m\u0259kt\u0259b yanaraq tamamil\u0259 k\u00fcl olub.\n<\/p>\n<p>\n  K\u0259nd sakinl\u0259ri yanvar\u0131n 13-d\u0259 qiym\u0259t art\u0131m\u0131na etiraz ed\u0259r\u0259k aksiya ke\u00e7irmi\u015fdi.\n<\/p>\n<p>\n  Deputat Aqil Abbas da k\u0259nd sakinl\u0259ri g\u00f6r\u00fc\u015fm\u00fc\u015f, sonra m\u0259tbuatda bildirmi\u015fdi ki, \u00e7\u00f6r\u0259k ist\u0259y\u0259n qa\u00e7q\u0131nlara, d\u00f6vl\u0259t onlar\u0131n h\u0259r\u0259sin\u0259 g\u00fcnd\u0259 iki d\u0259n\u0259 pulsuz \u00e7\u00f6r\u0259k verir. Kartlar\u0131 var, \u00e7\u00f6r\u0259yin pulu ora oturdulur. K\u0259ndlil\u0259r so\u011fan \u0259kib ail\u0259l\u0259rini doland\u0131rs\u0131nlar.\n<\/p>\n<figure class=\"wp-block-image size-large\">\n  <img decoding=\"async\" src=\"https:\/\/www.meydan.tv\/az\/45257\/\" alt=\"\" class=\"wp-image-45257\"\/><figcaption><\/figcaption><\/figure>\n","protected":false},"excerpt":{"rendered":"<p>K\u0259nd sakinl\u0259ri yanvar\u0131n 13-d\u0259 qiym\u0259t art\u0131m\u0131na etiraz ed\u0259r\u0259k aksiya ke\u00e7irmi\u015fdi<\/p>\n","protected":false},"author":11,"featured_media":45257,"comment_status":"closed","ping_status":"open","sticky":false,"template":"","format":"standard","meta":{"_acf_changed":false,"_sitemap_exclude":false,"_sitemap_priority":"","_sitemap_frequency":"","footnotes":""},"categories":[63],"tags":[],"class_list":["post-172852","post","type-post","status-publish","format-standard","has-post-thumbnail","hentry","category-video-2","infinite-scroll-item","generate-columns","tablet-grid-50","mobile-grid-100","grid-parent","grid-33","no-featured-image-padding"],"acf":[],"yoast_head":"<!-- This site is optimized with the Yoast SEO plugin v28.4 - https:\/\/yoast.com\/product\/yoast-seo-wordpress\/ -->\n<title>A\u011fcab\u0259did\u0259 k\u0259nd m\u0259kt\u0259bi yan\u0131b - MEYDAN.TV<\/title>\n<meta name=\"robots\" content=\"index, follow, max-snippet:-1, max-image-preview:large, max-video-preview:-1\" \/>\n<link rel=\"canonical\" href=\"https:\/\/www.meydan.tv\/az\/article\/agcabedide-kend-mektebi-yanib\/\" \/>\n<meta property=\"og:locale\" content=\"az_AZ\" \/>\n<meta property=\"og:type\" content=\"article\" \/>\n<meta property=\"og:title\" content=\"A\u011fcab\u0259did\u0259 k\u0259nd m\u0259kt\u0259bi yan\u0131b - MEYDAN.TV\" \/>\n<meta property=\"og:description\" content=\"K\u0259nd sakinl\u0259ri yanvar\u0131n 13-d\u0259 qiym\u0259t art\u0131m\u0131na etiraz ed\u0259r\u0259k aksiya ke\u00e7irmi\u015fdi\" \/>\n<meta property=\"og:url\" content=\"https:\/\/www.meydan.tv\/az\/article\/agcabedide-kend-mektebi-yanib\/\" \/>\n<meta property=\"og:site_name\" content=\"MEYDAN.TV\" \/>\n<meta property=\"article:published_time\" content=\"2016-01-17T18:52:49+00:00\" \/>\n<meta property=\"og:image\" content=\"https:\/\/www.meydan.tv\/wp-content\/uploads\/16953.jpg\" \/>\n\t<meta property=\"og:image:width\" content=\"738\" \/>\n\t<meta property=\"og:image:height\" content=\"421\" \/>\n\t<meta property=\"og:image:type\" content=\"image\/jpeg\" \/>\n<meta name=\"twitter:card\" content=\"summary_large_image\" \/>\n<!-- \/ Yoast SEO plugin. -->","yoast_head_json":{"title":"A\u011fcab\u0259did\u0259 k\u0259nd m\u0259kt\u0259bi yan\u0131b - MEYDAN.TV","robots":{"index":"index","follow":"follow","max-snippet":"max-snippet:-1","max-image-preview":"max-image-preview:large","max-video-preview":"max-video-preview:-1"},"canonical":"https:\/\/www.meydan.tv\/az\/article\/agcabedide-kend-mektebi-yanib\/","og_locale":"az_AZ","og_type":"article","og_title":"A\u011fcab\u0259did\u0259 k\u0259nd m\u0259kt\u0259bi yan\u0131b - MEYDAN.TV","og_description":"K\u0259nd sakinl\u0259ri yanvar\u0131n 13-d\u0259 qiym\u0259t art\u0131m\u0131na etiraz ed\u0259r\u0259k aksiya ke\u00e7irmi\u015fdi","og_url":"https:\/\/www.meydan.tv\/az\/article\/agcabedide-kend-mektebi-yanib\/","og_site_name":"MEYDAN.TV","article_published_time":"2016-01-17T18:52:49+00:00","og_image":[{"width":738,"height":421,"url":"https:\/\/www.meydan.tv\/wp-content\/uploads\/16953.jpg","type":"image\/jpeg"}],"twitter_card":"summary_large_image","schema":{"@context":"https:\/\/schema.org","@graph":[{"@type":"Article","@id":"https:\/\/www.meydan.tv\/az\/article\/agcabedide-kend-mektebi-yanib\/#article","isPartOf":{"@id":"https:\/\/www.meydan.tv\/az\/article\/agcabedide-kend-mektebi-yanib\/"},"author":{"name":"user-manager","@id":"https:\/\/www.meydan.tv\/az\/#\/schema\/person\/10d11eccf6da3662cf5fdab9806ea91a"},"headline":"A\u011fcab\u0259did\u0259 k\u0259nd m\u0259kt\u0259bi yan\u0131b","datePublished":"2016-01-17T18:52:49+00:00","mainEntityOfPage":{"@id":"https:\/\/www.meydan.tv\/az\/article\/agcabedide-kend-mektebi-yanib\/"},"wordCount":140,"publisher":{"@id":"https:\/\/www.meydan.tv\/az\/#organization"},"image":{"@id":"https:\/\/www.meydan.tv\/az\/article\/agcabedide-kend-mektebi-yanib\/#primaryimage"},"thumbnailUrl":"https:\/\/www.meydan.tv\/wp-content\/uploads\/16953.jpg","articleSection":["Video"],"inLanguage":"az"},{"@type":"WebPage","@id":"https:\/\/www.meydan.tv\/az\/article\/agcabedide-kend-mektebi-yanib\/","url":"https:\/\/www.meydan.tv\/az\/article\/agcabedide-kend-mektebi-yanib\/","name":"A\u011fcab\u0259did\u0259 k\u0259nd m\u0259kt\u0259bi yan\u0131b - MEYDAN.TV","isPartOf":{"@id":"https:\/\/www.meydan.tv\/az\/#website"},"primaryImageOfPage":{"@id":"https:\/\/www.meydan.tv\/az\/article\/agcabedide-kend-mektebi-yanib\/#primaryimage"},"image":{"@id":"https:\/\/www.meydan.tv\/az\/article\/agcabedide-kend-mektebi-yanib\/#primaryimage"},"thumbnailUrl":"https:\/\/www.meydan.tv\/wp-content\/uploads\/16953.jpg","datePublished":"2016-01-17T18:52:49+00:00","breadcrumb":{"@id":"https:\/\/www.meydan.tv\/az\/article\/agcabedide-kend-mektebi-yanib\/#breadcrumb"},"inLanguage":"az","potentialAction":[{"@type":"ReadAction","target":["https:\/\/www.meydan.tv\/az\/article\/agcabedide-kend-mektebi-yanib\/"]}]},{"@type":"ImageObject","inLanguage":"az","@id":"https:\/\/www.meydan.tv\/az\/article\/agcabedide-kend-mektebi-yanib\/#primaryimage","url":"https:\/\/www.meydan.tv\/wp-content\/uploads\/16953.jpg","contentUrl":"https:\/\/www.meydan.tv\/wp-content\/uploads\/16953.jpg","width":738,"height":421,"caption":"Source:"},{"@type":"BreadcrumbList","@id":"https:\/\/www.meydan.tv\/az\/article\/agcabedide-kend-mektebi-yanib\/#breadcrumb","itemListElement":[{"@type":"ListItem","position":1,"name":"Ana s\u0259hif\u0259","item":"https:\/\/www.meydan.tv\/az\/"},{"@type":"ListItem","position":2,"name":"Video","item":"https:\/\/www.meydan.tv\/az\/section\/video-2\/"},{"@type":"ListItem","position":3,"name":"A\u011fcab\u0259did\u0259 k\u0259nd m\u0259kt\u0259bi yan\u0131b"}]},{"@type":"WebSite","@id":"https:\/\/www.meydan.tv\/az\/#website","url":"https:\/\/www.meydan.tv\/az\/","name":"MEYDAN.TV","description":"Meydan TV Az\u0259rbaycan\u0131n media m\u0259kan\u0131ndak\u0131 alternativ s\u0259sidir","publisher":{"@id":"https:\/\/www.meydan.tv\/az\/#organization"},"potentialAction":[{"@type":"SearchAction","target":{"@type":"EntryPoint","urlTemplate":"https:\/\/www.meydan.tv\/az\/?s={search_term_string}"},"query-input":{"@type":"PropertyValueSpecification","valueRequired":true,"valueName":"search_term_string"}}],"inLanguage":"az"},{"@type":"Organization","@id":"https:\/\/www.meydan.tv\/az\/#organization","name":"Meydan TV","url":"https:\/\/www.meydan.tv\/az\/","logo":{"@type":"ImageObject","inLanguage":"az","@id":"https:\/\/www.meydan.tv\/az\/#\/schema\/logo\/image\/","url":"https:\/\/www.meydan.tv\/wp-content\/uploads\/2021\/07\/meydan-logo.svg","contentUrl":"https:\/\/www.meydan.tv\/wp-content\/uploads\/2021\/07\/meydan-logo.svg","width":195,"height":46,"caption":"Meydan TV"},"image":{"@id":"https:\/\/www.meydan.tv\/az\/#\/schema\/logo\/image\/"}},{"@type":"Person","@id":"https:\/\/www.meydan.tv\/az\/#\/schema\/person\/10d11eccf6da3662cf5fdab9806ea91a","name":"user-manager"}]}},"_links":{"self":[{"href":"https:\/\/www.meydan.tv\/az\/wp-json\/wp\/v2\/posts\/172852","targetHints":{"allow":["GET"]}}],"collection":[{"href":"https:\/\/www.meydan.tv\/az\/wp-json\/wp\/v2\/posts"}],"about":[{"href":"https:\/\/www.meydan.tv\/az\/wp-json\/wp\/v2\/types\/post"}],"author":[{"embeddable":true,"href":"https:\/\/www.meydan.tv\/az\/wp-json\/wp\/v2\/users\/11"}],"replies":[{"embeddable":true,"href":"https:\/\/www.meydan.tv\/az\/wp-json\/wp\/v2\/comments?post=172852"}],"version-history":[{"count":0,"href":"https:\/\/www.meydan.tv\/az\/wp-json\/wp\/v2\/posts\/172852\/revisions"}],"wp:featuredmedia":[{"embeddable":true,"href":"https:\/\/www.meydan.tv\/az\/wp-json\/wp\/v2\/media\/45257"}],"wp:attachment":[{"href":"https:\/\/www.meydan.tv\/az\/wp-json\/wp\/v2\/media?parent=172852"}],"wp:term":[{"taxonomy":"category","embeddable":true,"href":"https:\/\/www.meydan.tv\/az\/wp-json\/wp\/v2\/categories?post=172852"},{"taxonomy":"post_tag","embeddable":true,"href":"https:\/\/www.meydan.tv\/az\/wp-json\/wp\/v2\/tags?post=172852"}],"curies":[{"name":"wp","href":"https:\/\/api.w.org\/{rel}","templated":true}]}}